{"id":298376,"date":"2025-04-27T08:17:24","date_gmt":"2025-04-27T12:17:24","guid":{"rendered":"https:\/\/www.eldiario.net\/portal\/?p=298376"},"modified":"2025-04-27T08:17:24","modified_gmt":"2025-04-27T12:17:24","slug":"karate-kid-leyendas-la-historia-datos-curiosos-y-fecha-de-estreno","status":"publish","type":"post","link":"https:\/\/www.eldiario.net\/portal\/2025\/04\/27\/karate-kid-leyendas-la-historia-datos-curiosos-y-fecha-de-estreno\/","title":{"rendered":"\u201cKARATE KID: LEYENDAS\u201d, la historia, datos curiosos y fecha de estreno"},"content":{"rendered":"<p>La franquicia Karate Kid est\u00e1 a punto de regresar a los cines con Karate Kid: Leyendas. En esta ocasi\u00f3n, no s\u00f3lo contaremos con el regreso de Ralph Macchio, quien protagoniz\u00f3 los tres primeros largometrajes de la saga, estrenados entre 1984 y 1989, sino tambi\u00e9n con Jackie Chan, quien coprotagoniz\u00f3 el remake ambientado en China, estrenado en 2010.<br \/>\nLa pel\u00edcula, por supuesto, llega inmediatamente despu\u00e9s del gran \u00e9xito de Cobra Kai, la serie spin-off lanzada originalmente como exclusiva de YouTube y luego adquirida para producci\u00f3n y distribuci\u00f3n de Netflix. Pero, al fin y al cabo, \u00bfde qu\u00e9 trata Karate Kid: Leyendas? Ven con nosotros y te explicaremos todo lo que sabemos hasta ahora.<br \/>\nLa trama de la franquicia continuar\u00e1, trayendo de vuelta tanto a Daniel-San de Ralph Macchio como a Mr. Han de Jackie Chan. Seg\u00fan la prensa estadounidense, la pel\u00edcula tendr\u00eda lugar en la costa este de Estados Unidos y se centrar\u00eda en un adolescente chino que encuentra en las artes marciales la fuerza para afrontar los retos cotidianos.<br \/>\nLa pel\u00edcula es dirigida por Jonathan Entwistle, tiene un reparto conformado por Jackie Chan, Ralph Macchio, Ben Wang, Joshua Jackson, Sadie Stanley y Ming-Na Wen.<\/p>\n<p>Datos curiosos<br \/>\n\u00bfQu\u00e9 significa el s\u00edmbolo de Karate Kid?<br \/>\nLos pilotos japoneses se colocaban el hachimaki con el s\u00edmbolo del sol naciente en la frente para, seg\u00fan sus creencias, verse protegidos de los esp\u00edritus malignos y, al mismo tiempo, les infund\u00eda el valor necesario para poder acometer sus misiones con \u00e9xito.<br \/>\nKarate Kid: Leyendas estrena el 8 de mayo en los cines de Bolivia.<\/p>\n\r\n                <style type=\"text\/css\">\r\n                    \r\n                    #tdi_1  .td-doubleSlider-2 .td-item1 {\r\n                        background: url(https:\/\/www.eldiario.net\/portal\/wp-content\/uploads\/2025\/04\/KARATE-KID-LEYENDAS-la-historia-datos-curiosos-y-fecha-de-estreno-80x60.jpg) 0 0 no-repeat;\r\n                    }\r\n                    #tdi_1  .td-doubleSlider-2 .td-item2 {\r\n                        background: url(https:\/\/www.eldiario.net\/portal\/wp-content\/uploads\/2025\/04\/KARATE-KID-LEYENDAS-la-historia-datos-curiosos-y-fecha-de-estreno-2-80x60.jpg) 0 0 no-repeat;\r\n                    }\r\n                <\/style>\r\n\r\n                <div id=\"tdi_1\" class=\"td-gallery td-slide-on-2-columns\">\r\n                    <div class=\"post_td_gallery\">\r\n                        <div class=\"td-gallery-slide-top\">\r\n                           <div class=\"td-gallery-title\"><\/div>\r\n\r\n                            <div class=\"td-gallery-controls-wrapper\">\r\n                                <div class=\"td-gallery-slide-count\"><span class=\"td-gallery-slide-item-focus\">1<\/span> de 2<\/div>\r\n                                <div class=\"td-gallery-slide-prev-next-but\">\r\n                                    <i class = \"td-icon-left doubleSliderPrevButton\"><\/i>\r\n                                    <i class = \"td-icon-right doubleSliderNextButton\"><\/i>\r\n                                <\/div>\r\n                            <\/div>\r\n                        <\/div>\r\n\r\n                        <div class = \"td-doubleSlider-1 \">\r\n                            <div class = \"td-slider\">\r\n                                \r\n                    <div class = \"td-slide-item td-item1\">\r\n                        <figure class=\"td-slide-galery-figure td-slide-popup-gallery\">\r\n                            <a class=\"slide-gallery-image-link\" href=\"https:\/\/www.eldiario.net\/portal\/wp-content\/uploads\/2025\/04\/KARATE-KID-LEYENDAS-la-historia-datos-curiosos-y-fecha-de-estreno.jpg\" title=\"\u201cKARATE-KID-LEYENDAS\u201d,-la-historia,-datos-curiosos-y-fecha-de-estreno\"  data-caption=\"\"  data-description=\"\">\r\n                                <img decoding=\"async\" src=\"https:\/\/www.eldiario.net\/portal\/wp-content\/uploads\/2025\/04\/KARATE-KID-LEYENDAS-la-historia-datos-curiosos-y-fecha-de-estreno-747x420.jpg\" srcset=\"https:\/\/www.eldiario.net\/portal\/wp-content\/uploads\/2025\/04\/KARATE-KID-LEYENDAS-la-historia-datos-curiosos-y-fecha-de-estreno-747x420.jpg 747w, https:\/\/www.eldiario.net\/portal\/wp-content\/uploads\/2025\/04\/KARATE-KID-LEYENDAS-la-historia-datos-curiosos-y-fecha-de-estreno-300x169.jpg 300w, https:\/\/www.eldiario.net\/portal\/wp-content\/uploads\/2025\/04\/KARATE-KID-LEYENDAS-la-historia-datos-curiosos-y-fecha-de-estreno-1024x576.jpg 1024w, https:\/\/www.eldiario.net\/portal\/wp-content\/uploads\/2025\/04\/KARATE-KID-LEYENDAS-la-historia-datos-curiosos-y-fecha-de-estreno-768x432.jpg 768w, https:\/\/www.eldiario.net\/portal\/wp-content\/uploads\/2025\/04\/KARATE-KID-LEYENDAS-la-historia-datos-curiosos-y-fecha-de-estreno-696x392.jpg 696w, https:\/\/www.eldiario.net\/portal\/wp-content\/uploads\/2025\/04\/KARATE-KID-LEYENDAS-la-historia-datos-curiosos-y-fecha-de-estreno-1068x601.jpg 1068w, https:\/\/www.eldiario.net\/portal\/wp-content\/uploads\/2025\/04\/KARATE-KID-LEYENDAS-la-historia-datos-curiosos-y-fecha-de-estreno.jpg 1280w\" sizes=\"(max-width: 747px) 100vw, 747px\" alt=\"\">\r\n                            <\/a>\r\n                            \r\n                        <\/figure>\r\n                    <\/div>\r\n                    <div class = \"td-slide-item td-item2\">\r\n                        <figure class=\"td-slide-galery-figure td-slide-popup-gallery\">\r\n                            <a class=\"slide-gallery-image-link\" href=\"https:\/\/www.eldiario.net\/portal\/wp-content\/uploads\/2025\/04\/KARATE-KID-LEYENDAS-la-historia-datos-curiosos-y-fecha-de-estreno-2.jpg\" title=\"\u201cKARATE-KID-LEYENDAS\u201d,-la-historia,-datos-curiosos-y-fecha-de-estreno-(2)\"  data-caption=\"\"  data-description=\"\">\r\n                                <img decoding=\"async\" src=\"https:\/\/www.eldiario.net\/portal\/wp-content\/uploads\/2025\/04\/KARATE-KID-LEYENDAS-la-historia-datos-curiosos-y-fecha-de-estreno-2-747x420.jpg\" srcset=\"https:\/\/www.eldiario.net\/portal\/wp-content\/uploads\/2025\/04\/KARATE-KID-LEYENDAS-la-historia-datos-curiosos-y-fecha-de-estreno-2-747x420.jpg 747w, https:\/\/www.eldiario.net\/portal\/wp-content\/uploads\/2025\/04\/KARATE-KID-LEYENDAS-la-historia-datos-curiosos-y-fecha-de-estreno-2-300x169.jpg 300w, https:\/\/www.eldiario.net\/portal\/wp-content\/uploads\/2025\/04\/KARATE-KID-LEYENDAS-la-historia-datos-curiosos-y-fecha-de-estreno-2-1024x576.jpg 1024w, https:\/\/www.eldiario.net\/portal\/wp-content\/uploads\/2025\/04\/KARATE-KID-LEYENDAS-la-historia-datos-curiosos-y-fecha-de-estreno-2-768x432.jpg 768w, https:\/\/www.eldiario.net\/portal\/wp-content\/uploads\/2025\/04\/KARATE-KID-LEYENDAS-la-historia-datos-curiosos-y-fecha-de-estreno-2-696x392.jpg 696w, https:\/\/www.eldiario.net\/portal\/wp-content\/uploads\/2025\/04\/KARATE-KID-LEYENDAS-la-historia-datos-curiosos-y-fecha-de-estreno-2-1068x601.jpg 1068w, https:\/\/www.eldiario.net\/portal\/wp-content\/uploads\/2025\/04\/KARATE-KID-LEYENDAS-la-historia-datos-curiosos-y-fecha-de-estreno-2.jpg 1280w\" sizes=\"(max-width: 747px) 100vw, 747px\" alt=\"\">\r\n                            <\/a>\r\n                            \r\n                        <\/figure>\r\n                    <\/div>\r\n                            <\/div>\r\n                        <\/div>\r\n\r\n                        <div class = \"td-doubleSlider-2\">\r\n                            <div class = \"td-slider\">\r\n                                \r\n                    <div class = \"td-button td-item1\">\r\n                        <div class = \"td-border\"><\/div>\r\n                    <\/div>\r\n                    <div class = \"td-button td-item2\">\r\n                        <div class = \"td-border\"><\/div>\r\n                    <\/div>\r\n                            <\/div>\r\n                        <\/div>\r\n\r\n                    <\/div>\r\n\r\n                <\/div>\r\n                \n","protected":false},"excerpt":{"rendered":"<p>La franquicia Karate Kid est\u00e1 a punto de regresar a los cines con Karate Kid: Leyendas. En esta ocasi\u00f3n, no s\u00f3lo contaremos con el regreso de Ralph Macchio, quien protagoniz\u00f3 los tres primeros largometrajes de la saga, estrenados entre 1984 y 1989, sino tambi\u00e9n con Jackie Chan, quien coprotagoniz\u00f3 el remake ambientado en China, estrenado [&hellip;]<\/p>\n","protected":false},"author":1,"featured_media":298378,"comment_status":"closed","ping_status":"open","sticky":false,"template":"","format":"standard","meta":{"_acf_changed":false,"footnotes":""},"categories":[45],"tags":[],"class_list":["post-298376","post","type-post","status-publish","format-standard","has-post-thumbnail","category-cine-mundo"],"acf":{"antetitulo":""},"yoast_head":"<!-- This site is optimized with the Yoast SEO plugin v28.3 - https:\/\/yoast.com\/product\/yoast-seo-wordpress\/ -->\n<title>\u201cKARATE KID: LEYENDAS\u201d, la historia, datos curiosos y fecha de estreno - El Diario - Bolivia<\/title>\n<meta name=\"robots\" content=\"index, follow, max-snippet:-1, max-image-preview:large, max-video-preview:-1\" \/>\n<link rel=\"canonical\" href=\"https:\/\/www.eldiario.net\/portal\/2025\/04\/27\/karate-kid-leyendas-la-historia-datos-curiosos-y-fecha-de-estreno\/\" \/>\n<meta property=\"og:locale\" content=\"es_ES\" \/>\n<meta property=\"og:type\" content=\"article\" \/>\n<meta property=\"og:title\" content=\"\u201cKARATE KID: LEYENDAS\u201d, la historia, datos curiosos y fecha de estreno - El Diario - Bolivia\" \/>\n<meta property=\"og:description\" content=\"La franquicia Karate Kid est\u00e1 a punto de regresar a los cines con Karate Kid: Leyendas. En esta ocasi\u00f3n, no s\u00f3lo contaremos con el regreso de Ralph Macchio, quien protagoniz\u00f3 los tres primeros largometrajes de la saga, estrenados entre 1984 y 1989, sino tambi\u00e9n con Jackie Chan, quien coprotagoniz\u00f3 el remake ambientado en China, estrenado [&hellip;]\" \/>\n<meta property=\"og:url\" content=\"https:\/\/www.eldiario.net\/portal\/2025\/04\/27\/karate-kid-leyendas-la-historia-datos-curiosos-y-fecha-de-estreno\/\" \/>\n<meta property=\"og:site_name\" content=\"El Diario - Bolivia\" \/>\n<meta property=\"article:publisher\" content=\"https:\/\/www.facebook.com\/eldiario.bolivia\/\" \/>\n<meta property=\"article:published_time\" content=\"2025-04-27T12:17:24+00:00\" \/>\n<meta property=\"og:image\" content=\"https:\/\/www.eldiario.net\/portal\/wp-content\/uploads\/2025\/04\/KARATE-KID-LEYENDAS-la-historia-datos-curiosos-y-fecha-de-estreno-2.jpg\" \/>\n\t<meta property=\"og:image:width\" content=\"1280\" \/>\n\t<meta property=\"og:image:height\" content=\"720\" \/>\n\t<meta property=\"og:image:type\" content=\"image\/jpeg\" \/>\n<meta name=\"author\" content=\"Jeanette\" \/>\n<meta name=\"twitter:card\" content=\"summary_large_image\" \/>\n<meta name=\"twitter:creator\" content=\"@eldiario_net\" \/>\n<meta name=\"twitter:site\" content=\"@eldiario_net\" \/>\n<meta name=\"twitter:label1\" content=\"Escrito por\" \/>\n\t<meta name=\"twitter:data1\" content=\"Jeanette\" \/>\n\t<meta name=\"twitter:label2\" content=\"Tiempo de lectura\" \/>\n\t<meta name=\"twitter:data2\" content=\"1 minuto\" \/>\n<script type=\"application\/ld+json\" class=\"yoast-schema-graph\">{\"@context\":\"https:\\\/\\\/schema.org\",\"@graph\":[{\"@type\":\"Article\",\"@id\":\"https:\\\/\\\/www.eldiario.net\\\/portal\\\/2025\\\/04\\\/27\\\/karate-kid-leyendas-la-historia-datos-curiosos-y-fecha-de-estreno\\\/#article\",\"isPartOf\":{\"@id\":\"https:\\\/\\\/www.eldiario.net\\\/portal\\\/2025\\\/04\\\/27\\\/karate-kid-leyendas-la-historia-datos-curiosos-y-fecha-de-estreno\\\/\"},\"author\":{\"name\":\"Jeanette\",\"@id\":\"https:\\\/\\\/www.eldiario.net\\\/portal\\\/#\\\/schema\\\/person\\\/f46445640444750d7d753ccd04ae01b7\"},\"headline\":\"\u201cKARATE KID: LEYENDAS\u201d, la historia, datos curiosos y fecha de estreno\",\"datePublished\":\"2025-04-27T12:17:24+00:00\",\"mainEntityOfPage\":{\"@id\":\"https:\\\/\\\/www.eldiario.net\\\/portal\\\/2025\\\/04\\\/27\\\/karate-kid-leyendas-la-historia-datos-curiosos-y-fecha-de-estreno\\\/\"},\"wordCount\":291,\"publisher\":{\"@id\":\"https:\\\/\\\/www.eldiario.net\\\/portal\\\/#organization\"},\"image\":{\"@id\":\"https:\\\/\\\/www.eldiario.net\\\/portal\\\/2025\\\/04\\\/27\\\/karate-kid-leyendas-la-historia-datos-curiosos-y-fecha-de-estreno\\\/#primaryimage\"},\"thumbnailUrl\":\"https:\\\/\\\/www.eldiario.net\\\/portal\\\/wp-content\\\/uploads\\\/2025\\\/04\\\/KARATE-KID-LEYENDAS-la-historia-datos-curiosos-y-fecha-de-estreno-2.jpg\",\"articleSection\":[\"Cine Mundo\"],\"inLanguage\":\"es\"},{\"@type\":\"WebPage\",\"@id\":\"https:\\\/\\\/www.eldiario.net\\\/portal\\\/2025\\\/04\\\/27\\\/karate-kid-leyendas-la-historia-datos-curiosos-y-fecha-de-estreno\\\/\",\"url\":\"https:\\\/\\\/www.eldiario.net\\\/portal\\\/2025\\\/04\\\/27\\\/karate-kid-leyendas-la-historia-datos-curiosos-y-fecha-de-estreno\\\/\",\"name\":\"\u201cKARATE KID: LEYENDAS\u201d, la historia, datos curiosos y fecha de estreno - El Diario - Bolivia\",\"isPartOf\":{\"@id\":\"https:\\\/\\\/www.eldiario.net\\\/portal\\\/#website\"},\"primaryImageOfPage\":{\"@id\":\"https:\\\/\\\/www.eldiario.net\\\/portal\\\/2025\\\/04\\\/27\\\/karate-kid-leyendas-la-historia-datos-curiosos-y-fecha-de-estreno\\\/#primaryimage\"},\"image\":{\"@id\":\"https:\\\/\\\/www.eldiario.net\\\/portal\\\/2025\\\/04\\\/27\\\/karate-kid-leyendas-la-historia-datos-curiosos-y-fecha-de-estreno\\\/#primaryimage\"},\"thumbnailUrl\":\"https:\\\/\\\/www.eldiario.net\\\/portal\\\/wp-content\\\/uploads\\\/2025\\\/04\\\/KARATE-KID-LEYENDAS-la-historia-datos-curiosos-y-fecha-de-estreno-2.jpg\",\"datePublished\":\"2025-04-27T12:17:24+00:00\",\"breadcrumb\":{\"@id\":\"https:\\\/\\\/www.eldiario.net\\\/portal\\\/2025\\\/04\\\/27\\\/karate-kid-leyendas-la-historia-datos-curiosos-y-fecha-de-estreno\\\/#breadcrumb\"},\"inLanguage\":\"es\",\"potentialAction\":[{\"@type\":\"ReadAction\",\"target\":[\"https:\\\/\\\/www.eldiario.net\\\/portal\\\/2025\\\/04\\\/27\\\/karate-kid-leyendas-la-historia-datos-curiosos-y-fecha-de-estreno\\\/\"]}]},{\"@type\":\"ImageObject\",\"inLanguage\":\"es\",\"@id\":\"https:\\\/\\\/www.eldiario.net\\\/portal\\\/2025\\\/04\\\/27\\\/karate-kid-leyendas-la-historia-datos-curiosos-y-fecha-de-estreno\\\/#primaryimage\",\"url\":\"https:\\\/\\\/www.eldiario.net\\\/portal\\\/wp-content\\\/uploads\\\/2025\\\/04\\\/KARATE-KID-LEYENDAS-la-historia-datos-curiosos-y-fecha-de-estreno-2.jpg\",\"contentUrl\":\"https:\\\/\\\/www.eldiario.net\\\/portal\\\/wp-content\\\/uploads\\\/2025\\\/04\\\/KARATE-KID-LEYENDAS-la-historia-datos-curiosos-y-fecha-de-estreno-2.jpg\",\"width\":1280,\"height\":720},{\"@type\":\"BreadcrumbList\",\"@id\":\"https:\\\/\\\/www.eldiario.net\\\/portal\\\/2025\\\/04\\\/27\\\/karate-kid-leyendas-la-historia-datos-curiosos-y-fecha-de-estreno\\\/#breadcrumb\",\"itemListElement\":[{\"@type\":\"ListItem\",\"position\":1,\"name\":\"Portada\",\"item\":\"https:\\\/\\\/www.eldiario.net\\\/portal\\\/\"},{\"@type\":\"ListItem\",\"position\":2,\"name\":\"\u201cKARATE KID: LEYENDAS\u201d, la historia, datos curiosos y fecha de estreno\"}]},{\"@type\":\"WebSite\",\"@id\":\"https:\\\/\\\/www.eldiario.net\\\/portal\\\/#website\",\"url\":\"https:\\\/\\\/www.eldiario.net\\\/portal\\\/\",\"name\":\"El Diario - Decano de la prensa nacional\",\"description\":\"El Diario - Decano de la prensa nacional\",\"publisher\":{\"@id\":\"https:\\\/\\\/www.eldiario.net\\\/portal\\\/#organization\"},\"potentialAction\":[{\"@type\":\"SearchAction\",\"target\":{\"@type\":\"EntryPoint\",\"urlTemplate\":\"https:\\\/\\\/www.eldiario.net\\\/portal\\\/?s={search_term_string}\"},\"query-input\":{\"@type\":\"PropertyValueSpecification\",\"valueRequired\":true,\"valueName\":\"search_term_string\"}}],\"inLanguage\":\"es\"},{\"@type\":\"Organization\",\"@id\":\"https:\\\/\\\/www.eldiario.net\\\/portal\\\/#organization\",\"name\":\"El Diario - Decano de la prensa nacional\",\"url\":\"https:\\\/\\\/www.eldiario.net\\\/portal\\\/\",\"logo\":{\"@type\":\"ImageObject\",\"inLanguage\":\"es\",\"@id\":\"https:\\\/\\\/www.eldiario.net\\\/portal\\\/#\\\/schema\\\/logo\\\/image\\\/\",\"url\":\"https:\\\/\\\/www.eldiario.net\\\/portal\\\/wp-content\\\/uploads\\\/2023\\\/07\\\/logo_ED.jpg\",\"contentUrl\":\"https:\\\/\\\/www.eldiario.net\\\/portal\\\/wp-content\\\/uploads\\\/2023\\\/07\\\/logo_ED.jpg\",\"width\":272,\"height\":52,\"caption\":\"El Diario - Decano de la prensa nacional\"},\"image\":{\"@id\":\"https:\\\/\\\/www.eldiario.net\\\/portal\\\/#\\\/schema\\\/logo\\\/image\\\/\"},\"sameAs\":[\"https:\\\/\\\/www.facebook.com\\\/eldiario.bolivia\\\/\",\"https:\\\/\\\/x.com\\\/eldiario_net\"]},{\"@type\":\"Person\",\"@id\":\"https:\\\/\\\/www.eldiario.net\\\/portal\\\/#\\\/schema\\\/person\\\/f46445640444750d7d753ccd04ae01b7\",\"name\":\"Jeanette\",\"image\":{\"@type\":\"ImageObject\",\"inLanguage\":\"es\",\"@id\":\"https:\\\/\\\/secure.gravatar.com\\\/avatar\\\/3ea2118a5f7dad2b7138b1187a6b7ee55f160b9968b66013c3a3ef39dd7e5798?s=96&d=mm&r=g\",\"url\":\"https:\\\/\\\/secure.gravatar.com\\\/avatar\\\/3ea2118a5f7dad2b7138b1187a6b7ee55f160b9968b66013c3a3ef39dd7e5798?s=96&d=mm&r=g\",\"contentUrl\":\"https:\\\/\\\/secure.gravatar.com\\\/avatar\\\/3ea2118a5f7dad2b7138b1187a6b7ee55f160b9968b66013c3a3ef39dd7e5798?s=96&d=mm&r=g\",\"caption\":\"Jeanette\"},\"sameAs\":[\"https:\\\/\\\/www.eldiario.net\\\/portal\"],\"url\":\"https:\\\/\\\/www.eldiario.net\\\/portal\\\/author\\\/jeanette\\\/\"}]}<\/script>\n<!-- \/ Yoast SEO plugin. -->","yoast_head_json":{"title":"\u201cKARATE KID: LEYENDAS\u201d, la historia, datos curiosos y fecha de estreno - El Diario - Bolivia","robots":{"index":"index","follow":"follow","max-snippet":"max-snippet:-1","max-image-preview":"max-image-preview:large","max-video-preview":"max-video-preview:-1"},"canonical":"https:\/\/www.eldiario.net\/portal\/2025\/04\/27\/karate-kid-leyendas-la-historia-datos-curiosos-y-fecha-de-estreno\/","og_locale":"es_ES","og_type":"article","og_title":"\u201cKARATE KID: LEYENDAS\u201d, la historia, datos curiosos y fecha de estreno - El Diario - Bolivia","og_description":"La franquicia Karate Kid est\u00e1 a punto de regresar a los cines con Karate Kid: Leyendas. En esta ocasi\u00f3n, no s\u00f3lo contaremos con el regreso de Ralph Macchio, quien protagoniz\u00f3 los tres primeros largometrajes de la saga, estrenados entre 1984 y 1989, sino tambi\u00e9n con Jackie Chan, quien coprotagoniz\u00f3 el remake ambientado en China, estrenado [&hellip;]","og_url":"https:\/\/www.eldiario.net\/portal\/2025\/04\/27\/karate-kid-leyendas-la-historia-datos-curiosos-y-fecha-de-estreno\/","og_site_name":"El Diario - Bolivia","article_publisher":"https:\/\/www.facebook.com\/eldiario.bolivia\/","article_published_time":"2025-04-27T12:17:24+00:00","og_image":[{"width":1280,"height":720,"url":"https:\/\/www.eldiario.net\/portal\/wp-content\/uploads\/2025\/04\/KARATE-KID-LEYENDAS-la-historia-datos-curiosos-y-fecha-de-estreno-2.jpg","type":"image\/jpeg"}],"author":"Jeanette","twitter_card":"summary_large_image","twitter_creator":"@eldiario_net","twitter_site":"@eldiario_net","twitter_misc":{"Escrito por":"Jeanette","Tiempo de lectura":"1 minuto"},"schema":{"@context":"https:\/\/schema.org","@graph":[{"@type":"Article","@id":"https:\/\/www.eldiario.net\/portal\/2025\/04\/27\/karate-kid-leyendas-la-historia-datos-curiosos-y-fecha-de-estreno\/#article","isPartOf":{"@id":"https:\/\/www.eldiario.net\/portal\/2025\/04\/27\/karate-kid-leyendas-la-historia-datos-curiosos-y-fecha-de-estreno\/"},"author":{"name":"Jeanette","@id":"https:\/\/www.eldiario.net\/portal\/#\/schema\/person\/f46445640444750d7d753ccd04ae01b7"},"headline":"\u201cKARATE KID: LEYENDAS\u201d, la historia, datos curiosos y fecha de estreno","datePublished":"2025-04-27T12:17:24+00:00","mainEntityOfPage":{"@id":"https:\/\/www.eldiario.net\/portal\/2025\/04\/27\/karate-kid-leyendas-la-historia-datos-curiosos-y-fecha-de-estreno\/"},"wordCount":291,"publisher":{"@id":"https:\/\/www.eldiario.net\/portal\/#organization"},"image":{"@id":"https:\/\/www.eldiario.net\/portal\/2025\/04\/27\/karate-kid-leyendas-la-historia-datos-curiosos-y-fecha-de-estreno\/#primaryimage"},"thumbnailUrl":"https:\/\/www.eldiario.net\/portal\/wp-content\/uploads\/2025\/04\/KARATE-KID-LEYENDAS-la-historia-datos-curiosos-y-fecha-de-estreno-2.jpg","articleSection":["Cine Mundo"],"inLanguage":"es"},{"@type":"WebPage","@id":"https:\/\/www.eldiario.net\/portal\/2025\/04\/27\/karate-kid-leyendas-la-historia-datos-curiosos-y-fecha-de-estreno\/","url":"https:\/\/www.eldiario.net\/portal\/2025\/04\/27\/karate-kid-leyendas-la-historia-datos-curiosos-y-fecha-de-estreno\/","name":"\u201cKARATE KID: LEYENDAS\u201d, la historia, datos curiosos y fecha de estreno - El Diario - Bolivia","isPartOf":{"@id":"https:\/\/www.eldiario.net\/portal\/#website"},"primaryImageOfPage":{"@id":"https:\/\/www.eldiario.net\/portal\/2025\/04\/27\/karate-kid-leyendas-la-historia-datos-curiosos-y-fecha-de-estreno\/#primaryimage"},"image":{"@id":"https:\/\/www.eldiario.net\/portal\/2025\/04\/27\/karate-kid-leyendas-la-historia-datos-curiosos-y-fecha-de-estreno\/#primaryimage"},"thumbnailUrl":"https:\/\/www.eldiario.net\/portal\/wp-content\/uploads\/2025\/04\/KARATE-KID-LEYENDAS-la-historia-datos-curiosos-y-fecha-de-estreno-2.jpg","datePublished":"2025-04-27T12:17:24+00:00","breadcrumb":{"@id":"https:\/\/www.eldiario.net\/portal\/2025\/04\/27\/karate-kid-leyendas-la-historia-datos-curiosos-y-fecha-de-estreno\/#breadcrumb"},"inLanguage":"es","potentialAction":[{"@type":"ReadAction","target":["https:\/\/www.eldiario.net\/portal\/2025\/04\/27\/karate-kid-leyendas-la-historia-datos-curiosos-y-fecha-de-estreno\/"]}]},{"@type":"ImageObject","inLanguage":"es","@id":"https:\/\/www.eldiario.net\/portal\/2025\/04\/27\/karate-kid-leyendas-la-historia-datos-curiosos-y-fecha-de-estreno\/#primaryimage","url":"https:\/\/www.eldiario.net\/portal\/wp-content\/uploads\/2025\/04\/KARATE-KID-LEYENDAS-la-historia-datos-curiosos-y-fecha-de-estreno-2.jpg","contentUrl":"https:\/\/www.eldiario.net\/portal\/wp-content\/uploads\/2025\/04\/KARATE-KID-LEYENDAS-la-historia-datos-curiosos-y-fecha-de-estreno-2.jpg","width":1280,"height":720},{"@type":"BreadcrumbList","@id":"https:\/\/www.eldiario.net\/portal\/2025\/04\/27\/karate-kid-leyendas-la-historia-datos-curiosos-y-fecha-de-estreno\/#breadcrumb","itemListElement":[{"@type":"ListItem","position":1,"name":"Portada","item":"https:\/\/www.eldiario.net\/portal\/"},{"@type":"ListItem","position":2,"name":"\u201cKARATE KID: LEYENDAS\u201d, la historia, datos curiosos y fecha de estreno"}]},{"@type":"WebSite","@id":"https:\/\/www.eldiario.net\/portal\/#website","url":"https:\/\/www.eldiario.net\/portal\/","name":"El Diario - Decano de la prensa nacional","description":"El Diario - Decano de la prensa nacional","publisher":{"@id":"https:\/\/www.eldiario.net\/portal\/#organization"},"potentialAction":[{"@type":"SearchAction","target":{"@type":"EntryPoint","urlTemplate":"https:\/\/www.eldiario.net\/portal\/?s={search_term_string}"},"query-input":{"@type":"PropertyValueSpecification","valueRequired":true,"valueName":"search_term_string"}}],"inLanguage":"es"},{"@type":"Organization","@id":"https:\/\/www.eldiario.net\/portal\/#organization","name":"El Diario - Decano de la prensa nacional","url":"https:\/\/www.eldiario.net\/portal\/","logo":{"@type":"ImageObject","inLanguage":"es","@id":"https:\/\/www.eldiario.net\/portal\/#\/schema\/logo\/image\/","url":"https:\/\/www.eldiario.net\/portal\/wp-content\/uploads\/2023\/07\/logo_ED.jpg","contentUrl":"https:\/\/www.eldiario.net\/portal\/wp-content\/uploads\/2023\/07\/logo_ED.jpg","width":272,"height":52,"caption":"El Diario - Decano de la prensa nacional"},"image":{"@id":"https:\/\/www.eldiario.net\/portal\/#\/schema\/logo\/image\/"},"sameAs":["https:\/\/www.facebook.com\/eldiario.bolivia\/","https:\/\/x.com\/eldiario_net"]},{"@type":"Person","@id":"https:\/\/www.eldiario.net\/portal\/#\/schema\/person\/f46445640444750d7d753ccd04ae01b7","name":"Jeanette","image":{"@type":"ImageObject","inLanguage":"es","@id":"https:\/\/secure.gravatar.com\/avatar\/3ea2118a5f7dad2b7138b1187a6b7ee55f160b9968b66013c3a3ef39dd7e5798?s=96&d=mm&r=g","url":"https:\/\/secure.gravatar.com\/avatar\/3ea2118a5f7dad2b7138b1187a6b7ee55f160b9968b66013c3a3ef39dd7e5798?s=96&d=mm&r=g","contentUrl":"https:\/\/secure.gravatar.com\/avatar\/3ea2118a5f7dad2b7138b1187a6b7ee55f160b9968b66013c3a3ef39dd7e5798?s=96&d=mm&r=g","caption":"Jeanette"},"sameAs":["https:\/\/www.eldiario.net\/portal"],"url":"https:\/\/www.eldiario.net\/portal\/author\/jeanette\/"}]}},"_links":{"self":[{"href":"https:\/\/www.eldiario.net\/portal\/wp-json\/wp\/v2\/posts\/298376","targetHints":{"allow":["GET"]}}],"collection":[{"href":"https:\/\/www.eldiario.net\/portal\/wp-json\/wp\/v2\/posts"}],"about":[{"href":"https:\/\/www.eldiario.net\/portal\/wp-json\/wp\/v2\/types\/post"}],"author":[{"embeddable":true,"href":"https:\/\/www.eldiario.net\/portal\/wp-json\/wp\/v2\/users\/1"}],"replies":[{"embeddable":true,"href":"https:\/\/www.eldiario.net\/portal\/wp-json\/wp\/v2\/comments?post=298376"}],"version-history":[{"count":1,"href":"https:\/\/www.eldiario.net\/portal\/wp-json\/wp\/v2\/posts\/298376\/revisions"}],"predecessor-version":[{"id":298379,"href":"https:\/\/www.eldiario.net\/portal\/wp-json\/wp\/v2\/posts\/298376\/revisions\/298379"}],"wp:featuredmedia":[{"embeddable":true,"href":"https:\/\/www.eldiario.net\/portal\/wp-json\/wp\/v2\/media\/298378"}],"wp:attachment":[{"href":"https:\/\/www.eldiario.net\/portal\/wp-json\/wp\/v2\/media?parent=298376"}],"wp:term":[{"taxonomy":"category","embeddable":true,"href":"https:\/\/www.eldiario.net\/portal\/wp-json\/wp\/v2\/categories?post=298376"},{"taxonomy":"post_tag","embeddable":true,"href":"https:\/\/www.eldiario.net\/portal\/wp-json\/wp\/v2\/tags?post=298376"}],"curies":[{"name":"wp","href":"https:\/\/api.w.org\/{rel}","templated":true}]}}