{"id":298359,"date":"2025-04-27T08:14:30","date_gmt":"2025-04-27T12:14:30","guid":{"rendered":"https:\/\/www.eldiario.net\/portal\/?p=298359"},"modified":"2025-04-27T08:14:30","modified_gmt":"2025-04-27T12:14:30","slug":"el-elenco-y-los-realizadores-de-thunderbolts-de-marvel-studios-se-reunieron-en-la-premiere-de-la-pelicula-en-londres","status":"publish","type":"post","link":"https:\/\/www.eldiario.net\/portal\/2025\/04\/27\/el-elenco-y-los-realizadores-de-thunderbolts-de-marvel-studios-se-reunieron-en-la-premiere-de-la-pelicula-en-londres\/","title":{"rendered":"El elenco y los realizadores de Thunderbolts* de Marvel Studios se reunieron en la Premiere de la pel\u00edcula en Londres"},"content":{"rendered":"<p>Marvel Studios comparti\u00f3 im\u00e1genes de la premiere europea de THUNDERBOLTS*, que tuvo lugar ayer por la noche en Cineworld Leicester Square en Londres. Los miembros del elenco Florence Pugh, Lewis Pullman, Wyatt Russell, Wendell Pierce, Geraldine Viswanathan, David Harbour, Hannah-John Kamen y Julia Louis-Dreyfus se unieron al director Jake Schreier, al productor Kevin Feige y al productor ejecutivo Brian Chapek para recorrer la alfombra negra y amarilla previo a la proyecci\u00f3n. Invitados especiales como Pedro Pascal, Simu Liu, Jodie Turner-Smith y Yungblud tambi\u00e9n estuvieron presentes para celebrar el pr\u00f3ximo estreno de la pel\u00edcula.<br \/>\nTHUNDERBOLTS* de Marvel Studios tiene su preestreno en los cines de Latinoam\u00e9rica el 30 de abril de 2025. La venta anticipada de entradas ya est\u00e1 disponible.<br \/>\nSobre THUNDERBOLTS*<br \/>\nEn THUNDERBOLTS*, Marvel Studios presenta al equipo poco convencional de antih\u00e9roes integrado por Yelena Belova, Bucky Barnes, Guardi\u00e1n Rojo, Fantasma, Taskmaster y John Walker. Tras verse atrapados en una trampa mortal tendida por Valentina Allegra de Fontaine, estos desilusionados inadaptados deben embarcarse en una peligrosa misi\u00f3n que los obligar\u00e1 a enfrentarse a los rincones m\u00e1s oscuros de sus pasados. \u00bfEste grupo disfuncional se dividir\u00e1, o encontrar\u00e1 la redenci\u00f3n y se unir\u00e1 como algo mucho m\u00e1s grande antes de que sea demasiado tarde?<br \/>\nLa pel\u00edcula est\u00e1 protagonizada por Florence Pugh, Sebastian Stan, Wyatt Russell, Olga Kurylenko, Lewis Pullman, Geraldine Viswanathan, Chris Bauer, Wendell Pierce, con David Harbour, Hannah John-Kamen y Julia Louis-Dreyfus.<br \/>\nTHUNDERBOLTS* es dirigida por Jake Schreier y producida por Kevin Feige. Louis D\u2019Esposito, Brian Chapek, y Jason Tamez son productores ejecutivos. El guion fue escrito por Eric Pearson y Joanna Calo, y la historia es de Eric Pears.<br \/>\n\r\n                <style type=\"text\/css\">\r\n                    \r\n                    #tdi_1  .td-doubleSlider-2 .td-item1 {\r\n                        background: url(https:\/\/www.eldiario.net\/portal\/wp-content\/uploads\/2025\/04\/El-elenco-y-los-realizadores-de-Thunderbolts-de-Marvel-Studios-se-reunieron-en-la-Premiere-de-la-pelicula-en-Londres-80x60.jpg) 0 0 no-repeat;\r\n                    }\r\n                    #tdi_1  .td-doubleSlider-2 .td-item2 {\r\n                        background: url(https:\/\/www.eldiario.net\/portal\/wp-content\/uploads\/2025\/04\/El-elenco-y-los-realizadores-de-Thunderbolts-de-Marvel-Studios-se-reunieron-en-la-Premiere-de-la-pelicula-en-Londres-2-80x60.jpg) 0 0 no-repeat;\r\n                    }\r\n                    #tdi_1  .td-doubleSlider-2 .td-item3 {\r\n                        background: url(https:\/\/www.eldiario.net\/portal\/wp-content\/uploads\/2025\/04\/El-elenco-y-los-realizadores-de-Thunderbolts-de-Marvel-Studios-se-reunieron-en-la-Premiere-de-la-pelicula-en-Londres-3-80x60.jpg) 0 0 no-repeat;\r\n                    }\r\n                    #tdi_1  .td-doubleSlider-2 .td-item4 {\r\n                        background: url(https:\/\/www.eldiario.net\/portal\/wp-content\/uploads\/2025\/04\/El-elenco-y-los-realizadores-de-Thunderbolts-de-Marvel-Studios-se-reunieron-en-la-Premiere-de-la-pelicula-en-Londres-4-80x60.jpg) 0 0 no-repeat;\r\n                    }\r\n                    #tdi_1  .td-doubleSlider-2 .td-item5 {\r\n                        background: url(https:\/\/www.eldiario.net\/portal\/wp-content\/uploads\/2025\/04\/El-elenco-y-los-realizadores-de-Thunderbolts-de-Marvel-Studios-se-reunieron-en-la-Premiere-de-la-pelicula-en-Londres-5-80x60.jpg) 0 0 no-repeat;\r\n                    }\r\n                <\/style>\r\n\r\n                <div id=\"tdi_1\" class=\"td-gallery td-slide-on-2-columns\">\r\n                    <div class=\"post_td_gallery\">\r\n                        <div class=\"td-gallery-slide-top\">\r\n                           <div class=\"td-gallery-title\"><\/div>\r\n\r\n                            <div class=\"td-gallery-controls-wrapper\">\r\n                                <div class=\"td-gallery-slide-count\"><span class=\"td-gallery-slide-item-focus\">1<\/span> de 5<\/div>\r\n                                <div class=\"td-gallery-slide-prev-next-but\">\r\n                                    <i class = \"td-icon-left doubleSliderPrevButton\"><\/i>\r\n                                    <i class = \"td-icon-right doubleSliderNextButton\"><\/i>\r\n                                <\/div>\r\n                            <\/div>\r\n                        <\/div>\r\n\r\n                        <div class = \"td-doubleSlider-1 \">\r\n                            <div class = \"td-slider\">\r\n                                \r\n                    <div class = \"td-slide-item td-item1\">\r\n                        <figure class=\"td-slide-galery-figure td-slide-popup-gallery\">\r\n                            <a class=\"slide-gallery-image-link\" href=\"https:\/\/www.eldiario.net\/portal\/wp-content\/uploads\/2025\/04\/El-elenco-y-los-realizadores-de-Thunderbolts-de-Marvel-Studios-se-reunieron-en-la-Premiere-de-la-pelicula-en-Londres.jpg\" title=\"El-elenco-y-los-realizadores-de-Thunderbolts-de-Marvel-Studios-se-reunieron-en-la-Premiere-de-la-pel\u00edcula-en-Londres\"  data-caption=\"\"  data-description=\"\">\r\n                                <img decoding=\"async\" src=\"https:\/\/www.eldiario.net\/portal\/wp-content\/uploads\/2025\/04\/El-elenco-y-los-realizadores-de-Thunderbolts-de-Marvel-Studios-se-reunieron-en-la-Premiere-de-la-pelicula-en-Londres-630x420.jpg\" srcset=\"https:\/\/www.eldiario.net\/portal\/wp-content\/uploads\/2025\/04\/El-elenco-y-los-realizadores-de-Thunderbolts-de-Marvel-Studios-se-reunieron-en-la-Premiere-de-la-pelicula-en-Londres-630x420.jpg 630w, https:\/\/www.eldiario.net\/portal\/wp-content\/uploads\/2025\/04\/El-elenco-y-los-realizadores-de-Thunderbolts-de-Marvel-Studios-se-reunieron-en-la-Premiere-de-la-pelicula-en-Londres-300x200.jpg 300w, https:\/\/www.eldiario.net\/portal\/wp-content\/uploads\/2025\/04\/El-elenco-y-los-realizadores-de-Thunderbolts-de-Marvel-Studios-se-reunieron-en-la-Premiere-de-la-pelicula-en-Londres-1024x683.jpg 1024w, https:\/\/www.eldiario.net\/portal\/wp-content\/uploads\/2025\/04\/El-elenco-y-los-realizadores-de-Thunderbolts-de-Marvel-Studios-se-reunieron-en-la-Premiere-de-la-pelicula-en-Londres-768x512.jpg 768w, https:\/\/www.eldiario.net\/portal\/wp-content\/uploads\/2025\/04\/El-elenco-y-los-realizadores-de-Thunderbolts-de-Marvel-Studios-se-reunieron-en-la-Premiere-de-la-pelicula-en-Londres-696x464.jpg 696w, https:\/\/www.eldiario.net\/portal\/wp-content\/uploads\/2025\/04\/El-elenco-y-los-realizadores-de-Thunderbolts-de-Marvel-Studios-se-reunieron-en-la-Premiere-de-la-pelicula-en-Londres-1068x712.jpg 1068w, https:\/\/www.eldiario.net\/portal\/wp-content\/uploads\/2025\/04\/El-elenco-y-los-realizadores-de-Thunderbolts-de-Marvel-Studios-se-reunieron-en-la-Premiere-de-la-pelicula-en-Londres.jpg 1200w\" sizes=\"(max-width: 630px) 100vw, 630px\" alt=\"\">\r\n                            <\/a>\r\n                            \r\n                        <\/figure>\r\n                    <\/div>\r\n                    <div class = \"td-slide-item td-item2\">\r\n                        <figure class=\"td-slide-galery-figure td-slide-popup-gallery\">\r\n                            <a class=\"slide-gallery-image-link\" href=\"https:\/\/www.eldiario.net\/portal\/wp-content\/uploads\/2025\/04\/El-elenco-y-los-realizadores-de-Thunderbolts-de-Marvel-Studios-se-reunieron-en-la-Premiere-de-la-pelicula-en-Londres-2.jpg\" title=\"El-elenco-y-los-realizadores-de-Thunderbolts-de-Marvel-Studios-se-reunieron-en-la-Premiere-de-la-pel\u00edcula-en-Londres-(2)\"  data-caption=\"\"  data-description=\"\">\r\n                                <img decoding=\"async\" src=\"https:\/\/www.eldiario.net\/portal\/wp-content\/uploads\/2025\/04\/El-elenco-y-los-realizadores-de-Thunderbolts-de-Marvel-Studios-se-reunieron-en-la-Premiere-de-la-pelicula-en-Londres-2-280x420.jpg\" srcset=\"https:\/\/www.eldiario.net\/portal\/wp-content\/uploads\/2025\/04\/El-elenco-y-los-realizadores-de-Thunderbolts-de-Marvel-Studios-se-reunieron-en-la-Premiere-de-la-pelicula-en-Londres-2-280x420.jpg 280w, https:\/\/www.eldiario.net\/portal\/wp-content\/uploads\/2025\/04\/El-elenco-y-los-realizadores-de-Thunderbolts-de-Marvel-Studios-se-reunieron-en-la-Premiere-de-la-pelicula-en-Londres-2-200x300.jpg 200w, https:\/\/www.eldiario.net\/portal\/wp-content\/uploads\/2025\/04\/El-elenco-y-los-realizadores-de-Thunderbolts-de-Marvel-Studios-se-reunieron-en-la-Premiere-de-la-pelicula-en-Londres-2-683x1024.jpg 683w, https:\/\/www.eldiario.net\/portal\/wp-content\/uploads\/2025\/04\/El-elenco-y-los-realizadores-de-Thunderbolts-de-Marvel-Studios-se-reunieron-en-la-Premiere-de-la-pelicula-en-Londres-2-768x1152.jpg 768w, https:\/\/www.eldiario.net\/portal\/wp-content\/uploads\/2025\/04\/El-elenco-y-los-realizadores-de-Thunderbolts-de-Marvel-Studios-se-reunieron-en-la-Premiere-de-la-pelicula-en-Londres-2-1024x1536.jpg 1024w, https:\/\/www.eldiario.net\/portal\/wp-content\/uploads\/2025\/04\/El-elenco-y-los-realizadores-de-Thunderbolts-de-Marvel-Studios-se-reunieron-en-la-Premiere-de-la-pelicula-en-Londres-2-696x1044.jpg 696w, https:\/\/www.eldiario.net\/portal\/wp-content\/uploads\/2025\/04\/El-elenco-y-los-realizadores-de-Thunderbolts-de-Marvel-Studios-se-reunieron-en-la-Premiere-de-la-pelicula-en-Londres-2-1068x1602.jpg 1068w, https:\/\/www.eldiario.net\/portal\/wp-content\/uploads\/2025\/04\/El-elenco-y-los-realizadores-de-Thunderbolts-de-Marvel-Studios-se-reunieron-en-la-Premiere-de-la-pelicula-en-Londres-2.jpg 1200w\" sizes=\"(max-width: 280px) 100vw, 280px\" alt=\"\">\r\n                            <\/a>\r\n                            \r\n                        <\/figure>\r\n                    <\/div>\r\n                    <div class = \"td-slide-item td-item3\">\r\n                        <figure class=\"td-slide-galery-figure td-slide-popup-gallery\">\r\n                            <a class=\"slide-gallery-image-link\" href=\"https:\/\/www.eldiario.net\/portal\/wp-content\/uploads\/2025\/04\/El-elenco-y-los-realizadores-de-Thunderbolts-de-Marvel-Studios-se-reunieron-en-la-Premiere-de-la-pelicula-en-Londres-3.jpg\" title=\"El-elenco-y-los-realizadores-de-Thunderbolts-de-Marvel-Studios-se-reunieron-en-la-Premiere-de-la-pel\u00edcula-en-Londres-(3)\"  data-caption=\"\"  data-description=\"\">\r\n                                <img decoding=\"async\" src=\"https:\/\/www.eldiario.net\/portal\/wp-content\/uploads\/2025\/04\/El-elenco-y-los-realizadores-de-Thunderbolts-de-Marvel-Studios-se-reunieron-en-la-Premiere-de-la-pelicula-en-Londres-3-293x420.jpg\" srcset=\"https:\/\/www.eldiario.net\/portal\/wp-content\/uploads\/2025\/04\/El-elenco-y-los-realizadores-de-Thunderbolts-de-Marvel-Studios-se-reunieron-en-la-Premiere-de-la-pelicula-en-Londres-3-293x420.jpg 293w, https:\/\/www.eldiario.net\/portal\/wp-content\/uploads\/2025\/04\/El-elenco-y-los-realizadores-de-Thunderbolts-de-Marvel-Studios-se-reunieron-en-la-Premiere-de-la-pelicula-en-Londres-3-210x300.jpg 210w, https:\/\/www.eldiario.net\/portal\/wp-content\/uploads\/2025\/04\/El-elenco-y-los-realizadores-de-Thunderbolts-de-Marvel-Studios-se-reunieron-en-la-Premiere-de-la-pelicula-en-Londres-3-715x1024.jpg 715w, https:\/\/www.eldiario.net\/portal\/wp-content\/uploads\/2025\/04\/El-elenco-y-los-realizadores-de-Thunderbolts-de-Marvel-Studios-se-reunieron-en-la-Premiere-de-la-pelicula-en-Londres-3-768x1100.jpg 768w, https:\/\/www.eldiario.net\/portal\/wp-content\/uploads\/2025\/04\/El-elenco-y-los-realizadores-de-Thunderbolts-de-Marvel-Studios-se-reunieron-en-la-Premiere-de-la-pelicula-en-Londres-3-1073x1536.jpg 1073w, https:\/\/www.eldiario.net\/portal\/wp-content\/uploads\/2025\/04\/El-elenco-y-los-realizadores-de-Thunderbolts-de-Marvel-Studios-se-reunieron-en-la-Premiere-de-la-pelicula-en-Londres-3-696x996.jpg 696w, https:\/\/www.eldiario.net\/portal\/wp-content\/uploads\/2025\/04\/El-elenco-y-los-realizadores-de-Thunderbolts-de-Marvel-Studios-se-reunieron-en-la-Premiere-de-la-pelicula-en-Londres-3-1068x1529.jpg 1068w, https:\/\/www.eldiario.net\/portal\/wp-content\/uploads\/2025\/04\/El-elenco-y-los-realizadores-de-Thunderbolts-de-Marvel-Studios-se-reunieron-en-la-Premiere-de-la-pelicula-en-Londres-3.jpg 1200w\" sizes=\"(max-width: 293px) 100vw, 293px\" alt=\"\">\r\n                            <\/a>\r\n                            \r\n                        <\/figure>\r\n                    <\/div>\r\n                    <div class = \"td-slide-item td-item4\">\r\n                        <figure class=\"td-slide-galery-figure td-slide-popup-gallery\">\r\n                            <a class=\"slide-gallery-image-link\" href=\"https:\/\/www.eldiario.net\/portal\/wp-content\/uploads\/2025\/04\/El-elenco-y-los-realizadores-de-Thunderbolts-de-Marvel-Studios-se-reunieron-en-la-Premiere-de-la-pelicula-en-Londres-4.jpg\" title=\"El-elenco-y-los-realizadores-de-Thunderbolts-de-Marvel-Studios-se-reunieron-en-la-Premiere-de-la-pel\u00edcula-en-Londres-(4)\"  data-caption=\"\"  data-description=\"\">\r\n                                <img decoding=\"async\" src=\"https:\/\/www.eldiario.net\/portal\/wp-content\/uploads\/2025\/04\/El-elenco-y-los-realizadores-de-Thunderbolts-de-Marvel-Studios-se-reunieron-en-la-Premiere-de-la-pelicula-en-Londres-4-631x420.jpg\" srcset=\"https:\/\/www.eldiario.net\/portal\/wp-content\/uploads\/2025\/04\/El-elenco-y-los-realizadores-de-Thunderbolts-de-Marvel-Studios-se-reunieron-en-la-Premiere-de-la-pelicula-en-Londres-4-631x420.jpg 631w, https:\/\/www.eldiario.net\/portal\/wp-content\/uploads\/2025\/04\/El-elenco-y-los-realizadores-de-Thunderbolts-de-Marvel-Studios-se-reunieron-en-la-Premiere-de-la-pelicula-en-Londres-4-300x200.jpg 300w, https:\/\/www.eldiario.net\/portal\/wp-content\/uploads\/2025\/04\/El-elenco-y-los-realizadores-de-Thunderbolts-de-Marvel-Studios-se-reunieron-en-la-Premiere-de-la-pelicula-en-Londres-4-1024x682.jpg 1024w, https:\/\/www.eldiario.net\/portal\/wp-content\/uploads\/2025\/04\/El-elenco-y-los-realizadores-de-Thunderbolts-de-Marvel-Studios-se-reunieron-en-la-Premiere-de-la-pelicula-en-Londres-4-768x511.jpg 768w, https:\/\/www.eldiario.net\/portal\/wp-content\/uploads\/2025\/04\/El-elenco-y-los-realizadores-de-Thunderbolts-de-Marvel-Studios-se-reunieron-en-la-Premiere-de-la-pelicula-en-Londres-4-696x463.jpg 696w, https:\/\/www.eldiario.net\/portal\/wp-content\/uploads\/2025\/04\/El-elenco-y-los-realizadores-de-Thunderbolts-de-Marvel-Studios-se-reunieron-en-la-Premiere-de-la-pelicula-en-Londres-4-1068x711.jpg 1068w, https:\/\/www.eldiario.net\/portal\/wp-content\/uploads\/2025\/04\/El-elenco-y-los-realizadores-de-Thunderbolts-de-Marvel-Studios-se-reunieron-en-la-Premiere-de-la-pelicula-en-Londres-4.jpg 1200w\" sizes=\"(max-width: 631px) 100vw, 631px\" alt=\"\">\r\n                            <\/a>\r\n                            \r\n                        <\/figure>\r\n                    <\/div>\r\n                    <div class = \"td-slide-item td-item5\">\r\n                        <figure class=\"td-slide-galery-figure td-slide-popup-gallery\">\r\n                            <a class=\"slide-gallery-image-link\" href=\"https:\/\/www.eldiario.net\/portal\/wp-content\/uploads\/2025\/04\/El-elenco-y-los-realizadores-de-Thunderbolts-de-Marvel-Studios-se-reunieron-en-la-Premiere-de-la-pelicula-en-Londres-5.jpg\" title=\"El-elenco-y-los-realizadores-de-Thunderbolts-de-Marvel-Studios-se-reunieron-en-la-Premiere-de-la-pel\u00edcula-en-Londres-(5)\"  data-caption=\"\"  data-description=\"\">\r\n                                <img decoding=\"async\" src=\"https:\/\/www.eldiario.net\/portal\/wp-content\/uploads\/2025\/04\/El-elenco-y-los-realizadores-de-Thunderbolts-de-Marvel-Studios-se-reunieron-en-la-Premiere-de-la-pelicula-en-Londres-5-631x420.jpg\" srcset=\"https:\/\/www.eldiario.net\/portal\/wp-content\/uploads\/2025\/04\/El-elenco-y-los-realizadores-de-Thunderbolts-de-Marvel-Studios-se-reunieron-en-la-Premiere-de-la-pelicula-en-Londres-5-631x420.jpg 631w, https:\/\/www.eldiario.net\/portal\/wp-content\/uploads\/2025\/04\/El-elenco-y-los-realizadores-de-Thunderbolts-de-Marvel-Studios-se-reunieron-en-la-Premiere-de-la-pelicula-en-Londres-5-300x200.jpg 300w, https:\/\/www.eldiario.net\/portal\/wp-content\/uploads\/2025\/04\/El-elenco-y-los-realizadores-de-Thunderbolts-de-Marvel-Studios-se-reunieron-en-la-Premiere-de-la-pelicula-en-Londres-5-1024x682.jpg 1024w, https:\/\/www.eldiario.net\/portal\/wp-content\/uploads\/2025\/04\/El-elenco-y-los-realizadores-de-Thunderbolts-de-Marvel-Studios-se-reunieron-en-la-Premiere-de-la-pelicula-en-Londres-5-768x511.jpg 768w, https:\/\/www.eldiario.net\/portal\/wp-content\/uploads\/2025\/04\/El-elenco-y-los-realizadores-de-Thunderbolts-de-Marvel-Studios-se-reunieron-en-la-Premiere-de-la-pelicula-en-Londres-5-696x463.jpg 696w, https:\/\/www.eldiario.net\/portal\/wp-content\/uploads\/2025\/04\/El-elenco-y-los-realizadores-de-Thunderbolts-de-Marvel-Studios-se-reunieron-en-la-Premiere-de-la-pelicula-en-Londres-5-1068x711.jpg 1068w, https:\/\/www.eldiario.net\/portal\/wp-content\/uploads\/2025\/04\/El-elenco-y-los-realizadores-de-Thunderbolts-de-Marvel-Studios-se-reunieron-en-la-Premiere-de-la-pelicula-en-Londres-5.jpg 1200w\" sizes=\"(max-width: 631px) 100vw, 631px\" alt=\"\">\r\n                            <\/a>\r\n                            \r\n                        <\/figure>\r\n                    <\/div>\r\n                            <\/div>\r\n                        <\/div>\r\n\r\n                        <div class = \"td-doubleSlider-2\">\r\n                            <div class = \"td-slider\">\r\n                                \r\n                    <div class = \"td-button td-item1\">\r\n                        <div class = \"td-border\"><\/div>\r\n                    <\/div>\r\n                    <div class = \"td-button td-item2\">\r\n                        <div class = \"td-border\"><\/div>\r\n                    <\/div>\r\n                    <div class = \"td-button td-item3\">\r\n                        <div class = \"td-border\"><\/div>\r\n                    <\/div>\r\n                    <div class = \"td-button td-item4\">\r\n                        <div class = \"td-border\"><\/div>\r\n                    <\/div>\r\n                    <div class = \"td-button td-item5\">\r\n                        <div class = \"td-border\"><\/div>\r\n                    <\/div>\r\n                            <\/div>\r\n                        <\/div>\r\n\r\n                    <\/div>\r\n\r\n                <\/div>\r\n                <\/p>\n","protected":false},"excerpt":{"rendered":"<p>Marvel Studios comparti\u00f3 im\u00e1genes de la premiere europea de THUNDERBOLTS*, que tuvo lugar ayer por la noche en Cineworld Leicester Square en Londres. Los miembros del elenco Florence Pugh, Lewis Pullman, Wyatt Russell, Wendell Pierce, Geraldine Viswanathan, David Harbour, Hannah-John Kamen y Julia Louis-Dreyfus se unieron al director Jake Schreier, al productor Kevin Feige y [&hellip;]<\/p>\n","protected":false},"author":1,"featured_media":298360,"comment_status":"closed","ping_status":"open","sticky":false,"template":"","format":"standard","meta":{"_acf_changed":false,"footnotes":""},"categories":[45],"tags":[],"class_list":["post-298359","post","type-post","status-publish","format-standard","has-post-thumbnail","category-cine-mundo"],"acf":{"antetitulo":""},"yoast_head":"<!-- This site is optimized with the Yoast SEO plugin v28.3 - https:\/\/yoast.com\/product\/yoast-seo-wordpress\/ -->\n<title>El elenco y los realizadores de Thunderbolts* de Marvel Studios se reunieron en la Premiere de la pel\u00edcula en Londres - El Diario - Bolivia<\/title>\n<meta name=\"robots\" content=\"index, follow, max-snippet:-1, max-image-preview:large, max-video-preview:-1\" \/>\n<link rel=\"canonical\" href=\"https:\/\/www.eldiario.net\/portal\/2025\/04\/27\/el-elenco-y-los-realizadores-de-thunderbolts-de-marvel-studios-se-reunieron-en-la-premiere-de-la-pelicula-en-londres\/\" \/>\n<meta property=\"og:locale\" content=\"es_ES\" \/>\n<meta property=\"og:type\" content=\"article\" \/>\n<meta property=\"og:title\" content=\"El elenco y los realizadores de Thunderbolts* de Marvel Studios se reunieron en la Premiere de la pel\u00edcula en Londres - El Diario - Bolivia\" \/>\n<meta property=\"og:description\" content=\"Marvel Studios comparti\u00f3 im\u00e1genes de la premiere europea de THUNDERBOLTS*, que tuvo lugar ayer por la noche en Cineworld Leicester Square en Londres. Los miembros del elenco Florence Pugh, Lewis Pullman, Wyatt Russell, Wendell Pierce, Geraldine Viswanathan, David Harbour, Hannah-John Kamen y Julia Louis-Dreyfus se unieron al director Jake Schreier, al productor Kevin Feige y [&hellip;]\" \/>\n<meta property=\"og:url\" content=\"https:\/\/www.eldiario.net\/portal\/2025\/04\/27\/el-elenco-y-los-realizadores-de-thunderbolts-de-marvel-studios-se-reunieron-en-la-premiere-de-la-pelicula-en-londres\/\" \/>\n<meta property=\"og:site_name\" content=\"El Diario - Bolivia\" \/>\n<meta property=\"article:publisher\" content=\"https:\/\/www.facebook.com\/eldiario.bolivia\/\" \/>\n<meta property=\"article:published_time\" content=\"2025-04-27T12:14:30+00:00\" \/>\n<meta property=\"og:image\" content=\"https:\/\/www.eldiario.net\/portal\/wp-content\/uploads\/2025\/04\/El-elenco-y-los-realizadores-de-Thunderbolts-de-Marvel-Studios-se-reunieron-en-la-Premiere-de-la-pelicula-en-Londres.jpg\" \/>\n\t<meta property=\"og:image:width\" content=\"1200\" \/>\n\t<meta property=\"og:image:height\" content=\"800\" \/>\n\t<meta property=\"og:image:type\" content=\"image\/jpeg\" \/>\n<meta name=\"author\" content=\"Jeanette\" \/>\n<meta name=\"twitter:card\" content=\"summary_large_image\" \/>\n<meta name=\"twitter:creator\" content=\"@eldiario_net\" \/>\n<meta name=\"twitter:site\" content=\"@eldiario_net\" \/>\n<meta name=\"twitter:label1\" content=\"Escrito por\" \/>\n\t<meta name=\"twitter:data1\" content=\"Jeanette\" \/>\n<script type=\"application\/ld+json\" class=\"yoast-schema-graph\">{\"@context\":\"https:\\\/\\\/schema.org\",\"@graph\":[{\"@type\":\"Article\",\"@id\":\"https:\\\/\\\/www.eldiario.net\\\/portal\\\/2025\\\/04\\\/27\\\/el-elenco-y-los-realizadores-de-thunderbolts-de-marvel-studios-se-reunieron-en-la-premiere-de-la-pelicula-en-londres\\\/#article\",\"isPartOf\":{\"@id\":\"https:\\\/\\\/www.eldiario.net\\\/portal\\\/2025\\\/04\\\/27\\\/el-elenco-y-los-realizadores-de-thunderbolts-de-marvel-studios-se-reunieron-en-la-premiere-de-la-pelicula-en-londres\\\/\"},\"author\":{\"name\":\"Jeanette\",\"@id\":\"https:\\\/\\\/www.eldiario.net\\\/portal\\\/#\\\/schema\\\/person\\\/f46445640444750d7d753ccd04ae01b7\"},\"headline\":\"El elenco y los realizadores de Thunderbolts* de Marvel Studios se reunieron en la Premiere de la pel\u00edcula en Londres\",\"datePublished\":\"2025-04-27T12:14:30+00:00\",\"mainEntityOfPage\":{\"@id\":\"https:\\\/\\\/www.eldiario.net\\\/portal\\\/2025\\\/04\\\/27\\\/el-elenco-y-los-realizadores-de-thunderbolts-de-marvel-studios-se-reunieron-en-la-premiere-de-la-pelicula-en-londres\\\/\"},\"wordCount\":312,\"publisher\":{\"@id\":\"https:\\\/\\\/www.eldiario.net\\\/portal\\\/#organization\"},\"image\":{\"@id\":\"https:\\\/\\\/www.eldiario.net\\\/portal\\\/2025\\\/04\\\/27\\\/el-elenco-y-los-realizadores-de-thunderbolts-de-marvel-studios-se-reunieron-en-la-premiere-de-la-pelicula-en-londres\\\/#primaryimage\"},\"thumbnailUrl\":\"https:\\\/\\\/www.eldiario.net\\\/portal\\\/wp-content\\\/uploads\\\/2025\\\/04\\\/El-elenco-y-los-realizadores-de-Thunderbolts-de-Marvel-Studios-se-reunieron-en-la-Premiere-de-la-pelicula-en-Londres.jpg\",\"articleSection\":[\"Cine Mundo\"],\"inLanguage\":\"es\"},{\"@type\":\"WebPage\",\"@id\":\"https:\\\/\\\/www.eldiario.net\\\/portal\\\/2025\\\/04\\\/27\\\/el-elenco-y-los-realizadores-de-thunderbolts-de-marvel-studios-se-reunieron-en-la-premiere-de-la-pelicula-en-londres\\\/\",\"url\":\"https:\\\/\\\/www.eldiario.net\\\/portal\\\/2025\\\/04\\\/27\\\/el-elenco-y-los-realizadores-de-thunderbolts-de-marvel-studios-se-reunieron-en-la-premiere-de-la-pelicula-en-londres\\\/\",\"name\":\"El elenco y los realizadores de Thunderbolts* de Marvel Studios se reunieron en la Premiere de la pel\u00edcula en Londres - El Diario - Bolivia\",\"isPartOf\":{\"@id\":\"https:\\\/\\\/www.eldiario.net\\\/portal\\\/#website\"},\"primaryImageOfPage\":{\"@id\":\"https:\\\/\\\/www.eldiario.net\\\/portal\\\/2025\\\/04\\\/27\\\/el-elenco-y-los-realizadores-de-thunderbolts-de-marvel-studios-se-reunieron-en-la-premiere-de-la-pelicula-en-londres\\\/#primaryimage\"},\"image\":{\"@id\":\"https:\\\/\\\/www.eldiario.net\\\/portal\\\/2025\\\/04\\\/27\\\/el-elenco-y-los-realizadores-de-thunderbolts-de-marvel-studios-se-reunieron-en-la-premiere-de-la-pelicula-en-londres\\\/#primaryimage\"},\"thumbnailUrl\":\"https:\\\/\\\/www.eldiario.net\\\/portal\\\/wp-content\\\/uploads\\\/2025\\\/04\\\/El-elenco-y-los-realizadores-de-Thunderbolts-de-Marvel-Studios-se-reunieron-en-la-Premiere-de-la-pelicula-en-Londres.jpg\",\"datePublished\":\"2025-04-27T12:14:30+00:00\",\"breadcrumb\":{\"@id\":\"https:\\\/\\\/www.eldiario.net\\\/portal\\\/2025\\\/04\\\/27\\\/el-elenco-y-los-realizadores-de-thunderbolts-de-marvel-studios-se-reunieron-en-la-premiere-de-la-pelicula-en-londres\\\/#breadcrumb\"},\"inLanguage\":\"es\",\"potentialAction\":[{\"@type\":\"ReadAction\",\"target\":[\"https:\\\/\\\/www.eldiario.net\\\/portal\\\/2025\\\/04\\\/27\\\/el-elenco-y-los-realizadores-de-thunderbolts-de-marvel-studios-se-reunieron-en-la-premiere-de-la-pelicula-en-londres\\\/\"]}]},{\"@type\":\"ImageObject\",\"inLanguage\":\"es\",\"@id\":\"https:\\\/\\\/www.eldiario.net\\\/portal\\\/2025\\\/04\\\/27\\\/el-elenco-y-los-realizadores-de-thunderbolts-de-marvel-studios-se-reunieron-en-la-premiere-de-la-pelicula-en-londres\\\/#primaryimage\",\"url\":\"https:\\\/\\\/www.eldiario.net\\\/portal\\\/wp-content\\\/uploads\\\/2025\\\/04\\\/El-elenco-y-los-realizadores-de-Thunderbolts-de-Marvel-Studios-se-reunieron-en-la-Premiere-de-la-pelicula-en-Londres.jpg\",\"contentUrl\":\"https:\\\/\\\/www.eldiario.net\\\/portal\\\/wp-content\\\/uploads\\\/2025\\\/04\\\/El-elenco-y-los-realizadores-de-Thunderbolts-de-Marvel-Studios-se-reunieron-en-la-Premiere-de-la-pelicula-en-Londres.jpg\",\"width\":1200,\"height\":800},{\"@type\":\"BreadcrumbList\",\"@id\":\"https:\\\/\\\/www.eldiario.net\\\/portal\\\/2025\\\/04\\\/27\\\/el-elenco-y-los-realizadores-de-thunderbolts-de-marvel-studios-se-reunieron-en-la-premiere-de-la-pelicula-en-londres\\\/#breadcrumb\",\"itemListElement\":[{\"@type\":\"ListItem\",\"position\":1,\"name\":\"Portada\",\"item\":\"https:\\\/\\\/www.eldiario.net\\\/portal\\\/\"},{\"@type\":\"ListItem\",\"position\":2,\"name\":\"El elenco y los realizadores de Thunderbolts* de Marvel Studios se reunieron en la Premiere de la pel\u00edcula en Londres\"}]},{\"@type\":\"WebSite\",\"@id\":\"https:\\\/\\\/www.eldiario.net\\\/portal\\\/#website\",\"url\":\"https:\\\/\\\/www.eldiario.net\\\/portal\\\/\",\"name\":\"El Diario - Decano de la prensa nacional\",\"description\":\"El Diario - Decano de la prensa nacional\",\"publisher\":{\"@id\":\"https:\\\/\\\/www.eldiario.net\\\/portal\\\/#organization\"},\"potentialAction\":[{\"@type\":\"SearchAction\",\"target\":{\"@type\":\"EntryPoint\",\"urlTemplate\":\"https:\\\/\\\/www.eldiario.net\\\/portal\\\/?s={search_term_string}\"},\"query-input\":{\"@type\":\"PropertyValueSpecification\",\"valueRequired\":true,\"valueName\":\"search_term_string\"}}],\"inLanguage\":\"es\"},{\"@type\":\"Organization\",\"@id\":\"https:\\\/\\\/www.eldiario.net\\\/portal\\\/#organization\",\"name\":\"El Diario - Decano de la prensa nacional\",\"url\":\"https:\\\/\\\/www.eldiario.net\\\/portal\\\/\",\"logo\":{\"@type\":\"ImageObject\",\"inLanguage\":\"es\",\"@id\":\"https:\\\/\\\/www.eldiario.net\\\/portal\\\/#\\\/schema\\\/logo\\\/image\\\/\",\"url\":\"https:\\\/\\\/www.eldiario.net\\\/portal\\\/wp-content\\\/uploads\\\/2023\\\/07\\\/logo_ED.jpg\",\"contentUrl\":\"https:\\\/\\\/www.eldiario.net\\\/portal\\\/wp-content\\\/uploads\\\/2023\\\/07\\\/logo_ED.jpg\",\"width\":272,\"height\":52,\"caption\":\"El Diario - Decano de la prensa nacional\"},\"image\":{\"@id\":\"https:\\\/\\\/www.eldiario.net\\\/portal\\\/#\\\/schema\\\/logo\\\/image\\\/\"},\"sameAs\":[\"https:\\\/\\\/www.facebook.com\\\/eldiario.bolivia\\\/\",\"https:\\\/\\\/x.com\\\/eldiario_net\"]},{\"@type\":\"Person\",\"@id\":\"https:\\\/\\\/www.eldiario.net\\\/portal\\\/#\\\/schema\\\/person\\\/f46445640444750d7d753ccd04ae01b7\",\"name\":\"Jeanette\",\"image\":{\"@type\":\"ImageObject\",\"inLanguage\":\"es\",\"@id\":\"https:\\\/\\\/secure.gravatar.com\\\/avatar\\\/3ea2118a5f7dad2b7138b1187a6b7ee55f160b9968b66013c3a3ef39dd7e5798?s=96&d=mm&r=g\",\"url\":\"https:\\\/\\\/secure.gravatar.com\\\/avatar\\\/3ea2118a5f7dad2b7138b1187a6b7ee55f160b9968b66013c3a3ef39dd7e5798?s=96&d=mm&r=g\",\"contentUrl\":\"https:\\\/\\\/secure.gravatar.com\\\/avatar\\\/3ea2118a5f7dad2b7138b1187a6b7ee55f160b9968b66013c3a3ef39dd7e5798?s=96&d=mm&r=g\",\"caption\":\"Jeanette\"},\"sameAs\":[\"https:\\\/\\\/www.eldiario.net\\\/portal\"],\"url\":\"https:\\\/\\\/www.eldiario.net\\\/portal\\\/author\\\/jeanette\\\/\"}]}<\/script>\n<!-- \/ Yoast SEO plugin. -->","yoast_head_json":{"title":"El elenco y los realizadores de Thunderbolts* de Marvel Studios se reunieron en la Premiere de la pel\u00edcula en Londres - El Diario - Bolivia","robots":{"index":"index","follow":"follow","max-snippet":"max-snippet:-1","max-image-preview":"max-image-preview:large","max-video-preview":"max-video-preview:-1"},"canonical":"https:\/\/www.eldiario.net\/portal\/2025\/04\/27\/el-elenco-y-los-realizadores-de-thunderbolts-de-marvel-studios-se-reunieron-en-la-premiere-de-la-pelicula-en-londres\/","og_locale":"es_ES","og_type":"article","og_title":"El elenco y los realizadores de Thunderbolts* de Marvel Studios se reunieron en la Premiere de la pel\u00edcula en Londres - El Diario - Bolivia","og_description":"Marvel Studios comparti\u00f3 im\u00e1genes de la premiere europea de THUNDERBOLTS*, que tuvo lugar ayer por la noche en Cineworld Leicester Square en Londres. Los miembros del elenco Florence Pugh, Lewis Pullman, Wyatt Russell, Wendell Pierce, Geraldine Viswanathan, David Harbour, Hannah-John Kamen y Julia Louis-Dreyfus se unieron al director Jake Schreier, al productor Kevin Feige y [&hellip;]","og_url":"https:\/\/www.eldiario.net\/portal\/2025\/04\/27\/el-elenco-y-los-realizadores-de-thunderbolts-de-marvel-studios-se-reunieron-en-la-premiere-de-la-pelicula-en-londres\/","og_site_name":"El Diario - Bolivia","article_publisher":"https:\/\/www.facebook.com\/eldiario.bolivia\/","article_published_time":"2025-04-27T12:14:30+00:00","og_image":[{"width":1200,"height":800,"url":"https:\/\/www.eldiario.net\/portal\/wp-content\/uploads\/2025\/04\/El-elenco-y-los-realizadores-de-Thunderbolts-de-Marvel-Studios-se-reunieron-en-la-Premiere-de-la-pelicula-en-Londres.jpg","type":"image\/jpeg"}],"author":"Jeanette","twitter_card":"summary_large_image","twitter_creator":"@eldiario_net","twitter_site":"@eldiario_net","twitter_misc":{"Escrito por":"Jeanette"},"schema":{"@context":"https:\/\/schema.org","@graph":[{"@type":"Article","@id":"https:\/\/www.eldiario.net\/portal\/2025\/04\/27\/el-elenco-y-los-realizadores-de-thunderbolts-de-marvel-studios-se-reunieron-en-la-premiere-de-la-pelicula-en-londres\/#article","isPartOf":{"@id":"https:\/\/www.eldiario.net\/portal\/2025\/04\/27\/el-elenco-y-los-realizadores-de-thunderbolts-de-marvel-studios-se-reunieron-en-la-premiere-de-la-pelicula-en-londres\/"},"author":{"name":"Jeanette","@id":"https:\/\/www.eldiario.net\/portal\/#\/schema\/person\/f46445640444750d7d753ccd04ae01b7"},"headline":"El elenco y los realizadores de Thunderbolts* de Marvel Studios se reunieron en la Premiere de la pel\u00edcula en Londres","datePublished":"2025-04-27T12:14:30+00:00","mainEntityOfPage":{"@id":"https:\/\/www.eldiario.net\/portal\/2025\/04\/27\/el-elenco-y-los-realizadores-de-thunderbolts-de-marvel-studios-se-reunieron-en-la-premiere-de-la-pelicula-en-londres\/"},"wordCount":312,"publisher":{"@id":"https:\/\/www.eldiario.net\/portal\/#organization"},"image":{"@id":"https:\/\/www.eldiario.net\/portal\/2025\/04\/27\/el-elenco-y-los-realizadores-de-thunderbolts-de-marvel-studios-se-reunieron-en-la-premiere-de-la-pelicula-en-londres\/#primaryimage"},"thumbnailUrl":"https:\/\/www.eldiario.net\/portal\/wp-content\/uploads\/2025\/04\/El-elenco-y-los-realizadores-de-Thunderbolts-de-Marvel-Studios-se-reunieron-en-la-Premiere-de-la-pelicula-en-Londres.jpg","articleSection":["Cine Mundo"],"inLanguage":"es"},{"@type":"WebPage","@id":"https:\/\/www.eldiario.net\/portal\/2025\/04\/27\/el-elenco-y-los-realizadores-de-thunderbolts-de-marvel-studios-se-reunieron-en-la-premiere-de-la-pelicula-en-londres\/","url":"https:\/\/www.eldiario.net\/portal\/2025\/04\/27\/el-elenco-y-los-realizadores-de-thunderbolts-de-marvel-studios-se-reunieron-en-la-premiere-de-la-pelicula-en-londres\/","name":"El elenco y los realizadores de Thunderbolts* de Marvel Studios se reunieron en la Premiere de la pel\u00edcula en Londres - El Diario - Bolivia","isPartOf":{"@id":"https:\/\/www.eldiario.net\/portal\/#website"},"primaryImageOfPage":{"@id":"https:\/\/www.eldiario.net\/portal\/2025\/04\/27\/el-elenco-y-los-realizadores-de-thunderbolts-de-marvel-studios-se-reunieron-en-la-premiere-de-la-pelicula-en-londres\/#primaryimage"},"image":{"@id":"https:\/\/www.eldiario.net\/portal\/2025\/04\/27\/el-elenco-y-los-realizadores-de-thunderbolts-de-marvel-studios-se-reunieron-en-la-premiere-de-la-pelicula-en-londres\/#primaryimage"},"thumbnailUrl":"https:\/\/www.eldiario.net\/portal\/wp-content\/uploads\/2025\/04\/El-elenco-y-los-realizadores-de-Thunderbolts-de-Marvel-Studios-se-reunieron-en-la-Premiere-de-la-pelicula-en-Londres.jpg","datePublished":"2025-04-27T12:14:30+00:00","breadcrumb":{"@id":"https:\/\/www.eldiario.net\/portal\/2025\/04\/27\/el-elenco-y-los-realizadores-de-thunderbolts-de-marvel-studios-se-reunieron-en-la-premiere-de-la-pelicula-en-londres\/#breadcrumb"},"inLanguage":"es","potentialAction":[{"@type":"ReadAction","target":["https:\/\/www.eldiario.net\/portal\/2025\/04\/27\/el-elenco-y-los-realizadores-de-thunderbolts-de-marvel-studios-se-reunieron-en-la-premiere-de-la-pelicula-en-londres\/"]}]},{"@type":"ImageObject","inLanguage":"es","@id":"https:\/\/www.eldiario.net\/portal\/2025\/04\/27\/el-elenco-y-los-realizadores-de-thunderbolts-de-marvel-studios-se-reunieron-en-la-premiere-de-la-pelicula-en-londres\/#primaryimage","url":"https:\/\/www.eldiario.net\/portal\/wp-content\/uploads\/2025\/04\/El-elenco-y-los-realizadores-de-Thunderbolts-de-Marvel-Studios-se-reunieron-en-la-Premiere-de-la-pelicula-en-Londres.jpg","contentUrl":"https:\/\/www.eldiario.net\/portal\/wp-content\/uploads\/2025\/04\/El-elenco-y-los-realizadores-de-Thunderbolts-de-Marvel-Studios-se-reunieron-en-la-Premiere-de-la-pelicula-en-Londres.jpg","width":1200,"height":800},{"@type":"BreadcrumbList","@id":"https:\/\/www.eldiario.net\/portal\/2025\/04\/27\/el-elenco-y-los-realizadores-de-thunderbolts-de-marvel-studios-se-reunieron-en-la-premiere-de-la-pelicula-en-londres\/#breadcrumb","itemListElement":[{"@type":"ListItem","position":1,"name":"Portada","item":"https:\/\/www.eldiario.net\/portal\/"},{"@type":"ListItem","position":2,"name":"El elenco y los realizadores de Thunderbolts* de Marvel Studios se reunieron en la Premiere de la pel\u00edcula en Londres"}]},{"@type":"WebSite","@id":"https:\/\/www.eldiario.net\/portal\/#website","url":"https:\/\/www.eldiario.net\/portal\/","name":"El Diario - Decano de la prensa nacional","description":"El Diario - Decano de la prensa nacional","publisher":{"@id":"https:\/\/www.eldiario.net\/portal\/#organization"},"potentialAction":[{"@type":"SearchAction","target":{"@type":"EntryPoint","urlTemplate":"https:\/\/www.eldiario.net\/portal\/?s={search_term_string}"},"query-input":{"@type":"PropertyValueSpecification","valueRequired":true,"valueName":"search_term_string"}}],"inLanguage":"es"},{"@type":"Organization","@id":"https:\/\/www.eldiario.net\/portal\/#organization","name":"El Diario - Decano de la prensa nacional","url":"https:\/\/www.eldiario.net\/portal\/","logo":{"@type":"ImageObject","inLanguage":"es","@id":"https:\/\/www.eldiario.net\/portal\/#\/schema\/logo\/image\/","url":"https:\/\/www.eldiario.net\/portal\/wp-content\/uploads\/2023\/07\/logo_ED.jpg","contentUrl":"https:\/\/www.eldiario.net\/portal\/wp-content\/uploads\/2023\/07\/logo_ED.jpg","width":272,"height":52,"caption":"El Diario - Decano de la prensa nacional"},"image":{"@id":"https:\/\/www.eldiario.net\/portal\/#\/schema\/logo\/image\/"},"sameAs":["https:\/\/www.facebook.com\/eldiario.bolivia\/","https:\/\/x.com\/eldiario_net"]},{"@type":"Person","@id":"https:\/\/www.eldiario.net\/portal\/#\/schema\/person\/f46445640444750d7d753ccd04ae01b7","name":"Jeanette","image":{"@type":"ImageObject","inLanguage":"es","@id":"https:\/\/secure.gravatar.com\/avatar\/3ea2118a5f7dad2b7138b1187a6b7ee55f160b9968b66013c3a3ef39dd7e5798?s=96&d=mm&r=g","url":"https:\/\/secure.gravatar.com\/avatar\/3ea2118a5f7dad2b7138b1187a6b7ee55f160b9968b66013c3a3ef39dd7e5798?s=96&d=mm&r=g","contentUrl":"https:\/\/secure.gravatar.com\/avatar\/3ea2118a5f7dad2b7138b1187a6b7ee55f160b9968b66013c3a3ef39dd7e5798?s=96&d=mm&r=g","caption":"Jeanette"},"sameAs":["https:\/\/www.eldiario.net\/portal"],"url":"https:\/\/www.eldiario.net\/portal\/author\/jeanette\/"}]}},"_links":{"self":[{"href":"https:\/\/www.eldiario.net\/portal\/wp-json\/wp\/v2\/posts\/298359","targetHints":{"allow":["GET"]}}],"collection":[{"href":"https:\/\/www.eldiario.net\/portal\/wp-json\/wp\/v2\/posts"}],"about":[{"href":"https:\/\/www.eldiario.net\/portal\/wp-json\/wp\/v2\/types\/post"}],"author":[{"embeddable":true,"href":"https:\/\/www.eldiario.net\/portal\/wp-json\/wp\/v2\/users\/1"}],"replies":[{"embeddable":true,"href":"https:\/\/www.eldiario.net\/portal\/wp-json\/wp\/v2\/comments?post=298359"}],"version-history":[{"count":1,"href":"https:\/\/www.eldiario.net\/portal\/wp-json\/wp\/v2\/posts\/298359\/revisions"}],"predecessor-version":[{"id":298365,"href":"https:\/\/www.eldiario.net\/portal\/wp-json\/wp\/v2\/posts\/298359\/revisions\/298365"}],"wp:featuredmedia":[{"embeddable":true,"href":"https:\/\/www.eldiario.net\/portal\/wp-json\/wp\/v2\/media\/298360"}],"wp:attachment":[{"href":"https:\/\/www.eldiario.net\/portal\/wp-json\/wp\/v2\/media?parent=298359"}],"wp:term":[{"taxonomy":"category","embeddable":true,"href":"https:\/\/www.eldiario.net\/portal\/wp-json\/wp\/v2\/categories?post=298359"},{"taxonomy":"post_tag","embeddable":true,"href":"https:\/\/www.eldiario.net\/portal\/wp-json\/wp\/v2\/tags?post=298359"}],"curies":[{"name":"wp","href":"https:\/\/api.w.org\/{rel}","templated":true}]}}