{"id":298345,"date":"2025-04-27T08:09:16","date_gmt":"2025-04-27T12:09:16","guid":{"rendered":"https:\/\/www.eldiario.net\/portal\/?p=298345"},"modified":"2025-04-27T08:09:16","modified_gmt":"2025-04-27T12:09:16","slug":"perfil-de-ben-affleck","status":"publish","type":"post","link":"https:\/\/www.eldiario.net\/portal\/2025\/04\/27\/perfil-de-ben-affleck\/","title":{"rendered":"Perfil de Ben Affleck"},"content":{"rendered":"<p>Ben Affleck interpreta a Christian Wolff y es Productor de El Contador 2, un galardonado director, productor y guionista. Ha recibido dos premios de la Academia, dos premios BAFTA, un premio del Sindicato de directores de Estados Unidos (DGA) y dos premios del Sindicato de Actores (SAG), entre otros galardones.<br \/>\nEn 2022, Affleck y Matt Damon se unieron para lanzar Artists Equity, una empresa de producci\u00f3n que promete ampliar la participaci\u00f3n en los beneficios y ofrecer un entorno favorable al talento de los creadores. La primera pel\u00edcula producida bajo su nueva bandera fue Air: la historia detr\u00e1s del logo, sobre el acuerdo de 1984 entre Nike y Michael Jordan. Affleck dirigi\u00f3 y protagoniz\u00f3 la pel\u00edcula, en la que tambi\u00e9n aparecen Damon, Viola Davis, Jason Bateman, Marlon Wayans y Chris Tucker. Air: la historia detr\u00e1s del logo fue un \u00e9xito de cr\u00edtica y p\u00fablico y obtuvo una nominaci\u00f3n al Globo de Oro a la mejor pel\u00edcula musical o de comedia. Los proyectos m\u00e1s recientes de Artists Equity incluyen el drama real de Amazon Unstoppable, la comedia de atracos de Apple TV+ The Instigators, el documental de U2 Kiss the Future y el drama hist\u00f3rico Small Things Like These. Entre sus pr\u00f3ximas pel\u00edculas figuran RIP y Kiss of the Spider Woman.<br \/>\nAdem\u00e1s, Affleck dirige actualmente el thriller Animals, en el que tambi\u00e9n act\u00faa junto a Kerry Washington y Gillian Anderson. En 2012, Affleck dirigi\u00f3, produjo y protagoniz\u00f3 Argo, la pel\u00edcula ganadora del Oscar a la mejor pel\u00edcula, que tambi\u00e9n gan\u00f3 el Globo de Oro, el BAFTA, el premio del Sindicato de Productores de Am\u00e9rica y numerosos premios de grupos de cr\u00edticos a la mejor pel\u00edcula. Affleck tambi\u00e9n fue galardonado con el Globo de Oro, el Premio DGA, el Premio BAFTA y el Premio Critics\u2019 Choice al Mejor Director, y comparti\u00f3 el Premio SAG al Mejor Reparto Cinematogr\u00e1fico.<br \/>\nAffleck debut\u00f3 como director de largometrajes con el drama de 2007 Desapareci\u00f3 una noche, del que tambi\u00e9n fue guionista y por el que recibi\u00f3 el Premio al Mejor debut como director del National Board of Review. Posteriormente escribi\u00f3, dirigi\u00f3 y protagoniz\u00f3 los dramas Atracci\u00f3n peligrosa y Vivir de noche, pel\u00edcula en la que tambi\u00e9n fue productor. Junto a Matt Damon, tambi\u00e9n escribi\u00f3, produjo y protagoniz\u00f3 el drama hist\u00f3rico de 2021 El \u00faltimo duelo, para el director Ridley Scott.<br \/>\nAl principio de su carrera, Damon y \u00e9l ganaron un Oscar al mejor guion original por el aclamado drama de 1997 Una mente brillante, que tambi\u00e9n coprotagonizaron. El d\u00fao tambi\u00e9n gan\u00f3 el Globo de Oro y el Critics Choice Award al mejor guion, y recibi\u00f3 una nominaci\u00f3n al Writers Guild of America Award. Adem\u00e1s, compartieron una nominaci\u00f3n a los premios SAG al mejor reparto de una pel\u00edcula.<br \/>\nComo actor, Affleck recibi\u00f3 una nominaci\u00f3n al SAG Award al mejor actor de reparto por su interpretaci\u00f3n en El bar de las grandes esperanzas, de Amazon, y una nominaci\u00f3n al Critics\u2019 Choice Award al mejor actor por su papel protagonista en El camino de regreso. En 2007, Affleck recibi\u00f3 varios galardones, entre ellos una nominaci\u00f3n al premio Critics\u2019 Choice al mejor actor de reparto por su interpretaci\u00f3n de George Reeves en Hollywoodland.<br \/>\nAffleck interpret\u00f3 al ic\u00f3nico superh\u00e9roe de DC Batman y a su alter ego, Bruce Wayne, en tres pel\u00edculas. Su larga lista de cr\u00e9ditos como actor tambi\u00e9n incluye la oscarizada Shakespeare enamorado, de John Madden; Armaged\u00f3n; Pearl Harbor; La suma de todos los miedo; Deber\u00e1s amar, de Terrence Malick; Perdida, de David Fincher; El contador; e Hipn\u00f3tico.<br \/>\nEn 2000, Affleck se asoci\u00f3 con Matt Damon, Chris Moore y Sean Bailey para formar LivePlanet. Su primer proyecto, \u201cProyecto Greenlight\u201d, se estren\u00f3 en 2001 en HBO y atrajo la atenci\u00f3n de la cr\u00edtica, el p\u00fablico y la industria por su mirada entre bastidores a los retos a los que se enfrenta un cineasta novel. La segunda temporada de \u201cProyecto Greenlight\u201d se emiti\u00f3 en HBO en 2003, y tercera en Bravo en 2005. Las tres temporadas fueron nominadas a los premios Emmy. La cuarta temporada del \u201cProyecto Greenlight\u201d se emiti\u00f3 en HBO en 2015.<br \/>\nPearl Street Productions, de Affleck, tambi\u00e9n en asociaci\u00f3n con Damon, coprodujo pel\u00edculas como Tierra prometida, dirigida por Gus Van Sant y escrita y producida por Matt Damon y John Krasinski; Jason Bourne; y el drama nominado al Oscar Manchester frente al mar. La empresa tambi\u00e9n coprodujo Incorporated para el canal Syfy, escrita y dirigida por Alex y David Pastor, y la serie dram\u00e1tica de Showtime, \u201cCity on A Hill\u201d, entre otros proyectos.<br \/>\nAparte de su exitosa carrera cinematogr\u00e1fica, Affleck es tambi\u00e9n un apasionado defensor y fil\u00e1ntropo que apoya a muchas organizaciones ben\u00e9ficas. En marzo de 2010, fund\u00f3 la Iniciativa del Congo Oriental (ECI), la primera iniciativa estadounidense de promoci\u00f3n y concesi\u00f3n de subvenciones totalmente centrada en la misi\u00f3n de ayudar a la poblaci\u00f3n del este del Congo a apoyar enfoques comunitarios locales que creen una sociedad sostenible y pr\u00f3spera en la regi\u00f3n, asolada desde hace mucho tiempo.<\/p>\n","protected":false},"excerpt":{"rendered":"<p>Ben Affleck interpreta a Christian Wolff y es Productor de El Contador 2, un galardonado director, productor y guionista. Ha recibido dos premios de la Academia, dos premios BAFTA, un premio del Sindicato de directores de Estados Unidos (DGA) y dos premios del Sindicato de Actores (SAG), entre otros galardones. En 2022, Affleck y Matt [&hellip;]<\/p>\n","protected":false},"author":1,"featured_media":298346,"comment_status":"closed","ping_status":"open","sticky":false,"template":"","format":"standard","meta":{"_acf_changed":false,"footnotes":""},"categories":[45],"tags":[],"class_list":["post-298345","post","type-post","status-publish","format-standard","has-post-thumbnail","category-cine-mundo"],"acf":{"antetitulo":""},"yoast_head":"<!-- This site is optimized with the Yoast SEO plugin v28.3 - https:\/\/yoast.com\/product\/yoast-seo-wordpress\/ -->\n<title>Perfil de Ben Affleck - El Diario - Bolivia<\/title>\n<meta name=\"robots\" content=\"index, follow, max-snippet:-1, max-image-preview:large, max-video-preview:-1\" \/>\n<link rel=\"canonical\" href=\"https:\/\/www.eldiario.net\/portal\/2025\/04\/27\/perfil-de-ben-affleck\/\" \/>\n<meta property=\"og:locale\" content=\"es_ES\" \/>\n<meta property=\"og:type\" content=\"article\" \/>\n<meta property=\"og:title\" content=\"Perfil de Ben Affleck - El Diario - Bolivia\" \/>\n<meta property=\"og:description\" content=\"Ben Affleck interpreta a Christian Wolff y es Productor de El Contador 2, un galardonado director, productor y guionista. Ha recibido dos premios de la Academia, dos premios BAFTA, un premio del Sindicato de directores de Estados Unidos (DGA) y dos premios del Sindicato de Actores (SAG), entre otros galardones. En 2022, Affleck y Matt [&hellip;]\" \/>\n<meta property=\"og:url\" content=\"https:\/\/www.eldiario.net\/portal\/2025\/04\/27\/perfil-de-ben-affleck\/\" \/>\n<meta property=\"og:site_name\" content=\"El Diario - Bolivia\" \/>\n<meta property=\"article:publisher\" content=\"https:\/\/www.facebook.com\/eldiario.bolivia\/\" \/>\n<meta property=\"article:published_time\" content=\"2025-04-27T12:09:16+00:00\" \/>\n<meta property=\"og:image\" content=\"https:\/\/www.eldiario.net\/portal\/wp-content\/uploads\/2025\/04\/Perfil-de-Ben-Affleck.jpg\" \/>\n\t<meta property=\"og:image:width\" content=\"1200\" \/>\n\t<meta property=\"og:image:height\" content=\"1800\" \/>\n\t<meta property=\"og:image:type\" content=\"image\/jpeg\" \/>\n<meta name=\"author\" content=\"Jeanette\" \/>\n<meta name=\"twitter:card\" content=\"summary_large_image\" \/>\n<meta name=\"twitter:creator\" content=\"@eldiario_net\" \/>\n<meta name=\"twitter:site\" content=\"@eldiario_net\" \/>\n<meta name=\"twitter:label1\" content=\"Escrito por\" \/>\n\t<meta name=\"twitter:data1\" content=\"Jeanette\" \/>\n\t<meta name=\"twitter:label2\" content=\"Tiempo de lectura\" \/>\n\t<meta name=\"twitter:data2\" content=\"1 minuto\" \/>\n<script type=\"application\/ld+json\" class=\"yoast-schema-graph\">{\"@context\":\"https:\\\/\\\/schema.org\",\"@graph\":[{\"@type\":\"Article\",\"@id\":\"https:\\\/\\\/www.eldiario.net\\\/portal\\\/2025\\\/04\\\/27\\\/perfil-de-ben-affleck\\\/#article\",\"isPartOf\":{\"@id\":\"https:\\\/\\\/www.eldiario.net\\\/portal\\\/2025\\\/04\\\/27\\\/perfil-de-ben-affleck\\\/\"},\"author\":{\"name\":\"Jeanette\",\"@id\":\"https:\\\/\\\/www.eldiario.net\\\/portal\\\/#\\\/schema\\\/person\\\/f46445640444750d7d753ccd04ae01b7\"},\"headline\":\"Perfil de Ben Affleck\",\"datePublished\":\"2025-04-27T12:09:16+00:00\",\"mainEntityOfPage\":{\"@id\":\"https:\\\/\\\/www.eldiario.net\\\/portal\\\/2025\\\/04\\\/27\\\/perfil-de-ben-affleck\\\/\"},\"wordCount\":879,\"publisher\":{\"@id\":\"https:\\\/\\\/www.eldiario.net\\\/portal\\\/#organization\"},\"image\":{\"@id\":\"https:\\\/\\\/www.eldiario.net\\\/portal\\\/2025\\\/04\\\/27\\\/perfil-de-ben-affleck\\\/#primaryimage\"},\"thumbnailUrl\":\"https:\\\/\\\/www.eldiario.net\\\/portal\\\/wp-content\\\/uploads\\\/2025\\\/04\\\/Perfil-de-Ben-Affleck.jpg\",\"articleSection\":[\"Cine Mundo\"],\"inLanguage\":\"es\"},{\"@type\":\"WebPage\",\"@id\":\"https:\\\/\\\/www.eldiario.net\\\/portal\\\/2025\\\/04\\\/27\\\/perfil-de-ben-affleck\\\/\",\"url\":\"https:\\\/\\\/www.eldiario.net\\\/portal\\\/2025\\\/04\\\/27\\\/perfil-de-ben-affleck\\\/\",\"name\":\"Perfil de Ben Affleck - El Diario - Bolivia\",\"isPartOf\":{\"@id\":\"https:\\\/\\\/www.eldiario.net\\\/portal\\\/#website\"},\"primaryImageOfPage\":{\"@id\":\"https:\\\/\\\/www.eldiario.net\\\/portal\\\/2025\\\/04\\\/27\\\/perfil-de-ben-affleck\\\/#primaryimage\"},\"image\":{\"@id\":\"https:\\\/\\\/www.eldiario.net\\\/portal\\\/2025\\\/04\\\/27\\\/perfil-de-ben-affleck\\\/#primaryimage\"},\"thumbnailUrl\":\"https:\\\/\\\/www.eldiario.net\\\/portal\\\/wp-content\\\/uploads\\\/2025\\\/04\\\/Perfil-de-Ben-Affleck.jpg\",\"datePublished\":\"2025-04-27T12:09:16+00:00\",\"breadcrumb\":{\"@id\":\"https:\\\/\\\/www.eldiario.net\\\/portal\\\/2025\\\/04\\\/27\\\/perfil-de-ben-affleck\\\/#breadcrumb\"},\"inLanguage\":\"es\",\"potentialAction\":[{\"@type\":\"ReadAction\",\"target\":[\"https:\\\/\\\/www.eldiario.net\\\/portal\\\/2025\\\/04\\\/27\\\/perfil-de-ben-affleck\\\/\"]}]},{\"@type\":\"ImageObject\",\"inLanguage\":\"es\",\"@id\":\"https:\\\/\\\/www.eldiario.net\\\/portal\\\/2025\\\/04\\\/27\\\/perfil-de-ben-affleck\\\/#primaryimage\",\"url\":\"https:\\\/\\\/www.eldiario.net\\\/portal\\\/wp-content\\\/uploads\\\/2025\\\/04\\\/Perfil-de-Ben-Affleck.jpg\",\"contentUrl\":\"https:\\\/\\\/www.eldiario.net\\\/portal\\\/wp-content\\\/uploads\\\/2025\\\/04\\\/Perfil-de-Ben-Affleck.jpg\",\"width\":1200,\"height\":1800},{\"@type\":\"BreadcrumbList\",\"@id\":\"https:\\\/\\\/www.eldiario.net\\\/portal\\\/2025\\\/04\\\/27\\\/perfil-de-ben-affleck\\\/#breadcrumb\",\"itemListElement\":[{\"@type\":\"ListItem\",\"position\":1,\"name\":\"Portada\",\"item\":\"https:\\\/\\\/www.eldiario.net\\\/portal\\\/\"},{\"@type\":\"ListItem\",\"position\":2,\"name\":\"Perfil de Ben Affleck\"}]},{\"@type\":\"WebSite\",\"@id\":\"https:\\\/\\\/www.eldiario.net\\\/portal\\\/#website\",\"url\":\"https:\\\/\\\/www.eldiario.net\\\/portal\\\/\",\"name\":\"El Diario - Decano de la prensa nacional\",\"description\":\"El Diario - Decano de la prensa nacional\",\"publisher\":{\"@id\":\"https:\\\/\\\/www.eldiario.net\\\/portal\\\/#organization\"},\"potentialAction\":[{\"@type\":\"SearchAction\",\"target\":{\"@type\":\"EntryPoint\",\"urlTemplate\":\"https:\\\/\\\/www.eldiario.net\\\/portal\\\/?s={search_term_string}\"},\"query-input\":{\"@type\":\"PropertyValueSpecification\",\"valueRequired\":true,\"valueName\":\"search_term_string\"}}],\"inLanguage\":\"es\"},{\"@type\":\"Organization\",\"@id\":\"https:\\\/\\\/www.eldiario.net\\\/portal\\\/#organization\",\"name\":\"El Diario - Decano de la prensa nacional\",\"url\":\"https:\\\/\\\/www.eldiario.net\\\/portal\\\/\",\"logo\":{\"@type\":\"ImageObject\",\"inLanguage\":\"es\",\"@id\":\"https:\\\/\\\/www.eldiario.net\\\/portal\\\/#\\\/schema\\\/logo\\\/image\\\/\",\"url\":\"https:\\\/\\\/www.eldiario.net\\\/portal\\\/wp-content\\\/uploads\\\/2023\\\/07\\\/logo_ED.jpg\",\"contentUrl\":\"https:\\\/\\\/www.eldiario.net\\\/portal\\\/wp-content\\\/uploads\\\/2023\\\/07\\\/logo_ED.jpg\",\"width\":272,\"height\":52,\"caption\":\"El Diario - Decano de la prensa nacional\"},\"image\":{\"@id\":\"https:\\\/\\\/www.eldiario.net\\\/portal\\\/#\\\/schema\\\/logo\\\/image\\\/\"},\"sameAs\":[\"https:\\\/\\\/www.facebook.com\\\/eldiario.bolivia\\\/\",\"https:\\\/\\\/x.com\\\/eldiario_net\"]},{\"@type\":\"Person\",\"@id\":\"https:\\\/\\\/www.eldiario.net\\\/portal\\\/#\\\/schema\\\/person\\\/f46445640444750d7d753ccd04ae01b7\",\"name\":\"Jeanette\",\"image\":{\"@type\":\"ImageObject\",\"inLanguage\":\"es\",\"@id\":\"https:\\\/\\\/secure.gravatar.com\\\/avatar\\\/3ea2118a5f7dad2b7138b1187a6b7ee55f160b9968b66013c3a3ef39dd7e5798?s=96&d=mm&r=g\",\"url\":\"https:\\\/\\\/secure.gravatar.com\\\/avatar\\\/3ea2118a5f7dad2b7138b1187a6b7ee55f160b9968b66013c3a3ef39dd7e5798?s=96&d=mm&r=g\",\"contentUrl\":\"https:\\\/\\\/secure.gravatar.com\\\/avatar\\\/3ea2118a5f7dad2b7138b1187a6b7ee55f160b9968b66013c3a3ef39dd7e5798?s=96&d=mm&r=g\",\"caption\":\"Jeanette\"},\"sameAs\":[\"https:\\\/\\\/www.eldiario.net\\\/portal\"],\"url\":\"https:\\\/\\\/www.eldiario.net\\\/portal\\\/author\\\/jeanette\\\/\"}]}<\/script>\n<!-- \/ Yoast SEO plugin. -->","yoast_head_json":{"title":"Perfil de Ben Affleck - El Diario - Bolivia","robots":{"index":"index","follow":"follow","max-snippet":"max-snippet:-1","max-image-preview":"max-image-preview:large","max-video-preview":"max-video-preview:-1"},"canonical":"https:\/\/www.eldiario.net\/portal\/2025\/04\/27\/perfil-de-ben-affleck\/","og_locale":"es_ES","og_type":"article","og_title":"Perfil de Ben Affleck - El Diario - Bolivia","og_description":"Ben Affleck interpreta a Christian Wolff y es Productor de El Contador 2, un galardonado director, productor y guionista. Ha recibido dos premios de la Academia, dos premios BAFTA, un premio del Sindicato de directores de Estados Unidos (DGA) y dos premios del Sindicato de Actores (SAG), entre otros galardones. En 2022, Affleck y Matt [&hellip;]","og_url":"https:\/\/www.eldiario.net\/portal\/2025\/04\/27\/perfil-de-ben-affleck\/","og_site_name":"El Diario - Bolivia","article_publisher":"https:\/\/www.facebook.com\/eldiario.bolivia\/","article_published_time":"2025-04-27T12:09:16+00:00","og_image":[{"width":1200,"height":1800,"url":"https:\/\/www.eldiario.net\/portal\/wp-content\/uploads\/2025\/04\/Perfil-de-Ben-Affleck.jpg","type":"image\/jpeg"}],"author":"Jeanette","twitter_card":"summary_large_image","twitter_creator":"@eldiario_net","twitter_site":"@eldiario_net","twitter_misc":{"Escrito por":"Jeanette","Tiempo de lectura":"1 minuto"},"schema":{"@context":"https:\/\/schema.org","@graph":[{"@type":"Article","@id":"https:\/\/www.eldiario.net\/portal\/2025\/04\/27\/perfil-de-ben-affleck\/#article","isPartOf":{"@id":"https:\/\/www.eldiario.net\/portal\/2025\/04\/27\/perfil-de-ben-affleck\/"},"author":{"name":"Jeanette","@id":"https:\/\/www.eldiario.net\/portal\/#\/schema\/person\/f46445640444750d7d753ccd04ae01b7"},"headline":"Perfil de Ben Affleck","datePublished":"2025-04-27T12:09:16+00:00","mainEntityOfPage":{"@id":"https:\/\/www.eldiario.net\/portal\/2025\/04\/27\/perfil-de-ben-affleck\/"},"wordCount":879,"publisher":{"@id":"https:\/\/www.eldiario.net\/portal\/#organization"},"image":{"@id":"https:\/\/www.eldiario.net\/portal\/2025\/04\/27\/perfil-de-ben-affleck\/#primaryimage"},"thumbnailUrl":"https:\/\/www.eldiario.net\/portal\/wp-content\/uploads\/2025\/04\/Perfil-de-Ben-Affleck.jpg","articleSection":["Cine Mundo"],"inLanguage":"es"},{"@type":"WebPage","@id":"https:\/\/www.eldiario.net\/portal\/2025\/04\/27\/perfil-de-ben-affleck\/","url":"https:\/\/www.eldiario.net\/portal\/2025\/04\/27\/perfil-de-ben-affleck\/","name":"Perfil de Ben Affleck - El Diario - Bolivia","isPartOf":{"@id":"https:\/\/www.eldiario.net\/portal\/#website"},"primaryImageOfPage":{"@id":"https:\/\/www.eldiario.net\/portal\/2025\/04\/27\/perfil-de-ben-affleck\/#primaryimage"},"image":{"@id":"https:\/\/www.eldiario.net\/portal\/2025\/04\/27\/perfil-de-ben-affleck\/#primaryimage"},"thumbnailUrl":"https:\/\/www.eldiario.net\/portal\/wp-content\/uploads\/2025\/04\/Perfil-de-Ben-Affleck.jpg","datePublished":"2025-04-27T12:09:16+00:00","breadcrumb":{"@id":"https:\/\/www.eldiario.net\/portal\/2025\/04\/27\/perfil-de-ben-affleck\/#breadcrumb"},"inLanguage":"es","potentialAction":[{"@type":"ReadAction","target":["https:\/\/www.eldiario.net\/portal\/2025\/04\/27\/perfil-de-ben-affleck\/"]}]},{"@type":"ImageObject","inLanguage":"es","@id":"https:\/\/www.eldiario.net\/portal\/2025\/04\/27\/perfil-de-ben-affleck\/#primaryimage","url":"https:\/\/www.eldiario.net\/portal\/wp-content\/uploads\/2025\/04\/Perfil-de-Ben-Affleck.jpg","contentUrl":"https:\/\/www.eldiario.net\/portal\/wp-content\/uploads\/2025\/04\/Perfil-de-Ben-Affleck.jpg","width":1200,"height":1800},{"@type":"BreadcrumbList","@id":"https:\/\/www.eldiario.net\/portal\/2025\/04\/27\/perfil-de-ben-affleck\/#breadcrumb","itemListElement":[{"@type":"ListItem","position":1,"name":"Portada","item":"https:\/\/www.eldiario.net\/portal\/"},{"@type":"ListItem","position":2,"name":"Perfil de Ben Affleck"}]},{"@type":"WebSite","@id":"https:\/\/www.eldiario.net\/portal\/#website","url":"https:\/\/www.eldiario.net\/portal\/","name":"El Diario - Decano de la prensa nacional","description":"El Diario - Decano de la prensa nacional","publisher":{"@id":"https:\/\/www.eldiario.net\/portal\/#organization"},"potentialAction":[{"@type":"SearchAction","target":{"@type":"EntryPoint","urlTemplate":"https:\/\/www.eldiario.net\/portal\/?s={search_term_string}"},"query-input":{"@type":"PropertyValueSpecification","valueRequired":true,"valueName":"search_term_string"}}],"inLanguage":"es"},{"@type":"Organization","@id":"https:\/\/www.eldiario.net\/portal\/#organization","name":"El Diario - Decano de la prensa nacional","url":"https:\/\/www.eldiario.net\/portal\/","logo":{"@type":"ImageObject","inLanguage":"es","@id":"https:\/\/www.eldiario.net\/portal\/#\/schema\/logo\/image\/","url":"https:\/\/www.eldiario.net\/portal\/wp-content\/uploads\/2023\/07\/logo_ED.jpg","contentUrl":"https:\/\/www.eldiario.net\/portal\/wp-content\/uploads\/2023\/07\/logo_ED.jpg","width":272,"height":52,"caption":"El Diario - Decano de la prensa nacional"},"image":{"@id":"https:\/\/www.eldiario.net\/portal\/#\/schema\/logo\/image\/"},"sameAs":["https:\/\/www.facebook.com\/eldiario.bolivia\/","https:\/\/x.com\/eldiario_net"]},{"@type":"Person","@id":"https:\/\/www.eldiario.net\/portal\/#\/schema\/person\/f46445640444750d7d753ccd04ae01b7","name":"Jeanette","image":{"@type":"ImageObject","inLanguage":"es","@id":"https:\/\/secure.gravatar.com\/avatar\/3ea2118a5f7dad2b7138b1187a6b7ee55f160b9968b66013c3a3ef39dd7e5798?s=96&d=mm&r=g","url":"https:\/\/secure.gravatar.com\/avatar\/3ea2118a5f7dad2b7138b1187a6b7ee55f160b9968b66013c3a3ef39dd7e5798?s=96&d=mm&r=g","contentUrl":"https:\/\/secure.gravatar.com\/avatar\/3ea2118a5f7dad2b7138b1187a6b7ee55f160b9968b66013c3a3ef39dd7e5798?s=96&d=mm&r=g","caption":"Jeanette"},"sameAs":["https:\/\/www.eldiario.net\/portal"],"url":"https:\/\/www.eldiario.net\/portal\/author\/jeanette\/"}]}},"_links":{"self":[{"href":"https:\/\/www.eldiario.net\/portal\/wp-json\/wp\/v2\/posts\/298345","targetHints":{"allow":["GET"]}}],"collection":[{"href":"https:\/\/www.eldiario.net\/portal\/wp-json\/wp\/v2\/posts"}],"about":[{"href":"https:\/\/www.eldiario.net\/portal\/wp-json\/wp\/v2\/types\/post"}],"author":[{"embeddable":true,"href":"https:\/\/www.eldiario.net\/portal\/wp-json\/wp\/v2\/users\/1"}],"replies":[{"embeddable":true,"href":"https:\/\/www.eldiario.net\/portal\/wp-json\/wp\/v2\/comments?post=298345"}],"version-history":[{"count":1,"href":"https:\/\/www.eldiario.net\/portal\/wp-json\/wp\/v2\/posts\/298345\/revisions"}],"predecessor-version":[{"id":298347,"href":"https:\/\/www.eldiario.net\/portal\/wp-json\/wp\/v2\/posts\/298345\/revisions\/298347"}],"wp:featuredmedia":[{"embeddable":true,"href":"https:\/\/www.eldiario.net\/portal\/wp-json\/wp\/v2\/media\/298346"}],"wp:attachment":[{"href":"https:\/\/www.eldiario.net\/portal\/wp-json\/wp\/v2\/media?parent=298345"}],"wp:term":[{"taxonomy":"category","embeddable":true,"href":"https:\/\/www.eldiario.net\/portal\/wp-json\/wp\/v2\/categories?post=298345"},{"taxonomy":"post_tag","embeddable":true,"href":"https:\/\/www.eldiario.net\/portal\/wp-json\/wp\/v2\/tags?post=298345"}],"curies":[{"name":"wp","href":"https:\/\/api.w.org\/{rel}","templated":true}]}}