{"id":298327,"date":"2025-04-27T08:03:44","date_gmt":"2025-04-27T12:03:44","guid":{"rendered":"https:\/\/www.eldiario.net\/portal\/?p=298327"},"modified":"2025-04-27T08:03:44","modified_gmt":"2025-04-27T12:03:44","slug":"como-prevenir-caidas-y-fracturas-en-adultos-mayores","status":"publish","type":"post","link":"https:\/\/www.eldiario.net\/portal\/2025\/04\/27\/como-prevenir-caidas-y-fracturas-en-adultos-mayores\/","title":{"rendered":"C\u00d3MO PREVENIR CAIDAS Y FRACTURAS EN ADULTOS MAYORES"},"content":{"rendered":"<p>Lic. Lupe Fern\u00e1ndez Calix Enfermera UMSA<\/p>\n<p>En la actualidad ninguna \u00a0\u00a0persona ni\u00f1os, j\u00f3venes, mujeres, personas con capacidades diferentes, adultos \u00a0mayores no \u00a0son exentos \u00a0de sufrir ca\u00eddas que puede cambiar el ritmo de su vida provocando problemas en la salud. El impacto de la ca\u00edda en personas adultas mayores frecuentemente presentan \u00a0fracturas de cadera, f\u00e9mur, mu\u00f1eca, hombro (dolorosas limitantes complicando la salud),Hemorragia intracraneal provocando deterioro al no ser asistido inmediatamente convirti\u00e9ndose en uno de los mayores casos de mortalidad .<\/p>\n<p><strong>FACTORES PREDISPONENTES PARA UNA CAIDA <\/strong><\/p>\n<p>Los adultos mayores sufren ca\u00eddas\u00a0\u00a0 por:<\/p>\n<p><strong>Factores Biol\u00f3gico:<\/strong> Edad, sexo generalmente mujeres por presentar patolog\u00edas como Artritis, Diabetes, Deterioro Cognositivo.<\/p>\n<p><strong>Factores Ambientales:<\/strong> Deterioro del ambiente que vive mal estado de las o gradas, camas altas, pisos resbaladizos, alfombra deteriorada ,uso de chanclas, baches en las aceras en las calles,<\/p>\n<p><strong>Factor Econ\u00f3mico:<\/strong> Los adultos mayores viven en algunos casos solos o familiares \u00a0con escasos recursos econ\u00f3micos que imposibilitan traslado a centros Hospitalarios.<\/p>\n<p><strong>\u00bfC\u00d3MO PREVENIR CAIDAS EN ADULTOS MAYORES?<\/strong><\/p>\n<p>Hacer ejercicios (caminar, yoga con un familiar)<\/p>\n<p>Proporcionar comodidad y seguridad en casa (debe renovar su casa, evite usar alfombras, pisos resbaladizos, etc.)<\/p>\n<p>Evite caminar en superficies mojadas.<\/p>\n<p>Uso de bastones, andaderas<\/p>\n<p>Uso de calzados antideslizantes<\/p>\n<p>Revisi\u00f3n constante de la vista y audici\u00f3n<\/p>\n<p>Debe dormir lo suficiente<\/p>\n<p>No la automedicaci\u00f3n (algunos f\u00e1rmacos producen sue\u00f1o)<\/p>\n<p>Acudir a Centros Hospitalarios en cas\u00f3 de ca\u00eddas inmediatamente.<\/p>\n<p>El aumento de casos m\u00e1s 14% de ca\u00eddas en domicilios, calles a lo que son \u00a0expuestos los adultos mayores provocando fracturas, hemorragias es necesario abordar el tema para \u00a0evitar accidentes y desenlaces fatales en las personas.<\/p>\n<p><strong>\u201cVALORA Y APRECIA TU SALUD TODOS LOS D\u00cdAS\u201d<\/strong><\/p>\n<p>&nbsp;<\/p>\n<p>&nbsp;<\/p>\n<p>&nbsp;<\/p>\n<p>&nbsp;<\/p>\n","protected":false},"excerpt":{"rendered":"<p>Lic. Lupe Fern\u00e1ndez Calix Enfermera UMSA En la actualidad ninguna \u00a0\u00a0persona ni\u00f1os, j\u00f3venes, mujeres, personas con capacidades diferentes, adultos \u00a0mayores no \u00a0son exentos \u00a0de sufrir ca\u00eddas que puede cambiar el ritmo de su vida provocando problemas en la salud. El impacto de la ca\u00edda en personas adultas mayores frecuentemente presentan \u00a0fracturas de cadera, f\u00e9mur, mu\u00f1eca, [&hellip;]<\/p>\n","protected":false},"author":1,"featured_media":298328,"comment_status":"closed","ping_status":"open","sticky":false,"template":"","format":"standard","meta":{"_acf_changed":false,"footnotes":""},"categories":[52],"tags":[],"class_list":["post-298327","post","type-post","status-publish","format-standard","has-post-thumbnail","category-de-salud-mas-vida"],"acf":{"antetitulo":""},"yoast_head":"<!-- This site is optimized with the Yoast SEO plugin v28.4 - https:\/\/yoast.com\/product\/yoast-seo-wordpress\/ -->\n<title>C\u00d3MO PREVENIR CAIDAS Y FRACTURAS EN ADULTOS MAYORES - El Diario - Bolivia<\/title>\n<meta name=\"robots\" content=\"index, follow, max-snippet:-1, max-image-preview:large, max-video-preview:-1\" \/>\n<link rel=\"canonical\" href=\"https:\/\/www.eldiario.net\/portal\/2025\/04\/27\/como-prevenir-caidas-y-fracturas-en-adultos-mayores\/\" \/>\n<meta property=\"og:locale\" content=\"es_ES\" \/>\n<meta property=\"og:type\" content=\"article\" \/>\n<meta property=\"og:title\" content=\"C\u00d3MO PREVENIR CAIDAS Y FRACTURAS EN ADULTOS MAYORES - El Diario - Bolivia\" \/>\n<meta property=\"og:description\" content=\"Lic. Lupe Fern\u00e1ndez Calix Enfermera UMSA En la actualidad ninguna \u00a0\u00a0persona ni\u00f1os, j\u00f3venes, mujeres, personas con capacidades diferentes, adultos \u00a0mayores no \u00a0son exentos \u00a0de sufrir ca\u00eddas que puede cambiar el ritmo de su vida provocando problemas en la salud. El impacto de la ca\u00edda en personas adultas mayores frecuentemente presentan \u00a0fracturas de cadera, f\u00e9mur, mu\u00f1eca, [&hellip;]\" \/>\n<meta property=\"og:url\" content=\"https:\/\/www.eldiario.net\/portal\/2025\/04\/27\/como-prevenir-caidas-y-fracturas-en-adultos-mayores\/\" \/>\n<meta property=\"og:site_name\" content=\"El Diario - Bolivia\" \/>\n<meta property=\"article:publisher\" content=\"https:\/\/www.facebook.com\/eldiario.bolivia\/\" \/>\n<meta property=\"article:published_time\" content=\"2025-04-27T12:03:44+00:00\" \/>\n<meta property=\"og:image\" content=\"https:\/\/www.eldiario.net\/portal\/wp-content\/uploads\/2025\/04\/COMO-PREVENIR-CAIDAS-Y-FRACTURAS-EN-ADULTOS-MAYORES.jpg\" \/>\n\t<meta property=\"og:image:width\" content=\"1200\" \/>\n\t<meta property=\"og:image:height\" content=\"1660\" \/>\n\t<meta property=\"og:image:type\" content=\"image\/jpeg\" \/>\n<meta name=\"author\" content=\"Jeanette\" \/>\n<meta name=\"twitter:card\" content=\"summary_large_image\" \/>\n<meta name=\"twitter:creator\" content=\"@eldiario_net\" \/>\n<meta name=\"twitter:site\" content=\"@eldiario_net\" \/>\n<meta name=\"twitter:label1\" content=\"Escrito por\" \/>\n\t<meta name=\"twitter:data1\" content=\"Jeanette\" \/>\n\t<meta name=\"twitter:label2\" content=\"Tiempo de lectura\" \/>\n\t<meta name=\"twitter:data2\" content=\"2 minutos\" \/>\n<script type=\"application\/ld+json\" class=\"yoast-schema-graph\">{\"@context\":\"https:\\\/\\\/schema.org\",\"@graph\":[{\"@type\":\"Article\",\"@id\":\"https:\\\/\\\/www.eldiario.net\\\/portal\\\/2025\\\/04\\\/27\\\/como-prevenir-caidas-y-fracturas-en-adultos-mayores\\\/#article\",\"isPartOf\":{\"@id\":\"https:\\\/\\\/www.eldiario.net\\\/portal\\\/2025\\\/04\\\/27\\\/como-prevenir-caidas-y-fracturas-en-adultos-mayores\\\/\"},\"author\":{\"name\":\"Jeanette\",\"@id\":\"https:\\\/\\\/www.eldiario.net\\\/portal\\\/#\\\/schema\\\/person\\\/2c57cf2b7a7ae032e449e4c9b1019eac\"},\"headline\":\"C\u00d3MO PREVENIR CAIDAS Y FRACTURAS EN ADULTOS MAYORES\",\"datePublished\":\"2025-04-27T12:03:44+00:00\",\"mainEntityOfPage\":{\"@id\":\"https:\\\/\\\/www.eldiario.net\\\/portal\\\/2025\\\/04\\\/27\\\/como-prevenir-caidas-y-fracturas-en-adultos-mayores\\\/\"},\"wordCount\":303,\"publisher\":{\"@id\":\"https:\\\/\\\/www.eldiario.net\\\/portal\\\/#organization\"},\"image\":{\"@id\":\"https:\\\/\\\/www.eldiario.net\\\/portal\\\/2025\\\/04\\\/27\\\/como-prevenir-caidas-y-fracturas-en-adultos-mayores\\\/#primaryimage\"},\"thumbnailUrl\":\"https:\\\/\\\/www.eldiario.net\\\/portal\\\/wp-content\\\/uploads\\\/2025\\\/04\\\/COMO-PREVENIR-CAIDAS-Y-FRACTURAS-EN-ADULTOS-MAYORES.jpg\",\"articleSection\":[\"De Salud + vida\"],\"inLanguage\":\"es\"},{\"@type\":\"WebPage\",\"@id\":\"https:\\\/\\\/www.eldiario.net\\\/portal\\\/2025\\\/04\\\/27\\\/como-prevenir-caidas-y-fracturas-en-adultos-mayores\\\/\",\"url\":\"https:\\\/\\\/www.eldiario.net\\\/portal\\\/2025\\\/04\\\/27\\\/como-prevenir-caidas-y-fracturas-en-adultos-mayores\\\/\",\"name\":\"C\u00d3MO PREVENIR CAIDAS Y FRACTURAS EN ADULTOS MAYORES - El Diario - Bolivia\",\"isPartOf\":{\"@id\":\"https:\\\/\\\/www.eldiario.net\\\/portal\\\/#website\"},\"primaryImageOfPage\":{\"@id\":\"https:\\\/\\\/www.eldiario.net\\\/portal\\\/2025\\\/04\\\/27\\\/como-prevenir-caidas-y-fracturas-en-adultos-mayores\\\/#primaryimage\"},\"image\":{\"@id\":\"https:\\\/\\\/www.eldiario.net\\\/portal\\\/2025\\\/04\\\/27\\\/como-prevenir-caidas-y-fracturas-en-adultos-mayores\\\/#primaryimage\"},\"thumbnailUrl\":\"https:\\\/\\\/www.eldiario.net\\\/portal\\\/wp-content\\\/uploads\\\/2025\\\/04\\\/COMO-PREVENIR-CAIDAS-Y-FRACTURAS-EN-ADULTOS-MAYORES.jpg\",\"datePublished\":\"2025-04-27T12:03:44+00:00\",\"breadcrumb\":{\"@id\":\"https:\\\/\\\/www.eldiario.net\\\/portal\\\/2025\\\/04\\\/27\\\/como-prevenir-caidas-y-fracturas-en-adultos-mayores\\\/#breadcrumb\"},\"inLanguage\":\"es\",\"potentialAction\":[{\"@type\":\"ReadAction\",\"target\":[\"https:\\\/\\\/www.eldiario.net\\\/portal\\\/2025\\\/04\\\/27\\\/como-prevenir-caidas-y-fracturas-en-adultos-mayores\\\/\"]}]},{\"@type\":\"ImageObject\",\"inLanguage\":\"es\",\"@id\":\"https:\\\/\\\/www.eldiario.net\\\/portal\\\/2025\\\/04\\\/27\\\/como-prevenir-caidas-y-fracturas-en-adultos-mayores\\\/#primaryimage\",\"url\":\"https:\\\/\\\/www.eldiario.net\\\/portal\\\/wp-content\\\/uploads\\\/2025\\\/04\\\/COMO-PREVENIR-CAIDAS-Y-FRACTURAS-EN-ADULTOS-MAYORES.jpg\",\"contentUrl\":\"https:\\\/\\\/www.eldiario.net\\\/portal\\\/wp-content\\\/uploads\\\/2025\\\/04\\\/COMO-PREVENIR-CAIDAS-Y-FRACTURAS-EN-ADULTOS-MAYORES.jpg\",\"width\":1200,\"height\":1660},{\"@type\":\"BreadcrumbList\",\"@id\":\"https:\\\/\\\/www.eldiario.net\\\/portal\\\/2025\\\/04\\\/27\\\/como-prevenir-caidas-y-fracturas-en-adultos-mayores\\\/#breadcrumb\",\"itemListElement\":[{\"@type\":\"ListItem\",\"position\":1,\"name\":\"Portada\",\"item\":\"https:\\\/\\\/www.eldiario.net\\\/portal\\\/\"},{\"@type\":\"ListItem\",\"position\":2,\"name\":\"C\u00d3MO PREVENIR CAIDAS Y FRACTURAS EN ADULTOS MAYORES\"}]},{\"@type\":\"WebSite\",\"@id\":\"https:\\\/\\\/www.eldiario.net\\\/portal\\\/#website\",\"url\":\"https:\\\/\\\/www.eldiario.net\\\/portal\\\/\",\"name\":\"El Diario - Decano de la prensa nacional\",\"description\":\"El Diario - Decano de la prensa nacional\",\"publisher\":{\"@id\":\"https:\\\/\\\/www.eldiario.net\\\/portal\\\/#organization\"},\"potentialAction\":[{\"@type\":\"SearchAction\",\"target\":{\"@type\":\"EntryPoint\",\"urlTemplate\":\"https:\\\/\\\/www.eldiario.net\\\/portal\\\/?s={search_term_string}\"},\"query-input\":{\"@type\":\"PropertyValueSpecification\",\"valueRequired\":true,\"valueName\":\"search_term_string\"}}],\"inLanguage\":\"es\"},{\"@type\":\"Organization\",\"@id\":\"https:\\\/\\\/www.eldiario.net\\\/portal\\\/#organization\",\"name\":\"El Diario - Decano de la prensa nacional\",\"url\":\"https:\\\/\\\/www.eldiario.net\\\/portal\\\/\",\"logo\":{\"@type\":\"ImageObject\",\"inLanguage\":\"es\",\"@id\":\"https:\\\/\\\/www.eldiario.net\\\/portal\\\/#\\\/schema\\\/logo\\\/image\\\/\",\"url\":\"https:\\\/\\\/www.eldiario.net\\\/portal\\\/wp-content\\\/uploads\\\/2023\\\/07\\\/logo_ED.jpg\",\"contentUrl\":\"https:\\\/\\\/www.eldiario.net\\\/portal\\\/wp-content\\\/uploads\\\/2023\\\/07\\\/logo_ED.jpg\",\"width\":272,\"height\":52,\"caption\":\"El Diario - Decano de la prensa nacional\"},\"image\":{\"@id\":\"https:\\\/\\\/www.eldiario.net\\\/portal\\\/#\\\/schema\\\/logo\\\/image\\\/\"},\"sameAs\":[\"https:\\\/\\\/www.facebook.com\\\/eldiario.bolivia\\\/\",\"https:\\\/\\\/x.com\\\/eldiario_net\"]},{\"@type\":\"Person\",\"@id\":\"https:\\\/\\\/www.eldiario.net\\\/portal\\\/#\\\/schema\\\/person\\\/2c57cf2b7a7ae032e449e4c9b1019eac\",\"name\":\"Jeanette\",\"image\":{\"@type\":\"ImageObject\",\"inLanguage\":\"es\",\"@id\":\"https:\\\/\\\/secure.gravatar.com\\\/avatar\\\/3ea2118a5f7dad2b7138b1187a6b7ee55f160b9968b66013c3a3ef39dd7e5798?s=96&d=mm&r=g\",\"url\":\"https:\\\/\\\/secure.gravatar.com\\\/avatar\\\/3ea2118a5f7dad2b7138b1187a6b7ee55f160b9968b66013c3a3ef39dd7e5798?s=96&d=mm&r=g\",\"contentUrl\":\"https:\\\/\\\/secure.gravatar.com\\\/avatar\\\/3ea2118a5f7dad2b7138b1187a6b7ee55f160b9968b66013c3a3ef39dd7e5798?s=96&d=mm&r=g\",\"caption\":\"Jeanette\"},\"sameAs\":[\"https:\\\/\\\/www.eldiario.net\\\/portal\"],\"url\":\"https:\\\/\\\/www.eldiario.net\\\/portal\\\/author\\\/jeanette\\\/\"}]}<\/script>\n<!-- \/ Yoast SEO plugin. -->","yoast_head_json":{"title":"C\u00d3MO PREVENIR CAIDAS Y FRACTURAS EN ADULTOS MAYORES - El Diario - Bolivia","robots":{"index":"index","follow":"follow","max-snippet":"max-snippet:-1","max-image-preview":"max-image-preview:large","max-video-preview":"max-video-preview:-1"},"canonical":"https:\/\/www.eldiario.net\/portal\/2025\/04\/27\/como-prevenir-caidas-y-fracturas-en-adultos-mayores\/","og_locale":"es_ES","og_type":"article","og_title":"C\u00d3MO PREVENIR CAIDAS Y FRACTURAS EN ADULTOS MAYORES - El Diario - Bolivia","og_description":"Lic. Lupe Fern\u00e1ndez Calix Enfermera UMSA En la actualidad ninguna \u00a0\u00a0persona ni\u00f1os, j\u00f3venes, mujeres, personas con capacidades diferentes, adultos \u00a0mayores no \u00a0son exentos \u00a0de sufrir ca\u00eddas que puede cambiar el ritmo de su vida provocando problemas en la salud. El impacto de la ca\u00edda en personas adultas mayores frecuentemente presentan \u00a0fracturas de cadera, f\u00e9mur, mu\u00f1eca, [&hellip;]","og_url":"https:\/\/www.eldiario.net\/portal\/2025\/04\/27\/como-prevenir-caidas-y-fracturas-en-adultos-mayores\/","og_site_name":"El Diario - Bolivia","article_publisher":"https:\/\/www.facebook.com\/eldiario.bolivia\/","article_published_time":"2025-04-27T12:03:44+00:00","og_image":[{"width":1200,"height":1660,"url":"https:\/\/www.eldiario.net\/portal\/wp-content\/uploads\/2025\/04\/COMO-PREVENIR-CAIDAS-Y-FRACTURAS-EN-ADULTOS-MAYORES.jpg","type":"image\/jpeg"}],"author":"Jeanette","twitter_card":"summary_large_image","twitter_creator":"@eldiario_net","twitter_site":"@eldiario_net","twitter_misc":{"Escrito por":"Jeanette","Tiempo de lectura":"2 minutos"},"schema":{"@context":"https:\/\/schema.org","@graph":[{"@type":"Article","@id":"https:\/\/www.eldiario.net\/portal\/2025\/04\/27\/como-prevenir-caidas-y-fracturas-en-adultos-mayores\/#article","isPartOf":{"@id":"https:\/\/www.eldiario.net\/portal\/2025\/04\/27\/como-prevenir-caidas-y-fracturas-en-adultos-mayores\/"},"author":{"name":"Jeanette","@id":"https:\/\/www.eldiario.net\/portal\/#\/schema\/person\/2c57cf2b7a7ae032e449e4c9b1019eac"},"headline":"C\u00d3MO PREVENIR CAIDAS Y FRACTURAS EN ADULTOS MAYORES","datePublished":"2025-04-27T12:03:44+00:00","mainEntityOfPage":{"@id":"https:\/\/www.eldiario.net\/portal\/2025\/04\/27\/como-prevenir-caidas-y-fracturas-en-adultos-mayores\/"},"wordCount":303,"publisher":{"@id":"https:\/\/www.eldiario.net\/portal\/#organization"},"image":{"@id":"https:\/\/www.eldiario.net\/portal\/2025\/04\/27\/como-prevenir-caidas-y-fracturas-en-adultos-mayores\/#primaryimage"},"thumbnailUrl":"https:\/\/www.eldiario.net\/portal\/wp-content\/uploads\/2025\/04\/COMO-PREVENIR-CAIDAS-Y-FRACTURAS-EN-ADULTOS-MAYORES.jpg","articleSection":["De Salud + vida"],"inLanguage":"es"},{"@type":"WebPage","@id":"https:\/\/www.eldiario.net\/portal\/2025\/04\/27\/como-prevenir-caidas-y-fracturas-en-adultos-mayores\/","url":"https:\/\/www.eldiario.net\/portal\/2025\/04\/27\/como-prevenir-caidas-y-fracturas-en-adultos-mayores\/","name":"C\u00d3MO PREVENIR CAIDAS Y FRACTURAS EN ADULTOS MAYORES - El Diario - Bolivia","isPartOf":{"@id":"https:\/\/www.eldiario.net\/portal\/#website"},"primaryImageOfPage":{"@id":"https:\/\/www.eldiario.net\/portal\/2025\/04\/27\/como-prevenir-caidas-y-fracturas-en-adultos-mayores\/#primaryimage"},"image":{"@id":"https:\/\/www.eldiario.net\/portal\/2025\/04\/27\/como-prevenir-caidas-y-fracturas-en-adultos-mayores\/#primaryimage"},"thumbnailUrl":"https:\/\/www.eldiario.net\/portal\/wp-content\/uploads\/2025\/04\/COMO-PREVENIR-CAIDAS-Y-FRACTURAS-EN-ADULTOS-MAYORES.jpg","datePublished":"2025-04-27T12:03:44+00:00","breadcrumb":{"@id":"https:\/\/www.eldiario.net\/portal\/2025\/04\/27\/como-prevenir-caidas-y-fracturas-en-adultos-mayores\/#breadcrumb"},"inLanguage":"es","potentialAction":[{"@type":"ReadAction","target":["https:\/\/www.eldiario.net\/portal\/2025\/04\/27\/como-prevenir-caidas-y-fracturas-en-adultos-mayores\/"]}]},{"@type":"ImageObject","inLanguage":"es","@id":"https:\/\/www.eldiario.net\/portal\/2025\/04\/27\/como-prevenir-caidas-y-fracturas-en-adultos-mayores\/#primaryimage","url":"https:\/\/www.eldiario.net\/portal\/wp-content\/uploads\/2025\/04\/COMO-PREVENIR-CAIDAS-Y-FRACTURAS-EN-ADULTOS-MAYORES.jpg","contentUrl":"https:\/\/www.eldiario.net\/portal\/wp-content\/uploads\/2025\/04\/COMO-PREVENIR-CAIDAS-Y-FRACTURAS-EN-ADULTOS-MAYORES.jpg","width":1200,"height":1660},{"@type":"BreadcrumbList","@id":"https:\/\/www.eldiario.net\/portal\/2025\/04\/27\/como-prevenir-caidas-y-fracturas-en-adultos-mayores\/#breadcrumb","itemListElement":[{"@type":"ListItem","position":1,"name":"Portada","item":"https:\/\/www.eldiario.net\/portal\/"},{"@type":"ListItem","position":2,"name":"C\u00d3MO PREVENIR CAIDAS Y FRACTURAS EN ADULTOS MAYORES"}]},{"@type":"WebSite","@id":"https:\/\/www.eldiario.net\/portal\/#website","url":"https:\/\/www.eldiario.net\/portal\/","name":"El Diario - Decano de la prensa nacional","description":"El Diario - Decano de la prensa nacional","publisher":{"@id":"https:\/\/www.eldiario.net\/portal\/#organization"},"potentialAction":[{"@type":"SearchAction","target":{"@type":"EntryPoint","urlTemplate":"https:\/\/www.eldiario.net\/portal\/?s={search_term_string}"},"query-input":{"@type":"PropertyValueSpecification","valueRequired":true,"valueName":"search_term_string"}}],"inLanguage":"es"},{"@type":"Organization","@id":"https:\/\/www.eldiario.net\/portal\/#organization","name":"El Diario - Decano de la prensa nacional","url":"https:\/\/www.eldiario.net\/portal\/","logo":{"@type":"ImageObject","inLanguage":"es","@id":"https:\/\/www.eldiario.net\/portal\/#\/schema\/logo\/image\/","url":"https:\/\/www.eldiario.net\/portal\/wp-content\/uploads\/2023\/07\/logo_ED.jpg","contentUrl":"https:\/\/www.eldiario.net\/portal\/wp-content\/uploads\/2023\/07\/logo_ED.jpg","width":272,"height":52,"caption":"El Diario - Decano de la prensa nacional"},"image":{"@id":"https:\/\/www.eldiario.net\/portal\/#\/schema\/logo\/image\/"},"sameAs":["https:\/\/www.facebook.com\/eldiario.bolivia\/","https:\/\/x.com\/eldiario_net"]},{"@type":"Person","@id":"https:\/\/www.eldiario.net\/portal\/#\/schema\/person\/2c57cf2b7a7ae032e449e4c9b1019eac","name":"Jeanette","image":{"@type":"ImageObject","inLanguage":"es","@id":"https:\/\/secure.gravatar.com\/avatar\/3ea2118a5f7dad2b7138b1187a6b7ee55f160b9968b66013c3a3ef39dd7e5798?s=96&d=mm&r=g","url":"https:\/\/secure.gravatar.com\/avatar\/3ea2118a5f7dad2b7138b1187a6b7ee55f160b9968b66013c3a3ef39dd7e5798?s=96&d=mm&r=g","contentUrl":"https:\/\/secure.gravatar.com\/avatar\/3ea2118a5f7dad2b7138b1187a6b7ee55f160b9968b66013c3a3ef39dd7e5798?s=96&d=mm&r=g","caption":"Jeanette"},"sameAs":["https:\/\/www.eldiario.net\/portal"],"url":"https:\/\/www.eldiario.net\/portal\/author\/jeanette\/"}]}},"_links":{"self":[{"href":"https:\/\/www.eldiario.net\/portal\/wp-json\/wp\/v2\/posts\/298327","targetHints":{"allow":["GET"]}}],"collection":[{"href":"https:\/\/www.eldiario.net\/portal\/wp-json\/wp\/v2\/posts"}],"about":[{"href":"https:\/\/www.eldiario.net\/portal\/wp-json\/wp\/v2\/types\/post"}],"author":[{"embeddable":true,"href":"https:\/\/www.eldiario.net\/portal\/wp-json\/wp\/v2\/users\/1"}],"replies":[{"embeddable":true,"href":"https:\/\/www.eldiario.net\/portal\/wp-json\/wp\/v2\/comments?post=298327"}],"version-history":[{"count":1,"href":"https:\/\/www.eldiario.net\/portal\/wp-json\/wp\/v2\/posts\/298327\/revisions"}],"predecessor-version":[{"id":298329,"href":"https:\/\/www.eldiario.net\/portal\/wp-json\/wp\/v2\/posts\/298327\/revisions\/298329"}],"wp:featuredmedia":[{"embeddable":true,"href":"https:\/\/www.eldiario.net\/portal\/wp-json\/wp\/v2\/media\/298328"}],"wp:attachment":[{"href":"https:\/\/www.eldiario.net\/portal\/wp-json\/wp\/v2\/media?parent=298327"}],"wp:term":[{"taxonomy":"category","embeddable":true,"href":"https:\/\/www.eldiario.net\/portal\/wp-json\/wp\/v2\/categories?post=298327"},{"taxonomy":"post_tag","embeddable":true,"href":"https:\/\/www.eldiario.net\/portal\/wp-json\/wp\/v2\/tags?post=298327"}],"curies":[{"name":"wp","href":"https:\/\/api.w.org\/{rel}","templated":true}]}}