{"id":298324,"date":"2025-04-27T08:03:05","date_gmt":"2025-04-27T12:03:05","guid":{"rendered":"https:\/\/www.eldiario.net\/portal\/?p=298324"},"modified":"2025-04-27T08:03:05","modified_gmt":"2025-04-27T12:03:05","slug":"consecuencias-por-la-perdida-de-molares-2","status":"publish","type":"post","link":"https:\/\/www.eldiario.net\/portal\/2025\/04\/27\/consecuencias-por-la-perdida-de-molares-2\/","title":{"rendered":"CONSECUENCIAS POR LA P\u00c9RDIDA DE MOLARES"},"content":{"rendered":"<p><strong>Dr. Franklin Novoa Flores \u2013 Especialista en Ortodoncia ortopedia &#8211; 72022459<\/strong><\/p>\n<p>Antes era muy com\u00fan la extracci\u00f3n dental cuando sent\u00edan mucho dolor las quitaban, porque la endodoncia no era una pr\u00e1ctica muy com\u00fan tampoco hab\u00eda mucha cultura de la higiene bucal, hay muchos pacientes que llegan con la parte posterior sin dientes arriba y abajo esto a trav\u00e9s de los a\u00f1os causa muchas alteraciones.<\/p>\n<p>Uno de ellos es la perdida de dimensi\u00f3n vertical, es la altura que hay entre el maxilar superior y la mand\u00edbula cuando se desgasta los dientes o se pierden los molares la altura se va disminuyendo, cambiando su aspecto facial. La mand\u00edbula se va adelantar o protruir como sobresaliente llevando as\u00ed los dientes inferiores tambi\u00e9n hacia adelante.<\/p>\n<p>Como no tienen muelas para masticar llevan adelante el bolo alimenticio para masticar con los incisivos superiores e inferiores posicionando la mand\u00edbula m\u00e1s hacia adelante, provocando una desprogramaci\u00f3n de la mand\u00edbula en una posici\u00f3n no normal mordiendo borde a borde con los dientes. Los dientes de adelante no sirven para triturar los alimentos sirven para cortar de esta manera se juega con fuerzas que puede a larga provocar desgaste de los incisivos y movilidad dentaria.<\/p>\n<p>Tambi\u00e9n se presentan las abfracciones a nivel del cuello de los dientes, es decir tienen un desgaste en forma de cu\u00f1a donde el paciente confunde con caries, provocado por traumatismo severo en los dientes de adelante por la presi\u00f3n al masticar.<\/p>\n<p>A veces se encuentra peque\u00f1as cavidades o fosas en la superficie oclusal por las fuerzas de presi\u00f3n incorrecta que se realiza al masticar llamado efecto piezoel\u00e9ctrico, ahora que pasa con la lengua cuando hay ausencia de las piezas posteriores al pasar la saliva llevan la lengua hacia atr\u00e1s, para que no pase la saliva hacia adelante a trav\u00e9s de los espacios que faltan los molares adquiriendo una mala posici\u00f3n en su espacio normal de la lengua, expandi\u00e9ndose por que tratara de compensar esos espacios cuando se les realiza una pr\u00f3tesis despu\u00e9s de estar ausente por mucho tiempo llegan a morderse la lengua, porque se acostumbr\u00f3 a la nueva posici\u00f3n de la lengua tambi\u00e9n obstruye la v\u00eda a\u00e9rea por la nueva posici\u00f3n y pueden a llegar a tener apnea del sue\u00f1o y ronquidos.<\/p>\n<p>Presentan tambi\u00e9n dolor articular, la posici\u00f3n natural del c\u00f3ndilo o posici\u00f3n c\u00e9ntrica se altera por la rotaci\u00f3n mandibular por ausencia de dientes en la regi\u00f3n posterior y desgaste de los dientes anteriores haciendo que la posici\u00f3n del c\u00f3ndilo cambie provocando molestias en el o\u00eddo como tinitus.<\/p>\n<p>En la perdida de molares, empieza a perder hueso porque ya no recibe estimulo por la masticaci\u00f3n y un complejo de reabsorci\u00f3n y regeneraci\u00f3n \u00f3sea, con el tiempo se va reduciendo m\u00e1s, suele pasar m\u00e1s en la mand\u00edbula donde despu\u00e9s dificulta los implantes dentales al colocar por la p\u00e9rdida de hueso, en la perdida de los molares superiores los senos maxilares se ampl\u00edan mas con el tiempo limitando tambi\u00e9n al colocar los implantes, tomando m\u00e1s tiempo para su tratamiento.<\/p>\n","protected":false},"excerpt":{"rendered":"<p>Dr. Franklin Novoa Flores \u2013 Especialista en Ortodoncia ortopedia &#8211; 72022459 Antes era muy com\u00fan la extracci\u00f3n dental cuando sent\u00edan mucho dolor las quitaban, porque la endodoncia no era una pr\u00e1ctica muy com\u00fan tampoco hab\u00eda mucha cultura de la higiene bucal, hay muchos pacientes que llegan con la parte posterior sin dientes arriba y abajo [&hellip;]<\/p>\n","protected":false},"author":1,"featured_media":298325,"comment_status":"closed","ping_status":"open","sticky":false,"template":"","format":"standard","meta":{"_acf_changed":false,"footnotes":""},"categories":[52],"tags":[],"class_list":["post-298324","post","type-post","status-publish","format-standard","has-post-thumbnail","category-de-salud-mas-vida"],"acf":{"antetitulo":""},"yoast_head":"<!-- This site is optimized with the Yoast SEO plugin v28.4 - https:\/\/yoast.com\/product\/yoast-seo-wordpress\/ -->\n<title>CONSECUENCIAS POR LA P\u00c9RDIDA DE MOLARES - El Diario - Bolivia<\/title>\n<meta name=\"robots\" content=\"index, follow, max-snippet:-1, max-image-preview:large, max-video-preview:-1\" \/>\n<link rel=\"canonical\" href=\"https:\/\/www.eldiario.net\/portal\/2025\/04\/27\/consecuencias-por-la-perdida-de-molares-2\/\" \/>\n<meta property=\"og:locale\" content=\"es_ES\" \/>\n<meta property=\"og:type\" content=\"article\" \/>\n<meta property=\"og:title\" content=\"CONSECUENCIAS POR LA P\u00c9RDIDA DE MOLARES - El Diario - Bolivia\" \/>\n<meta property=\"og:description\" content=\"Dr. Franklin Novoa Flores \u2013 Especialista en Ortodoncia ortopedia &#8211; 72022459 Antes era muy com\u00fan la extracci\u00f3n dental cuando sent\u00edan mucho dolor las quitaban, porque la endodoncia no era una pr\u00e1ctica muy com\u00fan tampoco hab\u00eda mucha cultura de la higiene bucal, hay muchos pacientes que llegan con la parte posterior sin dientes arriba y abajo [&hellip;]\" \/>\n<meta property=\"og:url\" content=\"https:\/\/www.eldiario.net\/portal\/2025\/04\/27\/consecuencias-por-la-perdida-de-molares-2\/\" \/>\n<meta property=\"og:site_name\" content=\"El Diario - Bolivia\" \/>\n<meta property=\"article:publisher\" content=\"https:\/\/www.facebook.com\/eldiario.bolivia\/\" \/>\n<meta property=\"article:published_time\" content=\"2025-04-27T12:03:05+00:00\" \/>\n<meta property=\"og:image\" content=\"https:\/\/www.eldiario.net\/portal\/wp-content\/uploads\/2025\/04\/CONSECUENCIAS-POR-LA-PERDIDA-DE-MOLARES.jpg\" \/>\n\t<meta property=\"og:image:width\" content=\"506\" \/>\n\t<meta property=\"og:image:height\" content=\"395\" \/>\n\t<meta property=\"og:image:type\" content=\"image\/jpeg\" \/>\n<meta name=\"author\" content=\"Jeanette\" \/>\n<meta name=\"twitter:card\" content=\"summary_large_image\" \/>\n<meta name=\"twitter:creator\" content=\"@eldiario_net\" \/>\n<meta name=\"twitter:site\" content=\"@eldiario_net\" \/>\n<meta name=\"twitter:label1\" content=\"Escrito por\" \/>\n\t<meta name=\"twitter:data1\" content=\"Jeanette\" \/>\n\t<meta name=\"twitter:label2\" content=\"Tiempo de lectura\" \/>\n\t<meta name=\"twitter:data2\" content=\"3 minutos\" \/>\n<script type=\"application\/ld+json\" class=\"yoast-schema-graph\">{\"@context\":\"https:\\\/\\\/schema.org\",\"@graph\":[{\"@type\":\"Article\",\"@id\":\"https:\\\/\\\/www.eldiario.net\\\/portal\\\/2025\\\/04\\\/27\\\/consecuencias-por-la-perdida-de-molares-2\\\/#article\",\"isPartOf\":{\"@id\":\"https:\\\/\\\/www.eldiario.net\\\/portal\\\/2025\\\/04\\\/27\\\/consecuencias-por-la-perdida-de-molares-2\\\/\"},\"author\":{\"name\":\"Jeanette\",\"@id\":\"https:\\\/\\\/www.eldiario.net\\\/portal\\\/#\\\/schema\\\/person\\\/2c57cf2b7a7ae032e449e4c9b1019eac\"},\"headline\":\"CONSECUENCIAS POR LA P\u00c9RDIDA DE MOLARES\",\"datePublished\":\"2025-04-27T12:03:05+00:00\",\"mainEntityOfPage\":{\"@id\":\"https:\\\/\\\/www.eldiario.net\\\/portal\\\/2025\\\/04\\\/27\\\/consecuencias-por-la-perdida-de-molares-2\\\/\"},\"wordCount\":555,\"publisher\":{\"@id\":\"https:\\\/\\\/www.eldiario.net\\\/portal\\\/#organization\"},\"image\":{\"@id\":\"https:\\\/\\\/www.eldiario.net\\\/portal\\\/2025\\\/04\\\/27\\\/consecuencias-por-la-perdida-de-molares-2\\\/#primaryimage\"},\"thumbnailUrl\":\"https:\\\/\\\/www.eldiario.net\\\/portal\\\/wp-content\\\/uploads\\\/2025\\\/04\\\/CONSECUENCIAS-POR-LA-PERDIDA-DE-MOLARES.jpg\",\"articleSection\":[\"De Salud + vida\"],\"inLanguage\":\"es\"},{\"@type\":\"WebPage\",\"@id\":\"https:\\\/\\\/www.eldiario.net\\\/portal\\\/2025\\\/04\\\/27\\\/consecuencias-por-la-perdida-de-molares-2\\\/\",\"url\":\"https:\\\/\\\/www.eldiario.net\\\/portal\\\/2025\\\/04\\\/27\\\/consecuencias-por-la-perdida-de-molares-2\\\/\",\"name\":\"CONSECUENCIAS POR LA P\u00c9RDIDA DE MOLARES - El Diario - Bolivia\",\"isPartOf\":{\"@id\":\"https:\\\/\\\/www.eldiario.net\\\/portal\\\/#website\"},\"primaryImageOfPage\":{\"@id\":\"https:\\\/\\\/www.eldiario.net\\\/portal\\\/2025\\\/04\\\/27\\\/consecuencias-por-la-perdida-de-molares-2\\\/#primaryimage\"},\"image\":{\"@id\":\"https:\\\/\\\/www.eldiario.net\\\/portal\\\/2025\\\/04\\\/27\\\/consecuencias-por-la-perdida-de-molares-2\\\/#primaryimage\"},\"thumbnailUrl\":\"https:\\\/\\\/www.eldiario.net\\\/portal\\\/wp-content\\\/uploads\\\/2025\\\/04\\\/CONSECUENCIAS-POR-LA-PERDIDA-DE-MOLARES.jpg\",\"datePublished\":\"2025-04-27T12:03:05+00:00\",\"breadcrumb\":{\"@id\":\"https:\\\/\\\/www.eldiario.net\\\/portal\\\/2025\\\/04\\\/27\\\/consecuencias-por-la-perdida-de-molares-2\\\/#breadcrumb\"},\"inLanguage\":\"es\",\"potentialAction\":[{\"@type\":\"ReadAction\",\"target\":[\"https:\\\/\\\/www.eldiario.net\\\/portal\\\/2025\\\/04\\\/27\\\/consecuencias-por-la-perdida-de-molares-2\\\/\"]}]},{\"@type\":\"ImageObject\",\"inLanguage\":\"es\",\"@id\":\"https:\\\/\\\/www.eldiario.net\\\/portal\\\/2025\\\/04\\\/27\\\/consecuencias-por-la-perdida-de-molares-2\\\/#primaryimage\",\"url\":\"https:\\\/\\\/www.eldiario.net\\\/portal\\\/wp-content\\\/uploads\\\/2025\\\/04\\\/CONSECUENCIAS-POR-LA-PERDIDA-DE-MOLARES.jpg\",\"contentUrl\":\"https:\\\/\\\/www.eldiario.net\\\/portal\\\/wp-content\\\/uploads\\\/2025\\\/04\\\/CONSECUENCIAS-POR-LA-PERDIDA-DE-MOLARES.jpg\",\"width\":506,\"height\":395},{\"@type\":\"BreadcrumbList\",\"@id\":\"https:\\\/\\\/www.eldiario.net\\\/portal\\\/2025\\\/04\\\/27\\\/consecuencias-por-la-perdida-de-molares-2\\\/#breadcrumb\",\"itemListElement\":[{\"@type\":\"ListItem\",\"position\":1,\"name\":\"Portada\",\"item\":\"https:\\\/\\\/www.eldiario.net\\\/portal\\\/\"},{\"@type\":\"ListItem\",\"position\":2,\"name\":\"CONSECUENCIAS POR LA P\u00c9RDIDA DE MOLARES\"}]},{\"@type\":\"WebSite\",\"@id\":\"https:\\\/\\\/www.eldiario.net\\\/portal\\\/#website\",\"url\":\"https:\\\/\\\/www.eldiario.net\\\/portal\\\/\",\"name\":\"El Diario - Decano de la prensa nacional\",\"description\":\"El Diario - Decano de la prensa nacional\",\"publisher\":{\"@id\":\"https:\\\/\\\/www.eldiario.net\\\/portal\\\/#organization\"},\"potentialAction\":[{\"@type\":\"SearchAction\",\"target\":{\"@type\":\"EntryPoint\",\"urlTemplate\":\"https:\\\/\\\/www.eldiario.net\\\/portal\\\/?s={search_term_string}\"},\"query-input\":{\"@type\":\"PropertyValueSpecification\",\"valueRequired\":true,\"valueName\":\"search_term_string\"}}],\"inLanguage\":\"es\"},{\"@type\":\"Organization\",\"@id\":\"https:\\\/\\\/www.eldiario.net\\\/portal\\\/#organization\",\"name\":\"El Diario - Decano de la prensa nacional\",\"url\":\"https:\\\/\\\/www.eldiario.net\\\/portal\\\/\",\"logo\":{\"@type\":\"ImageObject\",\"inLanguage\":\"es\",\"@id\":\"https:\\\/\\\/www.eldiario.net\\\/portal\\\/#\\\/schema\\\/logo\\\/image\\\/\",\"url\":\"https:\\\/\\\/www.eldiario.net\\\/portal\\\/wp-content\\\/uploads\\\/2023\\\/07\\\/logo_ED.jpg\",\"contentUrl\":\"https:\\\/\\\/www.eldiario.net\\\/portal\\\/wp-content\\\/uploads\\\/2023\\\/07\\\/logo_ED.jpg\",\"width\":272,\"height\":52,\"caption\":\"El Diario - Decano de la prensa nacional\"},\"image\":{\"@id\":\"https:\\\/\\\/www.eldiario.net\\\/portal\\\/#\\\/schema\\\/logo\\\/image\\\/\"},\"sameAs\":[\"https:\\\/\\\/www.facebook.com\\\/eldiario.bolivia\\\/\",\"https:\\\/\\\/x.com\\\/eldiario_net\"]},{\"@type\":\"Person\",\"@id\":\"https:\\\/\\\/www.eldiario.net\\\/portal\\\/#\\\/schema\\\/person\\\/2c57cf2b7a7ae032e449e4c9b1019eac\",\"name\":\"Jeanette\",\"image\":{\"@type\":\"ImageObject\",\"inLanguage\":\"es\",\"@id\":\"https:\\\/\\\/secure.gravatar.com\\\/avatar\\\/3ea2118a5f7dad2b7138b1187a6b7ee55f160b9968b66013c3a3ef39dd7e5798?s=96&d=mm&r=g\",\"url\":\"https:\\\/\\\/secure.gravatar.com\\\/avatar\\\/3ea2118a5f7dad2b7138b1187a6b7ee55f160b9968b66013c3a3ef39dd7e5798?s=96&d=mm&r=g\",\"contentUrl\":\"https:\\\/\\\/secure.gravatar.com\\\/avatar\\\/3ea2118a5f7dad2b7138b1187a6b7ee55f160b9968b66013c3a3ef39dd7e5798?s=96&d=mm&r=g\",\"caption\":\"Jeanette\"},\"sameAs\":[\"https:\\\/\\\/www.eldiario.net\\\/portal\"],\"url\":\"https:\\\/\\\/www.eldiario.net\\\/portal\\\/author\\\/jeanette\\\/\"}]}<\/script>\n<!-- \/ Yoast SEO plugin. -->","yoast_head_json":{"title":"CONSECUENCIAS POR LA P\u00c9RDIDA DE MOLARES - El Diario - Bolivia","robots":{"index":"index","follow":"follow","max-snippet":"max-snippet:-1","max-image-preview":"max-image-preview:large","max-video-preview":"max-video-preview:-1"},"canonical":"https:\/\/www.eldiario.net\/portal\/2025\/04\/27\/consecuencias-por-la-perdida-de-molares-2\/","og_locale":"es_ES","og_type":"article","og_title":"CONSECUENCIAS POR LA P\u00c9RDIDA DE MOLARES - El Diario - Bolivia","og_description":"Dr. Franklin Novoa Flores \u2013 Especialista en Ortodoncia ortopedia &#8211; 72022459 Antes era muy com\u00fan la extracci\u00f3n dental cuando sent\u00edan mucho dolor las quitaban, porque la endodoncia no era una pr\u00e1ctica muy com\u00fan tampoco hab\u00eda mucha cultura de la higiene bucal, hay muchos pacientes que llegan con la parte posterior sin dientes arriba y abajo [&hellip;]","og_url":"https:\/\/www.eldiario.net\/portal\/2025\/04\/27\/consecuencias-por-la-perdida-de-molares-2\/","og_site_name":"El Diario - Bolivia","article_publisher":"https:\/\/www.facebook.com\/eldiario.bolivia\/","article_published_time":"2025-04-27T12:03:05+00:00","og_image":[{"width":506,"height":395,"url":"https:\/\/www.eldiario.net\/portal\/wp-content\/uploads\/2025\/04\/CONSECUENCIAS-POR-LA-PERDIDA-DE-MOLARES.jpg","type":"image\/jpeg"}],"author":"Jeanette","twitter_card":"summary_large_image","twitter_creator":"@eldiario_net","twitter_site":"@eldiario_net","twitter_misc":{"Escrito por":"Jeanette","Tiempo de lectura":"3 minutos"},"schema":{"@context":"https:\/\/schema.org","@graph":[{"@type":"Article","@id":"https:\/\/www.eldiario.net\/portal\/2025\/04\/27\/consecuencias-por-la-perdida-de-molares-2\/#article","isPartOf":{"@id":"https:\/\/www.eldiario.net\/portal\/2025\/04\/27\/consecuencias-por-la-perdida-de-molares-2\/"},"author":{"name":"Jeanette","@id":"https:\/\/www.eldiario.net\/portal\/#\/schema\/person\/2c57cf2b7a7ae032e449e4c9b1019eac"},"headline":"CONSECUENCIAS POR LA P\u00c9RDIDA DE MOLARES","datePublished":"2025-04-27T12:03:05+00:00","mainEntityOfPage":{"@id":"https:\/\/www.eldiario.net\/portal\/2025\/04\/27\/consecuencias-por-la-perdida-de-molares-2\/"},"wordCount":555,"publisher":{"@id":"https:\/\/www.eldiario.net\/portal\/#organization"},"image":{"@id":"https:\/\/www.eldiario.net\/portal\/2025\/04\/27\/consecuencias-por-la-perdida-de-molares-2\/#primaryimage"},"thumbnailUrl":"https:\/\/www.eldiario.net\/portal\/wp-content\/uploads\/2025\/04\/CONSECUENCIAS-POR-LA-PERDIDA-DE-MOLARES.jpg","articleSection":["De Salud + vida"],"inLanguage":"es"},{"@type":"WebPage","@id":"https:\/\/www.eldiario.net\/portal\/2025\/04\/27\/consecuencias-por-la-perdida-de-molares-2\/","url":"https:\/\/www.eldiario.net\/portal\/2025\/04\/27\/consecuencias-por-la-perdida-de-molares-2\/","name":"CONSECUENCIAS POR LA P\u00c9RDIDA DE MOLARES - El Diario - Bolivia","isPartOf":{"@id":"https:\/\/www.eldiario.net\/portal\/#website"},"primaryImageOfPage":{"@id":"https:\/\/www.eldiario.net\/portal\/2025\/04\/27\/consecuencias-por-la-perdida-de-molares-2\/#primaryimage"},"image":{"@id":"https:\/\/www.eldiario.net\/portal\/2025\/04\/27\/consecuencias-por-la-perdida-de-molares-2\/#primaryimage"},"thumbnailUrl":"https:\/\/www.eldiario.net\/portal\/wp-content\/uploads\/2025\/04\/CONSECUENCIAS-POR-LA-PERDIDA-DE-MOLARES.jpg","datePublished":"2025-04-27T12:03:05+00:00","breadcrumb":{"@id":"https:\/\/www.eldiario.net\/portal\/2025\/04\/27\/consecuencias-por-la-perdida-de-molares-2\/#breadcrumb"},"inLanguage":"es","potentialAction":[{"@type":"ReadAction","target":["https:\/\/www.eldiario.net\/portal\/2025\/04\/27\/consecuencias-por-la-perdida-de-molares-2\/"]}]},{"@type":"ImageObject","inLanguage":"es","@id":"https:\/\/www.eldiario.net\/portal\/2025\/04\/27\/consecuencias-por-la-perdida-de-molares-2\/#primaryimage","url":"https:\/\/www.eldiario.net\/portal\/wp-content\/uploads\/2025\/04\/CONSECUENCIAS-POR-LA-PERDIDA-DE-MOLARES.jpg","contentUrl":"https:\/\/www.eldiario.net\/portal\/wp-content\/uploads\/2025\/04\/CONSECUENCIAS-POR-LA-PERDIDA-DE-MOLARES.jpg","width":506,"height":395},{"@type":"BreadcrumbList","@id":"https:\/\/www.eldiario.net\/portal\/2025\/04\/27\/consecuencias-por-la-perdida-de-molares-2\/#breadcrumb","itemListElement":[{"@type":"ListItem","position":1,"name":"Portada","item":"https:\/\/www.eldiario.net\/portal\/"},{"@type":"ListItem","position":2,"name":"CONSECUENCIAS POR LA P\u00c9RDIDA DE MOLARES"}]},{"@type":"WebSite","@id":"https:\/\/www.eldiario.net\/portal\/#website","url":"https:\/\/www.eldiario.net\/portal\/","name":"El Diario - Decano de la prensa nacional","description":"El Diario - Decano de la prensa nacional","publisher":{"@id":"https:\/\/www.eldiario.net\/portal\/#organization"},"potentialAction":[{"@type":"SearchAction","target":{"@type":"EntryPoint","urlTemplate":"https:\/\/www.eldiario.net\/portal\/?s={search_term_string}"},"query-input":{"@type":"PropertyValueSpecification","valueRequired":true,"valueName":"search_term_string"}}],"inLanguage":"es"},{"@type":"Organization","@id":"https:\/\/www.eldiario.net\/portal\/#organization","name":"El Diario - Decano de la prensa nacional","url":"https:\/\/www.eldiario.net\/portal\/","logo":{"@type":"ImageObject","inLanguage":"es","@id":"https:\/\/www.eldiario.net\/portal\/#\/schema\/logo\/image\/","url":"https:\/\/www.eldiario.net\/portal\/wp-content\/uploads\/2023\/07\/logo_ED.jpg","contentUrl":"https:\/\/www.eldiario.net\/portal\/wp-content\/uploads\/2023\/07\/logo_ED.jpg","width":272,"height":52,"caption":"El Diario - Decano de la prensa nacional"},"image":{"@id":"https:\/\/www.eldiario.net\/portal\/#\/schema\/logo\/image\/"},"sameAs":["https:\/\/www.facebook.com\/eldiario.bolivia\/","https:\/\/x.com\/eldiario_net"]},{"@type":"Person","@id":"https:\/\/www.eldiario.net\/portal\/#\/schema\/person\/2c57cf2b7a7ae032e449e4c9b1019eac","name":"Jeanette","image":{"@type":"ImageObject","inLanguage":"es","@id":"https:\/\/secure.gravatar.com\/avatar\/3ea2118a5f7dad2b7138b1187a6b7ee55f160b9968b66013c3a3ef39dd7e5798?s=96&d=mm&r=g","url":"https:\/\/secure.gravatar.com\/avatar\/3ea2118a5f7dad2b7138b1187a6b7ee55f160b9968b66013c3a3ef39dd7e5798?s=96&d=mm&r=g","contentUrl":"https:\/\/secure.gravatar.com\/avatar\/3ea2118a5f7dad2b7138b1187a6b7ee55f160b9968b66013c3a3ef39dd7e5798?s=96&d=mm&r=g","caption":"Jeanette"},"sameAs":["https:\/\/www.eldiario.net\/portal"],"url":"https:\/\/www.eldiario.net\/portal\/author\/jeanette\/"}]}},"_links":{"self":[{"href":"https:\/\/www.eldiario.net\/portal\/wp-json\/wp\/v2\/posts\/298324","targetHints":{"allow":["GET"]}}],"collection":[{"href":"https:\/\/www.eldiario.net\/portal\/wp-json\/wp\/v2\/posts"}],"about":[{"href":"https:\/\/www.eldiario.net\/portal\/wp-json\/wp\/v2\/types\/post"}],"author":[{"embeddable":true,"href":"https:\/\/www.eldiario.net\/portal\/wp-json\/wp\/v2\/users\/1"}],"replies":[{"embeddable":true,"href":"https:\/\/www.eldiario.net\/portal\/wp-json\/wp\/v2\/comments?post=298324"}],"version-history":[{"count":1,"href":"https:\/\/www.eldiario.net\/portal\/wp-json\/wp\/v2\/posts\/298324\/revisions"}],"predecessor-version":[{"id":298326,"href":"https:\/\/www.eldiario.net\/portal\/wp-json\/wp\/v2\/posts\/298324\/revisions\/298326"}],"wp:featuredmedia":[{"embeddable":true,"href":"https:\/\/www.eldiario.net\/portal\/wp-json\/wp\/v2\/media\/298325"}],"wp:attachment":[{"href":"https:\/\/www.eldiario.net\/portal\/wp-json\/wp\/v2\/media?parent=298324"}],"wp:term":[{"taxonomy":"category","embeddable":true,"href":"https:\/\/www.eldiario.net\/portal\/wp-json\/wp\/v2\/categories?post=298324"},{"taxonomy":"post_tag","embeddable":true,"href":"https:\/\/www.eldiario.net\/portal\/wp-json\/wp\/v2\/tags?post=298324"}],"curies":[{"name":"wp","href":"https:\/\/api.w.org\/{rel}","templated":true}]}}