{"id":298320,"date":"2025-04-27T08:02:28","date_gmt":"2025-04-27T12:02:28","guid":{"rendered":"https:\/\/www.eldiario.net\/portal\/?p=298320"},"modified":"2025-04-27T08:02:28","modified_gmt":"2025-04-27T12:02:28","slug":"incontinencia-fecal","status":"publish","type":"post","link":"https:\/\/www.eldiario.net\/portal\/2025\/04\/27\/incontinencia-fecal\/","title":{"rendered":"INCONTINENCIA FECAL"},"content":{"rendered":"<p>Lic. Jaime Julio Ticona Pardo &#8211; Fisioterapeuta Kinesi\u00f3logo U.M.S.A. &#8211; Ref. 72556224<\/p>\n<p>La incontinencia fecal (IF), es una falta de control sobre la defecaci\u00f3n, que lleva a la p\u00e9rdida involuntaria del contenido intestinal, incluyendo flatos (gases), elementos l\u00edquidos de las heces y moco, o heces s\u00f3lidas, hasta la perdida completa del control y afecta a personas de todas las edades, aunque es m\u00e1s com\u00fan en adultos mayores y mujeres.<\/p>\n<p>La IF es un signo o un s\u00edntoma, no un diagn\u00f3stico. La incontinencia puede resultar de diferentes causas y puede ocurrir con estre\u00f1imiento o diarrea.<\/p>\n<p>&nbsp;<\/p>\n<p>CAUSAS Y\/O FACTORES DE RIESGO PARA LA IF<\/p>\n<p>Edad: puede presentarse a cualquier edad, pero llega a ser m\u00e1s com\u00fan en la etapa adulta mayor.<\/p>\n<p>Sexo: en su mayor\u00eda afecta a las mujeres, por diversos factores secundarios como complicaciones de trabajo de parto, o como secuela de la suplementaci\u00f3n de terapia hormonal.<\/p>\n<p>Lesiones Neurol\u00f3gicas: neuropat\u00edas diab\u00e9ticas, esclerosis multiple, traumatismos de espalda, que lleguen a da\u00f1ar la conducci\u00f3n nerviosa.<\/p>\n<p>Demencia: en etapas muy avanzadas y muchas veces tambi\u00e9n asociada al Alzheimer.<\/p>\n<p>Discapacidad f\u00edsica: aquellos que se asocian a da\u00f1os en el nervio rectal, u otros que no permitan llegar a tiempo a evacuar prontamente.<\/p>\n<p>La mayor\u00eda de las personas incontinentes mayores de 18 a\u00f1os entran en uno de varios grupos: aquellos con anomal\u00edas anorrectales estructurales (traumatismo del esf\u00ednter, degeneraci\u00f3n del esf\u00ednter, f\u00edstula perianal, prolapso rectal). Trastornos neurol\u00f3gicos (esclerosis m\u00faltiple, lesi\u00f3n de la m\u00e9dula espinal, espina b\u00edfida, accidente cerebrovascular, etc.).<\/p>\n<p>ALTERACIONES EN LAS ACTIVIDADES DE LA VIDA DIARIA Y EL COMPORTAMIENTO.<\/p>\n<p>La IF afecta pr\u00e1cticamente todos los aspectos de la vida de las personas, deteriorando considerablemente la salud f\u00edsica y mental, y afectando la vida personal, social y profesional. Los efectos emocionales pueden incluir estr\u00e9s, miedo, ansiedad, agotamiento, temor a la humillaci\u00f3n p\u00fablica, sentirse sucio, mala imagen corporal, disminuci\u00f3n del deseo sexual, ira, humillaci\u00f3n, depresi\u00f3n, aislamiento, secretismo, frustraci\u00f3n y verg\u00fcenza. Algunos pacientes la afrontan controlando sus emociones o comportamiento. S\u00edntomas f\u00edsicos como irritaci\u00f3n, dolor y olor en la piel tambi\u00e9n pueden afectar la calidad de vida. La actividad f\u00edsica, como ir de compras o hacer ejercicio, suele verse afectada. Los viajes pueden verse afectados, lo que requiere una planificaci\u00f3n cuidadosa. El trabajo tambi\u00e9n se ve afectado en la mayor\u00eda de los casos. Las relaciones, las actividades sociales y la autoimagen tambi\u00e9n suelen verse afectadas.<\/p>\n<p>\u201cEL MOVIENTO ES PARTE ESENCIAL PARA MANTENER UNA VIDA ACTIVA\u201d<\/p>\n<p>Lic. Jaime Julio Ticona Pardo Fisioterapeuta Kinesi\u00f3logo &#8211; UMSA\u00a0\u00a0 Ref. 72556224<\/p>\n\r\n                <style type=\"text\/css\">\r\n                    \r\n                    #tdi_1  .td-doubleSlider-2 .td-item1 {\r\n                        background: url(https:\/\/www.eldiario.net\/portal\/wp-content\/uploads\/2025\/04\/INCONTINENCIA-FECAL-\u2013-Parte-I-80x60.jpg) 0 0 no-repeat;\r\n                    }\r\n                    #tdi_1  .td-doubleSlider-2 .td-item2 {\r\n                        background: url(https:\/\/www.eldiario.net\/portal\/wp-content\/uploads\/2025\/04\/INCONTINENCIA-FECAL-\u2013-Parte-I-1-80x60.jpg) 0 0 no-repeat;\r\n                    }\r\n                <\/style>\r\n\r\n                <div id=\"tdi_1\" class=\"td-gallery td-slide-on-2-columns\">\r\n                    <div class=\"post_td_gallery\">\r\n                        <div class=\"td-gallery-slide-top\">\r\n                           <div class=\"td-gallery-title\"><\/div>\r\n\r\n                            <div class=\"td-gallery-controls-wrapper\">\r\n                                <div class=\"td-gallery-slide-count\"><span class=\"td-gallery-slide-item-focus\">1<\/span> de 2<\/div>\r\n                                <div class=\"td-gallery-slide-prev-next-but\">\r\n                                    <i class = \"td-icon-left doubleSliderPrevButton\"><\/i>\r\n                                    <i class = \"td-icon-right doubleSliderNextButton\"><\/i>\r\n                                <\/div>\r\n                            <\/div>\r\n                        <\/div>\r\n\r\n                        <div class = \"td-doubleSlider-1 \">\r\n                            <div class = \"td-slider\">\r\n                                \r\n                    <div class = \"td-slide-item td-item1\">\r\n                        <figure class=\"td-slide-galery-figure td-slide-popup-gallery\">\r\n                            <a class=\"slide-gallery-image-link\" href=\"https:\/\/www.eldiario.net\/portal\/wp-content\/uploads\/2025\/04\/INCONTINENCIA-FECAL-\u2013-Parte-I.jpg\" title=\"INCONTINENCIA FECAL \u2013 Parte I\"  data-caption=\"\"  data-description=\"\">\r\n                                <img decoding=\"async\" src=\"https:\/\/www.eldiario.net\/portal\/wp-content\/uploads\/2025\/04\/INCONTINENCIA-FECAL-\u2013-Parte-I-691x420.jpg\" srcset=\"https:\/\/www.eldiario.net\/portal\/wp-content\/uploads\/2025\/04\/INCONTINENCIA-FECAL-\u2013-Parte-I-691x420.jpg 691w, https:\/\/www.eldiario.net\/portal\/wp-content\/uploads\/2025\/04\/INCONTINENCIA-FECAL-\u2013-Parte-I-300x182.jpg 300w, https:\/\/www.eldiario.net\/portal\/wp-content\/uploads\/2025\/04\/INCONTINENCIA-FECAL-\u2013-Parte-I-696x423.jpg 696w, https:\/\/www.eldiario.net\/portal\/wp-content\/uploads\/2025\/04\/INCONTINENCIA-FECAL-\u2013-Parte-I.jpg 729w\" sizes=\"(max-width: 691px) 100vw, 691px\" alt=\"\">\r\n                            <\/a>\r\n                            \r\n                        <\/figure>\r\n                    <\/div>\r\n                    <div class = \"td-slide-item td-item2\">\r\n                        <figure class=\"td-slide-galery-figure td-slide-popup-gallery\">\r\n                            <a class=\"slide-gallery-image-link\" href=\"https:\/\/www.eldiario.net\/portal\/wp-content\/uploads\/2025\/04\/INCONTINENCIA-FECAL-\u2013-Parte-I-1.jpg\" title=\"INCONTINENCIA-FECAL-\u2013-Parte-I\"  data-caption=\"\"  data-description=\"\">\r\n                                <img decoding=\"async\" src=\"https:\/\/www.eldiario.net\/portal\/wp-content\/uploads\/2025\/04\/INCONTINENCIA-FECAL-\u2013-Parte-I-1-334x420.jpg\" srcset=\"https:\/\/www.eldiario.net\/portal\/wp-content\/uploads\/2025\/04\/INCONTINENCIA-FECAL-\u2013-Parte-I-1-334x420.jpg 334w, https:\/\/www.eldiario.net\/portal\/wp-content\/uploads\/2025\/04\/INCONTINENCIA-FECAL-\u2013-Parte-I-1-238x300.jpg 238w, https:\/\/www.eldiario.net\/portal\/wp-content\/uploads\/2025\/04\/INCONTINENCIA-FECAL-\u2013-Parte-I-1.jpg 351w\" sizes=\"(max-width: 334px) 100vw, 334px\" alt=\"\">\r\n                            <\/a>\r\n                            \r\n                        <\/figure>\r\n                    <\/div>\r\n                            <\/div>\r\n                        <\/div>\r\n\r\n                        <div class = \"td-doubleSlider-2\">\r\n                            <div class = \"td-slider\">\r\n                                \r\n                    <div class = \"td-button td-item1\">\r\n                        <div class = \"td-border\"><\/div>\r\n                    <\/div>\r\n                    <div class = \"td-button td-item2\">\r\n                        <div class = \"td-border\"><\/div>\r\n                    <\/div>\r\n                            <\/div>\r\n                        <\/div>\r\n\r\n                    <\/div>\r\n\r\n                <\/div>\r\n                \n","protected":false},"excerpt":{"rendered":"<p>Lic. Jaime Julio Ticona Pardo &#8211; Fisioterapeuta Kinesi\u00f3logo U.M.S.A. &#8211; Ref. 72556224 La incontinencia fecal (IF), es una falta de control sobre la defecaci\u00f3n, que lleva a la p\u00e9rdida involuntaria del contenido intestinal, incluyendo flatos (gases), elementos l\u00edquidos de las heces y moco, o heces s\u00f3lidas, hasta la perdida completa del control y afecta a [&hellip;]<\/p>\n","protected":false},"author":1,"featured_media":298321,"comment_status":"closed","ping_status":"open","sticky":false,"template":"","format":"standard","meta":{"_acf_changed":false,"footnotes":""},"categories":[52],"tags":[],"class_list":["post-298320","post","type-post","status-publish","format-standard","has-post-thumbnail","category-de-salud-mas-vida"],"acf":{"antetitulo":"Parte I"},"yoast_head":"<!-- This site is optimized with the Yoast SEO plugin v28.4 - https:\/\/yoast.com\/product\/yoast-seo-wordpress\/ -->\n<title>INCONTINENCIA FECAL - El Diario - Bolivia<\/title>\n<meta name=\"robots\" content=\"index, follow, max-snippet:-1, max-image-preview:large, max-video-preview:-1\" \/>\n<link rel=\"canonical\" href=\"https:\/\/www.eldiario.net\/portal\/2025\/04\/27\/incontinencia-fecal\/\" \/>\n<meta property=\"og:locale\" content=\"es_ES\" \/>\n<meta property=\"og:type\" content=\"article\" \/>\n<meta property=\"og:title\" content=\"INCONTINENCIA FECAL - El Diario - Bolivia\" \/>\n<meta property=\"og:description\" content=\"Lic. Jaime Julio Ticona Pardo &#8211; Fisioterapeuta Kinesi\u00f3logo U.M.S.A. &#8211; Ref. 72556224 La incontinencia fecal (IF), es una falta de control sobre la defecaci\u00f3n, que lleva a la p\u00e9rdida involuntaria del contenido intestinal, incluyendo flatos (gases), elementos l\u00edquidos de las heces y moco, o heces s\u00f3lidas, hasta la perdida completa del control y afecta a [&hellip;]\" \/>\n<meta property=\"og:url\" content=\"https:\/\/www.eldiario.net\/portal\/2025\/04\/27\/incontinencia-fecal\/\" \/>\n<meta property=\"og:site_name\" content=\"El Diario - Bolivia\" \/>\n<meta property=\"article:publisher\" content=\"https:\/\/www.facebook.com\/eldiario.bolivia\/\" \/>\n<meta property=\"article:published_time\" content=\"2025-04-27T12:02:28+00:00\" \/>\n<meta property=\"og:image\" content=\"https:\/\/www.eldiario.net\/portal\/wp-content\/uploads\/2025\/04\/INCONTINENCIA-FECAL-\u2013-Parte-I.jpg\" \/>\n\t<meta property=\"og:image:width\" content=\"729\" \/>\n\t<meta property=\"og:image:height\" content=\"443\" \/>\n\t<meta property=\"og:image:type\" content=\"image\/jpeg\" \/>\n<meta name=\"author\" content=\"Jeanette\" \/>\n<meta name=\"twitter:card\" content=\"summary_large_image\" \/>\n<meta name=\"twitter:creator\" content=\"@eldiario_net\" \/>\n<meta name=\"twitter:site\" content=\"@eldiario_net\" \/>\n<meta name=\"twitter:label1\" content=\"Escrito por\" \/>\n\t<meta name=\"twitter:data1\" content=\"Jeanette\" \/>\n\t<meta name=\"twitter:label2\" content=\"Tiempo de lectura\" \/>\n\t<meta name=\"twitter:data2\" content=\"3 minutos\" \/>\n<script type=\"application\/ld+json\" class=\"yoast-schema-graph\">{\"@context\":\"https:\\\/\\\/schema.org\",\"@graph\":[{\"@type\":\"Article\",\"@id\":\"https:\\\/\\\/www.eldiario.net\\\/portal\\\/2025\\\/04\\\/27\\\/incontinencia-fecal\\\/#article\",\"isPartOf\":{\"@id\":\"https:\\\/\\\/www.eldiario.net\\\/portal\\\/2025\\\/04\\\/27\\\/incontinencia-fecal\\\/\"},\"author\":{\"name\":\"Jeanette\",\"@id\":\"https:\\\/\\\/www.eldiario.net\\\/portal\\\/#\\\/schema\\\/person\\\/2c57cf2b7a7ae032e449e4c9b1019eac\"},\"headline\":\"INCONTINENCIA FECAL\",\"datePublished\":\"2025-04-27T12:02:28+00:00\",\"mainEntityOfPage\":{\"@id\":\"https:\\\/\\\/www.eldiario.net\\\/portal\\\/2025\\\/04\\\/27\\\/incontinencia-fecal\\\/\"},\"wordCount\":474,\"publisher\":{\"@id\":\"https:\\\/\\\/www.eldiario.net\\\/portal\\\/#organization\"},\"image\":{\"@id\":\"https:\\\/\\\/www.eldiario.net\\\/portal\\\/2025\\\/04\\\/27\\\/incontinencia-fecal\\\/#primaryimage\"},\"thumbnailUrl\":\"https:\\\/\\\/www.eldiario.net\\\/portal\\\/wp-content\\\/uploads\\\/2025\\\/04\\\/INCONTINENCIA-FECAL-\u2013-Parte-I.jpg\",\"articleSection\":[\"De Salud + vida\"],\"inLanguage\":\"es\"},{\"@type\":\"WebPage\",\"@id\":\"https:\\\/\\\/www.eldiario.net\\\/portal\\\/2025\\\/04\\\/27\\\/incontinencia-fecal\\\/\",\"url\":\"https:\\\/\\\/www.eldiario.net\\\/portal\\\/2025\\\/04\\\/27\\\/incontinencia-fecal\\\/\",\"name\":\"INCONTINENCIA FECAL - El Diario - Bolivia\",\"isPartOf\":{\"@id\":\"https:\\\/\\\/www.eldiario.net\\\/portal\\\/#website\"},\"primaryImageOfPage\":{\"@id\":\"https:\\\/\\\/www.eldiario.net\\\/portal\\\/2025\\\/04\\\/27\\\/incontinencia-fecal\\\/#primaryimage\"},\"image\":{\"@id\":\"https:\\\/\\\/www.eldiario.net\\\/portal\\\/2025\\\/04\\\/27\\\/incontinencia-fecal\\\/#primaryimage\"},\"thumbnailUrl\":\"https:\\\/\\\/www.eldiario.net\\\/portal\\\/wp-content\\\/uploads\\\/2025\\\/04\\\/INCONTINENCIA-FECAL-\u2013-Parte-I.jpg\",\"datePublished\":\"2025-04-27T12:02:28+00:00\",\"breadcrumb\":{\"@id\":\"https:\\\/\\\/www.eldiario.net\\\/portal\\\/2025\\\/04\\\/27\\\/incontinencia-fecal\\\/#breadcrumb\"},\"inLanguage\":\"es\",\"potentialAction\":[{\"@type\":\"ReadAction\",\"target\":[\"https:\\\/\\\/www.eldiario.net\\\/portal\\\/2025\\\/04\\\/27\\\/incontinencia-fecal\\\/\"]}]},{\"@type\":\"ImageObject\",\"inLanguage\":\"es\",\"@id\":\"https:\\\/\\\/www.eldiario.net\\\/portal\\\/2025\\\/04\\\/27\\\/incontinencia-fecal\\\/#primaryimage\",\"url\":\"https:\\\/\\\/www.eldiario.net\\\/portal\\\/wp-content\\\/uploads\\\/2025\\\/04\\\/INCONTINENCIA-FECAL-\u2013-Parte-I.jpg\",\"contentUrl\":\"https:\\\/\\\/www.eldiario.net\\\/portal\\\/wp-content\\\/uploads\\\/2025\\\/04\\\/INCONTINENCIA-FECAL-\u2013-Parte-I.jpg\",\"width\":729,\"height\":443},{\"@type\":\"BreadcrumbList\",\"@id\":\"https:\\\/\\\/www.eldiario.net\\\/portal\\\/2025\\\/04\\\/27\\\/incontinencia-fecal\\\/#breadcrumb\",\"itemListElement\":[{\"@type\":\"ListItem\",\"position\":1,\"name\":\"Portada\",\"item\":\"https:\\\/\\\/www.eldiario.net\\\/portal\\\/\"},{\"@type\":\"ListItem\",\"position\":2,\"name\":\"INCONTINENCIA FECAL\"}]},{\"@type\":\"WebSite\",\"@id\":\"https:\\\/\\\/www.eldiario.net\\\/portal\\\/#website\",\"url\":\"https:\\\/\\\/www.eldiario.net\\\/portal\\\/\",\"name\":\"El Diario - Decano de la prensa nacional\",\"description\":\"El Diario - Decano de la prensa nacional\",\"publisher\":{\"@id\":\"https:\\\/\\\/www.eldiario.net\\\/portal\\\/#organization\"},\"potentialAction\":[{\"@type\":\"SearchAction\",\"target\":{\"@type\":\"EntryPoint\",\"urlTemplate\":\"https:\\\/\\\/www.eldiario.net\\\/portal\\\/?s={search_term_string}\"},\"query-input\":{\"@type\":\"PropertyValueSpecification\",\"valueRequired\":true,\"valueName\":\"search_term_string\"}}],\"inLanguage\":\"es\"},{\"@type\":\"Organization\",\"@id\":\"https:\\\/\\\/www.eldiario.net\\\/portal\\\/#organization\",\"name\":\"El Diario - Decano de la prensa nacional\",\"url\":\"https:\\\/\\\/www.eldiario.net\\\/portal\\\/\",\"logo\":{\"@type\":\"ImageObject\",\"inLanguage\":\"es\",\"@id\":\"https:\\\/\\\/www.eldiario.net\\\/portal\\\/#\\\/schema\\\/logo\\\/image\\\/\",\"url\":\"https:\\\/\\\/www.eldiario.net\\\/portal\\\/wp-content\\\/uploads\\\/2023\\\/07\\\/logo_ED.jpg\",\"contentUrl\":\"https:\\\/\\\/www.eldiario.net\\\/portal\\\/wp-content\\\/uploads\\\/2023\\\/07\\\/logo_ED.jpg\",\"width\":272,\"height\":52,\"caption\":\"El Diario - Decano de la prensa nacional\"},\"image\":{\"@id\":\"https:\\\/\\\/www.eldiario.net\\\/portal\\\/#\\\/schema\\\/logo\\\/image\\\/\"},\"sameAs\":[\"https:\\\/\\\/www.facebook.com\\\/eldiario.bolivia\\\/\",\"https:\\\/\\\/x.com\\\/eldiario_net\"]},{\"@type\":\"Person\",\"@id\":\"https:\\\/\\\/www.eldiario.net\\\/portal\\\/#\\\/schema\\\/person\\\/2c57cf2b7a7ae032e449e4c9b1019eac\",\"name\":\"Jeanette\",\"image\":{\"@type\":\"ImageObject\",\"inLanguage\":\"es\",\"@id\":\"https:\\\/\\\/secure.gravatar.com\\\/avatar\\\/3ea2118a5f7dad2b7138b1187a6b7ee55f160b9968b66013c3a3ef39dd7e5798?s=96&d=mm&r=g\",\"url\":\"https:\\\/\\\/secure.gravatar.com\\\/avatar\\\/3ea2118a5f7dad2b7138b1187a6b7ee55f160b9968b66013c3a3ef39dd7e5798?s=96&d=mm&r=g\",\"contentUrl\":\"https:\\\/\\\/secure.gravatar.com\\\/avatar\\\/3ea2118a5f7dad2b7138b1187a6b7ee55f160b9968b66013c3a3ef39dd7e5798?s=96&d=mm&r=g\",\"caption\":\"Jeanette\"},\"sameAs\":[\"https:\\\/\\\/www.eldiario.net\\\/portal\"],\"url\":\"https:\\\/\\\/www.eldiario.net\\\/portal\\\/author\\\/jeanette\\\/\"}]}<\/script>\n<!-- \/ Yoast SEO plugin. -->","yoast_head_json":{"title":"INCONTINENCIA FECAL - El Diario - Bolivia","robots":{"index":"index","follow":"follow","max-snippet":"max-snippet:-1","max-image-preview":"max-image-preview:large","max-video-preview":"max-video-preview:-1"},"canonical":"https:\/\/www.eldiario.net\/portal\/2025\/04\/27\/incontinencia-fecal\/","og_locale":"es_ES","og_type":"article","og_title":"INCONTINENCIA FECAL - El Diario - Bolivia","og_description":"Lic. Jaime Julio Ticona Pardo &#8211; Fisioterapeuta Kinesi\u00f3logo U.M.S.A. &#8211; Ref. 72556224 La incontinencia fecal (IF), es una falta de control sobre la defecaci\u00f3n, que lleva a la p\u00e9rdida involuntaria del contenido intestinal, incluyendo flatos (gases), elementos l\u00edquidos de las heces y moco, o heces s\u00f3lidas, hasta la perdida completa del control y afecta a [&hellip;]","og_url":"https:\/\/www.eldiario.net\/portal\/2025\/04\/27\/incontinencia-fecal\/","og_site_name":"El Diario - Bolivia","article_publisher":"https:\/\/www.facebook.com\/eldiario.bolivia\/","article_published_time":"2025-04-27T12:02:28+00:00","og_image":[{"width":729,"height":443,"url":"https:\/\/www.eldiario.net\/portal\/wp-content\/uploads\/2025\/04\/INCONTINENCIA-FECAL-\u2013-Parte-I.jpg","type":"image\/jpeg"}],"author":"Jeanette","twitter_card":"summary_large_image","twitter_creator":"@eldiario_net","twitter_site":"@eldiario_net","twitter_misc":{"Escrito por":"Jeanette","Tiempo de lectura":"3 minutos"},"schema":{"@context":"https:\/\/schema.org","@graph":[{"@type":"Article","@id":"https:\/\/www.eldiario.net\/portal\/2025\/04\/27\/incontinencia-fecal\/#article","isPartOf":{"@id":"https:\/\/www.eldiario.net\/portal\/2025\/04\/27\/incontinencia-fecal\/"},"author":{"name":"Jeanette","@id":"https:\/\/www.eldiario.net\/portal\/#\/schema\/person\/2c57cf2b7a7ae032e449e4c9b1019eac"},"headline":"INCONTINENCIA FECAL","datePublished":"2025-04-27T12:02:28+00:00","mainEntityOfPage":{"@id":"https:\/\/www.eldiario.net\/portal\/2025\/04\/27\/incontinencia-fecal\/"},"wordCount":474,"publisher":{"@id":"https:\/\/www.eldiario.net\/portal\/#organization"},"image":{"@id":"https:\/\/www.eldiario.net\/portal\/2025\/04\/27\/incontinencia-fecal\/#primaryimage"},"thumbnailUrl":"https:\/\/www.eldiario.net\/portal\/wp-content\/uploads\/2025\/04\/INCONTINENCIA-FECAL-\u2013-Parte-I.jpg","articleSection":["De Salud + vida"],"inLanguage":"es"},{"@type":"WebPage","@id":"https:\/\/www.eldiario.net\/portal\/2025\/04\/27\/incontinencia-fecal\/","url":"https:\/\/www.eldiario.net\/portal\/2025\/04\/27\/incontinencia-fecal\/","name":"INCONTINENCIA FECAL - El Diario - Bolivia","isPartOf":{"@id":"https:\/\/www.eldiario.net\/portal\/#website"},"primaryImageOfPage":{"@id":"https:\/\/www.eldiario.net\/portal\/2025\/04\/27\/incontinencia-fecal\/#primaryimage"},"image":{"@id":"https:\/\/www.eldiario.net\/portal\/2025\/04\/27\/incontinencia-fecal\/#primaryimage"},"thumbnailUrl":"https:\/\/www.eldiario.net\/portal\/wp-content\/uploads\/2025\/04\/INCONTINENCIA-FECAL-\u2013-Parte-I.jpg","datePublished":"2025-04-27T12:02:28+00:00","breadcrumb":{"@id":"https:\/\/www.eldiario.net\/portal\/2025\/04\/27\/incontinencia-fecal\/#breadcrumb"},"inLanguage":"es","potentialAction":[{"@type":"ReadAction","target":["https:\/\/www.eldiario.net\/portal\/2025\/04\/27\/incontinencia-fecal\/"]}]},{"@type":"ImageObject","inLanguage":"es","@id":"https:\/\/www.eldiario.net\/portal\/2025\/04\/27\/incontinencia-fecal\/#primaryimage","url":"https:\/\/www.eldiario.net\/portal\/wp-content\/uploads\/2025\/04\/INCONTINENCIA-FECAL-\u2013-Parte-I.jpg","contentUrl":"https:\/\/www.eldiario.net\/portal\/wp-content\/uploads\/2025\/04\/INCONTINENCIA-FECAL-\u2013-Parte-I.jpg","width":729,"height":443},{"@type":"BreadcrumbList","@id":"https:\/\/www.eldiario.net\/portal\/2025\/04\/27\/incontinencia-fecal\/#breadcrumb","itemListElement":[{"@type":"ListItem","position":1,"name":"Portada","item":"https:\/\/www.eldiario.net\/portal\/"},{"@type":"ListItem","position":2,"name":"INCONTINENCIA FECAL"}]},{"@type":"WebSite","@id":"https:\/\/www.eldiario.net\/portal\/#website","url":"https:\/\/www.eldiario.net\/portal\/","name":"El Diario - Decano de la prensa nacional","description":"El Diario - Decano de la prensa nacional","publisher":{"@id":"https:\/\/www.eldiario.net\/portal\/#organization"},"potentialAction":[{"@type":"SearchAction","target":{"@type":"EntryPoint","urlTemplate":"https:\/\/www.eldiario.net\/portal\/?s={search_term_string}"},"query-input":{"@type":"PropertyValueSpecification","valueRequired":true,"valueName":"search_term_string"}}],"inLanguage":"es"},{"@type":"Organization","@id":"https:\/\/www.eldiario.net\/portal\/#organization","name":"El Diario - Decano de la prensa nacional","url":"https:\/\/www.eldiario.net\/portal\/","logo":{"@type":"ImageObject","inLanguage":"es","@id":"https:\/\/www.eldiario.net\/portal\/#\/schema\/logo\/image\/","url":"https:\/\/www.eldiario.net\/portal\/wp-content\/uploads\/2023\/07\/logo_ED.jpg","contentUrl":"https:\/\/www.eldiario.net\/portal\/wp-content\/uploads\/2023\/07\/logo_ED.jpg","width":272,"height":52,"caption":"El Diario - Decano de la prensa nacional"},"image":{"@id":"https:\/\/www.eldiario.net\/portal\/#\/schema\/logo\/image\/"},"sameAs":["https:\/\/www.facebook.com\/eldiario.bolivia\/","https:\/\/x.com\/eldiario_net"]},{"@type":"Person","@id":"https:\/\/www.eldiario.net\/portal\/#\/schema\/person\/2c57cf2b7a7ae032e449e4c9b1019eac","name":"Jeanette","image":{"@type":"ImageObject","inLanguage":"es","@id":"https:\/\/secure.gravatar.com\/avatar\/3ea2118a5f7dad2b7138b1187a6b7ee55f160b9968b66013c3a3ef39dd7e5798?s=96&d=mm&r=g","url":"https:\/\/secure.gravatar.com\/avatar\/3ea2118a5f7dad2b7138b1187a6b7ee55f160b9968b66013c3a3ef39dd7e5798?s=96&d=mm&r=g","contentUrl":"https:\/\/secure.gravatar.com\/avatar\/3ea2118a5f7dad2b7138b1187a6b7ee55f160b9968b66013c3a3ef39dd7e5798?s=96&d=mm&r=g","caption":"Jeanette"},"sameAs":["https:\/\/www.eldiario.net\/portal"],"url":"https:\/\/www.eldiario.net\/portal\/author\/jeanette\/"}]}},"_links":{"self":[{"href":"https:\/\/www.eldiario.net\/portal\/wp-json\/wp\/v2\/posts\/298320","targetHints":{"allow":["GET"]}}],"collection":[{"href":"https:\/\/www.eldiario.net\/portal\/wp-json\/wp\/v2\/posts"}],"about":[{"href":"https:\/\/www.eldiario.net\/portal\/wp-json\/wp\/v2\/types\/post"}],"author":[{"embeddable":true,"href":"https:\/\/www.eldiario.net\/portal\/wp-json\/wp\/v2\/users\/1"}],"replies":[{"embeddable":true,"href":"https:\/\/www.eldiario.net\/portal\/wp-json\/wp\/v2\/comments?post=298320"}],"version-history":[{"count":1,"href":"https:\/\/www.eldiario.net\/portal\/wp-json\/wp\/v2\/posts\/298320\/revisions"}],"predecessor-version":[{"id":298323,"href":"https:\/\/www.eldiario.net\/portal\/wp-json\/wp\/v2\/posts\/298320\/revisions\/298323"}],"wp:featuredmedia":[{"embeddable":true,"href":"https:\/\/www.eldiario.net\/portal\/wp-json\/wp\/v2\/media\/298321"}],"wp:attachment":[{"href":"https:\/\/www.eldiario.net\/portal\/wp-json\/wp\/v2\/media?parent=298320"}],"wp:term":[{"taxonomy":"category","embeddable":true,"href":"https:\/\/www.eldiario.net\/portal\/wp-json\/wp\/v2\/categories?post=298320"},{"taxonomy":"post_tag","embeddable":true,"href":"https:\/\/www.eldiario.net\/portal\/wp-json\/wp\/v2\/tags?post=298320"}],"curies":[{"name":"wp","href":"https:\/\/api.w.org\/{rel}","templated":true}]}}