{"id":298314,"date":"2025-04-27T08:01:12","date_gmt":"2025-04-27T12:01:12","guid":{"rendered":"https:\/\/www.eldiario.net\/portal\/?p=298314"},"modified":"2025-04-27T08:01:12","modified_gmt":"2025-04-27T12:01:12","slug":"sindrome-de-las-piernas-inquietas","status":"publish","type":"post","link":"https:\/\/www.eldiario.net\/portal\/2025\/04\/27\/sindrome-de-las-piernas-inquietas\/","title":{"rendered":"S\u00cdNDROME DE LAS PIERNAS INQUIETAS"},"content":{"rendered":"<p><strong>Descripci\u00f3n general<\/strong><\/p>\n<p>El s\u00edndrome de las piernas inquietas es una afecci\u00f3n que causa una fuerte necesidad de mover las piernas. La necesidad de moverse suele deberse a una sensaci\u00f3n de incomodidad en las piernas. Suele ocurrir por la tarde o la noche cuando est\u00e1s sentado o recostado. El movimiento alivia la molestia de forma temporal.<\/p>\n<p>El s\u00edndrome de las piernas inquietas puede empezar a cualquier edad y tiende a empeorar a medida que pasan los a\u00f1os. Puede interrumpir el sue\u00f1o, lo que interfiere en las actividades diarias. El s\u00edndrome de las piernas inquietas tambi\u00e9n se conoce como enfermedad de Willis-Ekbom.<\/p>\n<p>Algunas medidas sencillas de autocuidado y cambios en el estilo de vida pueden ayudar a aliviar los s\u00edntomas. Los medicamentos tambi\u00e9n ayudan a muchas personas con el s\u00edndrome de las piernas inquietas.<\/p>\n<p><strong>S\u00edntomas<\/strong><\/p>\n<p>El principal s\u00edntoma del s\u00edndrome de las piernas inquietas es la necesidad de mover las piernas. Es com\u00fan experimentar lo siguiente:<\/p>\n<ul>\n<li><strong>Sensaciones de incomodidad que comienzan durante el descanso.<\/strong> Por lo general, la sensaci\u00f3n en las piernas comienza despu\u00e9s de haber estado acostado o sentado durante per\u00edodos prolongados. Puede ocurrir mientras est\u00e1s sentado en el auto, en el avi\u00f3n o en el cine.<\/li>\n<li><strong>Alivio con el movimiento.<\/strong> La sensaci\u00f3n del s\u00edndrome de las piernas inquietas disminuye con el movimiento. Estirarse, sacudir las piernas, pasearse o caminar puede mejorar los s\u00edntomas.<\/li>\n<li><strong>Los s\u00edntomas empeoran por la tarde.<\/strong> Los s\u00edntomas aparecen principalmente de noche.<\/li>\n<li><strong>Movimientos involuntarios en las piernas por la noche.<\/strong> El s\u00edndrome de las piernas inquietas puede estar asociado a otra afecci\u00f3n m\u00e1s com\u00fan que es el movimiento peri\u00f3dico de las piernas durante el sue\u00f1o. Esta afecci\u00f3n ocasiona que las piernas se agiten y pateen durante el sue\u00f1o, posiblemente durante toda la noche.<\/li>\n<\/ul>\n<p>La gente suele describir los s\u00edntomas del s\u00edndrome de las piernas inquietas como sensaciones intensas y desagradables en las piernas o los pies. Suelen ocurrir en ambos lados del cuerpo. Es menos com\u00fan que estas sensaciones se presenten en los brazos.<\/p>\n<p>Estas sensaciones se sienten dentro de las piernas en vez de en la piel. Se describen de la siguiente manera:<\/p>\n<ul>\n<li>Cosquilleo<\/li>\n<li>Hormigueo<\/li>\n<li>Tirones<\/li>\n<li>Sensaci\u00f3n puls\u00e1til<\/li>\n<li>dolor;<\/li>\n<li>Picaz\u00f3n<\/li>\n<li>Choque el\u00e9ctrico<\/li>\n<\/ul>\n<p>A veces las sensaciones del s\u00edndrome de las piernas inquietas son dif\u00edciles de explicar. Las personas con s\u00edndrome de las piernas inquietas no suelen describir la afecci\u00f3n como un calambre o entumecimiento muscular. Sin embargo, es frecuente que la describan como un deseo intenso de mover las piernas.<\/p>\n<p>Es com\u00fan que los s\u00edntomas mejoren y empeoren. A veces, los s\u00edntomas desaparecen por per\u00edodos y, luego, vuelven a aparecer.<\/p>\n<p><strong>Cu\u00e1ndo consultar al m\u00e9dico<\/strong><\/p>\n<p>Habla con el profesional de atenci\u00f3n m\u00e9dica si presentas s\u00edntomas del s\u00edndrome de las piernas inquietas. El s\u00edndrome de las piernas inquietas puede interferir en el sue\u00f1o, causar somnolencia durante el d\u00eda y afectar la calidad de vida.<\/p>\n<p><strong>Causas<\/strong><\/p>\n<p>Por lo general, el s\u00edndrome de las piernas inquietas no tiene causa conocida. Los investigadores sospechan que la afecci\u00f3n puede deberse a un desequilibrio de la dopamina, sustancia qu\u00edmica del cerebro. La dopamina env\u00eda mensajes para controlar el movimiento muscular.<\/p>\n<p><strong>Factor hereditario<\/strong><\/p>\n<p>A veces el s\u00edndrome de las piernas inquietas es hereditario, especialmente si la afecci\u00f3n comienza antes de los 40\u00a0a\u00f1os. Los investigadores han identificado sitios en los cromosomas donde pueden estar presentes los genes para el s\u00edndrome de las piernas inquietas.<\/p>\n<p><strong>Embarazo<\/strong><\/p>\n<p>El embarazo o los cambios hormonales pueden empeorar los s\u00edntomas del s\u00edndrome de las piernas inquietas. Algunas personas contraen el s\u00edndrome de las piernas inquietas por primera vez durante el embarazo, especialmente durante el \u00faltimo trimestre. Sin embargo, los s\u00edntomas suelen desaparecer despu\u00e9s del parto.<\/p>\n<p><strong>Factores de riesgo<\/strong><\/p>\n<p>El s\u00edndrome de las piernas inquietas puede manifestarse a cualquier edad, incluso durante la ni\u00f1ez. La afecci\u00f3n es m\u00e1s com\u00fan a medida que avanza la edad. Tambi\u00e9n es m\u00e1s com\u00fan en las mujeres que en los hombres.<\/p>\n<p>Usualmente, el s\u00edndrome de las piernas inquietas no est\u00e1 relacionado con una enfermedad grave subyacente. Sin embargo, a veces sucede junto con otras afecciones, como las siguientes:<\/p>\n<ul>\n<li><strong>Neuropat\u00eda perif\u00e9rica.<\/strong> En ocasiones, este da\u00f1o a los nervios de las manos y los pies se debe a enfermedades cr\u00f3nicas, como la diabetes y el trastorno de consumo de alcohol.<\/li>\n<li><strong>Deficiencia de hierro.<\/strong> Una deficiencia de hierro, que es la cantidad insuficiente de hierro en el organismo, puede causar o empeorar el s\u00edndrome de las piernas inquietas. Las personas con antecedentes de sangrados estomacales o intestinales pueden tener deficiencia de hierro. La deficiencia tambi\u00e9n puede afectar a las personas que tienen menstruaciones abundantes o que donan sangre con frecuencia.<\/li>\n<li><strong>Insuficiencia renal<\/strong> Si tienes insuficiencia renal, tambi\u00e9n puedes tener deficiencia de hierro, a menudo con anemia. Cuando los ri\u00f1ones no funcionan correctamente, las reservas de hierro en la sangre pueden disminuir. Esto, junto con otros cambios en la qu\u00edmica del cuerpo, puede causar o empeorar el s\u00edndrome de las piernas inquietas.<\/li>\n<li><strong>Afecciones de la m\u00e9dula espinal.<\/strong> Los da\u00f1os o las lesiones de la m\u00e9dula espinal se relacionaron con el s\u00edndrome de las piernas inquietas. Si recibiste anestesia en la m\u00e9dula espinal, como bloqueo espinal, tambi\u00e9n aumenta el riesgo de desarrollar el s\u00edndrome de las piernas inquietas.<\/li>\n<li><strong>Enfermedad de Parkinson<\/strong> Las personas que tienen la enfermedad de Parkinson y que toman medicamentos llamados agonistas dopam\u00ednicos tienen un mayor riesgo de presentar el s\u00edndrome de las piernas inquietas.<\/li>\n<\/ul>\n<p><strong>Complicaciones<\/strong><\/p>\n<p>Los s\u00edntomas del s\u00edndrome de las piernas inquietas pueden ser leves o tener graves repercusiones en la vida de las personas. Muchas personas con el s\u00edndrome de las piernas inquietas tienen dificultad para dormir o permanecer dormidas.<\/p>\n<p>Los s\u00edntomas graves del s\u00edndrome de las piernas inquietas pueden afectar la calidad de vida y generar depresi\u00f3n. No poder dormir puede derivar en somnolencia diurna excesiva, pero el s\u00edndrome de las piernas inquietas puede dificultar dormir la siesta.<\/p>\n<p>&nbsp;<\/p>\n","protected":false},"excerpt":{"rendered":"<p>Descripci\u00f3n general El s\u00edndrome de las piernas inquietas es una afecci\u00f3n que causa una fuerte necesidad de mover las piernas. La necesidad de moverse suele deberse a una sensaci\u00f3n de incomodidad en las piernas. Suele ocurrir por la tarde o la noche cuando est\u00e1s sentado o recostado. El movimiento alivia la molestia de forma temporal. [&hellip;]<\/p>\n","protected":false},"author":1,"featured_media":298315,"comment_status":"closed","ping_status":"open","sticky":false,"template":"","format":"standard","meta":{"_acf_changed":false,"footnotes":""},"categories":[52],"tags":[],"class_list":["post-298314","post","type-post","status-publish","format-standard","has-post-thumbnail","category-de-salud-mas-vida"],"acf":{"antetitulo":""},"yoast_head":"<!-- This site is optimized with the Yoast SEO plugin v28.4 - https:\/\/yoast.com\/product\/yoast-seo-wordpress\/ -->\n<title>S\u00cdNDROME DE LAS PIERNAS INQUIETAS - El Diario - Bolivia<\/title>\n<meta name=\"robots\" content=\"index, follow, max-snippet:-1, max-image-preview:large, max-video-preview:-1\" \/>\n<link rel=\"canonical\" href=\"https:\/\/www.eldiario.net\/portal\/2025\/04\/27\/sindrome-de-las-piernas-inquietas\/\" \/>\n<meta property=\"og:locale\" content=\"es_ES\" \/>\n<meta property=\"og:type\" content=\"article\" \/>\n<meta property=\"og:title\" content=\"S\u00cdNDROME DE LAS PIERNAS INQUIETAS - El Diario - Bolivia\" \/>\n<meta property=\"og:description\" content=\"Descripci\u00f3n general El s\u00edndrome de las piernas inquietas es una afecci\u00f3n que causa una fuerte necesidad de mover las piernas. La necesidad de moverse suele deberse a una sensaci\u00f3n de incomodidad en las piernas. Suele ocurrir por la tarde o la noche cuando est\u00e1s sentado o recostado. El movimiento alivia la molestia de forma temporal. [&hellip;]\" \/>\n<meta property=\"og:url\" content=\"https:\/\/www.eldiario.net\/portal\/2025\/04\/27\/sindrome-de-las-piernas-inquietas\/\" \/>\n<meta property=\"og:site_name\" content=\"El Diario - Bolivia\" \/>\n<meta property=\"article:publisher\" content=\"https:\/\/www.facebook.com\/eldiario.bolivia\/\" \/>\n<meta property=\"article:published_time\" content=\"2025-04-27T12:01:12+00:00\" \/>\n<meta property=\"og:image\" content=\"https:\/\/www.eldiario.net\/portal\/wp-content\/uploads\/2025\/04\/SINDROME-DE-LAS-PIERNAS-INQUIETAS.jpg\" \/>\n\t<meta property=\"og:image:width\" content=\"1200\" \/>\n\t<meta property=\"og:image:height\" content=\"840\" \/>\n\t<meta property=\"og:image:type\" content=\"image\/jpeg\" \/>\n<meta name=\"author\" content=\"Jeanette\" \/>\n<meta name=\"twitter:card\" content=\"summary_large_image\" \/>\n<meta name=\"twitter:creator\" content=\"@eldiario_net\" \/>\n<meta name=\"twitter:site\" content=\"@eldiario_net\" \/>\n<meta name=\"twitter:label1\" content=\"Escrito por\" \/>\n\t<meta name=\"twitter:data1\" content=\"Jeanette\" \/>\n\t<meta name=\"twitter:label2\" content=\"Tiempo de lectura\" \/>\n\t<meta name=\"twitter:data2\" content=\"5 minutos\" \/>\n<script type=\"application\/ld+json\" class=\"yoast-schema-graph\">{\"@context\":\"https:\\\/\\\/schema.org\",\"@graph\":[{\"@type\":\"Article\",\"@id\":\"https:\\\/\\\/www.eldiario.net\\\/portal\\\/2025\\\/04\\\/27\\\/sindrome-de-las-piernas-inquietas\\\/#article\",\"isPartOf\":{\"@id\":\"https:\\\/\\\/www.eldiario.net\\\/portal\\\/2025\\\/04\\\/27\\\/sindrome-de-las-piernas-inquietas\\\/\"},\"author\":{\"name\":\"Jeanette\",\"@id\":\"https:\\\/\\\/www.eldiario.net\\\/portal\\\/#\\\/schema\\\/person\\\/2c57cf2b7a7ae032e449e4c9b1019eac\"},\"headline\":\"S\u00cdNDROME DE LAS PIERNAS INQUIETAS\",\"datePublished\":\"2025-04-27T12:01:12+00:00\",\"mainEntityOfPage\":{\"@id\":\"https:\\\/\\\/www.eldiario.net\\\/portal\\\/2025\\\/04\\\/27\\\/sindrome-de-las-piernas-inquietas\\\/\"},\"wordCount\":1068,\"publisher\":{\"@id\":\"https:\\\/\\\/www.eldiario.net\\\/portal\\\/#organization\"},\"image\":{\"@id\":\"https:\\\/\\\/www.eldiario.net\\\/portal\\\/2025\\\/04\\\/27\\\/sindrome-de-las-piernas-inquietas\\\/#primaryimage\"},\"thumbnailUrl\":\"https:\\\/\\\/www.eldiario.net\\\/portal\\\/wp-content\\\/uploads\\\/2025\\\/04\\\/SINDROME-DE-LAS-PIERNAS-INQUIETAS.jpg\",\"articleSection\":[\"De Salud + vida\"],\"inLanguage\":\"es\"},{\"@type\":\"WebPage\",\"@id\":\"https:\\\/\\\/www.eldiario.net\\\/portal\\\/2025\\\/04\\\/27\\\/sindrome-de-las-piernas-inquietas\\\/\",\"url\":\"https:\\\/\\\/www.eldiario.net\\\/portal\\\/2025\\\/04\\\/27\\\/sindrome-de-las-piernas-inquietas\\\/\",\"name\":\"S\u00cdNDROME DE LAS PIERNAS INQUIETAS - El Diario - Bolivia\",\"isPartOf\":{\"@id\":\"https:\\\/\\\/www.eldiario.net\\\/portal\\\/#website\"},\"primaryImageOfPage\":{\"@id\":\"https:\\\/\\\/www.eldiario.net\\\/portal\\\/2025\\\/04\\\/27\\\/sindrome-de-las-piernas-inquietas\\\/#primaryimage\"},\"image\":{\"@id\":\"https:\\\/\\\/www.eldiario.net\\\/portal\\\/2025\\\/04\\\/27\\\/sindrome-de-las-piernas-inquietas\\\/#primaryimage\"},\"thumbnailUrl\":\"https:\\\/\\\/www.eldiario.net\\\/portal\\\/wp-content\\\/uploads\\\/2025\\\/04\\\/SINDROME-DE-LAS-PIERNAS-INQUIETAS.jpg\",\"datePublished\":\"2025-04-27T12:01:12+00:00\",\"breadcrumb\":{\"@id\":\"https:\\\/\\\/www.eldiario.net\\\/portal\\\/2025\\\/04\\\/27\\\/sindrome-de-las-piernas-inquietas\\\/#breadcrumb\"},\"inLanguage\":\"es\",\"potentialAction\":[{\"@type\":\"ReadAction\",\"target\":[\"https:\\\/\\\/www.eldiario.net\\\/portal\\\/2025\\\/04\\\/27\\\/sindrome-de-las-piernas-inquietas\\\/\"]}]},{\"@type\":\"ImageObject\",\"inLanguage\":\"es\",\"@id\":\"https:\\\/\\\/www.eldiario.net\\\/portal\\\/2025\\\/04\\\/27\\\/sindrome-de-las-piernas-inquietas\\\/#primaryimage\",\"url\":\"https:\\\/\\\/www.eldiario.net\\\/portal\\\/wp-content\\\/uploads\\\/2025\\\/04\\\/SINDROME-DE-LAS-PIERNAS-INQUIETAS.jpg\",\"contentUrl\":\"https:\\\/\\\/www.eldiario.net\\\/portal\\\/wp-content\\\/uploads\\\/2025\\\/04\\\/SINDROME-DE-LAS-PIERNAS-INQUIETAS.jpg\",\"width\":1200,\"height\":840},{\"@type\":\"BreadcrumbList\",\"@id\":\"https:\\\/\\\/www.eldiario.net\\\/portal\\\/2025\\\/04\\\/27\\\/sindrome-de-las-piernas-inquietas\\\/#breadcrumb\",\"itemListElement\":[{\"@type\":\"ListItem\",\"position\":1,\"name\":\"Portada\",\"item\":\"https:\\\/\\\/www.eldiario.net\\\/portal\\\/\"},{\"@type\":\"ListItem\",\"position\":2,\"name\":\"S\u00cdNDROME DE LAS PIERNAS INQUIETAS\"}]},{\"@type\":\"WebSite\",\"@id\":\"https:\\\/\\\/www.eldiario.net\\\/portal\\\/#website\",\"url\":\"https:\\\/\\\/www.eldiario.net\\\/portal\\\/\",\"name\":\"El Diario - Decano de la prensa nacional\",\"description\":\"El Diario - Decano de la prensa nacional\",\"publisher\":{\"@id\":\"https:\\\/\\\/www.eldiario.net\\\/portal\\\/#organization\"},\"potentialAction\":[{\"@type\":\"SearchAction\",\"target\":{\"@type\":\"EntryPoint\",\"urlTemplate\":\"https:\\\/\\\/www.eldiario.net\\\/portal\\\/?s={search_term_string}\"},\"query-input\":{\"@type\":\"PropertyValueSpecification\",\"valueRequired\":true,\"valueName\":\"search_term_string\"}}],\"inLanguage\":\"es\"},{\"@type\":\"Organization\",\"@id\":\"https:\\\/\\\/www.eldiario.net\\\/portal\\\/#organization\",\"name\":\"El Diario - Decano de la prensa nacional\",\"url\":\"https:\\\/\\\/www.eldiario.net\\\/portal\\\/\",\"logo\":{\"@type\":\"ImageObject\",\"inLanguage\":\"es\",\"@id\":\"https:\\\/\\\/www.eldiario.net\\\/portal\\\/#\\\/schema\\\/logo\\\/image\\\/\",\"url\":\"https:\\\/\\\/www.eldiario.net\\\/portal\\\/wp-content\\\/uploads\\\/2023\\\/07\\\/logo_ED.jpg\",\"contentUrl\":\"https:\\\/\\\/www.eldiario.net\\\/portal\\\/wp-content\\\/uploads\\\/2023\\\/07\\\/logo_ED.jpg\",\"width\":272,\"height\":52,\"caption\":\"El Diario - Decano de la prensa nacional\"},\"image\":{\"@id\":\"https:\\\/\\\/www.eldiario.net\\\/portal\\\/#\\\/schema\\\/logo\\\/image\\\/\"},\"sameAs\":[\"https:\\\/\\\/www.facebook.com\\\/eldiario.bolivia\\\/\",\"https:\\\/\\\/x.com\\\/eldiario_net\"]},{\"@type\":\"Person\",\"@id\":\"https:\\\/\\\/www.eldiario.net\\\/portal\\\/#\\\/schema\\\/person\\\/2c57cf2b7a7ae032e449e4c9b1019eac\",\"name\":\"Jeanette\",\"image\":{\"@type\":\"ImageObject\",\"inLanguage\":\"es\",\"@id\":\"https:\\\/\\\/secure.gravatar.com\\\/avatar\\\/3ea2118a5f7dad2b7138b1187a6b7ee55f160b9968b66013c3a3ef39dd7e5798?s=96&d=mm&r=g\",\"url\":\"https:\\\/\\\/secure.gravatar.com\\\/avatar\\\/3ea2118a5f7dad2b7138b1187a6b7ee55f160b9968b66013c3a3ef39dd7e5798?s=96&d=mm&r=g\",\"contentUrl\":\"https:\\\/\\\/secure.gravatar.com\\\/avatar\\\/3ea2118a5f7dad2b7138b1187a6b7ee55f160b9968b66013c3a3ef39dd7e5798?s=96&d=mm&r=g\",\"caption\":\"Jeanette\"},\"sameAs\":[\"https:\\\/\\\/www.eldiario.net\\\/portal\"],\"url\":\"https:\\\/\\\/www.eldiario.net\\\/portal\\\/author\\\/jeanette\\\/\"}]}<\/script>\n<!-- \/ Yoast SEO plugin. -->","yoast_head_json":{"title":"S\u00cdNDROME DE LAS PIERNAS INQUIETAS - El Diario - Bolivia","robots":{"index":"index","follow":"follow","max-snippet":"max-snippet:-1","max-image-preview":"max-image-preview:large","max-video-preview":"max-video-preview:-1"},"canonical":"https:\/\/www.eldiario.net\/portal\/2025\/04\/27\/sindrome-de-las-piernas-inquietas\/","og_locale":"es_ES","og_type":"article","og_title":"S\u00cdNDROME DE LAS PIERNAS INQUIETAS - El Diario - Bolivia","og_description":"Descripci\u00f3n general El s\u00edndrome de las piernas inquietas es una afecci\u00f3n que causa una fuerte necesidad de mover las piernas. La necesidad de moverse suele deberse a una sensaci\u00f3n de incomodidad en las piernas. Suele ocurrir por la tarde o la noche cuando est\u00e1s sentado o recostado. El movimiento alivia la molestia de forma temporal. [&hellip;]","og_url":"https:\/\/www.eldiario.net\/portal\/2025\/04\/27\/sindrome-de-las-piernas-inquietas\/","og_site_name":"El Diario - Bolivia","article_publisher":"https:\/\/www.facebook.com\/eldiario.bolivia\/","article_published_time":"2025-04-27T12:01:12+00:00","og_image":[{"width":1200,"height":840,"url":"https:\/\/www.eldiario.net\/portal\/wp-content\/uploads\/2025\/04\/SINDROME-DE-LAS-PIERNAS-INQUIETAS.jpg","type":"image\/jpeg"}],"author":"Jeanette","twitter_card":"summary_large_image","twitter_creator":"@eldiario_net","twitter_site":"@eldiario_net","twitter_misc":{"Escrito por":"Jeanette","Tiempo de lectura":"5 minutos"},"schema":{"@context":"https:\/\/schema.org","@graph":[{"@type":"Article","@id":"https:\/\/www.eldiario.net\/portal\/2025\/04\/27\/sindrome-de-las-piernas-inquietas\/#article","isPartOf":{"@id":"https:\/\/www.eldiario.net\/portal\/2025\/04\/27\/sindrome-de-las-piernas-inquietas\/"},"author":{"name":"Jeanette","@id":"https:\/\/www.eldiario.net\/portal\/#\/schema\/person\/2c57cf2b7a7ae032e449e4c9b1019eac"},"headline":"S\u00cdNDROME DE LAS PIERNAS INQUIETAS","datePublished":"2025-04-27T12:01:12+00:00","mainEntityOfPage":{"@id":"https:\/\/www.eldiario.net\/portal\/2025\/04\/27\/sindrome-de-las-piernas-inquietas\/"},"wordCount":1068,"publisher":{"@id":"https:\/\/www.eldiario.net\/portal\/#organization"},"image":{"@id":"https:\/\/www.eldiario.net\/portal\/2025\/04\/27\/sindrome-de-las-piernas-inquietas\/#primaryimage"},"thumbnailUrl":"https:\/\/www.eldiario.net\/portal\/wp-content\/uploads\/2025\/04\/SINDROME-DE-LAS-PIERNAS-INQUIETAS.jpg","articleSection":["De Salud + vida"],"inLanguage":"es"},{"@type":"WebPage","@id":"https:\/\/www.eldiario.net\/portal\/2025\/04\/27\/sindrome-de-las-piernas-inquietas\/","url":"https:\/\/www.eldiario.net\/portal\/2025\/04\/27\/sindrome-de-las-piernas-inquietas\/","name":"S\u00cdNDROME DE LAS PIERNAS INQUIETAS - El Diario - Bolivia","isPartOf":{"@id":"https:\/\/www.eldiario.net\/portal\/#website"},"primaryImageOfPage":{"@id":"https:\/\/www.eldiario.net\/portal\/2025\/04\/27\/sindrome-de-las-piernas-inquietas\/#primaryimage"},"image":{"@id":"https:\/\/www.eldiario.net\/portal\/2025\/04\/27\/sindrome-de-las-piernas-inquietas\/#primaryimage"},"thumbnailUrl":"https:\/\/www.eldiario.net\/portal\/wp-content\/uploads\/2025\/04\/SINDROME-DE-LAS-PIERNAS-INQUIETAS.jpg","datePublished":"2025-04-27T12:01:12+00:00","breadcrumb":{"@id":"https:\/\/www.eldiario.net\/portal\/2025\/04\/27\/sindrome-de-las-piernas-inquietas\/#breadcrumb"},"inLanguage":"es","potentialAction":[{"@type":"ReadAction","target":["https:\/\/www.eldiario.net\/portal\/2025\/04\/27\/sindrome-de-las-piernas-inquietas\/"]}]},{"@type":"ImageObject","inLanguage":"es","@id":"https:\/\/www.eldiario.net\/portal\/2025\/04\/27\/sindrome-de-las-piernas-inquietas\/#primaryimage","url":"https:\/\/www.eldiario.net\/portal\/wp-content\/uploads\/2025\/04\/SINDROME-DE-LAS-PIERNAS-INQUIETAS.jpg","contentUrl":"https:\/\/www.eldiario.net\/portal\/wp-content\/uploads\/2025\/04\/SINDROME-DE-LAS-PIERNAS-INQUIETAS.jpg","width":1200,"height":840},{"@type":"BreadcrumbList","@id":"https:\/\/www.eldiario.net\/portal\/2025\/04\/27\/sindrome-de-las-piernas-inquietas\/#breadcrumb","itemListElement":[{"@type":"ListItem","position":1,"name":"Portada","item":"https:\/\/www.eldiario.net\/portal\/"},{"@type":"ListItem","position":2,"name":"S\u00cdNDROME DE LAS PIERNAS INQUIETAS"}]},{"@type":"WebSite","@id":"https:\/\/www.eldiario.net\/portal\/#website","url":"https:\/\/www.eldiario.net\/portal\/","name":"El Diario - Decano de la prensa nacional","description":"El Diario - Decano de la prensa nacional","publisher":{"@id":"https:\/\/www.eldiario.net\/portal\/#organization"},"potentialAction":[{"@type":"SearchAction","target":{"@type":"EntryPoint","urlTemplate":"https:\/\/www.eldiario.net\/portal\/?s={search_term_string}"},"query-input":{"@type":"PropertyValueSpecification","valueRequired":true,"valueName":"search_term_string"}}],"inLanguage":"es"},{"@type":"Organization","@id":"https:\/\/www.eldiario.net\/portal\/#organization","name":"El Diario - Decano de la prensa nacional","url":"https:\/\/www.eldiario.net\/portal\/","logo":{"@type":"ImageObject","inLanguage":"es","@id":"https:\/\/www.eldiario.net\/portal\/#\/schema\/logo\/image\/","url":"https:\/\/www.eldiario.net\/portal\/wp-content\/uploads\/2023\/07\/logo_ED.jpg","contentUrl":"https:\/\/www.eldiario.net\/portal\/wp-content\/uploads\/2023\/07\/logo_ED.jpg","width":272,"height":52,"caption":"El Diario - Decano de la prensa nacional"},"image":{"@id":"https:\/\/www.eldiario.net\/portal\/#\/schema\/logo\/image\/"},"sameAs":["https:\/\/www.facebook.com\/eldiario.bolivia\/","https:\/\/x.com\/eldiario_net"]},{"@type":"Person","@id":"https:\/\/www.eldiario.net\/portal\/#\/schema\/person\/2c57cf2b7a7ae032e449e4c9b1019eac","name":"Jeanette","image":{"@type":"ImageObject","inLanguage":"es","@id":"https:\/\/secure.gravatar.com\/avatar\/3ea2118a5f7dad2b7138b1187a6b7ee55f160b9968b66013c3a3ef39dd7e5798?s=96&d=mm&r=g","url":"https:\/\/secure.gravatar.com\/avatar\/3ea2118a5f7dad2b7138b1187a6b7ee55f160b9968b66013c3a3ef39dd7e5798?s=96&d=mm&r=g","contentUrl":"https:\/\/secure.gravatar.com\/avatar\/3ea2118a5f7dad2b7138b1187a6b7ee55f160b9968b66013c3a3ef39dd7e5798?s=96&d=mm&r=g","caption":"Jeanette"},"sameAs":["https:\/\/www.eldiario.net\/portal"],"url":"https:\/\/www.eldiario.net\/portal\/author\/jeanette\/"}]}},"_links":{"self":[{"href":"https:\/\/www.eldiario.net\/portal\/wp-json\/wp\/v2\/posts\/298314","targetHints":{"allow":["GET"]}}],"collection":[{"href":"https:\/\/www.eldiario.net\/portal\/wp-json\/wp\/v2\/posts"}],"about":[{"href":"https:\/\/www.eldiario.net\/portal\/wp-json\/wp\/v2\/types\/post"}],"author":[{"embeddable":true,"href":"https:\/\/www.eldiario.net\/portal\/wp-json\/wp\/v2\/users\/1"}],"replies":[{"embeddable":true,"href":"https:\/\/www.eldiario.net\/portal\/wp-json\/wp\/v2\/comments?post=298314"}],"version-history":[{"count":1,"href":"https:\/\/www.eldiario.net\/portal\/wp-json\/wp\/v2\/posts\/298314\/revisions"}],"predecessor-version":[{"id":298316,"href":"https:\/\/www.eldiario.net\/portal\/wp-json\/wp\/v2\/posts\/298314\/revisions\/298316"}],"wp:featuredmedia":[{"embeddable":true,"href":"https:\/\/www.eldiario.net\/portal\/wp-json\/wp\/v2\/media\/298315"}],"wp:attachment":[{"href":"https:\/\/www.eldiario.net\/portal\/wp-json\/wp\/v2\/media?parent=298314"}],"wp:term":[{"taxonomy":"category","embeddable":true,"href":"https:\/\/www.eldiario.net\/portal\/wp-json\/wp\/v2\/categories?post=298314"},{"taxonomy":"post_tag","embeddable":true,"href":"https:\/\/www.eldiario.net\/portal\/wp-json\/wp\/v2\/tags?post=298314"}],"curies":[{"name":"wp","href":"https:\/\/api.w.org\/{rel}","templated":true}]}}