{"id":298302,"date":"2025-04-27T07:56:54","date_gmt":"2025-04-27T11:56:54","guid":{"rendered":"https:\/\/www.eldiario.net\/portal\/?p=298302"},"modified":"2025-04-27T07:56:54","modified_gmt":"2025-04-27T11:56:54","slug":"gac-motor-se-expande-en-la-capital-crucena","status":"publish","type":"post","link":"https:\/\/www.eldiario.net\/portal\/2025\/04\/27\/gac-motor-se-expande-en-la-capital-crucena\/","title":{"rendered":"GAC Motor se expande en la capital cruce\u00f1a"},"content":{"rendered":"<p>Como evidencia de su acelerado crecimiento y visi\u00f3n innovadora, VIAGGIO y Grupo Roda inauguraron su cuarto showroom de GAC Motor en Santa Cruz de la Sierra y el s\u00e9ptimo a nivel nacional, fortaleciendo su red de atenci\u00f3n y consolid\u00e1ndose como una de las marcas automotrices con mayor participaci\u00f3n y crecimiento en el pa\u00eds.<br \/>\nUbicado en la estrat\u00e9gica avenida Cristo Redentor (Banzer) y 8vo anillo, este nuevo punto de encuentro redefine el concepto de exhibici\u00f3n automotriz gracias a su arquitectura modular.<br \/>\n\u201cEstamos orgullosos de presentar este showroom, que representa no solo un nuevo punto de contacto con nuestros clientes, sino tambi\u00e9n una apuesta por el dise\u00f1o disruptivo y funcional. Esta arquitectura es \u00fanica en Bolivia y busca reflejar el ADN de GAC: innovaci\u00f3n, elegancia y dinamismo\u201d, se\u00f1al\u00f3 Erwin G. Roda, gerente general de VIAGGIO, distribuidor oficial de la marca en Bolivia.<\/p>\n\r\n                <style type=\"text\/css\">\r\n                    \r\n                    #tdi_1  .td-doubleSlider-2 .td-item1 {\r\n                        background: url(https:\/\/www.eldiario.net\/portal\/wp-content\/uploads\/2025\/04\/Erwin-G-2-80x60.jpg) 0 0 no-repeat;\r\n                    }\r\n                    #tdi_1  .td-doubleSlider-2 .td-item2 {\r\n                        background: url(https:\/\/www.eldiario.net\/portal\/wp-content\/uploads\/2025\/04\/Fernando-Arrien-gerente-de-operaciones-Viaggio-80x60.jpg) 0 0 no-repeat;\r\n                    }\r\n                    #tdi_1  .td-doubleSlider-2 .td-item3 {\r\n                        background: url(https:\/\/www.eldiario.net\/portal\/wp-content\/uploads\/2025\/04\/Harry-Liu-Country-Manager-Rodmy-Arandia-gerente-de-ventas-GAC-Motor-Robin-Hu-Country-Manager-y-Fernando-Arrien-gerente-de-operaciones-Viaggio-80x60.jpg) 0 0 no-repeat;\r\n                    }\r\n                    #tdi_1  .td-doubleSlider-2 .td-item4 {\r\n                        background: url(https:\/\/www.eldiario.net\/portal\/wp-content\/uploads\/2025\/04\/Nuevo-Showroom-8vo-anillo-Av-80x60.jpg) 0 0 no-repeat;\r\n                    }\r\n                    #tdi_1  .td-doubleSlider-2 .td-item5 {\r\n                        background: url(https:\/\/www.eldiario.net\/portal\/wp-content\/uploads\/2025\/04\/Robin-Hu-y-Harry-Liu-Countri-Manager-GAC-Motor-Internacional-80x60.jpg) 0 0 no-repeat;\r\n                    }\r\n                    #tdi_1  .td-doubleSlider-2 .td-item6 {\r\n                        background: url(https:\/\/www.eldiario.net\/portal\/wp-content\/uploads\/2025\/04\/Rodmy-Arandia-gerente-de-ventas-GAC-Motor-80x60.jpg) 0 0 no-repeat;\r\n                    }\r\n                    #tdi_1  .td-doubleSlider-2 .td-item7 {\r\n                        background: url(https:\/\/www.eldiario.net\/portal\/wp-content\/uploads\/2025\/04\/Talita-Tellez-y-Maite-Avendano-80x60.jpg) 0 0 no-repeat;\r\n                    }\r\n                    #tdi_1  .td-doubleSlider-2 .td-item8 {\r\n                        background: url(https:\/\/www.eldiario.net\/portal\/wp-content\/uploads\/2025\/04\/Tulio-Salinas-Robin-Hu-Harry-Liu-Walter-Landivar-Christian-Montero-Rodolfo-Camacho-Fernando-Arrien-y-Rodmy-Arandia-80x60.jpg) 0 0 no-repeat;\r\n                    }\r\n                    #tdi_1  .td-doubleSlider-2 .td-item9 {\r\n                        background: url(https:\/\/www.eldiario.net\/portal\/wp-content\/uploads\/2025\/04\/Walter-Landivar-gerente-de-logistica-Rodolfo-Camacho-gerente-de-marketing-y-Tulio-Salinas-jefe-de-marketing-80x60.jpg) 0 0 no-repeat;\r\n                    }\r\n                <\/style>\r\n\r\n                <div id=\"tdi_1\" class=\"td-gallery td-slide-on-2-columns\">\r\n                    <div class=\"post_td_gallery\">\r\n                        <div class=\"td-gallery-slide-top\">\r\n                           <div class=\"td-gallery-title\"><\/div>\r\n\r\n                            <div class=\"td-gallery-controls-wrapper\">\r\n                                <div class=\"td-gallery-slide-count\"><span class=\"td-gallery-slide-item-focus\">1<\/span> de 9<\/div>\r\n                                <div class=\"td-gallery-slide-prev-next-but\">\r\n                                    <i class = \"td-icon-left doubleSliderPrevButton\"><\/i>\r\n                                    <i class = \"td-icon-right doubleSliderNextButton\"><\/i>\r\n                                <\/div>\r\n                            <\/div>\r\n                        <\/div>\r\n\r\n                        <div class = \"td-doubleSlider-1 \">\r\n                            <div class = \"td-slider\">\r\n                                \r\n                    <div class = \"td-slide-item td-item1\">\r\n                        <figure class=\"td-slide-galery-figure td-slide-popup-gallery\">\r\n                            <a class=\"slide-gallery-image-link\" href=\"https:\/\/www.eldiario.net\/portal\/wp-content\/uploads\/2025\/04\/Erwin-G-2.jpg\" title=\"Erwin-G\"  data-caption=\"ERWIN G. RODA, GERENTE GENERAL DE VIAGGIO Y EDUARDO SALVATIERRA \u00b4EL CAPI\u00b4.\"  data-description=\"\">\r\n                                <img decoding=\"async\" src=\"https:\/\/www.eldiario.net\/portal\/wp-content\/uploads\/2025\/04\/Erwin-G-2-630x420.jpg\" srcset=\"https:\/\/www.eldiario.net\/portal\/wp-content\/uploads\/2025\/04\/Erwin-G-2-630x420.jpg 630w, https:\/\/www.eldiario.net\/portal\/wp-content\/uploads\/2025\/04\/Erwin-G-2-300x200.jpg 300w, https:\/\/www.eldiario.net\/portal\/wp-content\/uploads\/2025\/04\/Erwin-G-2-1024x683.jpg 1024w, https:\/\/www.eldiario.net\/portal\/wp-content\/uploads\/2025\/04\/Erwin-G-2-768x512.jpg 768w, https:\/\/www.eldiario.net\/portal\/wp-content\/uploads\/2025\/04\/Erwin-G-2-696x464.jpg 696w, https:\/\/www.eldiario.net\/portal\/wp-content\/uploads\/2025\/04\/Erwin-G-2-1068x712.jpg 1068w, https:\/\/www.eldiario.net\/portal\/wp-content\/uploads\/2025\/04\/Erwin-G-2.jpg 1200w\" sizes=\"(max-width: 630px) 100vw, 630px\" alt=\"\">\r\n                            <\/a>\r\n                            <figcaption class = \"td-slide-caption td-gallery-slide-content\"><div class = \"td-gallery-slide-copywrite\">ERWIN G. RODA, GERENTE GENERAL DE VIAGGIO Y EDUARDO SALVATIERRA \u00b4EL CAPI\u00b4.<\/div><\/figcaption>\r\n                        <\/figure>\r\n                    <\/div>\r\n                    <div class = \"td-slide-item td-item2\">\r\n                        <figure class=\"td-slide-galery-figure td-slide-popup-gallery\">\r\n                            <a class=\"slide-gallery-image-link\" href=\"https:\/\/www.eldiario.net\/portal\/wp-content\/uploads\/2025\/04\/Fernando-Arrien-gerente-de-operaciones-Viaggio.jpg\" title=\"Fernando-Arrien,-gerente-de-operaciones-Viaggio\"  data-caption=\" FERNANDO ARRIEN, GERENTE DE  OPERACIONES  VIAGGIO.\"  data-description=\"\">\r\n                                <img decoding=\"async\" src=\"https:\/\/www.eldiario.net\/portal\/wp-content\/uploads\/2025\/04\/Fernando-Arrien-gerente-de-operaciones-Viaggio-630x420.jpg\" srcset=\"https:\/\/www.eldiario.net\/portal\/wp-content\/uploads\/2025\/04\/Fernando-Arrien-gerente-de-operaciones-Viaggio-630x420.jpg 630w, https:\/\/www.eldiario.net\/portal\/wp-content\/uploads\/2025\/04\/Fernando-Arrien-gerente-de-operaciones-Viaggio-300x200.jpg 300w, https:\/\/www.eldiario.net\/portal\/wp-content\/uploads\/2025\/04\/Fernando-Arrien-gerente-de-operaciones-Viaggio-1024x683.jpg 1024w, https:\/\/www.eldiario.net\/portal\/wp-content\/uploads\/2025\/04\/Fernando-Arrien-gerente-de-operaciones-Viaggio-768x512.jpg 768w, https:\/\/www.eldiario.net\/portal\/wp-content\/uploads\/2025\/04\/Fernando-Arrien-gerente-de-operaciones-Viaggio-696x464.jpg 696w, https:\/\/www.eldiario.net\/portal\/wp-content\/uploads\/2025\/04\/Fernando-Arrien-gerente-de-operaciones-Viaggio-1068x712.jpg 1068w, https:\/\/www.eldiario.net\/portal\/wp-content\/uploads\/2025\/04\/Fernando-Arrien-gerente-de-operaciones-Viaggio.jpg 1200w\" sizes=\"(max-width: 630px) 100vw, 630px\" alt=\"\">\r\n                            <\/a>\r\n                            <figcaption class = \"td-slide-caption td-gallery-slide-content\"><div class = \"td-gallery-slide-copywrite\"> FERNANDO ARRIEN, GERENTE DE  OPERACIONES  VIAGGIO.<\/div><\/figcaption>\r\n                        <\/figure>\r\n                    <\/div>\r\n                    <div class = \"td-slide-item td-item3\">\r\n                        <figure class=\"td-slide-galery-figure td-slide-popup-gallery\">\r\n                            <a class=\"slide-gallery-image-link\" href=\"https:\/\/www.eldiario.net\/portal\/wp-content\/uploads\/2025\/04\/Harry-Liu-Country-Manager-Rodmy-Arandia-gerente-de-ventas-GAC-Motor-Robin-Hu-Country-Manager-y-Fernando-Arrien-gerente-de-operaciones-Viaggio.jpg\" title=\"Harry-Liu,-Country-Manager,-Rodmy-Arandia,-gerente-de-ventas-GAC-Motor,-Robin-Hu,-Country-Manager-y-Fernando-Arri\u00e9n,-gerente-de-operaciones-Viaggio\"  data-caption=\"HARRY LIU,  COUNTRY  MANAGER;  RODMY  ARANDIA,  GERENTE DE  VENTAS GAC  MOTOR; ROBIN HU, COUNTRY MANAGER, Y FERNANDO ARRI\u00c9N, GERENTE DE OPERACIONES VIAGGIO.\"  data-description=\"\">\r\n                                <img decoding=\"async\" src=\"https:\/\/www.eldiario.net\/portal\/wp-content\/uploads\/2025\/04\/Harry-Liu-Country-Manager-Rodmy-Arandia-gerente-de-ventas-GAC-Motor-Robin-Hu-Country-Manager-y-Fernando-Arrien-gerente-de-operaciones-Viaggio-630x420.jpg\" srcset=\"https:\/\/www.eldiario.net\/portal\/wp-content\/uploads\/2025\/04\/Harry-Liu-Country-Manager-Rodmy-Arandia-gerente-de-ventas-GAC-Motor-Robin-Hu-Country-Manager-y-Fernando-Arrien-gerente-de-operaciones-Viaggio-630x420.jpg 630w, https:\/\/www.eldiario.net\/portal\/wp-content\/uploads\/2025\/04\/Harry-Liu-Country-Manager-Rodmy-Arandia-gerente-de-ventas-GAC-Motor-Robin-Hu-Country-Manager-y-Fernando-Arrien-gerente-de-operaciones-Viaggio-300x200.jpg 300w, https:\/\/www.eldiario.net\/portal\/wp-content\/uploads\/2025\/04\/Harry-Liu-Country-Manager-Rodmy-Arandia-gerente-de-ventas-GAC-Motor-Robin-Hu-Country-Manager-y-Fernando-Arrien-gerente-de-operaciones-Viaggio-1024x683.jpg 1024w, https:\/\/www.eldiario.net\/portal\/wp-content\/uploads\/2025\/04\/Harry-Liu-Country-Manager-Rodmy-Arandia-gerente-de-ventas-GAC-Motor-Robin-Hu-Country-Manager-y-Fernando-Arrien-gerente-de-operaciones-Viaggio-768x512.jpg 768w, https:\/\/www.eldiario.net\/portal\/wp-content\/uploads\/2025\/04\/Harry-Liu-Country-Manager-Rodmy-Arandia-gerente-de-ventas-GAC-Motor-Robin-Hu-Country-Manager-y-Fernando-Arrien-gerente-de-operaciones-Viaggio-696x464.jpg 696w, https:\/\/www.eldiario.net\/portal\/wp-content\/uploads\/2025\/04\/Harry-Liu-Country-Manager-Rodmy-Arandia-gerente-de-ventas-GAC-Motor-Robin-Hu-Country-Manager-y-Fernando-Arrien-gerente-de-operaciones-Viaggio-1068x712.jpg 1068w, https:\/\/www.eldiario.net\/portal\/wp-content\/uploads\/2025\/04\/Harry-Liu-Country-Manager-Rodmy-Arandia-gerente-de-ventas-GAC-Motor-Robin-Hu-Country-Manager-y-Fernando-Arrien-gerente-de-operaciones-Viaggio.jpg 1200w\" sizes=\"(max-width: 630px) 100vw, 630px\" alt=\"\">\r\n                            <\/a>\r\n                            <figcaption class = \"td-slide-caption td-gallery-slide-content\"><div class = \"td-gallery-slide-copywrite\">HARRY LIU,  COUNTRY  MANAGER;  RODMY  ARANDIA,  GERENTE DE  VENTAS GAC  MOTOR; ROBIN HU, COUNTRY MANAGER, Y FERNANDO ARRI\u00c9N, GERENTE DE OPERACIONES VIAGGIO.<\/div><\/figcaption>\r\n                        <\/figure>\r\n                    <\/div>\r\n                    <div class = \"td-slide-item td-item4\">\r\n                        <figure class=\"td-slide-galery-figure td-slide-popup-gallery\">\r\n                            <a class=\"slide-gallery-image-link\" href=\"https:\/\/www.eldiario.net\/portal\/wp-content\/uploads\/2025\/04\/Nuevo-Showroom-8vo-anillo-Av.jpg\" title=\"Nuevo-Showroom-8vo-anillo-Av\"  data-caption=\"NUEVO SHOWROOM 8VO ANILLO AV. CRISTO REDENTOR 5.\"  data-description=\"\">\r\n                                <img decoding=\"async\" src=\"https:\/\/www.eldiario.net\/portal\/wp-content\/uploads\/2025\/04\/Nuevo-Showroom-8vo-anillo-Av-630x420.jpg\" srcset=\"https:\/\/www.eldiario.net\/portal\/wp-content\/uploads\/2025\/04\/Nuevo-Showroom-8vo-anillo-Av-630x420.jpg 630w, https:\/\/www.eldiario.net\/portal\/wp-content\/uploads\/2025\/04\/Nuevo-Showroom-8vo-anillo-Av-300x200.jpg 300w, https:\/\/www.eldiario.net\/portal\/wp-content\/uploads\/2025\/04\/Nuevo-Showroom-8vo-anillo-Av-1024x683.jpg 1024w, https:\/\/www.eldiario.net\/portal\/wp-content\/uploads\/2025\/04\/Nuevo-Showroom-8vo-anillo-Av-768x512.jpg 768w, https:\/\/www.eldiario.net\/portal\/wp-content\/uploads\/2025\/04\/Nuevo-Showroom-8vo-anillo-Av-696x464.jpg 696w, https:\/\/www.eldiario.net\/portal\/wp-content\/uploads\/2025\/04\/Nuevo-Showroom-8vo-anillo-Av-1068x712.jpg 1068w, https:\/\/www.eldiario.net\/portal\/wp-content\/uploads\/2025\/04\/Nuevo-Showroom-8vo-anillo-Av.jpg 1200w\" sizes=\"(max-width: 630px) 100vw, 630px\" alt=\"\">\r\n                            <\/a>\r\n                            <figcaption class = \"td-slide-caption td-gallery-slide-content\"><div class = \"td-gallery-slide-copywrite\">NUEVO SHOWROOM 8VO ANILLO AV. CRISTO REDENTOR 5.<\/div><\/figcaption>\r\n                        <\/figure>\r\n                    <\/div>\r\n                    <div class = \"td-slide-item td-item5\">\r\n                        <figure class=\"td-slide-galery-figure td-slide-popup-gallery\">\r\n                            <a class=\"slide-gallery-image-link\" href=\"https:\/\/www.eldiario.net\/portal\/wp-content\/uploads\/2025\/04\/Robin-Hu-y-Harry-Liu-Countri-Manager-GAC-Motor-Internacional.jpg\" title=\"Robin-Hu-y-Harry-Liu,-Countri-Manager-GAC-Motor-Internacional\"  data-caption=\" ROBIN HU Y HARRY LIU, COUNTRI MANAGER GAC MOTOR INTERNACIONAL.\"  data-description=\"\">\r\n                                <img decoding=\"async\" src=\"https:\/\/www.eldiario.net\/portal\/wp-content\/uploads\/2025\/04\/Robin-Hu-y-Harry-Liu-Countri-Manager-GAC-Motor-Internacional-630x420.jpg\" srcset=\"https:\/\/www.eldiario.net\/portal\/wp-content\/uploads\/2025\/04\/Robin-Hu-y-Harry-Liu-Countri-Manager-GAC-Motor-Internacional-630x420.jpg 630w, https:\/\/www.eldiario.net\/portal\/wp-content\/uploads\/2025\/04\/Robin-Hu-y-Harry-Liu-Countri-Manager-GAC-Motor-Internacional-300x200.jpg 300w, https:\/\/www.eldiario.net\/portal\/wp-content\/uploads\/2025\/04\/Robin-Hu-y-Harry-Liu-Countri-Manager-GAC-Motor-Internacional-1024x683.jpg 1024w, https:\/\/www.eldiario.net\/portal\/wp-content\/uploads\/2025\/04\/Robin-Hu-y-Harry-Liu-Countri-Manager-GAC-Motor-Internacional-768x512.jpg 768w, https:\/\/www.eldiario.net\/portal\/wp-content\/uploads\/2025\/04\/Robin-Hu-y-Harry-Liu-Countri-Manager-GAC-Motor-Internacional-696x464.jpg 696w, https:\/\/www.eldiario.net\/portal\/wp-content\/uploads\/2025\/04\/Robin-Hu-y-Harry-Liu-Countri-Manager-GAC-Motor-Internacional-1068x712.jpg 1068w, https:\/\/www.eldiario.net\/portal\/wp-content\/uploads\/2025\/04\/Robin-Hu-y-Harry-Liu-Countri-Manager-GAC-Motor-Internacional.jpg 1200w\" sizes=\"(max-width: 630px) 100vw, 630px\" alt=\"\">\r\n                            <\/a>\r\n                            <figcaption class = \"td-slide-caption td-gallery-slide-content\"><div class = \"td-gallery-slide-copywrite\"> ROBIN HU Y HARRY LIU, COUNTRI MANAGER GAC MOTOR INTERNACIONAL.<\/div><\/figcaption>\r\n                        <\/figure>\r\n                    <\/div>\r\n                    <div class = \"td-slide-item td-item6\">\r\n                        <figure class=\"td-slide-galery-figure td-slide-popup-gallery\">\r\n                            <a class=\"slide-gallery-image-link\" href=\"https:\/\/www.eldiario.net\/portal\/wp-content\/uploads\/2025\/04\/Rodmy-Arandia-gerente-de-ventas-GAC-Motor.jpg\" title=\"Rodmy-Arandia,-gerente-de-ventas-GAC-Motor\"  data-caption=\"   RODMY ARANDIA, GERENTE DE VENTAS GAC MOTOR.\"  data-description=\"\">\r\n                                <img decoding=\"async\" src=\"https:\/\/www.eldiario.net\/portal\/wp-content\/uploads\/2025\/04\/Rodmy-Arandia-gerente-de-ventas-GAC-Motor-630x420.jpg\" srcset=\"https:\/\/www.eldiario.net\/portal\/wp-content\/uploads\/2025\/04\/Rodmy-Arandia-gerente-de-ventas-GAC-Motor-630x420.jpg 630w, https:\/\/www.eldiario.net\/portal\/wp-content\/uploads\/2025\/04\/Rodmy-Arandia-gerente-de-ventas-GAC-Motor-300x200.jpg 300w, https:\/\/www.eldiario.net\/portal\/wp-content\/uploads\/2025\/04\/Rodmy-Arandia-gerente-de-ventas-GAC-Motor-1024x683.jpg 1024w, https:\/\/www.eldiario.net\/portal\/wp-content\/uploads\/2025\/04\/Rodmy-Arandia-gerente-de-ventas-GAC-Motor-768x512.jpg 768w, https:\/\/www.eldiario.net\/portal\/wp-content\/uploads\/2025\/04\/Rodmy-Arandia-gerente-de-ventas-GAC-Motor-696x464.jpg 696w, https:\/\/www.eldiario.net\/portal\/wp-content\/uploads\/2025\/04\/Rodmy-Arandia-gerente-de-ventas-GAC-Motor-1068x712.jpg 1068w, https:\/\/www.eldiario.net\/portal\/wp-content\/uploads\/2025\/04\/Rodmy-Arandia-gerente-de-ventas-GAC-Motor.jpg 1200w\" sizes=\"(max-width: 630px) 100vw, 630px\" alt=\"\">\r\n                            <\/a>\r\n                            <figcaption class = \"td-slide-caption td-gallery-slide-content\"><div class = \"td-gallery-slide-copywrite\">   RODMY ARANDIA, GERENTE DE VENTAS GAC MOTOR.<\/div><\/figcaption>\r\n                        <\/figure>\r\n                    <\/div>\r\n                    <div class = \"td-slide-item td-item7\">\r\n                        <figure class=\"td-slide-galery-figure td-slide-popup-gallery\">\r\n                            <a class=\"slide-gallery-image-link\" href=\"https:\/\/www.eldiario.net\/portal\/wp-content\/uploads\/2025\/04\/Talita-Tellez-y-Maite-Avendano.jpg\" title=\"Talita-Tellez-y-Maite-Avenda\u00f1o\"  data-caption=\"TALITA T\u00c9LLEZ Y MAITE  AVENDA\u00d1O.\"  data-description=\"\">\r\n                                <img decoding=\"async\" src=\"https:\/\/www.eldiario.net\/portal\/wp-content\/uploads\/2025\/04\/Talita-Tellez-y-Maite-Avendano-630x420.jpg\" srcset=\"https:\/\/www.eldiario.net\/portal\/wp-content\/uploads\/2025\/04\/Talita-Tellez-y-Maite-Avendano-630x420.jpg 630w, https:\/\/www.eldiario.net\/portal\/wp-content\/uploads\/2025\/04\/Talita-Tellez-y-Maite-Avendano-300x200.jpg 300w, https:\/\/www.eldiario.net\/portal\/wp-content\/uploads\/2025\/04\/Talita-Tellez-y-Maite-Avendano-1024x683.jpg 1024w, https:\/\/www.eldiario.net\/portal\/wp-content\/uploads\/2025\/04\/Talita-Tellez-y-Maite-Avendano-768x512.jpg 768w, https:\/\/www.eldiario.net\/portal\/wp-content\/uploads\/2025\/04\/Talita-Tellez-y-Maite-Avendano-696x464.jpg 696w, https:\/\/www.eldiario.net\/portal\/wp-content\/uploads\/2025\/04\/Talita-Tellez-y-Maite-Avendano-1068x712.jpg 1068w, https:\/\/www.eldiario.net\/portal\/wp-content\/uploads\/2025\/04\/Talita-Tellez-y-Maite-Avendano.jpg 1200w\" sizes=\"(max-width: 630px) 100vw, 630px\" alt=\"\">\r\n                            <\/a>\r\n                            <figcaption class = \"td-slide-caption td-gallery-slide-content\"><div class = \"td-gallery-slide-copywrite\">TALITA T\u00c9LLEZ Y MAITE  AVENDA\u00d1O.<\/div><\/figcaption>\r\n                        <\/figure>\r\n                    <\/div>\r\n                    <div class = \"td-slide-item td-item8\">\r\n                        <figure class=\"td-slide-galery-figure td-slide-popup-gallery\">\r\n                            <a class=\"slide-gallery-image-link\" href=\"https:\/\/www.eldiario.net\/portal\/wp-content\/uploads\/2025\/04\/Tulio-Salinas-Robin-Hu-Harry-Liu-Walter-Landivar-Christian-Montero-Rodolfo-Camacho-Fernando-Arrien-y-Rodmy-Arandia.jpg\" title=\"Tulio-Salinas,-Robin-Hu,-Harry-Liu,-Walter-Land\u00edvar,-Christian-Montero,-Rodolfo-Camacho,-Fernando-Arrien-y-Rodmy-Arandia\"  data-caption=\"TULIO SALINAS, ROBIN HU, HARRY LIU, WALTER LAND\u00cdVAR, CHRISTIAN MONTERO, RODOLFO CAMACHO, FERNANDO ARRIEN Y RODMY ARANDIA.\"  data-description=\"\">\r\n                                <img decoding=\"async\" src=\"https:\/\/www.eldiario.net\/portal\/wp-content\/uploads\/2025\/04\/Tulio-Salinas-Robin-Hu-Harry-Liu-Walter-Landivar-Christian-Montero-Rodolfo-Camacho-Fernando-Arrien-y-Rodmy-Arandia-630x420.jpg\" srcset=\"https:\/\/www.eldiario.net\/portal\/wp-content\/uploads\/2025\/04\/Tulio-Salinas-Robin-Hu-Harry-Liu-Walter-Landivar-Christian-Montero-Rodolfo-Camacho-Fernando-Arrien-y-Rodmy-Arandia-630x420.jpg 630w, https:\/\/www.eldiario.net\/portal\/wp-content\/uploads\/2025\/04\/Tulio-Salinas-Robin-Hu-Harry-Liu-Walter-Landivar-Christian-Montero-Rodolfo-Camacho-Fernando-Arrien-y-Rodmy-Arandia-300x200.jpg 300w, https:\/\/www.eldiario.net\/portal\/wp-content\/uploads\/2025\/04\/Tulio-Salinas-Robin-Hu-Harry-Liu-Walter-Landivar-Christian-Montero-Rodolfo-Camacho-Fernando-Arrien-y-Rodmy-Arandia-1024x683.jpg 1024w, https:\/\/www.eldiario.net\/portal\/wp-content\/uploads\/2025\/04\/Tulio-Salinas-Robin-Hu-Harry-Liu-Walter-Landivar-Christian-Montero-Rodolfo-Camacho-Fernando-Arrien-y-Rodmy-Arandia-768x512.jpg 768w, https:\/\/www.eldiario.net\/portal\/wp-content\/uploads\/2025\/04\/Tulio-Salinas-Robin-Hu-Harry-Liu-Walter-Landivar-Christian-Montero-Rodolfo-Camacho-Fernando-Arrien-y-Rodmy-Arandia-696x464.jpg 696w, https:\/\/www.eldiario.net\/portal\/wp-content\/uploads\/2025\/04\/Tulio-Salinas-Robin-Hu-Harry-Liu-Walter-Landivar-Christian-Montero-Rodolfo-Camacho-Fernando-Arrien-y-Rodmy-Arandia-1068x712.jpg 1068w, https:\/\/www.eldiario.net\/portal\/wp-content\/uploads\/2025\/04\/Tulio-Salinas-Robin-Hu-Harry-Liu-Walter-Landivar-Christian-Montero-Rodolfo-Camacho-Fernando-Arrien-y-Rodmy-Arandia.jpg 1200w\" sizes=\"(max-width: 630px) 100vw, 630px\" alt=\"\">\r\n                            <\/a>\r\n                            <figcaption class = \"td-slide-caption td-gallery-slide-content\"><div class = \"td-gallery-slide-copywrite\">TULIO SALINAS, ROBIN HU, HARRY LIU, WALTER LAND\u00cdVAR, CHRISTIAN MONTERO, RODOLFO CAMACHO, FERNANDO ARRIEN Y RODMY ARANDIA.<\/div><\/figcaption>\r\n                        <\/figure>\r\n                    <\/div>\r\n                    <div class = \"td-slide-item td-item9\">\r\n                        <figure class=\"td-slide-galery-figure td-slide-popup-gallery\">\r\n                            <a class=\"slide-gallery-image-link\" href=\"https:\/\/www.eldiario.net\/portal\/wp-content\/uploads\/2025\/04\/Walter-Landivar-gerente-de-logistica-Rodolfo-Camacho-gerente-de-marketing-y-Tulio-Salinas-jefe-de-marketing.jpg\" title=\"Walter-Land\u00edvar,-gerente-de-log\u00edstica,-Rodolfo-Camacho,-gerente-de-marketing-y-Tulio-Salinas,-jefe-de-marketing\"  data-caption=\" WALTER LAND\u00cdVAR, GERENTE DE LOG\u00cdSTICA; RODOLFO CAMACHO, GERENTE DE MARKETING, Y TULIO SALINAS, JEFE DE MARKETING.\"  data-description=\"\">\r\n                                <img decoding=\"async\" src=\"https:\/\/www.eldiario.net\/portal\/wp-content\/uploads\/2025\/04\/Walter-Landivar-gerente-de-logistica-Rodolfo-Camacho-gerente-de-marketing-y-Tulio-Salinas-jefe-de-marketing-280x420.jpg\" srcset=\"https:\/\/www.eldiario.net\/portal\/wp-content\/uploads\/2025\/04\/Walter-Landivar-gerente-de-logistica-Rodolfo-Camacho-gerente-de-marketing-y-Tulio-Salinas-jefe-de-marketing-280x420.jpg 280w, https:\/\/www.eldiario.net\/portal\/wp-content\/uploads\/2025\/04\/Walter-Landivar-gerente-de-logistica-Rodolfo-Camacho-gerente-de-marketing-y-Tulio-Salinas-jefe-de-marketing-200x300.jpg 200w, https:\/\/www.eldiario.net\/portal\/wp-content\/uploads\/2025\/04\/Walter-Landivar-gerente-de-logistica-Rodolfo-Camacho-gerente-de-marketing-y-Tulio-Salinas-jefe-de-marketing-683x1024.jpg 683w, https:\/\/www.eldiario.net\/portal\/wp-content\/uploads\/2025\/04\/Walter-Landivar-gerente-de-logistica-Rodolfo-Camacho-gerente-de-marketing-y-Tulio-Salinas-jefe-de-marketing-696x1044.jpg 696w, https:\/\/www.eldiario.net\/portal\/wp-content\/uploads\/2025\/04\/Walter-Landivar-gerente-de-logistica-Rodolfo-Camacho-gerente-de-marketing-y-Tulio-Salinas-jefe-de-marketing.jpg 720w\" sizes=\"(max-width: 280px) 100vw, 280px\" alt=\"\">\r\n                            <\/a>\r\n                            <figcaption class = \"td-slide-caption td-gallery-slide-content\"><div class = \"td-gallery-slide-copywrite\"> WALTER LAND\u00cdVAR, GERENTE DE LOG\u00cdSTICA; RODOLFO CAMACHO, GERENTE DE MARKETING, Y TULIO SALINAS, JEFE DE MARKETING.<\/div><\/figcaption>\r\n                        <\/figure>\r\n                    <\/div>\r\n                            <\/div>\r\n                        <\/div>\r\n\r\n                        <div class = \"td-doubleSlider-2\">\r\n                            <div class = \"td-slider\">\r\n                                \r\n                    <div class = \"td-button td-item1\">\r\n                        <div class = \"td-border\"><\/div>\r\n                    <\/div>\r\n                    <div class = \"td-button td-item2\">\r\n                        <div class = \"td-border\"><\/div>\r\n                    <\/div>\r\n                    <div class = \"td-button td-item3\">\r\n                        <div class = \"td-border\"><\/div>\r\n                    <\/div>\r\n                    <div class = \"td-button td-item4\">\r\n                        <div class = \"td-border\"><\/div>\r\n                    <\/div>\r\n                    <div class = \"td-button td-item5\">\r\n                        <div class = \"td-border\"><\/div>\r\n                    <\/div>\r\n                    <div class = \"td-button td-item6\">\r\n                        <div class = \"td-border\"><\/div>\r\n                    <\/div>\r\n                    <div class = \"td-button td-item7\">\r\n                        <div class = \"td-border\"><\/div>\r\n                    <\/div>\r\n                    <div class = \"td-button td-item8\">\r\n                        <div class = \"td-border\"><\/div>\r\n                    <\/div>\r\n                    <div class = \"td-button td-item9\">\r\n                        <div class = \"td-border\"><\/div>\r\n                    <\/div>\r\n                            <\/div>\r\n                        <\/div>\r\n\r\n                    <\/div>\r\n\r\n                <\/div>\r\n                \n","protected":false},"excerpt":{"rendered":"<p>Como evidencia de su acelerado crecimiento y visi\u00f3n innovadora, VIAGGIO y Grupo Roda inauguraron su cuarto showroom de GAC Motor en Santa Cruz de la Sierra y el s\u00e9ptimo a nivel nacional, fortaleciendo su red de atenci\u00f3n y consolid\u00e1ndose como una de las marcas automotrices con mayor participaci\u00f3n y crecimiento en el pa\u00eds. Ubicado en [&hellip;]<\/p>\n","protected":false},"author":1,"featured_media":0,"comment_status":"closed","ping_status":"open","sticky":false,"template":"","format":"standard","meta":{"_acf_changed":false,"footnotes":""},"categories":[40],"tags":[],"class_list":["post-298302","post","type-post","status-publish","format-standard","category-sociales"],"acf":{"antetitulo":""},"yoast_head":"<!-- This site is optimized with the Yoast SEO plugin v28.4 - https:\/\/yoast.com\/product\/yoast-seo-wordpress\/ -->\n<title>GAC Motor se expande en la capital cruce\u00f1a - El Diario - Bolivia<\/title>\n<meta name=\"robots\" content=\"index, follow, max-snippet:-1, max-image-preview:large, max-video-preview:-1\" \/>\n<link rel=\"canonical\" href=\"https:\/\/www.eldiario.net\/portal\/2025\/04\/27\/gac-motor-se-expande-en-la-capital-crucena\/\" \/>\n<meta property=\"og:locale\" content=\"es_ES\" \/>\n<meta property=\"og:type\" content=\"article\" \/>\n<meta property=\"og:title\" content=\"GAC Motor se expande en la capital cruce\u00f1a - El Diario - Bolivia\" \/>\n<meta property=\"og:description\" content=\"Como evidencia de su acelerado crecimiento y visi\u00f3n innovadora, VIAGGIO y Grupo Roda inauguraron su cuarto showroom de GAC Motor en Santa Cruz de la Sierra y el s\u00e9ptimo a nivel nacional, fortaleciendo su red de atenci\u00f3n y consolid\u00e1ndose como una de las marcas automotrices con mayor participaci\u00f3n y crecimiento en el pa\u00eds. Ubicado en [&hellip;]\" \/>\n<meta property=\"og:url\" content=\"https:\/\/www.eldiario.net\/portal\/2025\/04\/27\/gac-motor-se-expande-en-la-capital-crucena\/\" \/>\n<meta property=\"og:site_name\" content=\"El Diario - Bolivia\" \/>\n<meta property=\"article:publisher\" content=\"https:\/\/www.facebook.com\/eldiario.bolivia\/\" \/>\n<meta property=\"article:published_time\" content=\"2025-04-27T11:56:54+00:00\" \/>\n<meta property=\"og:image\" content=\"https:\/\/www.eldiario.net\/portal\/wp-content\/uploads\/2025\/04\/Erwin-G-2-630x420.jpg\" \/>\n<meta name=\"author\" content=\"Jeanette\" \/>\n<meta name=\"twitter:card\" content=\"summary_large_image\" \/>\n<meta name=\"twitter:creator\" content=\"@eldiario_net\" \/>\n<meta name=\"twitter:site\" content=\"@eldiario_net\" \/>\n<meta name=\"twitter:label1\" content=\"Escrito por\" \/>\n\t<meta name=\"twitter:data1\" content=\"Jeanette\" \/>\n\t<meta name=\"twitter:label2\" content=\"Tiempo de lectura\" \/>\n\t<meta name=\"twitter:data2\" content=\"1 minuto\" \/>\n<script type=\"application\/ld+json\" class=\"yoast-schema-graph\">{\"@context\":\"https:\\\/\\\/schema.org\",\"@graph\":[{\"@type\":\"Article\",\"@id\":\"https:\\\/\\\/www.eldiario.net\\\/portal\\\/2025\\\/04\\\/27\\\/gac-motor-se-expande-en-la-capital-crucena\\\/#article\",\"isPartOf\":{\"@id\":\"https:\\\/\\\/www.eldiario.net\\\/portal\\\/2025\\\/04\\\/27\\\/gac-motor-se-expande-en-la-capital-crucena\\\/\"},\"author\":{\"name\":\"Jeanette\",\"@id\":\"https:\\\/\\\/www.eldiario.net\\\/portal\\\/#\\\/schema\\\/person\\\/2c57cf2b7a7ae032e449e4c9b1019eac\"},\"headline\":\"GAC Motor se expande en la capital cruce\u00f1a\",\"datePublished\":\"2025-04-27T11:56:54+00:00\",\"mainEntityOfPage\":{\"@id\":\"https:\\\/\\\/www.eldiario.net\\\/portal\\\/2025\\\/04\\\/27\\\/gac-motor-se-expande-en-la-capital-crucena\\\/\"},\"wordCount\":170,\"publisher\":{\"@id\":\"https:\\\/\\\/www.eldiario.net\\\/portal\\\/#organization\"},\"articleSection\":[\"Sociales\"],\"inLanguage\":\"es\"},{\"@type\":\"WebPage\",\"@id\":\"https:\\\/\\\/www.eldiario.net\\\/portal\\\/2025\\\/04\\\/27\\\/gac-motor-se-expande-en-la-capital-crucena\\\/\",\"url\":\"https:\\\/\\\/www.eldiario.net\\\/portal\\\/2025\\\/04\\\/27\\\/gac-motor-se-expande-en-la-capital-crucena\\\/\",\"name\":\"GAC Motor se expande en la capital cruce\u00f1a - El Diario - Bolivia\",\"isPartOf\":{\"@id\":\"https:\\\/\\\/www.eldiario.net\\\/portal\\\/#website\"},\"datePublished\":\"2025-04-27T11:56:54+00:00\",\"breadcrumb\":{\"@id\":\"https:\\\/\\\/www.eldiario.net\\\/portal\\\/2025\\\/04\\\/27\\\/gac-motor-se-expande-en-la-capital-crucena\\\/#breadcrumb\"},\"inLanguage\":\"es\",\"potentialAction\":[{\"@type\":\"ReadAction\",\"target\":[\"https:\\\/\\\/www.eldiario.net\\\/portal\\\/2025\\\/04\\\/27\\\/gac-motor-se-expande-en-la-capital-crucena\\\/\"]}]},{\"@type\":\"BreadcrumbList\",\"@id\":\"https:\\\/\\\/www.eldiario.net\\\/portal\\\/2025\\\/04\\\/27\\\/gac-motor-se-expande-en-la-capital-crucena\\\/#breadcrumb\",\"itemListElement\":[{\"@type\":\"ListItem\",\"position\":1,\"name\":\"Portada\",\"item\":\"https:\\\/\\\/www.eldiario.net\\\/portal\\\/\"},{\"@type\":\"ListItem\",\"position\":2,\"name\":\"GAC Motor se expande en la capital cruce\u00f1a\"}]},{\"@type\":\"WebSite\",\"@id\":\"https:\\\/\\\/www.eldiario.net\\\/portal\\\/#website\",\"url\":\"https:\\\/\\\/www.eldiario.net\\\/portal\\\/\",\"name\":\"El Diario - Decano de la prensa nacional\",\"description\":\"El Diario - Decano de la prensa nacional\",\"publisher\":{\"@id\":\"https:\\\/\\\/www.eldiario.net\\\/portal\\\/#organization\"},\"potentialAction\":[{\"@type\":\"SearchAction\",\"target\":{\"@type\":\"EntryPoint\",\"urlTemplate\":\"https:\\\/\\\/www.eldiario.net\\\/portal\\\/?s={search_term_string}\"},\"query-input\":{\"@type\":\"PropertyValueSpecification\",\"valueRequired\":true,\"valueName\":\"search_term_string\"}}],\"inLanguage\":\"es\"},{\"@type\":\"Organization\",\"@id\":\"https:\\\/\\\/www.eldiario.net\\\/portal\\\/#organization\",\"name\":\"El Diario - Decano de la prensa nacional\",\"url\":\"https:\\\/\\\/www.eldiario.net\\\/portal\\\/\",\"logo\":{\"@type\":\"ImageObject\",\"inLanguage\":\"es\",\"@id\":\"https:\\\/\\\/www.eldiario.net\\\/portal\\\/#\\\/schema\\\/logo\\\/image\\\/\",\"url\":\"https:\\\/\\\/www.eldiario.net\\\/portal\\\/wp-content\\\/uploads\\\/2023\\\/07\\\/logo_ED.jpg\",\"contentUrl\":\"https:\\\/\\\/www.eldiario.net\\\/portal\\\/wp-content\\\/uploads\\\/2023\\\/07\\\/logo_ED.jpg\",\"width\":272,\"height\":52,\"caption\":\"El Diario - Decano de la prensa nacional\"},\"image\":{\"@id\":\"https:\\\/\\\/www.eldiario.net\\\/portal\\\/#\\\/schema\\\/logo\\\/image\\\/\"},\"sameAs\":[\"https:\\\/\\\/www.facebook.com\\\/eldiario.bolivia\\\/\",\"https:\\\/\\\/x.com\\\/eldiario_net\"]},{\"@type\":\"Person\",\"@id\":\"https:\\\/\\\/www.eldiario.net\\\/portal\\\/#\\\/schema\\\/person\\\/2c57cf2b7a7ae032e449e4c9b1019eac\",\"name\":\"Jeanette\",\"image\":{\"@type\":\"ImageObject\",\"inLanguage\":\"es\",\"@id\":\"https:\\\/\\\/secure.gravatar.com\\\/avatar\\\/3ea2118a5f7dad2b7138b1187a6b7ee55f160b9968b66013c3a3ef39dd7e5798?s=96&d=mm&r=g\",\"url\":\"https:\\\/\\\/secure.gravatar.com\\\/avatar\\\/3ea2118a5f7dad2b7138b1187a6b7ee55f160b9968b66013c3a3ef39dd7e5798?s=96&d=mm&r=g\",\"contentUrl\":\"https:\\\/\\\/secure.gravatar.com\\\/avatar\\\/3ea2118a5f7dad2b7138b1187a6b7ee55f160b9968b66013c3a3ef39dd7e5798?s=96&d=mm&r=g\",\"caption\":\"Jeanette\"},\"sameAs\":[\"https:\\\/\\\/www.eldiario.net\\\/portal\"],\"url\":\"https:\\\/\\\/www.eldiario.net\\\/portal\\\/author\\\/jeanette\\\/\"}]}<\/script>\n<!-- \/ Yoast SEO plugin. -->","yoast_head_json":{"title":"GAC Motor se expande en la capital cruce\u00f1a - El Diario - Bolivia","robots":{"index":"index","follow":"follow","max-snippet":"max-snippet:-1","max-image-preview":"max-image-preview:large","max-video-preview":"max-video-preview:-1"},"canonical":"https:\/\/www.eldiario.net\/portal\/2025\/04\/27\/gac-motor-se-expande-en-la-capital-crucena\/","og_locale":"es_ES","og_type":"article","og_title":"GAC Motor se expande en la capital cruce\u00f1a - El Diario - Bolivia","og_description":"Como evidencia de su acelerado crecimiento y visi\u00f3n innovadora, VIAGGIO y Grupo Roda inauguraron su cuarto showroom de GAC Motor en Santa Cruz de la Sierra y el s\u00e9ptimo a nivel nacional, fortaleciendo su red de atenci\u00f3n y consolid\u00e1ndose como una de las marcas automotrices con mayor participaci\u00f3n y crecimiento en el pa\u00eds. Ubicado en [&hellip;]","og_url":"https:\/\/www.eldiario.net\/portal\/2025\/04\/27\/gac-motor-se-expande-en-la-capital-crucena\/","og_site_name":"El Diario - Bolivia","article_publisher":"https:\/\/www.facebook.com\/eldiario.bolivia\/","article_published_time":"2025-04-27T11:56:54+00:00","og_image":[{"url":"https:\/\/www.eldiario.net\/portal\/wp-content\/uploads\/2025\/04\/Erwin-G-2-630x420.jpg","type":"","width":"","height":""}],"author":"Jeanette","twitter_card":"summary_large_image","twitter_creator":"@eldiario_net","twitter_site":"@eldiario_net","twitter_misc":{"Escrito por":"Jeanette","Tiempo de lectura":"1 minuto"},"schema":{"@context":"https:\/\/schema.org","@graph":[{"@type":"Article","@id":"https:\/\/www.eldiario.net\/portal\/2025\/04\/27\/gac-motor-se-expande-en-la-capital-crucena\/#article","isPartOf":{"@id":"https:\/\/www.eldiario.net\/portal\/2025\/04\/27\/gac-motor-se-expande-en-la-capital-crucena\/"},"author":{"name":"Jeanette","@id":"https:\/\/www.eldiario.net\/portal\/#\/schema\/person\/2c57cf2b7a7ae032e449e4c9b1019eac"},"headline":"GAC Motor se expande en la capital cruce\u00f1a","datePublished":"2025-04-27T11:56:54+00:00","mainEntityOfPage":{"@id":"https:\/\/www.eldiario.net\/portal\/2025\/04\/27\/gac-motor-se-expande-en-la-capital-crucena\/"},"wordCount":170,"publisher":{"@id":"https:\/\/www.eldiario.net\/portal\/#organization"},"articleSection":["Sociales"],"inLanguage":"es"},{"@type":"WebPage","@id":"https:\/\/www.eldiario.net\/portal\/2025\/04\/27\/gac-motor-se-expande-en-la-capital-crucena\/","url":"https:\/\/www.eldiario.net\/portal\/2025\/04\/27\/gac-motor-se-expande-en-la-capital-crucena\/","name":"GAC Motor se expande en la capital cruce\u00f1a - El Diario - Bolivia","isPartOf":{"@id":"https:\/\/www.eldiario.net\/portal\/#website"},"datePublished":"2025-04-27T11:56:54+00:00","breadcrumb":{"@id":"https:\/\/www.eldiario.net\/portal\/2025\/04\/27\/gac-motor-se-expande-en-la-capital-crucena\/#breadcrumb"},"inLanguage":"es","potentialAction":[{"@type":"ReadAction","target":["https:\/\/www.eldiario.net\/portal\/2025\/04\/27\/gac-motor-se-expande-en-la-capital-crucena\/"]}]},{"@type":"BreadcrumbList","@id":"https:\/\/www.eldiario.net\/portal\/2025\/04\/27\/gac-motor-se-expande-en-la-capital-crucena\/#breadcrumb","itemListElement":[{"@type":"ListItem","position":1,"name":"Portada","item":"https:\/\/www.eldiario.net\/portal\/"},{"@type":"ListItem","position":2,"name":"GAC Motor se expande en la capital cruce\u00f1a"}]},{"@type":"WebSite","@id":"https:\/\/www.eldiario.net\/portal\/#website","url":"https:\/\/www.eldiario.net\/portal\/","name":"El Diario - Decano de la prensa nacional","description":"El Diario - Decano de la prensa nacional","publisher":{"@id":"https:\/\/www.eldiario.net\/portal\/#organization"},"potentialAction":[{"@type":"SearchAction","target":{"@type":"EntryPoint","urlTemplate":"https:\/\/www.eldiario.net\/portal\/?s={search_term_string}"},"query-input":{"@type":"PropertyValueSpecification","valueRequired":true,"valueName":"search_term_string"}}],"inLanguage":"es"},{"@type":"Organization","@id":"https:\/\/www.eldiario.net\/portal\/#organization","name":"El Diario - Decano de la prensa nacional","url":"https:\/\/www.eldiario.net\/portal\/","logo":{"@type":"ImageObject","inLanguage":"es","@id":"https:\/\/www.eldiario.net\/portal\/#\/schema\/logo\/image\/","url":"https:\/\/www.eldiario.net\/portal\/wp-content\/uploads\/2023\/07\/logo_ED.jpg","contentUrl":"https:\/\/www.eldiario.net\/portal\/wp-content\/uploads\/2023\/07\/logo_ED.jpg","width":272,"height":52,"caption":"El Diario - Decano de la prensa nacional"},"image":{"@id":"https:\/\/www.eldiario.net\/portal\/#\/schema\/logo\/image\/"},"sameAs":["https:\/\/www.facebook.com\/eldiario.bolivia\/","https:\/\/x.com\/eldiario_net"]},{"@type":"Person","@id":"https:\/\/www.eldiario.net\/portal\/#\/schema\/person\/2c57cf2b7a7ae032e449e4c9b1019eac","name":"Jeanette","image":{"@type":"ImageObject","inLanguage":"es","@id":"https:\/\/secure.gravatar.com\/avatar\/3ea2118a5f7dad2b7138b1187a6b7ee55f160b9968b66013c3a3ef39dd7e5798?s=96&d=mm&r=g","url":"https:\/\/secure.gravatar.com\/avatar\/3ea2118a5f7dad2b7138b1187a6b7ee55f160b9968b66013c3a3ef39dd7e5798?s=96&d=mm&r=g","contentUrl":"https:\/\/secure.gravatar.com\/avatar\/3ea2118a5f7dad2b7138b1187a6b7ee55f160b9968b66013c3a3ef39dd7e5798?s=96&d=mm&r=g","caption":"Jeanette"},"sameAs":["https:\/\/www.eldiario.net\/portal"],"url":"https:\/\/www.eldiario.net\/portal\/author\/jeanette\/"}]}},"_links":{"self":[{"href":"https:\/\/www.eldiario.net\/portal\/wp-json\/wp\/v2\/posts\/298302","targetHints":{"allow":["GET"]}}],"collection":[{"href":"https:\/\/www.eldiario.net\/portal\/wp-json\/wp\/v2\/posts"}],"about":[{"href":"https:\/\/www.eldiario.net\/portal\/wp-json\/wp\/v2\/types\/post"}],"author":[{"embeddable":true,"href":"https:\/\/www.eldiario.net\/portal\/wp-json\/wp\/v2\/users\/1"}],"replies":[{"embeddable":true,"href":"https:\/\/www.eldiario.net\/portal\/wp-json\/wp\/v2\/comments?post=298302"}],"version-history":[{"count":1,"href":"https:\/\/www.eldiario.net\/portal\/wp-json\/wp\/v2\/posts\/298302\/revisions"}],"predecessor-version":[{"id":298312,"href":"https:\/\/www.eldiario.net\/portal\/wp-json\/wp\/v2\/posts\/298302\/revisions\/298312"}],"wp:attachment":[{"href":"https:\/\/www.eldiario.net\/portal\/wp-json\/wp\/v2\/media?parent=298302"}],"wp:term":[{"taxonomy":"category","embeddable":true,"href":"https:\/\/www.eldiario.net\/portal\/wp-json\/wp\/v2\/categories?post=298302"},{"taxonomy":"post_tag","embeddable":true,"href":"https:\/\/www.eldiario.net\/portal\/wp-json\/wp\/v2\/tags?post=298302"}],"curies":[{"name":"wp","href":"https:\/\/api.w.org\/{rel}","templated":true}]}}