{"id":298051,"date":"2025-04-26T07:19:11","date_gmt":"2025-04-26T11:19:11","guid":{"rendered":"https:\/\/www.eldiario.net\/portal\/?p=298051"},"modified":"2025-04-26T07:19:11","modified_gmt":"2025-04-26T11:19:11","slug":"industriales-no-estaban-de-acuerdo-con-ampliacion-del-fondo-proleche","status":"publish","type":"post","link":"https:\/\/www.eldiario.net\/portal\/2025\/04\/26\/industriales-no-estaban-de-acuerdo-con-ampliacion-del-fondo-proleche\/","title":{"rendered":"Industriales no estaban de acuerdo con ampliaci\u00f3n del Fondo Proleche"},"content":{"rendered":"<p>El rechazo de la C\u00e1mara de Diputados al Fondo Proleche es una medida que busca evitar que se convierta en un segundo Fondo Ind\u00edgena, en cuya instituci\u00f3n se manejaron irregularmente miles de millones de d\u00f3lares. La semana pasada, la C\u00e1mara Nacional de Industrias (CNI), a trav\u00e9s de un comunicado, dijo que est\u00e1 de acuerdo con la ampliaci\u00f3n del fondo ya que afecta a los productores e industrias.<br \/>\nLa C\u00e1mara Nacional de Industrias expres\u00f3, la semana pasada, su profunda preocupaci\u00f3n por la dif\u00edcil situaci\u00f3n que atraviesa la industria l\u00e1ctea en Bolivia, a causa de la regulaci\u00f3n de precios de la leche y la ampliaci\u00f3n por 15 a\u00f1os del Fondo Proleche, que est\u00e1 generando un serio desequilibrio en toda la cadena productiva del sector.<br \/>\n\u201cEvidentemente, la actual normativa del Fondo Proleche ya no responde al equilibrio de costos y precios de la leche que deber\u00eda existir entre productores, industria y consumidores, ya que adem\u00e1s del sostenido aumento en los costos de insumos, el Gobierno modific\u00f3 en septiembre de 2024 la banda de precios de la leche cruda que los productores venden a las industrias, sin autorizar a las mismas industrias un incremento en el precio de venta al p\u00fablico, el cual se mantiene congelado desde hace m\u00e1s de una d\u00e9cada\u201d, reclam\u00f3.<br \/>\nLa ampliaci\u00f3n por 15 a\u00f1os m\u00e1s del Fondo Proleche -cuya normativa actual venci\u00f3 el jueves 24 de abril- debe ser socializada en su contenido previa presentaci\u00f3n de un balance de los resultados obtenidos durante los 13 a\u00f1os de vigencia, plante\u00f3 la CNI.<br \/>\nEntretanto, el jueves, el ministro de Desarrollo Productivo y Econom\u00eda Plural, Zen\u00f3n Mamani, advirti\u00f3 que el rechazo de la C\u00e1mara de Diputados a la ampliaci\u00f3n de la vigencia del Fondo Proleche \u201cpone en riesgo la seguridad alimentaria y la producci\u00f3n de leche en el pa\u00eds\u201d.<br \/>\nTras una tensa sesi\u00f3n de Diputados, en el tratamiento del proyecto de Ley N\u00b0 470\/2004-2025 de Modificaci\u00f3n a la Ley N\u00b0 204 de Creaci\u00f3n del Fondo de Apoyo al Complejo Productivo L\u00e1cteo \u201cProleche\u201d, la votaci\u00f3n nominal, cerca de las 2 de la madrugada, result\u00f3 en 54 votos por el rechazo y 42 para su aprobaci\u00f3n en su estaci\u00f3n en grande.<br \/>\nEl Fondo Proleche se financia por medio de la retenci\u00f3n de 10 centavos por litro de cerveza comercializada y otras bebidas alcoh\u00f3licas, adem\u00e1s de un aporte de los productores, esto generaba entre 35 y 40 millones de bolivianos al a\u00f1o para apoyar a peque\u00f1os productores de este alimento principal de las familias bolivianas.<br \/>\nSin embargo, algunos diputados opositores denunciaron que el Fondo Proleche se convirti\u00f3 en otro Fondo Ind\u00edgena por el destino de algunos recursos y los otorgados a los productores, por lo que exigen una auditor\u00eda por el tiempo de vigencia del programa.<\/p>\n","protected":false},"excerpt":{"rendered":"<p>El rechazo de la C\u00e1mara de Diputados al Fondo Proleche es una medida que busca evitar que se convierta en un segundo Fondo Ind\u00edgena, en cuya instituci\u00f3n se manejaron irregularmente miles de millones de d\u00f3lares. La semana pasada, la C\u00e1mara Nacional de Industrias (CNI), a trav\u00e9s de un comunicado, dijo que est\u00e1 de acuerdo con [&hellip;]<\/p>\n","protected":false},"author":1,"featured_media":298052,"comment_status":"closed","ping_status":"open","sticky":false,"template":"","format":"standard","meta":{"_acf_changed":false,"footnotes":""},"categories":[7],"tags":[],"class_list":["post-298051","post","type-post","status-publish","format-standard","has-post-thumbnail","category-economia"],"acf":{"antetitulo":""},"yoast_head":"<!-- This site is optimized with the Yoast SEO plugin v28.3 - https:\/\/yoast.com\/product\/yoast-seo-wordpress\/ -->\n<title>Industriales no estaban de acuerdo con ampliaci\u00f3n del Fondo Proleche - El Diario - Bolivia<\/title>\n<meta name=\"robots\" content=\"index, follow, max-snippet:-1, max-image-preview:large, max-video-preview:-1\" \/>\n<link rel=\"canonical\" href=\"https:\/\/www.eldiario.net\/portal\/2025\/04\/26\/industriales-no-estaban-de-acuerdo-con-ampliacion-del-fondo-proleche\/\" \/>\n<meta property=\"og:locale\" content=\"es_ES\" \/>\n<meta property=\"og:type\" content=\"article\" \/>\n<meta property=\"og:title\" content=\"Industriales no estaban de acuerdo con ampliaci\u00f3n del Fondo Proleche - El Diario - Bolivia\" \/>\n<meta property=\"og:description\" content=\"El rechazo de la C\u00e1mara de Diputados al Fondo Proleche es una medida que busca evitar que se convierta en un segundo Fondo Ind\u00edgena, en cuya instituci\u00f3n se manejaron irregularmente miles de millones de d\u00f3lares. La semana pasada, la C\u00e1mara Nacional de Industrias (CNI), a trav\u00e9s de un comunicado, dijo que est\u00e1 de acuerdo con [&hellip;]\" \/>\n<meta property=\"og:url\" content=\"https:\/\/www.eldiario.net\/portal\/2025\/04\/26\/industriales-no-estaban-de-acuerdo-con-ampliacion-del-fondo-proleche\/\" \/>\n<meta property=\"og:site_name\" content=\"El Diario - Bolivia\" \/>\n<meta property=\"article:publisher\" content=\"https:\/\/www.facebook.com\/eldiario.bolivia\/\" \/>\n<meta property=\"article:published_time\" content=\"2025-04-26T11:19:11+00:00\" \/>\n<meta property=\"og:image\" content=\"https:\/\/www.eldiario.net\/portal\/wp-content\/uploads\/2025\/04\/leche.jpg\" \/>\n\t<meta property=\"og:image:width\" content=\"500\" \/>\n\t<meta property=\"og:image:height\" content=\"240\" \/>\n\t<meta property=\"og:image:type\" content=\"image\/jpeg\" \/>\n<meta name=\"author\" content=\"Jeanette\" \/>\n<meta name=\"twitter:card\" content=\"summary_large_image\" \/>\n<meta name=\"twitter:creator\" content=\"@eldiario_net\" \/>\n<meta name=\"twitter:site\" content=\"@eldiario_net\" \/>\n<meta name=\"twitter:label1\" content=\"Escrito por\" \/>\n\t<meta name=\"twitter:data1\" content=\"Jeanette\" \/>\n\t<meta name=\"twitter:label2\" content=\"Tiempo de lectura\" \/>\n\t<meta name=\"twitter:data2\" content=\"3 minutos\" \/>\n<script type=\"application\/ld+json\" class=\"yoast-schema-graph\">{\"@context\":\"https:\\\/\\\/schema.org\",\"@graph\":[{\"@type\":\"Article\",\"@id\":\"https:\\\/\\\/www.eldiario.net\\\/portal\\\/2025\\\/04\\\/26\\\/industriales-no-estaban-de-acuerdo-con-ampliacion-del-fondo-proleche\\\/#article\",\"isPartOf\":{\"@id\":\"https:\\\/\\\/www.eldiario.net\\\/portal\\\/2025\\\/04\\\/26\\\/industriales-no-estaban-de-acuerdo-con-ampliacion-del-fondo-proleche\\\/\"},\"author\":{\"name\":\"Jeanette\",\"@id\":\"https:\\\/\\\/www.eldiario.net\\\/portal\\\/#\\\/schema\\\/person\\\/f46445640444750d7d753ccd04ae01b7\"},\"headline\":\"Industriales no estaban de acuerdo con ampliaci\u00f3n del Fondo Proleche\",\"datePublished\":\"2025-04-26T11:19:11+00:00\",\"mainEntityOfPage\":{\"@id\":\"https:\\\/\\\/www.eldiario.net\\\/portal\\\/2025\\\/04\\\/26\\\/industriales-no-estaban-de-acuerdo-con-ampliacion-del-fondo-proleche\\\/\"},\"wordCount\":494,\"publisher\":{\"@id\":\"https:\\\/\\\/www.eldiario.net\\\/portal\\\/#organization\"},\"image\":{\"@id\":\"https:\\\/\\\/www.eldiario.net\\\/portal\\\/2025\\\/04\\\/26\\\/industriales-no-estaban-de-acuerdo-con-ampliacion-del-fondo-proleche\\\/#primaryimage\"},\"thumbnailUrl\":\"https:\\\/\\\/www.eldiario.net\\\/portal\\\/wp-content\\\/uploads\\\/2025\\\/04\\\/leche.jpg\",\"articleSection\":[\"Econom\u00eda\"],\"inLanguage\":\"es\"},{\"@type\":\"WebPage\",\"@id\":\"https:\\\/\\\/www.eldiario.net\\\/portal\\\/2025\\\/04\\\/26\\\/industriales-no-estaban-de-acuerdo-con-ampliacion-del-fondo-proleche\\\/\",\"url\":\"https:\\\/\\\/www.eldiario.net\\\/portal\\\/2025\\\/04\\\/26\\\/industriales-no-estaban-de-acuerdo-con-ampliacion-del-fondo-proleche\\\/\",\"name\":\"Industriales no estaban de acuerdo con ampliaci\u00f3n del Fondo Proleche - El Diario - Bolivia\",\"isPartOf\":{\"@id\":\"https:\\\/\\\/www.eldiario.net\\\/portal\\\/#website\"},\"primaryImageOfPage\":{\"@id\":\"https:\\\/\\\/www.eldiario.net\\\/portal\\\/2025\\\/04\\\/26\\\/industriales-no-estaban-de-acuerdo-con-ampliacion-del-fondo-proleche\\\/#primaryimage\"},\"image\":{\"@id\":\"https:\\\/\\\/www.eldiario.net\\\/portal\\\/2025\\\/04\\\/26\\\/industriales-no-estaban-de-acuerdo-con-ampliacion-del-fondo-proleche\\\/#primaryimage\"},\"thumbnailUrl\":\"https:\\\/\\\/www.eldiario.net\\\/portal\\\/wp-content\\\/uploads\\\/2025\\\/04\\\/leche.jpg\",\"datePublished\":\"2025-04-26T11:19:11+00:00\",\"breadcrumb\":{\"@id\":\"https:\\\/\\\/www.eldiario.net\\\/portal\\\/2025\\\/04\\\/26\\\/industriales-no-estaban-de-acuerdo-con-ampliacion-del-fondo-proleche\\\/#breadcrumb\"},\"inLanguage\":\"es\",\"potentialAction\":[{\"@type\":\"ReadAction\",\"target\":[\"https:\\\/\\\/www.eldiario.net\\\/portal\\\/2025\\\/04\\\/26\\\/industriales-no-estaban-de-acuerdo-con-ampliacion-del-fondo-proleche\\\/\"]}]},{\"@type\":\"ImageObject\",\"inLanguage\":\"es\",\"@id\":\"https:\\\/\\\/www.eldiario.net\\\/portal\\\/2025\\\/04\\\/26\\\/industriales-no-estaban-de-acuerdo-con-ampliacion-del-fondo-proleche\\\/#primaryimage\",\"url\":\"https:\\\/\\\/www.eldiario.net\\\/portal\\\/wp-content\\\/uploads\\\/2025\\\/04\\\/leche.jpg\",\"contentUrl\":\"https:\\\/\\\/www.eldiario.net\\\/portal\\\/wp-content\\\/uploads\\\/2025\\\/04\\\/leche.jpg\",\"width\":500,\"height\":240,\"caption\":\"Orde\u00f1ando a la vaca para la producci\u00f3n de leche.\"},{\"@type\":\"BreadcrumbList\",\"@id\":\"https:\\\/\\\/www.eldiario.net\\\/portal\\\/2025\\\/04\\\/26\\\/industriales-no-estaban-de-acuerdo-con-ampliacion-del-fondo-proleche\\\/#breadcrumb\",\"itemListElement\":[{\"@type\":\"ListItem\",\"position\":1,\"name\":\"Portada\",\"item\":\"https:\\\/\\\/www.eldiario.net\\\/portal\\\/\"},{\"@type\":\"ListItem\",\"position\":2,\"name\":\"Industriales no estaban de acuerdo con ampliaci\u00f3n del Fondo Proleche\"}]},{\"@type\":\"WebSite\",\"@id\":\"https:\\\/\\\/www.eldiario.net\\\/portal\\\/#website\",\"url\":\"https:\\\/\\\/www.eldiario.net\\\/portal\\\/\",\"name\":\"El Diario - Decano de la prensa nacional\",\"description\":\"El Diario - Decano de la prensa nacional\",\"publisher\":{\"@id\":\"https:\\\/\\\/www.eldiario.net\\\/portal\\\/#organization\"},\"potentialAction\":[{\"@type\":\"SearchAction\",\"target\":{\"@type\":\"EntryPoint\",\"urlTemplate\":\"https:\\\/\\\/www.eldiario.net\\\/portal\\\/?s={search_term_string}\"},\"query-input\":{\"@type\":\"PropertyValueSpecification\",\"valueRequired\":true,\"valueName\":\"search_term_string\"}}],\"inLanguage\":\"es\"},{\"@type\":\"Organization\",\"@id\":\"https:\\\/\\\/www.eldiario.net\\\/portal\\\/#organization\",\"name\":\"El Diario - Decano de la prensa nacional\",\"url\":\"https:\\\/\\\/www.eldiario.net\\\/portal\\\/\",\"logo\":{\"@type\":\"ImageObject\",\"inLanguage\":\"es\",\"@id\":\"https:\\\/\\\/www.eldiario.net\\\/portal\\\/#\\\/schema\\\/logo\\\/image\\\/\",\"url\":\"https:\\\/\\\/www.eldiario.net\\\/portal\\\/wp-content\\\/uploads\\\/2023\\\/07\\\/logo_ED.jpg\",\"contentUrl\":\"https:\\\/\\\/www.eldiario.net\\\/portal\\\/wp-content\\\/uploads\\\/2023\\\/07\\\/logo_ED.jpg\",\"width\":272,\"height\":52,\"caption\":\"El Diario - Decano de la prensa nacional\"},\"image\":{\"@id\":\"https:\\\/\\\/www.eldiario.net\\\/portal\\\/#\\\/schema\\\/logo\\\/image\\\/\"},\"sameAs\":[\"https:\\\/\\\/www.facebook.com\\\/eldiario.bolivia\\\/\",\"https:\\\/\\\/x.com\\\/eldiario_net\"]},{\"@type\":\"Person\",\"@id\":\"https:\\\/\\\/www.eldiario.net\\\/portal\\\/#\\\/schema\\\/person\\\/f46445640444750d7d753ccd04ae01b7\",\"name\":\"Jeanette\",\"image\":{\"@type\":\"ImageObject\",\"inLanguage\":\"es\",\"@id\":\"https:\\\/\\\/secure.gravatar.com\\\/avatar\\\/3ea2118a5f7dad2b7138b1187a6b7ee55f160b9968b66013c3a3ef39dd7e5798?s=96&d=mm&r=g\",\"url\":\"https:\\\/\\\/secure.gravatar.com\\\/avatar\\\/3ea2118a5f7dad2b7138b1187a6b7ee55f160b9968b66013c3a3ef39dd7e5798?s=96&d=mm&r=g\",\"contentUrl\":\"https:\\\/\\\/secure.gravatar.com\\\/avatar\\\/3ea2118a5f7dad2b7138b1187a6b7ee55f160b9968b66013c3a3ef39dd7e5798?s=96&d=mm&r=g\",\"caption\":\"Jeanette\"},\"sameAs\":[\"https:\\\/\\\/www.eldiario.net\\\/portal\"],\"url\":\"https:\\\/\\\/www.eldiario.net\\\/portal\\\/author\\\/jeanette\\\/\"}]}<\/script>\n<!-- \/ Yoast SEO plugin. -->","yoast_head_json":{"title":"Industriales no estaban de acuerdo con ampliaci\u00f3n del Fondo Proleche - El Diario - Bolivia","robots":{"index":"index","follow":"follow","max-snippet":"max-snippet:-1","max-image-preview":"max-image-preview:large","max-video-preview":"max-video-preview:-1"},"canonical":"https:\/\/www.eldiario.net\/portal\/2025\/04\/26\/industriales-no-estaban-de-acuerdo-con-ampliacion-del-fondo-proleche\/","og_locale":"es_ES","og_type":"article","og_title":"Industriales no estaban de acuerdo con ampliaci\u00f3n del Fondo Proleche - El Diario - Bolivia","og_description":"El rechazo de la C\u00e1mara de Diputados al Fondo Proleche es una medida que busca evitar que se convierta en un segundo Fondo Ind\u00edgena, en cuya instituci\u00f3n se manejaron irregularmente miles de millones de d\u00f3lares. La semana pasada, la C\u00e1mara Nacional de Industrias (CNI), a trav\u00e9s de un comunicado, dijo que est\u00e1 de acuerdo con [&hellip;]","og_url":"https:\/\/www.eldiario.net\/portal\/2025\/04\/26\/industriales-no-estaban-de-acuerdo-con-ampliacion-del-fondo-proleche\/","og_site_name":"El Diario - Bolivia","article_publisher":"https:\/\/www.facebook.com\/eldiario.bolivia\/","article_published_time":"2025-04-26T11:19:11+00:00","og_image":[{"width":500,"height":240,"url":"https:\/\/www.eldiario.net\/portal\/wp-content\/uploads\/2025\/04\/leche.jpg","type":"image\/jpeg"}],"author":"Jeanette","twitter_card":"summary_large_image","twitter_creator":"@eldiario_net","twitter_site":"@eldiario_net","twitter_misc":{"Escrito por":"Jeanette","Tiempo de lectura":"3 minutos"},"schema":{"@context":"https:\/\/schema.org","@graph":[{"@type":"Article","@id":"https:\/\/www.eldiario.net\/portal\/2025\/04\/26\/industriales-no-estaban-de-acuerdo-con-ampliacion-del-fondo-proleche\/#article","isPartOf":{"@id":"https:\/\/www.eldiario.net\/portal\/2025\/04\/26\/industriales-no-estaban-de-acuerdo-con-ampliacion-del-fondo-proleche\/"},"author":{"name":"Jeanette","@id":"https:\/\/www.eldiario.net\/portal\/#\/schema\/person\/f46445640444750d7d753ccd04ae01b7"},"headline":"Industriales no estaban de acuerdo con ampliaci\u00f3n del Fondo Proleche","datePublished":"2025-04-26T11:19:11+00:00","mainEntityOfPage":{"@id":"https:\/\/www.eldiario.net\/portal\/2025\/04\/26\/industriales-no-estaban-de-acuerdo-con-ampliacion-del-fondo-proleche\/"},"wordCount":494,"publisher":{"@id":"https:\/\/www.eldiario.net\/portal\/#organization"},"image":{"@id":"https:\/\/www.eldiario.net\/portal\/2025\/04\/26\/industriales-no-estaban-de-acuerdo-con-ampliacion-del-fondo-proleche\/#primaryimage"},"thumbnailUrl":"https:\/\/www.eldiario.net\/portal\/wp-content\/uploads\/2025\/04\/leche.jpg","articleSection":["Econom\u00eda"],"inLanguage":"es"},{"@type":"WebPage","@id":"https:\/\/www.eldiario.net\/portal\/2025\/04\/26\/industriales-no-estaban-de-acuerdo-con-ampliacion-del-fondo-proleche\/","url":"https:\/\/www.eldiario.net\/portal\/2025\/04\/26\/industriales-no-estaban-de-acuerdo-con-ampliacion-del-fondo-proleche\/","name":"Industriales no estaban de acuerdo con ampliaci\u00f3n del Fondo Proleche - El Diario - Bolivia","isPartOf":{"@id":"https:\/\/www.eldiario.net\/portal\/#website"},"primaryImageOfPage":{"@id":"https:\/\/www.eldiario.net\/portal\/2025\/04\/26\/industriales-no-estaban-de-acuerdo-con-ampliacion-del-fondo-proleche\/#primaryimage"},"image":{"@id":"https:\/\/www.eldiario.net\/portal\/2025\/04\/26\/industriales-no-estaban-de-acuerdo-con-ampliacion-del-fondo-proleche\/#primaryimage"},"thumbnailUrl":"https:\/\/www.eldiario.net\/portal\/wp-content\/uploads\/2025\/04\/leche.jpg","datePublished":"2025-04-26T11:19:11+00:00","breadcrumb":{"@id":"https:\/\/www.eldiario.net\/portal\/2025\/04\/26\/industriales-no-estaban-de-acuerdo-con-ampliacion-del-fondo-proleche\/#breadcrumb"},"inLanguage":"es","potentialAction":[{"@type":"ReadAction","target":["https:\/\/www.eldiario.net\/portal\/2025\/04\/26\/industriales-no-estaban-de-acuerdo-con-ampliacion-del-fondo-proleche\/"]}]},{"@type":"ImageObject","inLanguage":"es","@id":"https:\/\/www.eldiario.net\/portal\/2025\/04\/26\/industriales-no-estaban-de-acuerdo-con-ampliacion-del-fondo-proleche\/#primaryimage","url":"https:\/\/www.eldiario.net\/portal\/wp-content\/uploads\/2025\/04\/leche.jpg","contentUrl":"https:\/\/www.eldiario.net\/portal\/wp-content\/uploads\/2025\/04\/leche.jpg","width":500,"height":240,"caption":"Orde\u00f1ando a la vaca para la producci\u00f3n de leche."},{"@type":"BreadcrumbList","@id":"https:\/\/www.eldiario.net\/portal\/2025\/04\/26\/industriales-no-estaban-de-acuerdo-con-ampliacion-del-fondo-proleche\/#breadcrumb","itemListElement":[{"@type":"ListItem","position":1,"name":"Portada","item":"https:\/\/www.eldiario.net\/portal\/"},{"@type":"ListItem","position":2,"name":"Industriales no estaban de acuerdo con ampliaci\u00f3n del Fondo Proleche"}]},{"@type":"WebSite","@id":"https:\/\/www.eldiario.net\/portal\/#website","url":"https:\/\/www.eldiario.net\/portal\/","name":"El Diario - Decano de la prensa nacional","description":"El Diario - Decano de la prensa nacional","publisher":{"@id":"https:\/\/www.eldiario.net\/portal\/#organization"},"potentialAction":[{"@type":"SearchAction","target":{"@type":"EntryPoint","urlTemplate":"https:\/\/www.eldiario.net\/portal\/?s={search_term_string}"},"query-input":{"@type":"PropertyValueSpecification","valueRequired":true,"valueName":"search_term_string"}}],"inLanguage":"es"},{"@type":"Organization","@id":"https:\/\/www.eldiario.net\/portal\/#organization","name":"El Diario - Decano de la prensa nacional","url":"https:\/\/www.eldiario.net\/portal\/","logo":{"@type":"ImageObject","inLanguage":"es","@id":"https:\/\/www.eldiario.net\/portal\/#\/schema\/logo\/image\/","url":"https:\/\/www.eldiario.net\/portal\/wp-content\/uploads\/2023\/07\/logo_ED.jpg","contentUrl":"https:\/\/www.eldiario.net\/portal\/wp-content\/uploads\/2023\/07\/logo_ED.jpg","width":272,"height":52,"caption":"El Diario - Decano de la prensa nacional"},"image":{"@id":"https:\/\/www.eldiario.net\/portal\/#\/schema\/logo\/image\/"},"sameAs":["https:\/\/www.facebook.com\/eldiario.bolivia\/","https:\/\/x.com\/eldiario_net"]},{"@type":"Person","@id":"https:\/\/www.eldiario.net\/portal\/#\/schema\/person\/f46445640444750d7d753ccd04ae01b7","name":"Jeanette","image":{"@type":"ImageObject","inLanguage":"es","@id":"https:\/\/secure.gravatar.com\/avatar\/3ea2118a5f7dad2b7138b1187a6b7ee55f160b9968b66013c3a3ef39dd7e5798?s=96&d=mm&r=g","url":"https:\/\/secure.gravatar.com\/avatar\/3ea2118a5f7dad2b7138b1187a6b7ee55f160b9968b66013c3a3ef39dd7e5798?s=96&d=mm&r=g","contentUrl":"https:\/\/secure.gravatar.com\/avatar\/3ea2118a5f7dad2b7138b1187a6b7ee55f160b9968b66013c3a3ef39dd7e5798?s=96&d=mm&r=g","caption":"Jeanette"},"sameAs":["https:\/\/www.eldiario.net\/portal"],"url":"https:\/\/www.eldiario.net\/portal\/author\/jeanette\/"}]}},"_links":{"self":[{"href":"https:\/\/www.eldiario.net\/portal\/wp-json\/wp\/v2\/posts\/298051","targetHints":{"allow":["GET"]}}],"collection":[{"href":"https:\/\/www.eldiario.net\/portal\/wp-json\/wp\/v2\/posts"}],"about":[{"href":"https:\/\/www.eldiario.net\/portal\/wp-json\/wp\/v2\/types\/post"}],"author":[{"embeddable":true,"href":"https:\/\/www.eldiario.net\/portal\/wp-json\/wp\/v2\/users\/1"}],"replies":[{"embeddable":true,"href":"https:\/\/www.eldiario.net\/portal\/wp-json\/wp\/v2\/comments?post=298051"}],"version-history":[{"count":1,"href":"https:\/\/www.eldiario.net\/portal\/wp-json\/wp\/v2\/posts\/298051\/revisions"}],"predecessor-version":[{"id":298053,"href":"https:\/\/www.eldiario.net\/portal\/wp-json\/wp\/v2\/posts\/298051\/revisions\/298053"}],"wp:featuredmedia":[{"embeddable":true,"href":"https:\/\/www.eldiario.net\/portal\/wp-json\/wp\/v2\/media\/298052"}],"wp:attachment":[{"href":"https:\/\/www.eldiario.net\/portal\/wp-json\/wp\/v2\/media?parent=298051"}],"wp:term":[{"taxonomy":"category","embeddable":true,"href":"https:\/\/www.eldiario.net\/portal\/wp-json\/wp\/v2\/categories?post=298051"},{"taxonomy":"post_tag","embeddable":true,"href":"https:\/\/www.eldiario.net\/portal\/wp-json\/wp\/v2\/tags?post=298051"}],"curies":[{"name":"wp","href":"https:\/\/api.w.org\/{rel}","templated":true}]}}