{"id":298049,"date":"2025-04-26T07:17:11","date_gmt":"2025-04-26T11:17:11","guid":{"rendered":"https:\/\/www.eldiario.net\/portal\/?p=298049"},"modified":"2025-04-26T07:17:11","modified_gmt":"2025-04-26T11:17:11","slug":"surgen-criticas-al-acuerdo-gobierno-y-cooperativistas","status":"publish","type":"post","link":"https:\/\/www.eldiario.net\/portal\/2025\/04\/26\/surgen-criticas-al-acuerdo-gobierno-y-cooperativistas\/","title":{"rendered":"Surgen cr\u00edticas al acuerdo Gobierno y cooperativistas"},"content":{"rendered":"<p>Luego de un prolongado di\u00e1logo que cont\u00f3 en la recta final con la presencia del presidente Luis Arce, el Gobierno y la Federaci\u00f3n Nacional de Cooperativas Mineras de Bolivia (Fencomin) llegaron a un acuerdo, los cooperativistas levantaron el bloqueo y empezaron a replegarse a sus centros de trabajo. El exl\u00edder de la Central Obrera Boliviana (COB), Jaime Solares, cuestion\u00f3 a las cooperativas, debido a que el apoyo a la econom\u00eda nacional es casi nada. Adem\u00e1s, cuestion\u00f3 \u00bfcu\u00e1l es el aporte del sector a Bolivia?<br \/>\nEn entrevista con medios digitales, Solares pregunt\u00f3 cu\u00e1nto contribuyen las m\u00e1s de 200 mil cooperativas mineras al pa\u00eds. Record\u00f3 que \u201cen 2005 las cooperativas bordeaban los 300, pero ahora pasan las 1.800, que contaminan el agua, avasallan \u00e1reas mineras y provocan enfrentamientos, y no hay quien diga nada sobre estos atropellos\u201d.<br \/>\nPlante\u00f3 la refundaci\u00f3n de la Corporaci\u00f3n Minera de Bolivia (Comibol) para que sea una empresa que traiga divisas al pa\u00eds, como era antes, as\u00ed como la empresa del oro.<br \/>\nInform\u00f3 que los cooperativistas tienen un ingreso en promedio de 10 mil d\u00f3lares mensuales y si tienen suerte pueden llegar a los 100 mil.<br \/>\nEn 2023 exportaci\u00f3n del oro alcanz\u00f3 los 3.000 millones de d\u00f3lares, pero s\u00f3lo quedaron para el Gobierno 60 millones.<br \/>\nPor su parte, el legislador del Movimiento al Socialismo (MAS), Sandro Ram\u00edrez, en medios de comunicaci\u00f3n, cuestion\u00f3 el pliego petitorio de los cooperativistas.<br \/>\nAsegur\u00f3 que se deben cumplir las normativas y los cooperativistas deben presentar su ficha ambiental para evitar la contaminaci\u00f3n de las aguas, asimismo, con referencia a la ampliaci\u00f3n de \u00e1reas, no s\u00f3lo el Estado autoriza, sino tambi\u00e9n los comunarios deben dar su consentimiento.<br \/>\nLos cooperativistas mineros presentaron al Gobierno un pliego de 19 puntos. Dentro del documento incluye el pago en d\u00f3lares por sus minerales, m\u00e1s \u00e1reas de trabajo, incluyendo tierras raras y el<br \/>\nSalar de Uyuni que actualmente es una reserva fiscal, dotaci\u00f3n de explosivos a precios econ\u00f3micos, entre otros puntos.<\/p>\n","protected":false},"excerpt":{"rendered":"<p>Luego de un prolongado di\u00e1logo que cont\u00f3 en la recta final con la presencia del presidente Luis Arce, el Gobierno y la Federaci\u00f3n Nacional de Cooperativas Mineras de Bolivia (Fencomin) llegaron a un acuerdo, los cooperativistas levantaron el bloqueo y empezaron a replegarse a sus centros de trabajo. El exl\u00edder de la Central Obrera Boliviana [&hellip;]<\/p>\n","protected":false},"author":1,"featured_media":194689,"comment_status":"closed","ping_status":"open","sticky":false,"template":"","format":"standard","meta":{"_acf_changed":false,"footnotes":""},"categories":[7],"tags":[],"class_list":["post-298049","post","type-post","status-publish","format-standard","has-post-thumbnail","category-economia"],"acf":{"antetitulo":"Miner\u00eda"},"yoast_head":"<!-- This site is optimized with the Yoast SEO plugin v28.3 - https:\/\/yoast.com\/product\/yoast-seo-wordpress\/ -->\n<title>Surgen cr\u00edticas al acuerdo Gobierno y cooperativistas - El Diario - Bolivia<\/title>\n<meta name=\"robots\" content=\"index, follow, max-snippet:-1, max-image-preview:large, max-video-preview:-1\" \/>\n<link rel=\"canonical\" href=\"https:\/\/www.eldiario.net\/portal\/2025\/04\/26\/surgen-criticas-al-acuerdo-gobierno-y-cooperativistas\/\" \/>\n<meta property=\"og:locale\" content=\"es_ES\" \/>\n<meta property=\"og:type\" content=\"article\" \/>\n<meta property=\"og:title\" content=\"Surgen cr\u00edticas al acuerdo Gobierno y cooperativistas - El Diario - Bolivia\" \/>\n<meta property=\"og:description\" content=\"Luego de un prolongado di\u00e1logo que cont\u00f3 en la recta final con la presencia del presidente Luis Arce, el Gobierno y la Federaci\u00f3n Nacional de Cooperativas Mineras de Bolivia (Fencomin) llegaron a un acuerdo, los cooperativistas levantaron el bloqueo y empezaron a replegarse a sus centros de trabajo. El exl\u00edder de la Central Obrera Boliviana [&hellip;]\" \/>\n<meta property=\"og:url\" content=\"https:\/\/www.eldiario.net\/portal\/2025\/04\/26\/surgen-criticas-al-acuerdo-gobierno-y-cooperativistas\/\" \/>\n<meta property=\"og:site_name\" content=\"El Diario - Bolivia\" \/>\n<meta property=\"article:publisher\" content=\"https:\/\/www.facebook.com\/eldiario.bolivia\/\" \/>\n<meta property=\"article:published_time\" content=\"2025-04-26T11:17:11+00:00\" \/>\n<meta property=\"og:image\" content=\"https:\/\/www.eldiario.net\/portal\/wp-content\/uploads\/2023\/12\/Economia.jpg\" \/>\n\t<meta property=\"og:image:width\" content=\"800\" \/>\n\t<meta property=\"og:image:height\" content=\"500\" \/>\n\t<meta property=\"og:image:type\" content=\"image\/jpeg\" \/>\n<meta name=\"author\" content=\"Jeanette\" \/>\n<meta name=\"twitter:card\" content=\"summary_large_image\" \/>\n<meta name=\"twitter:creator\" content=\"@eldiario_net\" \/>\n<meta name=\"twitter:site\" content=\"@eldiario_net\" \/>\n<meta name=\"twitter:label1\" content=\"Escrito por\" \/>\n\t<meta name=\"twitter:data1\" content=\"Jeanette\" \/>\n\t<meta name=\"twitter:label2\" content=\"Tiempo de lectura\" \/>\n\t<meta name=\"twitter:data2\" content=\"2 minutos\" \/>\n<script type=\"application\/ld+json\" class=\"yoast-schema-graph\">{\"@context\":\"https:\\\/\\\/schema.org\",\"@graph\":[{\"@type\":\"Article\",\"@id\":\"https:\\\/\\\/www.eldiario.net\\\/portal\\\/2025\\\/04\\\/26\\\/surgen-criticas-al-acuerdo-gobierno-y-cooperativistas\\\/#article\",\"isPartOf\":{\"@id\":\"https:\\\/\\\/www.eldiario.net\\\/portal\\\/2025\\\/04\\\/26\\\/surgen-criticas-al-acuerdo-gobierno-y-cooperativistas\\\/\"},\"author\":{\"name\":\"Jeanette\",\"@id\":\"https:\\\/\\\/www.eldiario.net\\\/portal\\\/#\\\/schema\\\/person\\\/f46445640444750d7d753ccd04ae01b7\"},\"headline\":\"Surgen cr\u00edticas al acuerdo Gobierno y cooperativistas\",\"datePublished\":\"2025-04-26T11:17:11+00:00\",\"mainEntityOfPage\":{\"@id\":\"https:\\\/\\\/www.eldiario.net\\\/portal\\\/2025\\\/04\\\/26\\\/surgen-criticas-al-acuerdo-gobierno-y-cooperativistas\\\/\"},\"wordCount\":346,\"publisher\":{\"@id\":\"https:\\\/\\\/www.eldiario.net\\\/portal\\\/#organization\"},\"image\":{\"@id\":\"https:\\\/\\\/www.eldiario.net\\\/portal\\\/2025\\\/04\\\/26\\\/surgen-criticas-al-acuerdo-gobierno-y-cooperativistas\\\/#primaryimage\"},\"thumbnailUrl\":\"https:\\\/\\\/www.eldiario.net\\\/portal\\\/wp-content\\\/uploads\\\/2023\\\/12\\\/Economia.jpg\",\"articleSection\":[\"Econom\u00eda\"],\"inLanguage\":\"es\"},{\"@type\":\"WebPage\",\"@id\":\"https:\\\/\\\/www.eldiario.net\\\/portal\\\/2025\\\/04\\\/26\\\/surgen-criticas-al-acuerdo-gobierno-y-cooperativistas\\\/\",\"url\":\"https:\\\/\\\/www.eldiario.net\\\/portal\\\/2025\\\/04\\\/26\\\/surgen-criticas-al-acuerdo-gobierno-y-cooperativistas\\\/\",\"name\":\"Surgen cr\u00edticas al acuerdo Gobierno y cooperativistas - El Diario - Bolivia\",\"isPartOf\":{\"@id\":\"https:\\\/\\\/www.eldiario.net\\\/portal\\\/#website\"},\"primaryImageOfPage\":{\"@id\":\"https:\\\/\\\/www.eldiario.net\\\/portal\\\/2025\\\/04\\\/26\\\/surgen-criticas-al-acuerdo-gobierno-y-cooperativistas\\\/#primaryimage\"},\"image\":{\"@id\":\"https:\\\/\\\/www.eldiario.net\\\/portal\\\/2025\\\/04\\\/26\\\/surgen-criticas-al-acuerdo-gobierno-y-cooperativistas\\\/#primaryimage\"},\"thumbnailUrl\":\"https:\\\/\\\/www.eldiario.net\\\/portal\\\/wp-content\\\/uploads\\\/2023\\\/12\\\/Economia.jpg\",\"datePublished\":\"2025-04-26T11:17:11+00:00\",\"breadcrumb\":{\"@id\":\"https:\\\/\\\/www.eldiario.net\\\/portal\\\/2025\\\/04\\\/26\\\/surgen-criticas-al-acuerdo-gobierno-y-cooperativistas\\\/#breadcrumb\"},\"inLanguage\":\"es\",\"potentialAction\":[{\"@type\":\"ReadAction\",\"target\":[\"https:\\\/\\\/www.eldiario.net\\\/portal\\\/2025\\\/04\\\/26\\\/surgen-criticas-al-acuerdo-gobierno-y-cooperativistas\\\/\"]}]},{\"@type\":\"ImageObject\",\"inLanguage\":\"es\",\"@id\":\"https:\\\/\\\/www.eldiario.net\\\/portal\\\/2025\\\/04\\\/26\\\/surgen-criticas-al-acuerdo-gobierno-y-cooperativistas\\\/#primaryimage\",\"url\":\"https:\\\/\\\/www.eldiario.net\\\/portal\\\/wp-content\\\/uploads\\\/2023\\\/12\\\/Economia.jpg\",\"contentUrl\":\"https:\\\/\\\/www.eldiario.net\\\/portal\\\/wp-content\\\/uploads\\\/2023\\\/12\\\/Economia.jpg\",\"width\":800,\"height\":500},{\"@type\":\"BreadcrumbList\",\"@id\":\"https:\\\/\\\/www.eldiario.net\\\/portal\\\/2025\\\/04\\\/26\\\/surgen-criticas-al-acuerdo-gobierno-y-cooperativistas\\\/#breadcrumb\",\"itemListElement\":[{\"@type\":\"ListItem\",\"position\":1,\"name\":\"Portada\",\"item\":\"https:\\\/\\\/www.eldiario.net\\\/portal\\\/\"},{\"@type\":\"ListItem\",\"position\":2,\"name\":\"Surgen cr\u00edticas al acuerdo Gobierno y cooperativistas\"}]},{\"@type\":\"WebSite\",\"@id\":\"https:\\\/\\\/www.eldiario.net\\\/portal\\\/#website\",\"url\":\"https:\\\/\\\/www.eldiario.net\\\/portal\\\/\",\"name\":\"El Diario - Decano de la prensa nacional\",\"description\":\"El Diario - Decano de la prensa nacional\",\"publisher\":{\"@id\":\"https:\\\/\\\/www.eldiario.net\\\/portal\\\/#organization\"},\"potentialAction\":[{\"@type\":\"SearchAction\",\"target\":{\"@type\":\"EntryPoint\",\"urlTemplate\":\"https:\\\/\\\/www.eldiario.net\\\/portal\\\/?s={search_term_string}\"},\"query-input\":{\"@type\":\"PropertyValueSpecification\",\"valueRequired\":true,\"valueName\":\"search_term_string\"}}],\"inLanguage\":\"es\"},{\"@type\":\"Organization\",\"@id\":\"https:\\\/\\\/www.eldiario.net\\\/portal\\\/#organization\",\"name\":\"El Diario - Decano de la prensa nacional\",\"url\":\"https:\\\/\\\/www.eldiario.net\\\/portal\\\/\",\"logo\":{\"@type\":\"ImageObject\",\"inLanguage\":\"es\",\"@id\":\"https:\\\/\\\/www.eldiario.net\\\/portal\\\/#\\\/schema\\\/logo\\\/image\\\/\",\"url\":\"https:\\\/\\\/www.eldiario.net\\\/portal\\\/wp-content\\\/uploads\\\/2023\\\/07\\\/logo_ED.jpg\",\"contentUrl\":\"https:\\\/\\\/www.eldiario.net\\\/portal\\\/wp-content\\\/uploads\\\/2023\\\/07\\\/logo_ED.jpg\",\"width\":272,\"height\":52,\"caption\":\"El Diario - Decano de la prensa nacional\"},\"image\":{\"@id\":\"https:\\\/\\\/www.eldiario.net\\\/portal\\\/#\\\/schema\\\/logo\\\/image\\\/\"},\"sameAs\":[\"https:\\\/\\\/www.facebook.com\\\/eldiario.bolivia\\\/\",\"https:\\\/\\\/x.com\\\/eldiario_net\"]},{\"@type\":\"Person\",\"@id\":\"https:\\\/\\\/www.eldiario.net\\\/portal\\\/#\\\/schema\\\/person\\\/f46445640444750d7d753ccd04ae01b7\",\"name\":\"Jeanette\",\"image\":{\"@type\":\"ImageObject\",\"inLanguage\":\"es\",\"@id\":\"https:\\\/\\\/secure.gravatar.com\\\/avatar\\\/3ea2118a5f7dad2b7138b1187a6b7ee55f160b9968b66013c3a3ef39dd7e5798?s=96&d=mm&r=g\",\"url\":\"https:\\\/\\\/secure.gravatar.com\\\/avatar\\\/3ea2118a5f7dad2b7138b1187a6b7ee55f160b9968b66013c3a3ef39dd7e5798?s=96&d=mm&r=g\",\"contentUrl\":\"https:\\\/\\\/secure.gravatar.com\\\/avatar\\\/3ea2118a5f7dad2b7138b1187a6b7ee55f160b9968b66013c3a3ef39dd7e5798?s=96&d=mm&r=g\",\"caption\":\"Jeanette\"},\"sameAs\":[\"https:\\\/\\\/www.eldiario.net\\\/portal\"],\"url\":\"https:\\\/\\\/www.eldiario.net\\\/portal\\\/author\\\/jeanette\\\/\"}]}<\/script>\n<!-- \/ Yoast SEO plugin. -->","yoast_head_json":{"title":"Surgen cr\u00edticas al acuerdo Gobierno y cooperativistas - El Diario - Bolivia","robots":{"index":"index","follow":"follow","max-snippet":"max-snippet:-1","max-image-preview":"max-image-preview:large","max-video-preview":"max-video-preview:-1"},"canonical":"https:\/\/www.eldiario.net\/portal\/2025\/04\/26\/surgen-criticas-al-acuerdo-gobierno-y-cooperativistas\/","og_locale":"es_ES","og_type":"article","og_title":"Surgen cr\u00edticas al acuerdo Gobierno y cooperativistas - El Diario - Bolivia","og_description":"Luego de un prolongado di\u00e1logo que cont\u00f3 en la recta final con la presencia del presidente Luis Arce, el Gobierno y la Federaci\u00f3n Nacional de Cooperativas Mineras de Bolivia (Fencomin) llegaron a un acuerdo, los cooperativistas levantaron el bloqueo y empezaron a replegarse a sus centros de trabajo. El exl\u00edder de la Central Obrera Boliviana [&hellip;]","og_url":"https:\/\/www.eldiario.net\/portal\/2025\/04\/26\/surgen-criticas-al-acuerdo-gobierno-y-cooperativistas\/","og_site_name":"El Diario - Bolivia","article_publisher":"https:\/\/www.facebook.com\/eldiario.bolivia\/","article_published_time":"2025-04-26T11:17:11+00:00","og_image":[{"width":800,"height":500,"url":"https:\/\/www.eldiario.net\/portal\/wp-content\/uploads\/2023\/12\/Economia.jpg","type":"image\/jpeg"}],"author":"Jeanette","twitter_card":"summary_large_image","twitter_creator":"@eldiario_net","twitter_site":"@eldiario_net","twitter_misc":{"Escrito por":"Jeanette","Tiempo de lectura":"2 minutos"},"schema":{"@context":"https:\/\/schema.org","@graph":[{"@type":"Article","@id":"https:\/\/www.eldiario.net\/portal\/2025\/04\/26\/surgen-criticas-al-acuerdo-gobierno-y-cooperativistas\/#article","isPartOf":{"@id":"https:\/\/www.eldiario.net\/portal\/2025\/04\/26\/surgen-criticas-al-acuerdo-gobierno-y-cooperativistas\/"},"author":{"name":"Jeanette","@id":"https:\/\/www.eldiario.net\/portal\/#\/schema\/person\/f46445640444750d7d753ccd04ae01b7"},"headline":"Surgen cr\u00edticas al acuerdo Gobierno y cooperativistas","datePublished":"2025-04-26T11:17:11+00:00","mainEntityOfPage":{"@id":"https:\/\/www.eldiario.net\/portal\/2025\/04\/26\/surgen-criticas-al-acuerdo-gobierno-y-cooperativistas\/"},"wordCount":346,"publisher":{"@id":"https:\/\/www.eldiario.net\/portal\/#organization"},"image":{"@id":"https:\/\/www.eldiario.net\/portal\/2025\/04\/26\/surgen-criticas-al-acuerdo-gobierno-y-cooperativistas\/#primaryimage"},"thumbnailUrl":"https:\/\/www.eldiario.net\/portal\/wp-content\/uploads\/2023\/12\/Economia.jpg","articleSection":["Econom\u00eda"],"inLanguage":"es"},{"@type":"WebPage","@id":"https:\/\/www.eldiario.net\/portal\/2025\/04\/26\/surgen-criticas-al-acuerdo-gobierno-y-cooperativistas\/","url":"https:\/\/www.eldiario.net\/portal\/2025\/04\/26\/surgen-criticas-al-acuerdo-gobierno-y-cooperativistas\/","name":"Surgen cr\u00edticas al acuerdo Gobierno y cooperativistas - El Diario - Bolivia","isPartOf":{"@id":"https:\/\/www.eldiario.net\/portal\/#website"},"primaryImageOfPage":{"@id":"https:\/\/www.eldiario.net\/portal\/2025\/04\/26\/surgen-criticas-al-acuerdo-gobierno-y-cooperativistas\/#primaryimage"},"image":{"@id":"https:\/\/www.eldiario.net\/portal\/2025\/04\/26\/surgen-criticas-al-acuerdo-gobierno-y-cooperativistas\/#primaryimage"},"thumbnailUrl":"https:\/\/www.eldiario.net\/portal\/wp-content\/uploads\/2023\/12\/Economia.jpg","datePublished":"2025-04-26T11:17:11+00:00","breadcrumb":{"@id":"https:\/\/www.eldiario.net\/portal\/2025\/04\/26\/surgen-criticas-al-acuerdo-gobierno-y-cooperativistas\/#breadcrumb"},"inLanguage":"es","potentialAction":[{"@type":"ReadAction","target":["https:\/\/www.eldiario.net\/portal\/2025\/04\/26\/surgen-criticas-al-acuerdo-gobierno-y-cooperativistas\/"]}]},{"@type":"ImageObject","inLanguage":"es","@id":"https:\/\/www.eldiario.net\/portal\/2025\/04\/26\/surgen-criticas-al-acuerdo-gobierno-y-cooperativistas\/#primaryimage","url":"https:\/\/www.eldiario.net\/portal\/wp-content\/uploads\/2023\/12\/Economia.jpg","contentUrl":"https:\/\/www.eldiario.net\/portal\/wp-content\/uploads\/2023\/12\/Economia.jpg","width":800,"height":500},{"@type":"BreadcrumbList","@id":"https:\/\/www.eldiario.net\/portal\/2025\/04\/26\/surgen-criticas-al-acuerdo-gobierno-y-cooperativistas\/#breadcrumb","itemListElement":[{"@type":"ListItem","position":1,"name":"Portada","item":"https:\/\/www.eldiario.net\/portal\/"},{"@type":"ListItem","position":2,"name":"Surgen cr\u00edticas al acuerdo Gobierno y cooperativistas"}]},{"@type":"WebSite","@id":"https:\/\/www.eldiario.net\/portal\/#website","url":"https:\/\/www.eldiario.net\/portal\/","name":"El Diario - Decano de la prensa nacional","description":"El Diario - Decano de la prensa nacional","publisher":{"@id":"https:\/\/www.eldiario.net\/portal\/#organization"},"potentialAction":[{"@type":"SearchAction","target":{"@type":"EntryPoint","urlTemplate":"https:\/\/www.eldiario.net\/portal\/?s={search_term_string}"},"query-input":{"@type":"PropertyValueSpecification","valueRequired":true,"valueName":"search_term_string"}}],"inLanguage":"es"},{"@type":"Organization","@id":"https:\/\/www.eldiario.net\/portal\/#organization","name":"El Diario - Decano de la prensa nacional","url":"https:\/\/www.eldiario.net\/portal\/","logo":{"@type":"ImageObject","inLanguage":"es","@id":"https:\/\/www.eldiario.net\/portal\/#\/schema\/logo\/image\/","url":"https:\/\/www.eldiario.net\/portal\/wp-content\/uploads\/2023\/07\/logo_ED.jpg","contentUrl":"https:\/\/www.eldiario.net\/portal\/wp-content\/uploads\/2023\/07\/logo_ED.jpg","width":272,"height":52,"caption":"El Diario - Decano de la prensa nacional"},"image":{"@id":"https:\/\/www.eldiario.net\/portal\/#\/schema\/logo\/image\/"},"sameAs":["https:\/\/www.facebook.com\/eldiario.bolivia\/","https:\/\/x.com\/eldiario_net"]},{"@type":"Person","@id":"https:\/\/www.eldiario.net\/portal\/#\/schema\/person\/f46445640444750d7d753ccd04ae01b7","name":"Jeanette","image":{"@type":"ImageObject","inLanguage":"es","@id":"https:\/\/secure.gravatar.com\/avatar\/3ea2118a5f7dad2b7138b1187a6b7ee55f160b9968b66013c3a3ef39dd7e5798?s=96&d=mm&r=g","url":"https:\/\/secure.gravatar.com\/avatar\/3ea2118a5f7dad2b7138b1187a6b7ee55f160b9968b66013c3a3ef39dd7e5798?s=96&d=mm&r=g","contentUrl":"https:\/\/secure.gravatar.com\/avatar\/3ea2118a5f7dad2b7138b1187a6b7ee55f160b9968b66013c3a3ef39dd7e5798?s=96&d=mm&r=g","caption":"Jeanette"},"sameAs":["https:\/\/www.eldiario.net\/portal"],"url":"https:\/\/www.eldiario.net\/portal\/author\/jeanette\/"}]}},"_links":{"self":[{"href":"https:\/\/www.eldiario.net\/portal\/wp-json\/wp\/v2\/posts\/298049","targetHints":{"allow":["GET"]}}],"collection":[{"href":"https:\/\/www.eldiario.net\/portal\/wp-json\/wp\/v2\/posts"}],"about":[{"href":"https:\/\/www.eldiario.net\/portal\/wp-json\/wp\/v2\/types\/post"}],"author":[{"embeddable":true,"href":"https:\/\/www.eldiario.net\/portal\/wp-json\/wp\/v2\/users\/1"}],"replies":[{"embeddable":true,"href":"https:\/\/www.eldiario.net\/portal\/wp-json\/wp\/v2\/comments?post=298049"}],"version-history":[{"count":1,"href":"https:\/\/www.eldiario.net\/portal\/wp-json\/wp\/v2\/posts\/298049\/revisions"}],"predecessor-version":[{"id":298050,"href":"https:\/\/www.eldiario.net\/portal\/wp-json\/wp\/v2\/posts\/298049\/revisions\/298050"}],"wp:featuredmedia":[{"embeddable":true,"href":"https:\/\/www.eldiario.net\/portal\/wp-json\/wp\/v2\/media\/194689"}],"wp:attachment":[{"href":"https:\/\/www.eldiario.net\/portal\/wp-json\/wp\/v2\/media?parent=298049"}],"wp:term":[{"taxonomy":"category","embeddable":true,"href":"https:\/\/www.eldiario.net\/portal\/wp-json\/wp\/v2\/categories?post=298049"},{"taxonomy":"post_tag","embeddable":true,"href":"https:\/\/www.eldiario.net\/portal\/wp-json\/wp\/v2\/tags?post=298049"}],"curies":[{"name":"wp","href":"https:\/\/api.w.org\/{rel}","templated":true}]}}