{"id":298044,"date":"2025-04-26T07:16:18","date_gmt":"2025-04-26T11:16:18","guid":{"rendered":"https:\/\/www.eldiario.net\/portal\/?p=298044"},"modified":"2025-04-26T07:16:18","modified_gmt":"2025-04-26T11:16:18","slug":"lara-el-mas-pasa-por-profunda-crisis-y-la-oposicion-no-esta-mejor","status":"publish","type":"post","link":"https:\/\/www.eldiario.net\/portal\/2025\/04\/26\/lara-el-mas-pasa-por-profunda-crisis-y-la-oposicion-no-esta-mejor\/","title":{"rendered":"Lara: \u201cEl MAS pasa por profunda  crisis y la oposici\u00f3n no est\u00e1 mejor\u201d"},"content":{"rendered":"<p>Criticando la falta de capacidad demostrada por liderazgos opositores para consolidar un proyecto pol\u00edtico de unidad con verdaderas posibilidades de derrotar electoralmente al partido azul, el diputado por Comunidad Ciudadana (CC), Sa\u00fal Lara Torrico, afirm\u00f3 que, mientras el \u201cmasismo\u201d atraviesa por una profunda crisis, la oposici\u00f3n no est\u00e1 mejor.<br \/>\nEn declaraciones a medios de prensa, el asamble\u00edsta representante del departamento de Cochabamba se refiri\u00f3 a la actual coyuntura pol\u00edtica nacional, haciendo \u00e9nfasis en la preocupante divisi\u00f3n y falta de acuerdos en las fuerzas de oposici\u00f3n de cara a las pr\u00f3ximas elecciones generales.<br \/>\nAnte el evidente fracaso del denominado \u201cBloque de Unidad\u201d, en criterio de Lara, m\u00e1s all\u00e1 del proyecto que logre llegar a la presidencia, lo que debe estar claro es que la primera tarea del futuro gobierno ser\u00e1 atender y resolver la delicada situaci\u00f3n econ\u00f3mica por la que atraviesa el pa\u00eds, esto tras casi dos d\u00e9cadas del \u201cmasismo\u201d en el poder.<br \/>\n\u201cCualquiera que sea el pr\u00f3ximo Gobierno, lo primero que debe hacer es resolver la crisis econ\u00f3mica, sin duda alguna\u201d, asever\u00f3.<br \/>\nAsimismo, lament\u00f3 que los intentos por consolidar un proyecto pol\u00edtico \u00fanico de oposici\u00f3n al masismo hayan fracasado, revelando la verdadera situaci\u00f3n en los frentes y liderazgos opositores.<br \/>\nSeg\u00fan el parlamentario, la tan criticada divisi\u00f3n y pugnas de poder internas del \u201cmasismo\u201d, no est\u00e1n tan alejadas de la realidad entre las fuerzas alternativas al MAS.<br \/>\n\u201cLo que est\u00e1 claro es que la se\u00f1al que ha dado la oposici\u00f3n no es la mejor y eso todos los bolivianos lo sabemos. Si el MAS est\u00e1 en una profunda crisis estructural, en la oposici\u00f3n no estamos mejor\u201d, apunt\u00f3.<br \/>\nEn su criterio, es incomprensible que las tres principales precandidaturas en la oposici\u00f3n no hayan logrado consolidar un proyecto de unidad, demandado por la ciudadan\u00eda como \u00fanica alternativa para derrotar al MAS en las urnas y solucionar la grave crisis econ\u00f3mica a la que se ha conducido al pa\u00eds producto de una pol\u00edtica e ideolog\u00eda contrarias a los intereses del pueblo boliviano.<br \/>\nEsta semana, en un nuevo cap\u00edtulo de las disputas entre los liderazgos que conformaron el fallido \u201cBloque de Unidad\u201d, asamble\u00edstas que respaldan la candidatura del expresidente Jorge Quiroga, acusaron al bloque liderado por el empresario Samuel Doria Medina de estar detr\u00e1s del recurso de impugnaci\u00f3n presentado contra la alianza Libertad y Democracia, afirmando que desde la alianza Unidad se miente al pa\u00eds y se sabotea a la oposici\u00f3n.<br \/>\nSeg\u00fan el diputado Alberto Astorga, con la confirmaci\u00f3n de que dos diputados de Comunidad Ciudadana, ahora miembros de la alianza Unidad, presentaron y firmaron el recurso que observa a la alianza Libre, se comprueba que Doria Medina est\u00e1 detr\u00e1s de una maniobra que, en su criterio, perjudica a toda la oposici\u00f3n.<br \/>\nDesde la alianza Unidad, se rechaz\u00f3 categ\u00f3ricamente las declaraciones de Astorga, aclarando que se trata de un asunto completamente ajeno a dicho proyecto pol\u00edtico.<br \/>\nAnte este nuevo contexto y consultado sobre el presente y futuro de la alianza Comunidad Ciudadana, Lara asegur\u00f3 que el proyecto conformado en su momento para renovar la forma de hacer pol\u00edtica en el pa\u00eds, ha llegado a su momento final.<br \/>\n\u201cLo quiero decir sin ninguna duda, Comunidad Ciudadana ha muerto, era una alianza con la que se trat\u00f3 de construir una renovaci\u00f3n del sistema de partidos y el sistema pol\u00edtico. Se tuvo esa oportunidad, pero no se lo hizo\u201d, se\u00f1al\u00f3.<br \/>\nAnte esta realidad, el asamble\u00edsta opositor reconoci\u00f3 que existen parlamentarios de CC que ya optaron por sumarse a una u otra alternativa pol\u00edtica de cara a las pr\u00f3ximas elecciones generales; sin embargo, quedan las buenas intenciones con las que naci\u00f3 la alianza Comunidad Ciudadana y su importante participaci\u00f3n en los comicios de 2019 y 2020, misma que la llev\u00f3 a convertirse en la principal fuerza opositora del \u00faltimo tiempo.<\/p>\n","protected":false},"excerpt":{"rendered":"<p>Criticando la falta de capacidad demostrada por liderazgos opositores para consolidar un proyecto pol\u00edtico de unidad con verdaderas posibilidades de derrotar electoralmente al partido azul, el diputado por Comunidad Ciudadana (CC), Sa\u00fal Lara Torrico, afirm\u00f3 que, mientras el \u201cmasismo\u201d atraviesa por una profunda crisis, la oposici\u00f3n no est\u00e1 mejor. En declaraciones a medios de prensa, [&hellip;]<\/p>\n","protected":false},"author":1,"featured_media":298045,"comment_status":"closed","ping_status":"open","sticky":false,"template":"","format":"standard","meta":{"_acf_changed":false,"footnotes":""},"categories":[14],"tags":[],"class_list":["post-298044","post","type-post","status-publish","format-standard","has-post-thumbnail","category-politica"],"acf":{"antetitulo":"No se logr\u00f3 cumplir demanda de unidad"},"yoast_head":"<!-- This site is optimized with the Yoast SEO plugin v28.3 - https:\/\/yoast.com\/product\/yoast-seo-wordpress\/ -->\n<title>Lara: \u201cEl MAS pasa por profunda crisis y la oposici\u00f3n no est\u00e1 mejor\u201d - El Diario - Bolivia<\/title>\n<meta name=\"robots\" content=\"index, follow, max-snippet:-1, max-image-preview:large, max-video-preview:-1\" \/>\n<link rel=\"canonical\" href=\"https:\/\/www.eldiario.net\/portal\/2025\/04\/26\/lara-el-mas-pasa-por-profunda-crisis-y-la-oposicion-no-esta-mejor\/\" \/>\n<meta property=\"og:locale\" content=\"es_ES\" \/>\n<meta property=\"og:type\" content=\"article\" \/>\n<meta property=\"og:title\" content=\"Lara: \u201cEl MAS pasa por profunda crisis y la oposici\u00f3n no est\u00e1 mejor\u201d - El Diario - Bolivia\" \/>\n<meta property=\"og:description\" content=\"Criticando la falta de capacidad demostrada por liderazgos opositores para consolidar un proyecto pol\u00edtico de unidad con verdaderas posibilidades de derrotar electoralmente al partido azul, el diputado por Comunidad Ciudadana (CC), Sa\u00fal Lara Torrico, afirm\u00f3 que, mientras el \u201cmasismo\u201d atraviesa por una profunda crisis, la oposici\u00f3n no est\u00e1 mejor. En declaraciones a medios de prensa, [&hellip;]\" \/>\n<meta property=\"og:url\" content=\"https:\/\/www.eldiario.net\/portal\/2025\/04\/26\/lara-el-mas-pasa-por-profunda-crisis-y-la-oposicion-no-esta-mejor\/\" \/>\n<meta property=\"og:site_name\" content=\"El Diario - Bolivia\" \/>\n<meta property=\"article:publisher\" content=\"https:\/\/www.facebook.com\/eldiario.bolivia\/\" \/>\n<meta property=\"article:published_time\" content=\"2025-04-26T11:16:18+00:00\" \/>\n<meta property=\"og:image\" content=\"https:\/\/www.eldiario.net\/portal\/wp-content\/uploads\/2025\/04\/40-POL-11.jpg\" \/>\n\t<meta property=\"og:image:width\" content=\"1420\" \/>\n\t<meta property=\"og:image:height\" content=\"1032\" \/>\n\t<meta property=\"og:image:type\" content=\"image\/jpeg\" \/>\n<meta name=\"author\" content=\"Jeanette\" \/>\n<meta name=\"twitter:card\" content=\"summary_large_image\" \/>\n<meta name=\"twitter:creator\" content=\"@eldiario_net\" \/>\n<meta name=\"twitter:site\" content=\"@eldiario_net\" \/>\n<meta name=\"twitter:label1\" content=\"Escrito por\" \/>\n\t<meta name=\"twitter:data1\" content=\"Jeanette\" \/>\n\t<meta name=\"twitter:label2\" content=\"Tiempo de lectura\" \/>\n\t<meta name=\"twitter:data2\" content=\"3 minutos\" \/>\n<script type=\"application\/ld+json\" class=\"yoast-schema-graph\">{\"@context\":\"https:\\\/\\\/schema.org\",\"@graph\":[{\"@type\":\"Article\",\"@id\":\"https:\\\/\\\/www.eldiario.net\\\/portal\\\/2025\\\/04\\\/26\\\/lara-el-mas-pasa-por-profunda-crisis-y-la-oposicion-no-esta-mejor\\\/#article\",\"isPartOf\":{\"@id\":\"https:\\\/\\\/www.eldiario.net\\\/portal\\\/2025\\\/04\\\/26\\\/lara-el-mas-pasa-por-profunda-crisis-y-la-oposicion-no-esta-mejor\\\/\"},\"author\":{\"name\":\"Jeanette\",\"@id\":\"https:\\\/\\\/www.eldiario.net\\\/portal\\\/#\\\/schema\\\/person\\\/f46445640444750d7d753ccd04ae01b7\"},\"headline\":\"Lara: \u201cEl MAS pasa por profunda crisis y la oposici\u00f3n no est\u00e1 mejor\u201d\",\"datePublished\":\"2025-04-26T11:16:18+00:00\",\"mainEntityOfPage\":{\"@id\":\"https:\\\/\\\/www.eldiario.net\\\/portal\\\/2025\\\/04\\\/26\\\/lara-el-mas-pasa-por-profunda-crisis-y-la-oposicion-no-esta-mejor\\\/\"},\"wordCount\":684,\"publisher\":{\"@id\":\"https:\\\/\\\/www.eldiario.net\\\/portal\\\/#organization\"},\"image\":{\"@id\":\"https:\\\/\\\/www.eldiario.net\\\/portal\\\/2025\\\/04\\\/26\\\/lara-el-mas-pasa-por-profunda-crisis-y-la-oposicion-no-esta-mejor\\\/#primaryimage\"},\"thumbnailUrl\":\"https:\\\/\\\/www.eldiario.net\\\/portal\\\/wp-content\\\/uploads\\\/2025\\\/04\\\/40-POL-11.jpg\",\"articleSection\":[\"Pol\u00edtica\"],\"inLanguage\":\"es\"},{\"@type\":\"WebPage\",\"@id\":\"https:\\\/\\\/www.eldiario.net\\\/portal\\\/2025\\\/04\\\/26\\\/lara-el-mas-pasa-por-profunda-crisis-y-la-oposicion-no-esta-mejor\\\/\",\"url\":\"https:\\\/\\\/www.eldiario.net\\\/portal\\\/2025\\\/04\\\/26\\\/lara-el-mas-pasa-por-profunda-crisis-y-la-oposicion-no-esta-mejor\\\/\",\"name\":\"Lara: \u201cEl MAS pasa por profunda crisis y la oposici\u00f3n no est\u00e1 mejor\u201d - El Diario - Bolivia\",\"isPartOf\":{\"@id\":\"https:\\\/\\\/www.eldiario.net\\\/portal\\\/#website\"},\"primaryImageOfPage\":{\"@id\":\"https:\\\/\\\/www.eldiario.net\\\/portal\\\/2025\\\/04\\\/26\\\/lara-el-mas-pasa-por-profunda-crisis-y-la-oposicion-no-esta-mejor\\\/#primaryimage\"},\"image\":{\"@id\":\"https:\\\/\\\/www.eldiario.net\\\/portal\\\/2025\\\/04\\\/26\\\/lara-el-mas-pasa-por-profunda-crisis-y-la-oposicion-no-esta-mejor\\\/#primaryimage\"},\"thumbnailUrl\":\"https:\\\/\\\/www.eldiario.net\\\/portal\\\/wp-content\\\/uploads\\\/2025\\\/04\\\/40-POL-11.jpg\",\"datePublished\":\"2025-04-26T11:16:18+00:00\",\"breadcrumb\":{\"@id\":\"https:\\\/\\\/www.eldiario.net\\\/portal\\\/2025\\\/04\\\/26\\\/lara-el-mas-pasa-por-profunda-crisis-y-la-oposicion-no-esta-mejor\\\/#breadcrumb\"},\"inLanguage\":\"es\",\"potentialAction\":[{\"@type\":\"ReadAction\",\"target\":[\"https:\\\/\\\/www.eldiario.net\\\/portal\\\/2025\\\/04\\\/26\\\/lara-el-mas-pasa-por-profunda-crisis-y-la-oposicion-no-esta-mejor\\\/\"]}]},{\"@type\":\"ImageObject\",\"inLanguage\":\"es\",\"@id\":\"https:\\\/\\\/www.eldiario.net\\\/portal\\\/2025\\\/04\\\/26\\\/lara-el-mas-pasa-por-profunda-crisis-y-la-oposicion-no-esta-mejor\\\/#primaryimage\",\"url\":\"https:\\\/\\\/www.eldiario.net\\\/portal\\\/wp-content\\\/uploads\\\/2025\\\/04\\\/40-POL-11.jpg\",\"contentUrl\":\"https:\\\/\\\/www.eldiario.net\\\/portal\\\/wp-content\\\/uploads\\\/2025\\\/04\\\/40-POL-11.jpg\",\"width\":1420,\"height\":1032,\"caption\":\"Diputado Sa\u00fal Lara (CC).\"},{\"@type\":\"BreadcrumbList\",\"@id\":\"https:\\\/\\\/www.eldiario.net\\\/portal\\\/2025\\\/04\\\/26\\\/lara-el-mas-pasa-por-profunda-crisis-y-la-oposicion-no-esta-mejor\\\/#breadcrumb\",\"itemListElement\":[{\"@type\":\"ListItem\",\"position\":1,\"name\":\"Portada\",\"item\":\"https:\\\/\\\/www.eldiario.net\\\/portal\\\/\"},{\"@type\":\"ListItem\",\"position\":2,\"name\":\"Lara: \u201cEl MAS pasa por profunda crisis y la oposici\u00f3n no est\u00e1 mejor\u201d\"}]},{\"@type\":\"WebSite\",\"@id\":\"https:\\\/\\\/www.eldiario.net\\\/portal\\\/#website\",\"url\":\"https:\\\/\\\/www.eldiario.net\\\/portal\\\/\",\"name\":\"El Diario - Decano de la prensa nacional\",\"description\":\"El Diario - Decano de la prensa nacional\",\"publisher\":{\"@id\":\"https:\\\/\\\/www.eldiario.net\\\/portal\\\/#organization\"},\"potentialAction\":[{\"@type\":\"SearchAction\",\"target\":{\"@type\":\"EntryPoint\",\"urlTemplate\":\"https:\\\/\\\/www.eldiario.net\\\/portal\\\/?s={search_term_string}\"},\"query-input\":{\"@type\":\"PropertyValueSpecification\",\"valueRequired\":true,\"valueName\":\"search_term_string\"}}],\"inLanguage\":\"es\"},{\"@type\":\"Organization\",\"@id\":\"https:\\\/\\\/www.eldiario.net\\\/portal\\\/#organization\",\"name\":\"El Diario - Decano de la prensa nacional\",\"url\":\"https:\\\/\\\/www.eldiario.net\\\/portal\\\/\",\"logo\":{\"@type\":\"ImageObject\",\"inLanguage\":\"es\",\"@id\":\"https:\\\/\\\/www.eldiario.net\\\/portal\\\/#\\\/schema\\\/logo\\\/image\\\/\",\"url\":\"https:\\\/\\\/www.eldiario.net\\\/portal\\\/wp-content\\\/uploads\\\/2023\\\/07\\\/logo_ED.jpg\",\"contentUrl\":\"https:\\\/\\\/www.eldiario.net\\\/portal\\\/wp-content\\\/uploads\\\/2023\\\/07\\\/logo_ED.jpg\",\"width\":272,\"height\":52,\"caption\":\"El Diario - Decano de la prensa nacional\"},\"image\":{\"@id\":\"https:\\\/\\\/www.eldiario.net\\\/portal\\\/#\\\/schema\\\/logo\\\/image\\\/\"},\"sameAs\":[\"https:\\\/\\\/www.facebook.com\\\/eldiario.bolivia\\\/\",\"https:\\\/\\\/x.com\\\/eldiario_net\"]},{\"@type\":\"Person\",\"@id\":\"https:\\\/\\\/www.eldiario.net\\\/portal\\\/#\\\/schema\\\/person\\\/f46445640444750d7d753ccd04ae01b7\",\"name\":\"Jeanette\",\"image\":{\"@type\":\"ImageObject\",\"inLanguage\":\"es\",\"@id\":\"https:\\\/\\\/secure.gravatar.com\\\/avatar\\\/3ea2118a5f7dad2b7138b1187a6b7ee55f160b9968b66013c3a3ef39dd7e5798?s=96&d=mm&r=g\",\"url\":\"https:\\\/\\\/secure.gravatar.com\\\/avatar\\\/3ea2118a5f7dad2b7138b1187a6b7ee55f160b9968b66013c3a3ef39dd7e5798?s=96&d=mm&r=g\",\"contentUrl\":\"https:\\\/\\\/secure.gravatar.com\\\/avatar\\\/3ea2118a5f7dad2b7138b1187a6b7ee55f160b9968b66013c3a3ef39dd7e5798?s=96&d=mm&r=g\",\"caption\":\"Jeanette\"},\"sameAs\":[\"https:\\\/\\\/www.eldiario.net\\\/portal\"],\"url\":\"https:\\\/\\\/www.eldiario.net\\\/portal\\\/author\\\/jeanette\\\/\"}]}<\/script>\n<!-- \/ Yoast SEO plugin. -->","yoast_head_json":{"title":"Lara: \u201cEl MAS pasa por profunda crisis y la oposici\u00f3n no est\u00e1 mejor\u201d - El Diario - Bolivia","robots":{"index":"index","follow":"follow","max-snippet":"max-snippet:-1","max-image-preview":"max-image-preview:large","max-video-preview":"max-video-preview:-1"},"canonical":"https:\/\/www.eldiario.net\/portal\/2025\/04\/26\/lara-el-mas-pasa-por-profunda-crisis-y-la-oposicion-no-esta-mejor\/","og_locale":"es_ES","og_type":"article","og_title":"Lara: \u201cEl MAS pasa por profunda crisis y la oposici\u00f3n no est\u00e1 mejor\u201d - El Diario - Bolivia","og_description":"Criticando la falta de capacidad demostrada por liderazgos opositores para consolidar un proyecto pol\u00edtico de unidad con verdaderas posibilidades de derrotar electoralmente al partido azul, el diputado por Comunidad Ciudadana (CC), Sa\u00fal Lara Torrico, afirm\u00f3 que, mientras el \u201cmasismo\u201d atraviesa por una profunda crisis, la oposici\u00f3n no est\u00e1 mejor. En declaraciones a medios de prensa, [&hellip;]","og_url":"https:\/\/www.eldiario.net\/portal\/2025\/04\/26\/lara-el-mas-pasa-por-profunda-crisis-y-la-oposicion-no-esta-mejor\/","og_site_name":"El Diario - Bolivia","article_publisher":"https:\/\/www.facebook.com\/eldiario.bolivia\/","article_published_time":"2025-04-26T11:16:18+00:00","og_image":[{"width":1420,"height":1032,"url":"https:\/\/www.eldiario.net\/portal\/wp-content\/uploads\/2025\/04\/40-POL-11.jpg","type":"image\/jpeg"}],"author":"Jeanette","twitter_card":"summary_large_image","twitter_creator":"@eldiario_net","twitter_site":"@eldiario_net","twitter_misc":{"Escrito por":"Jeanette","Tiempo de lectura":"3 minutos"},"schema":{"@context":"https:\/\/schema.org","@graph":[{"@type":"Article","@id":"https:\/\/www.eldiario.net\/portal\/2025\/04\/26\/lara-el-mas-pasa-por-profunda-crisis-y-la-oposicion-no-esta-mejor\/#article","isPartOf":{"@id":"https:\/\/www.eldiario.net\/portal\/2025\/04\/26\/lara-el-mas-pasa-por-profunda-crisis-y-la-oposicion-no-esta-mejor\/"},"author":{"name":"Jeanette","@id":"https:\/\/www.eldiario.net\/portal\/#\/schema\/person\/f46445640444750d7d753ccd04ae01b7"},"headline":"Lara: \u201cEl MAS pasa por profunda crisis y la oposici\u00f3n no est\u00e1 mejor\u201d","datePublished":"2025-04-26T11:16:18+00:00","mainEntityOfPage":{"@id":"https:\/\/www.eldiario.net\/portal\/2025\/04\/26\/lara-el-mas-pasa-por-profunda-crisis-y-la-oposicion-no-esta-mejor\/"},"wordCount":684,"publisher":{"@id":"https:\/\/www.eldiario.net\/portal\/#organization"},"image":{"@id":"https:\/\/www.eldiario.net\/portal\/2025\/04\/26\/lara-el-mas-pasa-por-profunda-crisis-y-la-oposicion-no-esta-mejor\/#primaryimage"},"thumbnailUrl":"https:\/\/www.eldiario.net\/portal\/wp-content\/uploads\/2025\/04\/40-POL-11.jpg","articleSection":["Pol\u00edtica"],"inLanguage":"es"},{"@type":"WebPage","@id":"https:\/\/www.eldiario.net\/portal\/2025\/04\/26\/lara-el-mas-pasa-por-profunda-crisis-y-la-oposicion-no-esta-mejor\/","url":"https:\/\/www.eldiario.net\/portal\/2025\/04\/26\/lara-el-mas-pasa-por-profunda-crisis-y-la-oposicion-no-esta-mejor\/","name":"Lara: \u201cEl MAS pasa por profunda crisis y la oposici\u00f3n no est\u00e1 mejor\u201d - El Diario - Bolivia","isPartOf":{"@id":"https:\/\/www.eldiario.net\/portal\/#website"},"primaryImageOfPage":{"@id":"https:\/\/www.eldiario.net\/portal\/2025\/04\/26\/lara-el-mas-pasa-por-profunda-crisis-y-la-oposicion-no-esta-mejor\/#primaryimage"},"image":{"@id":"https:\/\/www.eldiario.net\/portal\/2025\/04\/26\/lara-el-mas-pasa-por-profunda-crisis-y-la-oposicion-no-esta-mejor\/#primaryimage"},"thumbnailUrl":"https:\/\/www.eldiario.net\/portal\/wp-content\/uploads\/2025\/04\/40-POL-11.jpg","datePublished":"2025-04-26T11:16:18+00:00","breadcrumb":{"@id":"https:\/\/www.eldiario.net\/portal\/2025\/04\/26\/lara-el-mas-pasa-por-profunda-crisis-y-la-oposicion-no-esta-mejor\/#breadcrumb"},"inLanguage":"es","potentialAction":[{"@type":"ReadAction","target":["https:\/\/www.eldiario.net\/portal\/2025\/04\/26\/lara-el-mas-pasa-por-profunda-crisis-y-la-oposicion-no-esta-mejor\/"]}]},{"@type":"ImageObject","inLanguage":"es","@id":"https:\/\/www.eldiario.net\/portal\/2025\/04\/26\/lara-el-mas-pasa-por-profunda-crisis-y-la-oposicion-no-esta-mejor\/#primaryimage","url":"https:\/\/www.eldiario.net\/portal\/wp-content\/uploads\/2025\/04\/40-POL-11.jpg","contentUrl":"https:\/\/www.eldiario.net\/portal\/wp-content\/uploads\/2025\/04\/40-POL-11.jpg","width":1420,"height":1032,"caption":"Diputado Sa\u00fal Lara (CC)."},{"@type":"BreadcrumbList","@id":"https:\/\/www.eldiario.net\/portal\/2025\/04\/26\/lara-el-mas-pasa-por-profunda-crisis-y-la-oposicion-no-esta-mejor\/#breadcrumb","itemListElement":[{"@type":"ListItem","position":1,"name":"Portada","item":"https:\/\/www.eldiario.net\/portal\/"},{"@type":"ListItem","position":2,"name":"Lara: \u201cEl MAS pasa por profunda crisis y la oposici\u00f3n no est\u00e1 mejor\u201d"}]},{"@type":"WebSite","@id":"https:\/\/www.eldiario.net\/portal\/#website","url":"https:\/\/www.eldiario.net\/portal\/","name":"El Diario - Decano de la prensa nacional","description":"El Diario - Decano de la prensa nacional","publisher":{"@id":"https:\/\/www.eldiario.net\/portal\/#organization"},"potentialAction":[{"@type":"SearchAction","target":{"@type":"EntryPoint","urlTemplate":"https:\/\/www.eldiario.net\/portal\/?s={search_term_string}"},"query-input":{"@type":"PropertyValueSpecification","valueRequired":true,"valueName":"search_term_string"}}],"inLanguage":"es"},{"@type":"Organization","@id":"https:\/\/www.eldiario.net\/portal\/#organization","name":"El Diario - Decano de la prensa nacional","url":"https:\/\/www.eldiario.net\/portal\/","logo":{"@type":"ImageObject","inLanguage":"es","@id":"https:\/\/www.eldiario.net\/portal\/#\/schema\/logo\/image\/","url":"https:\/\/www.eldiario.net\/portal\/wp-content\/uploads\/2023\/07\/logo_ED.jpg","contentUrl":"https:\/\/www.eldiario.net\/portal\/wp-content\/uploads\/2023\/07\/logo_ED.jpg","width":272,"height":52,"caption":"El Diario - Decano de la prensa nacional"},"image":{"@id":"https:\/\/www.eldiario.net\/portal\/#\/schema\/logo\/image\/"},"sameAs":["https:\/\/www.facebook.com\/eldiario.bolivia\/","https:\/\/x.com\/eldiario_net"]},{"@type":"Person","@id":"https:\/\/www.eldiario.net\/portal\/#\/schema\/person\/f46445640444750d7d753ccd04ae01b7","name":"Jeanette","image":{"@type":"ImageObject","inLanguage":"es","@id":"https:\/\/secure.gravatar.com\/avatar\/3ea2118a5f7dad2b7138b1187a6b7ee55f160b9968b66013c3a3ef39dd7e5798?s=96&d=mm&r=g","url":"https:\/\/secure.gravatar.com\/avatar\/3ea2118a5f7dad2b7138b1187a6b7ee55f160b9968b66013c3a3ef39dd7e5798?s=96&d=mm&r=g","contentUrl":"https:\/\/secure.gravatar.com\/avatar\/3ea2118a5f7dad2b7138b1187a6b7ee55f160b9968b66013c3a3ef39dd7e5798?s=96&d=mm&r=g","caption":"Jeanette"},"sameAs":["https:\/\/www.eldiario.net\/portal"],"url":"https:\/\/www.eldiario.net\/portal\/author\/jeanette\/"}]}},"_links":{"self":[{"href":"https:\/\/www.eldiario.net\/portal\/wp-json\/wp\/v2\/posts\/298044","targetHints":{"allow":["GET"]}}],"collection":[{"href":"https:\/\/www.eldiario.net\/portal\/wp-json\/wp\/v2\/posts"}],"about":[{"href":"https:\/\/www.eldiario.net\/portal\/wp-json\/wp\/v2\/types\/post"}],"author":[{"embeddable":true,"href":"https:\/\/www.eldiario.net\/portal\/wp-json\/wp\/v2\/users\/1"}],"replies":[{"embeddable":true,"href":"https:\/\/www.eldiario.net\/portal\/wp-json\/wp\/v2\/comments?post=298044"}],"version-history":[{"count":1,"href":"https:\/\/www.eldiario.net\/portal\/wp-json\/wp\/v2\/posts\/298044\/revisions"}],"predecessor-version":[{"id":298046,"href":"https:\/\/www.eldiario.net\/portal\/wp-json\/wp\/v2\/posts\/298044\/revisions\/298046"}],"wp:featuredmedia":[{"embeddable":true,"href":"https:\/\/www.eldiario.net\/portal\/wp-json\/wp\/v2\/media\/298045"}],"wp:attachment":[{"href":"https:\/\/www.eldiario.net\/portal\/wp-json\/wp\/v2\/media?parent=298044"}],"wp:term":[{"taxonomy":"category","embeddable":true,"href":"https:\/\/www.eldiario.net\/portal\/wp-json\/wp\/v2\/categories?post=298044"},{"taxonomy":"post_tag","embeddable":true,"href":"https:\/\/www.eldiario.net\/portal\/wp-json\/wp\/v2\/tags?post=298044"}],"curies":[{"name":"wp","href":"https:\/\/api.w.org\/{rel}","templated":true}]}}