{"id":298042,"date":"2025-04-26T07:15:50","date_gmt":"2025-04-26T11:15:50","guid":{"rendered":"https:\/\/www.eldiario.net\/portal\/?p=298042"},"modified":"2025-04-26T07:15:50","modified_gmt":"2025-04-26T11:15:50","slug":"tse-cierra-posibilidad-de-habilitar-a-pueblos-indigenas-para-las-elecciones","status":"publish","type":"post","link":"https:\/\/www.eldiario.net\/portal\/2025\/04\/26\/tse-cierra-posibilidad-de-habilitar-a-pueblos-indigenas-para-las-elecciones\/","title":{"rendered":"TSE cierra posibilidad de habilitar a  pueblos ind\u00edgenas para las elecciones"},"content":{"rendered":"<p>El \u00d3rgano Electoral Plurinacional (OEP) inform\u00f3 que tres organizaciones ind\u00edgenas presentaron sus cartas de solicitud para participar en las elecciones generales de 2025, algo que no podr\u00e1 ser, al menos no para este proceso, se\u00f1al\u00f3 el presidente del Tribunal Supremo Electoral (TSE), \u00d3scar Abel Hassenteufel.<br \/>\n\u201cEl TSE no puede simplemente decir que participen, por eso es que en su momento hab\u00edamos interpuesto una acci\u00f3n concreta de inconstitucionalidad de ese art\u00edculo de la Ley 026\u201d, dijo Hassenteufel ayer ante los medios de Sucre, la capital del pa\u00eds.<br \/>\nAcot\u00f3 que el art\u00edculo 209 de la Constituci\u00f3n prev\u00e9 que las organizaciones ind\u00edgenas puedan actuar pol\u00edticamente, \u201co sea, presentar candidatos en igualdad de condiciones\u201d que los partidos pol\u00edticos y las agrupaciones ciudadanas y \u201ca\u00f1ade de acuerdo a ley, hay una norma legal que circunscribe esa participaci\u00f3n\u201d.<br \/>\nEl inciso C de la Ley 1096 establece sobre las organizaciones de las naciones y pueblos ind\u00edgena originario campesinos que \u201cson organizaciones que posibilitan la participaci\u00f3n de las naciones y pueblos ind\u00edgena originario campesinos, en elecciones subnacionales\u201d.<br \/>\nLa Confederaci\u00f3n de Pueblos Ind\u00edgenas del Oriente Boliviano (Cidob) present\u00f3 una acci\u00f3n de inconstitucionalidad abstracta contra los art\u00edculos 5 y 15 de la Ley 1096 de \u201cOrganizaciones Pol\u00edticas\u201d al considerar que vulneran su derecho a participar de este proceso electoral.<br \/>\n\u201cEsta acci\u00f3n fue devuelta por una observaci\u00f3n formal que hizo el Tribunal Constitucional\u201d, sostuvo el presidente del TSE.<br \/>\n\u201cAhora bien, ya algunas organizaciones han interpuesto recursos o acciones abstractas, de modo que la Sala Plena determin\u00f3 ya no insistir con esa acci\u00f3n. Hace un par de d\u00edas, o tres d\u00edas atr\u00e1s, la Sala Plena dijo: \u2018bueno, ya no vamos a enviar esa acci\u00f3n. Y la situaci\u00f3n es esa\u201d, manifest\u00f3.<\/p>\n<p>ALIANZAS<br \/>\nLas cuatro alianzas con observaciones en su registro ya presentaron sus documentos de descargo en el Tribunal Supremo Electoral y, en ese marco, la Secretar\u00eda de C\u00e1mara alista un informe t\u00e9cnico que ser\u00e1 evaluado por la Sala Plena.<br \/>\nLos delegados de Libre, de Jorge Quiroga; Unidad, de Samuel Doria Medina; La Fuerza del Pueblo, de Jhonny Fern\u00e1ndez, y Libertad y Progreso-ADN ya presentaron su documentaci\u00f3n para subsanar las observaciones planteadas durante su registro.<br \/>\nAhora, la Secretar\u00eda de C\u00e1mara prepara otro informe t\u00e9cnico, que luego ser\u00e1 puesto en consideraci\u00f3n de la Sala Plena del \u00d3rgano.<br \/>\nEn el periodo de registro de frentes, solo Alianza Popular, integrada por el Movimiento Tercer Sistema (MTS) y las agrupaciones ciudadanas Partido Socialista Revolucionario y Movimiento Autonomista de Trabajo y Esperanza, hab\u00eda cumplido los requisitos, inform\u00f3 el TSE. (Sucre, con datos de Unitel)<\/p>\n<p>&nbsp;<\/p>\n","protected":false},"excerpt":{"rendered":"<p>El \u00d3rgano Electoral Plurinacional (OEP) inform\u00f3 que tres organizaciones ind\u00edgenas presentaron sus cartas de solicitud para participar en las elecciones generales de 2025, algo que no podr\u00e1 ser, al menos no para este proceso, se\u00f1al\u00f3 el presidente del Tribunal Supremo Electoral (TSE), \u00d3scar Abel Hassenteufel. \u201cEl TSE no puede simplemente decir que participen, por eso [&hellip;]<\/p>\n","protected":false},"author":1,"featured_media":194754,"comment_status":"closed","ping_status":"open","sticky":false,"template":"","format":"standard","meta":{"_acf_changed":false,"footnotes":""},"categories":[14],"tags":[],"class_list":["post-298042","post","type-post","status-publish","format-standard","has-post-thumbnail","category-politica"],"acf":{"antetitulo":""},"yoast_head":"<!-- This site is optimized with the Yoast SEO plugin v28.3 - https:\/\/yoast.com\/product\/yoast-seo-wordpress\/ -->\n<title>TSE cierra posibilidad de habilitar a pueblos ind\u00edgenas para las elecciones - El Diario - Bolivia<\/title>\n<meta name=\"robots\" content=\"index, follow, max-snippet:-1, max-image-preview:large, max-video-preview:-1\" \/>\n<link rel=\"canonical\" href=\"https:\/\/www.eldiario.net\/portal\/2025\/04\/26\/tse-cierra-posibilidad-de-habilitar-a-pueblos-indigenas-para-las-elecciones\/\" \/>\n<meta property=\"og:locale\" content=\"es_ES\" \/>\n<meta property=\"og:type\" content=\"article\" \/>\n<meta property=\"og:title\" content=\"TSE cierra posibilidad de habilitar a pueblos ind\u00edgenas para las elecciones - El Diario - Bolivia\" \/>\n<meta property=\"og:description\" content=\"El \u00d3rgano Electoral Plurinacional (OEP) inform\u00f3 que tres organizaciones ind\u00edgenas presentaron sus cartas de solicitud para participar en las elecciones generales de 2025, algo que no podr\u00e1 ser, al menos no para este proceso, se\u00f1al\u00f3 el presidente del Tribunal Supremo Electoral (TSE), \u00d3scar Abel Hassenteufel. \u201cEl TSE no puede simplemente decir que participen, por eso [&hellip;]\" \/>\n<meta property=\"og:url\" content=\"https:\/\/www.eldiario.net\/portal\/2025\/04\/26\/tse-cierra-posibilidad-de-habilitar-a-pueblos-indigenas-para-las-elecciones\/\" \/>\n<meta property=\"og:site_name\" content=\"El Diario - Bolivia\" \/>\n<meta property=\"article:publisher\" content=\"https:\/\/www.facebook.com\/eldiario.bolivia\/\" \/>\n<meta property=\"article:published_time\" content=\"2025-04-26T11:15:50+00:00\" \/>\n<meta property=\"og:image\" content=\"https:\/\/www.eldiario.net\/portal\/wp-content\/uploads\/2023\/12\/Politica.jpg\" \/>\n\t<meta property=\"og:image:width\" content=\"800\" \/>\n\t<meta property=\"og:image:height\" content=\"500\" \/>\n\t<meta property=\"og:image:type\" content=\"image\/jpeg\" \/>\n<meta name=\"author\" content=\"Jeanette\" \/>\n<meta name=\"twitter:card\" content=\"summary_large_image\" \/>\n<meta name=\"twitter:creator\" content=\"@eldiario_net\" \/>\n<meta name=\"twitter:site\" content=\"@eldiario_net\" \/>\n<meta name=\"twitter:label1\" content=\"Escrito por\" \/>\n\t<meta name=\"twitter:data1\" content=\"Jeanette\" \/>\n\t<meta name=\"twitter:label2\" content=\"Tiempo de lectura\" \/>\n\t<meta name=\"twitter:data2\" content=\"3 minutos\" \/>\n<script type=\"application\/ld+json\" class=\"yoast-schema-graph\">{\"@context\":\"https:\\\/\\\/schema.org\",\"@graph\":[{\"@type\":\"Article\",\"@id\":\"https:\\\/\\\/www.eldiario.net\\\/portal\\\/2025\\\/04\\\/26\\\/tse-cierra-posibilidad-de-habilitar-a-pueblos-indigenas-para-las-elecciones\\\/#article\",\"isPartOf\":{\"@id\":\"https:\\\/\\\/www.eldiario.net\\\/portal\\\/2025\\\/04\\\/26\\\/tse-cierra-posibilidad-de-habilitar-a-pueblos-indigenas-para-las-elecciones\\\/\"},\"author\":{\"name\":\"Jeanette\",\"@id\":\"https:\\\/\\\/www.eldiario.net\\\/portal\\\/#\\\/schema\\\/person\\\/f46445640444750d7d753ccd04ae01b7\"},\"headline\":\"TSE cierra posibilidad de habilitar a pueblos ind\u00edgenas para las elecciones\",\"datePublished\":\"2025-04-26T11:15:50+00:00\",\"mainEntityOfPage\":{\"@id\":\"https:\\\/\\\/www.eldiario.net\\\/portal\\\/2025\\\/04\\\/26\\\/tse-cierra-posibilidad-de-habilitar-a-pueblos-indigenas-para-las-elecciones\\\/\"},\"wordCount\":461,\"publisher\":{\"@id\":\"https:\\\/\\\/www.eldiario.net\\\/portal\\\/#organization\"},\"image\":{\"@id\":\"https:\\\/\\\/www.eldiario.net\\\/portal\\\/2025\\\/04\\\/26\\\/tse-cierra-posibilidad-de-habilitar-a-pueblos-indigenas-para-las-elecciones\\\/#primaryimage\"},\"thumbnailUrl\":\"https:\\\/\\\/www.eldiario.net\\\/portal\\\/wp-content\\\/uploads\\\/2023\\\/12\\\/Politica.jpg\",\"articleSection\":[\"Pol\u00edtica\"],\"inLanguage\":\"es\"},{\"@type\":\"WebPage\",\"@id\":\"https:\\\/\\\/www.eldiario.net\\\/portal\\\/2025\\\/04\\\/26\\\/tse-cierra-posibilidad-de-habilitar-a-pueblos-indigenas-para-las-elecciones\\\/\",\"url\":\"https:\\\/\\\/www.eldiario.net\\\/portal\\\/2025\\\/04\\\/26\\\/tse-cierra-posibilidad-de-habilitar-a-pueblos-indigenas-para-las-elecciones\\\/\",\"name\":\"TSE cierra posibilidad de habilitar a pueblos ind\u00edgenas para las elecciones - El Diario - Bolivia\",\"isPartOf\":{\"@id\":\"https:\\\/\\\/www.eldiario.net\\\/portal\\\/#website\"},\"primaryImageOfPage\":{\"@id\":\"https:\\\/\\\/www.eldiario.net\\\/portal\\\/2025\\\/04\\\/26\\\/tse-cierra-posibilidad-de-habilitar-a-pueblos-indigenas-para-las-elecciones\\\/#primaryimage\"},\"image\":{\"@id\":\"https:\\\/\\\/www.eldiario.net\\\/portal\\\/2025\\\/04\\\/26\\\/tse-cierra-posibilidad-de-habilitar-a-pueblos-indigenas-para-las-elecciones\\\/#primaryimage\"},\"thumbnailUrl\":\"https:\\\/\\\/www.eldiario.net\\\/portal\\\/wp-content\\\/uploads\\\/2023\\\/12\\\/Politica.jpg\",\"datePublished\":\"2025-04-26T11:15:50+00:00\",\"breadcrumb\":{\"@id\":\"https:\\\/\\\/www.eldiario.net\\\/portal\\\/2025\\\/04\\\/26\\\/tse-cierra-posibilidad-de-habilitar-a-pueblos-indigenas-para-las-elecciones\\\/#breadcrumb\"},\"inLanguage\":\"es\",\"potentialAction\":[{\"@type\":\"ReadAction\",\"target\":[\"https:\\\/\\\/www.eldiario.net\\\/portal\\\/2025\\\/04\\\/26\\\/tse-cierra-posibilidad-de-habilitar-a-pueblos-indigenas-para-las-elecciones\\\/\"]}]},{\"@type\":\"ImageObject\",\"inLanguage\":\"es\",\"@id\":\"https:\\\/\\\/www.eldiario.net\\\/portal\\\/2025\\\/04\\\/26\\\/tse-cierra-posibilidad-de-habilitar-a-pueblos-indigenas-para-las-elecciones\\\/#primaryimage\",\"url\":\"https:\\\/\\\/www.eldiario.net\\\/portal\\\/wp-content\\\/uploads\\\/2023\\\/12\\\/Politica.jpg\",\"contentUrl\":\"https:\\\/\\\/www.eldiario.net\\\/portal\\\/wp-content\\\/uploads\\\/2023\\\/12\\\/Politica.jpg\",\"width\":800,\"height\":500},{\"@type\":\"BreadcrumbList\",\"@id\":\"https:\\\/\\\/www.eldiario.net\\\/portal\\\/2025\\\/04\\\/26\\\/tse-cierra-posibilidad-de-habilitar-a-pueblos-indigenas-para-las-elecciones\\\/#breadcrumb\",\"itemListElement\":[{\"@type\":\"ListItem\",\"position\":1,\"name\":\"Portada\",\"item\":\"https:\\\/\\\/www.eldiario.net\\\/portal\\\/\"},{\"@type\":\"ListItem\",\"position\":2,\"name\":\"TSE cierra posibilidad de habilitar a pueblos ind\u00edgenas para las elecciones\"}]},{\"@type\":\"WebSite\",\"@id\":\"https:\\\/\\\/www.eldiario.net\\\/portal\\\/#website\",\"url\":\"https:\\\/\\\/www.eldiario.net\\\/portal\\\/\",\"name\":\"El Diario - Decano de la prensa nacional\",\"description\":\"El Diario - Decano de la prensa nacional\",\"publisher\":{\"@id\":\"https:\\\/\\\/www.eldiario.net\\\/portal\\\/#organization\"},\"potentialAction\":[{\"@type\":\"SearchAction\",\"target\":{\"@type\":\"EntryPoint\",\"urlTemplate\":\"https:\\\/\\\/www.eldiario.net\\\/portal\\\/?s={search_term_string}\"},\"query-input\":{\"@type\":\"PropertyValueSpecification\",\"valueRequired\":true,\"valueName\":\"search_term_string\"}}],\"inLanguage\":\"es\"},{\"@type\":\"Organization\",\"@id\":\"https:\\\/\\\/www.eldiario.net\\\/portal\\\/#organization\",\"name\":\"El Diario - Decano de la prensa nacional\",\"url\":\"https:\\\/\\\/www.eldiario.net\\\/portal\\\/\",\"logo\":{\"@type\":\"ImageObject\",\"inLanguage\":\"es\",\"@id\":\"https:\\\/\\\/www.eldiario.net\\\/portal\\\/#\\\/schema\\\/logo\\\/image\\\/\",\"url\":\"https:\\\/\\\/www.eldiario.net\\\/portal\\\/wp-content\\\/uploads\\\/2023\\\/07\\\/logo_ED.jpg\",\"contentUrl\":\"https:\\\/\\\/www.eldiario.net\\\/portal\\\/wp-content\\\/uploads\\\/2023\\\/07\\\/logo_ED.jpg\",\"width\":272,\"height\":52,\"caption\":\"El Diario - Decano de la prensa nacional\"},\"image\":{\"@id\":\"https:\\\/\\\/www.eldiario.net\\\/portal\\\/#\\\/schema\\\/logo\\\/image\\\/\"},\"sameAs\":[\"https:\\\/\\\/www.facebook.com\\\/eldiario.bolivia\\\/\",\"https:\\\/\\\/x.com\\\/eldiario_net\"]},{\"@type\":\"Person\",\"@id\":\"https:\\\/\\\/www.eldiario.net\\\/portal\\\/#\\\/schema\\\/person\\\/f46445640444750d7d753ccd04ae01b7\",\"name\":\"Jeanette\",\"image\":{\"@type\":\"ImageObject\",\"inLanguage\":\"es\",\"@id\":\"https:\\\/\\\/secure.gravatar.com\\\/avatar\\\/3ea2118a5f7dad2b7138b1187a6b7ee55f160b9968b66013c3a3ef39dd7e5798?s=96&d=mm&r=g\",\"url\":\"https:\\\/\\\/secure.gravatar.com\\\/avatar\\\/3ea2118a5f7dad2b7138b1187a6b7ee55f160b9968b66013c3a3ef39dd7e5798?s=96&d=mm&r=g\",\"contentUrl\":\"https:\\\/\\\/secure.gravatar.com\\\/avatar\\\/3ea2118a5f7dad2b7138b1187a6b7ee55f160b9968b66013c3a3ef39dd7e5798?s=96&d=mm&r=g\",\"caption\":\"Jeanette\"},\"sameAs\":[\"https:\\\/\\\/www.eldiario.net\\\/portal\"],\"url\":\"https:\\\/\\\/www.eldiario.net\\\/portal\\\/author\\\/jeanette\\\/\"}]}<\/script>\n<!-- \/ Yoast SEO plugin. -->","yoast_head_json":{"title":"TSE cierra posibilidad de habilitar a pueblos ind\u00edgenas para las elecciones - El Diario - Bolivia","robots":{"index":"index","follow":"follow","max-snippet":"max-snippet:-1","max-image-preview":"max-image-preview:large","max-video-preview":"max-video-preview:-1"},"canonical":"https:\/\/www.eldiario.net\/portal\/2025\/04\/26\/tse-cierra-posibilidad-de-habilitar-a-pueblos-indigenas-para-las-elecciones\/","og_locale":"es_ES","og_type":"article","og_title":"TSE cierra posibilidad de habilitar a pueblos ind\u00edgenas para las elecciones - El Diario - Bolivia","og_description":"El \u00d3rgano Electoral Plurinacional (OEP) inform\u00f3 que tres organizaciones ind\u00edgenas presentaron sus cartas de solicitud para participar en las elecciones generales de 2025, algo que no podr\u00e1 ser, al menos no para este proceso, se\u00f1al\u00f3 el presidente del Tribunal Supremo Electoral (TSE), \u00d3scar Abel Hassenteufel. \u201cEl TSE no puede simplemente decir que participen, por eso [&hellip;]","og_url":"https:\/\/www.eldiario.net\/portal\/2025\/04\/26\/tse-cierra-posibilidad-de-habilitar-a-pueblos-indigenas-para-las-elecciones\/","og_site_name":"El Diario - Bolivia","article_publisher":"https:\/\/www.facebook.com\/eldiario.bolivia\/","article_published_time":"2025-04-26T11:15:50+00:00","og_image":[{"width":800,"height":500,"url":"https:\/\/www.eldiario.net\/portal\/wp-content\/uploads\/2023\/12\/Politica.jpg","type":"image\/jpeg"}],"author":"Jeanette","twitter_card":"summary_large_image","twitter_creator":"@eldiario_net","twitter_site":"@eldiario_net","twitter_misc":{"Escrito por":"Jeanette","Tiempo de lectura":"3 minutos"},"schema":{"@context":"https:\/\/schema.org","@graph":[{"@type":"Article","@id":"https:\/\/www.eldiario.net\/portal\/2025\/04\/26\/tse-cierra-posibilidad-de-habilitar-a-pueblos-indigenas-para-las-elecciones\/#article","isPartOf":{"@id":"https:\/\/www.eldiario.net\/portal\/2025\/04\/26\/tse-cierra-posibilidad-de-habilitar-a-pueblos-indigenas-para-las-elecciones\/"},"author":{"name":"Jeanette","@id":"https:\/\/www.eldiario.net\/portal\/#\/schema\/person\/f46445640444750d7d753ccd04ae01b7"},"headline":"TSE cierra posibilidad de habilitar a pueblos ind\u00edgenas para las elecciones","datePublished":"2025-04-26T11:15:50+00:00","mainEntityOfPage":{"@id":"https:\/\/www.eldiario.net\/portal\/2025\/04\/26\/tse-cierra-posibilidad-de-habilitar-a-pueblos-indigenas-para-las-elecciones\/"},"wordCount":461,"publisher":{"@id":"https:\/\/www.eldiario.net\/portal\/#organization"},"image":{"@id":"https:\/\/www.eldiario.net\/portal\/2025\/04\/26\/tse-cierra-posibilidad-de-habilitar-a-pueblos-indigenas-para-las-elecciones\/#primaryimage"},"thumbnailUrl":"https:\/\/www.eldiario.net\/portal\/wp-content\/uploads\/2023\/12\/Politica.jpg","articleSection":["Pol\u00edtica"],"inLanguage":"es"},{"@type":"WebPage","@id":"https:\/\/www.eldiario.net\/portal\/2025\/04\/26\/tse-cierra-posibilidad-de-habilitar-a-pueblos-indigenas-para-las-elecciones\/","url":"https:\/\/www.eldiario.net\/portal\/2025\/04\/26\/tse-cierra-posibilidad-de-habilitar-a-pueblos-indigenas-para-las-elecciones\/","name":"TSE cierra posibilidad de habilitar a pueblos ind\u00edgenas para las elecciones - El Diario - Bolivia","isPartOf":{"@id":"https:\/\/www.eldiario.net\/portal\/#website"},"primaryImageOfPage":{"@id":"https:\/\/www.eldiario.net\/portal\/2025\/04\/26\/tse-cierra-posibilidad-de-habilitar-a-pueblos-indigenas-para-las-elecciones\/#primaryimage"},"image":{"@id":"https:\/\/www.eldiario.net\/portal\/2025\/04\/26\/tse-cierra-posibilidad-de-habilitar-a-pueblos-indigenas-para-las-elecciones\/#primaryimage"},"thumbnailUrl":"https:\/\/www.eldiario.net\/portal\/wp-content\/uploads\/2023\/12\/Politica.jpg","datePublished":"2025-04-26T11:15:50+00:00","breadcrumb":{"@id":"https:\/\/www.eldiario.net\/portal\/2025\/04\/26\/tse-cierra-posibilidad-de-habilitar-a-pueblos-indigenas-para-las-elecciones\/#breadcrumb"},"inLanguage":"es","potentialAction":[{"@type":"ReadAction","target":["https:\/\/www.eldiario.net\/portal\/2025\/04\/26\/tse-cierra-posibilidad-de-habilitar-a-pueblos-indigenas-para-las-elecciones\/"]}]},{"@type":"ImageObject","inLanguage":"es","@id":"https:\/\/www.eldiario.net\/portal\/2025\/04\/26\/tse-cierra-posibilidad-de-habilitar-a-pueblos-indigenas-para-las-elecciones\/#primaryimage","url":"https:\/\/www.eldiario.net\/portal\/wp-content\/uploads\/2023\/12\/Politica.jpg","contentUrl":"https:\/\/www.eldiario.net\/portal\/wp-content\/uploads\/2023\/12\/Politica.jpg","width":800,"height":500},{"@type":"BreadcrumbList","@id":"https:\/\/www.eldiario.net\/portal\/2025\/04\/26\/tse-cierra-posibilidad-de-habilitar-a-pueblos-indigenas-para-las-elecciones\/#breadcrumb","itemListElement":[{"@type":"ListItem","position":1,"name":"Portada","item":"https:\/\/www.eldiario.net\/portal\/"},{"@type":"ListItem","position":2,"name":"TSE cierra posibilidad de habilitar a pueblos ind\u00edgenas para las elecciones"}]},{"@type":"WebSite","@id":"https:\/\/www.eldiario.net\/portal\/#website","url":"https:\/\/www.eldiario.net\/portal\/","name":"El Diario - Decano de la prensa nacional","description":"El Diario - Decano de la prensa nacional","publisher":{"@id":"https:\/\/www.eldiario.net\/portal\/#organization"},"potentialAction":[{"@type":"SearchAction","target":{"@type":"EntryPoint","urlTemplate":"https:\/\/www.eldiario.net\/portal\/?s={search_term_string}"},"query-input":{"@type":"PropertyValueSpecification","valueRequired":true,"valueName":"search_term_string"}}],"inLanguage":"es"},{"@type":"Organization","@id":"https:\/\/www.eldiario.net\/portal\/#organization","name":"El Diario - Decano de la prensa nacional","url":"https:\/\/www.eldiario.net\/portal\/","logo":{"@type":"ImageObject","inLanguage":"es","@id":"https:\/\/www.eldiario.net\/portal\/#\/schema\/logo\/image\/","url":"https:\/\/www.eldiario.net\/portal\/wp-content\/uploads\/2023\/07\/logo_ED.jpg","contentUrl":"https:\/\/www.eldiario.net\/portal\/wp-content\/uploads\/2023\/07\/logo_ED.jpg","width":272,"height":52,"caption":"El Diario - Decano de la prensa nacional"},"image":{"@id":"https:\/\/www.eldiario.net\/portal\/#\/schema\/logo\/image\/"},"sameAs":["https:\/\/www.facebook.com\/eldiario.bolivia\/","https:\/\/x.com\/eldiario_net"]},{"@type":"Person","@id":"https:\/\/www.eldiario.net\/portal\/#\/schema\/person\/f46445640444750d7d753ccd04ae01b7","name":"Jeanette","image":{"@type":"ImageObject","inLanguage":"es","@id":"https:\/\/secure.gravatar.com\/avatar\/3ea2118a5f7dad2b7138b1187a6b7ee55f160b9968b66013c3a3ef39dd7e5798?s=96&d=mm&r=g","url":"https:\/\/secure.gravatar.com\/avatar\/3ea2118a5f7dad2b7138b1187a6b7ee55f160b9968b66013c3a3ef39dd7e5798?s=96&d=mm&r=g","contentUrl":"https:\/\/secure.gravatar.com\/avatar\/3ea2118a5f7dad2b7138b1187a6b7ee55f160b9968b66013c3a3ef39dd7e5798?s=96&d=mm&r=g","caption":"Jeanette"},"sameAs":["https:\/\/www.eldiario.net\/portal"],"url":"https:\/\/www.eldiario.net\/portal\/author\/jeanette\/"}]}},"_links":{"self":[{"href":"https:\/\/www.eldiario.net\/portal\/wp-json\/wp\/v2\/posts\/298042","targetHints":{"allow":["GET"]}}],"collection":[{"href":"https:\/\/www.eldiario.net\/portal\/wp-json\/wp\/v2\/posts"}],"about":[{"href":"https:\/\/www.eldiario.net\/portal\/wp-json\/wp\/v2\/types\/post"}],"author":[{"embeddable":true,"href":"https:\/\/www.eldiario.net\/portal\/wp-json\/wp\/v2\/users\/1"}],"replies":[{"embeddable":true,"href":"https:\/\/www.eldiario.net\/portal\/wp-json\/wp\/v2\/comments?post=298042"}],"version-history":[{"count":1,"href":"https:\/\/www.eldiario.net\/portal\/wp-json\/wp\/v2\/posts\/298042\/revisions"}],"predecessor-version":[{"id":298043,"href":"https:\/\/www.eldiario.net\/portal\/wp-json\/wp\/v2\/posts\/298042\/revisions\/298043"}],"wp:featuredmedia":[{"embeddable":true,"href":"https:\/\/www.eldiario.net\/portal\/wp-json\/wp\/v2\/media\/194754"}],"wp:attachment":[{"href":"https:\/\/www.eldiario.net\/portal\/wp-json\/wp\/v2\/media?parent=298042"}],"wp:term":[{"taxonomy":"category","embeddable":true,"href":"https:\/\/www.eldiario.net\/portal\/wp-json\/wp\/v2\/categories?post=298042"},{"taxonomy":"post_tag","embeddable":true,"href":"https:\/\/www.eldiario.net\/portal\/wp-json\/wp\/v2\/tags?post=298042"}],"curies":[{"name":"wp","href":"https:\/\/api.w.org\/{rel}","templated":true}]}}