{"id":298039,"date":"2025-04-26T07:15:26","date_gmt":"2025-04-26T11:15:26","guid":{"rendered":"https:\/\/www.eldiario.net\/portal\/?p=298039"},"modified":"2025-04-26T07:15:26","modified_gmt":"2025-04-26T11:15:26","slug":"apelan-a-tecnicismos-para-frenar-la-defensa-del-medio-ambiente","status":"publish","type":"post","link":"https:\/\/www.eldiario.net\/portal\/2025\/04\/26\/apelan-a-tecnicismos-para-frenar-la-defensa-del-medio-ambiente\/","title":{"rendered":"Apelan a \u201ctecnicismos\u201d para frenar  la defensa del medio ambiente"},"content":{"rendered":"<p>Inacci\u00f3n y resistencia de autoridades ante una medida de protecci\u00f3n judicial, puede constituirse en complicidad con quienes atentan contra el inter\u00e9s colectivo, los derechos de la Madre Tierra y los compromisos internacionales suscritos por el Estado boliviano.<br \/>\nRechazando el comunicado emitido por la Vicepresidencia del Estado Plurinacional, en el que se niega que esta instancia del \u00d3rgano Ejecutivo se oponga a las medidas cautelares dispuestas para proteger a una especie emblem\u00e1tica del pa\u00eds, en grave riesgo de extinci\u00f3n, la diputada Mar\u00eda Ren\u00e9 \u00c1lvarez reproch\u00f3 que autoridades recurran a \u201ctecnicismos\u201d para encubrir un falso discurso de protecci\u00f3n a la Madre Tierra.<br \/>\nA trav\u00e9s de sus redes sociales, \u00c1lvarez calific\u00f3 como inaceptable que mientras el pa\u00eds enfrenta una crisis ecol\u00f3gica sin precedentes, con redes de tr\u00e1fico de partes de jaguar operando impunemente y ecosistemas enteros devastados por actividades ilegales, una de las m\u00e1s altas autoridades del Estado se escude en \u201ctecnicismos jur\u00eddicos\u201d para tratar de frenar una acci\u00f3n leg\u00edtima en defensa de la biodiversidad.<br \/>\n\u201cEl comunicado de la Vicepresidencia pretende maquillar su oposici\u00f3n con un falso discurso de protecci\u00f3n de la Madre Tierra, cuando en los hechos su postura obstaculiza la aplicaci\u00f3n de medidas urgentes para frenar la caza ilegal y la destrucci\u00f3n del h\u00e1bitat del jaguar\u201d, asegur\u00f3 la diputada representante de la regi\u00f3n chiquitana.<br \/>\nAsimismo, \u00c1lvarez record\u00f3 que el art\u00edculo 383 de la Constituci\u00f3n Pol\u00edtica del Estado (CPE) declara la obligaci\u00f3n positiva del Estado en todo lo relacionado a la biodiversidad, como parte del patrimonio natural del pueblo boliviano, por lo que la inacci\u00f3n de autoridades, o peor a\u00fan, una resistencia institucional ante una medida de protecci\u00f3n judicial, puede constituirse en delitos y complicidad con los extranjeros que atentan contra el inter\u00e9s colectivo, los derechos de la Madre Tierra y los compromisos internacionales suscritos por el Estado.<br \/>\n\u201cUn funcionario que sabotea la defensa del patrimonio natural del pa\u00eds no puede seguir impune ni protegido por la burocracia estatal. La protecci\u00f3n del jaguar no puede seguir siendo postergada por c\u00e1lculos pol\u00edticos ni por formalismos anacr\u00f3nicos\u201d, remarc\u00f3.<br \/>\nEn ese sentido, asever\u00f3 que el pa\u00eds necesita coherencia y no m\u00e1s ret\u00f3rica de sus autoridades. \u201cEl pa\u00eds y la historia juzgar\u00e1n a quienes eligieron el lado de la indiferencia\u201d, finaliz\u00f3.<br \/>\nEsta semana, en una hist\u00f3rica audiencia p\u00fablica desarrollada en Sucre, la Acci\u00f3n Ambiental Directa presentada por \u00c1lvarez logr\u00f3 que el Tribunal Agroambiental dicte medidas de protecci\u00f3n a favor del jaguar, que incluye la preservaci\u00f3n de su territorio con la prohibici\u00f3n de quemas en zonas como la Chiquitan\u00eda donde habita esta especie silvestre.<br \/>\nLa parte resolutiva de 12 puntos se sustent\u00f3 en gran medida en el Acuerdo de Escaz\u00fa y emiti\u00f3 \u00f3rdenes para las instancias estatales para tomar medidas y aplicar pol\u00edticas de protecci\u00f3n al jaguar y su h\u00e1bitat, que incluye la declaraci\u00f3n de una pausa ecol\u00f3gica.<br \/>\nEn el punto 9, la Sala Plena compuesta por los magistrados Richard M\u00e9ndez, V\u00edctor Hugo Claure, Roxana Ch\u00e1vez y Roc\u00edo V\u00e1squez, orden\u00f3 disponer pausa ecol\u00f3gica en las quemas y chaqueos en todo el territorio nacional con base al DS 5225, que implica suspender las autorizaciones de quemas emitidas por la ABT as\u00ed como prohibir la emisi\u00f3n de nuevos permisos. La pausa ecol\u00f3gica se mantendr\u00e1 vigente hasta una evaluaci\u00f3n de las autoridades competentes con supervisi\u00f3n del Tribunal Agroambiental.<br \/>\nDesde la Vicepresidencia del Estado se emiti\u00f3 un comunicado negando que esta instancia se oponga a la protecci\u00f3n del Jaguar (Panthera Onca), se\u00f1alando que el informe presentado a solicitud del Tribunal Agroambiental respecto de la petici\u00f3n de una Medida Cautelar, comprende consideraciones de car\u00e1cter jur\u00eddico procesal respecto de las atribuciones y competencias reconocidas al \u00d3rgano Judicial, entre las cuales se evidencia ausencia normativa que faculte a \u00e9ste a llevar adelante el citado proceso.<\/p>\n","protected":false},"excerpt":{"rendered":"<p>Inacci\u00f3n y resistencia de autoridades ante una medida de protecci\u00f3n judicial, puede constituirse en complicidad con quienes atentan contra el inter\u00e9s colectivo, los derechos de la Madre Tierra y los compromisos internacionales suscritos por el Estado boliviano. Rechazando el comunicado emitido por la Vicepresidencia del Estado Plurinacional, en el que se niega que esta instancia [&hellip;]<\/p>\n","protected":false},"author":1,"featured_media":298040,"comment_status":"closed","ping_status":"open","sticky":false,"template":"","format":"standard","meta":{"_acf_changed":false,"footnotes":""},"categories":[14],"tags":[],"class_list":["post-298039","post","type-post","status-publish","format-standard","has-post-thumbnail","category-politica"],"acf":{"antetitulo":"Afirma legisladora Mar\u00eda Ren\u00e9 \u00c1lvarez"},"yoast_head":"<!-- This site is optimized with the Yoast SEO plugin v28.3 - https:\/\/yoast.com\/product\/yoast-seo-wordpress\/ -->\n<title>Apelan a \u201ctecnicismos\u201d para frenar la defensa del medio ambiente - El Diario - Bolivia<\/title>\n<meta name=\"robots\" content=\"index, follow, max-snippet:-1, max-image-preview:large, max-video-preview:-1\" \/>\n<link rel=\"canonical\" href=\"https:\/\/www.eldiario.net\/portal\/2025\/04\/26\/apelan-a-tecnicismos-para-frenar-la-defensa-del-medio-ambiente\/\" \/>\n<meta property=\"og:locale\" content=\"es_ES\" \/>\n<meta property=\"og:type\" content=\"article\" \/>\n<meta property=\"og:title\" content=\"Apelan a \u201ctecnicismos\u201d para frenar la defensa del medio ambiente - El Diario - Bolivia\" \/>\n<meta property=\"og:description\" content=\"Inacci\u00f3n y resistencia de autoridades ante una medida de protecci\u00f3n judicial, puede constituirse en complicidad con quienes atentan contra el inter\u00e9s colectivo, los derechos de la Madre Tierra y los compromisos internacionales suscritos por el Estado boliviano. Rechazando el comunicado emitido por la Vicepresidencia del Estado Plurinacional, en el que se niega que esta instancia [&hellip;]\" \/>\n<meta property=\"og:url\" content=\"https:\/\/www.eldiario.net\/portal\/2025\/04\/26\/apelan-a-tecnicismos-para-frenar-la-defensa-del-medio-ambiente\/\" \/>\n<meta property=\"og:site_name\" content=\"El Diario - Bolivia\" \/>\n<meta property=\"article:publisher\" content=\"https:\/\/www.facebook.com\/eldiario.bolivia\/\" \/>\n<meta property=\"article:published_time\" content=\"2025-04-26T11:15:26+00:00\" \/>\n<meta property=\"og:image\" content=\"https:\/\/www.eldiario.net\/portal\/wp-content\/uploads\/2025\/04\/41-POL-12.jpg\" \/>\n\t<meta property=\"og:image:width\" content=\"1080\" \/>\n\t<meta property=\"og:image:height\" content=\"720\" \/>\n\t<meta property=\"og:image:type\" content=\"image\/jpeg\" \/>\n<meta name=\"author\" content=\"Jeanette\" \/>\n<meta name=\"twitter:card\" content=\"summary_large_image\" \/>\n<meta name=\"twitter:creator\" content=\"@eldiario_net\" \/>\n<meta name=\"twitter:site\" content=\"@eldiario_net\" \/>\n<meta name=\"twitter:label1\" content=\"Escrito por\" \/>\n\t<meta name=\"twitter:data1\" content=\"Jeanette\" \/>\n\t<meta name=\"twitter:label2\" content=\"Tiempo de lectura\" \/>\n\t<meta name=\"twitter:data2\" content=\"4 minutos\" \/>\n<script type=\"application\/ld+json\" class=\"yoast-schema-graph\">{\"@context\":\"https:\\\/\\\/schema.org\",\"@graph\":[{\"@type\":\"Article\",\"@id\":\"https:\\\/\\\/www.eldiario.net\\\/portal\\\/2025\\\/04\\\/26\\\/apelan-a-tecnicismos-para-frenar-la-defensa-del-medio-ambiente\\\/#article\",\"isPartOf\":{\"@id\":\"https:\\\/\\\/www.eldiario.net\\\/portal\\\/2025\\\/04\\\/26\\\/apelan-a-tecnicismos-para-frenar-la-defensa-del-medio-ambiente\\\/\"},\"author\":{\"name\":\"Jeanette\",\"@id\":\"https:\\\/\\\/www.eldiario.net\\\/portal\\\/#\\\/schema\\\/person\\\/f46445640444750d7d753ccd04ae01b7\"},\"headline\":\"Apelan a \u201ctecnicismos\u201d para frenar la defensa del medio ambiente\",\"datePublished\":\"2025-04-26T11:15:26+00:00\",\"mainEntityOfPage\":{\"@id\":\"https:\\\/\\\/www.eldiario.net\\\/portal\\\/2025\\\/04\\\/26\\\/apelan-a-tecnicismos-para-frenar-la-defensa-del-medio-ambiente\\\/\"},\"wordCount\":684,\"publisher\":{\"@id\":\"https:\\\/\\\/www.eldiario.net\\\/portal\\\/#organization\"},\"image\":{\"@id\":\"https:\\\/\\\/www.eldiario.net\\\/portal\\\/2025\\\/04\\\/26\\\/apelan-a-tecnicismos-para-frenar-la-defensa-del-medio-ambiente\\\/#primaryimage\"},\"thumbnailUrl\":\"https:\\\/\\\/www.eldiario.net\\\/portal\\\/wp-content\\\/uploads\\\/2025\\\/04\\\/41-POL-12.jpg\",\"articleSection\":[\"Pol\u00edtica\"],\"inLanguage\":\"es\"},{\"@type\":\"WebPage\",\"@id\":\"https:\\\/\\\/www.eldiario.net\\\/portal\\\/2025\\\/04\\\/26\\\/apelan-a-tecnicismos-para-frenar-la-defensa-del-medio-ambiente\\\/\",\"url\":\"https:\\\/\\\/www.eldiario.net\\\/portal\\\/2025\\\/04\\\/26\\\/apelan-a-tecnicismos-para-frenar-la-defensa-del-medio-ambiente\\\/\",\"name\":\"Apelan a \u201ctecnicismos\u201d para frenar la defensa del medio ambiente - El Diario - Bolivia\",\"isPartOf\":{\"@id\":\"https:\\\/\\\/www.eldiario.net\\\/portal\\\/#website\"},\"primaryImageOfPage\":{\"@id\":\"https:\\\/\\\/www.eldiario.net\\\/portal\\\/2025\\\/04\\\/26\\\/apelan-a-tecnicismos-para-frenar-la-defensa-del-medio-ambiente\\\/#primaryimage\"},\"image\":{\"@id\":\"https:\\\/\\\/www.eldiario.net\\\/portal\\\/2025\\\/04\\\/26\\\/apelan-a-tecnicismos-para-frenar-la-defensa-del-medio-ambiente\\\/#primaryimage\"},\"thumbnailUrl\":\"https:\\\/\\\/www.eldiario.net\\\/portal\\\/wp-content\\\/uploads\\\/2025\\\/04\\\/41-POL-12.jpg\",\"datePublished\":\"2025-04-26T11:15:26+00:00\",\"breadcrumb\":{\"@id\":\"https:\\\/\\\/www.eldiario.net\\\/portal\\\/2025\\\/04\\\/26\\\/apelan-a-tecnicismos-para-frenar-la-defensa-del-medio-ambiente\\\/#breadcrumb\"},\"inLanguage\":\"es\",\"potentialAction\":[{\"@type\":\"ReadAction\",\"target\":[\"https:\\\/\\\/www.eldiario.net\\\/portal\\\/2025\\\/04\\\/26\\\/apelan-a-tecnicismos-para-frenar-la-defensa-del-medio-ambiente\\\/\"]}]},{\"@type\":\"ImageObject\",\"inLanguage\":\"es\",\"@id\":\"https:\\\/\\\/www.eldiario.net\\\/portal\\\/2025\\\/04\\\/26\\\/apelan-a-tecnicismos-para-frenar-la-defensa-del-medio-ambiente\\\/#primaryimage\",\"url\":\"https:\\\/\\\/www.eldiario.net\\\/portal\\\/wp-content\\\/uploads\\\/2025\\\/04\\\/41-POL-12.jpg\",\"contentUrl\":\"https:\\\/\\\/www.eldiario.net\\\/portal\\\/wp-content\\\/uploads\\\/2025\\\/04\\\/41-POL-12.jpg\",\"width\":1080,\"height\":720,\"caption\":\"Diputada Mar\u00eda Ren\u00e9 \u00c1lvarez (Creemos).\"},{\"@type\":\"BreadcrumbList\",\"@id\":\"https:\\\/\\\/www.eldiario.net\\\/portal\\\/2025\\\/04\\\/26\\\/apelan-a-tecnicismos-para-frenar-la-defensa-del-medio-ambiente\\\/#breadcrumb\",\"itemListElement\":[{\"@type\":\"ListItem\",\"position\":1,\"name\":\"Portada\",\"item\":\"https:\\\/\\\/www.eldiario.net\\\/portal\\\/\"},{\"@type\":\"ListItem\",\"position\":2,\"name\":\"Apelan a \u201ctecnicismos\u201d para frenar la defensa del medio ambiente\"}]},{\"@type\":\"WebSite\",\"@id\":\"https:\\\/\\\/www.eldiario.net\\\/portal\\\/#website\",\"url\":\"https:\\\/\\\/www.eldiario.net\\\/portal\\\/\",\"name\":\"El Diario - Decano de la prensa nacional\",\"description\":\"El Diario - Decano de la prensa nacional\",\"publisher\":{\"@id\":\"https:\\\/\\\/www.eldiario.net\\\/portal\\\/#organization\"},\"potentialAction\":[{\"@type\":\"SearchAction\",\"target\":{\"@type\":\"EntryPoint\",\"urlTemplate\":\"https:\\\/\\\/www.eldiario.net\\\/portal\\\/?s={search_term_string}\"},\"query-input\":{\"@type\":\"PropertyValueSpecification\",\"valueRequired\":true,\"valueName\":\"search_term_string\"}}],\"inLanguage\":\"es\"},{\"@type\":\"Organization\",\"@id\":\"https:\\\/\\\/www.eldiario.net\\\/portal\\\/#organization\",\"name\":\"El Diario - Decano de la prensa nacional\",\"url\":\"https:\\\/\\\/www.eldiario.net\\\/portal\\\/\",\"logo\":{\"@type\":\"ImageObject\",\"inLanguage\":\"es\",\"@id\":\"https:\\\/\\\/www.eldiario.net\\\/portal\\\/#\\\/schema\\\/logo\\\/image\\\/\",\"url\":\"https:\\\/\\\/www.eldiario.net\\\/portal\\\/wp-content\\\/uploads\\\/2023\\\/07\\\/logo_ED.jpg\",\"contentUrl\":\"https:\\\/\\\/www.eldiario.net\\\/portal\\\/wp-content\\\/uploads\\\/2023\\\/07\\\/logo_ED.jpg\",\"width\":272,\"height\":52,\"caption\":\"El Diario - Decano de la prensa nacional\"},\"image\":{\"@id\":\"https:\\\/\\\/www.eldiario.net\\\/portal\\\/#\\\/schema\\\/logo\\\/image\\\/\"},\"sameAs\":[\"https:\\\/\\\/www.facebook.com\\\/eldiario.bolivia\\\/\",\"https:\\\/\\\/x.com\\\/eldiario_net\"]},{\"@type\":\"Person\",\"@id\":\"https:\\\/\\\/www.eldiario.net\\\/portal\\\/#\\\/schema\\\/person\\\/f46445640444750d7d753ccd04ae01b7\",\"name\":\"Jeanette\",\"image\":{\"@type\":\"ImageObject\",\"inLanguage\":\"es\",\"@id\":\"https:\\\/\\\/secure.gravatar.com\\\/avatar\\\/3ea2118a5f7dad2b7138b1187a6b7ee55f160b9968b66013c3a3ef39dd7e5798?s=96&d=mm&r=g\",\"url\":\"https:\\\/\\\/secure.gravatar.com\\\/avatar\\\/3ea2118a5f7dad2b7138b1187a6b7ee55f160b9968b66013c3a3ef39dd7e5798?s=96&d=mm&r=g\",\"contentUrl\":\"https:\\\/\\\/secure.gravatar.com\\\/avatar\\\/3ea2118a5f7dad2b7138b1187a6b7ee55f160b9968b66013c3a3ef39dd7e5798?s=96&d=mm&r=g\",\"caption\":\"Jeanette\"},\"sameAs\":[\"https:\\\/\\\/www.eldiario.net\\\/portal\"],\"url\":\"https:\\\/\\\/www.eldiario.net\\\/portal\\\/author\\\/jeanette\\\/\"}]}<\/script>\n<!-- \/ Yoast SEO plugin. -->","yoast_head_json":{"title":"Apelan a \u201ctecnicismos\u201d para frenar la defensa del medio ambiente - El Diario - Bolivia","robots":{"index":"index","follow":"follow","max-snippet":"max-snippet:-1","max-image-preview":"max-image-preview:large","max-video-preview":"max-video-preview:-1"},"canonical":"https:\/\/www.eldiario.net\/portal\/2025\/04\/26\/apelan-a-tecnicismos-para-frenar-la-defensa-del-medio-ambiente\/","og_locale":"es_ES","og_type":"article","og_title":"Apelan a \u201ctecnicismos\u201d para frenar la defensa del medio ambiente - El Diario - Bolivia","og_description":"Inacci\u00f3n y resistencia de autoridades ante una medida de protecci\u00f3n judicial, puede constituirse en complicidad con quienes atentan contra el inter\u00e9s colectivo, los derechos de la Madre Tierra y los compromisos internacionales suscritos por el Estado boliviano. Rechazando el comunicado emitido por la Vicepresidencia del Estado Plurinacional, en el que se niega que esta instancia [&hellip;]","og_url":"https:\/\/www.eldiario.net\/portal\/2025\/04\/26\/apelan-a-tecnicismos-para-frenar-la-defensa-del-medio-ambiente\/","og_site_name":"El Diario - Bolivia","article_publisher":"https:\/\/www.facebook.com\/eldiario.bolivia\/","article_published_time":"2025-04-26T11:15:26+00:00","og_image":[{"width":1080,"height":720,"url":"https:\/\/www.eldiario.net\/portal\/wp-content\/uploads\/2025\/04\/41-POL-12.jpg","type":"image\/jpeg"}],"author":"Jeanette","twitter_card":"summary_large_image","twitter_creator":"@eldiario_net","twitter_site":"@eldiario_net","twitter_misc":{"Escrito por":"Jeanette","Tiempo de lectura":"4 minutos"},"schema":{"@context":"https:\/\/schema.org","@graph":[{"@type":"Article","@id":"https:\/\/www.eldiario.net\/portal\/2025\/04\/26\/apelan-a-tecnicismos-para-frenar-la-defensa-del-medio-ambiente\/#article","isPartOf":{"@id":"https:\/\/www.eldiario.net\/portal\/2025\/04\/26\/apelan-a-tecnicismos-para-frenar-la-defensa-del-medio-ambiente\/"},"author":{"name":"Jeanette","@id":"https:\/\/www.eldiario.net\/portal\/#\/schema\/person\/f46445640444750d7d753ccd04ae01b7"},"headline":"Apelan a \u201ctecnicismos\u201d para frenar la defensa del medio ambiente","datePublished":"2025-04-26T11:15:26+00:00","mainEntityOfPage":{"@id":"https:\/\/www.eldiario.net\/portal\/2025\/04\/26\/apelan-a-tecnicismos-para-frenar-la-defensa-del-medio-ambiente\/"},"wordCount":684,"publisher":{"@id":"https:\/\/www.eldiario.net\/portal\/#organization"},"image":{"@id":"https:\/\/www.eldiario.net\/portal\/2025\/04\/26\/apelan-a-tecnicismos-para-frenar-la-defensa-del-medio-ambiente\/#primaryimage"},"thumbnailUrl":"https:\/\/www.eldiario.net\/portal\/wp-content\/uploads\/2025\/04\/41-POL-12.jpg","articleSection":["Pol\u00edtica"],"inLanguage":"es"},{"@type":"WebPage","@id":"https:\/\/www.eldiario.net\/portal\/2025\/04\/26\/apelan-a-tecnicismos-para-frenar-la-defensa-del-medio-ambiente\/","url":"https:\/\/www.eldiario.net\/portal\/2025\/04\/26\/apelan-a-tecnicismos-para-frenar-la-defensa-del-medio-ambiente\/","name":"Apelan a \u201ctecnicismos\u201d para frenar la defensa del medio ambiente - El Diario - Bolivia","isPartOf":{"@id":"https:\/\/www.eldiario.net\/portal\/#website"},"primaryImageOfPage":{"@id":"https:\/\/www.eldiario.net\/portal\/2025\/04\/26\/apelan-a-tecnicismos-para-frenar-la-defensa-del-medio-ambiente\/#primaryimage"},"image":{"@id":"https:\/\/www.eldiario.net\/portal\/2025\/04\/26\/apelan-a-tecnicismos-para-frenar-la-defensa-del-medio-ambiente\/#primaryimage"},"thumbnailUrl":"https:\/\/www.eldiario.net\/portal\/wp-content\/uploads\/2025\/04\/41-POL-12.jpg","datePublished":"2025-04-26T11:15:26+00:00","breadcrumb":{"@id":"https:\/\/www.eldiario.net\/portal\/2025\/04\/26\/apelan-a-tecnicismos-para-frenar-la-defensa-del-medio-ambiente\/#breadcrumb"},"inLanguage":"es","potentialAction":[{"@type":"ReadAction","target":["https:\/\/www.eldiario.net\/portal\/2025\/04\/26\/apelan-a-tecnicismos-para-frenar-la-defensa-del-medio-ambiente\/"]}]},{"@type":"ImageObject","inLanguage":"es","@id":"https:\/\/www.eldiario.net\/portal\/2025\/04\/26\/apelan-a-tecnicismos-para-frenar-la-defensa-del-medio-ambiente\/#primaryimage","url":"https:\/\/www.eldiario.net\/portal\/wp-content\/uploads\/2025\/04\/41-POL-12.jpg","contentUrl":"https:\/\/www.eldiario.net\/portal\/wp-content\/uploads\/2025\/04\/41-POL-12.jpg","width":1080,"height":720,"caption":"Diputada Mar\u00eda Ren\u00e9 \u00c1lvarez (Creemos)."},{"@type":"BreadcrumbList","@id":"https:\/\/www.eldiario.net\/portal\/2025\/04\/26\/apelan-a-tecnicismos-para-frenar-la-defensa-del-medio-ambiente\/#breadcrumb","itemListElement":[{"@type":"ListItem","position":1,"name":"Portada","item":"https:\/\/www.eldiario.net\/portal\/"},{"@type":"ListItem","position":2,"name":"Apelan a \u201ctecnicismos\u201d para frenar la defensa del medio ambiente"}]},{"@type":"WebSite","@id":"https:\/\/www.eldiario.net\/portal\/#website","url":"https:\/\/www.eldiario.net\/portal\/","name":"El Diario - Decano de la prensa nacional","description":"El Diario - Decano de la prensa nacional","publisher":{"@id":"https:\/\/www.eldiario.net\/portal\/#organization"},"potentialAction":[{"@type":"SearchAction","target":{"@type":"EntryPoint","urlTemplate":"https:\/\/www.eldiario.net\/portal\/?s={search_term_string}"},"query-input":{"@type":"PropertyValueSpecification","valueRequired":true,"valueName":"search_term_string"}}],"inLanguage":"es"},{"@type":"Organization","@id":"https:\/\/www.eldiario.net\/portal\/#organization","name":"El Diario - Decano de la prensa nacional","url":"https:\/\/www.eldiario.net\/portal\/","logo":{"@type":"ImageObject","inLanguage":"es","@id":"https:\/\/www.eldiario.net\/portal\/#\/schema\/logo\/image\/","url":"https:\/\/www.eldiario.net\/portal\/wp-content\/uploads\/2023\/07\/logo_ED.jpg","contentUrl":"https:\/\/www.eldiario.net\/portal\/wp-content\/uploads\/2023\/07\/logo_ED.jpg","width":272,"height":52,"caption":"El Diario - Decano de la prensa nacional"},"image":{"@id":"https:\/\/www.eldiario.net\/portal\/#\/schema\/logo\/image\/"},"sameAs":["https:\/\/www.facebook.com\/eldiario.bolivia\/","https:\/\/x.com\/eldiario_net"]},{"@type":"Person","@id":"https:\/\/www.eldiario.net\/portal\/#\/schema\/person\/f46445640444750d7d753ccd04ae01b7","name":"Jeanette","image":{"@type":"ImageObject","inLanguage":"es","@id":"https:\/\/secure.gravatar.com\/avatar\/3ea2118a5f7dad2b7138b1187a6b7ee55f160b9968b66013c3a3ef39dd7e5798?s=96&d=mm&r=g","url":"https:\/\/secure.gravatar.com\/avatar\/3ea2118a5f7dad2b7138b1187a6b7ee55f160b9968b66013c3a3ef39dd7e5798?s=96&d=mm&r=g","contentUrl":"https:\/\/secure.gravatar.com\/avatar\/3ea2118a5f7dad2b7138b1187a6b7ee55f160b9968b66013c3a3ef39dd7e5798?s=96&d=mm&r=g","caption":"Jeanette"},"sameAs":["https:\/\/www.eldiario.net\/portal"],"url":"https:\/\/www.eldiario.net\/portal\/author\/jeanette\/"}]}},"_links":{"self":[{"href":"https:\/\/www.eldiario.net\/portal\/wp-json\/wp\/v2\/posts\/298039","targetHints":{"allow":["GET"]}}],"collection":[{"href":"https:\/\/www.eldiario.net\/portal\/wp-json\/wp\/v2\/posts"}],"about":[{"href":"https:\/\/www.eldiario.net\/portal\/wp-json\/wp\/v2\/types\/post"}],"author":[{"embeddable":true,"href":"https:\/\/www.eldiario.net\/portal\/wp-json\/wp\/v2\/users\/1"}],"replies":[{"embeddable":true,"href":"https:\/\/www.eldiario.net\/portal\/wp-json\/wp\/v2\/comments?post=298039"}],"version-history":[{"count":1,"href":"https:\/\/www.eldiario.net\/portal\/wp-json\/wp\/v2\/posts\/298039\/revisions"}],"predecessor-version":[{"id":298041,"href":"https:\/\/www.eldiario.net\/portal\/wp-json\/wp\/v2\/posts\/298039\/revisions\/298041"}],"wp:featuredmedia":[{"embeddable":true,"href":"https:\/\/www.eldiario.net\/portal\/wp-json\/wp\/v2\/media\/298040"}],"wp:attachment":[{"href":"https:\/\/www.eldiario.net\/portal\/wp-json\/wp\/v2\/media?parent=298039"}],"wp:term":[{"taxonomy":"category","embeddable":true,"href":"https:\/\/www.eldiario.net\/portal\/wp-json\/wp\/v2\/categories?post=298039"},{"taxonomy":"post_tag","embeddable":true,"href":"https:\/\/www.eldiario.net\/portal\/wp-json\/wp\/v2\/tags?post=298039"}],"curies":[{"name":"wp","href":"https:\/\/api.w.org\/{rel}","templated":true}]}}