{"id":298037,"date":"2025-04-26T07:14:58","date_gmt":"2025-04-26T11:14:58","guid":{"rendered":"https:\/\/www.eldiario.net\/portal\/?p=298037"},"modified":"2025-04-26T07:14:58","modified_gmt":"2025-04-26T11:14:58","slug":"politicos-irresponsables-seguiran-movilizando-sectores","status":"publish","type":"post","link":"https:\/\/www.eldiario.net\/portal\/2025\/04\/26\/politicos-irresponsables-seguiran-movilizando-sectores\/","title":{"rendered":"\u201cPol\u00edticos irresponsables\u201d  seguir\u00e1n movilizando sectores"},"content":{"rendered":"<p>Ante la recurrencia de sectores a medidas de presi\u00f3n para que autoridades atiendan sus demandas, el senador por el Movimiento al Socialismo (MAS), F\u00e9lix Ajpi, advirti\u00f3 que \u201cpol\u00edticos irresponsables\u201d aprovechar\u00e1n el periodo preelectoral para seguir movilizando sectores, lo que le generar\u00e1 m\u00e1s problemas al Gobierno.<br \/>\nEn criterio del asamble\u00edsta pace\u00f1o, con la reciente firma de un acuerdo entre el Gobierno y el sector minero cooperativizado, qued\u00f3 demostrado que este sector logr\u00f3 doblar el brazo a la actual administraci\u00f3n, evidenciando una falta de capacidad en los colaboradores directos del presidente Luis Arce.<br \/>\n\u201cSe ha dialogado con un sector social, ma\u00f1ana (hoy) llegar\u00e1 otro grupo y tendr\u00e1 que estar solucionando el Presidente, entonces es una pena que el Gobierno se maneje de esa manera con ministros totalmente irresponsables\u201d, critic\u00f3 Ajpi.<br \/>\nSobre la constante movilizaci\u00f3n de sectores exigiendo la atenci\u00f3n de diferentes demandas, Ajpi sostuvo que el pa\u00eds ya lleva, por lo menos, tres a\u00f1os de inestabilidad social, misma que se ha tratado de atender a trav\u00e9s de la \u201cprebendalizaci\u00f3n de dirigentes\u201d, recurso peligroso cuando se trata de sectores que en muchos casos rebasan a su dirigencia.<br \/>\nSi a esto se suma que el pa\u00eds atraviesa por un periodo electoral, alert\u00f3 sobre la posibilidad de que, en las pr\u00f3ximas semanas, otros sectores exijan atenci\u00f3n a sus reivindicaciones.<br \/>\n\u201cAl estar en un momento altamente electoral, algunos pol\u00edticos irresponsables van a aprovechar para movilizar a alg\u00fan sector, ese es el riego que corre actualmente el \u00d3rgano Ejecutivo\u201d, advirti\u00f3 el senador, agregando que las ambiciones del Ejecutivo para insistir por una candidatura presidencial solo provocar\u00e1n m\u00e1s problemas.<br \/>\nEsta semana, debido a la recurrencia con que diferentes organizaciones y sectores sociales se trasladan hasta la Sede de Gobierno, exigiendo atenci\u00f3n a sus demandas mediante medidas de presi\u00f3n, el diputado Jos\u00e9 Maldonado reproch\u00f3 la falta de capacidad demostrada por autoridades para resolver conflictos, perjudicando las actividades de la poblaci\u00f3n.<br \/>\nEn su criterio, las movilizaciones que constantemente paralizan la ciudad de La Paz, podr\u00edan evitarse si autoridades de Gobierno realizaran un trabajo para atender los requerimientos de sectores, antes que se asuman medidas de presi\u00f3n.<\/p>\n","protected":false},"excerpt":{"rendered":"<p>Ante la recurrencia de sectores a medidas de presi\u00f3n para que autoridades atiendan sus demandas, el senador por el Movimiento al Socialismo (MAS), F\u00e9lix Ajpi, advirti\u00f3 que \u201cpol\u00edticos irresponsables\u201d aprovechar\u00e1n el periodo preelectoral para seguir movilizando sectores, lo que le generar\u00e1 m\u00e1s problemas al Gobierno. En criterio del asamble\u00edsta pace\u00f1o, con la reciente firma de [&hellip;]<\/p>\n","protected":false},"author":1,"featured_media":194754,"comment_status":"closed","ping_status":"open","sticky":false,"template":"","format":"standard","meta":{"_acf_changed":false,"footnotes":""},"categories":[14],"tags":[],"class_list":["post-298037","post","type-post","status-publish","format-standard","has-post-thumbnail","category-politica"],"acf":{"antetitulo":"En etapa preelectoral"},"yoast_head":"<!-- This site is optimized with the Yoast SEO plugin v28.3 - https:\/\/yoast.com\/product\/yoast-seo-wordpress\/ -->\n<title>\u201cPol\u00edticos irresponsables\u201d seguir\u00e1n movilizando sectores - El Diario - Bolivia<\/title>\n<meta name=\"robots\" content=\"index, follow, max-snippet:-1, max-image-preview:large, max-video-preview:-1\" \/>\n<link rel=\"canonical\" href=\"https:\/\/www.eldiario.net\/portal\/2025\/04\/26\/politicos-irresponsables-seguiran-movilizando-sectores\/\" \/>\n<meta property=\"og:locale\" content=\"es_ES\" \/>\n<meta property=\"og:type\" content=\"article\" \/>\n<meta property=\"og:title\" content=\"\u201cPol\u00edticos irresponsables\u201d seguir\u00e1n movilizando sectores - El Diario - Bolivia\" \/>\n<meta property=\"og:description\" content=\"Ante la recurrencia de sectores a medidas de presi\u00f3n para que autoridades atiendan sus demandas, el senador por el Movimiento al Socialismo (MAS), F\u00e9lix Ajpi, advirti\u00f3 que \u201cpol\u00edticos irresponsables\u201d aprovechar\u00e1n el periodo preelectoral para seguir movilizando sectores, lo que le generar\u00e1 m\u00e1s problemas al Gobierno. En criterio del asamble\u00edsta pace\u00f1o, con la reciente firma de [&hellip;]\" \/>\n<meta property=\"og:url\" content=\"https:\/\/www.eldiario.net\/portal\/2025\/04\/26\/politicos-irresponsables-seguiran-movilizando-sectores\/\" \/>\n<meta property=\"og:site_name\" content=\"El Diario - Bolivia\" \/>\n<meta property=\"article:publisher\" content=\"https:\/\/www.facebook.com\/eldiario.bolivia\/\" \/>\n<meta property=\"article:published_time\" content=\"2025-04-26T11:14:58+00:00\" \/>\n<meta property=\"og:image\" content=\"https:\/\/www.eldiario.net\/portal\/wp-content\/uploads\/2023\/12\/Politica.jpg\" \/>\n\t<meta property=\"og:image:width\" content=\"800\" \/>\n\t<meta property=\"og:image:height\" content=\"500\" \/>\n\t<meta property=\"og:image:type\" content=\"image\/jpeg\" \/>\n<meta name=\"author\" content=\"Jeanette\" \/>\n<meta name=\"twitter:card\" content=\"summary_large_image\" \/>\n<meta name=\"twitter:creator\" content=\"@eldiario_net\" \/>\n<meta name=\"twitter:site\" content=\"@eldiario_net\" \/>\n<meta name=\"twitter:label1\" content=\"Escrito por\" \/>\n\t<meta name=\"twitter:data1\" content=\"Jeanette\" \/>\n\t<meta name=\"twitter:label2\" content=\"Tiempo de lectura\" \/>\n\t<meta name=\"twitter:data2\" content=\"2 minutos\" \/>\n<script type=\"application\/ld+json\" class=\"yoast-schema-graph\">{\"@context\":\"https:\\\/\\\/schema.org\",\"@graph\":[{\"@type\":\"Article\",\"@id\":\"https:\\\/\\\/www.eldiario.net\\\/portal\\\/2025\\\/04\\\/26\\\/politicos-irresponsables-seguiran-movilizando-sectores\\\/#article\",\"isPartOf\":{\"@id\":\"https:\\\/\\\/www.eldiario.net\\\/portal\\\/2025\\\/04\\\/26\\\/politicos-irresponsables-seguiran-movilizando-sectores\\\/\"},\"author\":{\"name\":\"Jeanette\",\"@id\":\"https:\\\/\\\/www.eldiario.net\\\/portal\\\/#\\\/schema\\\/person\\\/f46445640444750d7d753ccd04ae01b7\"},\"headline\":\"\u201cPol\u00edticos irresponsables\u201d seguir\u00e1n movilizando sectores\",\"datePublished\":\"2025-04-26T11:14:58+00:00\",\"mainEntityOfPage\":{\"@id\":\"https:\\\/\\\/www.eldiario.net\\\/portal\\\/2025\\\/04\\\/26\\\/politicos-irresponsables-seguiran-movilizando-sectores\\\/\"},\"wordCount\":380,\"publisher\":{\"@id\":\"https:\\\/\\\/www.eldiario.net\\\/portal\\\/#organization\"},\"image\":{\"@id\":\"https:\\\/\\\/www.eldiario.net\\\/portal\\\/2025\\\/04\\\/26\\\/politicos-irresponsables-seguiran-movilizando-sectores\\\/#primaryimage\"},\"thumbnailUrl\":\"https:\\\/\\\/www.eldiario.net\\\/portal\\\/wp-content\\\/uploads\\\/2023\\\/12\\\/Politica.jpg\",\"articleSection\":[\"Pol\u00edtica\"],\"inLanguage\":\"es\"},{\"@type\":\"WebPage\",\"@id\":\"https:\\\/\\\/www.eldiario.net\\\/portal\\\/2025\\\/04\\\/26\\\/politicos-irresponsables-seguiran-movilizando-sectores\\\/\",\"url\":\"https:\\\/\\\/www.eldiario.net\\\/portal\\\/2025\\\/04\\\/26\\\/politicos-irresponsables-seguiran-movilizando-sectores\\\/\",\"name\":\"\u201cPol\u00edticos irresponsables\u201d seguir\u00e1n movilizando sectores - El Diario - Bolivia\",\"isPartOf\":{\"@id\":\"https:\\\/\\\/www.eldiario.net\\\/portal\\\/#website\"},\"primaryImageOfPage\":{\"@id\":\"https:\\\/\\\/www.eldiario.net\\\/portal\\\/2025\\\/04\\\/26\\\/politicos-irresponsables-seguiran-movilizando-sectores\\\/#primaryimage\"},\"image\":{\"@id\":\"https:\\\/\\\/www.eldiario.net\\\/portal\\\/2025\\\/04\\\/26\\\/politicos-irresponsables-seguiran-movilizando-sectores\\\/#primaryimage\"},\"thumbnailUrl\":\"https:\\\/\\\/www.eldiario.net\\\/portal\\\/wp-content\\\/uploads\\\/2023\\\/12\\\/Politica.jpg\",\"datePublished\":\"2025-04-26T11:14:58+00:00\",\"breadcrumb\":{\"@id\":\"https:\\\/\\\/www.eldiario.net\\\/portal\\\/2025\\\/04\\\/26\\\/politicos-irresponsables-seguiran-movilizando-sectores\\\/#breadcrumb\"},\"inLanguage\":\"es\",\"potentialAction\":[{\"@type\":\"ReadAction\",\"target\":[\"https:\\\/\\\/www.eldiario.net\\\/portal\\\/2025\\\/04\\\/26\\\/politicos-irresponsables-seguiran-movilizando-sectores\\\/\"]}]},{\"@type\":\"ImageObject\",\"inLanguage\":\"es\",\"@id\":\"https:\\\/\\\/www.eldiario.net\\\/portal\\\/2025\\\/04\\\/26\\\/politicos-irresponsables-seguiran-movilizando-sectores\\\/#primaryimage\",\"url\":\"https:\\\/\\\/www.eldiario.net\\\/portal\\\/wp-content\\\/uploads\\\/2023\\\/12\\\/Politica.jpg\",\"contentUrl\":\"https:\\\/\\\/www.eldiario.net\\\/portal\\\/wp-content\\\/uploads\\\/2023\\\/12\\\/Politica.jpg\",\"width\":800,\"height\":500},{\"@type\":\"BreadcrumbList\",\"@id\":\"https:\\\/\\\/www.eldiario.net\\\/portal\\\/2025\\\/04\\\/26\\\/politicos-irresponsables-seguiran-movilizando-sectores\\\/#breadcrumb\",\"itemListElement\":[{\"@type\":\"ListItem\",\"position\":1,\"name\":\"Portada\",\"item\":\"https:\\\/\\\/www.eldiario.net\\\/portal\\\/\"},{\"@type\":\"ListItem\",\"position\":2,\"name\":\"\u201cPol\u00edticos irresponsables\u201d seguir\u00e1n movilizando sectores\"}]},{\"@type\":\"WebSite\",\"@id\":\"https:\\\/\\\/www.eldiario.net\\\/portal\\\/#website\",\"url\":\"https:\\\/\\\/www.eldiario.net\\\/portal\\\/\",\"name\":\"El Diario - Decano de la prensa nacional\",\"description\":\"El Diario - Decano de la prensa nacional\",\"publisher\":{\"@id\":\"https:\\\/\\\/www.eldiario.net\\\/portal\\\/#organization\"},\"potentialAction\":[{\"@type\":\"SearchAction\",\"target\":{\"@type\":\"EntryPoint\",\"urlTemplate\":\"https:\\\/\\\/www.eldiario.net\\\/portal\\\/?s={search_term_string}\"},\"query-input\":{\"@type\":\"PropertyValueSpecification\",\"valueRequired\":true,\"valueName\":\"search_term_string\"}}],\"inLanguage\":\"es\"},{\"@type\":\"Organization\",\"@id\":\"https:\\\/\\\/www.eldiario.net\\\/portal\\\/#organization\",\"name\":\"El Diario - Decano de la prensa nacional\",\"url\":\"https:\\\/\\\/www.eldiario.net\\\/portal\\\/\",\"logo\":{\"@type\":\"ImageObject\",\"inLanguage\":\"es\",\"@id\":\"https:\\\/\\\/www.eldiario.net\\\/portal\\\/#\\\/schema\\\/logo\\\/image\\\/\",\"url\":\"https:\\\/\\\/www.eldiario.net\\\/portal\\\/wp-content\\\/uploads\\\/2023\\\/07\\\/logo_ED.jpg\",\"contentUrl\":\"https:\\\/\\\/www.eldiario.net\\\/portal\\\/wp-content\\\/uploads\\\/2023\\\/07\\\/logo_ED.jpg\",\"width\":272,\"height\":52,\"caption\":\"El Diario - Decano de la prensa nacional\"},\"image\":{\"@id\":\"https:\\\/\\\/www.eldiario.net\\\/portal\\\/#\\\/schema\\\/logo\\\/image\\\/\"},\"sameAs\":[\"https:\\\/\\\/www.facebook.com\\\/eldiario.bolivia\\\/\",\"https:\\\/\\\/x.com\\\/eldiario_net\"]},{\"@type\":\"Person\",\"@id\":\"https:\\\/\\\/www.eldiario.net\\\/portal\\\/#\\\/schema\\\/person\\\/f46445640444750d7d753ccd04ae01b7\",\"name\":\"Jeanette\",\"image\":{\"@type\":\"ImageObject\",\"inLanguage\":\"es\",\"@id\":\"https:\\\/\\\/secure.gravatar.com\\\/avatar\\\/3ea2118a5f7dad2b7138b1187a6b7ee55f160b9968b66013c3a3ef39dd7e5798?s=96&d=mm&r=g\",\"url\":\"https:\\\/\\\/secure.gravatar.com\\\/avatar\\\/3ea2118a5f7dad2b7138b1187a6b7ee55f160b9968b66013c3a3ef39dd7e5798?s=96&d=mm&r=g\",\"contentUrl\":\"https:\\\/\\\/secure.gravatar.com\\\/avatar\\\/3ea2118a5f7dad2b7138b1187a6b7ee55f160b9968b66013c3a3ef39dd7e5798?s=96&d=mm&r=g\",\"caption\":\"Jeanette\"},\"sameAs\":[\"https:\\\/\\\/www.eldiario.net\\\/portal\"],\"url\":\"https:\\\/\\\/www.eldiario.net\\\/portal\\\/author\\\/jeanette\\\/\"}]}<\/script>\n<!-- \/ Yoast SEO plugin. -->","yoast_head_json":{"title":"\u201cPol\u00edticos irresponsables\u201d seguir\u00e1n movilizando sectores - El Diario - Bolivia","robots":{"index":"index","follow":"follow","max-snippet":"max-snippet:-1","max-image-preview":"max-image-preview:large","max-video-preview":"max-video-preview:-1"},"canonical":"https:\/\/www.eldiario.net\/portal\/2025\/04\/26\/politicos-irresponsables-seguiran-movilizando-sectores\/","og_locale":"es_ES","og_type":"article","og_title":"\u201cPol\u00edticos irresponsables\u201d seguir\u00e1n movilizando sectores - El Diario - Bolivia","og_description":"Ante la recurrencia de sectores a medidas de presi\u00f3n para que autoridades atiendan sus demandas, el senador por el Movimiento al Socialismo (MAS), F\u00e9lix Ajpi, advirti\u00f3 que \u201cpol\u00edticos irresponsables\u201d aprovechar\u00e1n el periodo preelectoral para seguir movilizando sectores, lo que le generar\u00e1 m\u00e1s problemas al Gobierno. En criterio del asamble\u00edsta pace\u00f1o, con la reciente firma de [&hellip;]","og_url":"https:\/\/www.eldiario.net\/portal\/2025\/04\/26\/politicos-irresponsables-seguiran-movilizando-sectores\/","og_site_name":"El Diario - Bolivia","article_publisher":"https:\/\/www.facebook.com\/eldiario.bolivia\/","article_published_time":"2025-04-26T11:14:58+00:00","og_image":[{"width":800,"height":500,"url":"https:\/\/www.eldiario.net\/portal\/wp-content\/uploads\/2023\/12\/Politica.jpg","type":"image\/jpeg"}],"author":"Jeanette","twitter_card":"summary_large_image","twitter_creator":"@eldiario_net","twitter_site":"@eldiario_net","twitter_misc":{"Escrito por":"Jeanette","Tiempo de lectura":"2 minutos"},"schema":{"@context":"https:\/\/schema.org","@graph":[{"@type":"Article","@id":"https:\/\/www.eldiario.net\/portal\/2025\/04\/26\/politicos-irresponsables-seguiran-movilizando-sectores\/#article","isPartOf":{"@id":"https:\/\/www.eldiario.net\/portal\/2025\/04\/26\/politicos-irresponsables-seguiran-movilizando-sectores\/"},"author":{"name":"Jeanette","@id":"https:\/\/www.eldiario.net\/portal\/#\/schema\/person\/f46445640444750d7d753ccd04ae01b7"},"headline":"\u201cPol\u00edticos irresponsables\u201d seguir\u00e1n movilizando sectores","datePublished":"2025-04-26T11:14:58+00:00","mainEntityOfPage":{"@id":"https:\/\/www.eldiario.net\/portal\/2025\/04\/26\/politicos-irresponsables-seguiran-movilizando-sectores\/"},"wordCount":380,"publisher":{"@id":"https:\/\/www.eldiario.net\/portal\/#organization"},"image":{"@id":"https:\/\/www.eldiario.net\/portal\/2025\/04\/26\/politicos-irresponsables-seguiran-movilizando-sectores\/#primaryimage"},"thumbnailUrl":"https:\/\/www.eldiario.net\/portal\/wp-content\/uploads\/2023\/12\/Politica.jpg","articleSection":["Pol\u00edtica"],"inLanguage":"es"},{"@type":"WebPage","@id":"https:\/\/www.eldiario.net\/portal\/2025\/04\/26\/politicos-irresponsables-seguiran-movilizando-sectores\/","url":"https:\/\/www.eldiario.net\/portal\/2025\/04\/26\/politicos-irresponsables-seguiran-movilizando-sectores\/","name":"\u201cPol\u00edticos irresponsables\u201d seguir\u00e1n movilizando sectores - El Diario - Bolivia","isPartOf":{"@id":"https:\/\/www.eldiario.net\/portal\/#website"},"primaryImageOfPage":{"@id":"https:\/\/www.eldiario.net\/portal\/2025\/04\/26\/politicos-irresponsables-seguiran-movilizando-sectores\/#primaryimage"},"image":{"@id":"https:\/\/www.eldiario.net\/portal\/2025\/04\/26\/politicos-irresponsables-seguiran-movilizando-sectores\/#primaryimage"},"thumbnailUrl":"https:\/\/www.eldiario.net\/portal\/wp-content\/uploads\/2023\/12\/Politica.jpg","datePublished":"2025-04-26T11:14:58+00:00","breadcrumb":{"@id":"https:\/\/www.eldiario.net\/portal\/2025\/04\/26\/politicos-irresponsables-seguiran-movilizando-sectores\/#breadcrumb"},"inLanguage":"es","potentialAction":[{"@type":"ReadAction","target":["https:\/\/www.eldiario.net\/portal\/2025\/04\/26\/politicos-irresponsables-seguiran-movilizando-sectores\/"]}]},{"@type":"ImageObject","inLanguage":"es","@id":"https:\/\/www.eldiario.net\/portal\/2025\/04\/26\/politicos-irresponsables-seguiran-movilizando-sectores\/#primaryimage","url":"https:\/\/www.eldiario.net\/portal\/wp-content\/uploads\/2023\/12\/Politica.jpg","contentUrl":"https:\/\/www.eldiario.net\/portal\/wp-content\/uploads\/2023\/12\/Politica.jpg","width":800,"height":500},{"@type":"BreadcrumbList","@id":"https:\/\/www.eldiario.net\/portal\/2025\/04\/26\/politicos-irresponsables-seguiran-movilizando-sectores\/#breadcrumb","itemListElement":[{"@type":"ListItem","position":1,"name":"Portada","item":"https:\/\/www.eldiario.net\/portal\/"},{"@type":"ListItem","position":2,"name":"\u201cPol\u00edticos irresponsables\u201d seguir\u00e1n movilizando sectores"}]},{"@type":"WebSite","@id":"https:\/\/www.eldiario.net\/portal\/#website","url":"https:\/\/www.eldiario.net\/portal\/","name":"El Diario - Decano de la prensa nacional","description":"El Diario - Decano de la prensa nacional","publisher":{"@id":"https:\/\/www.eldiario.net\/portal\/#organization"},"potentialAction":[{"@type":"SearchAction","target":{"@type":"EntryPoint","urlTemplate":"https:\/\/www.eldiario.net\/portal\/?s={search_term_string}"},"query-input":{"@type":"PropertyValueSpecification","valueRequired":true,"valueName":"search_term_string"}}],"inLanguage":"es"},{"@type":"Organization","@id":"https:\/\/www.eldiario.net\/portal\/#organization","name":"El Diario - Decano de la prensa nacional","url":"https:\/\/www.eldiario.net\/portal\/","logo":{"@type":"ImageObject","inLanguage":"es","@id":"https:\/\/www.eldiario.net\/portal\/#\/schema\/logo\/image\/","url":"https:\/\/www.eldiario.net\/portal\/wp-content\/uploads\/2023\/07\/logo_ED.jpg","contentUrl":"https:\/\/www.eldiario.net\/portal\/wp-content\/uploads\/2023\/07\/logo_ED.jpg","width":272,"height":52,"caption":"El Diario - Decano de la prensa nacional"},"image":{"@id":"https:\/\/www.eldiario.net\/portal\/#\/schema\/logo\/image\/"},"sameAs":["https:\/\/www.facebook.com\/eldiario.bolivia\/","https:\/\/x.com\/eldiario_net"]},{"@type":"Person","@id":"https:\/\/www.eldiario.net\/portal\/#\/schema\/person\/f46445640444750d7d753ccd04ae01b7","name":"Jeanette","image":{"@type":"ImageObject","inLanguage":"es","@id":"https:\/\/secure.gravatar.com\/avatar\/3ea2118a5f7dad2b7138b1187a6b7ee55f160b9968b66013c3a3ef39dd7e5798?s=96&d=mm&r=g","url":"https:\/\/secure.gravatar.com\/avatar\/3ea2118a5f7dad2b7138b1187a6b7ee55f160b9968b66013c3a3ef39dd7e5798?s=96&d=mm&r=g","contentUrl":"https:\/\/secure.gravatar.com\/avatar\/3ea2118a5f7dad2b7138b1187a6b7ee55f160b9968b66013c3a3ef39dd7e5798?s=96&d=mm&r=g","caption":"Jeanette"},"sameAs":["https:\/\/www.eldiario.net\/portal"],"url":"https:\/\/www.eldiario.net\/portal\/author\/jeanette\/"}]}},"_links":{"self":[{"href":"https:\/\/www.eldiario.net\/portal\/wp-json\/wp\/v2\/posts\/298037","targetHints":{"allow":["GET"]}}],"collection":[{"href":"https:\/\/www.eldiario.net\/portal\/wp-json\/wp\/v2\/posts"}],"about":[{"href":"https:\/\/www.eldiario.net\/portal\/wp-json\/wp\/v2\/types\/post"}],"author":[{"embeddable":true,"href":"https:\/\/www.eldiario.net\/portal\/wp-json\/wp\/v2\/users\/1"}],"replies":[{"embeddable":true,"href":"https:\/\/www.eldiario.net\/portal\/wp-json\/wp\/v2\/comments?post=298037"}],"version-history":[{"count":1,"href":"https:\/\/www.eldiario.net\/portal\/wp-json\/wp\/v2\/posts\/298037\/revisions"}],"predecessor-version":[{"id":298038,"href":"https:\/\/www.eldiario.net\/portal\/wp-json\/wp\/v2\/posts\/298037\/revisions\/298038"}],"wp:featuredmedia":[{"embeddable":true,"href":"https:\/\/www.eldiario.net\/portal\/wp-json\/wp\/v2\/media\/194754"}],"wp:attachment":[{"href":"https:\/\/www.eldiario.net\/portal\/wp-json\/wp\/v2\/media?parent=298037"}],"wp:term":[{"taxonomy":"category","embeddable":true,"href":"https:\/\/www.eldiario.net\/portal\/wp-json\/wp\/v2\/categories?post=298037"},{"taxonomy":"post_tag","embeddable":true,"href":"https:\/\/www.eldiario.net\/portal\/wp-json\/wp\/v2\/tags?post=298037"}],"curies":[{"name":"wp","href":"https:\/\/api.w.org\/{rel}","templated":true}]}}