{"id":298033,"date":"2025-04-26T07:13:55","date_gmt":"2025-04-26T11:13:55","guid":{"rendered":"https:\/\/www.eldiario.net\/portal\/?p=298033"},"modified":"2025-04-26T07:13:55","modified_gmt":"2025-04-26T11:13:55","slug":"las-creencias-subconscientes-gobiernan-nuestra-vida","status":"publish","type":"post","link":"https:\/\/www.eldiario.net\/portal\/2025\/04\/26\/las-creencias-subconscientes-gobiernan-nuestra-vida\/","title":{"rendered":"LAS CREENCIAS SUBCONSCIENTES  GOBIERNAN NUESTRA VIDA"},"content":{"rendered":"<p>Las palabras del d\u00eda:<\/p>\n<p>\u00abEl poder de decidir y de programar es algo sensacional que trae novedad y nuevo vigor a nuestra vida\u00bb<br \/>\nSi decidi\u00e9ramos hacer un an\u00e1lisis de la ecuaci\u00f3n que gobierna nuestra vida, podr\u00edamos observar lo que nos sucede y entender que existen en el otro miembro de la ecuaci\u00f3n, unas creencias subconscientes que se igualan exactamente con lo que nos sucede en la vida.<br \/>\nCon un papel y un bol\u00edgrafo podemos crear nuevas creencias subconscientes, las que querramos crear o probar y ver si es cierto que tenemos ese poder.<br \/>\nPodemos escribir por ejemplo, la creencia arbitraria que dice: \u00abTodo est\u00e1 mejorando en mi vida de d\u00eda y de noche\u00bb o esta otra que dice: \u00abTodo est\u00e1 mejorando en el funcionamiento de mi cuerpo\u00bb, o esta otra que dice: \u00abMi situaci\u00f3n econ\u00f3mica est\u00e1 mejorando milagrosamente d\u00eda a d\u00eda\u00bb.<br \/>\nLas creencias nuevas que podamos crear o construir tienen que servir para resolver los problemas de nuestro diario vivir para poder mejorar el estado de nuestra vida, de nuestra salud, de nuestro car\u00e1cter y de nuestra alegr\u00eda de vivir, de crear y de aprender, pues ya sabemos qu\u00e9 pasa con las personas que renuncian a una vida positiva y de vigor.<br \/>\nPuede ensayar las creencias de ejemplo que acabamos de leer y escribirlas en series de diez o hasta memorizarlas de manera placentera y si lo hace por varios d\u00edas, los efectos y resultados estar\u00e1n pr\u00e1cticamente garantizados en funci\u00f3n de su poder de perseverancia y de aceptaci\u00f3n interna.<br \/>\nAs\u00ed que ya lo sabe, si consigue mejorar o cambiar una creencia subconsciente, conseguir\u00e1 esos cambios deseados y esas mejoras que tanta falta hacen en su vida, en su salud, en su manera de pensar y en su familia, por supuesto. Nos vemos en los siguientes art\u00edculos que se ir\u00e1n publicando en su peri\u00f3dico preferido, EL DIARIO de Bolivia.<br \/>\nSugerencia deliciosa: Escriba diez veces al d\u00eda la siguiente afirmaci\u00f3n: \u00abMi fuerza f\u00edsica aumenta d\u00eda a d\u00eda\u00bb.<\/p>\n","protected":false},"excerpt":{"rendered":"<p>Las palabras del d\u00eda: \u00abEl poder de decidir y de programar es algo sensacional que trae novedad y nuevo vigor a nuestra vida\u00bb Si decidi\u00e9ramos hacer un an\u00e1lisis de la ecuaci\u00f3n que gobierna nuestra vida, podr\u00edamos observar lo que nos sucede y entender que existen en el otro miembro de la ecuaci\u00f3n, unas creencias subconscientes [&hellip;]<\/p>\n","protected":false},"author":1,"featured_media":276391,"comment_status":"closed","ping_status":"open","sticky":false,"template":"","format":"standard","meta":{"_acf_changed":false,"footnotes":""},"categories":[8],"tags":[],"class_list":["post-298033","post","type-post","status-publish","format-standard","has-post-thumbnail","category-cultural"],"acf":{"antetitulo":""},"yoast_head":"<!-- This site is optimized with the Yoast SEO plugin v28.4 - https:\/\/yoast.com\/product\/yoast-seo-wordpress\/ -->\n<title>LAS CREENCIAS SUBCONSCIENTES GOBIERNAN NUESTRA VIDA - El Diario - Bolivia<\/title>\n<meta name=\"robots\" content=\"index, follow, max-snippet:-1, max-image-preview:large, max-video-preview:-1\" \/>\n<link rel=\"canonical\" href=\"https:\/\/www.eldiario.net\/portal\/2025\/04\/26\/las-creencias-subconscientes-gobiernan-nuestra-vida\/\" \/>\n<meta property=\"og:locale\" content=\"es_ES\" \/>\n<meta property=\"og:type\" content=\"article\" \/>\n<meta property=\"og:title\" content=\"LAS CREENCIAS SUBCONSCIENTES GOBIERNAN NUESTRA VIDA - El Diario - Bolivia\" \/>\n<meta property=\"og:description\" content=\"Las palabras del d\u00eda: \u00abEl poder de decidir y de programar es algo sensacional que trae novedad y nuevo vigor a nuestra vida\u00bb Si decidi\u00e9ramos hacer un an\u00e1lisis de la ecuaci\u00f3n que gobierna nuestra vida, podr\u00edamos observar lo que nos sucede y entender que existen en el otro miembro de la ecuaci\u00f3n, unas creencias subconscientes [&hellip;]\" \/>\n<meta property=\"og:url\" content=\"https:\/\/www.eldiario.net\/portal\/2025\/04\/26\/las-creencias-subconscientes-gobiernan-nuestra-vida\/\" \/>\n<meta property=\"og:site_name\" content=\"El Diario - Bolivia\" \/>\n<meta property=\"article:publisher\" content=\"https:\/\/www.facebook.com\/eldiario.bolivia\/\" \/>\n<meta property=\"article:published_time\" content=\"2025-04-26T11:13:55+00:00\" \/>\n<meta property=\"og:image\" content=\"https:\/\/www.eldiario.net\/portal\/wp-content\/uploads\/2025\/01\/Eduardo-Kucharsky-Asport-2.jpg\" \/>\n\t<meta property=\"og:image:width\" content=\"896\" \/>\n\t<meta property=\"og:image:height\" content=\"687\" \/>\n\t<meta property=\"og:image:type\" content=\"image\/jpeg\" \/>\n<meta name=\"author\" content=\"Jeanette\" \/>\n<meta name=\"twitter:card\" content=\"summary_large_image\" \/>\n<meta name=\"twitter:creator\" content=\"@eldiario_net\" \/>\n<meta name=\"twitter:site\" content=\"@eldiario_net\" \/>\n<meta name=\"twitter:label1\" content=\"Escrito por\" \/>\n\t<meta name=\"twitter:data1\" content=\"Jeanette\" \/>\n\t<meta name=\"twitter:label2\" content=\"Tiempo de lectura\" \/>\n\t<meta name=\"twitter:data2\" content=\"2 minutos\" \/>\n<script type=\"application\/ld+json\" class=\"yoast-schema-graph\">{\"@context\":\"https:\\\/\\\/schema.org\",\"@graph\":[{\"@type\":\"Article\",\"@id\":\"https:\\\/\\\/www.eldiario.net\\\/portal\\\/2025\\\/04\\\/26\\\/las-creencias-subconscientes-gobiernan-nuestra-vida\\\/#article\",\"isPartOf\":{\"@id\":\"https:\\\/\\\/www.eldiario.net\\\/portal\\\/2025\\\/04\\\/26\\\/las-creencias-subconscientes-gobiernan-nuestra-vida\\\/\"},\"author\":{\"name\":\"Jeanette\",\"@id\":\"https:\\\/\\\/www.eldiario.net\\\/portal\\\/#\\\/schema\\\/person\\\/f46445640444750d7d753ccd04ae01b7\"},\"headline\":\"LAS CREENCIAS SUBCONSCIENTES GOBIERNAN NUESTRA VIDA\",\"datePublished\":\"2025-04-26T11:13:55+00:00\",\"mainEntityOfPage\":{\"@id\":\"https:\\\/\\\/www.eldiario.net\\\/portal\\\/2025\\\/04\\\/26\\\/las-creencias-subconscientes-gobiernan-nuestra-vida\\\/\"},\"wordCount\":358,\"publisher\":{\"@id\":\"https:\\\/\\\/www.eldiario.net\\\/portal\\\/#organization\"},\"image\":{\"@id\":\"https:\\\/\\\/www.eldiario.net\\\/portal\\\/2025\\\/04\\\/26\\\/las-creencias-subconscientes-gobiernan-nuestra-vida\\\/#primaryimage\"},\"thumbnailUrl\":\"https:\\\/\\\/www.eldiario.net\\\/portal\\\/wp-content\\\/uploads\\\/2025\\\/01\\\/Eduardo-Kucharsky-Asport-2.jpg\",\"articleSection\":[\"Cultural\"],\"inLanguage\":\"es\"},{\"@type\":\"WebPage\",\"@id\":\"https:\\\/\\\/www.eldiario.net\\\/portal\\\/2025\\\/04\\\/26\\\/las-creencias-subconscientes-gobiernan-nuestra-vida\\\/\",\"url\":\"https:\\\/\\\/www.eldiario.net\\\/portal\\\/2025\\\/04\\\/26\\\/las-creencias-subconscientes-gobiernan-nuestra-vida\\\/\",\"name\":\"LAS CREENCIAS SUBCONSCIENTES GOBIERNAN NUESTRA VIDA - El Diario - Bolivia\",\"isPartOf\":{\"@id\":\"https:\\\/\\\/www.eldiario.net\\\/portal\\\/#website\"},\"primaryImageOfPage\":{\"@id\":\"https:\\\/\\\/www.eldiario.net\\\/portal\\\/2025\\\/04\\\/26\\\/las-creencias-subconscientes-gobiernan-nuestra-vida\\\/#primaryimage\"},\"image\":{\"@id\":\"https:\\\/\\\/www.eldiario.net\\\/portal\\\/2025\\\/04\\\/26\\\/las-creencias-subconscientes-gobiernan-nuestra-vida\\\/#primaryimage\"},\"thumbnailUrl\":\"https:\\\/\\\/www.eldiario.net\\\/portal\\\/wp-content\\\/uploads\\\/2025\\\/01\\\/Eduardo-Kucharsky-Asport-2.jpg\",\"datePublished\":\"2025-04-26T11:13:55+00:00\",\"breadcrumb\":{\"@id\":\"https:\\\/\\\/www.eldiario.net\\\/portal\\\/2025\\\/04\\\/26\\\/las-creencias-subconscientes-gobiernan-nuestra-vida\\\/#breadcrumb\"},\"inLanguage\":\"es\",\"potentialAction\":[{\"@type\":\"ReadAction\",\"target\":[\"https:\\\/\\\/www.eldiario.net\\\/portal\\\/2025\\\/04\\\/26\\\/las-creencias-subconscientes-gobiernan-nuestra-vida\\\/\"]}]},{\"@type\":\"ImageObject\",\"inLanguage\":\"es\",\"@id\":\"https:\\\/\\\/www.eldiario.net\\\/portal\\\/2025\\\/04\\\/26\\\/las-creencias-subconscientes-gobiernan-nuestra-vida\\\/#primaryimage\",\"url\":\"https:\\\/\\\/www.eldiario.net\\\/portal\\\/wp-content\\\/uploads\\\/2025\\\/01\\\/Eduardo-Kucharsky-Asport-2.jpg\",\"contentUrl\":\"https:\\\/\\\/www.eldiario.net\\\/portal\\\/wp-content\\\/uploads\\\/2025\\\/01\\\/Eduardo-Kucharsky-Asport-2.jpg\",\"width\":896,\"height\":687,\"caption\":\"Eduar\u00addo Ku\u00adcharsky As\u00adport\"},{\"@type\":\"BreadcrumbList\",\"@id\":\"https:\\\/\\\/www.eldiario.net\\\/portal\\\/2025\\\/04\\\/26\\\/las-creencias-subconscientes-gobiernan-nuestra-vida\\\/#breadcrumb\",\"itemListElement\":[{\"@type\":\"ListItem\",\"position\":1,\"name\":\"Portada\",\"item\":\"https:\\\/\\\/www.eldiario.net\\\/portal\\\/\"},{\"@type\":\"ListItem\",\"position\":2,\"name\":\"LAS CREENCIAS SUBCONSCIENTES GOBIERNAN NUESTRA VIDA\"}]},{\"@type\":\"WebSite\",\"@id\":\"https:\\\/\\\/www.eldiario.net\\\/portal\\\/#website\",\"url\":\"https:\\\/\\\/www.eldiario.net\\\/portal\\\/\",\"name\":\"El Diario - Decano de la prensa nacional\",\"description\":\"El Diario - Decano de la prensa nacional\",\"publisher\":{\"@id\":\"https:\\\/\\\/www.eldiario.net\\\/portal\\\/#organization\"},\"potentialAction\":[{\"@type\":\"SearchAction\",\"target\":{\"@type\":\"EntryPoint\",\"urlTemplate\":\"https:\\\/\\\/www.eldiario.net\\\/portal\\\/?s={search_term_string}\"},\"query-input\":{\"@type\":\"PropertyValueSpecification\",\"valueRequired\":true,\"valueName\":\"search_term_string\"}}],\"inLanguage\":\"es\"},{\"@type\":\"Organization\",\"@id\":\"https:\\\/\\\/www.eldiario.net\\\/portal\\\/#organization\",\"name\":\"El Diario - Decano de la prensa nacional\",\"url\":\"https:\\\/\\\/www.eldiario.net\\\/portal\\\/\",\"logo\":{\"@type\":\"ImageObject\",\"inLanguage\":\"es\",\"@id\":\"https:\\\/\\\/www.eldiario.net\\\/portal\\\/#\\\/schema\\\/logo\\\/image\\\/\",\"url\":\"https:\\\/\\\/www.eldiario.net\\\/portal\\\/wp-content\\\/uploads\\\/2023\\\/07\\\/logo_ED.jpg\",\"contentUrl\":\"https:\\\/\\\/www.eldiario.net\\\/portal\\\/wp-content\\\/uploads\\\/2023\\\/07\\\/logo_ED.jpg\",\"width\":272,\"height\":52,\"caption\":\"El Diario - Decano de la prensa nacional\"},\"image\":{\"@id\":\"https:\\\/\\\/www.eldiario.net\\\/portal\\\/#\\\/schema\\\/logo\\\/image\\\/\"},\"sameAs\":[\"https:\\\/\\\/www.facebook.com\\\/eldiario.bolivia\\\/\",\"https:\\\/\\\/x.com\\\/eldiario_net\"]},{\"@type\":\"Person\",\"@id\":\"https:\\\/\\\/www.eldiario.net\\\/portal\\\/#\\\/schema\\\/person\\\/f46445640444750d7d753ccd04ae01b7\",\"name\":\"Jeanette\",\"image\":{\"@type\":\"ImageObject\",\"inLanguage\":\"es\",\"@id\":\"https:\\\/\\\/secure.gravatar.com\\\/avatar\\\/3ea2118a5f7dad2b7138b1187a6b7ee55f160b9968b66013c3a3ef39dd7e5798?s=96&d=mm&r=g\",\"url\":\"https:\\\/\\\/secure.gravatar.com\\\/avatar\\\/3ea2118a5f7dad2b7138b1187a6b7ee55f160b9968b66013c3a3ef39dd7e5798?s=96&d=mm&r=g\",\"contentUrl\":\"https:\\\/\\\/secure.gravatar.com\\\/avatar\\\/3ea2118a5f7dad2b7138b1187a6b7ee55f160b9968b66013c3a3ef39dd7e5798?s=96&d=mm&r=g\",\"caption\":\"Jeanette\"},\"sameAs\":[\"https:\\\/\\\/www.eldiario.net\\\/portal\"],\"url\":\"https:\\\/\\\/www.eldiario.net\\\/portal\\\/author\\\/jeanette\\\/\"}]}<\/script>\n<!-- \/ Yoast SEO plugin. -->","yoast_head_json":{"title":"LAS CREENCIAS SUBCONSCIENTES GOBIERNAN NUESTRA VIDA - El Diario - Bolivia","robots":{"index":"index","follow":"follow","max-snippet":"max-snippet:-1","max-image-preview":"max-image-preview:large","max-video-preview":"max-video-preview:-1"},"canonical":"https:\/\/www.eldiario.net\/portal\/2025\/04\/26\/las-creencias-subconscientes-gobiernan-nuestra-vida\/","og_locale":"es_ES","og_type":"article","og_title":"LAS CREENCIAS SUBCONSCIENTES GOBIERNAN NUESTRA VIDA - El Diario - Bolivia","og_description":"Las palabras del d\u00eda: \u00abEl poder de decidir y de programar es algo sensacional que trae novedad y nuevo vigor a nuestra vida\u00bb Si decidi\u00e9ramos hacer un an\u00e1lisis de la ecuaci\u00f3n que gobierna nuestra vida, podr\u00edamos observar lo que nos sucede y entender que existen en el otro miembro de la ecuaci\u00f3n, unas creencias subconscientes [&hellip;]","og_url":"https:\/\/www.eldiario.net\/portal\/2025\/04\/26\/las-creencias-subconscientes-gobiernan-nuestra-vida\/","og_site_name":"El Diario - Bolivia","article_publisher":"https:\/\/www.facebook.com\/eldiario.bolivia\/","article_published_time":"2025-04-26T11:13:55+00:00","og_image":[{"width":896,"height":687,"url":"https:\/\/www.eldiario.net\/portal\/wp-content\/uploads\/2025\/01\/Eduardo-Kucharsky-Asport-2.jpg","type":"image\/jpeg"}],"author":"Jeanette","twitter_card":"summary_large_image","twitter_creator":"@eldiario_net","twitter_site":"@eldiario_net","twitter_misc":{"Escrito por":"Jeanette","Tiempo de lectura":"2 minutos"},"schema":{"@context":"https:\/\/schema.org","@graph":[{"@type":"Article","@id":"https:\/\/www.eldiario.net\/portal\/2025\/04\/26\/las-creencias-subconscientes-gobiernan-nuestra-vida\/#article","isPartOf":{"@id":"https:\/\/www.eldiario.net\/portal\/2025\/04\/26\/las-creencias-subconscientes-gobiernan-nuestra-vida\/"},"author":{"name":"Jeanette","@id":"https:\/\/www.eldiario.net\/portal\/#\/schema\/person\/f46445640444750d7d753ccd04ae01b7"},"headline":"LAS CREENCIAS SUBCONSCIENTES GOBIERNAN NUESTRA VIDA","datePublished":"2025-04-26T11:13:55+00:00","mainEntityOfPage":{"@id":"https:\/\/www.eldiario.net\/portal\/2025\/04\/26\/las-creencias-subconscientes-gobiernan-nuestra-vida\/"},"wordCount":358,"publisher":{"@id":"https:\/\/www.eldiario.net\/portal\/#organization"},"image":{"@id":"https:\/\/www.eldiario.net\/portal\/2025\/04\/26\/las-creencias-subconscientes-gobiernan-nuestra-vida\/#primaryimage"},"thumbnailUrl":"https:\/\/www.eldiario.net\/portal\/wp-content\/uploads\/2025\/01\/Eduardo-Kucharsky-Asport-2.jpg","articleSection":["Cultural"],"inLanguage":"es"},{"@type":"WebPage","@id":"https:\/\/www.eldiario.net\/portal\/2025\/04\/26\/las-creencias-subconscientes-gobiernan-nuestra-vida\/","url":"https:\/\/www.eldiario.net\/portal\/2025\/04\/26\/las-creencias-subconscientes-gobiernan-nuestra-vida\/","name":"LAS CREENCIAS SUBCONSCIENTES GOBIERNAN NUESTRA VIDA - El Diario - Bolivia","isPartOf":{"@id":"https:\/\/www.eldiario.net\/portal\/#website"},"primaryImageOfPage":{"@id":"https:\/\/www.eldiario.net\/portal\/2025\/04\/26\/las-creencias-subconscientes-gobiernan-nuestra-vida\/#primaryimage"},"image":{"@id":"https:\/\/www.eldiario.net\/portal\/2025\/04\/26\/las-creencias-subconscientes-gobiernan-nuestra-vida\/#primaryimage"},"thumbnailUrl":"https:\/\/www.eldiario.net\/portal\/wp-content\/uploads\/2025\/01\/Eduardo-Kucharsky-Asport-2.jpg","datePublished":"2025-04-26T11:13:55+00:00","breadcrumb":{"@id":"https:\/\/www.eldiario.net\/portal\/2025\/04\/26\/las-creencias-subconscientes-gobiernan-nuestra-vida\/#breadcrumb"},"inLanguage":"es","potentialAction":[{"@type":"ReadAction","target":["https:\/\/www.eldiario.net\/portal\/2025\/04\/26\/las-creencias-subconscientes-gobiernan-nuestra-vida\/"]}]},{"@type":"ImageObject","inLanguage":"es","@id":"https:\/\/www.eldiario.net\/portal\/2025\/04\/26\/las-creencias-subconscientes-gobiernan-nuestra-vida\/#primaryimage","url":"https:\/\/www.eldiario.net\/portal\/wp-content\/uploads\/2025\/01\/Eduardo-Kucharsky-Asport-2.jpg","contentUrl":"https:\/\/www.eldiario.net\/portal\/wp-content\/uploads\/2025\/01\/Eduardo-Kucharsky-Asport-2.jpg","width":896,"height":687,"caption":"Eduar\u00addo Ku\u00adcharsky As\u00adport"},{"@type":"BreadcrumbList","@id":"https:\/\/www.eldiario.net\/portal\/2025\/04\/26\/las-creencias-subconscientes-gobiernan-nuestra-vida\/#breadcrumb","itemListElement":[{"@type":"ListItem","position":1,"name":"Portada","item":"https:\/\/www.eldiario.net\/portal\/"},{"@type":"ListItem","position":2,"name":"LAS CREENCIAS SUBCONSCIENTES GOBIERNAN NUESTRA VIDA"}]},{"@type":"WebSite","@id":"https:\/\/www.eldiario.net\/portal\/#website","url":"https:\/\/www.eldiario.net\/portal\/","name":"El Diario - Decano de la prensa nacional","description":"El Diario - Decano de la prensa nacional","publisher":{"@id":"https:\/\/www.eldiario.net\/portal\/#organization"},"potentialAction":[{"@type":"SearchAction","target":{"@type":"EntryPoint","urlTemplate":"https:\/\/www.eldiario.net\/portal\/?s={search_term_string}"},"query-input":{"@type":"PropertyValueSpecification","valueRequired":true,"valueName":"search_term_string"}}],"inLanguage":"es"},{"@type":"Organization","@id":"https:\/\/www.eldiario.net\/portal\/#organization","name":"El Diario - Decano de la prensa nacional","url":"https:\/\/www.eldiario.net\/portal\/","logo":{"@type":"ImageObject","inLanguage":"es","@id":"https:\/\/www.eldiario.net\/portal\/#\/schema\/logo\/image\/","url":"https:\/\/www.eldiario.net\/portal\/wp-content\/uploads\/2023\/07\/logo_ED.jpg","contentUrl":"https:\/\/www.eldiario.net\/portal\/wp-content\/uploads\/2023\/07\/logo_ED.jpg","width":272,"height":52,"caption":"El Diario - Decano de la prensa nacional"},"image":{"@id":"https:\/\/www.eldiario.net\/portal\/#\/schema\/logo\/image\/"},"sameAs":["https:\/\/www.facebook.com\/eldiario.bolivia\/","https:\/\/x.com\/eldiario_net"]},{"@type":"Person","@id":"https:\/\/www.eldiario.net\/portal\/#\/schema\/person\/f46445640444750d7d753ccd04ae01b7","name":"Jeanette","image":{"@type":"ImageObject","inLanguage":"es","@id":"https:\/\/secure.gravatar.com\/avatar\/3ea2118a5f7dad2b7138b1187a6b7ee55f160b9968b66013c3a3ef39dd7e5798?s=96&d=mm&r=g","url":"https:\/\/secure.gravatar.com\/avatar\/3ea2118a5f7dad2b7138b1187a6b7ee55f160b9968b66013c3a3ef39dd7e5798?s=96&d=mm&r=g","contentUrl":"https:\/\/secure.gravatar.com\/avatar\/3ea2118a5f7dad2b7138b1187a6b7ee55f160b9968b66013c3a3ef39dd7e5798?s=96&d=mm&r=g","caption":"Jeanette"},"sameAs":["https:\/\/www.eldiario.net\/portal"],"url":"https:\/\/www.eldiario.net\/portal\/author\/jeanette\/"}]}},"_links":{"self":[{"href":"https:\/\/www.eldiario.net\/portal\/wp-json\/wp\/v2\/posts\/298033","targetHints":{"allow":["GET"]}}],"collection":[{"href":"https:\/\/www.eldiario.net\/portal\/wp-json\/wp\/v2\/posts"}],"about":[{"href":"https:\/\/www.eldiario.net\/portal\/wp-json\/wp\/v2\/types\/post"}],"author":[{"embeddable":true,"href":"https:\/\/www.eldiario.net\/portal\/wp-json\/wp\/v2\/users\/1"}],"replies":[{"embeddable":true,"href":"https:\/\/www.eldiario.net\/portal\/wp-json\/wp\/v2\/comments?post=298033"}],"version-history":[{"count":1,"href":"https:\/\/www.eldiario.net\/portal\/wp-json\/wp\/v2\/posts\/298033\/revisions"}],"predecessor-version":[{"id":298034,"href":"https:\/\/www.eldiario.net\/portal\/wp-json\/wp\/v2\/posts\/298033\/revisions\/298034"}],"wp:featuredmedia":[{"embeddable":true,"href":"https:\/\/www.eldiario.net\/portal\/wp-json\/wp\/v2\/media\/276391"}],"wp:attachment":[{"href":"https:\/\/www.eldiario.net\/portal\/wp-json\/wp\/v2\/media?parent=298033"}],"wp:term":[{"taxonomy":"category","embeddable":true,"href":"https:\/\/www.eldiario.net\/portal\/wp-json\/wp\/v2\/categories?post=298033"},{"taxonomy":"post_tag","embeddable":true,"href":"https:\/\/www.eldiario.net\/portal\/wp-json\/wp\/v2\/tags?post=298033"}],"curies":[{"name":"wp","href":"https:\/\/api.w.org\/{rel}","templated":true}]}}