{"id":298025,"date":"2025-04-26T07:12:18","date_gmt":"2025-04-26T11:12:18","guid":{"rendered":"https:\/\/www.eldiario.net\/portal\/?p=298025"},"modified":"2025-04-26T07:12:18","modified_gmt":"2025-04-26T11:12:18","slug":"proponen-educar-para-prevenir-violencia-y-embarazo-adolescente","status":"publish","type":"post","link":"https:\/\/www.eldiario.net\/portal\/2025\/04\/26\/proponen-educar-para-prevenir-violencia-y-embarazo-adolescente\/","title":{"rendered":"Proponen \u201ceducar para prevenir\u201d violencia y embarazo adolescente"},"content":{"rendered":"<p>En un pa\u00eds donde casi la mitad de los adolescentes vive en situaci\u00f3n de pobreza y m\u00e1s del 11% de las adolescentes de entre 15 y 19 a\u00f1os ya es madre o ha estado embarazada, el desaf\u00edo de garantizar una adolescencia digna y libre de violencia se vuelve urgente. En este contexto, el Proyecto de Ley N\u00b0 144, impulsado por la diputada Bertha Acarapi, surge como una respuesta integral a estas problem\u00e1ticas estructurales. La propuesta busca institucionalizar los Gabinetes de Atenci\u00f3n Integral a Estudiantes (GAIE) como una estrategia clave dentro del sistema educativo boliviano.<br \/>\nEsta iniciativa legislativa apunta a consolidar una pol\u00edtica p\u00fablica educativa centrada en la prevenci\u00f3n, el acompa\u00f1amiento psicosocial y la promoci\u00f3n de derechos. Cuenta con el apoyo del Fondo de Poblaci\u00f3n de las Naciones Unidas (Unfpa) y la Agencia de Cooperaci\u00f3n Internacional de Corea (Koica), en el marco de su compromiso por fortalecer los derechos sexuales y reproductivos en el pa\u00eds.<br \/>\nLos GAIE no son una propuesta nueva, pero s\u00ed innovadora. Desde su implementaci\u00f3n piloto en municipios de Chuquisaca en 2009, estos espacios han demostrado ser una herramienta eficaz para prevenir embarazos adolescentes, infecciones de transmisi\u00f3n sexual y relaciones de pareja violentas en el \u00e1mbito escolar. Hoy, con su implementaci\u00f3n en La Paz y Cochabamba, se busca garantizar su funcionamiento permanente a trav\u00e9s de una ley nacional.<br \/>\nLa apuesta de esta propuesta legislativa es consolidar equipos interdisciplinarios en las unidades educativas que brinden atenci\u00f3n psicoemocional, orientaci\u00f3n en salud sexual y reproductiva, y acompa\u00f1amiento en situaciones de violencia intrafamiliar o escolar. Esto implica trabajar de manera articulada con docentes, familias y comunidades, y fortalecer la Educaci\u00f3n Integral de la Sexualidad (EIS) como una herramienta formativa y preventiva.<br \/>\nDatos del INE y Unfpa dan cuenta que el 24% de los adolescentes en Bolivia ha sufrido violencia f\u00edsica por parte de sus padres, el 5% ha sido agredido por sus hermanos y el 5% ha sido forzado a mantener relaciones sexuales. Estas cifras revelan un panorama alarmante que exige respuestas concretas desde el Estado.<br \/>\nA esto se suma que, de cada 100 muertes maternas registradas en el pa\u00eds, dos corresponden a ni\u00f1as menores de 14 a\u00f1os y 12 a adolescentes de entre 15 y 19 a\u00f1os. Esta realidad refleja la urgencia de intervenir no solo desde el sistema de salud, sino tambi\u00e9n desde la educaci\u00f3n. En este sentido, los GAIE se consolidan como espacios seguros y de contenci\u00f3n donde se puede trabajar con anticipaci\u00f3n sobre factores de riesgo y promover decisiones informadas.<br \/>\nEl Proyecto de Ley N\u00b0 144 tambi\u00e9n responde a una necesidad estructural del sistema educativo boliviano: contar con mecanismos institucionalizados de atenci\u00f3n integral que no dependan exclusivamente de voluntades locales o de cooperaci\u00f3n internacional. Al ser convertidos en una pol\u00edtica de Estado, los GAIE podr\u00e1n ser parte del presupuesto educativo, formar parte de la planificaci\u00f3n nacional y garantizar su sostenibilidad en el tiempo.<br \/>\nEl respaldo del Unfpa y Koica refuerza el car\u00e1cter estrat\u00e9gico de esta iniciativa, al tiempo que muestra la voluntad de la cooperaci\u00f3n internacional por acompa\u00f1ar procesos que pongan en el centro los derechos de ni\u00f1as, ni\u00f1os y adolescentes. Para estas organizaciones, la institucionalizaci\u00f3n de los GAIE representa un avance concreto hacia el cumplimiento de los Objetivos de Desarrollo Sostenible (ODS), especialmente en lo referido a salud, educaci\u00f3n y equidad de g\u00e9nero.<br \/>\nLa socializaci\u00f3n del proyecto se convirti\u00f3 tambi\u00e9n en un espacio de construcci\u00f3n colectiva. Asamble\u00edstas, educadores, psic\u00f3logos y especialistas en pol\u00edticas p\u00fablicas coincidieron en la necesidad de fortalecer la propuesta desde una visi\u00f3n intercultural, con pertinencia territorial y enfoque de g\u00e9nero. El objetivo com\u00fan: que ning\u00fan adolescente boliviano quede sin acceso a una educaci\u00f3n integral y a servicios de protecci\u00f3n que le permitan proyectar un futuro digno.<\/p>\n","protected":false},"excerpt":{"rendered":"<p>En un pa\u00eds donde casi la mitad de los adolescentes vive en situaci\u00f3n de pobreza y m\u00e1s del 11% de las adolescentes de entre 15 y 19 a\u00f1os ya es madre o ha estado embarazada, el desaf\u00edo de garantizar una adolescencia digna y libre de violencia se vuelve urgente. En este contexto, el Proyecto de [&hellip;]<\/p>\n","protected":false},"author":1,"featured_media":298026,"comment_status":"closed","ping_status":"open","sticky":false,"template":"","format":"standard","meta":{"_acf_changed":false,"footnotes":""},"categories":[12],"tags":[],"class_list":["post-298025","post","type-post","status-publish","format-standard","has-post-thumbnail","category-nacional"],"acf":{"antetitulo":""},"yoast_head":"<!-- This site is optimized with the Yoast SEO plugin v28.4 - https:\/\/yoast.com\/product\/yoast-seo-wordpress\/ -->\n<title>Proponen \u201ceducar para prevenir\u201d violencia y embarazo adolescente - El Diario - Bolivia<\/title>\n<meta name=\"robots\" content=\"index, follow, max-snippet:-1, max-image-preview:large, max-video-preview:-1\" \/>\n<link rel=\"canonical\" href=\"https:\/\/www.eldiario.net\/portal\/2025\/04\/26\/proponen-educar-para-prevenir-violencia-y-embarazo-adolescente\/\" \/>\n<meta property=\"og:locale\" content=\"es_ES\" \/>\n<meta property=\"og:type\" content=\"article\" \/>\n<meta property=\"og:title\" content=\"Proponen \u201ceducar para prevenir\u201d violencia y embarazo adolescente - El Diario - Bolivia\" \/>\n<meta property=\"og:description\" content=\"En un pa\u00eds donde casi la mitad de los adolescentes vive en situaci\u00f3n de pobreza y m\u00e1s del 11% de las adolescentes de entre 15 y 19 a\u00f1os ya es madre o ha estado embarazada, el desaf\u00edo de garantizar una adolescencia digna y libre de violencia se vuelve urgente. En este contexto, el Proyecto de [&hellip;]\" \/>\n<meta property=\"og:url\" content=\"https:\/\/www.eldiario.net\/portal\/2025\/04\/26\/proponen-educar-para-prevenir-violencia-y-embarazo-adolescente\/\" \/>\n<meta property=\"og:site_name\" content=\"El Diario - Bolivia\" \/>\n<meta property=\"article:publisher\" content=\"https:\/\/www.facebook.com\/eldiario.bolivia\/\" \/>\n<meta property=\"article:published_time\" content=\"2025-04-26T11:12:18+00:00\" \/>\n<meta property=\"og:image\" content=\"https:\/\/www.eldiario.net\/portal\/wp-content\/uploads\/2025\/04\/F-2-educar.jpg\" \/>\n\t<meta property=\"og:image:width\" content=\"1200\" \/>\n\t<meta property=\"og:image:height\" content=\"800\" \/>\n\t<meta property=\"og:image:type\" content=\"image\/jpeg\" \/>\n<meta name=\"author\" content=\"Jeanette\" \/>\n<meta name=\"twitter:card\" content=\"summary_large_image\" \/>\n<meta name=\"twitter:creator\" content=\"@eldiario_net\" \/>\n<meta name=\"twitter:site\" content=\"@eldiario_net\" \/>\n<meta name=\"twitter:label1\" content=\"Escrito por\" \/>\n\t<meta name=\"twitter:data1\" content=\"Jeanette\" \/>\n\t<meta name=\"twitter:label2\" content=\"Tiempo de lectura\" \/>\n\t<meta name=\"twitter:data2\" content=\"4 minutos\" \/>\n<script type=\"application\/ld+json\" class=\"yoast-schema-graph\">{\"@context\":\"https:\\\/\\\/schema.org\",\"@graph\":[{\"@type\":\"Article\",\"@id\":\"https:\\\/\\\/www.eldiario.net\\\/portal\\\/2025\\\/04\\\/26\\\/proponen-educar-para-prevenir-violencia-y-embarazo-adolescente\\\/#article\",\"isPartOf\":{\"@id\":\"https:\\\/\\\/www.eldiario.net\\\/portal\\\/2025\\\/04\\\/26\\\/proponen-educar-para-prevenir-violencia-y-embarazo-adolescente\\\/\"},\"author\":{\"name\":\"Jeanette\",\"@id\":\"https:\\\/\\\/www.eldiario.net\\\/portal\\\/#\\\/schema\\\/person\\\/2c57cf2b7a7ae032e449e4c9b1019eac\"},\"headline\":\"Proponen \u201ceducar para prevenir\u201d violencia y embarazo adolescente\",\"datePublished\":\"2025-04-26T11:12:18+00:00\",\"mainEntityOfPage\":{\"@id\":\"https:\\\/\\\/www.eldiario.net\\\/portal\\\/2025\\\/04\\\/26\\\/proponen-educar-para-prevenir-violencia-y-embarazo-adolescente\\\/\"},\"wordCount\":666,\"publisher\":{\"@id\":\"https:\\\/\\\/www.eldiario.net\\\/portal\\\/#organization\"},\"image\":{\"@id\":\"https:\\\/\\\/www.eldiario.net\\\/portal\\\/2025\\\/04\\\/26\\\/proponen-educar-para-prevenir-violencia-y-embarazo-adolescente\\\/#primaryimage\"},\"thumbnailUrl\":\"https:\\\/\\\/www.eldiario.net\\\/portal\\\/wp-content\\\/uploads\\\/2025\\\/04\\\/F-2-educar.jpg\",\"articleSection\":[\"Nacional\"],\"inLanguage\":\"es\"},{\"@type\":\"WebPage\",\"@id\":\"https:\\\/\\\/www.eldiario.net\\\/portal\\\/2025\\\/04\\\/26\\\/proponen-educar-para-prevenir-violencia-y-embarazo-adolescente\\\/\",\"url\":\"https:\\\/\\\/www.eldiario.net\\\/portal\\\/2025\\\/04\\\/26\\\/proponen-educar-para-prevenir-violencia-y-embarazo-adolescente\\\/\",\"name\":\"Proponen \u201ceducar para prevenir\u201d violencia y embarazo adolescente - El Diario - Bolivia\",\"isPartOf\":{\"@id\":\"https:\\\/\\\/www.eldiario.net\\\/portal\\\/#website\"},\"primaryImageOfPage\":{\"@id\":\"https:\\\/\\\/www.eldiario.net\\\/portal\\\/2025\\\/04\\\/26\\\/proponen-educar-para-prevenir-violencia-y-embarazo-adolescente\\\/#primaryimage\"},\"image\":{\"@id\":\"https:\\\/\\\/www.eldiario.net\\\/portal\\\/2025\\\/04\\\/26\\\/proponen-educar-para-prevenir-violencia-y-embarazo-adolescente\\\/#primaryimage\"},\"thumbnailUrl\":\"https:\\\/\\\/www.eldiario.net\\\/portal\\\/wp-content\\\/uploads\\\/2025\\\/04\\\/F-2-educar.jpg\",\"datePublished\":\"2025-04-26T11:12:18+00:00\",\"breadcrumb\":{\"@id\":\"https:\\\/\\\/www.eldiario.net\\\/portal\\\/2025\\\/04\\\/26\\\/proponen-educar-para-prevenir-violencia-y-embarazo-adolescente\\\/#breadcrumb\"},\"inLanguage\":\"es\",\"potentialAction\":[{\"@type\":\"ReadAction\",\"target\":[\"https:\\\/\\\/www.eldiario.net\\\/portal\\\/2025\\\/04\\\/26\\\/proponen-educar-para-prevenir-violencia-y-embarazo-adolescente\\\/\"]}]},{\"@type\":\"ImageObject\",\"inLanguage\":\"es\",\"@id\":\"https:\\\/\\\/www.eldiario.net\\\/portal\\\/2025\\\/04\\\/26\\\/proponen-educar-para-prevenir-violencia-y-embarazo-adolescente\\\/#primaryimage\",\"url\":\"https:\\\/\\\/www.eldiario.net\\\/portal\\\/wp-content\\\/uploads\\\/2025\\\/04\\\/F-2-educar.jpg\",\"contentUrl\":\"https:\\\/\\\/www.eldiario.net\\\/portal\\\/wp-content\\\/uploads\\\/2025\\\/04\\\/F-2-educar.jpg\",\"width\":1200,\"height\":800,\"caption\":\"Durante la presentaci\u00f3n del Proyecto de Ley N\u00b0 144.\"},{\"@type\":\"BreadcrumbList\",\"@id\":\"https:\\\/\\\/www.eldiario.net\\\/portal\\\/2025\\\/04\\\/26\\\/proponen-educar-para-prevenir-violencia-y-embarazo-adolescente\\\/#breadcrumb\",\"itemListElement\":[{\"@type\":\"ListItem\",\"position\":1,\"name\":\"Portada\",\"item\":\"https:\\\/\\\/www.eldiario.net\\\/portal\\\/\"},{\"@type\":\"ListItem\",\"position\":2,\"name\":\"Proponen \u201ceducar para prevenir\u201d violencia y embarazo adolescente\"}]},{\"@type\":\"WebSite\",\"@id\":\"https:\\\/\\\/www.eldiario.net\\\/portal\\\/#website\",\"url\":\"https:\\\/\\\/www.eldiario.net\\\/portal\\\/\",\"name\":\"El Diario - Decano de la prensa nacional\",\"description\":\"El Diario - Decano de la prensa nacional\",\"publisher\":{\"@id\":\"https:\\\/\\\/www.eldiario.net\\\/portal\\\/#organization\"},\"potentialAction\":[{\"@type\":\"SearchAction\",\"target\":{\"@type\":\"EntryPoint\",\"urlTemplate\":\"https:\\\/\\\/www.eldiario.net\\\/portal\\\/?s={search_term_string}\"},\"query-input\":{\"@type\":\"PropertyValueSpecification\",\"valueRequired\":true,\"valueName\":\"search_term_string\"}}],\"inLanguage\":\"es\"},{\"@type\":\"Organization\",\"@id\":\"https:\\\/\\\/www.eldiario.net\\\/portal\\\/#organization\",\"name\":\"El Diario - Decano de la prensa nacional\",\"url\":\"https:\\\/\\\/www.eldiario.net\\\/portal\\\/\",\"logo\":{\"@type\":\"ImageObject\",\"inLanguage\":\"es\",\"@id\":\"https:\\\/\\\/www.eldiario.net\\\/portal\\\/#\\\/schema\\\/logo\\\/image\\\/\",\"url\":\"https:\\\/\\\/www.eldiario.net\\\/portal\\\/wp-content\\\/uploads\\\/2023\\\/07\\\/logo_ED.jpg\",\"contentUrl\":\"https:\\\/\\\/www.eldiario.net\\\/portal\\\/wp-content\\\/uploads\\\/2023\\\/07\\\/logo_ED.jpg\",\"width\":272,\"height\":52,\"caption\":\"El Diario - Decano de la prensa nacional\"},\"image\":{\"@id\":\"https:\\\/\\\/www.eldiario.net\\\/portal\\\/#\\\/schema\\\/logo\\\/image\\\/\"},\"sameAs\":[\"https:\\\/\\\/www.facebook.com\\\/eldiario.bolivia\\\/\",\"https:\\\/\\\/x.com\\\/eldiario_net\"]},{\"@type\":\"Person\",\"@id\":\"https:\\\/\\\/www.eldiario.net\\\/portal\\\/#\\\/schema\\\/person\\\/2c57cf2b7a7ae032e449e4c9b1019eac\",\"name\":\"Jeanette\",\"image\":{\"@type\":\"ImageObject\",\"inLanguage\":\"es\",\"@id\":\"https:\\\/\\\/secure.gravatar.com\\\/avatar\\\/3ea2118a5f7dad2b7138b1187a6b7ee55f160b9968b66013c3a3ef39dd7e5798?s=96&d=mm&r=g\",\"url\":\"https:\\\/\\\/secure.gravatar.com\\\/avatar\\\/3ea2118a5f7dad2b7138b1187a6b7ee55f160b9968b66013c3a3ef39dd7e5798?s=96&d=mm&r=g\",\"contentUrl\":\"https:\\\/\\\/secure.gravatar.com\\\/avatar\\\/3ea2118a5f7dad2b7138b1187a6b7ee55f160b9968b66013c3a3ef39dd7e5798?s=96&d=mm&r=g\",\"caption\":\"Jeanette\"},\"sameAs\":[\"https:\\\/\\\/www.eldiario.net\\\/portal\"],\"url\":\"https:\\\/\\\/www.eldiario.net\\\/portal\\\/author\\\/jeanette\\\/\"}]}<\/script>\n<!-- \/ Yoast SEO plugin. -->","yoast_head_json":{"title":"Proponen \u201ceducar para prevenir\u201d violencia y embarazo adolescente - El Diario - Bolivia","robots":{"index":"index","follow":"follow","max-snippet":"max-snippet:-1","max-image-preview":"max-image-preview:large","max-video-preview":"max-video-preview:-1"},"canonical":"https:\/\/www.eldiario.net\/portal\/2025\/04\/26\/proponen-educar-para-prevenir-violencia-y-embarazo-adolescente\/","og_locale":"es_ES","og_type":"article","og_title":"Proponen \u201ceducar para prevenir\u201d violencia y embarazo adolescente - El Diario - Bolivia","og_description":"En un pa\u00eds donde casi la mitad de los adolescentes vive en situaci\u00f3n de pobreza y m\u00e1s del 11% de las adolescentes de entre 15 y 19 a\u00f1os ya es madre o ha estado embarazada, el desaf\u00edo de garantizar una adolescencia digna y libre de violencia se vuelve urgente. En este contexto, el Proyecto de [&hellip;]","og_url":"https:\/\/www.eldiario.net\/portal\/2025\/04\/26\/proponen-educar-para-prevenir-violencia-y-embarazo-adolescente\/","og_site_name":"El Diario - Bolivia","article_publisher":"https:\/\/www.facebook.com\/eldiario.bolivia\/","article_published_time":"2025-04-26T11:12:18+00:00","og_image":[{"width":1200,"height":800,"url":"https:\/\/www.eldiario.net\/portal\/wp-content\/uploads\/2025\/04\/F-2-educar.jpg","type":"image\/jpeg"}],"author":"Jeanette","twitter_card":"summary_large_image","twitter_creator":"@eldiario_net","twitter_site":"@eldiario_net","twitter_misc":{"Escrito por":"Jeanette","Tiempo de lectura":"4 minutos"},"schema":{"@context":"https:\/\/schema.org","@graph":[{"@type":"Article","@id":"https:\/\/www.eldiario.net\/portal\/2025\/04\/26\/proponen-educar-para-prevenir-violencia-y-embarazo-adolescente\/#article","isPartOf":{"@id":"https:\/\/www.eldiario.net\/portal\/2025\/04\/26\/proponen-educar-para-prevenir-violencia-y-embarazo-adolescente\/"},"author":{"name":"Jeanette","@id":"https:\/\/www.eldiario.net\/portal\/#\/schema\/person\/2c57cf2b7a7ae032e449e4c9b1019eac"},"headline":"Proponen \u201ceducar para prevenir\u201d violencia y embarazo adolescente","datePublished":"2025-04-26T11:12:18+00:00","mainEntityOfPage":{"@id":"https:\/\/www.eldiario.net\/portal\/2025\/04\/26\/proponen-educar-para-prevenir-violencia-y-embarazo-adolescente\/"},"wordCount":666,"publisher":{"@id":"https:\/\/www.eldiario.net\/portal\/#organization"},"image":{"@id":"https:\/\/www.eldiario.net\/portal\/2025\/04\/26\/proponen-educar-para-prevenir-violencia-y-embarazo-adolescente\/#primaryimage"},"thumbnailUrl":"https:\/\/www.eldiario.net\/portal\/wp-content\/uploads\/2025\/04\/F-2-educar.jpg","articleSection":["Nacional"],"inLanguage":"es"},{"@type":"WebPage","@id":"https:\/\/www.eldiario.net\/portal\/2025\/04\/26\/proponen-educar-para-prevenir-violencia-y-embarazo-adolescente\/","url":"https:\/\/www.eldiario.net\/portal\/2025\/04\/26\/proponen-educar-para-prevenir-violencia-y-embarazo-adolescente\/","name":"Proponen \u201ceducar para prevenir\u201d violencia y embarazo adolescente - El Diario - Bolivia","isPartOf":{"@id":"https:\/\/www.eldiario.net\/portal\/#website"},"primaryImageOfPage":{"@id":"https:\/\/www.eldiario.net\/portal\/2025\/04\/26\/proponen-educar-para-prevenir-violencia-y-embarazo-adolescente\/#primaryimage"},"image":{"@id":"https:\/\/www.eldiario.net\/portal\/2025\/04\/26\/proponen-educar-para-prevenir-violencia-y-embarazo-adolescente\/#primaryimage"},"thumbnailUrl":"https:\/\/www.eldiario.net\/portal\/wp-content\/uploads\/2025\/04\/F-2-educar.jpg","datePublished":"2025-04-26T11:12:18+00:00","breadcrumb":{"@id":"https:\/\/www.eldiario.net\/portal\/2025\/04\/26\/proponen-educar-para-prevenir-violencia-y-embarazo-adolescente\/#breadcrumb"},"inLanguage":"es","potentialAction":[{"@type":"ReadAction","target":["https:\/\/www.eldiario.net\/portal\/2025\/04\/26\/proponen-educar-para-prevenir-violencia-y-embarazo-adolescente\/"]}]},{"@type":"ImageObject","inLanguage":"es","@id":"https:\/\/www.eldiario.net\/portal\/2025\/04\/26\/proponen-educar-para-prevenir-violencia-y-embarazo-adolescente\/#primaryimage","url":"https:\/\/www.eldiario.net\/portal\/wp-content\/uploads\/2025\/04\/F-2-educar.jpg","contentUrl":"https:\/\/www.eldiario.net\/portal\/wp-content\/uploads\/2025\/04\/F-2-educar.jpg","width":1200,"height":800,"caption":"Durante la presentaci\u00f3n del Proyecto de Ley N\u00b0 144."},{"@type":"BreadcrumbList","@id":"https:\/\/www.eldiario.net\/portal\/2025\/04\/26\/proponen-educar-para-prevenir-violencia-y-embarazo-adolescente\/#breadcrumb","itemListElement":[{"@type":"ListItem","position":1,"name":"Portada","item":"https:\/\/www.eldiario.net\/portal\/"},{"@type":"ListItem","position":2,"name":"Proponen \u201ceducar para prevenir\u201d violencia y embarazo adolescente"}]},{"@type":"WebSite","@id":"https:\/\/www.eldiario.net\/portal\/#website","url":"https:\/\/www.eldiario.net\/portal\/","name":"El Diario - Decano de la prensa nacional","description":"El Diario - Decano de la prensa nacional","publisher":{"@id":"https:\/\/www.eldiario.net\/portal\/#organization"},"potentialAction":[{"@type":"SearchAction","target":{"@type":"EntryPoint","urlTemplate":"https:\/\/www.eldiario.net\/portal\/?s={search_term_string}"},"query-input":{"@type":"PropertyValueSpecification","valueRequired":true,"valueName":"search_term_string"}}],"inLanguage":"es"},{"@type":"Organization","@id":"https:\/\/www.eldiario.net\/portal\/#organization","name":"El Diario - Decano de la prensa nacional","url":"https:\/\/www.eldiario.net\/portal\/","logo":{"@type":"ImageObject","inLanguage":"es","@id":"https:\/\/www.eldiario.net\/portal\/#\/schema\/logo\/image\/","url":"https:\/\/www.eldiario.net\/portal\/wp-content\/uploads\/2023\/07\/logo_ED.jpg","contentUrl":"https:\/\/www.eldiario.net\/portal\/wp-content\/uploads\/2023\/07\/logo_ED.jpg","width":272,"height":52,"caption":"El Diario - Decano de la prensa nacional"},"image":{"@id":"https:\/\/www.eldiario.net\/portal\/#\/schema\/logo\/image\/"},"sameAs":["https:\/\/www.facebook.com\/eldiario.bolivia\/","https:\/\/x.com\/eldiario_net"]},{"@type":"Person","@id":"https:\/\/www.eldiario.net\/portal\/#\/schema\/person\/2c57cf2b7a7ae032e449e4c9b1019eac","name":"Jeanette","image":{"@type":"ImageObject","inLanguage":"es","@id":"https:\/\/secure.gravatar.com\/avatar\/3ea2118a5f7dad2b7138b1187a6b7ee55f160b9968b66013c3a3ef39dd7e5798?s=96&d=mm&r=g","url":"https:\/\/secure.gravatar.com\/avatar\/3ea2118a5f7dad2b7138b1187a6b7ee55f160b9968b66013c3a3ef39dd7e5798?s=96&d=mm&r=g","contentUrl":"https:\/\/secure.gravatar.com\/avatar\/3ea2118a5f7dad2b7138b1187a6b7ee55f160b9968b66013c3a3ef39dd7e5798?s=96&d=mm&r=g","caption":"Jeanette"},"sameAs":["https:\/\/www.eldiario.net\/portal"],"url":"https:\/\/www.eldiario.net\/portal\/author\/jeanette\/"}]}},"_links":{"self":[{"href":"https:\/\/www.eldiario.net\/portal\/wp-json\/wp\/v2\/posts\/298025","targetHints":{"allow":["GET"]}}],"collection":[{"href":"https:\/\/www.eldiario.net\/portal\/wp-json\/wp\/v2\/posts"}],"about":[{"href":"https:\/\/www.eldiario.net\/portal\/wp-json\/wp\/v2\/types\/post"}],"author":[{"embeddable":true,"href":"https:\/\/www.eldiario.net\/portal\/wp-json\/wp\/v2\/users\/1"}],"replies":[{"embeddable":true,"href":"https:\/\/www.eldiario.net\/portal\/wp-json\/wp\/v2\/comments?post=298025"}],"version-history":[{"count":1,"href":"https:\/\/www.eldiario.net\/portal\/wp-json\/wp\/v2\/posts\/298025\/revisions"}],"predecessor-version":[{"id":298027,"href":"https:\/\/www.eldiario.net\/portal\/wp-json\/wp\/v2\/posts\/298025\/revisions\/298027"}],"wp:featuredmedia":[{"embeddable":true,"href":"https:\/\/www.eldiario.net\/portal\/wp-json\/wp\/v2\/media\/298026"}],"wp:attachment":[{"href":"https:\/\/www.eldiario.net\/portal\/wp-json\/wp\/v2\/media?parent=298025"}],"wp:term":[{"taxonomy":"category","embeddable":true,"href":"https:\/\/www.eldiario.net\/portal\/wp-json\/wp\/v2\/categories?post=298025"},{"taxonomy":"post_tag","embeddable":true,"href":"https:\/\/www.eldiario.net\/portal\/wp-json\/wp\/v2\/tags?post=298025"}],"curies":[{"name":"wp","href":"https:\/\/api.w.org\/{rel}","templated":true}]}}