{"id":297994,"date":"2025-04-26T07:00:05","date_gmt":"2025-04-26T11:00:05","guid":{"rendered":"https:\/\/www.eldiario.net\/portal\/?p=297994"},"modified":"2025-04-26T07:04:37","modified_gmt":"2025-04-26T11:04:37","slug":"buscan-a-colombiano-profugo-vinculado-a-atracos-armados","status":"publish","type":"post","link":"https:\/\/www.eldiario.net\/portal\/2025\/04\/26\/buscan-a-colombiano-profugo-vinculado-a-atracos-armados\/","title":{"rendered":"Buscan a colombiano pr\u00f3fugo vinculado a atracos armados"},"content":{"rendered":"<p>Su nombre es Leonardo R. C., un sujeto de nacionalidad colombiana considerado de alta peligrosidad, cuyo paradero es investigado por la Polic\u00eda tras salir de la c\u00e1rcel de Palmasola y darse a la fuga, pese a estar vinculado con numerosos atracos millonarios y asesinatos a mano armada.<\/p>\n<p>Seg\u00fan las investigaciones, el colombiano y sus c\u00f3mplices sustrajeron casi tres millones de bolivianos en violentos atracos, entre los cuales asesinaron a un agr\u00f3nomo que intentaba evitar el robo de m\u00e1s de $us 150.000 en una mochila.<\/p>\n<p>Se lo vincula tambi\u00e9n con otro hecho ocurrido a finales de 2022, cuando un adulto mayor fue disparado en el rostro durante el robo de medio mill\u00f3n de bolivianos a un empresario. En otro hecho que lo involucra, un transportista en Santa Cruz sufri\u00f3 el robo de m\u00e1s de Bs 30.000 en pleno centro de la capital cruce\u00f1a.<\/p>\n<p>Tras la liberaci\u00f3n del sindicado en v\u00edsperas del inicio de su juicio, el \u00d3rgano Judicial inform\u00f3 que se revisar\u00e1 documentaci\u00f3n relacionada al caso para verificar los motivos por los que se benefici\u00f3 con medidas sustitutivas a un individuo con semejante nivel de peligrosidad, permitiendo que luego burle a la Justicia.<\/p>\n<p>El Tribunal Supremo de Justicia (TSJ) manifest\u00f3 que se aguarda una valoraci\u00f3n de la Unidad de Transparencia para dar seguimiento al caso, aunque no se precis\u00f3 si los jueces o vocales responsables ser\u00e1n suspendidos. La Polic\u00eda, por su lado, anunci\u00f3 que redobla esfuerzos en sus operativos para poder recapturarlo.<\/p>\n<p>\u201cHan requerido la\u00a0informaci\u00f3n correspondiente a todos los jueces y vocales que han tenido alguna participaci\u00f3n en este tema; vamos a esperar que nos den los resultados de los informes que corresponden para tomar las acciones legales\u201d, se\u00f1al\u00f3 a Unitel el presidente del TSJ, Romer Saucedo.<\/p>\n<p>De acuerdo con las investigaciones, el extranjero guardaba detenci\u00f3n preventiva en la c\u00e1rcel de Palmasola, en Santa Cruz, cargando un amplio prontuario criminal a sus espaldas desde 2009: ocho asaltos armados y tres asesinatos.<\/p>\n","protected":false},"excerpt":{"rendered":"<p>Su nombre es Leonardo R. C., un sujeto de nacionalidad colombiana considerado de alta peligrosidad, cuyo paradero es investigado por la Polic\u00eda tras salir de la c\u00e1rcel de Palmasola y darse a la fuga, pese a estar vinculado con numerosos atracos millonarios y asesinatos a mano armada. Seg\u00fan las investigaciones, el colombiano y sus c\u00f3mplices [&hellip;]<\/p>\n","protected":false},"author":1,"featured_media":297995,"comment_status":"closed","ping_status":"open","sticky":false,"template":"","format":"standard","meta":{"_acf_changed":false,"footnotes":""},"categories":[39],"tags":[],"class_list":["post-297994","post","type-post","status-publish","format-standard","has-post-thumbnail","category-sociedad"],"acf":{"antetitulo":""},"yoast_head":"<!-- This site is optimized with the Yoast SEO plugin v28.3 - https:\/\/yoast.com\/product\/yoast-seo-wordpress\/ -->\n<title>Buscan a colombiano pr\u00f3fugo vinculado a atracos armados - El Diario - Bolivia<\/title>\n<meta name=\"robots\" content=\"index, follow, max-snippet:-1, max-image-preview:large, max-video-preview:-1\" \/>\n<link rel=\"canonical\" href=\"https:\/\/www.eldiario.net\/portal\/2025\/04\/26\/buscan-a-colombiano-profugo-vinculado-a-atracos-armados\/\" \/>\n<meta property=\"og:locale\" content=\"es_ES\" \/>\n<meta property=\"og:type\" content=\"article\" \/>\n<meta property=\"og:title\" content=\"Buscan a colombiano pr\u00f3fugo vinculado a atracos armados - El Diario - Bolivia\" \/>\n<meta property=\"og:description\" content=\"Su nombre es Leonardo R. C., un sujeto de nacionalidad colombiana considerado de alta peligrosidad, cuyo paradero es investigado por la Polic\u00eda tras salir de la c\u00e1rcel de Palmasola y darse a la fuga, pese a estar vinculado con numerosos atracos millonarios y asesinatos a mano armada. Seg\u00fan las investigaciones, el colombiano y sus c\u00f3mplices [&hellip;]\" \/>\n<meta property=\"og:url\" content=\"https:\/\/www.eldiario.net\/portal\/2025\/04\/26\/buscan-a-colombiano-profugo-vinculado-a-atracos-armados\/\" \/>\n<meta property=\"og:site_name\" content=\"El Diario - Bolivia\" \/>\n<meta property=\"article:publisher\" content=\"https:\/\/www.facebook.com\/eldiario.bolivia\/\" \/>\n<meta property=\"article:published_time\" content=\"2025-04-26T11:00:05+00:00\" \/>\n<meta property=\"article:modified_time\" content=\"2025-04-26T11:04:37+00:00\" \/>\n<meta property=\"og:image\" content=\"https:\/\/www.eldiario.net\/portal\/wp-content\/uploads\/2025\/04\/26-PROFUGO.jpg\" \/>\n\t<meta property=\"og:image:width\" content=\"980\" \/>\n\t<meta property=\"og:image:height\" content=\"514\" \/>\n\t<meta property=\"og:image:type\" content=\"image\/jpeg\" \/>\n<meta name=\"author\" content=\"Jeanette\" \/>\n<meta name=\"twitter:card\" content=\"summary_large_image\" \/>\n<meta name=\"twitter:creator\" content=\"@eldiario_net\" \/>\n<meta name=\"twitter:site\" content=\"@eldiario_net\" \/>\n<meta name=\"twitter:label1\" content=\"Escrito por\" \/>\n\t<meta name=\"twitter:data1\" content=\"Jeanette\" \/>\n\t<meta name=\"twitter:label2\" content=\"Tiempo de lectura\" \/>\n\t<meta name=\"twitter:data2\" content=\"2 minutos\" \/>\n<script type=\"application\/ld+json\" class=\"yoast-schema-graph\">{\"@context\":\"https:\\\/\\\/schema.org\",\"@graph\":[{\"@type\":\"Article\",\"@id\":\"https:\\\/\\\/www.eldiario.net\\\/portal\\\/2025\\\/04\\\/26\\\/buscan-a-colombiano-profugo-vinculado-a-atracos-armados\\\/#article\",\"isPartOf\":{\"@id\":\"https:\\\/\\\/www.eldiario.net\\\/portal\\\/2025\\\/04\\\/26\\\/buscan-a-colombiano-profugo-vinculado-a-atracos-armados\\\/\"},\"author\":{\"name\":\"Jeanette\",\"@id\":\"https:\\\/\\\/www.eldiario.net\\\/portal\\\/#\\\/schema\\\/person\\\/f46445640444750d7d753ccd04ae01b7\"},\"headline\":\"Buscan a colombiano pr\u00f3fugo vinculado a atracos armados\",\"datePublished\":\"2025-04-26T11:00:05+00:00\",\"dateModified\":\"2025-04-26T11:04:37+00:00\",\"mainEntityOfPage\":{\"@id\":\"https:\\\/\\\/www.eldiario.net\\\/portal\\\/2025\\\/04\\\/26\\\/buscan-a-colombiano-profugo-vinculado-a-atracos-armados\\\/\"},\"wordCount\":347,\"publisher\":{\"@id\":\"https:\\\/\\\/www.eldiario.net\\\/portal\\\/#organization\"},\"image\":{\"@id\":\"https:\\\/\\\/www.eldiario.net\\\/portal\\\/2025\\\/04\\\/26\\\/buscan-a-colombiano-profugo-vinculado-a-atracos-armados\\\/#primaryimage\"},\"thumbnailUrl\":\"https:\\\/\\\/www.eldiario.net\\\/portal\\\/wp-content\\\/uploads\\\/2025\\\/04\\\/26-PROFUGO.jpg\",\"articleSection\":[\"Sociedad - Seguridad\"],\"inLanguage\":\"es\"},{\"@type\":\"WebPage\",\"@id\":\"https:\\\/\\\/www.eldiario.net\\\/portal\\\/2025\\\/04\\\/26\\\/buscan-a-colombiano-profugo-vinculado-a-atracos-armados\\\/\",\"url\":\"https:\\\/\\\/www.eldiario.net\\\/portal\\\/2025\\\/04\\\/26\\\/buscan-a-colombiano-profugo-vinculado-a-atracos-armados\\\/\",\"name\":\"Buscan a colombiano pr\u00f3fugo vinculado a atracos armados - El Diario - Bolivia\",\"isPartOf\":{\"@id\":\"https:\\\/\\\/www.eldiario.net\\\/portal\\\/#website\"},\"primaryImageOfPage\":{\"@id\":\"https:\\\/\\\/www.eldiario.net\\\/portal\\\/2025\\\/04\\\/26\\\/buscan-a-colombiano-profugo-vinculado-a-atracos-armados\\\/#primaryimage\"},\"image\":{\"@id\":\"https:\\\/\\\/www.eldiario.net\\\/portal\\\/2025\\\/04\\\/26\\\/buscan-a-colombiano-profugo-vinculado-a-atracos-armados\\\/#primaryimage\"},\"thumbnailUrl\":\"https:\\\/\\\/www.eldiario.net\\\/portal\\\/wp-content\\\/uploads\\\/2025\\\/04\\\/26-PROFUGO.jpg\",\"datePublished\":\"2025-04-26T11:00:05+00:00\",\"dateModified\":\"2025-04-26T11:04:37+00:00\",\"breadcrumb\":{\"@id\":\"https:\\\/\\\/www.eldiario.net\\\/portal\\\/2025\\\/04\\\/26\\\/buscan-a-colombiano-profugo-vinculado-a-atracos-armados\\\/#breadcrumb\"},\"inLanguage\":\"es\",\"potentialAction\":[{\"@type\":\"ReadAction\",\"target\":[\"https:\\\/\\\/www.eldiario.net\\\/portal\\\/2025\\\/04\\\/26\\\/buscan-a-colombiano-profugo-vinculado-a-atracos-armados\\\/\"]}]},{\"@type\":\"ImageObject\",\"inLanguage\":\"es\",\"@id\":\"https:\\\/\\\/www.eldiario.net\\\/portal\\\/2025\\\/04\\\/26\\\/buscan-a-colombiano-profugo-vinculado-a-atracos-armados\\\/#primaryimage\",\"url\":\"https:\\\/\\\/www.eldiario.net\\\/portal\\\/wp-content\\\/uploads\\\/2025\\\/04\\\/26-PROFUGO.jpg\",\"contentUrl\":\"https:\\\/\\\/www.eldiario.net\\\/portal\\\/wp-content\\\/uploads\\\/2025\\\/04\\\/26-PROFUGO.jpg\",\"width\":980,\"height\":514,\"caption\":\"El delincuente es considerado altamente peligroso. Cr\u00e9ditos: Captura RRSS\"},{\"@type\":\"BreadcrumbList\",\"@id\":\"https:\\\/\\\/www.eldiario.net\\\/portal\\\/2025\\\/04\\\/26\\\/buscan-a-colombiano-profugo-vinculado-a-atracos-armados\\\/#breadcrumb\",\"itemListElement\":[{\"@type\":\"ListItem\",\"position\":1,\"name\":\"Portada\",\"item\":\"https:\\\/\\\/www.eldiario.net\\\/portal\\\/\"},{\"@type\":\"ListItem\",\"position\":2,\"name\":\"Buscan a colombiano pr\u00f3fugo vinculado a atracos armados\"}]},{\"@type\":\"WebSite\",\"@id\":\"https:\\\/\\\/www.eldiario.net\\\/portal\\\/#website\",\"url\":\"https:\\\/\\\/www.eldiario.net\\\/portal\\\/\",\"name\":\"El Diario - Decano de la prensa nacional\",\"description\":\"El Diario - Decano de la prensa nacional\",\"publisher\":{\"@id\":\"https:\\\/\\\/www.eldiario.net\\\/portal\\\/#organization\"},\"potentialAction\":[{\"@type\":\"SearchAction\",\"target\":{\"@type\":\"EntryPoint\",\"urlTemplate\":\"https:\\\/\\\/www.eldiario.net\\\/portal\\\/?s={search_term_string}\"},\"query-input\":{\"@type\":\"PropertyValueSpecification\",\"valueRequired\":true,\"valueName\":\"search_term_string\"}}],\"inLanguage\":\"es\"},{\"@type\":\"Organization\",\"@id\":\"https:\\\/\\\/www.eldiario.net\\\/portal\\\/#organization\",\"name\":\"El Diario - Decano de la prensa nacional\",\"url\":\"https:\\\/\\\/www.eldiario.net\\\/portal\\\/\",\"logo\":{\"@type\":\"ImageObject\",\"inLanguage\":\"es\",\"@id\":\"https:\\\/\\\/www.eldiario.net\\\/portal\\\/#\\\/schema\\\/logo\\\/image\\\/\",\"url\":\"https:\\\/\\\/www.eldiario.net\\\/portal\\\/wp-content\\\/uploads\\\/2023\\\/07\\\/logo_ED.jpg\",\"contentUrl\":\"https:\\\/\\\/www.eldiario.net\\\/portal\\\/wp-content\\\/uploads\\\/2023\\\/07\\\/logo_ED.jpg\",\"width\":272,\"height\":52,\"caption\":\"El Diario - Decano de la prensa nacional\"},\"image\":{\"@id\":\"https:\\\/\\\/www.eldiario.net\\\/portal\\\/#\\\/schema\\\/logo\\\/image\\\/\"},\"sameAs\":[\"https:\\\/\\\/www.facebook.com\\\/eldiario.bolivia\\\/\",\"https:\\\/\\\/x.com\\\/eldiario_net\"]},{\"@type\":\"Person\",\"@id\":\"https:\\\/\\\/www.eldiario.net\\\/portal\\\/#\\\/schema\\\/person\\\/f46445640444750d7d753ccd04ae01b7\",\"name\":\"Jeanette\",\"image\":{\"@type\":\"ImageObject\",\"inLanguage\":\"es\",\"@id\":\"https:\\\/\\\/secure.gravatar.com\\\/avatar\\\/3ea2118a5f7dad2b7138b1187a6b7ee55f160b9968b66013c3a3ef39dd7e5798?s=96&d=mm&r=g\",\"url\":\"https:\\\/\\\/secure.gravatar.com\\\/avatar\\\/3ea2118a5f7dad2b7138b1187a6b7ee55f160b9968b66013c3a3ef39dd7e5798?s=96&d=mm&r=g\",\"contentUrl\":\"https:\\\/\\\/secure.gravatar.com\\\/avatar\\\/3ea2118a5f7dad2b7138b1187a6b7ee55f160b9968b66013c3a3ef39dd7e5798?s=96&d=mm&r=g\",\"caption\":\"Jeanette\"},\"sameAs\":[\"https:\\\/\\\/www.eldiario.net\\\/portal\"],\"url\":\"https:\\\/\\\/www.eldiario.net\\\/portal\\\/author\\\/jeanette\\\/\"}]}<\/script>\n<!-- \/ Yoast SEO plugin. -->","yoast_head_json":{"title":"Buscan a colombiano pr\u00f3fugo vinculado a atracos armados - El Diario - Bolivia","robots":{"index":"index","follow":"follow","max-snippet":"max-snippet:-1","max-image-preview":"max-image-preview:large","max-video-preview":"max-video-preview:-1"},"canonical":"https:\/\/www.eldiario.net\/portal\/2025\/04\/26\/buscan-a-colombiano-profugo-vinculado-a-atracos-armados\/","og_locale":"es_ES","og_type":"article","og_title":"Buscan a colombiano pr\u00f3fugo vinculado a atracos armados - El Diario - Bolivia","og_description":"Su nombre es Leonardo R. C., un sujeto de nacionalidad colombiana considerado de alta peligrosidad, cuyo paradero es investigado por la Polic\u00eda tras salir de la c\u00e1rcel de Palmasola y darse a la fuga, pese a estar vinculado con numerosos atracos millonarios y asesinatos a mano armada. Seg\u00fan las investigaciones, el colombiano y sus c\u00f3mplices [&hellip;]","og_url":"https:\/\/www.eldiario.net\/portal\/2025\/04\/26\/buscan-a-colombiano-profugo-vinculado-a-atracos-armados\/","og_site_name":"El Diario - Bolivia","article_publisher":"https:\/\/www.facebook.com\/eldiario.bolivia\/","article_published_time":"2025-04-26T11:00:05+00:00","article_modified_time":"2025-04-26T11:04:37+00:00","og_image":[{"width":980,"height":514,"url":"https:\/\/www.eldiario.net\/portal\/wp-content\/uploads\/2025\/04\/26-PROFUGO.jpg","type":"image\/jpeg"}],"author":"Jeanette","twitter_card":"summary_large_image","twitter_creator":"@eldiario_net","twitter_site":"@eldiario_net","twitter_misc":{"Escrito por":"Jeanette","Tiempo de lectura":"2 minutos"},"schema":{"@context":"https:\/\/schema.org","@graph":[{"@type":"Article","@id":"https:\/\/www.eldiario.net\/portal\/2025\/04\/26\/buscan-a-colombiano-profugo-vinculado-a-atracos-armados\/#article","isPartOf":{"@id":"https:\/\/www.eldiario.net\/portal\/2025\/04\/26\/buscan-a-colombiano-profugo-vinculado-a-atracos-armados\/"},"author":{"name":"Jeanette","@id":"https:\/\/www.eldiario.net\/portal\/#\/schema\/person\/f46445640444750d7d753ccd04ae01b7"},"headline":"Buscan a colombiano pr\u00f3fugo vinculado a atracos armados","datePublished":"2025-04-26T11:00:05+00:00","dateModified":"2025-04-26T11:04:37+00:00","mainEntityOfPage":{"@id":"https:\/\/www.eldiario.net\/portal\/2025\/04\/26\/buscan-a-colombiano-profugo-vinculado-a-atracos-armados\/"},"wordCount":347,"publisher":{"@id":"https:\/\/www.eldiario.net\/portal\/#organization"},"image":{"@id":"https:\/\/www.eldiario.net\/portal\/2025\/04\/26\/buscan-a-colombiano-profugo-vinculado-a-atracos-armados\/#primaryimage"},"thumbnailUrl":"https:\/\/www.eldiario.net\/portal\/wp-content\/uploads\/2025\/04\/26-PROFUGO.jpg","articleSection":["Sociedad - Seguridad"],"inLanguage":"es"},{"@type":"WebPage","@id":"https:\/\/www.eldiario.net\/portal\/2025\/04\/26\/buscan-a-colombiano-profugo-vinculado-a-atracos-armados\/","url":"https:\/\/www.eldiario.net\/portal\/2025\/04\/26\/buscan-a-colombiano-profugo-vinculado-a-atracos-armados\/","name":"Buscan a colombiano pr\u00f3fugo vinculado a atracos armados - El Diario - Bolivia","isPartOf":{"@id":"https:\/\/www.eldiario.net\/portal\/#website"},"primaryImageOfPage":{"@id":"https:\/\/www.eldiario.net\/portal\/2025\/04\/26\/buscan-a-colombiano-profugo-vinculado-a-atracos-armados\/#primaryimage"},"image":{"@id":"https:\/\/www.eldiario.net\/portal\/2025\/04\/26\/buscan-a-colombiano-profugo-vinculado-a-atracos-armados\/#primaryimage"},"thumbnailUrl":"https:\/\/www.eldiario.net\/portal\/wp-content\/uploads\/2025\/04\/26-PROFUGO.jpg","datePublished":"2025-04-26T11:00:05+00:00","dateModified":"2025-04-26T11:04:37+00:00","breadcrumb":{"@id":"https:\/\/www.eldiario.net\/portal\/2025\/04\/26\/buscan-a-colombiano-profugo-vinculado-a-atracos-armados\/#breadcrumb"},"inLanguage":"es","potentialAction":[{"@type":"ReadAction","target":["https:\/\/www.eldiario.net\/portal\/2025\/04\/26\/buscan-a-colombiano-profugo-vinculado-a-atracos-armados\/"]}]},{"@type":"ImageObject","inLanguage":"es","@id":"https:\/\/www.eldiario.net\/portal\/2025\/04\/26\/buscan-a-colombiano-profugo-vinculado-a-atracos-armados\/#primaryimage","url":"https:\/\/www.eldiario.net\/portal\/wp-content\/uploads\/2025\/04\/26-PROFUGO.jpg","contentUrl":"https:\/\/www.eldiario.net\/portal\/wp-content\/uploads\/2025\/04\/26-PROFUGO.jpg","width":980,"height":514,"caption":"El delincuente es considerado altamente peligroso. Cr\u00e9ditos: Captura RRSS"},{"@type":"BreadcrumbList","@id":"https:\/\/www.eldiario.net\/portal\/2025\/04\/26\/buscan-a-colombiano-profugo-vinculado-a-atracos-armados\/#breadcrumb","itemListElement":[{"@type":"ListItem","position":1,"name":"Portada","item":"https:\/\/www.eldiario.net\/portal\/"},{"@type":"ListItem","position":2,"name":"Buscan a colombiano pr\u00f3fugo vinculado a atracos armados"}]},{"@type":"WebSite","@id":"https:\/\/www.eldiario.net\/portal\/#website","url":"https:\/\/www.eldiario.net\/portal\/","name":"El Diario - Decano de la prensa nacional","description":"El Diario - Decano de la prensa nacional","publisher":{"@id":"https:\/\/www.eldiario.net\/portal\/#organization"},"potentialAction":[{"@type":"SearchAction","target":{"@type":"EntryPoint","urlTemplate":"https:\/\/www.eldiario.net\/portal\/?s={search_term_string}"},"query-input":{"@type":"PropertyValueSpecification","valueRequired":true,"valueName":"search_term_string"}}],"inLanguage":"es"},{"@type":"Organization","@id":"https:\/\/www.eldiario.net\/portal\/#organization","name":"El Diario - Decano de la prensa nacional","url":"https:\/\/www.eldiario.net\/portal\/","logo":{"@type":"ImageObject","inLanguage":"es","@id":"https:\/\/www.eldiario.net\/portal\/#\/schema\/logo\/image\/","url":"https:\/\/www.eldiario.net\/portal\/wp-content\/uploads\/2023\/07\/logo_ED.jpg","contentUrl":"https:\/\/www.eldiario.net\/portal\/wp-content\/uploads\/2023\/07\/logo_ED.jpg","width":272,"height":52,"caption":"El Diario - Decano de la prensa nacional"},"image":{"@id":"https:\/\/www.eldiario.net\/portal\/#\/schema\/logo\/image\/"},"sameAs":["https:\/\/www.facebook.com\/eldiario.bolivia\/","https:\/\/x.com\/eldiario_net"]},{"@type":"Person","@id":"https:\/\/www.eldiario.net\/portal\/#\/schema\/person\/f46445640444750d7d753ccd04ae01b7","name":"Jeanette","image":{"@type":"ImageObject","inLanguage":"es","@id":"https:\/\/secure.gravatar.com\/avatar\/3ea2118a5f7dad2b7138b1187a6b7ee55f160b9968b66013c3a3ef39dd7e5798?s=96&d=mm&r=g","url":"https:\/\/secure.gravatar.com\/avatar\/3ea2118a5f7dad2b7138b1187a6b7ee55f160b9968b66013c3a3ef39dd7e5798?s=96&d=mm&r=g","contentUrl":"https:\/\/secure.gravatar.com\/avatar\/3ea2118a5f7dad2b7138b1187a6b7ee55f160b9968b66013c3a3ef39dd7e5798?s=96&d=mm&r=g","caption":"Jeanette"},"sameAs":["https:\/\/www.eldiario.net\/portal"],"url":"https:\/\/www.eldiario.net\/portal\/author\/jeanette\/"}]}},"_links":{"self":[{"href":"https:\/\/www.eldiario.net\/portal\/wp-json\/wp\/v2\/posts\/297994","targetHints":{"allow":["GET"]}}],"collection":[{"href":"https:\/\/www.eldiario.net\/portal\/wp-json\/wp\/v2\/posts"}],"about":[{"href":"https:\/\/www.eldiario.net\/portal\/wp-json\/wp\/v2\/types\/post"}],"author":[{"embeddable":true,"href":"https:\/\/www.eldiario.net\/portal\/wp-json\/wp\/v2\/users\/1"}],"replies":[{"embeddable":true,"href":"https:\/\/www.eldiario.net\/portal\/wp-json\/wp\/v2\/comments?post=297994"}],"version-history":[{"count":1,"href":"https:\/\/www.eldiario.net\/portal\/wp-json\/wp\/v2\/posts\/297994\/revisions"}],"predecessor-version":[{"id":297996,"href":"https:\/\/www.eldiario.net\/portal\/wp-json\/wp\/v2\/posts\/297994\/revisions\/297996"}],"wp:featuredmedia":[{"embeddable":true,"href":"https:\/\/www.eldiario.net\/portal\/wp-json\/wp\/v2\/media\/297995"}],"wp:attachment":[{"href":"https:\/\/www.eldiario.net\/portal\/wp-json\/wp\/v2\/media?parent=297994"}],"wp:term":[{"taxonomy":"category","embeddable":true,"href":"https:\/\/www.eldiario.net\/portal\/wp-json\/wp\/v2\/categories?post=297994"},{"taxonomy":"post_tag","embeddable":true,"href":"https:\/\/www.eldiario.net\/portal\/wp-json\/wp\/v2\/tags?post=297994"}],"curies":[{"name":"wp","href":"https:\/\/api.w.org\/{rel}","templated":true}]}}