{"id":297977,"date":"2025-04-26T06:59:13","date_gmt":"2025-04-26T10:59:13","guid":{"rendered":"https:\/\/www.eldiario.net\/portal\/?p=297977"},"modified":"2025-04-26T06:59:13","modified_gmt":"2025-04-26T10:59:13","slug":"gobierno-admite-que-no-podra-curar-el-rio-macha-pocoata","status":"publish","type":"post","link":"https:\/\/www.eldiario.net\/portal\/2025\/04\/26\/gobierno-admite-que-no-podra-curar-el-rio-macha-pocoata\/","title":{"rendered":"Gobierno admite que no podr\u00e1  \u201ccurar\u201d el r\u00edo Macha-Pocoata"},"content":{"rendered":"<p>Los regantes y defensores del r\u00edo Macha-Pocoata del norte de Potos\u00ed, tras una reuni\u00f3n con el Gobierno, informaron que t\u00e9cnicos y autoridades de Gobierno les pidieron disculpas, ya que no podr\u00e1n cumplir su promesa de \u201ccurar\u201d el r\u00edo contaminado por la miner\u00eda. Esta exigencia data desde hace 13 a\u00f1os, sin embargo, las soluciones contin\u00faan posterg\u00e1ndose.<br \/>\nAn\u00e1lisis de laboratorio realizados por el Estado confirmaron que las aguas del r\u00edo est\u00e1n \u201cfuertemente\u201d contaminadas, por lo que son inapropiadas para el consumo humano y el riego agr\u00edcola. A pesar de ello, las acciones efectivas son nulas.<br \/>\nEn el encuentro participaron el viceministro de Medio Ambiente, Franz \u00c1lvaro Quispe; t\u00e9cnicos de la Corporaci\u00f3n Minera de Bolivia (Comibol) y del Ministerio de Miner\u00eda -Jhoseline Campuzano Zapata, Carlos G\u00f3mez Vargas e Isabel Mac\u00edas Mamani-; el alcalde de Colquechaca, su asesor jur\u00eddico, representantes de la cooperativa minera Colquechaca; Felipe Guzm\u00e1n, dirigente de los regantes de Macha-Pocoata, y autoridades municipales de Macha y Pocoata.<br \/>\nLos regantes afirman que, hace seis a\u00f1os, los ministerios implicados y la Gobernaci\u00f3n de Potos\u00ed firmaron documentos y se hizo acuerdos verbales con la promesa de concluir una planta piloto para el tratamiento de aguas \u00e1cidas, como soluci\u00f3n al problema; sin embargo, hasta la fecha no hay una soluci\u00f3n concreta. La obra, que fue impulsada con recursos de la Alcald\u00eda y la cooperativa minera de Colquechaca, ya cuenta con un 80% de avance.<br \/>\nHace tres a\u00f1os y medio, el Gobernador de Potos\u00ed promulg\u00f3 una ley que contemplaba el financiamiento de proyectos para reducir la contaminaci\u00f3n en los r\u00edos del departamento. Pero, dicha norma no fue aplicada hasta ahora.<br \/>\nEl \u00faltimo compromiso formal data de septiembre de 2024, cuando los viceministros de Miner\u00eda y Medio Ambiente firmaron un documento en la poblaci\u00f3n de Macha comprometi\u00e9ndose a gestionar, en seis meses, el financiamiento necesario para concluir la planta de tratamiento. Hace tres semanas, esos mismos funcionarios comunicaron que no podr\u00e1n cumplir lo acordado, argumentando que \u201cla ley no se los permite\u201d. Como alternativa, ofrecieron organizar un seminario para ense\u00f1ar a los regantes c\u00f3mo interponer una demanda de acci\u00f3n popular contra los responsables de la contaminaci\u00f3n. \u201cLes podemos dar un curso sobre c\u00f3mo se hace\u201d, indicaron los t\u00e9cnicos.<br \/>\nFelipe Guzm\u00e1n, representante de los regantes, lament\u00f3 la respuesta oficial y denunci\u00f3 que el Gobierno los enga\u00f1\u00f3 y jug\u00f3 con su dignidad. Tambi\u00e9n se\u00f1al\u00f3 que una demanda legal tardar\u00eda a\u00f1os y anunci\u00f3 que retornar\u00e1n a sus comunidades para informar a sus bases lo ocurrido. (Erbol\/Sumando Voces)<\/p>\n","protected":false},"excerpt":{"rendered":"<p>Los regantes y defensores del r\u00edo Macha-Pocoata del norte de Potos\u00ed, tras una reuni\u00f3n con el Gobierno, informaron que t\u00e9cnicos y autoridades de Gobierno les pidieron disculpas, ya que no podr\u00e1n cumplir su promesa de \u201ccurar\u201d el r\u00edo contaminado por la miner\u00eda. Esta exigencia data desde hace 13 a\u00f1os, sin embargo, las soluciones contin\u00faan posterg\u00e1ndose. [&hellip;]<\/p>\n","protected":false},"author":1,"featured_media":297978,"comment_status":"closed","ping_status":"open","sticky":false,"template":"","format":"standard","meta":{"_acf_changed":false,"footnotes":""},"categories":[12],"tags":[],"class_list":["post-297977","post","type-post","status-publish","format-standard","has-post-thumbnail","category-nacional"],"acf":{"antetitulo":"Seg\u00fan regantes"},"yoast_head":"<!-- This site is optimized with the Yoast SEO plugin v28.3 - https:\/\/yoast.com\/product\/yoast-seo-wordpress\/ -->\n<title>Gobierno admite que no podr\u00e1 \u201ccurar\u201d el r\u00edo Macha-Pocoata - El Diario - Bolivia<\/title>\n<meta name=\"robots\" content=\"index, follow, max-snippet:-1, max-image-preview:large, max-video-preview:-1\" \/>\n<link rel=\"canonical\" href=\"https:\/\/www.eldiario.net\/portal\/2025\/04\/26\/gobierno-admite-que-no-podra-curar-el-rio-macha-pocoata\/\" \/>\n<meta property=\"og:locale\" content=\"es_ES\" \/>\n<meta property=\"og:type\" content=\"article\" \/>\n<meta property=\"og:title\" content=\"Gobierno admite que no podr\u00e1 \u201ccurar\u201d el r\u00edo Macha-Pocoata - El Diario - Bolivia\" \/>\n<meta property=\"og:description\" content=\"Los regantes y defensores del r\u00edo Macha-Pocoata del norte de Potos\u00ed, tras una reuni\u00f3n con el Gobierno, informaron que t\u00e9cnicos y autoridades de Gobierno les pidieron disculpas, ya que no podr\u00e1n cumplir su promesa de \u201ccurar\u201d el r\u00edo contaminado por la miner\u00eda. Esta exigencia data desde hace 13 a\u00f1os, sin embargo, las soluciones contin\u00faan posterg\u00e1ndose. [&hellip;]\" \/>\n<meta property=\"og:url\" content=\"https:\/\/www.eldiario.net\/portal\/2025\/04\/26\/gobierno-admite-que-no-podra-curar-el-rio-macha-pocoata\/\" \/>\n<meta property=\"og:site_name\" content=\"El Diario - Bolivia\" \/>\n<meta property=\"article:publisher\" content=\"https:\/\/www.facebook.com\/eldiario.bolivia\/\" \/>\n<meta property=\"article:published_time\" content=\"2025-04-26T10:59:13+00:00\" \/>\n<meta property=\"og:image\" content=\"https:\/\/www.eldiario.net\/portal\/wp-content\/uploads\/2025\/04\/70-NAL.jpeg\" \/>\n\t<meta property=\"og:image:width\" content=\"1536\" \/>\n\t<meta property=\"og:image:height\" content=\"864\" \/>\n\t<meta property=\"og:image:type\" content=\"image\/jpeg\" \/>\n<meta name=\"author\" content=\"Jeanette\" \/>\n<meta name=\"twitter:card\" content=\"summary_large_image\" \/>\n<meta name=\"twitter:creator\" content=\"@eldiario_net\" \/>\n<meta name=\"twitter:site\" content=\"@eldiario_net\" \/>\n<meta name=\"twitter:label1\" content=\"Escrito por\" \/>\n\t<meta name=\"twitter:data1\" content=\"Jeanette\" \/>\n\t<meta name=\"twitter:label2\" content=\"Tiempo de lectura\" \/>\n\t<meta name=\"twitter:data2\" content=\"3 minutos\" \/>\n<script type=\"application\/ld+json\" class=\"yoast-schema-graph\">{\"@context\":\"https:\\\/\\\/schema.org\",\"@graph\":[{\"@type\":\"Article\",\"@id\":\"https:\\\/\\\/www.eldiario.net\\\/portal\\\/2025\\\/04\\\/26\\\/gobierno-admite-que-no-podra-curar-el-rio-macha-pocoata\\\/#article\",\"isPartOf\":{\"@id\":\"https:\\\/\\\/www.eldiario.net\\\/portal\\\/2025\\\/04\\\/26\\\/gobierno-admite-que-no-podra-curar-el-rio-macha-pocoata\\\/\"},\"author\":{\"name\":\"Jeanette\",\"@id\":\"https:\\\/\\\/www.eldiario.net\\\/portal\\\/#\\\/schema\\\/person\\\/f46445640444750d7d753ccd04ae01b7\"},\"headline\":\"Gobierno admite que no podr\u00e1 \u201ccurar\u201d el r\u00edo Macha-Pocoata\",\"datePublished\":\"2025-04-26T10:59:13+00:00\",\"mainEntityOfPage\":{\"@id\":\"https:\\\/\\\/www.eldiario.net\\\/portal\\\/2025\\\/04\\\/26\\\/gobierno-admite-que-no-podra-curar-el-rio-macha-pocoata\\\/\"},\"wordCount\":459,\"publisher\":{\"@id\":\"https:\\\/\\\/www.eldiario.net\\\/portal\\\/#organization\"},\"image\":{\"@id\":\"https:\\\/\\\/www.eldiario.net\\\/portal\\\/2025\\\/04\\\/26\\\/gobierno-admite-que-no-podra-curar-el-rio-macha-pocoata\\\/#primaryimage\"},\"thumbnailUrl\":\"https:\\\/\\\/www.eldiario.net\\\/portal\\\/wp-content\\\/uploads\\\/2025\\\/04\\\/70-NAL.jpeg\",\"articleSection\":[\"Nacional\"],\"inLanguage\":\"es\"},{\"@type\":\"WebPage\",\"@id\":\"https:\\\/\\\/www.eldiario.net\\\/portal\\\/2025\\\/04\\\/26\\\/gobierno-admite-que-no-podra-curar-el-rio-macha-pocoata\\\/\",\"url\":\"https:\\\/\\\/www.eldiario.net\\\/portal\\\/2025\\\/04\\\/26\\\/gobierno-admite-que-no-podra-curar-el-rio-macha-pocoata\\\/\",\"name\":\"Gobierno admite que no podr\u00e1 \u201ccurar\u201d el r\u00edo Macha-Pocoata - El Diario - Bolivia\",\"isPartOf\":{\"@id\":\"https:\\\/\\\/www.eldiario.net\\\/portal\\\/#website\"},\"primaryImageOfPage\":{\"@id\":\"https:\\\/\\\/www.eldiario.net\\\/portal\\\/2025\\\/04\\\/26\\\/gobierno-admite-que-no-podra-curar-el-rio-macha-pocoata\\\/#primaryimage\"},\"image\":{\"@id\":\"https:\\\/\\\/www.eldiario.net\\\/portal\\\/2025\\\/04\\\/26\\\/gobierno-admite-que-no-podra-curar-el-rio-macha-pocoata\\\/#primaryimage\"},\"thumbnailUrl\":\"https:\\\/\\\/www.eldiario.net\\\/portal\\\/wp-content\\\/uploads\\\/2025\\\/04\\\/70-NAL.jpeg\",\"datePublished\":\"2025-04-26T10:59:13+00:00\",\"breadcrumb\":{\"@id\":\"https:\\\/\\\/www.eldiario.net\\\/portal\\\/2025\\\/04\\\/26\\\/gobierno-admite-que-no-podra-curar-el-rio-macha-pocoata\\\/#breadcrumb\"},\"inLanguage\":\"es\",\"potentialAction\":[{\"@type\":\"ReadAction\",\"target\":[\"https:\\\/\\\/www.eldiario.net\\\/portal\\\/2025\\\/04\\\/26\\\/gobierno-admite-que-no-podra-curar-el-rio-macha-pocoata\\\/\"]}]},{\"@type\":\"ImageObject\",\"inLanguage\":\"es\",\"@id\":\"https:\\\/\\\/www.eldiario.net\\\/portal\\\/2025\\\/04\\\/26\\\/gobierno-admite-que-no-podra-curar-el-rio-macha-pocoata\\\/#primaryimage\",\"url\":\"https:\\\/\\\/www.eldiario.net\\\/portal\\\/wp-content\\\/uploads\\\/2025\\\/04\\\/70-NAL.jpeg\",\"contentUrl\":\"https:\\\/\\\/www.eldiario.net\\\/portal\\\/wp-content\\\/uploads\\\/2025\\\/04\\\/70-NAL.jpeg\",\"width\":1536,\"height\":864,\"caption\":\"Reuni\u00f3n entre el Gobierno y regantes de los municipios Macha y Pocoata.\"},{\"@type\":\"BreadcrumbList\",\"@id\":\"https:\\\/\\\/www.eldiario.net\\\/portal\\\/2025\\\/04\\\/26\\\/gobierno-admite-que-no-podra-curar-el-rio-macha-pocoata\\\/#breadcrumb\",\"itemListElement\":[{\"@type\":\"ListItem\",\"position\":1,\"name\":\"Portada\",\"item\":\"https:\\\/\\\/www.eldiario.net\\\/portal\\\/\"},{\"@type\":\"ListItem\",\"position\":2,\"name\":\"Gobierno admite que no podr\u00e1 \u201ccurar\u201d el r\u00edo Macha-Pocoata\"}]},{\"@type\":\"WebSite\",\"@id\":\"https:\\\/\\\/www.eldiario.net\\\/portal\\\/#website\",\"url\":\"https:\\\/\\\/www.eldiario.net\\\/portal\\\/\",\"name\":\"El Diario - Decano de la prensa nacional\",\"description\":\"El Diario - Decano de la prensa nacional\",\"publisher\":{\"@id\":\"https:\\\/\\\/www.eldiario.net\\\/portal\\\/#organization\"},\"potentialAction\":[{\"@type\":\"SearchAction\",\"target\":{\"@type\":\"EntryPoint\",\"urlTemplate\":\"https:\\\/\\\/www.eldiario.net\\\/portal\\\/?s={search_term_string}\"},\"query-input\":{\"@type\":\"PropertyValueSpecification\",\"valueRequired\":true,\"valueName\":\"search_term_string\"}}],\"inLanguage\":\"es\"},{\"@type\":\"Organization\",\"@id\":\"https:\\\/\\\/www.eldiario.net\\\/portal\\\/#organization\",\"name\":\"El Diario - Decano de la prensa nacional\",\"url\":\"https:\\\/\\\/www.eldiario.net\\\/portal\\\/\",\"logo\":{\"@type\":\"ImageObject\",\"inLanguage\":\"es\",\"@id\":\"https:\\\/\\\/www.eldiario.net\\\/portal\\\/#\\\/schema\\\/logo\\\/image\\\/\",\"url\":\"https:\\\/\\\/www.eldiario.net\\\/portal\\\/wp-content\\\/uploads\\\/2023\\\/07\\\/logo_ED.jpg\",\"contentUrl\":\"https:\\\/\\\/www.eldiario.net\\\/portal\\\/wp-content\\\/uploads\\\/2023\\\/07\\\/logo_ED.jpg\",\"width\":272,\"height\":52,\"caption\":\"El Diario - Decano de la prensa nacional\"},\"image\":{\"@id\":\"https:\\\/\\\/www.eldiario.net\\\/portal\\\/#\\\/schema\\\/logo\\\/image\\\/\"},\"sameAs\":[\"https:\\\/\\\/www.facebook.com\\\/eldiario.bolivia\\\/\",\"https:\\\/\\\/x.com\\\/eldiario_net\"]},{\"@type\":\"Person\",\"@id\":\"https:\\\/\\\/www.eldiario.net\\\/portal\\\/#\\\/schema\\\/person\\\/f46445640444750d7d753ccd04ae01b7\",\"name\":\"Jeanette\",\"image\":{\"@type\":\"ImageObject\",\"inLanguage\":\"es\",\"@id\":\"https:\\\/\\\/secure.gravatar.com\\\/avatar\\\/3ea2118a5f7dad2b7138b1187a6b7ee55f160b9968b66013c3a3ef39dd7e5798?s=96&d=mm&r=g\",\"url\":\"https:\\\/\\\/secure.gravatar.com\\\/avatar\\\/3ea2118a5f7dad2b7138b1187a6b7ee55f160b9968b66013c3a3ef39dd7e5798?s=96&d=mm&r=g\",\"contentUrl\":\"https:\\\/\\\/secure.gravatar.com\\\/avatar\\\/3ea2118a5f7dad2b7138b1187a6b7ee55f160b9968b66013c3a3ef39dd7e5798?s=96&d=mm&r=g\",\"caption\":\"Jeanette\"},\"sameAs\":[\"https:\\\/\\\/www.eldiario.net\\\/portal\"],\"url\":\"https:\\\/\\\/www.eldiario.net\\\/portal\\\/author\\\/jeanette\\\/\"}]}<\/script>\n<!-- \/ Yoast SEO plugin. -->","yoast_head_json":{"title":"Gobierno admite que no podr\u00e1 \u201ccurar\u201d el r\u00edo Macha-Pocoata - El Diario - Bolivia","robots":{"index":"index","follow":"follow","max-snippet":"max-snippet:-1","max-image-preview":"max-image-preview:large","max-video-preview":"max-video-preview:-1"},"canonical":"https:\/\/www.eldiario.net\/portal\/2025\/04\/26\/gobierno-admite-que-no-podra-curar-el-rio-macha-pocoata\/","og_locale":"es_ES","og_type":"article","og_title":"Gobierno admite que no podr\u00e1 \u201ccurar\u201d el r\u00edo Macha-Pocoata - El Diario - Bolivia","og_description":"Los regantes y defensores del r\u00edo Macha-Pocoata del norte de Potos\u00ed, tras una reuni\u00f3n con el Gobierno, informaron que t\u00e9cnicos y autoridades de Gobierno les pidieron disculpas, ya que no podr\u00e1n cumplir su promesa de \u201ccurar\u201d el r\u00edo contaminado por la miner\u00eda. Esta exigencia data desde hace 13 a\u00f1os, sin embargo, las soluciones contin\u00faan posterg\u00e1ndose. [&hellip;]","og_url":"https:\/\/www.eldiario.net\/portal\/2025\/04\/26\/gobierno-admite-que-no-podra-curar-el-rio-macha-pocoata\/","og_site_name":"El Diario - Bolivia","article_publisher":"https:\/\/www.facebook.com\/eldiario.bolivia\/","article_published_time":"2025-04-26T10:59:13+00:00","og_image":[{"width":1536,"height":864,"url":"https:\/\/www.eldiario.net\/portal\/wp-content\/uploads\/2025\/04\/70-NAL.jpeg","type":"image\/jpeg"}],"author":"Jeanette","twitter_card":"summary_large_image","twitter_creator":"@eldiario_net","twitter_site":"@eldiario_net","twitter_misc":{"Escrito por":"Jeanette","Tiempo de lectura":"3 minutos"},"schema":{"@context":"https:\/\/schema.org","@graph":[{"@type":"Article","@id":"https:\/\/www.eldiario.net\/portal\/2025\/04\/26\/gobierno-admite-que-no-podra-curar-el-rio-macha-pocoata\/#article","isPartOf":{"@id":"https:\/\/www.eldiario.net\/portal\/2025\/04\/26\/gobierno-admite-que-no-podra-curar-el-rio-macha-pocoata\/"},"author":{"name":"Jeanette","@id":"https:\/\/www.eldiario.net\/portal\/#\/schema\/person\/f46445640444750d7d753ccd04ae01b7"},"headline":"Gobierno admite que no podr\u00e1 \u201ccurar\u201d el r\u00edo Macha-Pocoata","datePublished":"2025-04-26T10:59:13+00:00","mainEntityOfPage":{"@id":"https:\/\/www.eldiario.net\/portal\/2025\/04\/26\/gobierno-admite-que-no-podra-curar-el-rio-macha-pocoata\/"},"wordCount":459,"publisher":{"@id":"https:\/\/www.eldiario.net\/portal\/#organization"},"image":{"@id":"https:\/\/www.eldiario.net\/portal\/2025\/04\/26\/gobierno-admite-que-no-podra-curar-el-rio-macha-pocoata\/#primaryimage"},"thumbnailUrl":"https:\/\/www.eldiario.net\/portal\/wp-content\/uploads\/2025\/04\/70-NAL.jpeg","articleSection":["Nacional"],"inLanguage":"es"},{"@type":"WebPage","@id":"https:\/\/www.eldiario.net\/portal\/2025\/04\/26\/gobierno-admite-que-no-podra-curar-el-rio-macha-pocoata\/","url":"https:\/\/www.eldiario.net\/portal\/2025\/04\/26\/gobierno-admite-que-no-podra-curar-el-rio-macha-pocoata\/","name":"Gobierno admite que no podr\u00e1 \u201ccurar\u201d el r\u00edo Macha-Pocoata - El Diario - Bolivia","isPartOf":{"@id":"https:\/\/www.eldiario.net\/portal\/#website"},"primaryImageOfPage":{"@id":"https:\/\/www.eldiario.net\/portal\/2025\/04\/26\/gobierno-admite-que-no-podra-curar-el-rio-macha-pocoata\/#primaryimage"},"image":{"@id":"https:\/\/www.eldiario.net\/portal\/2025\/04\/26\/gobierno-admite-que-no-podra-curar-el-rio-macha-pocoata\/#primaryimage"},"thumbnailUrl":"https:\/\/www.eldiario.net\/portal\/wp-content\/uploads\/2025\/04\/70-NAL.jpeg","datePublished":"2025-04-26T10:59:13+00:00","breadcrumb":{"@id":"https:\/\/www.eldiario.net\/portal\/2025\/04\/26\/gobierno-admite-que-no-podra-curar-el-rio-macha-pocoata\/#breadcrumb"},"inLanguage":"es","potentialAction":[{"@type":"ReadAction","target":["https:\/\/www.eldiario.net\/portal\/2025\/04\/26\/gobierno-admite-que-no-podra-curar-el-rio-macha-pocoata\/"]}]},{"@type":"ImageObject","inLanguage":"es","@id":"https:\/\/www.eldiario.net\/portal\/2025\/04\/26\/gobierno-admite-que-no-podra-curar-el-rio-macha-pocoata\/#primaryimage","url":"https:\/\/www.eldiario.net\/portal\/wp-content\/uploads\/2025\/04\/70-NAL.jpeg","contentUrl":"https:\/\/www.eldiario.net\/portal\/wp-content\/uploads\/2025\/04\/70-NAL.jpeg","width":1536,"height":864,"caption":"Reuni\u00f3n entre el Gobierno y regantes de los municipios Macha y Pocoata."},{"@type":"BreadcrumbList","@id":"https:\/\/www.eldiario.net\/portal\/2025\/04\/26\/gobierno-admite-que-no-podra-curar-el-rio-macha-pocoata\/#breadcrumb","itemListElement":[{"@type":"ListItem","position":1,"name":"Portada","item":"https:\/\/www.eldiario.net\/portal\/"},{"@type":"ListItem","position":2,"name":"Gobierno admite que no podr\u00e1 \u201ccurar\u201d el r\u00edo Macha-Pocoata"}]},{"@type":"WebSite","@id":"https:\/\/www.eldiario.net\/portal\/#website","url":"https:\/\/www.eldiario.net\/portal\/","name":"El Diario - Decano de la prensa nacional","description":"El Diario - Decano de la prensa nacional","publisher":{"@id":"https:\/\/www.eldiario.net\/portal\/#organization"},"potentialAction":[{"@type":"SearchAction","target":{"@type":"EntryPoint","urlTemplate":"https:\/\/www.eldiario.net\/portal\/?s={search_term_string}"},"query-input":{"@type":"PropertyValueSpecification","valueRequired":true,"valueName":"search_term_string"}}],"inLanguage":"es"},{"@type":"Organization","@id":"https:\/\/www.eldiario.net\/portal\/#organization","name":"El Diario - Decano de la prensa nacional","url":"https:\/\/www.eldiario.net\/portal\/","logo":{"@type":"ImageObject","inLanguage":"es","@id":"https:\/\/www.eldiario.net\/portal\/#\/schema\/logo\/image\/","url":"https:\/\/www.eldiario.net\/portal\/wp-content\/uploads\/2023\/07\/logo_ED.jpg","contentUrl":"https:\/\/www.eldiario.net\/portal\/wp-content\/uploads\/2023\/07\/logo_ED.jpg","width":272,"height":52,"caption":"El Diario - Decano de la prensa nacional"},"image":{"@id":"https:\/\/www.eldiario.net\/portal\/#\/schema\/logo\/image\/"},"sameAs":["https:\/\/www.facebook.com\/eldiario.bolivia\/","https:\/\/x.com\/eldiario_net"]},{"@type":"Person","@id":"https:\/\/www.eldiario.net\/portal\/#\/schema\/person\/f46445640444750d7d753ccd04ae01b7","name":"Jeanette","image":{"@type":"ImageObject","inLanguage":"es","@id":"https:\/\/secure.gravatar.com\/avatar\/3ea2118a5f7dad2b7138b1187a6b7ee55f160b9968b66013c3a3ef39dd7e5798?s=96&d=mm&r=g","url":"https:\/\/secure.gravatar.com\/avatar\/3ea2118a5f7dad2b7138b1187a6b7ee55f160b9968b66013c3a3ef39dd7e5798?s=96&d=mm&r=g","contentUrl":"https:\/\/secure.gravatar.com\/avatar\/3ea2118a5f7dad2b7138b1187a6b7ee55f160b9968b66013c3a3ef39dd7e5798?s=96&d=mm&r=g","caption":"Jeanette"},"sameAs":["https:\/\/www.eldiario.net\/portal"],"url":"https:\/\/www.eldiario.net\/portal\/author\/jeanette\/"}]}},"_links":{"self":[{"href":"https:\/\/www.eldiario.net\/portal\/wp-json\/wp\/v2\/posts\/297977","targetHints":{"allow":["GET"]}}],"collection":[{"href":"https:\/\/www.eldiario.net\/portal\/wp-json\/wp\/v2\/posts"}],"about":[{"href":"https:\/\/www.eldiario.net\/portal\/wp-json\/wp\/v2\/types\/post"}],"author":[{"embeddable":true,"href":"https:\/\/www.eldiario.net\/portal\/wp-json\/wp\/v2\/users\/1"}],"replies":[{"embeddable":true,"href":"https:\/\/www.eldiario.net\/portal\/wp-json\/wp\/v2\/comments?post=297977"}],"version-history":[{"count":1,"href":"https:\/\/www.eldiario.net\/portal\/wp-json\/wp\/v2\/posts\/297977\/revisions"}],"predecessor-version":[{"id":297979,"href":"https:\/\/www.eldiario.net\/portal\/wp-json\/wp\/v2\/posts\/297977\/revisions\/297979"}],"wp:featuredmedia":[{"embeddable":true,"href":"https:\/\/www.eldiario.net\/portal\/wp-json\/wp\/v2\/media\/297978"}],"wp:attachment":[{"href":"https:\/\/www.eldiario.net\/portal\/wp-json\/wp\/v2\/media?parent=297977"}],"wp:term":[{"taxonomy":"category","embeddable":true,"href":"https:\/\/www.eldiario.net\/portal\/wp-json\/wp\/v2\/categories?post=297977"},{"taxonomy":"post_tag","embeddable":true,"href":"https:\/\/www.eldiario.net\/portal\/wp-json\/wp\/v2\/tags?post=297977"}],"curies":[{"name":"wp","href":"https:\/\/api.w.org\/{rel}","templated":true}]}}