{"id":297974,"date":"2025-04-26T06:58:22","date_gmt":"2025-04-26T10:58:22","guid":{"rendered":"https:\/\/www.eldiario.net\/portal\/?p=297974"},"modified":"2025-04-26T06:58:22","modified_gmt":"2025-04-26T10:58:22","slug":"sedes-realizo-feria-de-salud-por-el-dia-mundial-contra-la-malaria","status":"publish","type":"post","link":"https:\/\/www.eldiario.net\/portal\/2025\/04\/26\/sedes-realizo-feria-de-salud-por-el-dia-mundial-contra-la-malaria\/","title":{"rendered":"Sedes realiz\u00f3 feria de salud por  el D\u00eda Mundial contra la Malaria"},"content":{"rendered":"<p>El Servicio Departamental de Salud (Sedes) de Santa Cruz, a trav\u00e9s de programa de Malaria, realiz\u00f3 una feria de salud en conmemoraci\u00f3n al \u201cD\u00eda Mundial contra la Malaria\u201d en la plazuela del Estudiante con el apoyo de los institutos Infocal, TecnoUne, T\u00e9cnico Global y la universidad Unifranz.<br \/>\nEl objeto de esta actividad fue mostrar a la poblaci\u00f3n los logros, tanto en la destrucci\u00f3n de criaderos, como en el diagn\u00f3stico y el tratamiento de este mal.<br \/>\nEl responsable del Programa Malaria del Sedes, Ferdy Dur\u00e1n, manifest\u00f3 que en Santa Cruz hace varios a\u00f1os consecutivos no se registran casos aut\u00f3ctonos de esta enfermedad, bajando a \u201ccero\u201d la notificaci\u00f3n de casos, pero s\u00ed se reportan casos importados de otros departamentos.<br \/>\nIndic\u00f3 que actualmente en Santa Cruz se tiene cuatro casos importados del departamento del Beni.<br \/>\nAsimismo, explic\u00f3 que la malaria se puede prevenir a trav\u00e9s de medidas de control vectorial en los hogares haciendo permanente la eliminaci\u00f3n del mosquito, uso de mosquitero impregnado en insecticida, identificaci\u00f3n, destrucci\u00f3n de criaderos de mosquitos, adem\u00e1s de las acciones inmediatas por parte de las instancias involucradas como las fumigaciones en dos ciclos en \u00e1reas end\u00e9micas y la respuesta r\u00e1pida para inicio de tratamiento y seguimiento a los pacientes confirmados.<br \/>\nLa autoridad en Salud indic\u00f3 que los establecimientos de salud atienden de manera permanente en la ciudad y las provincias para diagnosticar estas y otras enfermedades end\u00e9micas.<br \/>\nConcluy\u00f3 exhortando a que las personas con s\u00edntomas bruscos de temperaturas elevadas, acompa\u00f1ada de sudoraci\u00f3n y escalofr\u00edos, deben acudir inmediatamente al centro de salud para que sea el m\u00e9dico que descarte o confirme la enfermedad. (Santa Cruz, agencias)<\/p>\n","protected":false},"excerpt":{"rendered":"<p>El Servicio Departamental de Salud (Sedes) de Santa Cruz, a trav\u00e9s de programa de Malaria, realiz\u00f3 una feria de salud en conmemoraci\u00f3n al \u201cD\u00eda Mundial contra la Malaria\u201d en la plazuela del Estudiante con el apoyo de los institutos Infocal, TecnoUne, T\u00e9cnico Global y la universidad Unifranz. El objeto de esta actividad fue mostrar a [&hellip;]<\/p>\n","protected":false},"author":1,"featured_media":297975,"comment_status":"closed","ping_status":"open","sticky":false,"template":"","format":"standard","meta":{"_acf_changed":false,"footnotes":""},"categories":[12],"tags":[],"class_list":["post-297974","post","type-post","status-publish","format-standard","has-post-thumbnail","category-nacional"],"acf":{"antetitulo":"Santa Cruz"},"yoast_head":"<!-- This site is optimized with the Yoast SEO plugin v28.3 - https:\/\/yoast.com\/product\/yoast-seo-wordpress\/ -->\n<title>Sedes realiz\u00f3 feria de salud por el D\u00eda Mundial contra la Malaria - El Diario - Bolivia<\/title>\n<meta name=\"robots\" content=\"index, follow, max-snippet:-1, max-image-preview:large, max-video-preview:-1\" \/>\n<link rel=\"canonical\" href=\"https:\/\/www.eldiario.net\/portal\/2025\/04\/26\/sedes-realizo-feria-de-salud-por-el-dia-mundial-contra-la-malaria\/\" \/>\n<meta property=\"og:locale\" content=\"es_ES\" \/>\n<meta property=\"og:type\" content=\"article\" \/>\n<meta property=\"og:title\" content=\"Sedes realiz\u00f3 feria de salud por el D\u00eda Mundial contra la Malaria - El Diario - Bolivia\" \/>\n<meta property=\"og:description\" content=\"El Servicio Departamental de Salud (Sedes) de Santa Cruz, a trav\u00e9s de programa de Malaria, realiz\u00f3 una feria de salud en conmemoraci\u00f3n al \u201cD\u00eda Mundial contra la Malaria\u201d en la plazuela del Estudiante con el apoyo de los institutos Infocal, TecnoUne, T\u00e9cnico Global y la universidad Unifranz. El objeto de esta actividad fue mostrar a [&hellip;]\" \/>\n<meta property=\"og:url\" content=\"https:\/\/www.eldiario.net\/portal\/2025\/04\/26\/sedes-realizo-feria-de-salud-por-el-dia-mundial-contra-la-malaria\/\" \/>\n<meta property=\"og:site_name\" content=\"El Diario - Bolivia\" \/>\n<meta property=\"article:publisher\" content=\"https:\/\/www.facebook.com\/eldiario.bolivia\/\" \/>\n<meta property=\"article:published_time\" content=\"2025-04-26T10:58:22+00:00\" \/>\n<meta property=\"og:image\" content=\"https:\/\/www.eldiario.net\/portal\/wp-content\/uploads\/2025\/04\/72-NAL-2.jpg\" \/>\n\t<meta property=\"og:image:width\" content=\"1200\" \/>\n\t<meta property=\"og:image:height\" content=\"800\" \/>\n\t<meta property=\"og:image:type\" content=\"image\/jpeg\" \/>\n<meta name=\"author\" content=\"Jeanette\" \/>\n<meta name=\"twitter:card\" content=\"summary_large_image\" \/>\n<meta name=\"twitter:creator\" content=\"@eldiario_net\" \/>\n<meta name=\"twitter:site\" content=\"@eldiario_net\" \/>\n<meta name=\"twitter:label1\" content=\"Escrito por\" \/>\n\t<meta name=\"twitter:data1\" content=\"Jeanette\" \/>\n\t<meta name=\"twitter:label2\" content=\"Tiempo de lectura\" \/>\n\t<meta name=\"twitter:data2\" content=\"2 minutos\" \/>\n<script type=\"application\/ld+json\" class=\"yoast-schema-graph\">{\"@context\":\"https:\\\/\\\/schema.org\",\"@graph\":[{\"@type\":\"Article\",\"@id\":\"https:\\\/\\\/www.eldiario.net\\\/portal\\\/2025\\\/04\\\/26\\\/sedes-realizo-feria-de-salud-por-el-dia-mundial-contra-la-malaria\\\/#article\",\"isPartOf\":{\"@id\":\"https:\\\/\\\/www.eldiario.net\\\/portal\\\/2025\\\/04\\\/26\\\/sedes-realizo-feria-de-salud-por-el-dia-mundial-contra-la-malaria\\\/\"},\"author\":{\"name\":\"Jeanette\",\"@id\":\"https:\\\/\\\/www.eldiario.net\\\/portal\\\/#\\\/schema\\\/person\\\/f46445640444750d7d753ccd04ae01b7\"},\"headline\":\"Sedes realiz\u00f3 feria de salud por el D\u00eda Mundial contra la Malaria\",\"datePublished\":\"2025-04-26T10:58:22+00:00\",\"mainEntityOfPage\":{\"@id\":\"https:\\\/\\\/www.eldiario.net\\\/portal\\\/2025\\\/04\\\/26\\\/sedes-realizo-feria-de-salud-por-el-dia-mundial-contra-la-malaria\\\/\"},\"wordCount\":304,\"publisher\":{\"@id\":\"https:\\\/\\\/www.eldiario.net\\\/portal\\\/#organization\"},\"image\":{\"@id\":\"https:\\\/\\\/www.eldiario.net\\\/portal\\\/2025\\\/04\\\/26\\\/sedes-realizo-feria-de-salud-por-el-dia-mundial-contra-la-malaria\\\/#primaryimage\"},\"thumbnailUrl\":\"https:\\\/\\\/www.eldiario.net\\\/portal\\\/wp-content\\\/uploads\\\/2025\\\/04\\\/72-NAL-2.jpg\",\"articleSection\":[\"Nacional\"],\"inLanguage\":\"es\"},{\"@type\":\"WebPage\",\"@id\":\"https:\\\/\\\/www.eldiario.net\\\/portal\\\/2025\\\/04\\\/26\\\/sedes-realizo-feria-de-salud-por-el-dia-mundial-contra-la-malaria\\\/\",\"url\":\"https:\\\/\\\/www.eldiario.net\\\/portal\\\/2025\\\/04\\\/26\\\/sedes-realizo-feria-de-salud-por-el-dia-mundial-contra-la-malaria\\\/\",\"name\":\"Sedes realiz\u00f3 feria de salud por el D\u00eda Mundial contra la Malaria - El Diario - Bolivia\",\"isPartOf\":{\"@id\":\"https:\\\/\\\/www.eldiario.net\\\/portal\\\/#website\"},\"primaryImageOfPage\":{\"@id\":\"https:\\\/\\\/www.eldiario.net\\\/portal\\\/2025\\\/04\\\/26\\\/sedes-realizo-feria-de-salud-por-el-dia-mundial-contra-la-malaria\\\/#primaryimage\"},\"image\":{\"@id\":\"https:\\\/\\\/www.eldiario.net\\\/portal\\\/2025\\\/04\\\/26\\\/sedes-realizo-feria-de-salud-por-el-dia-mundial-contra-la-malaria\\\/#primaryimage\"},\"thumbnailUrl\":\"https:\\\/\\\/www.eldiario.net\\\/portal\\\/wp-content\\\/uploads\\\/2025\\\/04\\\/72-NAL-2.jpg\",\"datePublished\":\"2025-04-26T10:58:22+00:00\",\"breadcrumb\":{\"@id\":\"https:\\\/\\\/www.eldiario.net\\\/portal\\\/2025\\\/04\\\/26\\\/sedes-realizo-feria-de-salud-por-el-dia-mundial-contra-la-malaria\\\/#breadcrumb\"},\"inLanguage\":\"es\",\"potentialAction\":[{\"@type\":\"ReadAction\",\"target\":[\"https:\\\/\\\/www.eldiario.net\\\/portal\\\/2025\\\/04\\\/26\\\/sedes-realizo-feria-de-salud-por-el-dia-mundial-contra-la-malaria\\\/\"]}]},{\"@type\":\"ImageObject\",\"inLanguage\":\"es\",\"@id\":\"https:\\\/\\\/www.eldiario.net\\\/portal\\\/2025\\\/04\\\/26\\\/sedes-realizo-feria-de-salud-por-el-dia-mundial-contra-la-malaria\\\/#primaryimage\",\"url\":\"https:\\\/\\\/www.eldiario.net\\\/portal\\\/wp-content\\\/uploads\\\/2025\\\/04\\\/72-NAL-2.jpg\",\"contentUrl\":\"https:\\\/\\\/www.eldiario.net\\\/portal\\\/wp-content\\\/uploads\\\/2025\\\/04\\\/72-NAL-2.jpg\",\"width\":1200,\"height\":800,\"caption\":\"EL MOSQUITO QUE CAUSA LA MALARIA BAJO PRUEBA MICROSC\u00d3PICA.\"},{\"@type\":\"BreadcrumbList\",\"@id\":\"https:\\\/\\\/www.eldiario.net\\\/portal\\\/2025\\\/04\\\/26\\\/sedes-realizo-feria-de-salud-por-el-dia-mundial-contra-la-malaria\\\/#breadcrumb\",\"itemListElement\":[{\"@type\":\"ListItem\",\"position\":1,\"name\":\"Portada\",\"item\":\"https:\\\/\\\/www.eldiario.net\\\/portal\\\/\"},{\"@type\":\"ListItem\",\"position\":2,\"name\":\"Sedes realiz\u00f3 feria de salud por el D\u00eda Mundial contra la Malaria\"}]},{\"@type\":\"WebSite\",\"@id\":\"https:\\\/\\\/www.eldiario.net\\\/portal\\\/#website\",\"url\":\"https:\\\/\\\/www.eldiario.net\\\/portal\\\/\",\"name\":\"El Diario - Decano de la prensa nacional\",\"description\":\"El Diario - Decano de la prensa nacional\",\"publisher\":{\"@id\":\"https:\\\/\\\/www.eldiario.net\\\/portal\\\/#organization\"},\"potentialAction\":[{\"@type\":\"SearchAction\",\"target\":{\"@type\":\"EntryPoint\",\"urlTemplate\":\"https:\\\/\\\/www.eldiario.net\\\/portal\\\/?s={search_term_string}\"},\"query-input\":{\"@type\":\"PropertyValueSpecification\",\"valueRequired\":true,\"valueName\":\"search_term_string\"}}],\"inLanguage\":\"es\"},{\"@type\":\"Organization\",\"@id\":\"https:\\\/\\\/www.eldiario.net\\\/portal\\\/#organization\",\"name\":\"El Diario - Decano de la prensa nacional\",\"url\":\"https:\\\/\\\/www.eldiario.net\\\/portal\\\/\",\"logo\":{\"@type\":\"ImageObject\",\"inLanguage\":\"es\",\"@id\":\"https:\\\/\\\/www.eldiario.net\\\/portal\\\/#\\\/schema\\\/logo\\\/image\\\/\",\"url\":\"https:\\\/\\\/www.eldiario.net\\\/portal\\\/wp-content\\\/uploads\\\/2023\\\/07\\\/logo_ED.jpg\",\"contentUrl\":\"https:\\\/\\\/www.eldiario.net\\\/portal\\\/wp-content\\\/uploads\\\/2023\\\/07\\\/logo_ED.jpg\",\"width\":272,\"height\":52,\"caption\":\"El Diario - Decano de la prensa nacional\"},\"image\":{\"@id\":\"https:\\\/\\\/www.eldiario.net\\\/portal\\\/#\\\/schema\\\/logo\\\/image\\\/\"},\"sameAs\":[\"https:\\\/\\\/www.facebook.com\\\/eldiario.bolivia\\\/\",\"https:\\\/\\\/x.com\\\/eldiario_net\"]},{\"@type\":\"Person\",\"@id\":\"https:\\\/\\\/www.eldiario.net\\\/portal\\\/#\\\/schema\\\/person\\\/f46445640444750d7d753ccd04ae01b7\",\"name\":\"Jeanette\",\"image\":{\"@type\":\"ImageObject\",\"inLanguage\":\"es\",\"@id\":\"https:\\\/\\\/secure.gravatar.com\\\/avatar\\\/3ea2118a5f7dad2b7138b1187a6b7ee55f160b9968b66013c3a3ef39dd7e5798?s=96&d=mm&r=g\",\"url\":\"https:\\\/\\\/secure.gravatar.com\\\/avatar\\\/3ea2118a5f7dad2b7138b1187a6b7ee55f160b9968b66013c3a3ef39dd7e5798?s=96&d=mm&r=g\",\"contentUrl\":\"https:\\\/\\\/secure.gravatar.com\\\/avatar\\\/3ea2118a5f7dad2b7138b1187a6b7ee55f160b9968b66013c3a3ef39dd7e5798?s=96&d=mm&r=g\",\"caption\":\"Jeanette\"},\"sameAs\":[\"https:\\\/\\\/www.eldiario.net\\\/portal\"],\"url\":\"https:\\\/\\\/www.eldiario.net\\\/portal\\\/author\\\/jeanette\\\/\"}]}<\/script>\n<!-- \/ Yoast SEO plugin. -->","yoast_head_json":{"title":"Sedes realiz\u00f3 feria de salud por el D\u00eda Mundial contra la Malaria - El Diario - Bolivia","robots":{"index":"index","follow":"follow","max-snippet":"max-snippet:-1","max-image-preview":"max-image-preview:large","max-video-preview":"max-video-preview:-1"},"canonical":"https:\/\/www.eldiario.net\/portal\/2025\/04\/26\/sedes-realizo-feria-de-salud-por-el-dia-mundial-contra-la-malaria\/","og_locale":"es_ES","og_type":"article","og_title":"Sedes realiz\u00f3 feria de salud por el D\u00eda Mundial contra la Malaria - El Diario - Bolivia","og_description":"El Servicio Departamental de Salud (Sedes) de Santa Cruz, a trav\u00e9s de programa de Malaria, realiz\u00f3 una feria de salud en conmemoraci\u00f3n al \u201cD\u00eda Mundial contra la Malaria\u201d en la plazuela del Estudiante con el apoyo de los institutos Infocal, TecnoUne, T\u00e9cnico Global y la universidad Unifranz. El objeto de esta actividad fue mostrar a [&hellip;]","og_url":"https:\/\/www.eldiario.net\/portal\/2025\/04\/26\/sedes-realizo-feria-de-salud-por-el-dia-mundial-contra-la-malaria\/","og_site_name":"El Diario - Bolivia","article_publisher":"https:\/\/www.facebook.com\/eldiario.bolivia\/","article_published_time":"2025-04-26T10:58:22+00:00","og_image":[{"width":1200,"height":800,"url":"https:\/\/www.eldiario.net\/portal\/wp-content\/uploads\/2025\/04\/72-NAL-2.jpg","type":"image\/jpeg"}],"author":"Jeanette","twitter_card":"summary_large_image","twitter_creator":"@eldiario_net","twitter_site":"@eldiario_net","twitter_misc":{"Escrito por":"Jeanette","Tiempo de lectura":"2 minutos"},"schema":{"@context":"https:\/\/schema.org","@graph":[{"@type":"Article","@id":"https:\/\/www.eldiario.net\/portal\/2025\/04\/26\/sedes-realizo-feria-de-salud-por-el-dia-mundial-contra-la-malaria\/#article","isPartOf":{"@id":"https:\/\/www.eldiario.net\/portal\/2025\/04\/26\/sedes-realizo-feria-de-salud-por-el-dia-mundial-contra-la-malaria\/"},"author":{"name":"Jeanette","@id":"https:\/\/www.eldiario.net\/portal\/#\/schema\/person\/f46445640444750d7d753ccd04ae01b7"},"headline":"Sedes realiz\u00f3 feria de salud por el D\u00eda Mundial contra la Malaria","datePublished":"2025-04-26T10:58:22+00:00","mainEntityOfPage":{"@id":"https:\/\/www.eldiario.net\/portal\/2025\/04\/26\/sedes-realizo-feria-de-salud-por-el-dia-mundial-contra-la-malaria\/"},"wordCount":304,"publisher":{"@id":"https:\/\/www.eldiario.net\/portal\/#organization"},"image":{"@id":"https:\/\/www.eldiario.net\/portal\/2025\/04\/26\/sedes-realizo-feria-de-salud-por-el-dia-mundial-contra-la-malaria\/#primaryimage"},"thumbnailUrl":"https:\/\/www.eldiario.net\/portal\/wp-content\/uploads\/2025\/04\/72-NAL-2.jpg","articleSection":["Nacional"],"inLanguage":"es"},{"@type":"WebPage","@id":"https:\/\/www.eldiario.net\/portal\/2025\/04\/26\/sedes-realizo-feria-de-salud-por-el-dia-mundial-contra-la-malaria\/","url":"https:\/\/www.eldiario.net\/portal\/2025\/04\/26\/sedes-realizo-feria-de-salud-por-el-dia-mundial-contra-la-malaria\/","name":"Sedes realiz\u00f3 feria de salud por el D\u00eda Mundial contra la Malaria - El Diario - Bolivia","isPartOf":{"@id":"https:\/\/www.eldiario.net\/portal\/#website"},"primaryImageOfPage":{"@id":"https:\/\/www.eldiario.net\/portal\/2025\/04\/26\/sedes-realizo-feria-de-salud-por-el-dia-mundial-contra-la-malaria\/#primaryimage"},"image":{"@id":"https:\/\/www.eldiario.net\/portal\/2025\/04\/26\/sedes-realizo-feria-de-salud-por-el-dia-mundial-contra-la-malaria\/#primaryimage"},"thumbnailUrl":"https:\/\/www.eldiario.net\/portal\/wp-content\/uploads\/2025\/04\/72-NAL-2.jpg","datePublished":"2025-04-26T10:58:22+00:00","breadcrumb":{"@id":"https:\/\/www.eldiario.net\/portal\/2025\/04\/26\/sedes-realizo-feria-de-salud-por-el-dia-mundial-contra-la-malaria\/#breadcrumb"},"inLanguage":"es","potentialAction":[{"@type":"ReadAction","target":["https:\/\/www.eldiario.net\/portal\/2025\/04\/26\/sedes-realizo-feria-de-salud-por-el-dia-mundial-contra-la-malaria\/"]}]},{"@type":"ImageObject","inLanguage":"es","@id":"https:\/\/www.eldiario.net\/portal\/2025\/04\/26\/sedes-realizo-feria-de-salud-por-el-dia-mundial-contra-la-malaria\/#primaryimage","url":"https:\/\/www.eldiario.net\/portal\/wp-content\/uploads\/2025\/04\/72-NAL-2.jpg","contentUrl":"https:\/\/www.eldiario.net\/portal\/wp-content\/uploads\/2025\/04\/72-NAL-2.jpg","width":1200,"height":800,"caption":"EL MOSQUITO QUE CAUSA LA MALARIA BAJO PRUEBA MICROSC\u00d3PICA."},{"@type":"BreadcrumbList","@id":"https:\/\/www.eldiario.net\/portal\/2025\/04\/26\/sedes-realizo-feria-de-salud-por-el-dia-mundial-contra-la-malaria\/#breadcrumb","itemListElement":[{"@type":"ListItem","position":1,"name":"Portada","item":"https:\/\/www.eldiario.net\/portal\/"},{"@type":"ListItem","position":2,"name":"Sedes realiz\u00f3 feria de salud por el D\u00eda Mundial contra la Malaria"}]},{"@type":"WebSite","@id":"https:\/\/www.eldiario.net\/portal\/#website","url":"https:\/\/www.eldiario.net\/portal\/","name":"El Diario - Decano de la prensa nacional","description":"El Diario - Decano de la prensa nacional","publisher":{"@id":"https:\/\/www.eldiario.net\/portal\/#organization"},"potentialAction":[{"@type":"SearchAction","target":{"@type":"EntryPoint","urlTemplate":"https:\/\/www.eldiario.net\/portal\/?s={search_term_string}"},"query-input":{"@type":"PropertyValueSpecification","valueRequired":true,"valueName":"search_term_string"}}],"inLanguage":"es"},{"@type":"Organization","@id":"https:\/\/www.eldiario.net\/portal\/#organization","name":"El Diario - Decano de la prensa nacional","url":"https:\/\/www.eldiario.net\/portal\/","logo":{"@type":"ImageObject","inLanguage":"es","@id":"https:\/\/www.eldiario.net\/portal\/#\/schema\/logo\/image\/","url":"https:\/\/www.eldiario.net\/portal\/wp-content\/uploads\/2023\/07\/logo_ED.jpg","contentUrl":"https:\/\/www.eldiario.net\/portal\/wp-content\/uploads\/2023\/07\/logo_ED.jpg","width":272,"height":52,"caption":"El Diario - Decano de la prensa nacional"},"image":{"@id":"https:\/\/www.eldiario.net\/portal\/#\/schema\/logo\/image\/"},"sameAs":["https:\/\/www.facebook.com\/eldiario.bolivia\/","https:\/\/x.com\/eldiario_net"]},{"@type":"Person","@id":"https:\/\/www.eldiario.net\/portal\/#\/schema\/person\/f46445640444750d7d753ccd04ae01b7","name":"Jeanette","image":{"@type":"ImageObject","inLanguage":"es","@id":"https:\/\/secure.gravatar.com\/avatar\/3ea2118a5f7dad2b7138b1187a6b7ee55f160b9968b66013c3a3ef39dd7e5798?s=96&d=mm&r=g","url":"https:\/\/secure.gravatar.com\/avatar\/3ea2118a5f7dad2b7138b1187a6b7ee55f160b9968b66013c3a3ef39dd7e5798?s=96&d=mm&r=g","contentUrl":"https:\/\/secure.gravatar.com\/avatar\/3ea2118a5f7dad2b7138b1187a6b7ee55f160b9968b66013c3a3ef39dd7e5798?s=96&d=mm&r=g","caption":"Jeanette"},"sameAs":["https:\/\/www.eldiario.net\/portal"],"url":"https:\/\/www.eldiario.net\/portal\/author\/jeanette\/"}]}},"_links":{"self":[{"href":"https:\/\/www.eldiario.net\/portal\/wp-json\/wp\/v2\/posts\/297974","targetHints":{"allow":["GET"]}}],"collection":[{"href":"https:\/\/www.eldiario.net\/portal\/wp-json\/wp\/v2\/posts"}],"about":[{"href":"https:\/\/www.eldiario.net\/portal\/wp-json\/wp\/v2\/types\/post"}],"author":[{"embeddable":true,"href":"https:\/\/www.eldiario.net\/portal\/wp-json\/wp\/v2\/users\/1"}],"replies":[{"embeddable":true,"href":"https:\/\/www.eldiario.net\/portal\/wp-json\/wp\/v2\/comments?post=297974"}],"version-history":[{"count":1,"href":"https:\/\/www.eldiario.net\/portal\/wp-json\/wp\/v2\/posts\/297974\/revisions"}],"predecessor-version":[{"id":297976,"href":"https:\/\/www.eldiario.net\/portal\/wp-json\/wp\/v2\/posts\/297974\/revisions\/297976"}],"wp:featuredmedia":[{"embeddable":true,"href":"https:\/\/www.eldiario.net\/portal\/wp-json\/wp\/v2\/media\/297975"}],"wp:attachment":[{"href":"https:\/\/www.eldiario.net\/portal\/wp-json\/wp\/v2\/media?parent=297974"}],"wp:term":[{"taxonomy":"category","embeddable":true,"href":"https:\/\/www.eldiario.net\/portal\/wp-json\/wp\/v2\/categories?post=297974"},{"taxonomy":"post_tag","embeddable":true,"href":"https:\/\/www.eldiario.net\/portal\/wp-json\/wp\/v2\/tags?post=297974"}],"curies":[{"name":"wp","href":"https:\/\/api.w.org\/{rel}","templated":true}]}}