{"id":297947,"date":"2025-04-25T17:48:43","date_gmt":"2025-04-25T21:48:43","guid":{"rendered":"https:\/\/www.eldiario.net\/portal\/?p=297947"},"modified":"2025-04-25T17:48:43","modified_gmt":"2025-04-25T21:48:43","slug":"funeral-del-papa-expone-tensiones-diplomaticas-entre-trump-y-zelensky-1748","status":"publish","type":"post","link":"https:\/\/www.eldiario.net\/portal\/2025\/04\/25\/funeral-del-papa-expone-tensiones-diplomaticas-entre-trump-y-zelensky-1748\/","title":{"rendered":"Funeral del Papa expone tensiones diplom\u00e1ticas entre Trump y Zelensky. (17:48)"},"content":{"rendered":"<p>El funeral del Papa Francisco reunir\u00e1 a 140 delegaciones este s\u00e1bado en el Vaticano, incluidos Donald Trump y Volodymyr Zelensky. En ese marco solemne, Kiev intenta promover una minicumbre sobre el conflicto en Ucrania, presionando a Roma para que facilite un encuentro multilateral con potencias de la OTAN, aunque el gobierno italiano se muestra reticente ante el riesgo diplom\u00e1tico.<\/p>\n<p>Mientras tanto, Trump podr\u00eda sostener reuniones bilaterales informales en Roma, aunque la posibilidad de un encuentro con Zelensky parece lejana. La relaci\u00f3n entre ambos l\u00edderes atraviesa tensiones desde una fallida reuni\u00f3n en Washington en febrero, marcada por reproches p\u00fablicos. Seg\u00fan la prensa italiana, durante la ceremonia en el Vaticano ser\u00e1n ubicados en sectores alejados, reflejo del actual distanciamiento pol\u00edtico.<\/p>\n","protected":false},"excerpt":{"rendered":"<p>El funeral del Papa Francisco reunir\u00e1 a 140 delegaciones este s\u00e1bado en el Vaticano, incluidos Donald Trump y Volodymyr Zelensky. En ese marco solemne, Kiev intenta promover una minicumbre sobre el conflicto en Ucrania, presionando a Roma para que facilite un encuentro multilateral con potencias de la OTAN, aunque el gobierno italiano se muestra reticente [&hellip;]<\/p>\n","protected":false},"author":7,"featured_media":297948,"comment_status":"closed","ping_status":"open","sticky":false,"template":"","format":"standard","meta":{"_acf_changed":false,"footnotes":""},"categories":[51],"tags":[],"class_list":["post-297947","post","type-post","status-publish","format-standard","has-post-thumbnail","category-ultima-hora"],"acf":{"antetitulo":""},"yoast_head":"<!-- This site is optimized with the Yoast SEO plugin v28.3 - https:\/\/yoast.com\/product\/yoast-seo-wordpress\/ -->\n<title>Funeral del Papa expone tensiones diplom\u00e1ticas entre Trump y Zelensky. (17:48) - El Diario - Bolivia<\/title>\n<meta name=\"robots\" content=\"index, follow, max-snippet:-1, max-image-preview:large, max-video-preview:-1\" \/>\n<link rel=\"canonical\" href=\"https:\/\/www.eldiario.net\/portal\/2025\/04\/25\/funeral-del-papa-expone-tensiones-diplomaticas-entre-trump-y-zelensky-1748\/\" \/>\n<meta property=\"og:locale\" content=\"es_ES\" \/>\n<meta property=\"og:type\" content=\"article\" \/>\n<meta property=\"og:title\" content=\"Funeral del Papa expone tensiones diplom\u00e1ticas entre Trump y Zelensky. (17:48) - El Diario - Bolivia\" \/>\n<meta property=\"og:description\" content=\"El funeral del Papa Francisco reunir\u00e1 a 140 delegaciones este s\u00e1bado en el Vaticano, incluidos Donald Trump y Volodymyr Zelensky. En ese marco solemne, Kiev intenta promover una minicumbre sobre el conflicto en Ucrania, presionando a Roma para que facilite un encuentro multilateral con potencias de la OTAN, aunque el gobierno italiano se muestra reticente [&hellip;]\" \/>\n<meta property=\"og:url\" content=\"https:\/\/www.eldiario.net\/portal\/2025\/04\/25\/funeral-del-papa-expone-tensiones-diplomaticas-entre-trump-y-zelensky-1748\/\" \/>\n<meta property=\"og:site_name\" content=\"El Diario - Bolivia\" \/>\n<meta property=\"article:publisher\" content=\"https:\/\/www.facebook.com\/eldiario.bolivia\/\" \/>\n<meta property=\"article:published_time\" content=\"2025-04-25T21:48:43+00:00\" \/>\n<meta property=\"og:image\" content=\"https:\/\/www.eldiario.net\/portal\/wp-content\/uploads\/2025\/04\/funeral-del-papa-25.04.25-e1745617674689.jpg\" \/>\n\t<meta property=\"og:image:width\" content=\"300\" \/>\n\t<meta property=\"og:image:height\" content=\"246\" \/>\n\t<meta property=\"og:image:type\" content=\"image\/jpeg\" \/>\n<meta name=\"author\" content=\"Viviana Monrroy\" \/>\n<meta name=\"twitter:card\" content=\"summary_large_image\" \/>\n<meta name=\"twitter:creator\" content=\"@eldiario_net\" \/>\n<meta name=\"twitter:site\" content=\"@eldiario_net\" \/>\n<meta name=\"twitter:label1\" content=\"Escrito por\" \/>\n\t<meta name=\"twitter:data1\" content=\"Viviana Monrroy\" \/>\n\t<meta name=\"twitter:label2\" content=\"Tiempo de lectura\" \/>\n\t<meta name=\"twitter:data2\" content=\"1 minuto\" \/>\n<script type=\"application\/ld+json\" class=\"yoast-schema-graph\">{\"@context\":\"https:\\\/\\\/schema.org\",\"@graph\":[{\"@type\":\"Article\",\"@id\":\"https:\\\/\\\/www.eldiario.net\\\/portal\\\/2025\\\/04\\\/25\\\/funeral-del-papa-expone-tensiones-diplomaticas-entre-trump-y-zelensky-1748\\\/#article\",\"isPartOf\":{\"@id\":\"https:\\\/\\\/www.eldiario.net\\\/portal\\\/2025\\\/04\\\/25\\\/funeral-del-papa-expone-tensiones-diplomaticas-entre-trump-y-zelensky-1748\\\/\"},\"author\":{\"name\":\"Viviana Monrroy\",\"@id\":\"https:\\\/\\\/www.eldiario.net\\\/portal\\\/#\\\/schema\\\/person\\\/ba370d92d160f4d3574381f6d9b78fab\"},\"headline\":\"Funeral del Papa expone tensiones diplom\u00e1ticas entre Trump y Zelensky. (17:48)\",\"datePublished\":\"2025-04-25T21:48:43+00:00\",\"mainEntityOfPage\":{\"@id\":\"https:\\\/\\\/www.eldiario.net\\\/portal\\\/2025\\\/04\\\/25\\\/funeral-del-papa-expone-tensiones-diplomaticas-entre-trump-y-zelensky-1748\\\/\"},\"wordCount\":138,\"publisher\":{\"@id\":\"https:\\\/\\\/www.eldiario.net\\\/portal\\\/#organization\"},\"image\":{\"@id\":\"https:\\\/\\\/www.eldiario.net\\\/portal\\\/2025\\\/04\\\/25\\\/funeral-del-papa-expone-tensiones-diplomaticas-entre-trump-y-zelensky-1748\\\/#primaryimage\"},\"thumbnailUrl\":\"https:\\\/\\\/www.eldiario.net\\\/portal\\\/wp-content\\\/uploads\\\/2025\\\/04\\\/funeral-del-papa-25.04.25-e1745617674689.jpg\",\"articleSection\":[\"\u00daltima Hora\"],\"inLanguage\":\"es\"},{\"@type\":\"WebPage\",\"@id\":\"https:\\\/\\\/www.eldiario.net\\\/portal\\\/2025\\\/04\\\/25\\\/funeral-del-papa-expone-tensiones-diplomaticas-entre-trump-y-zelensky-1748\\\/\",\"url\":\"https:\\\/\\\/www.eldiario.net\\\/portal\\\/2025\\\/04\\\/25\\\/funeral-del-papa-expone-tensiones-diplomaticas-entre-trump-y-zelensky-1748\\\/\",\"name\":\"Funeral del Papa expone tensiones diplom\u00e1ticas entre Trump y Zelensky. (17:48) - El Diario - Bolivia\",\"isPartOf\":{\"@id\":\"https:\\\/\\\/www.eldiario.net\\\/portal\\\/#website\"},\"primaryImageOfPage\":{\"@id\":\"https:\\\/\\\/www.eldiario.net\\\/portal\\\/2025\\\/04\\\/25\\\/funeral-del-papa-expone-tensiones-diplomaticas-entre-trump-y-zelensky-1748\\\/#primaryimage\"},\"image\":{\"@id\":\"https:\\\/\\\/www.eldiario.net\\\/portal\\\/2025\\\/04\\\/25\\\/funeral-del-papa-expone-tensiones-diplomaticas-entre-trump-y-zelensky-1748\\\/#primaryimage\"},\"thumbnailUrl\":\"https:\\\/\\\/www.eldiario.net\\\/portal\\\/wp-content\\\/uploads\\\/2025\\\/04\\\/funeral-del-papa-25.04.25-e1745617674689.jpg\",\"datePublished\":\"2025-04-25T21:48:43+00:00\",\"breadcrumb\":{\"@id\":\"https:\\\/\\\/www.eldiario.net\\\/portal\\\/2025\\\/04\\\/25\\\/funeral-del-papa-expone-tensiones-diplomaticas-entre-trump-y-zelensky-1748\\\/#breadcrumb\"},\"inLanguage\":\"es\",\"potentialAction\":[{\"@type\":\"ReadAction\",\"target\":[\"https:\\\/\\\/www.eldiario.net\\\/portal\\\/2025\\\/04\\\/25\\\/funeral-del-papa-expone-tensiones-diplomaticas-entre-trump-y-zelensky-1748\\\/\"]}]},{\"@type\":\"ImageObject\",\"inLanguage\":\"es\",\"@id\":\"https:\\\/\\\/www.eldiario.net\\\/portal\\\/2025\\\/04\\\/25\\\/funeral-del-papa-expone-tensiones-diplomaticas-entre-trump-y-zelensky-1748\\\/#primaryimage\",\"url\":\"https:\\\/\\\/www.eldiario.net\\\/portal\\\/wp-content\\\/uploads\\\/2025\\\/04\\\/funeral-del-papa-25.04.25-e1745617674689.jpg\",\"contentUrl\":\"https:\\\/\\\/www.eldiario.net\\\/portal\\\/wp-content\\\/uploads\\\/2025\\\/04\\\/funeral-del-papa-25.04.25-e1745617674689.jpg\",\"width\":300,\"height\":246,\"caption\":\"Foto: RR.SS.\"},{\"@type\":\"BreadcrumbList\",\"@id\":\"https:\\\/\\\/www.eldiario.net\\\/portal\\\/2025\\\/04\\\/25\\\/funeral-del-papa-expone-tensiones-diplomaticas-entre-trump-y-zelensky-1748\\\/#breadcrumb\",\"itemListElement\":[{\"@type\":\"ListItem\",\"position\":1,\"name\":\"Portada\",\"item\":\"https:\\\/\\\/www.eldiario.net\\\/portal\\\/\"},{\"@type\":\"ListItem\",\"position\":2,\"name\":\"Funeral del Papa expone tensiones diplom\u00e1ticas entre Trump y Zelensky. (17:48)\"}]},{\"@type\":\"WebSite\",\"@id\":\"https:\\\/\\\/www.eldiario.net\\\/portal\\\/#website\",\"url\":\"https:\\\/\\\/www.eldiario.net\\\/portal\\\/\",\"name\":\"El Diario - Decano de la prensa nacional\",\"description\":\"El Diario - Decano de la prensa nacional\",\"publisher\":{\"@id\":\"https:\\\/\\\/www.eldiario.net\\\/portal\\\/#organization\"},\"potentialAction\":[{\"@type\":\"SearchAction\",\"target\":{\"@type\":\"EntryPoint\",\"urlTemplate\":\"https:\\\/\\\/www.eldiario.net\\\/portal\\\/?s={search_term_string}\"},\"query-input\":{\"@type\":\"PropertyValueSpecification\",\"valueRequired\":true,\"valueName\":\"search_term_string\"}}],\"inLanguage\":\"es\"},{\"@type\":\"Organization\",\"@id\":\"https:\\\/\\\/www.eldiario.net\\\/portal\\\/#organization\",\"name\":\"El Diario - Decano de la prensa nacional\",\"url\":\"https:\\\/\\\/www.eldiario.net\\\/portal\\\/\",\"logo\":{\"@type\":\"ImageObject\",\"inLanguage\":\"es\",\"@id\":\"https:\\\/\\\/www.eldiario.net\\\/portal\\\/#\\\/schema\\\/logo\\\/image\\\/\",\"url\":\"https:\\\/\\\/www.eldiario.net\\\/portal\\\/wp-content\\\/uploads\\\/2023\\\/07\\\/logo_ED.jpg\",\"contentUrl\":\"https:\\\/\\\/www.eldiario.net\\\/portal\\\/wp-content\\\/uploads\\\/2023\\\/07\\\/logo_ED.jpg\",\"width\":272,\"height\":52,\"caption\":\"El Diario - Decano de la prensa nacional\"},\"image\":{\"@id\":\"https:\\\/\\\/www.eldiario.net\\\/portal\\\/#\\\/schema\\\/logo\\\/image\\\/\"},\"sameAs\":[\"https:\\\/\\\/www.facebook.com\\\/eldiario.bolivia\\\/\",\"https:\\\/\\\/x.com\\\/eldiario_net\"]},{\"@type\":\"Person\",\"@id\":\"https:\\\/\\\/www.eldiario.net\\\/portal\\\/#\\\/schema\\\/person\\\/ba370d92d160f4d3574381f6d9b78fab\",\"name\":\"Viviana Monrroy\",\"image\":{\"@type\":\"ImageObject\",\"inLanguage\":\"es\",\"@id\":\"https:\\\/\\\/secure.gravatar.com\\\/avatar\\\/dfd1611ed5600959a0e5a9754503b6c05d1dcf190010998e0363aee2ad98afca?s=96&d=mm&r=g\",\"url\":\"https:\\\/\\\/secure.gravatar.com\\\/avatar\\\/dfd1611ed5600959a0e5a9754503b6c05d1dcf190010998e0363aee2ad98afca?s=96&d=mm&r=g\",\"contentUrl\":\"https:\\\/\\\/secure.gravatar.com\\\/avatar\\\/dfd1611ed5600959a0e5a9754503b6c05d1dcf190010998e0363aee2ad98afca?s=96&d=mm&r=g\",\"caption\":\"Viviana Monrroy\"},\"sameAs\":[\"http:\\\/\\\/www.eldiario.net\"],\"url\":\"https:\\\/\\\/www.eldiario.net\\\/portal\\\/author\\\/vivianamonrroy\\\/\"}]}<\/script>\n<!-- \/ Yoast SEO plugin. -->","yoast_head_json":{"title":"Funeral del Papa expone tensiones diplom\u00e1ticas entre Trump y Zelensky. (17:48) - El Diario - Bolivia","robots":{"index":"index","follow":"follow","max-snippet":"max-snippet:-1","max-image-preview":"max-image-preview:large","max-video-preview":"max-video-preview:-1"},"canonical":"https:\/\/www.eldiario.net\/portal\/2025\/04\/25\/funeral-del-papa-expone-tensiones-diplomaticas-entre-trump-y-zelensky-1748\/","og_locale":"es_ES","og_type":"article","og_title":"Funeral del Papa expone tensiones diplom\u00e1ticas entre Trump y Zelensky. (17:48) - El Diario - Bolivia","og_description":"El funeral del Papa Francisco reunir\u00e1 a 140 delegaciones este s\u00e1bado en el Vaticano, incluidos Donald Trump y Volodymyr Zelensky. En ese marco solemne, Kiev intenta promover una minicumbre sobre el conflicto en Ucrania, presionando a Roma para que facilite un encuentro multilateral con potencias de la OTAN, aunque el gobierno italiano se muestra reticente [&hellip;]","og_url":"https:\/\/www.eldiario.net\/portal\/2025\/04\/25\/funeral-del-papa-expone-tensiones-diplomaticas-entre-trump-y-zelensky-1748\/","og_site_name":"El Diario - Bolivia","article_publisher":"https:\/\/www.facebook.com\/eldiario.bolivia\/","article_published_time":"2025-04-25T21:48:43+00:00","og_image":[{"width":300,"height":246,"url":"https:\/\/www.eldiario.net\/portal\/wp-content\/uploads\/2025\/04\/funeral-del-papa-25.04.25-e1745617674689.jpg","type":"image\/jpeg"}],"author":"Viviana Monrroy","twitter_card":"summary_large_image","twitter_creator":"@eldiario_net","twitter_site":"@eldiario_net","twitter_misc":{"Escrito por":"Viviana Monrroy","Tiempo de lectura":"1 minuto"},"schema":{"@context":"https:\/\/schema.org","@graph":[{"@type":"Article","@id":"https:\/\/www.eldiario.net\/portal\/2025\/04\/25\/funeral-del-papa-expone-tensiones-diplomaticas-entre-trump-y-zelensky-1748\/#article","isPartOf":{"@id":"https:\/\/www.eldiario.net\/portal\/2025\/04\/25\/funeral-del-papa-expone-tensiones-diplomaticas-entre-trump-y-zelensky-1748\/"},"author":{"name":"Viviana Monrroy","@id":"https:\/\/www.eldiario.net\/portal\/#\/schema\/person\/ba370d92d160f4d3574381f6d9b78fab"},"headline":"Funeral del Papa expone tensiones diplom\u00e1ticas entre Trump y Zelensky. (17:48)","datePublished":"2025-04-25T21:48:43+00:00","mainEntityOfPage":{"@id":"https:\/\/www.eldiario.net\/portal\/2025\/04\/25\/funeral-del-papa-expone-tensiones-diplomaticas-entre-trump-y-zelensky-1748\/"},"wordCount":138,"publisher":{"@id":"https:\/\/www.eldiario.net\/portal\/#organization"},"image":{"@id":"https:\/\/www.eldiario.net\/portal\/2025\/04\/25\/funeral-del-papa-expone-tensiones-diplomaticas-entre-trump-y-zelensky-1748\/#primaryimage"},"thumbnailUrl":"https:\/\/www.eldiario.net\/portal\/wp-content\/uploads\/2025\/04\/funeral-del-papa-25.04.25-e1745617674689.jpg","articleSection":["\u00daltima Hora"],"inLanguage":"es"},{"@type":"WebPage","@id":"https:\/\/www.eldiario.net\/portal\/2025\/04\/25\/funeral-del-papa-expone-tensiones-diplomaticas-entre-trump-y-zelensky-1748\/","url":"https:\/\/www.eldiario.net\/portal\/2025\/04\/25\/funeral-del-papa-expone-tensiones-diplomaticas-entre-trump-y-zelensky-1748\/","name":"Funeral del Papa expone tensiones diplom\u00e1ticas entre Trump y Zelensky. (17:48) - El Diario - Bolivia","isPartOf":{"@id":"https:\/\/www.eldiario.net\/portal\/#website"},"primaryImageOfPage":{"@id":"https:\/\/www.eldiario.net\/portal\/2025\/04\/25\/funeral-del-papa-expone-tensiones-diplomaticas-entre-trump-y-zelensky-1748\/#primaryimage"},"image":{"@id":"https:\/\/www.eldiario.net\/portal\/2025\/04\/25\/funeral-del-papa-expone-tensiones-diplomaticas-entre-trump-y-zelensky-1748\/#primaryimage"},"thumbnailUrl":"https:\/\/www.eldiario.net\/portal\/wp-content\/uploads\/2025\/04\/funeral-del-papa-25.04.25-e1745617674689.jpg","datePublished":"2025-04-25T21:48:43+00:00","breadcrumb":{"@id":"https:\/\/www.eldiario.net\/portal\/2025\/04\/25\/funeral-del-papa-expone-tensiones-diplomaticas-entre-trump-y-zelensky-1748\/#breadcrumb"},"inLanguage":"es","potentialAction":[{"@type":"ReadAction","target":["https:\/\/www.eldiario.net\/portal\/2025\/04\/25\/funeral-del-papa-expone-tensiones-diplomaticas-entre-trump-y-zelensky-1748\/"]}]},{"@type":"ImageObject","inLanguage":"es","@id":"https:\/\/www.eldiario.net\/portal\/2025\/04\/25\/funeral-del-papa-expone-tensiones-diplomaticas-entre-trump-y-zelensky-1748\/#primaryimage","url":"https:\/\/www.eldiario.net\/portal\/wp-content\/uploads\/2025\/04\/funeral-del-papa-25.04.25-e1745617674689.jpg","contentUrl":"https:\/\/www.eldiario.net\/portal\/wp-content\/uploads\/2025\/04\/funeral-del-papa-25.04.25-e1745617674689.jpg","width":300,"height":246,"caption":"Foto: RR.SS."},{"@type":"BreadcrumbList","@id":"https:\/\/www.eldiario.net\/portal\/2025\/04\/25\/funeral-del-papa-expone-tensiones-diplomaticas-entre-trump-y-zelensky-1748\/#breadcrumb","itemListElement":[{"@type":"ListItem","position":1,"name":"Portada","item":"https:\/\/www.eldiario.net\/portal\/"},{"@type":"ListItem","position":2,"name":"Funeral del Papa expone tensiones diplom\u00e1ticas entre Trump y Zelensky. (17:48)"}]},{"@type":"WebSite","@id":"https:\/\/www.eldiario.net\/portal\/#website","url":"https:\/\/www.eldiario.net\/portal\/","name":"El Diario - Decano de la prensa nacional","description":"El Diario - Decano de la prensa nacional","publisher":{"@id":"https:\/\/www.eldiario.net\/portal\/#organization"},"potentialAction":[{"@type":"SearchAction","target":{"@type":"EntryPoint","urlTemplate":"https:\/\/www.eldiario.net\/portal\/?s={search_term_string}"},"query-input":{"@type":"PropertyValueSpecification","valueRequired":true,"valueName":"search_term_string"}}],"inLanguage":"es"},{"@type":"Organization","@id":"https:\/\/www.eldiario.net\/portal\/#organization","name":"El Diario - Decano de la prensa nacional","url":"https:\/\/www.eldiario.net\/portal\/","logo":{"@type":"ImageObject","inLanguage":"es","@id":"https:\/\/www.eldiario.net\/portal\/#\/schema\/logo\/image\/","url":"https:\/\/www.eldiario.net\/portal\/wp-content\/uploads\/2023\/07\/logo_ED.jpg","contentUrl":"https:\/\/www.eldiario.net\/portal\/wp-content\/uploads\/2023\/07\/logo_ED.jpg","width":272,"height":52,"caption":"El Diario - Decano de la prensa nacional"},"image":{"@id":"https:\/\/www.eldiario.net\/portal\/#\/schema\/logo\/image\/"},"sameAs":["https:\/\/www.facebook.com\/eldiario.bolivia\/","https:\/\/x.com\/eldiario_net"]},{"@type":"Person","@id":"https:\/\/www.eldiario.net\/portal\/#\/schema\/person\/ba370d92d160f4d3574381f6d9b78fab","name":"Viviana Monrroy","image":{"@type":"ImageObject","inLanguage":"es","@id":"https:\/\/secure.gravatar.com\/avatar\/dfd1611ed5600959a0e5a9754503b6c05d1dcf190010998e0363aee2ad98afca?s=96&d=mm&r=g","url":"https:\/\/secure.gravatar.com\/avatar\/dfd1611ed5600959a0e5a9754503b6c05d1dcf190010998e0363aee2ad98afca?s=96&d=mm&r=g","contentUrl":"https:\/\/secure.gravatar.com\/avatar\/dfd1611ed5600959a0e5a9754503b6c05d1dcf190010998e0363aee2ad98afca?s=96&d=mm&r=g","caption":"Viviana Monrroy"},"sameAs":["http:\/\/www.eldiario.net"],"url":"https:\/\/www.eldiario.net\/portal\/author\/vivianamonrroy\/"}]}},"_links":{"self":[{"href":"https:\/\/www.eldiario.net\/portal\/wp-json\/wp\/v2\/posts\/297947","targetHints":{"allow":["GET"]}}],"collection":[{"href":"https:\/\/www.eldiario.net\/portal\/wp-json\/wp\/v2\/posts"}],"about":[{"href":"https:\/\/www.eldiario.net\/portal\/wp-json\/wp\/v2\/types\/post"}],"author":[{"embeddable":true,"href":"https:\/\/www.eldiario.net\/portal\/wp-json\/wp\/v2\/users\/7"}],"replies":[{"embeddable":true,"href":"https:\/\/www.eldiario.net\/portal\/wp-json\/wp\/v2\/comments?post=297947"}],"version-history":[{"count":1,"href":"https:\/\/www.eldiario.net\/portal\/wp-json\/wp\/v2\/posts\/297947\/revisions"}],"predecessor-version":[{"id":297949,"href":"https:\/\/www.eldiario.net\/portal\/wp-json\/wp\/v2\/posts\/297947\/revisions\/297949"}],"wp:featuredmedia":[{"embeddable":true,"href":"https:\/\/www.eldiario.net\/portal\/wp-json\/wp\/v2\/media\/297948"}],"wp:attachment":[{"href":"https:\/\/www.eldiario.net\/portal\/wp-json\/wp\/v2\/media?parent=297947"}],"wp:term":[{"taxonomy":"category","embeddable":true,"href":"https:\/\/www.eldiario.net\/portal\/wp-json\/wp\/v2\/categories?post=297947"},{"taxonomy":"post_tag","embeddable":true,"href":"https:\/\/www.eldiario.net\/portal\/wp-json\/wp\/v2\/tags?post=297947"}],"curies":[{"name":"wp","href":"https:\/\/api.w.org\/{rel}","templated":true}]}}