{"id":2971,"date":"2021-05-10T04:29:10","date_gmt":"2021-05-10T08:29:10","guid":{"rendered":"https:\/\/www.eldiario.net\/portal\/?p=2971"},"modified":"2021-05-10T04:29:10","modified_gmt":"2021-05-10T08:29:10","slug":"destacan-compromiso-de-periodistas-con-la-sociedad","status":"publish","type":"post","link":"https:\/\/www.eldiario.net\/portal\/2021\/05\/10\/destacan-compromiso-de-periodistas-con-la-sociedad\/","title":{"rendered":"Destacan compromiso de periodistas con la sociedad"},"content":{"rendered":"<p>En el D\u00eda del Periodista Boliviano, legisladores nacionales, activistas por los Derechos Humanos y miembros el gremio advierten que la labor period\u00edstica en el pa\u00eds corre peligro por la censura, presi\u00f3n econ\u00f3mica y el descuido en la protecci\u00f3n sanitaria para los trabajadores del rubro.<br \/>\nDesde las organizaciones que aglutinan a trabajadores de la prensa y medios de comunicaci\u00f3n como la Asociaci\u00f3n Nacional de la Prensa (ANP) y la Asociaci\u00f3n Nacional de Periodistas de Bolivia (ANPB) se destaca el alto grado de compromiso de los trabajadores de la informaci\u00f3n para mantener informada a la ciudadan\u00eda sobre temas de inter\u00e9s como la salud, la seguridad ciudadana o la compleja din\u00e1mica de la vida pol\u00edtica boliviana, a\u00fan a pesar de los riesgos que rodean a estas fuentes.<br \/>\nTambi\u00e9n se destaca la labor del periodismo boliviano que supo acompa\u00f1ar el devenir de la historia del pa\u00eds, como un testigo en primera fila de los acontecimientos que marcaron la transformaci\u00f3n de Bolivia.<br \/>\nEstas instancias manifiestan que el periodista no tiene horario en su trabajo y debe acudir all\u00ed, donde se genera la noticia en este tiempo, poniendo en serio riesgo su vida y su integridad f\u00edsica a merced de grupos violentos enceguecidos o adoctrinados por una determinada causa.<\/p>\n<p>DEFENSA DE LA<br \/>\nDEMOCRACIA<br \/>\nCon relaci\u00f3n a este d\u00eda, el diputado por la agrupaci\u00f3n Comunidad Ciudadana y experiodista, Orlando Valdez, expres\u00f3 su saludo y felicitaci\u00f3n a todos los profesionales que ejercen el periodismo en el pa\u00eds, a quienes llam\u00f3 a continuar brindando este servicio a la poblaci\u00f3n, defendiendo la democracia y ejerciendo la libertad de prensa.<br \/>\nEl parlamentario se\u00f1al\u00f3 que se pueden observar muchas amenazas a la labor de los periodistas, estas van desde trabas al momento de ejercer la libertad de prensa, amedrentamiento en redes sociales, descuidos en la protecci\u00f3n sanitaria ante la pandemia del coronavirus y recientes intentos de judicializar esta labor.<br \/>\n\u201cEn la actual coyuntura pol\u00edtica, como desde hace 14 a\u00f1os, la libertad de prensa est\u00e1 en serio riesgo, en este \u00faltimo tiempo inclusive se pretende judicializar el ejercicio period\u00edstico en nuestro pa\u00eds, desconociendo los estatutos del gremio\u201d, dijo.<\/p>\n<p>LIBERTAD DE PRENSA<br \/>\nPara el representante del Comit\u00e9 Nacional por la Defensa de la Democracia (Conade), Manuel Morales, uno de los principales problemas por los que atraviesa la labor de la prensa en la actualidad es la censura mediante publicidad.<br \/>\n\u201cQue los medios de comunicaci\u00f3n tengan absoluta libertad y que se evite cualquier forma de censura o autocensura, la famosa publicidad estatal se est\u00e1 utilizando como un arma para generar discriminaci\u00f3n hacia los medios de comunicaci\u00f3n, pues hay medios que gozan de la publicidad estatal y otros que no, y a partir de ah\u00ed se ven medios que crecen y otros que no\u201d se\u00f1al\u00f3, a tiempo de expresar su homenaje a los periodistas.<br \/>\nAl respecto, Valdez sostuvo que se han dado varios casos en que periodistas cr\u00edticos al r\u00e9gimen de turno, han sido desplazados de sus medios o han tenido que renunciar a estos, por presi\u00f3n econ\u00f3mica, al no estar alineados al poder, por lo que es obligaci\u00f3n de los gremios del \u00e1rea, luchar para garantizar la libertad de prensa.<br \/>\n\u201cTendr\u00e1n que ponerse, los gremios que representan a los periodistas, a los trabajadores de la prensa, en defensa de la libertad de expresi\u00f3n, de prensa y el ejercicio democr\u00e1tico que todos tenemos\u201d, indic\u00f3.<br \/>\nMorales, adem\u00e1s, calific\u00f3 como preocupantes las condiciones en las que periodistas han ejercido su trabajo a lo largo de la emergencia sanitaria por la que atraviesa el mundo, siendo que este sector en ning\u00fan momento detuvo su labor de mantener informada a la poblaci\u00f3n.<\/p>\n<p>LABOR RIESGOSA<br \/>\nAl respecto, el analista y periodista, Iv\u00e1n Rada, advirti\u00f3 que tanto los profesionales en este campo como medios de comunicaci\u00f3n han tenido que habituarse al trabajo en pandemia, y esta coyuntura sanitaria hizo que la labor del periodista se vea afectada por dos flancos.<br \/>\nPrimero la exposici\u00f3n de los reporteros de cobertura que no cuentan con las medidas de bioseguridad requeridas y, por otro lado, est\u00e1 la econom\u00eda que se vio mermada por temas salariales, pero tambi\u00e9n por el uso de tecnolog\u00edas para mandar los despachos, cuyo costo corri\u00f3 en casi su totalidad, por los propios periodistas.<br \/>\n\u201cHacer periodismo en tiempos de pandemia resulta riesgoso y se debe ajustar de forma inmediata los mecanismos dentro de las empresas de comunicaci\u00f3n para facilitar esta labor\u201d, se\u00f1al\u00f3.<br \/>\nEl D\u00eda del Periodista Boliviano fue instituido en conmemoraci\u00f3n a la instituci\u00f3n de un Decreto Supremo de similar fecha en 1938, mediante el cual el presidente Germ\u00e1n Busch Becerra, reivindic\u00f3 los derechos de los trabajadores de la prensa, anunciando la creaci\u00f3n de un denominado Montep\u00edo (Seguro Social) para los periodistas, que al final nunca se puso en vigencia. El mismo d\u00eda, pero en 1865, el dictador Mariano Melgarejo orden\u00f3 el ajusticiamiento del periodista Cirilo Barrag\u00e1n, por un art\u00edculo que criticaba a esa autocracia.<br \/>\nEstos dos acontecimientos hist\u00f3ricos marcan la celebraci\u00f3n de este d\u00eda que encuentra a los periodistas trabajando, como el mejor homenaje a nuestro pueblo, al que nos debemos.<\/p>\n","protected":false},"excerpt":{"rendered":"<p>En el D\u00eda del Periodista Boliviano, legisladores nacionales, activistas por los Derechos Humanos y miembros el gremio advierten que la labor period\u00edstica en el pa\u00eds corre peligro por la censura, presi\u00f3n econ\u00f3mica y el descuido en la protecci\u00f3n sanitaria para los trabajadores del rubro. Desde las organizaciones que aglutinan a trabajadores de la prensa y [&hellip;]<\/p>\n","protected":false},"author":1,"featured_media":2972,"comment_status":"closed","ping_status":"open","sticky":false,"template":"","format":"standard","meta":{"_acf_changed":false,"footnotes":""},"categories":[14],"tags":[],"class_list":["post-2971","post","type-post","status-publish","format-standard","has-post-thumbnail","category-politica"],"acf":{"antetitulo":""},"yoast_head":"<!-- This site is optimized with the Yoast SEO plugin v28.3 - https:\/\/yoast.com\/product\/yoast-seo-wordpress\/ -->\n<title>Destacan compromiso de periodistas con la sociedad - El Diario - Bolivia<\/title>\n<meta name=\"robots\" content=\"index, follow, max-snippet:-1, max-image-preview:large, max-video-preview:-1\" \/>\n<link rel=\"canonical\" href=\"https:\/\/www.eldiario.net\/portal\/2021\/05\/10\/destacan-compromiso-de-periodistas-con-la-sociedad\/\" \/>\n<meta property=\"og:locale\" content=\"es_ES\" \/>\n<meta property=\"og:type\" content=\"article\" \/>\n<meta property=\"og:title\" content=\"Destacan compromiso de periodistas con la sociedad - El Diario - Bolivia\" \/>\n<meta property=\"og:description\" content=\"En el D\u00eda del Periodista Boliviano, legisladores nacionales, activistas por los Derechos Humanos y miembros el gremio advierten que la labor period\u00edstica en el pa\u00eds corre peligro por la censura, presi\u00f3n econ\u00f3mica y el descuido en la protecci\u00f3n sanitaria para los trabajadores del rubro. Desde las organizaciones que aglutinan a trabajadores de la prensa y [&hellip;]\" \/>\n<meta property=\"og:url\" content=\"https:\/\/www.eldiario.net\/portal\/2021\/05\/10\/destacan-compromiso-de-periodistas-con-la-sociedad\/\" \/>\n<meta property=\"og:site_name\" content=\"El Diario - Bolivia\" \/>\n<meta property=\"article:publisher\" content=\"https:\/\/www.facebook.com\/eldiario.bolivia\/\" \/>\n<meta property=\"article:published_time\" content=\"2021-05-10T08:29:10+00:00\" \/>\n<meta name=\"author\" content=\"Jeanette\" \/>\n<meta name=\"twitter:card\" content=\"summary_large_image\" \/>\n<meta name=\"twitter:creator\" content=\"@eldiario_net\" \/>\n<meta name=\"twitter:site\" content=\"@eldiario_net\" \/>\n<meta name=\"twitter:label1\" content=\"Escrito por\" \/>\n\t<meta name=\"twitter:data1\" content=\"Jeanette\" \/>\n\t<meta name=\"twitter:label2\" content=\"Tiempo de lectura\" \/>\n\t<meta name=\"twitter:data2\" content=\"4 minutos\" \/>\n<script type=\"application\/ld+json\" class=\"yoast-schema-graph\">{\"@context\":\"https:\\\/\\\/schema.org\",\"@graph\":[{\"@type\":\"Article\",\"@id\":\"https:\\\/\\\/www.eldiario.net\\\/portal\\\/2021\\\/05\\\/10\\\/destacan-compromiso-de-periodistas-con-la-sociedad\\\/#article\",\"isPartOf\":{\"@id\":\"https:\\\/\\\/www.eldiario.net\\\/portal\\\/2021\\\/05\\\/10\\\/destacan-compromiso-de-periodistas-con-la-sociedad\\\/\"},\"author\":{\"name\":\"Jeanette\",\"@id\":\"https:\\\/\\\/www.eldiario.net\\\/portal\\\/#\\\/schema\\\/person\\\/f46445640444750d7d753ccd04ae01b7\"},\"headline\":\"Destacan compromiso de periodistas con la sociedad\",\"datePublished\":\"2021-05-10T08:29:10+00:00\",\"mainEntityOfPage\":{\"@id\":\"https:\\\/\\\/www.eldiario.net\\\/portal\\\/2021\\\/05\\\/10\\\/destacan-compromiso-de-periodistas-con-la-sociedad\\\/\"},\"wordCount\":900,\"publisher\":{\"@id\":\"https:\\\/\\\/www.eldiario.net\\\/portal\\\/#organization\"},\"image\":{\"@id\":\"https:\\\/\\\/www.eldiario.net\\\/portal\\\/2021\\\/05\\\/10\\\/destacan-compromiso-de-periodistas-con-la-sociedad\\\/#primaryimage\"},\"thumbnailUrl\":\"\",\"articleSection\":[\"Pol\u00edtica\"],\"inLanguage\":\"es\"},{\"@type\":\"WebPage\",\"@id\":\"https:\\\/\\\/www.eldiario.net\\\/portal\\\/2021\\\/05\\\/10\\\/destacan-compromiso-de-periodistas-con-la-sociedad\\\/\",\"url\":\"https:\\\/\\\/www.eldiario.net\\\/portal\\\/2021\\\/05\\\/10\\\/destacan-compromiso-de-periodistas-con-la-sociedad\\\/\",\"name\":\"Destacan compromiso de periodistas con la sociedad - El Diario - Bolivia\",\"isPartOf\":{\"@id\":\"https:\\\/\\\/www.eldiario.net\\\/portal\\\/#website\"},\"primaryImageOfPage\":{\"@id\":\"https:\\\/\\\/www.eldiario.net\\\/portal\\\/2021\\\/05\\\/10\\\/destacan-compromiso-de-periodistas-con-la-sociedad\\\/#primaryimage\"},\"image\":{\"@id\":\"https:\\\/\\\/www.eldiario.net\\\/portal\\\/2021\\\/05\\\/10\\\/destacan-compromiso-de-periodistas-con-la-sociedad\\\/#primaryimage\"},\"thumbnailUrl\":\"\",\"datePublished\":\"2021-05-10T08:29:10+00:00\",\"breadcrumb\":{\"@id\":\"https:\\\/\\\/www.eldiario.net\\\/portal\\\/2021\\\/05\\\/10\\\/destacan-compromiso-de-periodistas-con-la-sociedad\\\/#breadcrumb\"},\"inLanguage\":\"es\",\"potentialAction\":[{\"@type\":\"ReadAction\",\"target\":[\"https:\\\/\\\/www.eldiario.net\\\/portal\\\/2021\\\/05\\\/10\\\/destacan-compromiso-de-periodistas-con-la-sociedad\\\/\"]}]},{\"@type\":\"ImageObject\",\"inLanguage\":\"es\",\"@id\":\"https:\\\/\\\/www.eldiario.net\\\/portal\\\/2021\\\/05\\\/10\\\/destacan-compromiso-de-periodistas-con-la-sociedad\\\/#primaryimage\",\"url\":\"\",\"contentUrl\":\"\"},{\"@type\":\"BreadcrumbList\",\"@id\":\"https:\\\/\\\/www.eldiario.net\\\/portal\\\/2021\\\/05\\\/10\\\/destacan-compromiso-de-periodistas-con-la-sociedad\\\/#breadcrumb\",\"itemListElement\":[{\"@type\":\"ListItem\",\"position\":1,\"name\":\"Portada\",\"item\":\"https:\\\/\\\/www.eldiario.net\\\/portal\\\/\"},{\"@type\":\"ListItem\",\"position\":2,\"name\":\"Destacan compromiso de periodistas con la sociedad\"}]},{\"@type\":\"WebSite\",\"@id\":\"https:\\\/\\\/www.eldiario.net\\\/portal\\\/#website\",\"url\":\"https:\\\/\\\/www.eldiario.net\\\/portal\\\/\",\"name\":\"El Diario - Decano de la prensa nacional\",\"description\":\"El Diario - Decano de la prensa nacional\",\"publisher\":{\"@id\":\"https:\\\/\\\/www.eldiario.net\\\/portal\\\/#organization\"},\"potentialAction\":[{\"@type\":\"SearchAction\",\"target\":{\"@type\":\"EntryPoint\",\"urlTemplate\":\"https:\\\/\\\/www.eldiario.net\\\/portal\\\/?s={search_term_string}\"},\"query-input\":{\"@type\":\"PropertyValueSpecification\",\"valueRequired\":true,\"valueName\":\"search_term_string\"}}],\"inLanguage\":\"es\"},{\"@type\":\"Organization\",\"@id\":\"https:\\\/\\\/www.eldiario.net\\\/portal\\\/#organization\",\"name\":\"El Diario - Decano de la prensa nacional\",\"url\":\"https:\\\/\\\/www.eldiario.net\\\/portal\\\/\",\"logo\":{\"@type\":\"ImageObject\",\"inLanguage\":\"es\",\"@id\":\"https:\\\/\\\/www.eldiario.net\\\/portal\\\/#\\\/schema\\\/logo\\\/image\\\/\",\"url\":\"https:\\\/\\\/www.eldiario.net\\\/portal\\\/wp-content\\\/uploads\\\/2023\\\/07\\\/logo_ED.jpg\",\"contentUrl\":\"https:\\\/\\\/www.eldiario.net\\\/portal\\\/wp-content\\\/uploads\\\/2023\\\/07\\\/logo_ED.jpg\",\"width\":272,\"height\":52,\"caption\":\"El Diario - Decano de la prensa nacional\"},\"image\":{\"@id\":\"https:\\\/\\\/www.eldiario.net\\\/portal\\\/#\\\/schema\\\/logo\\\/image\\\/\"},\"sameAs\":[\"https:\\\/\\\/www.facebook.com\\\/eldiario.bolivia\\\/\",\"https:\\\/\\\/x.com\\\/eldiario_net\"]},{\"@type\":\"Person\",\"@id\":\"https:\\\/\\\/www.eldiario.net\\\/portal\\\/#\\\/schema\\\/person\\\/f46445640444750d7d753ccd04ae01b7\",\"name\":\"Jeanette\",\"image\":{\"@type\":\"ImageObject\",\"inLanguage\":\"es\",\"@id\":\"https:\\\/\\\/secure.gravatar.com\\\/avatar\\\/3ea2118a5f7dad2b7138b1187a6b7ee55f160b9968b66013c3a3ef39dd7e5798?s=96&d=mm&r=g\",\"url\":\"https:\\\/\\\/secure.gravatar.com\\\/avatar\\\/3ea2118a5f7dad2b7138b1187a6b7ee55f160b9968b66013c3a3ef39dd7e5798?s=96&d=mm&r=g\",\"contentUrl\":\"https:\\\/\\\/secure.gravatar.com\\\/avatar\\\/3ea2118a5f7dad2b7138b1187a6b7ee55f160b9968b66013c3a3ef39dd7e5798?s=96&d=mm&r=g\",\"caption\":\"Jeanette\"},\"sameAs\":[\"https:\\\/\\\/www.eldiario.net\\\/portal\"],\"url\":\"https:\\\/\\\/www.eldiario.net\\\/portal\\\/author\\\/jeanette\\\/\"}]}<\/script>\n<!-- \/ Yoast SEO plugin. -->","yoast_head_json":{"title":"Destacan compromiso de periodistas con la sociedad - El Diario - Bolivia","robots":{"index":"index","follow":"follow","max-snippet":"max-snippet:-1","max-image-preview":"max-image-preview:large","max-video-preview":"max-video-preview:-1"},"canonical":"https:\/\/www.eldiario.net\/portal\/2021\/05\/10\/destacan-compromiso-de-periodistas-con-la-sociedad\/","og_locale":"es_ES","og_type":"article","og_title":"Destacan compromiso de periodistas con la sociedad - El Diario - Bolivia","og_description":"En el D\u00eda del Periodista Boliviano, legisladores nacionales, activistas por los Derechos Humanos y miembros el gremio advierten que la labor period\u00edstica en el pa\u00eds corre peligro por la censura, presi\u00f3n econ\u00f3mica y el descuido en la protecci\u00f3n sanitaria para los trabajadores del rubro. Desde las organizaciones que aglutinan a trabajadores de la prensa y [&hellip;]","og_url":"https:\/\/www.eldiario.net\/portal\/2021\/05\/10\/destacan-compromiso-de-periodistas-con-la-sociedad\/","og_site_name":"El Diario - Bolivia","article_publisher":"https:\/\/www.facebook.com\/eldiario.bolivia\/","article_published_time":"2021-05-10T08:29:10+00:00","author":"Jeanette","twitter_card":"summary_large_image","twitter_creator":"@eldiario_net","twitter_site":"@eldiario_net","twitter_misc":{"Escrito por":"Jeanette","Tiempo de lectura":"4 minutos"},"schema":{"@context":"https:\/\/schema.org","@graph":[{"@type":"Article","@id":"https:\/\/www.eldiario.net\/portal\/2021\/05\/10\/destacan-compromiso-de-periodistas-con-la-sociedad\/#article","isPartOf":{"@id":"https:\/\/www.eldiario.net\/portal\/2021\/05\/10\/destacan-compromiso-de-periodistas-con-la-sociedad\/"},"author":{"name":"Jeanette","@id":"https:\/\/www.eldiario.net\/portal\/#\/schema\/person\/f46445640444750d7d753ccd04ae01b7"},"headline":"Destacan compromiso de periodistas con la sociedad","datePublished":"2021-05-10T08:29:10+00:00","mainEntityOfPage":{"@id":"https:\/\/www.eldiario.net\/portal\/2021\/05\/10\/destacan-compromiso-de-periodistas-con-la-sociedad\/"},"wordCount":900,"publisher":{"@id":"https:\/\/www.eldiario.net\/portal\/#organization"},"image":{"@id":"https:\/\/www.eldiario.net\/portal\/2021\/05\/10\/destacan-compromiso-de-periodistas-con-la-sociedad\/#primaryimage"},"thumbnailUrl":"","articleSection":["Pol\u00edtica"],"inLanguage":"es"},{"@type":"WebPage","@id":"https:\/\/www.eldiario.net\/portal\/2021\/05\/10\/destacan-compromiso-de-periodistas-con-la-sociedad\/","url":"https:\/\/www.eldiario.net\/portal\/2021\/05\/10\/destacan-compromiso-de-periodistas-con-la-sociedad\/","name":"Destacan compromiso de periodistas con la sociedad - El Diario - Bolivia","isPartOf":{"@id":"https:\/\/www.eldiario.net\/portal\/#website"},"primaryImageOfPage":{"@id":"https:\/\/www.eldiario.net\/portal\/2021\/05\/10\/destacan-compromiso-de-periodistas-con-la-sociedad\/#primaryimage"},"image":{"@id":"https:\/\/www.eldiario.net\/portal\/2021\/05\/10\/destacan-compromiso-de-periodistas-con-la-sociedad\/#primaryimage"},"thumbnailUrl":"","datePublished":"2021-05-10T08:29:10+00:00","breadcrumb":{"@id":"https:\/\/www.eldiario.net\/portal\/2021\/05\/10\/destacan-compromiso-de-periodistas-con-la-sociedad\/#breadcrumb"},"inLanguage":"es","potentialAction":[{"@type":"ReadAction","target":["https:\/\/www.eldiario.net\/portal\/2021\/05\/10\/destacan-compromiso-de-periodistas-con-la-sociedad\/"]}]},{"@type":"ImageObject","inLanguage":"es","@id":"https:\/\/www.eldiario.net\/portal\/2021\/05\/10\/destacan-compromiso-de-periodistas-con-la-sociedad\/#primaryimage","url":"","contentUrl":""},{"@type":"BreadcrumbList","@id":"https:\/\/www.eldiario.net\/portal\/2021\/05\/10\/destacan-compromiso-de-periodistas-con-la-sociedad\/#breadcrumb","itemListElement":[{"@type":"ListItem","position":1,"name":"Portada","item":"https:\/\/www.eldiario.net\/portal\/"},{"@type":"ListItem","position":2,"name":"Destacan compromiso de periodistas con la sociedad"}]},{"@type":"WebSite","@id":"https:\/\/www.eldiario.net\/portal\/#website","url":"https:\/\/www.eldiario.net\/portal\/","name":"El Diario - Decano de la prensa nacional","description":"El Diario - Decano de la prensa nacional","publisher":{"@id":"https:\/\/www.eldiario.net\/portal\/#organization"},"potentialAction":[{"@type":"SearchAction","target":{"@type":"EntryPoint","urlTemplate":"https:\/\/www.eldiario.net\/portal\/?s={search_term_string}"},"query-input":{"@type":"PropertyValueSpecification","valueRequired":true,"valueName":"search_term_string"}}],"inLanguage":"es"},{"@type":"Organization","@id":"https:\/\/www.eldiario.net\/portal\/#organization","name":"El Diario - Decano de la prensa nacional","url":"https:\/\/www.eldiario.net\/portal\/","logo":{"@type":"ImageObject","inLanguage":"es","@id":"https:\/\/www.eldiario.net\/portal\/#\/schema\/logo\/image\/","url":"https:\/\/www.eldiario.net\/portal\/wp-content\/uploads\/2023\/07\/logo_ED.jpg","contentUrl":"https:\/\/www.eldiario.net\/portal\/wp-content\/uploads\/2023\/07\/logo_ED.jpg","width":272,"height":52,"caption":"El Diario - Decano de la prensa nacional"},"image":{"@id":"https:\/\/www.eldiario.net\/portal\/#\/schema\/logo\/image\/"},"sameAs":["https:\/\/www.facebook.com\/eldiario.bolivia\/","https:\/\/x.com\/eldiario_net"]},{"@type":"Person","@id":"https:\/\/www.eldiario.net\/portal\/#\/schema\/person\/f46445640444750d7d753ccd04ae01b7","name":"Jeanette","image":{"@type":"ImageObject","inLanguage":"es","@id":"https:\/\/secure.gravatar.com\/avatar\/3ea2118a5f7dad2b7138b1187a6b7ee55f160b9968b66013c3a3ef39dd7e5798?s=96&d=mm&r=g","url":"https:\/\/secure.gravatar.com\/avatar\/3ea2118a5f7dad2b7138b1187a6b7ee55f160b9968b66013c3a3ef39dd7e5798?s=96&d=mm&r=g","contentUrl":"https:\/\/secure.gravatar.com\/avatar\/3ea2118a5f7dad2b7138b1187a6b7ee55f160b9968b66013c3a3ef39dd7e5798?s=96&d=mm&r=g","caption":"Jeanette"},"sameAs":["https:\/\/www.eldiario.net\/portal"],"url":"https:\/\/www.eldiario.net\/portal\/author\/jeanette\/"}]}},"_links":{"self":[{"href":"https:\/\/www.eldiario.net\/portal\/wp-json\/wp\/v2\/posts\/2971","targetHints":{"allow":["GET"]}}],"collection":[{"href":"https:\/\/www.eldiario.net\/portal\/wp-json\/wp\/v2\/posts"}],"about":[{"href":"https:\/\/www.eldiario.net\/portal\/wp-json\/wp\/v2\/types\/post"}],"author":[{"embeddable":true,"href":"https:\/\/www.eldiario.net\/portal\/wp-json\/wp\/v2\/users\/1"}],"replies":[{"embeddable":true,"href":"https:\/\/www.eldiario.net\/portal\/wp-json\/wp\/v2\/comments?post=2971"}],"version-history":[{"count":0,"href":"https:\/\/www.eldiario.net\/portal\/wp-json\/wp\/v2\/posts\/2971\/revisions"}],"wp:attachment":[{"href":"https:\/\/www.eldiario.net\/portal\/wp-json\/wp\/v2\/media?parent=2971"}],"wp:term":[{"taxonomy":"category","embeddable":true,"href":"https:\/\/www.eldiario.net\/portal\/wp-json\/wp\/v2\/categories?post=2971"},{"taxonomy":"post_tag","embeddable":true,"href":"https:\/\/www.eldiario.net\/portal\/wp-json\/wp\/v2\/tags?post=2971"}],"curies":[{"name":"wp","href":"https:\/\/api.w.org\/{rel}","templated":true}]}}