{"id":296894,"date":"2025-04-21T06:30:57","date_gmt":"2025-04-21T10:30:57","guid":{"rendered":"https:\/\/www.eldiario.net\/portal\/?p=296894"},"modified":"2025-04-22T19:40:40","modified_gmt":"2025-04-22T23:40:40","slug":"trump-y-la-bomba-de-la-deuda","status":"publish","type":"post","link":"https:\/\/www.eldiario.net\/portal\/2025\/04\/21\/trump-y-la-bomba-de-la-deuda\/","title":{"rendered":"Trump y la bomba de la deuda"},"content":{"rendered":"<p><strong><em>Rodrigo Regalsky, experto en bolsa y criptoactivos<\/em><\/strong><\/p>\n<p><strong><em>\u00a0<\/em><\/strong><\/p>\n<p>Estados Unidos enfrenta un a\u00f1o cr\u00edtico en t\u00e9rminos de gesti\u00f3n de su deuda soberana. Las decisiones que tome el gobierno en los pr\u00f3ximos meses ser\u00e1n cruciales para evitar una crisis financiera que podr\u00eda tener efectos en todo el mundo.\u200b<\/p>\n<p>Estados Unidos se encuentra en una situaci\u00f3n econ\u00f3mica delicada: <strong>la deuda nacional ha alcanzado los 36,2 billones de d\u00f3lares en enero de 2025<\/strong>, marcando un r\u00e9cord hist\u00f3rico. Este a\u00f1o, el pa\u00eds enfrenta el vencimiento de aproximadamente 9,2 billones de d\u00f3lares en deuda soberana, lo que representa un desaf\u00edo significativo para la administraci\u00f3n del presidente Donald Trump.<\/p>\n<p>En 2025, se espera que Estados Unidos deba refinanciar una parte significativa de su deuda, donde el 50% de la deuda est\u00e1 compuesta por bonos con vencimientos entre 2 y 10 a\u00f1os, mientras que otro 25% corresponde a emisiones de menos de 2 a\u00f1os, lo que aumenta la presi\u00f3n para gestionar estos pagos.\u200b<\/p>\n<p>Aproximadamente el 70% de los 9,2 billones de d\u00f3lares en deuda que vencen este a\u00f1o lo har\u00e1n en los primeros seis meses del 2025. Esto representa una presi\u00f3n considerable sobre el Tesoro para gestionar estos pagos sin desestabilizar los mercados financieros.<\/p>\n<p>Al 30 de junio de 2025, vencen otros 132 mil millones de d\u00f3lares en valores mantenidos por fondos fiduciarios, con pagos de intereses adicionales programados por 15 mil millones de d\u00f3lares, sumando un total de 147 mil millones de d\u00f3lares en obligaciones.<\/p>\n<p>Objetivo de la tasa de los bonos a 10 a\u00f1os es mantener el rendimiento del bono del Tesoro a 10 a\u00f1os (que es un indicador clave para la econom\u00eda estadounidense).<\/p>\n<p>A principios de abril de 2025, este rendimiento se sit\u00faa en torno al 4,49%. El objetivo de la administraci\u00f3n Trump es mantener esta tasa por debajo del 5% para evitar un aumento en los costos de financiamiento que podr\u00eda desencadenar una crisis financiera.\u200b<\/p>\n<p>La situaci\u00f3n actual (guerra comercial y guerra monetaria) est\u00e1 generando una presi\u00f3n global, donde los movimientos del mercado reflejan una guerra monetaria m\u00e1s que una comercial. Esto podr\u00eda tener repercusiones significativas para la econom\u00eda mundial y para las pol\u00edticas econ\u00f3micas de la administraci\u00f3n Trump.\u200b<\/p>\n","protected":false},"excerpt":{"rendered":"<p>Rodrigo Regalsky, experto en bolsa y criptoactivos \u00a0 Estados Unidos enfrenta un a\u00f1o cr\u00edtico en t\u00e9rminos de gesti\u00f3n de su deuda soberana. Las decisiones que tome el gobierno en los pr\u00f3ximos meses ser\u00e1n cruciales para evitar una crisis financiera que podr\u00eda tener efectos en todo el mundo.\u200b Estados Unidos se encuentra en una situaci\u00f3n econ\u00f3mica [&hellip;]<\/p>\n","protected":false},"author":1,"featured_media":194689,"comment_status":"closed","ping_status":"open","sticky":false,"template":"","format":"standard","meta":{"_acf_changed":false,"footnotes":""},"categories":[57],"tags":[],"class_list":["post-296894","post","type-post","status-publish","format-standard","has-post-thumbnail","category-ecocom"],"acf":{"antetitulo":""},"yoast_head":"<!-- This site is optimized with the Yoast SEO plugin v28.4 - https:\/\/yoast.com\/product\/yoast-seo-wordpress\/ -->\n<title>Trump y la bomba de la deuda - El Diario - Bolivia<\/title>\n<meta name=\"robots\" content=\"index, follow, max-snippet:-1, max-image-preview:large, max-video-preview:-1\" \/>\n<link rel=\"canonical\" href=\"https:\/\/www.eldiario.net\/portal\/2025\/04\/21\/trump-y-la-bomba-de-la-deuda\/\" \/>\n<meta property=\"og:locale\" content=\"es_ES\" \/>\n<meta property=\"og:type\" content=\"article\" \/>\n<meta property=\"og:title\" content=\"Trump y la bomba de la deuda - El Diario - Bolivia\" \/>\n<meta property=\"og:description\" content=\"Rodrigo Regalsky, experto en bolsa y criptoactivos \u00a0 Estados Unidos enfrenta un a\u00f1o cr\u00edtico en t\u00e9rminos de gesti\u00f3n de su deuda soberana. Las decisiones que tome el gobierno en los pr\u00f3ximos meses ser\u00e1n cruciales para evitar una crisis financiera que podr\u00eda tener efectos en todo el mundo.\u200b Estados Unidos se encuentra en una situaci\u00f3n econ\u00f3mica [&hellip;]\" \/>\n<meta property=\"og:url\" content=\"https:\/\/www.eldiario.net\/portal\/2025\/04\/21\/trump-y-la-bomba-de-la-deuda\/\" \/>\n<meta property=\"og:site_name\" content=\"El Diario - Bolivia\" \/>\n<meta property=\"article:publisher\" content=\"https:\/\/www.facebook.com\/eldiario.bolivia\/\" \/>\n<meta property=\"article:published_time\" content=\"2025-04-21T10:30:57+00:00\" \/>\n<meta property=\"article:modified_time\" content=\"2025-04-22T23:40:40+00:00\" \/>\n<meta property=\"og:image\" content=\"https:\/\/www.eldiario.net\/portal\/wp-content\/uploads\/2023\/12\/Economia.jpg\" \/>\n\t<meta property=\"og:image:width\" content=\"800\" \/>\n\t<meta property=\"og:image:height\" content=\"500\" \/>\n\t<meta property=\"og:image:type\" content=\"image\/jpeg\" \/>\n<meta name=\"author\" content=\"Jeanette\" \/>\n<meta name=\"twitter:card\" content=\"summary_large_image\" \/>\n<meta name=\"twitter:creator\" content=\"@eldiario_net\" \/>\n<meta name=\"twitter:site\" content=\"@eldiario_net\" \/>\n<meta name=\"twitter:label1\" content=\"Escrito por\" \/>\n\t<meta name=\"twitter:data1\" content=\"Jeanette\" \/>\n\t<meta name=\"twitter:label2\" content=\"Tiempo de lectura\" \/>\n\t<meta name=\"twitter:data2\" content=\"2 minutos\" \/>\n<script type=\"application\/ld+json\" class=\"yoast-schema-graph\">{\"@context\":\"https:\\\/\\\/schema.org\",\"@graph\":[{\"@type\":\"Article\",\"@id\":\"https:\\\/\\\/www.eldiario.net\\\/portal\\\/2025\\\/04\\\/21\\\/trump-y-la-bomba-de-la-deuda\\\/#article\",\"isPartOf\":{\"@id\":\"https:\\\/\\\/www.eldiario.net\\\/portal\\\/2025\\\/04\\\/21\\\/trump-y-la-bomba-de-la-deuda\\\/\"},\"author\":{\"name\":\"Jeanette\",\"@id\":\"https:\\\/\\\/www.eldiario.net\\\/portal\\\/#\\\/schema\\\/person\\\/2c57cf2b7a7ae032e449e4c9b1019eac\"},\"headline\":\"Trump y la bomba de la deuda\",\"datePublished\":\"2025-04-21T10:30:57+00:00\",\"dateModified\":\"2025-04-22T23:40:40+00:00\",\"mainEntityOfPage\":{\"@id\":\"https:\\\/\\\/www.eldiario.net\\\/portal\\\/2025\\\/04\\\/21\\\/trump-y-la-bomba-de-la-deuda\\\/\"},\"wordCount\":381,\"publisher\":{\"@id\":\"https:\\\/\\\/www.eldiario.net\\\/portal\\\/#organization\"},\"image\":{\"@id\":\"https:\\\/\\\/www.eldiario.net\\\/portal\\\/2025\\\/04\\\/21\\\/trump-y-la-bomba-de-la-deuda\\\/#primaryimage\"},\"thumbnailUrl\":\"https:\\\/\\\/www.eldiario.net\\\/portal\\\/wp-content\\\/uploads\\\/2023\\\/12\\\/Economia.jpg\",\"articleSection\":[\"Eco$com\"],\"inLanguage\":\"es\"},{\"@type\":\"WebPage\",\"@id\":\"https:\\\/\\\/www.eldiario.net\\\/portal\\\/2025\\\/04\\\/21\\\/trump-y-la-bomba-de-la-deuda\\\/\",\"url\":\"https:\\\/\\\/www.eldiario.net\\\/portal\\\/2025\\\/04\\\/21\\\/trump-y-la-bomba-de-la-deuda\\\/\",\"name\":\"Trump y la bomba de la deuda - El Diario - Bolivia\",\"isPartOf\":{\"@id\":\"https:\\\/\\\/www.eldiario.net\\\/portal\\\/#website\"},\"primaryImageOfPage\":{\"@id\":\"https:\\\/\\\/www.eldiario.net\\\/portal\\\/2025\\\/04\\\/21\\\/trump-y-la-bomba-de-la-deuda\\\/#primaryimage\"},\"image\":{\"@id\":\"https:\\\/\\\/www.eldiario.net\\\/portal\\\/2025\\\/04\\\/21\\\/trump-y-la-bomba-de-la-deuda\\\/#primaryimage\"},\"thumbnailUrl\":\"https:\\\/\\\/www.eldiario.net\\\/portal\\\/wp-content\\\/uploads\\\/2023\\\/12\\\/Economia.jpg\",\"datePublished\":\"2025-04-21T10:30:57+00:00\",\"dateModified\":\"2025-04-22T23:40:40+00:00\",\"breadcrumb\":{\"@id\":\"https:\\\/\\\/www.eldiario.net\\\/portal\\\/2025\\\/04\\\/21\\\/trump-y-la-bomba-de-la-deuda\\\/#breadcrumb\"},\"inLanguage\":\"es\",\"potentialAction\":[{\"@type\":\"ReadAction\",\"target\":[\"https:\\\/\\\/www.eldiario.net\\\/portal\\\/2025\\\/04\\\/21\\\/trump-y-la-bomba-de-la-deuda\\\/\"]}]},{\"@type\":\"ImageObject\",\"inLanguage\":\"es\",\"@id\":\"https:\\\/\\\/www.eldiario.net\\\/portal\\\/2025\\\/04\\\/21\\\/trump-y-la-bomba-de-la-deuda\\\/#primaryimage\",\"url\":\"https:\\\/\\\/www.eldiario.net\\\/portal\\\/wp-content\\\/uploads\\\/2023\\\/12\\\/Economia.jpg\",\"contentUrl\":\"https:\\\/\\\/www.eldiario.net\\\/portal\\\/wp-content\\\/uploads\\\/2023\\\/12\\\/Economia.jpg\",\"width\":800,\"height\":500},{\"@type\":\"BreadcrumbList\",\"@id\":\"https:\\\/\\\/www.eldiario.net\\\/portal\\\/2025\\\/04\\\/21\\\/trump-y-la-bomba-de-la-deuda\\\/#breadcrumb\",\"itemListElement\":[{\"@type\":\"ListItem\",\"position\":1,\"name\":\"Portada\",\"item\":\"https:\\\/\\\/www.eldiario.net\\\/portal\\\/\"},{\"@type\":\"ListItem\",\"position\":2,\"name\":\"Trump y la bomba de la deuda\"}]},{\"@type\":\"WebSite\",\"@id\":\"https:\\\/\\\/www.eldiario.net\\\/portal\\\/#website\",\"url\":\"https:\\\/\\\/www.eldiario.net\\\/portal\\\/\",\"name\":\"El Diario - Decano de la prensa nacional\",\"description\":\"El Diario - Decano de la prensa nacional\",\"publisher\":{\"@id\":\"https:\\\/\\\/www.eldiario.net\\\/portal\\\/#organization\"},\"potentialAction\":[{\"@type\":\"SearchAction\",\"target\":{\"@type\":\"EntryPoint\",\"urlTemplate\":\"https:\\\/\\\/www.eldiario.net\\\/portal\\\/?s={search_term_string}\"},\"query-input\":{\"@type\":\"PropertyValueSpecification\",\"valueRequired\":true,\"valueName\":\"search_term_string\"}}],\"inLanguage\":\"es\"},{\"@type\":\"Organization\",\"@id\":\"https:\\\/\\\/www.eldiario.net\\\/portal\\\/#organization\",\"name\":\"El Diario - Decano de la prensa nacional\",\"url\":\"https:\\\/\\\/www.eldiario.net\\\/portal\\\/\",\"logo\":{\"@type\":\"ImageObject\",\"inLanguage\":\"es\",\"@id\":\"https:\\\/\\\/www.eldiario.net\\\/portal\\\/#\\\/schema\\\/logo\\\/image\\\/\",\"url\":\"https:\\\/\\\/www.eldiario.net\\\/portal\\\/wp-content\\\/uploads\\\/2023\\\/07\\\/logo_ED.jpg\",\"contentUrl\":\"https:\\\/\\\/www.eldiario.net\\\/portal\\\/wp-content\\\/uploads\\\/2023\\\/07\\\/logo_ED.jpg\",\"width\":272,\"height\":52,\"caption\":\"El Diario - Decano de la prensa nacional\"},\"image\":{\"@id\":\"https:\\\/\\\/www.eldiario.net\\\/portal\\\/#\\\/schema\\\/logo\\\/image\\\/\"},\"sameAs\":[\"https:\\\/\\\/www.facebook.com\\\/eldiario.bolivia\\\/\",\"https:\\\/\\\/x.com\\\/eldiario_net\"]},{\"@type\":\"Person\",\"@id\":\"https:\\\/\\\/www.eldiario.net\\\/portal\\\/#\\\/schema\\\/person\\\/2c57cf2b7a7ae032e449e4c9b1019eac\",\"name\":\"Jeanette\",\"image\":{\"@type\":\"ImageObject\",\"inLanguage\":\"es\",\"@id\":\"https:\\\/\\\/secure.gravatar.com\\\/avatar\\\/3ea2118a5f7dad2b7138b1187a6b7ee55f160b9968b66013c3a3ef39dd7e5798?s=96&d=mm&r=g\",\"url\":\"https:\\\/\\\/secure.gravatar.com\\\/avatar\\\/3ea2118a5f7dad2b7138b1187a6b7ee55f160b9968b66013c3a3ef39dd7e5798?s=96&d=mm&r=g\",\"contentUrl\":\"https:\\\/\\\/secure.gravatar.com\\\/avatar\\\/3ea2118a5f7dad2b7138b1187a6b7ee55f160b9968b66013c3a3ef39dd7e5798?s=96&d=mm&r=g\",\"caption\":\"Jeanette\"},\"sameAs\":[\"https:\\\/\\\/www.eldiario.net\\\/portal\"],\"url\":\"https:\\\/\\\/www.eldiario.net\\\/portal\\\/author\\\/jeanette\\\/\"}]}<\/script>\n<!-- \/ Yoast SEO plugin. -->","yoast_head_json":{"title":"Trump y la bomba de la deuda - El Diario - Bolivia","robots":{"index":"index","follow":"follow","max-snippet":"max-snippet:-1","max-image-preview":"max-image-preview:large","max-video-preview":"max-video-preview:-1"},"canonical":"https:\/\/www.eldiario.net\/portal\/2025\/04\/21\/trump-y-la-bomba-de-la-deuda\/","og_locale":"es_ES","og_type":"article","og_title":"Trump y la bomba de la deuda - El Diario - Bolivia","og_description":"Rodrigo Regalsky, experto en bolsa y criptoactivos \u00a0 Estados Unidos enfrenta un a\u00f1o cr\u00edtico en t\u00e9rminos de gesti\u00f3n de su deuda soberana. Las decisiones que tome el gobierno en los pr\u00f3ximos meses ser\u00e1n cruciales para evitar una crisis financiera que podr\u00eda tener efectos en todo el mundo.\u200b Estados Unidos se encuentra en una situaci\u00f3n econ\u00f3mica [&hellip;]","og_url":"https:\/\/www.eldiario.net\/portal\/2025\/04\/21\/trump-y-la-bomba-de-la-deuda\/","og_site_name":"El Diario - Bolivia","article_publisher":"https:\/\/www.facebook.com\/eldiario.bolivia\/","article_published_time":"2025-04-21T10:30:57+00:00","article_modified_time":"2025-04-22T23:40:40+00:00","og_image":[{"width":800,"height":500,"url":"https:\/\/www.eldiario.net\/portal\/wp-content\/uploads\/2023\/12\/Economia.jpg","type":"image\/jpeg"}],"author":"Jeanette","twitter_card":"summary_large_image","twitter_creator":"@eldiario_net","twitter_site":"@eldiario_net","twitter_misc":{"Escrito por":"Jeanette","Tiempo de lectura":"2 minutos"},"schema":{"@context":"https:\/\/schema.org","@graph":[{"@type":"Article","@id":"https:\/\/www.eldiario.net\/portal\/2025\/04\/21\/trump-y-la-bomba-de-la-deuda\/#article","isPartOf":{"@id":"https:\/\/www.eldiario.net\/portal\/2025\/04\/21\/trump-y-la-bomba-de-la-deuda\/"},"author":{"name":"Jeanette","@id":"https:\/\/www.eldiario.net\/portal\/#\/schema\/person\/2c57cf2b7a7ae032e449e4c9b1019eac"},"headline":"Trump y la bomba de la deuda","datePublished":"2025-04-21T10:30:57+00:00","dateModified":"2025-04-22T23:40:40+00:00","mainEntityOfPage":{"@id":"https:\/\/www.eldiario.net\/portal\/2025\/04\/21\/trump-y-la-bomba-de-la-deuda\/"},"wordCount":381,"publisher":{"@id":"https:\/\/www.eldiario.net\/portal\/#organization"},"image":{"@id":"https:\/\/www.eldiario.net\/portal\/2025\/04\/21\/trump-y-la-bomba-de-la-deuda\/#primaryimage"},"thumbnailUrl":"https:\/\/www.eldiario.net\/portal\/wp-content\/uploads\/2023\/12\/Economia.jpg","articleSection":["Eco$com"],"inLanguage":"es"},{"@type":"WebPage","@id":"https:\/\/www.eldiario.net\/portal\/2025\/04\/21\/trump-y-la-bomba-de-la-deuda\/","url":"https:\/\/www.eldiario.net\/portal\/2025\/04\/21\/trump-y-la-bomba-de-la-deuda\/","name":"Trump y la bomba de la deuda - El Diario - Bolivia","isPartOf":{"@id":"https:\/\/www.eldiario.net\/portal\/#website"},"primaryImageOfPage":{"@id":"https:\/\/www.eldiario.net\/portal\/2025\/04\/21\/trump-y-la-bomba-de-la-deuda\/#primaryimage"},"image":{"@id":"https:\/\/www.eldiario.net\/portal\/2025\/04\/21\/trump-y-la-bomba-de-la-deuda\/#primaryimage"},"thumbnailUrl":"https:\/\/www.eldiario.net\/portal\/wp-content\/uploads\/2023\/12\/Economia.jpg","datePublished":"2025-04-21T10:30:57+00:00","dateModified":"2025-04-22T23:40:40+00:00","breadcrumb":{"@id":"https:\/\/www.eldiario.net\/portal\/2025\/04\/21\/trump-y-la-bomba-de-la-deuda\/#breadcrumb"},"inLanguage":"es","potentialAction":[{"@type":"ReadAction","target":["https:\/\/www.eldiario.net\/portal\/2025\/04\/21\/trump-y-la-bomba-de-la-deuda\/"]}]},{"@type":"ImageObject","inLanguage":"es","@id":"https:\/\/www.eldiario.net\/portal\/2025\/04\/21\/trump-y-la-bomba-de-la-deuda\/#primaryimage","url":"https:\/\/www.eldiario.net\/portal\/wp-content\/uploads\/2023\/12\/Economia.jpg","contentUrl":"https:\/\/www.eldiario.net\/portal\/wp-content\/uploads\/2023\/12\/Economia.jpg","width":800,"height":500},{"@type":"BreadcrumbList","@id":"https:\/\/www.eldiario.net\/portal\/2025\/04\/21\/trump-y-la-bomba-de-la-deuda\/#breadcrumb","itemListElement":[{"@type":"ListItem","position":1,"name":"Portada","item":"https:\/\/www.eldiario.net\/portal\/"},{"@type":"ListItem","position":2,"name":"Trump y la bomba de la deuda"}]},{"@type":"WebSite","@id":"https:\/\/www.eldiario.net\/portal\/#website","url":"https:\/\/www.eldiario.net\/portal\/","name":"El Diario - Decano de la prensa nacional","description":"El Diario - Decano de la prensa nacional","publisher":{"@id":"https:\/\/www.eldiario.net\/portal\/#organization"},"potentialAction":[{"@type":"SearchAction","target":{"@type":"EntryPoint","urlTemplate":"https:\/\/www.eldiario.net\/portal\/?s={search_term_string}"},"query-input":{"@type":"PropertyValueSpecification","valueRequired":true,"valueName":"search_term_string"}}],"inLanguage":"es"},{"@type":"Organization","@id":"https:\/\/www.eldiario.net\/portal\/#organization","name":"El Diario - Decano de la prensa nacional","url":"https:\/\/www.eldiario.net\/portal\/","logo":{"@type":"ImageObject","inLanguage":"es","@id":"https:\/\/www.eldiario.net\/portal\/#\/schema\/logo\/image\/","url":"https:\/\/www.eldiario.net\/portal\/wp-content\/uploads\/2023\/07\/logo_ED.jpg","contentUrl":"https:\/\/www.eldiario.net\/portal\/wp-content\/uploads\/2023\/07\/logo_ED.jpg","width":272,"height":52,"caption":"El Diario - Decano de la prensa nacional"},"image":{"@id":"https:\/\/www.eldiario.net\/portal\/#\/schema\/logo\/image\/"},"sameAs":["https:\/\/www.facebook.com\/eldiario.bolivia\/","https:\/\/x.com\/eldiario_net"]},{"@type":"Person","@id":"https:\/\/www.eldiario.net\/portal\/#\/schema\/person\/2c57cf2b7a7ae032e449e4c9b1019eac","name":"Jeanette","image":{"@type":"ImageObject","inLanguage":"es","@id":"https:\/\/secure.gravatar.com\/avatar\/3ea2118a5f7dad2b7138b1187a6b7ee55f160b9968b66013c3a3ef39dd7e5798?s=96&d=mm&r=g","url":"https:\/\/secure.gravatar.com\/avatar\/3ea2118a5f7dad2b7138b1187a6b7ee55f160b9968b66013c3a3ef39dd7e5798?s=96&d=mm&r=g","contentUrl":"https:\/\/secure.gravatar.com\/avatar\/3ea2118a5f7dad2b7138b1187a6b7ee55f160b9968b66013c3a3ef39dd7e5798?s=96&d=mm&r=g","caption":"Jeanette"},"sameAs":["https:\/\/www.eldiario.net\/portal"],"url":"https:\/\/www.eldiario.net\/portal\/author\/jeanette\/"}]}},"_links":{"self":[{"href":"https:\/\/www.eldiario.net\/portal\/wp-json\/wp\/v2\/posts\/296894","targetHints":{"allow":["GET"]}}],"collection":[{"href":"https:\/\/www.eldiario.net\/portal\/wp-json\/wp\/v2\/posts"}],"about":[{"href":"https:\/\/www.eldiario.net\/portal\/wp-json\/wp\/v2\/types\/post"}],"author":[{"embeddable":true,"href":"https:\/\/www.eldiario.net\/portal\/wp-json\/wp\/v2\/users\/1"}],"replies":[{"embeddable":true,"href":"https:\/\/www.eldiario.net\/portal\/wp-json\/wp\/v2\/comments?post=296894"}],"version-history":[{"count":1,"href":"https:\/\/www.eldiario.net\/portal\/wp-json\/wp\/v2\/posts\/296894\/revisions"}],"predecessor-version":[{"id":296895,"href":"https:\/\/www.eldiario.net\/portal\/wp-json\/wp\/v2\/posts\/296894\/revisions\/296895"}],"wp:featuredmedia":[{"embeddable":true,"href":"https:\/\/www.eldiario.net\/portal\/wp-json\/wp\/v2\/media\/194689"}],"wp:attachment":[{"href":"https:\/\/www.eldiario.net\/portal\/wp-json\/wp\/v2\/media?parent=296894"}],"wp:term":[{"taxonomy":"category","embeddable":true,"href":"https:\/\/www.eldiario.net\/portal\/wp-json\/wp\/v2\/categories?post=296894"},{"taxonomy":"post_tag","embeddable":true,"href":"https:\/\/www.eldiario.net\/portal\/wp-json\/wp\/v2\/tags?post=296894"}],"curies":[{"name":"wp","href":"https:\/\/api.w.org\/{rel}","templated":true}]}}