{"id":2965,"date":"2021-05-10T04:26:25","date_gmt":"2021-05-10T08:26:25","guid":{"rendered":"https:\/\/www.eldiario.net\/portal\/?p=2965"},"modified":"2021-05-10T04:26:25","modified_gmt":"2021-05-10T08:26:25","slug":"continuan-cuestionamientos-por-impuesto-a-servicios-digitales","status":"publish","type":"post","link":"https:\/\/www.eldiario.net\/portal\/2021\/05\/10\/continuan-cuestionamientos-por-impuesto-a-servicios-digitales\/","title":{"rendered":"Contin\u00faan cuestionamientos  por impuesto a servicios digitales"},"content":{"rendered":"<p>Ante anuncios sobre la modificaci\u00f3n de tarifas en servicios digitales para el territorio nacional, incrementando el pago para usuarios de plataformas de streaming, el diputado por la alianza Comunidad Ciudadana (CC), Alejandro Reyes, manifest\u00f3 que la nueva normativa que busca la aplicaci\u00f3n de impuestos a los servicios digitales provocar\u00e1 da\u00f1os a la econom\u00eda de la poblaci\u00f3n y generar\u00e1 desempleo.<br \/>\nD\u00edas atr\u00e1s se denunci\u00f3 que la puesta en vigencia de tributos a las empresas que prestan servicios digitales en el pa\u00eds afectar\u00eda los usuarios de estas plataformas y no a las empresas en s\u00ed.<br \/>\nEl parlamentario advirti\u00f3 que la aplicaci\u00f3n de esta norma podr\u00eda afectar a personas que modificaron sus actividades durante la cuarentena debido a que perdieron sus fuentes laborales, encontrando en plataformas digitales una nueva forma de sustento para sus familias.<br \/>\n\u201cLastimosamente el empleo ser\u00e1 afectado porque en pandemia las plataformas digitales han generado empleo y han salvado a muchas familias. Estas se van a ver afectadas porque van a incrementar los costos y la gente seguramente va dejar de utilizarlos\u201d, expres\u00f3.<br \/>\nPuntualiz\u00f3 que los servicios de entrega de comida, transporte, venta de productos y servicios brindan ingresos a muchas personas en el pa\u00eds.<br \/>\nPor otro lado, desde el oficialismo, el diputado Juanito Angulo se\u00f1al\u00f3 que el tratamiento de esta norma a\u00fan se encuentra en comisiones y se espera que en los pr\u00f3ximos d\u00edas pase al pleno de la ALP, siendo en esta instancia en que se contemplar\u00e1n posibles modificaciones, aunque la finalidad de la norma es hacer que las empresas paguen un Impuesto al Valor Agregado como ocurre en otros pa\u00edses.<br \/>\n\u201cLa normativa todav\u00eda est\u00e1 en proyecto. Una vez que la trate el pleno y consiguientemente pasar al poder ejecutivo para su aprobaci\u00f3n, si se trata de mejorar vamos a mejorarla en esta instancia. El objetivo es que se garantice o se contribuya con el impuesto conforme se hace en otros pa\u00edses\u201d, expres\u00f3 el parlamentario.<br \/>\nAl respecto, la diputada Luisa Nayar cuestion\u00f3 que el Gobierno intente implementar normas que afectar\u00e1n a los usuarios en momentos en que la educaci\u00f3n virtual es la v\u00eda por la que estudiantes reciben instrucci\u00f3n, constituy\u00e9ndose en una nueva afrenta a la econom\u00eda de la poblaci\u00f3n.<br \/>\n\u201cEn plena crisis econ\u00f3mica, el gobierno de Luis Arce busca implementar m\u00e1s impuestos, cuando tenemos ni\u00f1os y j\u00f3venes con educaci\u00f3n virtual, esta medida solo generar\u00e1 m\u00e1s gastos en las espaldas de la gente. Presidente, basta de castigos tributarios para el pueblo\u201d expres\u00f3 en redes sociales.<br \/>\nOtras expresiones de desacuerdo a esta iniciativa oficialista cuestionan que sectores como el cocalero, af\u00edn al partido gobernante, no tribute y se pretenda hacer que usuarios de plataformas digitales paguen impuestos hasta por el uso de redes sociales, como expres\u00f3 el exdiputado Rafael Quispe.<\/p>\n","protected":false},"excerpt":{"rendered":"<p>Ante anuncios sobre la modificaci\u00f3n de tarifas en servicios digitales para el territorio nacional, incrementando el pago para usuarios de plataformas de streaming, el diputado por la alianza Comunidad Ciudadana (CC), Alejandro Reyes, manifest\u00f3 que la nueva normativa que busca la aplicaci\u00f3n de impuestos a los servicios digitales provocar\u00e1 da\u00f1os a la econom\u00eda de la [&hellip;]<\/p>\n","protected":false},"author":1,"featured_media":2966,"comment_status":"closed","ping_status":"open","sticky":false,"template":"","format":"standard","meta":{"_acf_changed":false,"footnotes":""},"categories":[14],"tags":[],"class_list":["post-2965","post","type-post","status-publish","format-standard","has-post-thumbnail","category-politica"],"acf":{"antetitulo":""},"yoast_head":"<!-- This site is optimized with the Yoast SEO plugin v28.3 - https:\/\/yoast.com\/product\/yoast-seo-wordpress\/ -->\n<title>Contin\u00faan cuestionamientos por impuesto a servicios digitales - El Diario - Bolivia<\/title>\n<meta name=\"robots\" content=\"index, follow, max-snippet:-1, max-image-preview:large, max-video-preview:-1\" \/>\n<link rel=\"canonical\" href=\"https:\/\/www.eldiario.net\/portal\/2021\/05\/10\/continuan-cuestionamientos-por-impuesto-a-servicios-digitales\/\" \/>\n<meta property=\"og:locale\" content=\"es_ES\" \/>\n<meta property=\"og:type\" content=\"article\" \/>\n<meta property=\"og:title\" content=\"Contin\u00faan cuestionamientos por impuesto a servicios digitales - El Diario - Bolivia\" \/>\n<meta property=\"og:description\" content=\"Ante anuncios sobre la modificaci\u00f3n de tarifas en servicios digitales para el territorio nacional, incrementando el pago para usuarios de plataformas de streaming, el diputado por la alianza Comunidad Ciudadana (CC), Alejandro Reyes, manifest\u00f3 que la nueva normativa que busca la aplicaci\u00f3n de impuestos a los servicios digitales provocar\u00e1 da\u00f1os a la econom\u00eda de la [&hellip;]\" \/>\n<meta property=\"og:url\" content=\"https:\/\/www.eldiario.net\/portal\/2021\/05\/10\/continuan-cuestionamientos-por-impuesto-a-servicios-digitales\/\" \/>\n<meta property=\"og:site_name\" content=\"El Diario - Bolivia\" \/>\n<meta property=\"article:publisher\" content=\"https:\/\/www.facebook.com\/eldiario.bolivia\/\" \/>\n<meta property=\"article:published_time\" content=\"2021-05-10T08:26:25+00:00\" \/>\n<meta name=\"author\" content=\"Jeanette\" \/>\n<meta name=\"twitter:card\" content=\"summary_large_image\" \/>\n<meta name=\"twitter:creator\" content=\"@eldiario_net\" \/>\n<meta name=\"twitter:site\" content=\"@eldiario_net\" \/>\n<meta name=\"twitter:label1\" content=\"Escrito por\" \/>\n\t<meta name=\"twitter:data1\" content=\"Jeanette\" \/>\n\t<meta name=\"twitter:label2\" content=\"Tiempo de lectura\" \/>\n\t<meta name=\"twitter:data2\" content=\"2 minutos\" \/>\n<script type=\"application\/ld+json\" class=\"yoast-schema-graph\">{\"@context\":\"https:\\\/\\\/schema.org\",\"@graph\":[{\"@type\":\"Article\",\"@id\":\"https:\\\/\\\/www.eldiario.net\\\/portal\\\/2021\\\/05\\\/10\\\/continuan-cuestionamientos-por-impuesto-a-servicios-digitales\\\/#article\",\"isPartOf\":{\"@id\":\"https:\\\/\\\/www.eldiario.net\\\/portal\\\/2021\\\/05\\\/10\\\/continuan-cuestionamientos-por-impuesto-a-servicios-digitales\\\/\"},\"author\":{\"name\":\"Jeanette\",\"@id\":\"https:\\\/\\\/www.eldiario.net\\\/portal\\\/#\\\/schema\\\/person\\\/f46445640444750d7d753ccd04ae01b7\"},\"headline\":\"Contin\u00faan cuestionamientos por impuesto a servicios digitales\",\"datePublished\":\"2021-05-10T08:26:25+00:00\",\"mainEntityOfPage\":{\"@id\":\"https:\\\/\\\/www.eldiario.net\\\/portal\\\/2021\\\/05\\\/10\\\/continuan-cuestionamientos-por-impuesto-a-servicios-digitales\\\/\"},\"wordCount\":494,\"publisher\":{\"@id\":\"https:\\\/\\\/www.eldiario.net\\\/portal\\\/#organization\"},\"image\":{\"@id\":\"https:\\\/\\\/www.eldiario.net\\\/portal\\\/2021\\\/05\\\/10\\\/continuan-cuestionamientos-por-impuesto-a-servicios-digitales\\\/#primaryimage\"},\"thumbnailUrl\":\"\",\"articleSection\":[\"Pol\u00edtica\"],\"inLanguage\":\"es\"},{\"@type\":\"WebPage\",\"@id\":\"https:\\\/\\\/www.eldiario.net\\\/portal\\\/2021\\\/05\\\/10\\\/continuan-cuestionamientos-por-impuesto-a-servicios-digitales\\\/\",\"url\":\"https:\\\/\\\/www.eldiario.net\\\/portal\\\/2021\\\/05\\\/10\\\/continuan-cuestionamientos-por-impuesto-a-servicios-digitales\\\/\",\"name\":\"Contin\u00faan cuestionamientos por impuesto a servicios digitales - El Diario - Bolivia\",\"isPartOf\":{\"@id\":\"https:\\\/\\\/www.eldiario.net\\\/portal\\\/#website\"},\"primaryImageOfPage\":{\"@id\":\"https:\\\/\\\/www.eldiario.net\\\/portal\\\/2021\\\/05\\\/10\\\/continuan-cuestionamientos-por-impuesto-a-servicios-digitales\\\/#primaryimage\"},\"image\":{\"@id\":\"https:\\\/\\\/www.eldiario.net\\\/portal\\\/2021\\\/05\\\/10\\\/continuan-cuestionamientos-por-impuesto-a-servicios-digitales\\\/#primaryimage\"},\"thumbnailUrl\":\"\",\"datePublished\":\"2021-05-10T08:26:25+00:00\",\"breadcrumb\":{\"@id\":\"https:\\\/\\\/www.eldiario.net\\\/portal\\\/2021\\\/05\\\/10\\\/continuan-cuestionamientos-por-impuesto-a-servicios-digitales\\\/#breadcrumb\"},\"inLanguage\":\"es\",\"potentialAction\":[{\"@type\":\"ReadAction\",\"target\":[\"https:\\\/\\\/www.eldiario.net\\\/portal\\\/2021\\\/05\\\/10\\\/continuan-cuestionamientos-por-impuesto-a-servicios-digitales\\\/\"]}]},{\"@type\":\"ImageObject\",\"inLanguage\":\"es\",\"@id\":\"https:\\\/\\\/www.eldiario.net\\\/portal\\\/2021\\\/05\\\/10\\\/continuan-cuestionamientos-por-impuesto-a-servicios-digitales\\\/#primaryimage\",\"url\":\"\",\"contentUrl\":\"\"},{\"@type\":\"BreadcrumbList\",\"@id\":\"https:\\\/\\\/www.eldiario.net\\\/portal\\\/2021\\\/05\\\/10\\\/continuan-cuestionamientos-por-impuesto-a-servicios-digitales\\\/#breadcrumb\",\"itemListElement\":[{\"@type\":\"ListItem\",\"position\":1,\"name\":\"Portada\",\"item\":\"https:\\\/\\\/www.eldiario.net\\\/portal\\\/\"},{\"@type\":\"ListItem\",\"position\":2,\"name\":\"Contin\u00faan cuestionamientos por impuesto a servicios digitales\"}]},{\"@type\":\"WebSite\",\"@id\":\"https:\\\/\\\/www.eldiario.net\\\/portal\\\/#website\",\"url\":\"https:\\\/\\\/www.eldiario.net\\\/portal\\\/\",\"name\":\"El Diario - Decano de la prensa nacional\",\"description\":\"El Diario - Decano de la prensa nacional\",\"publisher\":{\"@id\":\"https:\\\/\\\/www.eldiario.net\\\/portal\\\/#organization\"},\"potentialAction\":[{\"@type\":\"SearchAction\",\"target\":{\"@type\":\"EntryPoint\",\"urlTemplate\":\"https:\\\/\\\/www.eldiario.net\\\/portal\\\/?s={search_term_string}\"},\"query-input\":{\"@type\":\"PropertyValueSpecification\",\"valueRequired\":true,\"valueName\":\"search_term_string\"}}],\"inLanguage\":\"es\"},{\"@type\":\"Organization\",\"@id\":\"https:\\\/\\\/www.eldiario.net\\\/portal\\\/#organization\",\"name\":\"El Diario - Decano de la prensa nacional\",\"url\":\"https:\\\/\\\/www.eldiario.net\\\/portal\\\/\",\"logo\":{\"@type\":\"ImageObject\",\"inLanguage\":\"es\",\"@id\":\"https:\\\/\\\/www.eldiario.net\\\/portal\\\/#\\\/schema\\\/logo\\\/image\\\/\",\"url\":\"https:\\\/\\\/www.eldiario.net\\\/portal\\\/wp-content\\\/uploads\\\/2023\\\/07\\\/logo_ED.jpg\",\"contentUrl\":\"https:\\\/\\\/www.eldiario.net\\\/portal\\\/wp-content\\\/uploads\\\/2023\\\/07\\\/logo_ED.jpg\",\"width\":272,\"height\":52,\"caption\":\"El Diario - Decano de la prensa nacional\"},\"image\":{\"@id\":\"https:\\\/\\\/www.eldiario.net\\\/portal\\\/#\\\/schema\\\/logo\\\/image\\\/\"},\"sameAs\":[\"https:\\\/\\\/www.facebook.com\\\/eldiario.bolivia\\\/\",\"https:\\\/\\\/x.com\\\/eldiario_net\"]},{\"@type\":\"Person\",\"@id\":\"https:\\\/\\\/www.eldiario.net\\\/portal\\\/#\\\/schema\\\/person\\\/f46445640444750d7d753ccd04ae01b7\",\"name\":\"Jeanette\",\"image\":{\"@type\":\"ImageObject\",\"inLanguage\":\"es\",\"@id\":\"https:\\\/\\\/secure.gravatar.com\\\/avatar\\\/3ea2118a5f7dad2b7138b1187a6b7ee55f160b9968b66013c3a3ef39dd7e5798?s=96&d=mm&r=g\",\"url\":\"https:\\\/\\\/secure.gravatar.com\\\/avatar\\\/3ea2118a5f7dad2b7138b1187a6b7ee55f160b9968b66013c3a3ef39dd7e5798?s=96&d=mm&r=g\",\"contentUrl\":\"https:\\\/\\\/secure.gravatar.com\\\/avatar\\\/3ea2118a5f7dad2b7138b1187a6b7ee55f160b9968b66013c3a3ef39dd7e5798?s=96&d=mm&r=g\",\"caption\":\"Jeanette\"},\"sameAs\":[\"https:\\\/\\\/www.eldiario.net\\\/portal\"],\"url\":\"https:\\\/\\\/www.eldiario.net\\\/portal\\\/author\\\/jeanette\\\/\"}]}<\/script>\n<!-- \/ Yoast SEO plugin. -->","yoast_head_json":{"title":"Contin\u00faan cuestionamientos por impuesto a servicios digitales - El Diario - Bolivia","robots":{"index":"index","follow":"follow","max-snippet":"max-snippet:-1","max-image-preview":"max-image-preview:large","max-video-preview":"max-video-preview:-1"},"canonical":"https:\/\/www.eldiario.net\/portal\/2021\/05\/10\/continuan-cuestionamientos-por-impuesto-a-servicios-digitales\/","og_locale":"es_ES","og_type":"article","og_title":"Contin\u00faan cuestionamientos por impuesto a servicios digitales - El Diario - Bolivia","og_description":"Ante anuncios sobre la modificaci\u00f3n de tarifas en servicios digitales para el territorio nacional, incrementando el pago para usuarios de plataformas de streaming, el diputado por la alianza Comunidad Ciudadana (CC), Alejandro Reyes, manifest\u00f3 que la nueva normativa que busca la aplicaci\u00f3n de impuestos a los servicios digitales provocar\u00e1 da\u00f1os a la econom\u00eda de la [&hellip;]","og_url":"https:\/\/www.eldiario.net\/portal\/2021\/05\/10\/continuan-cuestionamientos-por-impuesto-a-servicios-digitales\/","og_site_name":"El Diario - Bolivia","article_publisher":"https:\/\/www.facebook.com\/eldiario.bolivia\/","article_published_time":"2021-05-10T08:26:25+00:00","author":"Jeanette","twitter_card":"summary_large_image","twitter_creator":"@eldiario_net","twitter_site":"@eldiario_net","twitter_misc":{"Escrito por":"Jeanette","Tiempo de lectura":"2 minutos"},"schema":{"@context":"https:\/\/schema.org","@graph":[{"@type":"Article","@id":"https:\/\/www.eldiario.net\/portal\/2021\/05\/10\/continuan-cuestionamientos-por-impuesto-a-servicios-digitales\/#article","isPartOf":{"@id":"https:\/\/www.eldiario.net\/portal\/2021\/05\/10\/continuan-cuestionamientos-por-impuesto-a-servicios-digitales\/"},"author":{"name":"Jeanette","@id":"https:\/\/www.eldiario.net\/portal\/#\/schema\/person\/f46445640444750d7d753ccd04ae01b7"},"headline":"Contin\u00faan cuestionamientos por impuesto a servicios digitales","datePublished":"2021-05-10T08:26:25+00:00","mainEntityOfPage":{"@id":"https:\/\/www.eldiario.net\/portal\/2021\/05\/10\/continuan-cuestionamientos-por-impuesto-a-servicios-digitales\/"},"wordCount":494,"publisher":{"@id":"https:\/\/www.eldiario.net\/portal\/#organization"},"image":{"@id":"https:\/\/www.eldiario.net\/portal\/2021\/05\/10\/continuan-cuestionamientos-por-impuesto-a-servicios-digitales\/#primaryimage"},"thumbnailUrl":"","articleSection":["Pol\u00edtica"],"inLanguage":"es"},{"@type":"WebPage","@id":"https:\/\/www.eldiario.net\/portal\/2021\/05\/10\/continuan-cuestionamientos-por-impuesto-a-servicios-digitales\/","url":"https:\/\/www.eldiario.net\/portal\/2021\/05\/10\/continuan-cuestionamientos-por-impuesto-a-servicios-digitales\/","name":"Contin\u00faan cuestionamientos por impuesto a servicios digitales - El Diario - Bolivia","isPartOf":{"@id":"https:\/\/www.eldiario.net\/portal\/#website"},"primaryImageOfPage":{"@id":"https:\/\/www.eldiario.net\/portal\/2021\/05\/10\/continuan-cuestionamientos-por-impuesto-a-servicios-digitales\/#primaryimage"},"image":{"@id":"https:\/\/www.eldiario.net\/portal\/2021\/05\/10\/continuan-cuestionamientos-por-impuesto-a-servicios-digitales\/#primaryimage"},"thumbnailUrl":"","datePublished":"2021-05-10T08:26:25+00:00","breadcrumb":{"@id":"https:\/\/www.eldiario.net\/portal\/2021\/05\/10\/continuan-cuestionamientos-por-impuesto-a-servicios-digitales\/#breadcrumb"},"inLanguage":"es","potentialAction":[{"@type":"ReadAction","target":["https:\/\/www.eldiario.net\/portal\/2021\/05\/10\/continuan-cuestionamientos-por-impuesto-a-servicios-digitales\/"]}]},{"@type":"ImageObject","inLanguage":"es","@id":"https:\/\/www.eldiario.net\/portal\/2021\/05\/10\/continuan-cuestionamientos-por-impuesto-a-servicios-digitales\/#primaryimage","url":"","contentUrl":""},{"@type":"BreadcrumbList","@id":"https:\/\/www.eldiario.net\/portal\/2021\/05\/10\/continuan-cuestionamientos-por-impuesto-a-servicios-digitales\/#breadcrumb","itemListElement":[{"@type":"ListItem","position":1,"name":"Portada","item":"https:\/\/www.eldiario.net\/portal\/"},{"@type":"ListItem","position":2,"name":"Contin\u00faan cuestionamientos por impuesto a servicios digitales"}]},{"@type":"WebSite","@id":"https:\/\/www.eldiario.net\/portal\/#website","url":"https:\/\/www.eldiario.net\/portal\/","name":"El Diario - Decano de la prensa nacional","description":"El Diario - Decano de la prensa nacional","publisher":{"@id":"https:\/\/www.eldiario.net\/portal\/#organization"},"potentialAction":[{"@type":"SearchAction","target":{"@type":"EntryPoint","urlTemplate":"https:\/\/www.eldiario.net\/portal\/?s={search_term_string}"},"query-input":{"@type":"PropertyValueSpecification","valueRequired":true,"valueName":"search_term_string"}}],"inLanguage":"es"},{"@type":"Organization","@id":"https:\/\/www.eldiario.net\/portal\/#organization","name":"El Diario - Decano de la prensa nacional","url":"https:\/\/www.eldiario.net\/portal\/","logo":{"@type":"ImageObject","inLanguage":"es","@id":"https:\/\/www.eldiario.net\/portal\/#\/schema\/logo\/image\/","url":"https:\/\/www.eldiario.net\/portal\/wp-content\/uploads\/2023\/07\/logo_ED.jpg","contentUrl":"https:\/\/www.eldiario.net\/portal\/wp-content\/uploads\/2023\/07\/logo_ED.jpg","width":272,"height":52,"caption":"El Diario - Decano de la prensa nacional"},"image":{"@id":"https:\/\/www.eldiario.net\/portal\/#\/schema\/logo\/image\/"},"sameAs":["https:\/\/www.facebook.com\/eldiario.bolivia\/","https:\/\/x.com\/eldiario_net"]},{"@type":"Person","@id":"https:\/\/www.eldiario.net\/portal\/#\/schema\/person\/f46445640444750d7d753ccd04ae01b7","name":"Jeanette","image":{"@type":"ImageObject","inLanguage":"es","@id":"https:\/\/secure.gravatar.com\/avatar\/3ea2118a5f7dad2b7138b1187a6b7ee55f160b9968b66013c3a3ef39dd7e5798?s=96&d=mm&r=g","url":"https:\/\/secure.gravatar.com\/avatar\/3ea2118a5f7dad2b7138b1187a6b7ee55f160b9968b66013c3a3ef39dd7e5798?s=96&d=mm&r=g","contentUrl":"https:\/\/secure.gravatar.com\/avatar\/3ea2118a5f7dad2b7138b1187a6b7ee55f160b9968b66013c3a3ef39dd7e5798?s=96&d=mm&r=g","caption":"Jeanette"},"sameAs":["https:\/\/www.eldiario.net\/portal"],"url":"https:\/\/www.eldiario.net\/portal\/author\/jeanette\/"}]}},"_links":{"self":[{"href":"https:\/\/www.eldiario.net\/portal\/wp-json\/wp\/v2\/posts\/2965","targetHints":{"allow":["GET"]}}],"collection":[{"href":"https:\/\/www.eldiario.net\/portal\/wp-json\/wp\/v2\/posts"}],"about":[{"href":"https:\/\/www.eldiario.net\/portal\/wp-json\/wp\/v2\/types\/post"}],"author":[{"embeddable":true,"href":"https:\/\/www.eldiario.net\/portal\/wp-json\/wp\/v2\/users\/1"}],"replies":[{"embeddable":true,"href":"https:\/\/www.eldiario.net\/portal\/wp-json\/wp\/v2\/comments?post=2965"}],"version-history":[{"count":0,"href":"https:\/\/www.eldiario.net\/portal\/wp-json\/wp\/v2\/posts\/2965\/revisions"}],"wp:attachment":[{"href":"https:\/\/www.eldiario.net\/portal\/wp-json\/wp\/v2\/media?parent=2965"}],"wp:term":[{"taxonomy":"category","embeddable":true,"href":"https:\/\/www.eldiario.net\/portal\/wp-json\/wp\/v2\/categories?post=2965"},{"taxonomy":"post_tag","embeddable":true,"href":"https:\/\/www.eldiario.net\/portal\/wp-json\/wp\/v2\/tags?post=2965"}],"curies":[{"name":"wp","href":"https:\/\/api.w.org\/{rel}","templated":true}]}}