{"id":296311,"date":"2025-04-18T07:09:49","date_gmt":"2025-04-18T11:09:49","guid":{"rendered":"https:\/\/www.eldiario.net\/portal\/?p=296311"},"modified":"2025-04-18T07:09:49","modified_gmt":"2025-04-18T11:09:49","slug":"la-tos-por-que-se-debe-tener-mucho-cuidado-4","status":"publish","type":"post","link":"https:\/\/www.eldiario.net\/portal\/2025\/04\/18\/la-tos-por-que-se-debe-tener-mucho-cuidado-4\/","title":{"rendered":"La tos \u00bfPor qu\u00e9 se debe tener mucho cuidado?"},"content":{"rendered":"<p><strong>Por. Equipo editor<\/strong><\/p>\n<p>&nbsp;<\/p>\n<p><strong>Recordemos que\u2026<\/strong><\/p>\n<p>&nbsp;<\/p>\n<p>La tos es un reflejo protector del cuerpo que ayuda a limpiar las v\u00edas respiratorias de irritantes, secreciones o part\u00edculas extra\u00f1as. En t\u00e9rminos m\u00e1s sencillos, es una forma en que el cuerpo se deshace de cosas que no deber\u00edan estar en los pulmones o la garganta.<\/p>\n<p>&nbsp;<\/p>\n<p><strong>Remedios caseros, tradicionales y naturalistas para sanar y eliminar la tos<\/strong><\/p>\n<p>&nbsp;<\/p>\n<p>Es muy com\u00fan que la pr\u00e1ctica social al enfrentar la tos como malestar sea recurrir a remedios caseros y tradicionales\/ancestrales; sin embargo, estos pueden llegar a poner en riesgo la salud del paciente por desconocimiento de los ingredientes que se vayan a utilizar o incluso por las reacciones que puedan generar en una persona, considerando que ese aspectos varia de una persona a otra.<\/p>\n<p>&nbsp;<\/p>\n<p>Asimismo, si bien estos enfoques pueden ofrecer alivio sintom\u00e1tico, no son un sustituto del diagn\u00f3stico y tratamiento m\u00e9dico profesional, especialmente si la tos es persistente, severa, o se acompa\u00f1a de otros s\u00edntomas como fiebre alta, dificultad para respirar, dolor en el pecho, expectoraci\u00f3n con sangre o cambios significativos en la voz o la degluci\u00f3n.<\/p>\n<p>&nbsp;<\/p>\n<p>Ya que la tos es un reflejo protector del cuerpo para eliminar irritantes, mucosidad o part\u00edculas extra\u00f1as de las v\u00edas respiratorias. Su causa puede ser variada (infecciones virales o bacterianas, alergias, irritantes ambientales, reflujo gastroesof\u00e1gico, entre otras). Por ello, identificar la causa subyacente es fundamental para un tratamiento efectivo.<\/p>\n<p>&nbsp;<\/p>\n<p>Dicho esto, ahora se entrega algunos remedios caseros, tradicionales y naturalistas que se han utilizado para aliviar la tos, siempre con la precauci\u00f3n de no poner en riesgo la salud; es decir, que estos tratamientos reducen la posibilidad de da\u00f1ar al paciente.<\/p>\n<p>&nbsp;<\/p>\n<ol start=\"2\">\n<li><strong> Remedios naturalistas (infusiones de hierbas)<\/strong><\/li>\n<\/ol>\n<p>&nbsp;<\/p>\n<ul>\n<li><strong>Jengibre:<\/strong> Tiene propiedades antiinflamatorias y expectorantes. Se puede preparar una infusi\u00f3n con rodajas de jengibre fresco en agua caliente. Se puede endulzar con miel y a\u00f1adir lim\u00f3n.<\/li>\n<\/ul>\n<p>&nbsp;<\/p>\n<ul>\n<li><strong>Tomillo:<\/strong> Tradicionalmente utilizado por sus propiedades expectorantes y antitusivas. Se puede preparar una infusi\u00f3n con hojas secas de tomillo.<\/li>\n<\/ul>\n<p>&nbsp;<\/p>\n<ul>\n<li><strong>Eucalipto:<\/strong> Sus hojas contienen aceites esenciales con propiedades expectorantes y descongestionantes. Se puede utilizar en inhalaciones de vapor (con precauci\u00f3n) o en infusiones suaves (consultar dosis adecuadas).<\/li>\n<\/ul>\n<p>&nbsp;<\/p>\n<ul>\n<li><strong>Precauci\u00f3n:<\/strong> El aceite esencial de eucalipto puro puede ser t\u00f3xico si se ingiere.<\/li>\n<\/ul>\n<p>&nbsp;<\/p>\n<ul>\n<li><strong>Menta:<\/strong> Contiene mentol, que puede ayudar a aliviar la congesti\u00f3n y la irritaci\u00f3n de la garganta. Se puede preparar una infusi\u00f3n suave de hojas de menta.<\/li>\n<\/ul>\n<p>&nbsp;<\/p>\n<ul>\n<li><strong>Malva:<\/strong> Tiene propiedades emolientes y puede ayudar a suavizar la garganta irritada, aliviando la tos seca.<\/li>\n<\/ul>\n<p>&nbsp;<\/p>\n<ul>\n<li><strong>Regaliz:<\/strong> Puede tener propiedades expectorantes y antiinflamatorias. Se puede consumir en infusi\u00f3n. Precauci\u00f3n: Su consumo excesivo puede elevar la presi\u00f3n arterial en algunas personas.<\/li>\n<\/ul>\n<p>&nbsp;<\/p>\n<ul>\n<li><strong>Gordolobo:<\/strong> Tradicionalmente utilizado por sus propiedades expectorantes y suavizantes de las v\u00edas respiratorias. Se utilizan las flores y las hojas en infusi\u00f3n.<\/li>\n<\/ul>\n<p>&nbsp;<\/p>\n<p><strong>Consideraciones importantes y precauciones para no ignorar<\/strong><\/p>\n<p>&nbsp;<\/p>\n<ul>\n<li><strong>Alergias:<\/strong> Aseg\u00farate de no ser al\u00e9rgico a ninguna de las hierbas o ingredientes utilizados.<\/li>\n<\/ul>\n<p>&nbsp;<\/p>\n<ul>\n<li><strong>Interacciones medicamentosas:<\/strong> Si est\u00e1s tomando otros medicamentos, consulta con tu m\u00e9dico antes de usar remedios a base de hierbas, ya que podr\u00edan interactuar con ellos.<\/li>\n<\/ul>\n<p>&nbsp;<\/p>\n<ul>\n<li><strong>Dosificaci\u00f3n:<\/strong> Utiliza las hierbas en las dosis recomendadas. M\u00e1s no siempre es mejor y algunas hierbas pueden tener efectos secundarios en dosis elevadas.<\/li>\n<\/ul>\n<p>&nbsp;<\/p>\n<ul>\n<li><strong>Ni\u00f1os:<\/strong> Algunos remedios no son adecuados para ni\u00f1os peque\u00f1os. Siempre consulta con un pediatra antes de dar cualquier remedio a un ni\u00f1o. Recuerda la precauci\u00f3n con la miel en menores de un a\u00f1o.<\/li>\n<\/ul>\n<p>&nbsp;<\/p>\n<ul>\n<li><strong>Embarazo y lactancia:<\/strong> Algunas hierbas no son seguras durante el embarazo y la lactancia. Consulta siempre con tu m\u00e9dico.<\/li>\n<\/ul>\n<p>&nbsp;<\/p>\n<ul>\n<li><strong>Tos persistente o grave:<\/strong> Si la tos no mejora en unos d\u00edas, empeora o se acompa\u00f1a de otros s\u00edntomas preocupantes, busca atenci\u00f3n m\u00e9dica profesional de inmediato. No retrases la consulta pensando que solo con remedios caseros se solucionar\u00e1 el problema.<\/li>\n<\/ul>\n<p>&nbsp;<\/p>\n<ul>\n<li><strong>Reflujo gastroesof\u00e1gico (ERGE):<\/strong> Si sospechas que tu tos est\u00e1 relacionada con el reflujo \u00e1cido, los remedios caseros pueden ofrecer alivio temporal, pero es crucial abordar la causa subyacente con cambios en la dieta, estilo de vida y, si es necesario, medicaci\u00f3n prescrita por un gastroenter\u00f3logo.<\/li>\n<\/ul>\n<p>&nbsp;<\/p>\n<p>Por \u00faltimo pero no menos importante, no olvides que los remedios caseros, tradicionales y naturalistas pueden ser \u00fatiles para aliviar los s\u00edntomas de la tos leve y ocasional. Sin embargo, es fundamental utilizarlos con precauci\u00f3n, conocer sus posibles limitaciones y no considerarlos un sustituto de la atenci\u00f3n m\u00e9dica profesional, especialmente en casos de tos persistente o acompa\u00f1ada de otros s\u00edntomas preocupantes.<\/p>\n\r\n                <style type=\"text\/css\">\r\n                    \r\n                    #tdi_1  .td-doubleSlider-2 .td-item1 {\r\n                        background: url(https:\/\/www.eldiario.net\/portal\/wp-content\/uploads\/2025\/04\/Bio-Contra-la-tos-80x60.jpg) 0 0 no-repeat;\r\n                    }\r\n                    #tdi_1  .td-doubleSlider-2 .td-item2 {\r\n                        background: url(https:\/\/www.eldiario.net\/portal\/wp-content\/uploads\/2025\/04\/Bio-Remedios-naturalistas-para-la-tos-80x60.jpg) 0 0 no-repeat;\r\n                    }\r\n                    #tdi_1  .td-doubleSlider-2 .td-item3 {\r\n                        background: url(https:\/\/www.eldiario.net\/portal\/wp-content\/uploads\/2025\/04\/Bio-Remedios-80x60.jpg) 0 0 no-repeat;\r\n                    }\r\n                <\/style>\r\n\r\n                <div id=\"tdi_1\" class=\"td-gallery td-slide-on-2-columns\">\r\n                    <div class=\"post_td_gallery\">\r\n                        <div class=\"td-gallery-slide-top\">\r\n                           <div class=\"td-gallery-title\"><\/div>\r\n\r\n                            <div class=\"td-gallery-controls-wrapper\">\r\n                                <div class=\"td-gallery-slide-count\"><span class=\"td-gallery-slide-item-focus\">1<\/span> de 3<\/div>\r\n                                <div class=\"td-gallery-slide-prev-next-but\">\r\n                                    <i class = \"td-icon-left doubleSliderPrevButton\"><\/i>\r\n                                    <i class = \"td-icon-right doubleSliderNextButton\"><\/i>\r\n                                <\/div>\r\n                            <\/div>\r\n                        <\/div>\r\n\r\n                        <div class = \"td-doubleSlider-1 \">\r\n                            <div class = \"td-slider\">\r\n                                \r\n                    <div class = \"td-slide-item td-item1\">\r\n                        <figure class=\"td-slide-galery-figure td-slide-popup-gallery\">\r\n                            <a class=\"slide-gallery-image-link\" href=\"https:\/\/www.eldiario.net\/portal\/wp-content\/uploads\/2025\/04\/Bio-Contra-la-tos.jpg\" title=\"Bio - Contra la tos\"  data-caption=\"\"  data-description=\"\">\r\n                                <img decoding=\"async\" src=\"https:\/\/www.eldiario.net\/portal\/wp-content\/uploads\/2025\/04\/Bio-Contra-la-tos.jpg\" srcset=\"https:\/\/www.eldiario.net\/portal\/wp-content\/uploads\/2025\/04\/Bio-Contra-la-tos.jpg 474w, https:\/\/www.eldiario.net\/portal\/wp-content\/uploads\/2025\/04\/Bio-Contra-la-tos-300x168.jpg 300w\" sizes=\"(max-width: 474px) 100vw, 474px\" alt=\"\">\r\n                            <\/a>\r\n                            \r\n                        <\/figure>\r\n                    <\/div>\r\n                    <div class = \"td-slide-item td-item2\">\r\n                        <figure class=\"td-slide-galery-figure td-slide-popup-gallery\">\r\n                            <a class=\"slide-gallery-image-link\" href=\"https:\/\/www.eldiario.net\/portal\/wp-content\/uploads\/2025\/04\/Bio-Remedios-naturalistas-para-la-tos.jpg\" title=\"Bio - Remedios naturalistas para la tos\"  data-caption=\"\"  data-description=\"\">\r\n                                <img decoding=\"async\" src=\"https:\/\/www.eldiario.net\/portal\/wp-content\/uploads\/2025\/04\/Bio-Remedios-naturalistas-para-la-tos.jpg\" srcset=\"https:\/\/www.eldiario.net\/portal\/wp-content\/uploads\/2025\/04\/Bio-Remedios-naturalistas-para-la-tos.jpg 474w, https:\/\/www.eldiario.net\/portal\/wp-content\/uploads\/2025\/04\/Bio-Remedios-naturalistas-para-la-tos-300x225.jpg 300w, https:\/\/www.eldiario.net\/portal\/wp-content\/uploads\/2025\/04\/Bio-Remedios-naturalistas-para-la-tos-80x60.jpg 80w\" sizes=\"(max-width: 474px) 100vw, 474px\" alt=\"\">\r\n                            <\/a>\r\n                            \r\n                        <\/figure>\r\n                    <\/div>\r\n                    <div class = \"td-slide-item td-item3\">\r\n                        <figure class=\"td-slide-galery-figure td-slide-popup-gallery\">\r\n                            <a class=\"slide-gallery-image-link\" href=\"https:\/\/www.eldiario.net\/portal\/wp-content\/uploads\/2025\/04\/Bio-Remedios.jpg\" title=\"Bio - Remedios\"  data-caption=\"\"  data-description=\"\">\r\n                                <img decoding=\"async\" src=\"https:\/\/www.eldiario.net\/portal\/wp-content\/uploads\/2025\/04\/Bio-Remedios.jpg\" srcset=\"https:\/\/www.eldiario.net\/portal\/wp-content\/uploads\/2025\/04\/Bio-Remedios.jpg 474w, https:\/\/www.eldiario.net\/portal\/wp-content\/uploads\/2025\/04\/Bio-Remedios-300x168.jpg 300w\" sizes=\"(max-width: 474px) 100vw, 474px\" alt=\"\">\r\n                            <\/a>\r\n                            \r\n                        <\/figure>\r\n                    <\/div>\r\n                            <\/div>\r\n                        <\/div>\r\n\r\n                        <div class = \"td-doubleSlider-2\">\r\n                            <div class = \"td-slider\">\r\n                                \r\n                    <div class = \"td-button td-item1\">\r\n                        <div class = \"td-border\"><\/div>\r\n                    <\/div>\r\n                    <div class = \"td-button td-item2\">\r\n                        <div class = \"td-border\"><\/div>\r\n                    <\/div>\r\n                    <div class = \"td-button td-item3\">\r\n                        <div class = \"td-border\"><\/div>\r\n                    <\/div>\r\n                            <\/div>\r\n                        <\/div>\r\n\r\n                    <\/div>\r\n\r\n                <\/div>\r\n                \n","protected":false},"excerpt":{"rendered":"<p>Por. Equipo editor &nbsp; Recordemos que\u2026 &nbsp; La tos es un reflejo protector del cuerpo que ayuda a limpiar las v\u00edas respiratorias de irritantes, secreciones o part\u00edculas extra\u00f1as. En t\u00e9rminos m\u00e1s sencillos, es una forma en que el cuerpo se deshace de cosas que no deber\u00edan estar en los pulmones o la garganta. &nbsp; Remedios [&hellip;]<\/p>\n","protected":false},"author":1,"featured_media":296312,"comment_status":"closed","ping_status":"open","sticky":false,"template":"","format":"standard","meta":{"_acf_changed":false,"footnotes":""},"categories":[43],"tags":[],"class_list":["post-296311","post","type-post","status-publish","format-standard","has-post-thumbnail","category-nuevos-horizontes"],"acf":{"antetitulo":"Cuarta Parte"},"yoast_head":"<!-- This site is optimized with the Yoast SEO plugin v28.3 - https:\/\/yoast.com\/product\/yoast-seo-wordpress\/ -->\n<title>La tos \u00bfPor qu\u00e9 se debe tener mucho cuidado? - El Diario - Bolivia<\/title>\n<meta name=\"robots\" content=\"index, follow, max-snippet:-1, max-image-preview:large, max-video-preview:-1\" \/>\n<link rel=\"canonical\" href=\"https:\/\/www.eldiario.net\/portal\/2025\/04\/18\/la-tos-por-que-se-debe-tener-mucho-cuidado-4\/\" \/>\n<meta property=\"og:locale\" content=\"es_ES\" \/>\n<meta property=\"og:type\" content=\"article\" \/>\n<meta property=\"og:title\" content=\"La tos \u00bfPor qu\u00e9 se debe tener mucho cuidado? - El Diario - Bolivia\" \/>\n<meta property=\"og:description\" content=\"Por. Equipo editor &nbsp; Recordemos que\u2026 &nbsp; La tos es un reflejo protector del cuerpo que ayuda a limpiar las v\u00edas respiratorias de irritantes, secreciones o part\u00edculas extra\u00f1as. En t\u00e9rminos m\u00e1s sencillos, es una forma en que el cuerpo se deshace de cosas que no deber\u00edan estar en los pulmones o la garganta. &nbsp; Remedios [&hellip;]\" \/>\n<meta property=\"og:url\" content=\"https:\/\/www.eldiario.net\/portal\/2025\/04\/18\/la-tos-por-que-se-debe-tener-mucho-cuidado-4\/\" \/>\n<meta property=\"og:site_name\" content=\"El Diario - Bolivia\" \/>\n<meta property=\"article:publisher\" content=\"https:\/\/www.facebook.com\/eldiario.bolivia\/\" \/>\n<meta property=\"article:published_time\" content=\"2025-04-18T11:09:49+00:00\" \/>\n<meta property=\"og:image\" content=\"https:\/\/www.eldiario.net\/portal\/wp-content\/uploads\/2025\/04\/Bio-Contra-la-tos.jpg\" \/>\n\t<meta property=\"og:image:width\" content=\"474\" \/>\n\t<meta property=\"og:image:height\" content=\"266\" \/>\n\t<meta property=\"og:image:type\" content=\"image\/jpeg\" \/>\n<meta name=\"author\" content=\"Jeanette\" \/>\n<meta name=\"twitter:card\" content=\"summary_large_image\" \/>\n<meta name=\"twitter:creator\" content=\"@eldiario_net\" \/>\n<meta name=\"twitter:site\" content=\"@eldiario_net\" \/>\n<meta name=\"twitter:label1\" content=\"Escrito por\" \/>\n\t<meta name=\"twitter:data1\" content=\"Jeanette\" \/>\n\t<meta name=\"twitter:label2\" content=\"Tiempo de lectura\" \/>\n\t<meta name=\"twitter:data2\" content=\"4 minutos\" \/>\n<script type=\"application\/ld+json\" class=\"yoast-schema-graph\">{\"@context\":\"https:\\\/\\\/schema.org\",\"@graph\":[{\"@type\":\"Article\",\"@id\":\"https:\\\/\\\/www.eldiario.net\\\/portal\\\/2025\\\/04\\\/18\\\/la-tos-por-que-se-debe-tener-mucho-cuidado-4\\\/#article\",\"isPartOf\":{\"@id\":\"https:\\\/\\\/www.eldiario.net\\\/portal\\\/2025\\\/04\\\/18\\\/la-tos-por-que-se-debe-tener-mucho-cuidado-4\\\/\"},\"author\":{\"name\":\"Jeanette\",\"@id\":\"https:\\\/\\\/www.eldiario.net\\\/portal\\\/#\\\/schema\\\/person\\\/f46445640444750d7d753ccd04ae01b7\"},\"headline\":\"La tos \u00bfPor qu\u00e9 se debe tener mucho cuidado?\",\"datePublished\":\"2025-04-18T11:09:49+00:00\",\"mainEntityOfPage\":{\"@id\":\"https:\\\/\\\/www.eldiario.net\\\/portal\\\/2025\\\/04\\\/18\\\/la-tos-por-que-se-debe-tener-mucho-cuidado-4\\\/\"},\"wordCount\":825,\"publisher\":{\"@id\":\"https:\\\/\\\/www.eldiario.net\\\/portal\\\/#organization\"},\"image\":{\"@id\":\"https:\\\/\\\/www.eldiario.net\\\/portal\\\/2025\\\/04\\\/18\\\/la-tos-por-que-se-debe-tener-mucho-cuidado-4\\\/#primaryimage\"},\"thumbnailUrl\":\"https:\\\/\\\/www.eldiario.net\\\/portal\\\/wp-content\\\/uploads\\\/2025\\\/04\\\/Bio-Contra-la-tos.jpg\",\"articleSection\":[\"Nuevos Horizontes\"],\"inLanguage\":\"es\"},{\"@type\":\"WebPage\",\"@id\":\"https:\\\/\\\/www.eldiario.net\\\/portal\\\/2025\\\/04\\\/18\\\/la-tos-por-que-se-debe-tener-mucho-cuidado-4\\\/\",\"url\":\"https:\\\/\\\/www.eldiario.net\\\/portal\\\/2025\\\/04\\\/18\\\/la-tos-por-que-se-debe-tener-mucho-cuidado-4\\\/\",\"name\":\"La tos \u00bfPor qu\u00e9 se debe tener mucho cuidado? - El Diario - Bolivia\",\"isPartOf\":{\"@id\":\"https:\\\/\\\/www.eldiario.net\\\/portal\\\/#website\"},\"primaryImageOfPage\":{\"@id\":\"https:\\\/\\\/www.eldiario.net\\\/portal\\\/2025\\\/04\\\/18\\\/la-tos-por-que-se-debe-tener-mucho-cuidado-4\\\/#primaryimage\"},\"image\":{\"@id\":\"https:\\\/\\\/www.eldiario.net\\\/portal\\\/2025\\\/04\\\/18\\\/la-tos-por-que-se-debe-tener-mucho-cuidado-4\\\/#primaryimage\"},\"thumbnailUrl\":\"https:\\\/\\\/www.eldiario.net\\\/portal\\\/wp-content\\\/uploads\\\/2025\\\/04\\\/Bio-Contra-la-tos.jpg\",\"datePublished\":\"2025-04-18T11:09:49+00:00\",\"breadcrumb\":{\"@id\":\"https:\\\/\\\/www.eldiario.net\\\/portal\\\/2025\\\/04\\\/18\\\/la-tos-por-que-se-debe-tener-mucho-cuidado-4\\\/#breadcrumb\"},\"inLanguage\":\"es\",\"potentialAction\":[{\"@type\":\"ReadAction\",\"target\":[\"https:\\\/\\\/www.eldiario.net\\\/portal\\\/2025\\\/04\\\/18\\\/la-tos-por-que-se-debe-tener-mucho-cuidado-4\\\/\"]}]},{\"@type\":\"ImageObject\",\"inLanguage\":\"es\",\"@id\":\"https:\\\/\\\/www.eldiario.net\\\/portal\\\/2025\\\/04\\\/18\\\/la-tos-por-que-se-debe-tener-mucho-cuidado-4\\\/#primaryimage\",\"url\":\"https:\\\/\\\/www.eldiario.net\\\/portal\\\/wp-content\\\/uploads\\\/2025\\\/04\\\/Bio-Contra-la-tos.jpg\",\"contentUrl\":\"https:\\\/\\\/www.eldiario.net\\\/portal\\\/wp-content\\\/uploads\\\/2025\\\/04\\\/Bio-Contra-la-tos.jpg\",\"width\":474,\"height\":266},{\"@type\":\"BreadcrumbList\",\"@id\":\"https:\\\/\\\/www.eldiario.net\\\/portal\\\/2025\\\/04\\\/18\\\/la-tos-por-que-se-debe-tener-mucho-cuidado-4\\\/#breadcrumb\",\"itemListElement\":[{\"@type\":\"ListItem\",\"position\":1,\"name\":\"Portada\",\"item\":\"https:\\\/\\\/www.eldiario.net\\\/portal\\\/\"},{\"@type\":\"ListItem\",\"position\":2,\"name\":\"La tos \u00bfPor qu\u00e9 se debe tener mucho cuidado?\"}]},{\"@type\":\"WebSite\",\"@id\":\"https:\\\/\\\/www.eldiario.net\\\/portal\\\/#website\",\"url\":\"https:\\\/\\\/www.eldiario.net\\\/portal\\\/\",\"name\":\"El Diario - Decano de la prensa nacional\",\"description\":\"El Diario - Decano de la prensa nacional\",\"publisher\":{\"@id\":\"https:\\\/\\\/www.eldiario.net\\\/portal\\\/#organization\"},\"potentialAction\":[{\"@type\":\"SearchAction\",\"target\":{\"@type\":\"EntryPoint\",\"urlTemplate\":\"https:\\\/\\\/www.eldiario.net\\\/portal\\\/?s={search_term_string}\"},\"query-input\":{\"@type\":\"PropertyValueSpecification\",\"valueRequired\":true,\"valueName\":\"search_term_string\"}}],\"inLanguage\":\"es\"},{\"@type\":\"Organization\",\"@id\":\"https:\\\/\\\/www.eldiario.net\\\/portal\\\/#organization\",\"name\":\"El Diario - Decano de la prensa nacional\",\"url\":\"https:\\\/\\\/www.eldiario.net\\\/portal\\\/\",\"logo\":{\"@type\":\"ImageObject\",\"inLanguage\":\"es\",\"@id\":\"https:\\\/\\\/www.eldiario.net\\\/portal\\\/#\\\/schema\\\/logo\\\/image\\\/\",\"url\":\"https:\\\/\\\/www.eldiario.net\\\/portal\\\/wp-content\\\/uploads\\\/2023\\\/07\\\/logo_ED.jpg\",\"contentUrl\":\"https:\\\/\\\/www.eldiario.net\\\/portal\\\/wp-content\\\/uploads\\\/2023\\\/07\\\/logo_ED.jpg\",\"width\":272,\"height\":52,\"caption\":\"El Diario - Decano de la prensa nacional\"},\"image\":{\"@id\":\"https:\\\/\\\/www.eldiario.net\\\/portal\\\/#\\\/schema\\\/logo\\\/image\\\/\"},\"sameAs\":[\"https:\\\/\\\/www.facebook.com\\\/eldiario.bolivia\\\/\",\"https:\\\/\\\/x.com\\\/eldiario_net\"]},{\"@type\":\"Person\",\"@id\":\"https:\\\/\\\/www.eldiario.net\\\/portal\\\/#\\\/schema\\\/person\\\/f46445640444750d7d753ccd04ae01b7\",\"name\":\"Jeanette\",\"image\":{\"@type\":\"ImageObject\",\"inLanguage\":\"es\",\"@id\":\"https:\\\/\\\/secure.gravatar.com\\\/avatar\\\/3ea2118a5f7dad2b7138b1187a6b7ee55f160b9968b66013c3a3ef39dd7e5798?s=96&d=mm&r=g\",\"url\":\"https:\\\/\\\/secure.gravatar.com\\\/avatar\\\/3ea2118a5f7dad2b7138b1187a6b7ee55f160b9968b66013c3a3ef39dd7e5798?s=96&d=mm&r=g\",\"contentUrl\":\"https:\\\/\\\/secure.gravatar.com\\\/avatar\\\/3ea2118a5f7dad2b7138b1187a6b7ee55f160b9968b66013c3a3ef39dd7e5798?s=96&d=mm&r=g\",\"caption\":\"Jeanette\"},\"sameAs\":[\"https:\\\/\\\/www.eldiario.net\\\/portal\"],\"url\":\"https:\\\/\\\/www.eldiario.net\\\/portal\\\/author\\\/jeanette\\\/\"}]}<\/script>\n<!-- \/ Yoast SEO plugin. -->","yoast_head_json":{"title":"La tos \u00bfPor qu\u00e9 se debe tener mucho cuidado? - El Diario - Bolivia","robots":{"index":"index","follow":"follow","max-snippet":"max-snippet:-1","max-image-preview":"max-image-preview:large","max-video-preview":"max-video-preview:-1"},"canonical":"https:\/\/www.eldiario.net\/portal\/2025\/04\/18\/la-tos-por-que-se-debe-tener-mucho-cuidado-4\/","og_locale":"es_ES","og_type":"article","og_title":"La tos \u00bfPor qu\u00e9 se debe tener mucho cuidado? - El Diario - Bolivia","og_description":"Por. Equipo editor &nbsp; Recordemos que\u2026 &nbsp; La tos es un reflejo protector del cuerpo que ayuda a limpiar las v\u00edas respiratorias de irritantes, secreciones o part\u00edculas extra\u00f1as. En t\u00e9rminos m\u00e1s sencillos, es una forma en que el cuerpo se deshace de cosas que no deber\u00edan estar en los pulmones o la garganta. &nbsp; Remedios [&hellip;]","og_url":"https:\/\/www.eldiario.net\/portal\/2025\/04\/18\/la-tos-por-que-se-debe-tener-mucho-cuidado-4\/","og_site_name":"El Diario - Bolivia","article_publisher":"https:\/\/www.facebook.com\/eldiario.bolivia\/","article_published_time":"2025-04-18T11:09:49+00:00","og_image":[{"width":474,"height":266,"url":"https:\/\/www.eldiario.net\/portal\/wp-content\/uploads\/2025\/04\/Bio-Contra-la-tos.jpg","type":"image\/jpeg"}],"author":"Jeanette","twitter_card":"summary_large_image","twitter_creator":"@eldiario_net","twitter_site":"@eldiario_net","twitter_misc":{"Escrito por":"Jeanette","Tiempo de lectura":"4 minutos"},"schema":{"@context":"https:\/\/schema.org","@graph":[{"@type":"Article","@id":"https:\/\/www.eldiario.net\/portal\/2025\/04\/18\/la-tos-por-que-se-debe-tener-mucho-cuidado-4\/#article","isPartOf":{"@id":"https:\/\/www.eldiario.net\/portal\/2025\/04\/18\/la-tos-por-que-se-debe-tener-mucho-cuidado-4\/"},"author":{"name":"Jeanette","@id":"https:\/\/www.eldiario.net\/portal\/#\/schema\/person\/f46445640444750d7d753ccd04ae01b7"},"headline":"La tos \u00bfPor qu\u00e9 se debe tener mucho cuidado?","datePublished":"2025-04-18T11:09:49+00:00","mainEntityOfPage":{"@id":"https:\/\/www.eldiario.net\/portal\/2025\/04\/18\/la-tos-por-que-se-debe-tener-mucho-cuidado-4\/"},"wordCount":825,"publisher":{"@id":"https:\/\/www.eldiario.net\/portal\/#organization"},"image":{"@id":"https:\/\/www.eldiario.net\/portal\/2025\/04\/18\/la-tos-por-que-se-debe-tener-mucho-cuidado-4\/#primaryimage"},"thumbnailUrl":"https:\/\/www.eldiario.net\/portal\/wp-content\/uploads\/2025\/04\/Bio-Contra-la-tos.jpg","articleSection":["Nuevos Horizontes"],"inLanguage":"es"},{"@type":"WebPage","@id":"https:\/\/www.eldiario.net\/portal\/2025\/04\/18\/la-tos-por-que-se-debe-tener-mucho-cuidado-4\/","url":"https:\/\/www.eldiario.net\/portal\/2025\/04\/18\/la-tos-por-que-se-debe-tener-mucho-cuidado-4\/","name":"La tos \u00bfPor qu\u00e9 se debe tener mucho cuidado? - El Diario - Bolivia","isPartOf":{"@id":"https:\/\/www.eldiario.net\/portal\/#website"},"primaryImageOfPage":{"@id":"https:\/\/www.eldiario.net\/portal\/2025\/04\/18\/la-tos-por-que-se-debe-tener-mucho-cuidado-4\/#primaryimage"},"image":{"@id":"https:\/\/www.eldiario.net\/portal\/2025\/04\/18\/la-tos-por-que-se-debe-tener-mucho-cuidado-4\/#primaryimage"},"thumbnailUrl":"https:\/\/www.eldiario.net\/portal\/wp-content\/uploads\/2025\/04\/Bio-Contra-la-tos.jpg","datePublished":"2025-04-18T11:09:49+00:00","breadcrumb":{"@id":"https:\/\/www.eldiario.net\/portal\/2025\/04\/18\/la-tos-por-que-se-debe-tener-mucho-cuidado-4\/#breadcrumb"},"inLanguage":"es","potentialAction":[{"@type":"ReadAction","target":["https:\/\/www.eldiario.net\/portal\/2025\/04\/18\/la-tos-por-que-se-debe-tener-mucho-cuidado-4\/"]}]},{"@type":"ImageObject","inLanguage":"es","@id":"https:\/\/www.eldiario.net\/portal\/2025\/04\/18\/la-tos-por-que-se-debe-tener-mucho-cuidado-4\/#primaryimage","url":"https:\/\/www.eldiario.net\/portal\/wp-content\/uploads\/2025\/04\/Bio-Contra-la-tos.jpg","contentUrl":"https:\/\/www.eldiario.net\/portal\/wp-content\/uploads\/2025\/04\/Bio-Contra-la-tos.jpg","width":474,"height":266},{"@type":"BreadcrumbList","@id":"https:\/\/www.eldiario.net\/portal\/2025\/04\/18\/la-tos-por-que-se-debe-tener-mucho-cuidado-4\/#breadcrumb","itemListElement":[{"@type":"ListItem","position":1,"name":"Portada","item":"https:\/\/www.eldiario.net\/portal\/"},{"@type":"ListItem","position":2,"name":"La tos \u00bfPor qu\u00e9 se debe tener mucho cuidado?"}]},{"@type":"WebSite","@id":"https:\/\/www.eldiario.net\/portal\/#website","url":"https:\/\/www.eldiario.net\/portal\/","name":"El Diario - Decano de la prensa nacional","description":"El Diario - Decano de la prensa nacional","publisher":{"@id":"https:\/\/www.eldiario.net\/portal\/#organization"},"potentialAction":[{"@type":"SearchAction","target":{"@type":"EntryPoint","urlTemplate":"https:\/\/www.eldiario.net\/portal\/?s={search_term_string}"},"query-input":{"@type":"PropertyValueSpecification","valueRequired":true,"valueName":"search_term_string"}}],"inLanguage":"es"},{"@type":"Organization","@id":"https:\/\/www.eldiario.net\/portal\/#organization","name":"El Diario - Decano de la prensa nacional","url":"https:\/\/www.eldiario.net\/portal\/","logo":{"@type":"ImageObject","inLanguage":"es","@id":"https:\/\/www.eldiario.net\/portal\/#\/schema\/logo\/image\/","url":"https:\/\/www.eldiario.net\/portal\/wp-content\/uploads\/2023\/07\/logo_ED.jpg","contentUrl":"https:\/\/www.eldiario.net\/portal\/wp-content\/uploads\/2023\/07\/logo_ED.jpg","width":272,"height":52,"caption":"El Diario - Decano de la prensa nacional"},"image":{"@id":"https:\/\/www.eldiario.net\/portal\/#\/schema\/logo\/image\/"},"sameAs":["https:\/\/www.facebook.com\/eldiario.bolivia\/","https:\/\/x.com\/eldiario_net"]},{"@type":"Person","@id":"https:\/\/www.eldiario.net\/portal\/#\/schema\/person\/f46445640444750d7d753ccd04ae01b7","name":"Jeanette","image":{"@type":"ImageObject","inLanguage":"es","@id":"https:\/\/secure.gravatar.com\/avatar\/3ea2118a5f7dad2b7138b1187a6b7ee55f160b9968b66013c3a3ef39dd7e5798?s=96&d=mm&r=g","url":"https:\/\/secure.gravatar.com\/avatar\/3ea2118a5f7dad2b7138b1187a6b7ee55f160b9968b66013c3a3ef39dd7e5798?s=96&d=mm&r=g","contentUrl":"https:\/\/secure.gravatar.com\/avatar\/3ea2118a5f7dad2b7138b1187a6b7ee55f160b9968b66013c3a3ef39dd7e5798?s=96&d=mm&r=g","caption":"Jeanette"},"sameAs":["https:\/\/www.eldiario.net\/portal"],"url":"https:\/\/www.eldiario.net\/portal\/author\/jeanette\/"}]}},"_links":{"self":[{"href":"https:\/\/www.eldiario.net\/portal\/wp-json\/wp\/v2\/posts\/296311","targetHints":{"allow":["GET"]}}],"collection":[{"href":"https:\/\/www.eldiario.net\/portal\/wp-json\/wp\/v2\/posts"}],"about":[{"href":"https:\/\/www.eldiario.net\/portal\/wp-json\/wp\/v2\/types\/post"}],"author":[{"embeddable":true,"href":"https:\/\/www.eldiario.net\/portal\/wp-json\/wp\/v2\/users\/1"}],"replies":[{"embeddable":true,"href":"https:\/\/www.eldiario.net\/portal\/wp-json\/wp\/v2\/comments?post=296311"}],"version-history":[{"count":1,"href":"https:\/\/www.eldiario.net\/portal\/wp-json\/wp\/v2\/posts\/296311\/revisions"}],"predecessor-version":[{"id":296315,"href":"https:\/\/www.eldiario.net\/portal\/wp-json\/wp\/v2\/posts\/296311\/revisions\/296315"}],"wp:featuredmedia":[{"embeddable":true,"href":"https:\/\/www.eldiario.net\/portal\/wp-json\/wp\/v2\/media\/296312"}],"wp:attachment":[{"href":"https:\/\/www.eldiario.net\/portal\/wp-json\/wp\/v2\/media?parent=296311"}],"wp:term":[{"taxonomy":"category","embeddable":true,"href":"https:\/\/www.eldiario.net\/portal\/wp-json\/wp\/v2\/categories?post=296311"},{"taxonomy":"post_tag","embeddable":true,"href":"https:\/\/www.eldiario.net\/portal\/wp-json\/wp\/v2\/tags?post=296311"}],"curies":[{"name":"wp","href":"https:\/\/api.w.org\/{rel}","templated":true}]}}