{"id":296297,"date":"2025-04-18T07:08:34","date_gmt":"2025-04-18T11:08:34","guid":{"rendered":"https:\/\/www.eldiario.net\/portal\/?p=296297"},"modified":"2025-04-18T07:08:34","modified_gmt":"2025-04-18T11:08:34","slug":"embajada-del-ecuador-devela-mural-en-homenaje-a-las-heroinas-de-la-independencia-del-ecuador-y-bolivia","status":"publish","type":"post","link":"https:\/\/www.eldiario.net\/portal\/2025\/04\/18\/embajada-del-ecuador-devela-mural-en-homenaje-a-las-heroinas-de-la-independencia-del-ecuador-y-bolivia\/","title":{"rendered":"Embajada del Ecuador devela mural en homenaje a las hero\u00ednas de la independencia del Ecuador y Bolivia"},"content":{"rendered":"<p>Como \u00faltima actividad oficial, al t\u00e9rmino de su misi\u00f3n diplom\u00e1tica en Bolivia, la embajadora del Ecuador Mirian Esparza, devel\u00f3 el mural denominado \u00abHero\u00ednas de la Independencia del Ecuador y Bolivia\u00bb, en el frontis del colegio t\u00e9cnico human\u00edstico Uruguay, en la zona de Sopocachi.<br \/>\nEl acto cont\u00f3 con la presencia de embajadores de diversos pa\u00edses, del Alcalde Municipal y personeros de la Gobierno Municipal, adem\u00e1s de los encargados del mural, plantel docente y alumnos de la UE Rep\u00fablica del Ecuador.<br \/>\nEn la oportunidad, la diplom\u00e1tica resalt\u00f3 que la historia de la independencia, le\u00edda sin considerar el papel de las mujeres, ser\u00eda inevitablemente incompleta y sesgada. \u00abEs impensable que la mitad de la poblaci\u00f3n haya permanecido al margen de un acontecimiento tan trascendental para la regi\u00f3n. Sin embargo, durante mucho tiempo, las contribuciones y el liderazgo de las mujeres fueron borrados y olvidados\u00bb, y a\u00f1adi\u00f3 que, a trav\u00e9s del mural, se pretende recuperar y poner en valor la independencia desde una visi\u00f3n femenina.<br \/>\nDebemos rescatar del anonimato los relatos, haza\u00f1as y sacrificios de aquellas mujeres que, con su valor, coraje y compromiso, fueron fundamentales para la consecuci\u00f3n de la libertad de Bolivia, Ecuador y el continente americano, refiri\u00f3 la Embajadora.<br \/>\nAdem\u00e1s, subrray\u00f3 que la contribuci\u00f3n de las mujeres en el proceso de independencia de Bolivia y la regi\u00f3n debe ser analizada desde m\u00faltiples aristas, para comprender su importancia y alcance en diferentes \u00e1mbitos. \u00abDesde lo pol\u00edtico-cultural las mujeres desempe\u00f1aron un rol fundamental, aportando ideas revolucionarias en reuniones clandestinas y a trav\u00e9s de la escritura\u00bb.<br \/>\nTras mencionar a cada una de las hero\u00ednas tanto del Ecuador como de Bolivia, la Jefe de la misi\u00f3n ecuatoriana afirm\u00f3 que el mural es un homenaje no solo por el bicentenario de Bolivia, sino porque ambos pa\u00edses comparten una historia libertaria en com\u00fan y, tambi\u00e9n los 183 a\u00f1os de relaciones diplom\u00e1ticas (7 abril).<br \/>\n\u00abPor ello, qu\u00e9 mejor manera de celebrar esta hermandad, que rindiendo un homenaje a nuestras hero\u00ednas bolivianas y ecuatorianas con un mural que no solo refleje su valent\u00eda y compromiso con las luchas independistas de nuestros pa\u00edses, sino tambi\u00e9n para que las revivamos y las recordemos a trav\u00e9s de los a\u00f1os, las proclamemos nuestras y las sintamos vivas a trav\u00e9s de nuestros sue\u00f1os y m\u00e1s profundas esperanzas\u00bb, finaliz\u00f3 la Embajadora Esparza.<\/p>\n\r\n                <style type=\"text\/css\">\r\n                    \r\n                    #tdi_1  .td-doubleSlider-2 .td-item1 {\r\n                        background: url(https:\/\/www.eldiario.net\/portal\/wp-content\/uploads\/2025\/04\/DSC_5348-80x60.jpg) 0 0 no-repeat;\r\n                    }\r\n                    #tdi_1  .td-doubleSlider-2 .td-item2 {\r\n                        background: url(https:\/\/www.eldiario.net\/portal\/wp-content\/uploads\/2025\/04\/DSC_5355-80x60.jpg) 0 0 no-repeat;\r\n                    }\r\n                    #tdi_1  .td-doubleSlider-2 .td-item3 {\r\n                        background: url(https:\/\/www.eldiario.net\/portal\/wp-content\/uploads\/2025\/04\/DSC_5361-80x60.jpg) 0 0 no-repeat;\r\n                    }\r\n                    #tdi_1  .td-doubleSlider-2 .td-item4 {\r\n                        background: url(https:\/\/www.eldiario.net\/portal\/wp-content\/uploads\/2025\/04\/DSC_5392-80x60.jpg) 0 0 no-repeat;\r\n                    }\r\n                    #tdi_1  .td-doubleSlider-2 .td-item5 {\r\n                        background: url(https:\/\/www.eldiario.net\/portal\/wp-content\/uploads\/2025\/04\/DSC_5405-80x60.jpg) 0 0 no-repeat;\r\n                    }\r\n                    #tdi_1  .td-doubleSlider-2 .td-item6 {\r\n                        background: url(https:\/\/www.eldiario.net\/portal\/wp-content\/uploads\/2025\/04\/DSC_5465-80x60.jpg) 0 0 no-repeat;\r\n                    }\r\n                    #tdi_1  .td-doubleSlider-2 .td-item7 {\r\n                        background: url(https:\/\/www.eldiario.net\/portal\/wp-content\/uploads\/2025\/04\/DSC_5507-80x60.jpg) 0 0 no-repeat;\r\n                    }\r\n                    #tdi_1  .td-doubleSlider-2 .td-item8 {\r\n                        background: url(https:\/\/www.eldiario.net\/portal\/wp-content\/uploads\/2025\/04\/DSC_5537-80x60.jpg) 0 0 no-repeat;\r\n                    }\r\n                    #tdi_1  .td-doubleSlider-2 .td-item9 {\r\n                        background: url(https:\/\/www.eldiario.net\/portal\/wp-content\/uploads\/2025\/04\/DSC_5561-80x60.jpg) 0 0 no-repeat;\r\n                    }\r\n                    #tdi_1  .td-doubleSlider-2 .td-item10 {\r\n                        background: url(https:\/\/www.eldiario.net\/portal\/wp-content\/uploads\/2025\/04\/DSC_5627-80x60.jpg) 0 0 no-repeat;\r\n                    }\r\n                    #tdi_1  .td-doubleSlider-2 .td-item11 {\r\n                        background: url(https:\/\/www.eldiario.net\/portal\/wp-content\/uploads\/2025\/04\/DSC_5635-80x60.jpg) 0 0 no-repeat;\r\n                    }\r\n                    #tdi_1  .td-doubleSlider-2 .td-item12 {\r\n                        background: url(https:\/\/www.eldiario.net\/portal\/wp-content\/uploads\/2025\/04\/DSC_5661-80x60.jpg) 0 0 no-repeat;\r\n                    }\r\n                <\/style>\r\n\r\n                <div id=\"tdi_1\" class=\"td-gallery td-slide-on-2-columns\">\r\n                    <div class=\"post_td_gallery\">\r\n                        <div class=\"td-gallery-slide-top\">\r\n                           <div class=\"td-gallery-title\"><\/div>\r\n\r\n                            <div class=\"td-gallery-controls-wrapper\">\r\n                                <div class=\"td-gallery-slide-count\"><span class=\"td-gallery-slide-item-focus\">1<\/span> de 12<\/div>\r\n                                <div class=\"td-gallery-slide-prev-next-but\">\r\n                                    <i class = \"td-icon-left doubleSliderPrevButton\"><\/i>\r\n                                    <i class = \"td-icon-right doubleSliderNextButton\"><\/i>\r\n                                <\/div>\r\n                            <\/div>\r\n                        <\/div>\r\n\r\n                        <div class = \"td-doubleSlider-1 \">\r\n                            <div class = \"td-slider\">\r\n                                \r\n                    <div class = \"td-slide-item td-item1\">\r\n                        <figure class=\"td-slide-galery-figure td-slide-popup-gallery\">\r\n                            <a class=\"slide-gallery-image-link\" href=\"https:\/\/www.eldiario.net\/portal\/wp-content\/uploads\/2025\/04\/DSC_5348.jpg\" title=\"DSC_5348\"  data-caption=\"DURANTE LA CEREMONIA PROTOCOLAR.\"  data-description=\"\">\r\n                                <img decoding=\"async\" src=\"https:\/\/www.eldiario.net\/portal\/wp-content\/uploads\/2025\/04\/DSC_5348-629x420.jpg\" srcset=\"https:\/\/www.eldiario.net\/portal\/wp-content\/uploads\/2025\/04\/DSC_5348-629x420.jpg 629w, https:\/\/www.eldiario.net\/portal\/wp-content\/uploads\/2025\/04\/DSC_5348-300x200.jpg 300w, https:\/\/www.eldiario.net\/portal\/wp-content\/uploads\/2025\/04\/DSC_5348-1024x684.jpg 1024w, https:\/\/www.eldiario.net\/portal\/wp-content\/uploads\/2025\/04\/DSC_5348-768x513.jpg 768w, https:\/\/www.eldiario.net\/portal\/wp-content\/uploads\/2025\/04\/DSC_5348-696x465.jpg 696w, https:\/\/www.eldiario.net\/portal\/wp-content\/uploads\/2025\/04\/DSC_5348-1068x713.jpg 1068w, https:\/\/www.eldiario.net\/portal\/wp-content\/uploads\/2025\/04\/DSC_5348.jpg 1200w\" sizes=\"(max-width: 629px) 100vw, 629px\" alt=\"\">\r\n                            <\/a>\r\n                            <figcaption class = \"td-slide-caption td-gallery-slide-content\"><div class = \"td-gallery-slide-copywrite\">DURANTE LA CEREMONIA PROTOCOLAR.<\/div><\/figcaption>\r\n                        <\/figure>\r\n                    <\/div>\r\n                    <div class = \"td-slide-item td-item2\">\r\n                        <figure class=\"td-slide-galery-figure td-slide-popup-gallery\">\r\n                            <a class=\"slide-gallery-image-link\" href=\"https:\/\/www.eldiario.net\/portal\/wp-content\/uploads\/2025\/04\/DSC_5355.jpg\" title=\"DSC_5355\"  data-caption=\"LA BANDA MUNICIPAL EDUARDO CABA.\"  data-description=\"\">\r\n                                <img decoding=\"async\" src=\"https:\/\/www.eldiario.net\/portal\/wp-content\/uploads\/2025\/04\/DSC_5355-629x420.jpg\" srcset=\"https:\/\/www.eldiario.net\/portal\/wp-content\/uploads\/2025\/04\/DSC_5355-629x420.jpg 629w, https:\/\/www.eldiario.net\/portal\/wp-content\/uploads\/2025\/04\/DSC_5355-300x200.jpg 300w, https:\/\/www.eldiario.net\/portal\/wp-content\/uploads\/2025\/04\/DSC_5355-1024x684.jpg 1024w, https:\/\/www.eldiario.net\/portal\/wp-content\/uploads\/2025\/04\/DSC_5355-768x513.jpg 768w, https:\/\/www.eldiario.net\/portal\/wp-content\/uploads\/2025\/04\/DSC_5355-696x465.jpg 696w, https:\/\/www.eldiario.net\/portal\/wp-content\/uploads\/2025\/04\/DSC_5355-1068x713.jpg 1068w, https:\/\/www.eldiario.net\/portal\/wp-content\/uploads\/2025\/04\/DSC_5355.jpg 1200w\" sizes=\"(max-width: 629px) 100vw, 629px\" alt=\"\">\r\n                            <\/a>\r\n                            <figcaption class = \"td-slide-caption td-gallery-slide-content\"><div class = \"td-gallery-slide-copywrite\">LA BANDA MUNICIPAL EDUARDO CABA.<\/div><\/figcaption>\r\n                        <\/figure>\r\n                    <\/div>\r\n                    <div class = \"td-slide-item td-item3\">\r\n                        <figure class=\"td-slide-galery-figure td-slide-popup-gallery\">\r\n                            <a class=\"slide-gallery-image-link\" href=\"https:\/\/www.eldiario.net\/portal\/wp-content\/uploads\/2025\/04\/DSC_5361.jpg\" title=\"DSC_5361\"  data-caption=\"OTRO GRUPO DE ESTUDIANTES CON LA TRICOLOR NACIONAL.\"  data-description=\"\">\r\n                                <img decoding=\"async\" src=\"https:\/\/www.eldiario.net\/portal\/wp-content\/uploads\/2025\/04\/DSC_5361-629x420.jpg\" srcset=\"https:\/\/www.eldiario.net\/portal\/wp-content\/uploads\/2025\/04\/DSC_5361-629x420.jpg 629w, https:\/\/www.eldiario.net\/portal\/wp-content\/uploads\/2025\/04\/DSC_5361-300x200.jpg 300w, https:\/\/www.eldiario.net\/portal\/wp-content\/uploads\/2025\/04\/DSC_5361-1024x684.jpg 1024w, https:\/\/www.eldiario.net\/portal\/wp-content\/uploads\/2025\/04\/DSC_5361-768x513.jpg 768w, https:\/\/www.eldiario.net\/portal\/wp-content\/uploads\/2025\/04\/DSC_5361-696x465.jpg 696w, https:\/\/www.eldiario.net\/portal\/wp-content\/uploads\/2025\/04\/DSC_5361-1068x713.jpg 1068w, https:\/\/www.eldiario.net\/portal\/wp-content\/uploads\/2025\/04\/DSC_5361.jpg 1200w\" sizes=\"(max-width: 629px) 100vw, 629px\" alt=\"\">\r\n                            <\/a>\r\n                            <figcaption class = \"td-slide-caption td-gallery-slide-content\"><div class = \"td-gallery-slide-copywrite\">OTRO GRUPO DE ESTUDIANTES CON LA TRICOLOR NACIONAL.<\/div><\/figcaption>\r\n                        <\/figure>\r\n                    <\/div>\r\n                    <div class = \"td-slide-item td-item4\">\r\n                        <figure class=\"td-slide-galery-figure td-slide-popup-gallery\">\r\n                            <a class=\"slide-gallery-image-link\" href=\"https:\/\/www.eldiario.net\/portal\/wp-content\/uploads\/2025\/04\/DSC_5392.jpg\" title=\"DSC_5392\"  data-caption=\"LA EMBAJADORA DEL ECUADOR, MIRIAN ESPARZA.\"  data-description=\"\">\r\n                                <img decoding=\"async\" src=\"https:\/\/www.eldiario.net\/portal\/wp-content\/uploads\/2025\/04\/DSC_5392-629x420.jpg\" srcset=\"https:\/\/www.eldiario.net\/portal\/wp-content\/uploads\/2025\/04\/DSC_5392-629x420.jpg 629w, https:\/\/www.eldiario.net\/portal\/wp-content\/uploads\/2025\/04\/DSC_5392-300x200.jpg 300w, https:\/\/www.eldiario.net\/portal\/wp-content\/uploads\/2025\/04\/DSC_5392-1024x684.jpg 1024w, https:\/\/www.eldiario.net\/portal\/wp-content\/uploads\/2025\/04\/DSC_5392-768x513.jpg 768w, https:\/\/www.eldiario.net\/portal\/wp-content\/uploads\/2025\/04\/DSC_5392-696x465.jpg 696w, https:\/\/www.eldiario.net\/portal\/wp-content\/uploads\/2025\/04\/DSC_5392-1068x713.jpg 1068w, https:\/\/www.eldiario.net\/portal\/wp-content\/uploads\/2025\/04\/DSC_5392.jpg 1200w\" sizes=\"(max-width: 629px) 100vw, 629px\" alt=\"\">\r\n                            <\/a>\r\n                            <figcaption class = \"td-slide-caption td-gallery-slide-content\"><div class = \"td-gallery-slide-copywrite\">LA EMBAJADORA DEL ECUADOR, MIRIAN ESPARZA.<\/div><\/figcaption>\r\n                        <\/figure>\r\n                    <\/div>\r\n                    <div class = \"td-slide-item td-item5\">\r\n                        <figure class=\"td-slide-galery-figure td-slide-popup-gallery\">\r\n                            <a class=\"slide-gallery-image-link\" href=\"https:\/\/www.eldiario.net\/portal\/wp-content\/uploads\/2025\/04\/DSC_5405.jpg\" title=\"DSC_5405\"  data-caption=\"LOS EMBAJADORES HIROSHI ONOMURA (JAP\u00d3N), LUIS HENRIQUE SOBREIRA (BRASIL), EL BURGOMAESTRE IV\u00c1N ARIAS, BRUNO JOUANNEM, FERNANDO MARR, EMBAJADOR DEL URUGUAY, Y AM\u00c9RICO GEMIO.\"  data-description=\"\">\r\n                                <img decoding=\"async\" src=\"https:\/\/www.eldiario.net\/portal\/wp-content\/uploads\/2025\/04\/DSC_5405-629x420.jpg\" srcset=\"https:\/\/www.eldiario.net\/portal\/wp-content\/uploads\/2025\/04\/DSC_5405-629x420.jpg 629w, https:\/\/www.eldiario.net\/portal\/wp-content\/uploads\/2025\/04\/DSC_5405-300x200.jpg 300w, https:\/\/www.eldiario.net\/portal\/wp-content\/uploads\/2025\/04\/DSC_5405-1024x684.jpg 1024w, https:\/\/www.eldiario.net\/portal\/wp-content\/uploads\/2025\/04\/DSC_5405-768x513.jpg 768w, https:\/\/www.eldiario.net\/portal\/wp-content\/uploads\/2025\/04\/DSC_5405-696x465.jpg 696w, https:\/\/www.eldiario.net\/portal\/wp-content\/uploads\/2025\/04\/DSC_5405-1068x713.jpg 1068w, https:\/\/www.eldiario.net\/portal\/wp-content\/uploads\/2025\/04\/DSC_5405.jpg 1200w\" sizes=\"(max-width: 629px) 100vw, 629px\" alt=\"\">\r\n                            <\/a>\r\n                            <figcaption class = \"td-slide-caption td-gallery-slide-content\"><div class = \"td-gallery-slide-copywrite\">LOS EMBAJADORES HIROSHI ONOMURA (JAP\u00d3N), LUIS HENRIQUE SOBREIRA (BRASIL), EL BURGOMAESTRE IV\u00c1N ARIAS, BRUNO JOUANNEM, FERNANDO MARR, EMBAJADOR DEL URUGUAY, Y AM\u00c9RICO GEMIO.<\/div><\/figcaption>\r\n                        <\/figure>\r\n                    <\/div>\r\n                    <div class = \"td-slide-item td-item6\">\r\n                        <figure class=\"td-slide-galery-figure td-slide-popup-gallery\">\r\n                            <a class=\"slide-gallery-image-link\" href=\"https:\/\/www.eldiario.net\/portal\/wp-content\/uploads\/2025\/04\/DSC_5465.jpg\" title=\"DSC_5465\"  data-caption=\"INSTANTES DEL DESCUBRIMIENTO DEL MURAL EN LA ZONA DE SOPOCACHI.\"  data-description=\"\">\r\n                                <img decoding=\"async\" src=\"https:\/\/www.eldiario.net\/portal\/wp-content\/uploads\/2025\/04\/DSC_5465-629x420.jpg\" srcset=\"https:\/\/www.eldiario.net\/portal\/wp-content\/uploads\/2025\/04\/DSC_5465-629x420.jpg 629w, https:\/\/www.eldiario.net\/portal\/wp-content\/uploads\/2025\/04\/DSC_5465-300x200.jpg 300w, https:\/\/www.eldiario.net\/portal\/wp-content\/uploads\/2025\/04\/DSC_5465-1024x684.jpg 1024w, https:\/\/www.eldiario.net\/portal\/wp-content\/uploads\/2025\/04\/DSC_5465-768x513.jpg 768w, https:\/\/www.eldiario.net\/portal\/wp-content\/uploads\/2025\/04\/DSC_5465-696x465.jpg 696w, https:\/\/www.eldiario.net\/portal\/wp-content\/uploads\/2025\/04\/DSC_5465-1068x713.jpg 1068w, https:\/\/www.eldiario.net\/portal\/wp-content\/uploads\/2025\/04\/DSC_5465.jpg 1200w\" sizes=\"(max-width: 629px) 100vw, 629px\" alt=\"\">\r\n                            <\/a>\r\n                            <figcaption class = \"td-slide-caption td-gallery-slide-content\"><div class = \"td-gallery-slide-copywrite\">INSTANTES DEL DESCUBRIMIENTO DEL MURAL EN LA ZONA DE SOPOCACHI.<\/div><\/figcaption>\r\n                        <\/figure>\r\n                    <\/div>\r\n                    <div class = \"td-slide-item td-item7\">\r\n                        <figure class=\"td-slide-galery-figure td-slide-popup-gallery\">\r\n                            <a class=\"slide-gallery-image-link\" href=\"https:\/\/www.eldiario.net\/portal\/wp-content\/uploads\/2025\/04\/DSC_5507.jpg\" title=\"DSC_5507\"  data-caption=\"LAS DANZAS DE ECUADOR Y BOLIVIA FUERON PARTE  DEL ACTO C\u00cdVICO.\"  data-description=\"\">\r\n                                <img decoding=\"async\" src=\"https:\/\/www.eldiario.net\/portal\/wp-content\/uploads\/2025\/04\/DSC_5507-629x420.jpg\" srcset=\"https:\/\/www.eldiario.net\/portal\/wp-content\/uploads\/2025\/04\/DSC_5507-629x420.jpg 629w, https:\/\/www.eldiario.net\/portal\/wp-content\/uploads\/2025\/04\/DSC_5507-300x200.jpg 300w, https:\/\/www.eldiario.net\/portal\/wp-content\/uploads\/2025\/04\/DSC_5507-1024x684.jpg 1024w, https:\/\/www.eldiario.net\/portal\/wp-content\/uploads\/2025\/04\/DSC_5507-768x513.jpg 768w, https:\/\/www.eldiario.net\/portal\/wp-content\/uploads\/2025\/04\/DSC_5507-696x465.jpg 696w, https:\/\/www.eldiario.net\/portal\/wp-content\/uploads\/2025\/04\/DSC_5507-1068x713.jpg 1068w, https:\/\/www.eldiario.net\/portal\/wp-content\/uploads\/2025\/04\/DSC_5507.jpg 1200w\" sizes=\"(max-width: 629px) 100vw, 629px\" alt=\"\">\r\n                            <\/a>\r\n                            <figcaption class = \"td-slide-caption td-gallery-slide-content\"><div class = \"td-gallery-slide-copywrite\">LAS DANZAS DE ECUADOR Y BOLIVIA FUERON PARTE  DEL ACTO C\u00cdVICO.<\/div><\/figcaption>\r\n                        <\/figure>\r\n                    <\/div>\r\n                    <div class = \"td-slide-item td-item8\">\r\n                        <figure class=\"td-slide-galery-figure td-slide-popup-gallery\">\r\n                            <a class=\"slide-gallery-image-link\" href=\"https:\/\/www.eldiario.net\/portal\/wp-content\/uploads\/2025\/04\/DSC_5537.jpg\" title=\"DSC_5537\"  data-caption=\"ALUMNOS DE LA UE REP\u00daBLICA DEL ECUADOR.\"  data-description=\"\">\r\n                                <img decoding=\"async\" src=\"https:\/\/www.eldiario.net\/portal\/wp-content\/uploads\/2025\/04\/DSC_5537-629x420.jpg\" srcset=\"https:\/\/www.eldiario.net\/portal\/wp-content\/uploads\/2025\/04\/DSC_5537-629x420.jpg 629w, https:\/\/www.eldiario.net\/portal\/wp-content\/uploads\/2025\/04\/DSC_5537-300x200.jpg 300w, https:\/\/www.eldiario.net\/portal\/wp-content\/uploads\/2025\/04\/DSC_5537-1024x684.jpg 1024w, https:\/\/www.eldiario.net\/portal\/wp-content\/uploads\/2025\/04\/DSC_5537-768x513.jpg 768w, https:\/\/www.eldiario.net\/portal\/wp-content\/uploads\/2025\/04\/DSC_5537-696x465.jpg 696w, https:\/\/www.eldiario.net\/portal\/wp-content\/uploads\/2025\/04\/DSC_5537-1068x713.jpg 1068w, https:\/\/www.eldiario.net\/portal\/wp-content\/uploads\/2025\/04\/DSC_5537.jpg 1200w\" sizes=\"(max-width: 629px) 100vw, 629px\" alt=\"\">\r\n                            <\/a>\r\n                            <figcaption class = \"td-slide-caption td-gallery-slide-content\"><div class = \"td-gallery-slide-copywrite\">ALUMNOS DE LA UE REP\u00daBLICA DEL ECUADOR.<\/div><\/figcaption>\r\n                        <\/figure>\r\n                    <\/div>\r\n                    <div class = \"td-slide-item td-item9\">\r\n                        <figure class=\"td-slide-galery-figure td-slide-popup-gallery\">\r\n                            <a class=\"slide-gallery-image-link\" href=\"https:\/\/www.eldiario.net\/portal\/wp-content\/uploads\/2025\/04\/DSC_5561.jpg\" title=\"DSC_5561\"  data-caption=\"EL ALCALDE DE LA LAPAZ, IV\u00c1N ARIAS.\"  data-description=\"\">\r\n                                <img decoding=\"async\" src=\"https:\/\/www.eldiario.net\/portal\/wp-content\/uploads\/2025\/04\/DSC_5561-629x420.jpg\" srcset=\"https:\/\/www.eldiario.net\/portal\/wp-content\/uploads\/2025\/04\/DSC_5561-629x420.jpg 629w, https:\/\/www.eldiario.net\/portal\/wp-content\/uploads\/2025\/04\/DSC_5561-300x200.jpg 300w, https:\/\/www.eldiario.net\/portal\/wp-content\/uploads\/2025\/04\/DSC_5561-1024x684.jpg 1024w, https:\/\/www.eldiario.net\/portal\/wp-content\/uploads\/2025\/04\/DSC_5561-768x513.jpg 768w, https:\/\/www.eldiario.net\/portal\/wp-content\/uploads\/2025\/04\/DSC_5561-696x465.jpg 696w, https:\/\/www.eldiario.net\/portal\/wp-content\/uploads\/2025\/04\/DSC_5561-1068x713.jpg 1068w, https:\/\/www.eldiario.net\/portal\/wp-content\/uploads\/2025\/04\/DSC_5561.jpg 1200w\" sizes=\"(max-width: 629px) 100vw, 629px\" alt=\"\">\r\n                            <\/a>\r\n                            <figcaption class = \"td-slide-caption td-gallery-slide-content\"><div class = \"td-gallery-slide-copywrite\">EL ALCALDE DE LA LAPAZ, IV\u00c1N ARIAS.<\/div><\/figcaption>\r\n                        <\/figure>\r\n                    <\/div>\r\n                    <div class = \"td-slide-item td-item10\">\r\n                        <figure class=\"td-slide-galery-figure td-slide-popup-gallery\">\r\n                            <a class=\"slide-gallery-image-link\" href=\"https:\/\/www.eldiario.net\/portal\/wp-content\/uploads\/2025\/04\/DSC_5627.jpg\" title=\"DSC_5627\"  data-caption=\" OTRA INSTANCIA DEL ACTO.\"  data-description=\"\">\r\n                                <img decoding=\"async\" src=\"https:\/\/www.eldiario.net\/portal\/wp-content\/uploads\/2025\/04\/DSC_5627-629x420.jpg\" srcset=\"https:\/\/www.eldiario.net\/portal\/wp-content\/uploads\/2025\/04\/DSC_5627-629x420.jpg 629w, https:\/\/www.eldiario.net\/portal\/wp-content\/uploads\/2025\/04\/DSC_5627-300x200.jpg 300w, https:\/\/www.eldiario.net\/portal\/wp-content\/uploads\/2025\/04\/DSC_5627-1024x684.jpg 1024w, https:\/\/www.eldiario.net\/portal\/wp-content\/uploads\/2025\/04\/DSC_5627-768x513.jpg 768w, https:\/\/www.eldiario.net\/portal\/wp-content\/uploads\/2025\/04\/DSC_5627-696x465.jpg 696w, https:\/\/www.eldiario.net\/portal\/wp-content\/uploads\/2025\/04\/DSC_5627-1068x713.jpg 1068w, https:\/\/www.eldiario.net\/portal\/wp-content\/uploads\/2025\/04\/DSC_5627.jpg 1200w\" sizes=\"(max-width: 629px) 100vw, 629px\" alt=\"\">\r\n                            <\/a>\r\n                            <figcaption class = \"td-slide-caption td-gallery-slide-content\"><div class = \"td-gallery-slide-copywrite\"> OTRA INSTANCIA DEL ACTO.<\/div><\/figcaption>\r\n                        <\/figure>\r\n                    <\/div>\r\n                    <div class = \"td-slide-item td-item11\">\r\n                        <figure class=\"td-slide-galery-figure td-slide-popup-gallery\">\r\n                            <a class=\"slide-gallery-image-link\" href=\"https:\/\/www.eldiario.net\/portal\/wp-content\/uploads\/2025\/04\/DSC_5635.jpg\" title=\"DSC_5635\"  data-caption=\"LA EMBAJADORA MIRIAN ESPARZA JUNTO A LOS MURALISTAS ENRIQUE S\u00c1NCHEZ Y JAVIER DEL CARPIO SEMP\u00c9RTEGUI; SU ESPOSO, BRUNO JOUANNEM, Y SUS PARES DE BRASIL Y URUGUAY, LUIS HENRIQUE SOBREIRA Y FERNANDO MARR, RESPECTIVAMENTE. \"  data-description=\"\">\r\n                                <img decoding=\"async\" src=\"https:\/\/www.eldiario.net\/portal\/wp-content\/uploads\/2025\/04\/DSC_5635-629x420.jpg\" srcset=\"https:\/\/www.eldiario.net\/portal\/wp-content\/uploads\/2025\/04\/DSC_5635-629x420.jpg 629w, https:\/\/www.eldiario.net\/portal\/wp-content\/uploads\/2025\/04\/DSC_5635-300x200.jpg 300w, https:\/\/www.eldiario.net\/portal\/wp-content\/uploads\/2025\/04\/DSC_5635-1024x684.jpg 1024w, https:\/\/www.eldiario.net\/portal\/wp-content\/uploads\/2025\/04\/DSC_5635-768x513.jpg 768w, https:\/\/www.eldiario.net\/portal\/wp-content\/uploads\/2025\/04\/DSC_5635-696x465.jpg 696w, https:\/\/www.eldiario.net\/portal\/wp-content\/uploads\/2025\/04\/DSC_5635-1068x713.jpg 1068w, https:\/\/www.eldiario.net\/portal\/wp-content\/uploads\/2025\/04\/DSC_5635.jpg 1200w\" sizes=\"(max-width: 629px) 100vw, 629px\" alt=\"\">\r\n                            <\/a>\r\n                            <figcaption class = \"td-slide-caption td-gallery-slide-content\"><div class = \"td-gallery-slide-copywrite\">LA EMBAJADORA MIRIAN ESPARZA JUNTO A LOS MURALISTAS ENRIQUE S\u00c1NCHEZ Y JAVIER DEL CARPIO SEMP\u00c9RTEGUI; SU ESPOSO, BRUNO JOUANNEM, Y SUS PARES DE BRASIL Y URUGUAY, LUIS HENRIQUE SOBREIRA Y FERNANDO MARR, RESPECTIVAMENTE. <\/div><\/figcaption>\r\n                        <\/figure>\r\n                    <\/div>\r\n                    <div class = \"td-slide-item td-item12\">\r\n                        <figure class=\"td-slide-galery-figure td-slide-popup-gallery\">\r\n                            <a class=\"slide-gallery-image-link\" href=\"https:\/\/www.eldiario.net\/portal\/wp-content\/uploads\/2025\/04\/DSC_5661.jpg\" title=\"DSC_5661\"  data-caption=\"DIPLOM\u00c1TICOS, MURALISTAS Y ESTUDIANTES DE 1RO. DE SECUNDARIA DE LA UE REP\u00daBLICA DEL ECUADOR  Y LA PROFESORA CARMEN ROSA TICONA HILARI.\"  data-description=\"\">\r\n                                <img decoding=\"async\" src=\"https:\/\/www.eldiario.net\/portal\/wp-content\/uploads\/2025\/04\/DSC_5661-629x420.jpg\" srcset=\"https:\/\/www.eldiario.net\/portal\/wp-content\/uploads\/2025\/04\/DSC_5661-629x420.jpg 629w, https:\/\/www.eldiario.net\/portal\/wp-content\/uploads\/2025\/04\/DSC_5661-300x200.jpg 300w, https:\/\/www.eldiario.net\/portal\/wp-content\/uploads\/2025\/04\/DSC_5661-1024x684.jpg 1024w, https:\/\/www.eldiario.net\/portal\/wp-content\/uploads\/2025\/04\/DSC_5661-768x513.jpg 768w, https:\/\/www.eldiario.net\/portal\/wp-content\/uploads\/2025\/04\/DSC_5661-696x465.jpg 696w, https:\/\/www.eldiario.net\/portal\/wp-content\/uploads\/2025\/04\/DSC_5661-1068x713.jpg 1068w, https:\/\/www.eldiario.net\/portal\/wp-content\/uploads\/2025\/04\/DSC_5661.jpg 1200w\" sizes=\"(max-width: 629px) 100vw, 629px\" alt=\"\">\r\n                            <\/a>\r\n                            <figcaption class = \"td-slide-caption td-gallery-slide-content\"><div class = \"td-gallery-slide-copywrite\">DIPLOM\u00c1TICOS, MURALISTAS Y ESTUDIANTES DE 1RO. DE SECUNDARIA DE LA UE REP\u00daBLICA DEL ECUADOR  Y LA PROFESORA CARMEN ROSA TICONA HILARI.<\/div><\/figcaption>\r\n                        <\/figure>\r\n                    <\/div>\r\n                            <\/div>\r\n                        <\/div>\r\n\r\n                        <div class = \"td-doubleSlider-2\">\r\n                            <div class = \"td-slider\">\r\n                                \r\n                    <div class = \"td-button td-item1\">\r\n                        <div class = \"td-border\"><\/div>\r\n                    <\/div>\r\n                    <div class = \"td-button td-item2\">\r\n                        <div class = \"td-border\"><\/div>\r\n                    <\/div>\r\n                    <div class = \"td-button td-item3\">\r\n                        <div class = \"td-border\"><\/div>\r\n                    <\/div>\r\n                    <div class = \"td-button td-item4\">\r\n                        <div class = \"td-border\"><\/div>\r\n                    <\/div>\r\n                    <div class = \"td-button td-item5\">\r\n                        <div class = \"td-border\"><\/div>\r\n                    <\/div>\r\n                    <div class = \"td-button td-item6\">\r\n                        <div class = \"td-border\"><\/div>\r\n                    <\/div>\r\n                    <div class = \"td-button td-item7\">\r\n                        <div class = \"td-border\"><\/div>\r\n                    <\/div>\r\n                    <div class = \"td-button td-item8\">\r\n                        <div class = \"td-border\"><\/div>\r\n                    <\/div>\r\n                    <div class = \"td-button td-item9\">\r\n                        <div class = \"td-border\"><\/div>\r\n                    <\/div>\r\n                    <div class = \"td-button td-item10\">\r\n                        <div class = \"td-border\"><\/div>\r\n                    <\/div>\r\n                    <div class = \"td-button td-item11\">\r\n                        <div class = \"td-border\"><\/div>\r\n                    <\/div>\r\n                    <div class = \"td-button td-item12\">\r\n                        <div class = \"td-border\"><\/div>\r\n                    <\/div>\r\n                            <\/div>\r\n                        <\/div>\r\n\r\n                    <\/div>\r\n\r\n                <\/div>\r\n                \n","protected":false},"excerpt":{"rendered":"<p>Como \u00faltima actividad oficial, al t\u00e9rmino de su misi\u00f3n diplom\u00e1tica en Bolivia, la embajadora del Ecuador Mirian Esparza, devel\u00f3 el mural denominado \u00abHero\u00ednas de la Independencia del Ecuador y Bolivia\u00bb, en el frontis del colegio t\u00e9cnico human\u00edstico Uruguay, en la zona de Sopocachi. El acto cont\u00f3 con la presencia de embajadores de diversos pa\u00edses, del [&hellip;]<\/p>\n","protected":false},"author":1,"featured_media":296303,"comment_status":"closed","ping_status":"open","sticky":false,"template":"","format":"standard","meta":{"_acf_changed":false,"footnotes":""},"categories":[40],"tags":[],"class_list":["post-296297","post","type-post","status-publish","format-standard","has-post-thumbnail","category-sociales"],"acf":{"antetitulo":""},"yoast_head":"<!-- This site is optimized with the Yoast SEO plugin v28.3 - https:\/\/yoast.com\/product\/yoast-seo-wordpress\/ -->\n<title>Embajada del Ecuador devela mural en homenaje a las hero\u00ednas de la independencia del Ecuador y Bolivia - El Diario - Bolivia<\/title>\n<meta name=\"robots\" content=\"index, follow, max-snippet:-1, max-image-preview:large, max-video-preview:-1\" \/>\n<link rel=\"canonical\" href=\"https:\/\/www.eldiario.net\/portal\/2025\/04\/18\/embajada-del-ecuador-devela-mural-en-homenaje-a-las-heroinas-de-la-independencia-del-ecuador-y-bolivia\/\" \/>\n<meta property=\"og:locale\" content=\"es_ES\" \/>\n<meta property=\"og:type\" content=\"article\" \/>\n<meta property=\"og:title\" content=\"Embajada del Ecuador devela mural en homenaje a las hero\u00ednas de la independencia del Ecuador y Bolivia - El Diario - Bolivia\" \/>\n<meta property=\"og:description\" content=\"Como \u00faltima actividad oficial, al t\u00e9rmino de su misi\u00f3n diplom\u00e1tica en Bolivia, la embajadora del Ecuador Mirian Esparza, devel\u00f3 el mural denominado \u00abHero\u00ednas de la Independencia del Ecuador y Bolivia\u00bb, en el frontis del colegio t\u00e9cnico human\u00edstico Uruguay, en la zona de Sopocachi. El acto cont\u00f3 con la presencia de embajadores de diversos pa\u00edses, del [&hellip;]\" \/>\n<meta property=\"og:url\" content=\"https:\/\/www.eldiario.net\/portal\/2025\/04\/18\/embajada-del-ecuador-devela-mural-en-homenaje-a-las-heroinas-de-la-independencia-del-ecuador-y-bolivia\/\" \/>\n<meta property=\"og:site_name\" content=\"El Diario - Bolivia\" \/>\n<meta property=\"article:publisher\" content=\"https:\/\/www.facebook.com\/eldiario.bolivia\/\" \/>\n<meta property=\"article:published_time\" content=\"2025-04-18T11:08:34+00:00\" \/>\n<meta property=\"og:image\" content=\"https:\/\/www.eldiario.net\/portal\/wp-content\/uploads\/2025\/04\/DSC_5465.jpg\" \/>\n\t<meta property=\"og:image:width\" content=\"1200\" \/>\n\t<meta property=\"og:image:height\" content=\"801\" \/>\n\t<meta property=\"og:image:type\" content=\"image\/jpeg\" \/>\n<meta name=\"author\" content=\"Jeanette\" \/>\n<meta name=\"twitter:card\" content=\"summary_large_image\" \/>\n<meta name=\"twitter:creator\" content=\"@eldiario_net\" \/>\n<meta name=\"twitter:site\" content=\"@eldiario_net\" \/>\n<meta name=\"twitter:label1\" content=\"Escrito por\" \/>\n\t<meta name=\"twitter:data1\" content=\"Jeanette\" \/>\n\t<meta name=\"twitter:label2\" content=\"Tiempo de lectura\" \/>\n\t<meta name=\"twitter:data2\" content=\"2 minutos\" \/>\n<script type=\"application\/ld+json\" class=\"yoast-schema-graph\">{\"@context\":\"https:\\\/\\\/schema.org\",\"@graph\":[{\"@type\":\"Article\",\"@id\":\"https:\\\/\\\/www.eldiario.net\\\/portal\\\/2025\\\/04\\\/18\\\/embajada-del-ecuador-devela-mural-en-homenaje-a-las-heroinas-de-la-independencia-del-ecuador-y-bolivia\\\/#article\",\"isPartOf\":{\"@id\":\"https:\\\/\\\/www.eldiario.net\\\/portal\\\/2025\\\/04\\\/18\\\/embajada-del-ecuador-devela-mural-en-homenaje-a-las-heroinas-de-la-independencia-del-ecuador-y-bolivia\\\/\"},\"author\":{\"name\":\"Jeanette\",\"@id\":\"https:\\\/\\\/www.eldiario.net\\\/portal\\\/#\\\/schema\\\/person\\\/f46445640444750d7d753ccd04ae01b7\"},\"headline\":\"Embajada del Ecuador devela mural en homenaje a las hero\u00ednas de la independencia del Ecuador y Bolivia\",\"datePublished\":\"2025-04-18T11:08:34+00:00\",\"mainEntityOfPage\":{\"@id\":\"https:\\\/\\\/www.eldiario.net\\\/portal\\\/2025\\\/04\\\/18\\\/embajada-del-ecuador-devela-mural-en-homenaje-a-las-heroinas-de-la-independencia-del-ecuador-y-bolivia\\\/\"},\"wordCount\":444,\"publisher\":{\"@id\":\"https:\\\/\\\/www.eldiario.net\\\/portal\\\/#organization\"},\"image\":{\"@id\":\"https:\\\/\\\/www.eldiario.net\\\/portal\\\/2025\\\/04\\\/18\\\/embajada-del-ecuador-devela-mural-en-homenaje-a-las-heroinas-de-la-independencia-del-ecuador-y-bolivia\\\/#primaryimage\"},\"thumbnailUrl\":\"https:\\\/\\\/www.eldiario.net\\\/portal\\\/wp-content\\\/uploads\\\/2025\\\/04\\\/DSC_5465.jpg\",\"articleSection\":[\"Sociales\"],\"inLanguage\":\"es\"},{\"@type\":\"WebPage\",\"@id\":\"https:\\\/\\\/www.eldiario.net\\\/portal\\\/2025\\\/04\\\/18\\\/embajada-del-ecuador-devela-mural-en-homenaje-a-las-heroinas-de-la-independencia-del-ecuador-y-bolivia\\\/\",\"url\":\"https:\\\/\\\/www.eldiario.net\\\/portal\\\/2025\\\/04\\\/18\\\/embajada-del-ecuador-devela-mural-en-homenaje-a-las-heroinas-de-la-independencia-del-ecuador-y-bolivia\\\/\",\"name\":\"Embajada del Ecuador devela mural en homenaje a las hero\u00ednas de la independencia del Ecuador y Bolivia - El Diario - Bolivia\",\"isPartOf\":{\"@id\":\"https:\\\/\\\/www.eldiario.net\\\/portal\\\/#website\"},\"primaryImageOfPage\":{\"@id\":\"https:\\\/\\\/www.eldiario.net\\\/portal\\\/2025\\\/04\\\/18\\\/embajada-del-ecuador-devela-mural-en-homenaje-a-las-heroinas-de-la-independencia-del-ecuador-y-bolivia\\\/#primaryimage\"},\"image\":{\"@id\":\"https:\\\/\\\/www.eldiario.net\\\/portal\\\/2025\\\/04\\\/18\\\/embajada-del-ecuador-devela-mural-en-homenaje-a-las-heroinas-de-la-independencia-del-ecuador-y-bolivia\\\/#primaryimage\"},\"thumbnailUrl\":\"https:\\\/\\\/www.eldiario.net\\\/portal\\\/wp-content\\\/uploads\\\/2025\\\/04\\\/DSC_5465.jpg\",\"datePublished\":\"2025-04-18T11:08:34+00:00\",\"breadcrumb\":{\"@id\":\"https:\\\/\\\/www.eldiario.net\\\/portal\\\/2025\\\/04\\\/18\\\/embajada-del-ecuador-devela-mural-en-homenaje-a-las-heroinas-de-la-independencia-del-ecuador-y-bolivia\\\/#breadcrumb\"},\"inLanguage\":\"es\",\"potentialAction\":[{\"@type\":\"ReadAction\",\"target\":[\"https:\\\/\\\/www.eldiario.net\\\/portal\\\/2025\\\/04\\\/18\\\/embajada-del-ecuador-devela-mural-en-homenaje-a-las-heroinas-de-la-independencia-del-ecuador-y-bolivia\\\/\"]}]},{\"@type\":\"ImageObject\",\"inLanguage\":\"es\",\"@id\":\"https:\\\/\\\/www.eldiario.net\\\/portal\\\/2025\\\/04\\\/18\\\/embajada-del-ecuador-devela-mural-en-homenaje-a-las-heroinas-de-la-independencia-del-ecuador-y-bolivia\\\/#primaryimage\",\"url\":\"https:\\\/\\\/www.eldiario.net\\\/portal\\\/wp-content\\\/uploads\\\/2025\\\/04\\\/DSC_5465.jpg\",\"contentUrl\":\"https:\\\/\\\/www.eldiario.net\\\/portal\\\/wp-content\\\/uploads\\\/2025\\\/04\\\/DSC_5465.jpg\",\"width\":1200,\"height\":801,\"caption\":\"INSTANTES DEL DESCUBRIMIENTO DEL MURAL EN LA ZONA DE SOPOCACHI.\"},{\"@type\":\"BreadcrumbList\",\"@id\":\"https:\\\/\\\/www.eldiario.net\\\/portal\\\/2025\\\/04\\\/18\\\/embajada-del-ecuador-devela-mural-en-homenaje-a-las-heroinas-de-la-independencia-del-ecuador-y-bolivia\\\/#breadcrumb\",\"itemListElement\":[{\"@type\":\"ListItem\",\"position\":1,\"name\":\"Portada\",\"item\":\"https:\\\/\\\/www.eldiario.net\\\/portal\\\/\"},{\"@type\":\"ListItem\",\"position\":2,\"name\":\"Embajada del Ecuador devela mural en homenaje a las hero\u00ednas de la independencia del Ecuador y Bolivia\"}]},{\"@type\":\"WebSite\",\"@id\":\"https:\\\/\\\/www.eldiario.net\\\/portal\\\/#website\",\"url\":\"https:\\\/\\\/www.eldiario.net\\\/portal\\\/\",\"name\":\"El Diario - Decano de la prensa nacional\",\"description\":\"El Diario - Decano de la prensa nacional\",\"publisher\":{\"@id\":\"https:\\\/\\\/www.eldiario.net\\\/portal\\\/#organization\"},\"potentialAction\":[{\"@type\":\"SearchAction\",\"target\":{\"@type\":\"EntryPoint\",\"urlTemplate\":\"https:\\\/\\\/www.eldiario.net\\\/portal\\\/?s={search_term_string}\"},\"query-input\":{\"@type\":\"PropertyValueSpecification\",\"valueRequired\":true,\"valueName\":\"search_term_string\"}}],\"inLanguage\":\"es\"},{\"@type\":\"Organization\",\"@id\":\"https:\\\/\\\/www.eldiario.net\\\/portal\\\/#organization\",\"name\":\"El Diario - Decano de la prensa nacional\",\"url\":\"https:\\\/\\\/www.eldiario.net\\\/portal\\\/\",\"logo\":{\"@type\":\"ImageObject\",\"inLanguage\":\"es\",\"@id\":\"https:\\\/\\\/www.eldiario.net\\\/portal\\\/#\\\/schema\\\/logo\\\/image\\\/\",\"url\":\"https:\\\/\\\/www.eldiario.net\\\/portal\\\/wp-content\\\/uploads\\\/2023\\\/07\\\/logo_ED.jpg\",\"contentUrl\":\"https:\\\/\\\/www.eldiario.net\\\/portal\\\/wp-content\\\/uploads\\\/2023\\\/07\\\/logo_ED.jpg\",\"width\":272,\"height\":52,\"caption\":\"El Diario - Decano de la prensa nacional\"},\"image\":{\"@id\":\"https:\\\/\\\/www.eldiario.net\\\/portal\\\/#\\\/schema\\\/logo\\\/image\\\/\"},\"sameAs\":[\"https:\\\/\\\/www.facebook.com\\\/eldiario.bolivia\\\/\",\"https:\\\/\\\/x.com\\\/eldiario_net\"]},{\"@type\":\"Person\",\"@id\":\"https:\\\/\\\/www.eldiario.net\\\/portal\\\/#\\\/schema\\\/person\\\/f46445640444750d7d753ccd04ae01b7\",\"name\":\"Jeanette\",\"image\":{\"@type\":\"ImageObject\",\"inLanguage\":\"es\",\"@id\":\"https:\\\/\\\/secure.gravatar.com\\\/avatar\\\/3ea2118a5f7dad2b7138b1187a6b7ee55f160b9968b66013c3a3ef39dd7e5798?s=96&d=mm&r=g\",\"url\":\"https:\\\/\\\/secure.gravatar.com\\\/avatar\\\/3ea2118a5f7dad2b7138b1187a6b7ee55f160b9968b66013c3a3ef39dd7e5798?s=96&d=mm&r=g\",\"contentUrl\":\"https:\\\/\\\/secure.gravatar.com\\\/avatar\\\/3ea2118a5f7dad2b7138b1187a6b7ee55f160b9968b66013c3a3ef39dd7e5798?s=96&d=mm&r=g\",\"caption\":\"Jeanette\"},\"sameAs\":[\"https:\\\/\\\/www.eldiario.net\\\/portal\"],\"url\":\"https:\\\/\\\/www.eldiario.net\\\/portal\\\/author\\\/jeanette\\\/\"}]}<\/script>\n<!-- \/ Yoast SEO plugin. -->","yoast_head_json":{"title":"Embajada del Ecuador devela mural en homenaje a las hero\u00ednas de la independencia del Ecuador y Bolivia - El Diario - Bolivia","robots":{"index":"index","follow":"follow","max-snippet":"max-snippet:-1","max-image-preview":"max-image-preview:large","max-video-preview":"max-video-preview:-1"},"canonical":"https:\/\/www.eldiario.net\/portal\/2025\/04\/18\/embajada-del-ecuador-devela-mural-en-homenaje-a-las-heroinas-de-la-independencia-del-ecuador-y-bolivia\/","og_locale":"es_ES","og_type":"article","og_title":"Embajada del Ecuador devela mural en homenaje a las hero\u00ednas de la independencia del Ecuador y Bolivia - El Diario - Bolivia","og_description":"Como \u00faltima actividad oficial, al t\u00e9rmino de su misi\u00f3n diplom\u00e1tica en Bolivia, la embajadora del Ecuador Mirian Esparza, devel\u00f3 el mural denominado \u00abHero\u00ednas de la Independencia del Ecuador y Bolivia\u00bb, en el frontis del colegio t\u00e9cnico human\u00edstico Uruguay, en la zona de Sopocachi. El acto cont\u00f3 con la presencia de embajadores de diversos pa\u00edses, del [&hellip;]","og_url":"https:\/\/www.eldiario.net\/portal\/2025\/04\/18\/embajada-del-ecuador-devela-mural-en-homenaje-a-las-heroinas-de-la-independencia-del-ecuador-y-bolivia\/","og_site_name":"El Diario - Bolivia","article_publisher":"https:\/\/www.facebook.com\/eldiario.bolivia\/","article_published_time":"2025-04-18T11:08:34+00:00","og_image":[{"width":1200,"height":801,"url":"https:\/\/www.eldiario.net\/portal\/wp-content\/uploads\/2025\/04\/DSC_5465.jpg","type":"image\/jpeg"}],"author":"Jeanette","twitter_card":"summary_large_image","twitter_creator":"@eldiario_net","twitter_site":"@eldiario_net","twitter_misc":{"Escrito por":"Jeanette","Tiempo de lectura":"2 minutos"},"schema":{"@context":"https:\/\/schema.org","@graph":[{"@type":"Article","@id":"https:\/\/www.eldiario.net\/portal\/2025\/04\/18\/embajada-del-ecuador-devela-mural-en-homenaje-a-las-heroinas-de-la-independencia-del-ecuador-y-bolivia\/#article","isPartOf":{"@id":"https:\/\/www.eldiario.net\/portal\/2025\/04\/18\/embajada-del-ecuador-devela-mural-en-homenaje-a-las-heroinas-de-la-independencia-del-ecuador-y-bolivia\/"},"author":{"name":"Jeanette","@id":"https:\/\/www.eldiario.net\/portal\/#\/schema\/person\/f46445640444750d7d753ccd04ae01b7"},"headline":"Embajada del Ecuador devela mural en homenaje a las hero\u00ednas de la independencia del Ecuador y Bolivia","datePublished":"2025-04-18T11:08:34+00:00","mainEntityOfPage":{"@id":"https:\/\/www.eldiario.net\/portal\/2025\/04\/18\/embajada-del-ecuador-devela-mural-en-homenaje-a-las-heroinas-de-la-independencia-del-ecuador-y-bolivia\/"},"wordCount":444,"publisher":{"@id":"https:\/\/www.eldiario.net\/portal\/#organization"},"image":{"@id":"https:\/\/www.eldiario.net\/portal\/2025\/04\/18\/embajada-del-ecuador-devela-mural-en-homenaje-a-las-heroinas-de-la-independencia-del-ecuador-y-bolivia\/#primaryimage"},"thumbnailUrl":"https:\/\/www.eldiario.net\/portal\/wp-content\/uploads\/2025\/04\/DSC_5465.jpg","articleSection":["Sociales"],"inLanguage":"es"},{"@type":"WebPage","@id":"https:\/\/www.eldiario.net\/portal\/2025\/04\/18\/embajada-del-ecuador-devela-mural-en-homenaje-a-las-heroinas-de-la-independencia-del-ecuador-y-bolivia\/","url":"https:\/\/www.eldiario.net\/portal\/2025\/04\/18\/embajada-del-ecuador-devela-mural-en-homenaje-a-las-heroinas-de-la-independencia-del-ecuador-y-bolivia\/","name":"Embajada del Ecuador devela mural en homenaje a las hero\u00ednas de la independencia del Ecuador y Bolivia - El Diario - Bolivia","isPartOf":{"@id":"https:\/\/www.eldiario.net\/portal\/#website"},"primaryImageOfPage":{"@id":"https:\/\/www.eldiario.net\/portal\/2025\/04\/18\/embajada-del-ecuador-devela-mural-en-homenaje-a-las-heroinas-de-la-independencia-del-ecuador-y-bolivia\/#primaryimage"},"image":{"@id":"https:\/\/www.eldiario.net\/portal\/2025\/04\/18\/embajada-del-ecuador-devela-mural-en-homenaje-a-las-heroinas-de-la-independencia-del-ecuador-y-bolivia\/#primaryimage"},"thumbnailUrl":"https:\/\/www.eldiario.net\/portal\/wp-content\/uploads\/2025\/04\/DSC_5465.jpg","datePublished":"2025-04-18T11:08:34+00:00","breadcrumb":{"@id":"https:\/\/www.eldiario.net\/portal\/2025\/04\/18\/embajada-del-ecuador-devela-mural-en-homenaje-a-las-heroinas-de-la-independencia-del-ecuador-y-bolivia\/#breadcrumb"},"inLanguage":"es","potentialAction":[{"@type":"ReadAction","target":["https:\/\/www.eldiario.net\/portal\/2025\/04\/18\/embajada-del-ecuador-devela-mural-en-homenaje-a-las-heroinas-de-la-independencia-del-ecuador-y-bolivia\/"]}]},{"@type":"ImageObject","inLanguage":"es","@id":"https:\/\/www.eldiario.net\/portal\/2025\/04\/18\/embajada-del-ecuador-devela-mural-en-homenaje-a-las-heroinas-de-la-independencia-del-ecuador-y-bolivia\/#primaryimage","url":"https:\/\/www.eldiario.net\/portal\/wp-content\/uploads\/2025\/04\/DSC_5465.jpg","contentUrl":"https:\/\/www.eldiario.net\/portal\/wp-content\/uploads\/2025\/04\/DSC_5465.jpg","width":1200,"height":801,"caption":"INSTANTES DEL DESCUBRIMIENTO DEL MURAL EN LA ZONA DE SOPOCACHI."},{"@type":"BreadcrumbList","@id":"https:\/\/www.eldiario.net\/portal\/2025\/04\/18\/embajada-del-ecuador-devela-mural-en-homenaje-a-las-heroinas-de-la-independencia-del-ecuador-y-bolivia\/#breadcrumb","itemListElement":[{"@type":"ListItem","position":1,"name":"Portada","item":"https:\/\/www.eldiario.net\/portal\/"},{"@type":"ListItem","position":2,"name":"Embajada del Ecuador devela mural en homenaje a las hero\u00ednas de la independencia del Ecuador y Bolivia"}]},{"@type":"WebSite","@id":"https:\/\/www.eldiario.net\/portal\/#website","url":"https:\/\/www.eldiario.net\/portal\/","name":"El Diario - Decano de la prensa nacional","description":"El Diario - Decano de la prensa nacional","publisher":{"@id":"https:\/\/www.eldiario.net\/portal\/#organization"},"potentialAction":[{"@type":"SearchAction","target":{"@type":"EntryPoint","urlTemplate":"https:\/\/www.eldiario.net\/portal\/?s={search_term_string}"},"query-input":{"@type":"PropertyValueSpecification","valueRequired":true,"valueName":"search_term_string"}}],"inLanguage":"es"},{"@type":"Organization","@id":"https:\/\/www.eldiario.net\/portal\/#organization","name":"El Diario - Decano de la prensa nacional","url":"https:\/\/www.eldiario.net\/portal\/","logo":{"@type":"ImageObject","inLanguage":"es","@id":"https:\/\/www.eldiario.net\/portal\/#\/schema\/logo\/image\/","url":"https:\/\/www.eldiario.net\/portal\/wp-content\/uploads\/2023\/07\/logo_ED.jpg","contentUrl":"https:\/\/www.eldiario.net\/portal\/wp-content\/uploads\/2023\/07\/logo_ED.jpg","width":272,"height":52,"caption":"El Diario - Decano de la prensa nacional"},"image":{"@id":"https:\/\/www.eldiario.net\/portal\/#\/schema\/logo\/image\/"},"sameAs":["https:\/\/www.facebook.com\/eldiario.bolivia\/","https:\/\/x.com\/eldiario_net"]},{"@type":"Person","@id":"https:\/\/www.eldiario.net\/portal\/#\/schema\/person\/f46445640444750d7d753ccd04ae01b7","name":"Jeanette","image":{"@type":"ImageObject","inLanguage":"es","@id":"https:\/\/secure.gravatar.com\/avatar\/3ea2118a5f7dad2b7138b1187a6b7ee55f160b9968b66013c3a3ef39dd7e5798?s=96&d=mm&r=g","url":"https:\/\/secure.gravatar.com\/avatar\/3ea2118a5f7dad2b7138b1187a6b7ee55f160b9968b66013c3a3ef39dd7e5798?s=96&d=mm&r=g","contentUrl":"https:\/\/secure.gravatar.com\/avatar\/3ea2118a5f7dad2b7138b1187a6b7ee55f160b9968b66013c3a3ef39dd7e5798?s=96&d=mm&r=g","caption":"Jeanette"},"sameAs":["https:\/\/www.eldiario.net\/portal"],"url":"https:\/\/www.eldiario.net\/portal\/author\/jeanette\/"}]}},"_links":{"self":[{"href":"https:\/\/www.eldiario.net\/portal\/wp-json\/wp\/v2\/posts\/296297","targetHints":{"allow":["GET"]}}],"collection":[{"href":"https:\/\/www.eldiario.net\/portal\/wp-json\/wp\/v2\/posts"}],"about":[{"href":"https:\/\/www.eldiario.net\/portal\/wp-json\/wp\/v2\/types\/post"}],"author":[{"embeddable":true,"href":"https:\/\/www.eldiario.net\/portal\/wp-json\/wp\/v2\/users\/1"}],"replies":[{"embeddable":true,"href":"https:\/\/www.eldiario.net\/portal\/wp-json\/wp\/v2\/comments?post=296297"}],"version-history":[{"count":1,"href":"https:\/\/www.eldiario.net\/portal\/wp-json\/wp\/v2\/posts\/296297\/revisions"}],"predecessor-version":[{"id":296310,"href":"https:\/\/www.eldiario.net\/portal\/wp-json\/wp\/v2\/posts\/296297\/revisions\/296310"}],"wp:featuredmedia":[{"embeddable":true,"href":"https:\/\/www.eldiario.net\/portal\/wp-json\/wp\/v2\/media\/296303"}],"wp:attachment":[{"href":"https:\/\/www.eldiario.net\/portal\/wp-json\/wp\/v2\/media?parent=296297"}],"wp:term":[{"taxonomy":"category","embeddable":true,"href":"https:\/\/www.eldiario.net\/portal\/wp-json\/wp\/v2\/categories?post=296297"},{"taxonomy":"post_tag","embeddable":true,"href":"https:\/\/www.eldiario.net\/portal\/wp-json\/wp\/v2\/tags?post=296297"}],"curies":[{"name":"wp","href":"https:\/\/api.w.org\/{rel}","templated":true}]}}