{"id":296289,"date":"2025-04-18T07:02:31","date_gmt":"2025-04-18T11:02:31","guid":{"rendered":"https:\/\/www.eldiario.net\/portal\/?p=296289"},"modified":"2025-04-18T07:02:31","modified_gmt":"2025-04-18T11:02:31","slug":"vuelve-kafka-y-la-muneca-voladora-una-obra-teatral-que-toca-el-corazon","status":"publish","type":"post","link":"https:\/\/www.eldiario.net\/portal\/2025\/04\/18\/vuelve-kafka-y-la-muneca-voladora-una-obra-teatral-que-toca-el-corazon\/","title":{"rendered":"Vuelve \u00abKafka y la mu\u00f1eca voladora\u00bb,  una obra teatral que toca el coraz\u00f3n"},"content":{"rendered":"<p>\u201cKafka y la mu\u00f1eca voladora\u201d, obra de teatro para ni\u00f1os, ni\u00f1as y p\u00fablico en general, dirigida por el reconocido actor y director Cristian Mercado, ser\u00e1 presentada este mi\u00e9rcoles 23 de abril, a las 19:30 horas, en el Teatro Nuna.<\/p>\n<p>\u00abKafka y la mu\u00f1eca voladora\u201d es una producci\u00f3n de Phajsi Teatro que viene trabajando de manera continua hace 18 a\u00f1os\u00a0 y tiene como uno de sus ejes principales la creaci\u00f3n de obras de teatro pedag\u00f3gicas para ni\u00f1os\/as y adolescente.<\/p>\n<p>La obra ha participado en los principales festivales de teatro a nivel nacional y el a\u00f1o 2023 gan\u00f3 el primer premio del Concurso Municipal de Teatro \u201cRa\u00fal Salm\u00f3n de la Barra\u201d.<\/p>\n<p>Seg\u00fan la nota de prensa de Phajsi Teatro, para la creaci\u00f3n y puesta en escena de \u201cKafka y la mu\u00f1eca voladora\u201d se ha convocado a un equipo de artistas de gran talento y experiencia, utilizando varias t\u00e9cnicas de las artes esc\u00e9nicas, como el teatro de objetos, m\u00e1scaras, teatro f\u00edsico, y cuenta con m\u00fasica en vivo interpretada por Alejandro Viviani y Cristian Mercado.<\/p>\n<p>La escenograf\u00eda est\u00e1 a cargo de Juan Carlos Ferreira Dur\u00e1n, quien ha creado un entorno visual que transporta a los espectadores al universo de la obra. Erika Pasolargo, responsable del vestuario, ha dise\u00f1ado trajes que reflejan la esencia de los personajes y la \u00e9poca en que se desarrolla la historia. El maquillaje, obra de Fariddy Rafael, a\u00f1ade profundidad a los personajes, resaltando sus emociones y transformaciones.\u00a0 Alex Guti\u00e9rrez se encarga de la iluminaci\u00f3n, creando atm\u00f3sferas que complementan y realzan cada escena. La dramaturgia, realizada por Soledad Ardaya Morales y Marta L\u00f3pez, adapta de manera magistral el texto al contexto y cosmovisi\u00f3n boliviana, logrando una conexi\u00f3n \u00edntima con el p\u00fablico.<\/p>\n<p>Las actuaciones de Claudia Ossio Ferreyra y Erika Noem\u00ed Andia Balc\u00e1zar son el coraz\u00f3n de la obra. Ambas actrices, con su experiencia y dedicaci\u00f3n, dan vida a los personajes de una manera que conmueve y resuena profundamente en los espectadores de todas las edades.<\/p>\n<p>\u00abKafka y la mu\u00f1eca voladora\u00bb es una obra de teatro destinada a ni\u00f1as y ni\u00f1os a partir de los 7 a\u00f1os, as\u00ed como al p\u00fablico general. La obra est\u00e1 basada en las supuestas cartas escritas por Franz Kafka la \u00faltima etapa de su vida. Dichas cartas jam\u00e1s fueron encontradas, sin embargo, cobraron vida gracias a que fueron narradas por la \u00faltima compa\u00f1era del escritor checo, Dora Diamant.\u00a0 Las cartas trascendieron el tiempo como un mito urbano, transmitido de generaci\u00f3n en generaci\u00f3n hasta que en el a\u00f1o 2006 el escritor espa\u00f1ol Jordi Sierra i Fabra se inspir\u00f3 en esta historia para crear el libro \u201cKafka y la mu\u00f1eca viajera\u201d, que narra el encuentro de Kafka con Elsie, una ni\u00f1a que perdi\u00f3 su mu\u00f1eca.<\/p>\n<p>En el libro, Sierra i Fabra aborda temas profundos, como las p\u00e9rdidas, los duelos, las heridas, los apegos y desapegos. La narrativa subraya la importancia de soltar, de aprender a amar acompa\u00f1ando las decisiones y caminos personales de los seres queridos. Aunque no se sabe con certeza si el relato sobre Kafka y la mu\u00f1eca es real, lo cierto es que se trata de una historia maravillosa que toca el coraz\u00f3n.<\/p>\n<p>Cristian Mercado ha realizado una adaptaci\u00f3n magn\u00edfica de esta historia, la cual cobra vida a trav\u00e9s de las interpretaciones de Claudia Ossio y Erika Andia. Su talento y qu\u00edmica en escena prometen llevar a los espectadores a un viaje emocional, explorando temas universales que resuenan con personas de todas las edades.<\/p>\n<p>Mercado ha trabajado incansablemente para que esta adaptaci\u00f3n logre capturar la esencia del relato original, a la vez que aporta una frescura y profundidad \u00fanicas. Su direcci\u00f3n asegura que cada elemento de la producci\u00f3n, desde la escenograf\u00eda hasta las actuaciones, contribuya a una narrativa cohesiva y emocionante.<\/p>\n<p><strong>UNA EXPERIENCIA TEATRAL PARA TODA LA FAMILIA<\/strong><\/p>\n<p>\u00abKafka y la mu\u00f1eca voladora\u00bb no es solo una obra de teatro para ni\u00f1os, sino una experiencia enriquecedora para toda la familia. A trav\u00e9s de su narrativa, la obra invita a los espectadores a reflexionar sobre temas como el amor, la p\u00e9rdida y la importancia del acompa\u00f1amiento emocional. La historia de Kafka y Elsie, aunque simple en su premisa, ofrece una profundidad que toca a todos los que la presencian.<\/p>\n<p>El Teatro Nuna, con su ambiente acogedor y su compromiso con la calidad art\u00edstica, es el escenario perfecto para esta producci\u00f3n. Los asistentes disfrutar\u00e1n de una obra bien ejecutada y tambi\u00e9n tendr\u00e1n la oportunidad de sumergirse en una historia que los acompa\u00f1ar\u00e1 y conmover\u00e1.<\/p>\n<p><strong>Detalles del Evento<\/strong><\/p>\n<p>La presentaci\u00f3n de \u201cKafka y la mu\u00f1eca voladora\u201d tendr\u00e1 lugar en el Teatro Nuna, el mi\u00e9rcoles 23 de abril, a las 19:30 horas.<\/p>\n<p><strong>Informaci\u00f3n de Entradas<\/strong><\/p>\n<p>Preventa: 50 Bs<\/p>\n<p>En puerta: 60 Bs<\/p>\n<p>Compra de entradas:<\/p>\n<p>Contacto para m\u00e1s informaci\u00f3n: 79548211 \/ 75217797<\/p>\n<p><strong>SOBRE EL DIRECTOR<\/strong><\/p>\n<p>Cristian Mercado es actor y director de teatro, actor de cine y m\u00fasico. Naci\u00f3 en La Paz, Bolivia, en 1974 y trabaja de manera continua hace m\u00e1s de 30 a\u00f1os.<\/p>\n<p>En cine ha participado de pel\u00edculas bolivianas e internacionales, como \u00abContracorriente\u00bb, \u00abSena Quina\u00bb, \u00abEl atraco\u201d, \u201cLos Andes no creen en dios\u201d, \u201cOlvidados\u201d, \u00abJuana Azurduy\u00bb, \u201cPseudo\u201d, \u201cMuralla\u201d y \u201cLa casa del sur\u201d. Tambi\u00e9n trabaj\u00f3 en la tercera temporada de la serie \u201cLa reina del sur\u201d.<\/p>\n<p>En teatro form\u00f3 parte del grupo Teatro de los Andes y es director de la Compa\u00f1\u00eda Teatro La Oveja Negra. Ha producido y actuado en obras como\u201d El solo del contrabajo\u201d, \u201cLa cena de los tontos\u201d, \u201cTitanic\u201d, \u201cArte\u201d, \u201cTrue West\u00bb de Sam Shepard, \u201cEmilia Galotti\u201d \u00a0y \u201cM\u00e1tame por favor\u201d. Tambi\u00e9n dirigi\u00f3 los espect\u00e1culos \u201cVan Gogh, el suicidado de la sociedad\u201d, \u201cLis\u00edstrata\u201d de Arist\u00f3fanes, \u201cKafka y la mu\u00f1eca voladora\u201d, \u00abBonitas\u00bb, \u201cMemorias de mi sangre\u201d, \u201cTeresa bailaba\u2026 \u00bfCon tacones?\u201d y \u201cLa prudencia\u201d.<\/p>\n<p>En m\u00e9rito a su talento y dedicaci\u00f3n, obtuvo varias nominaciones y premios en importantes festivales nacionales e internacionales. En 2015 gan\u00f3 el Premio Maya como \u00abMejor actor del a\u00f1o\u201d y en 2020 recibi\u00f3 \u201cLa Tea de la Libertad\u201d en reconocimiento a sus 25 a\u00f1os de trayectoria.<\/p>\n<p>Fue tambi\u00e9n director y fundador de \u201cEl desnivel\u201d, centro cultural que se dedica a la producci\u00f3n, creaci\u00f3n, investigaci\u00f3n, difusi\u00f3n y formaci\u00f3n en artes esc\u00e9nicas y audiovisuales.<\/p>\n<p>Como m\u00fasico ha sido productor, compositor e int\u00e9rprete de la banda de rock Reverso desde el a\u00f1o 2007 hasta el 2019, proyecto con el cual edit\u00f3 cinco trabajos discogr\u00e1ficos. Tambi\u00e9n musicaliz\u00f3 la pel\u00edcula \u00abHospital Obrero\u00bb de Germ\u00e1n Monje.<\/p>\n<p>Actualmente forma parte del proyecto musical \u201cKintanojara\u201d, con el que ha compuesto y producido el disco \u201cSiguiendo un rio\u201d, \u201cKintanojara en concierto\u201d y \u201cKintanojara desde los cerros colorados\u201d.<\/p>\n\r\n                <style type=\"text\/css\">\r\n                    \r\n                    #tdi_1  .td-doubleSlider-2 .td-item1 {\r\n                        background: url(https:\/\/www.eldiario.net\/portal\/wp-content\/uploads\/2025\/04\/1-PRINCIPAL-80x60.jpeg) 0 0 no-repeat;\r\n                    }\r\n                    #tdi_1  .td-doubleSlider-2 .td-item2 {\r\n                        background: url(https:\/\/www.eldiario.net\/portal\/wp-content\/uploads\/2025\/04\/2-80x60.jpeg) 0 0 no-repeat;\r\n                    }\r\n                    #tdi_1  .td-doubleSlider-2 .td-item3 {\r\n                        background: url(https:\/\/www.eldiario.net\/portal\/wp-content\/uploads\/2025\/04\/3-80x60.jpeg) 0 0 no-repeat;\r\n                    }\r\n                    #tdi_1  .td-doubleSlider-2 .td-item4 {\r\n                        background: url(https:\/\/www.eldiario.net\/portal\/wp-content\/uploads\/2025\/04\/4-80x60.jpeg) 0 0 no-repeat;\r\n                    }\r\n                    #tdi_1  .td-doubleSlider-2 .td-item5 {\r\n                        background: url(https:\/\/www.eldiario.net\/portal\/wp-content\/uploads\/2025\/04\/5-80x60.jpeg) 0 0 no-repeat;\r\n                    }\r\n                    #tdi_1  .td-doubleSlider-2 .td-item6 {\r\n                        background: url(https:\/\/www.eldiario.net\/portal\/wp-content\/uploads\/2025\/04\/6-80x60.jpeg) 0 0 no-repeat;\r\n                    }\r\n                <\/style>\r\n\r\n                <div id=\"tdi_1\" class=\"td-gallery td-slide-on-2-columns\">\r\n                    <div class=\"post_td_gallery\">\r\n                        <div class=\"td-gallery-slide-top\">\r\n                           <div class=\"td-gallery-title\"><\/div>\r\n\r\n                            <div class=\"td-gallery-controls-wrapper\">\r\n                                <div class=\"td-gallery-slide-count\"><span class=\"td-gallery-slide-item-focus\">1<\/span> de 6<\/div>\r\n                                <div class=\"td-gallery-slide-prev-next-but\">\r\n                                    <i class = \"td-icon-left doubleSliderPrevButton\"><\/i>\r\n                                    <i class = \"td-icon-right doubleSliderNextButton\"><\/i>\r\n                                <\/div>\r\n                            <\/div>\r\n                        <\/div>\r\n\r\n                        <div class = \"td-doubleSlider-1 \">\r\n                            <div class = \"td-slider\">\r\n                                \r\n                    <div class = \"td-slide-item td-item1\">\r\n                        <figure class=\"td-slide-galery-figure td-slide-popup-gallery\">\r\n                            <a class=\"slide-gallery-image-link\" href=\"https:\/\/www.eldiario.net\/portal\/wp-content\/uploads\/2025\/04\/1-PRINCIPAL.jpeg\" title=\"1-PRINCIPAL\"  data-caption=\"\"  data-description=\"\">\r\n                                <img decoding=\"async\" src=\"https:\/\/www.eldiario.net\/portal\/wp-content\/uploads\/2025\/04\/1-PRINCIPAL-687x420.jpeg\" srcset=\"https:\/\/www.eldiario.net\/portal\/wp-content\/uploads\/2025\/04\/1-PRINCIPAL-687x420.jpeg 687w, https:\/\/www.eldiario.net\/portal\/wp-content\/uploads\/2025\/04\/1-PRINCIPAL-300x183.jpeg 300w, https:\/\/www.eldiario.net\/portal\/wp-content\/uploads\/2025\/04\/1-PRINCIPAL-768x469.jpeg 768w, https:\/\/www.eldiario.net\/portal\/wp-content\/uploads\/2025\/04\/1-PRINCIPAL-696x425.jpeg 696w, https:\/\/www.eldiario.net\/portal\/wp-content\/uploads\/2025\/04\/1-PRINCIPAL.jpeg 977w\" sizes=\"(max-width: 687px) 100vw, 687px\" alt=\"\">\r\n                            <\/a>\r\n                            \r\n                        <\/figure>\r\n                    <\/div>\r\n                    <div class = \"td-slide-item td-item2\">\r\n                        <figure class=\"td-slide-galery-figure td-slide-popup-gallery\">\r\n                            <a class=\"slide-gallery-image-link\" href=\"https:\/\/www.eldiario.net\/portal\/wp-content\/uploads\/2025\/04\/2.jpeg\" title=\"2\"  data-caption=\"\"  data-description=\"\">\r\n                                <img decoding=\"async\" src=\"https:\/\/www.eldiario.net\/portal\/wp-content\/uploads\/2025\/04\/2-316x420.jpeg\" srcset=\"https:\/\/www.eldiario.net\/portal\/wp-content\/uploads\/2025\/04\/2-316x420.jpeg 316w, https:\/\/www.eldiario.net\/portal\/wp-content\/uploads\/2025\/04\/2-225x300.jpeg 225w, https:\/\/www.eldiario.net\/portal\/wp-content\/uploads\/2025\/04\/2-696x926.jpeg 696w, https:\/\/www.eldiario.net\/portal\/wp-content\/uploads\/2025\/04\/2.jpeg 720w\" sizes=\"(max-width: 316px) 100vw, 316px\" alt=\"\">\r\n                            <\/a>\r\n                            \r\n                        <\/figure>\r\n                    <\/div>\r\n                    <div class = \"td-slide-item td-item3\">\r\n                        <figure class=\"td-slide-galery-figure td-slide-popup-gallery\">\r\n                            <a class=\"slide-gallery-image-link\" href=\"https:\/\/www.eldiario.net\/portal\/wp-content\/uploads\/2025\/04\/3.jpeg\" title=\"3\"  data-caption=\"\"  data-description=\"\">\r\n                                <img decoding=\"async\" src=\"https:\/\/www.eldiario.net\/portal\/wp-content\/uploads\/2025\/04\/3-747x420.jpeg\" srcset=\"https:\/\/www.eldiario.net\/portal\/wp-content\/uploads\/2025\/04\/3-747x420.jpeg 747w, https:\/\/www.eldiario.net\/portal\/wp-content\/uploads\/2025\/04\/3-300x169.jpeg 300w, https:\/\/www.eldiario.net\/portal\/wp-content\/uploads\/2025\/04\/3-1024x576.jpeg 1024w, https:\/\/www.eldiario.net\/portal\/wp-content\/uploads\/2025\/04\/3-768x432.jpeg 768w, https:\/\/www.eldiario.net\/portal\/wp-content\/uploads\/2025\/04\/3-696x392.jpeg 696w, https:\/\/www.eldiario.net\/portal\/wp-content\/uploads\/2025\/04\/3-1068x601.jpeg 1068w, https:\/\/www.eldiario.net\/portal\/wp-content\/uploads\/2025\/04\/3.jpeg 1280w\" sizes=\"(max-width: 747px) 100vw, 747px\" alt=\"\">\r\n                            <\/a>\r\n                            \r\n                        <\/figure>\r\n                    <\/div>\r\n                    <div class = \"td-slide-item td-item4\">\r\n                        <figure class=\"td-slide-galery-figure td-slide-popup-gallery\">\r\n                            <a class=\"slide-gallery-image-link\" href=\"https:\/\/www.eldiario.net\/portal\/wp-content\/uploads\/2025\/04\/4.jpeg\" title=\"4\"  data-caption=\"\"  data-description=\"\">\r\n                                <img decoding=\"async\" src=\"https:\/\/www.eldiario.net\/portal\/wp-content\/uploads\/2025\/04\/4-747x420.jpeg\" srcset=\"https:\/\/www.eldiario.net\/portal\/wp-content\/uploads\/2025\/04\/4-747x420.jpeg 747w, https:\/\/www.eldiario.net\/portal\/wp-content\/uploads\/2025\/04\/4-300x169.jpeg 300w, https:\/\/www.eldiario.net\/portal\/wp-content\/uploads\/2025\/04\/4-1024x576.jpeg 1024w, https:\/\/www.eldiario.net\/portal\/wp-content\/uploads\/2025\/04\/4-768x432.jpeg 768w, https:\/\/www.eldiario.net\/portal\/wp-content\/uploads\/2025\/04\/4-696x392.jpeg 696w, https:\/\/www.eldiario.net\/portal\/wp-content\/uploads\/2025\/04\/4-1068x601.jpeg 1068w, https:\/\/www.eldiario.net\/portal\/wp-content\/uploads\/2025\/04\/4.jpeg 1280w\" sizes=\"(max-width: 747px) 100vw, 747px\" alt=\"\">\r\n                            <\/a>\r\n                            \r\n                        <\/figure>\r\n                    <\/div>\r\n                    <div class = \"td-slide-item td-item5\">\r\n                        <figure class=\"td-slide-galery-figure td-slide-popup-gallery\">\r\n                            <a class=\"slide-gallery-image-link\" href=\"https:\/\/www.eldiario.net\/portal\/wp-content\/uploads\/2025\/04\/5.jpeg\" title=\"5\"  data-caption=\"\"  data-description=\"\">\r\n                                <img decoding=\"async\" src=\"https:\/\/www.eldiario.net\/portal\/wp-content\/uploads\/2025\/04\/5-424x420.jpeg\" srcset=\"https:\/\/www.eldiario.net\/portal\/wp-content\/uploads\/2025\/04\/5-424x420.jpeg 424w, https:\/\/www.eldiario.net\/portal\/wp-content\/uploads\/2025\/04\/5-300x297.jpeg 300w, https:\/\/www.eldiario.net\/portal\/wp-content\/uploads\/2025\/04\/5-1024x1014.jpeg 1024w, https:\/\/www.eldiario.net\/portal\/wp-content\/uploads\/2025\/04\/5-150x150.jpeg 150w, https:\/\/www.eldiario.net\/portal\/wp-content\/uploads\/2025\/04\/5-768x761.jpeg 768w, https:\/\/www.eldiario.net\/portal\/wp-content\/uploads\/2025\/04\/5-696x689.jpeg 696w, https:\/\/www.eldiario.net\/portal\/wp-content\/uploads\/2025\/04\/5-1068x1058.jpeg 1068w, https:\/\/www.eldiario.net\/portal\/wp-content\/uploads\/2025\/04\/5.jpeg 1280w\" sizes=\"(max-width: 424px) 100vw, 424px\" alt=\"\">\r\n                            <\/a>\r\n                            \r\n                        <\/figure>\r\n                    <\/div>\r\n                    <div class = \"td-slide-item td-item6\">\r\n                        <figure class=\"td-slide-galery-figure td-slide-popup-gallery\">\r\n                            <a class=\"slide-gallery-image-link\" href=\"https:\/\/www.eldiario.net\/portal\/wp-content\/uploads\/2025\/04\/6.jpeg\" title=\"6\"  data-caption=\"\"  data-description=\"\">\r\n                                <img decoding=\"async\" src=\"https:\/\/www.eldiario.net\/portal\/wp-content\/uploads\/2025\/04\/6-365x420.jpeg\" srcset=\"https:\/\/www.eldiario.net\/portal\/wp-content\/uploads\/2025\/04\/6-365x420.jpeg 365w, https:\/\/www.eldiario.net\/portal\/wp-content\/uploads\/2025\/04\/6-261x300.jpeg 261w, https:\/\/www.eldiario.net\/portal\/wp-content\/uploads\/2025\/04\/6-768x884.jpeg 768w, https:\/\/www.eldiario.net\/portal\/wp-content\/uploads\/2025\/04\/6-696x801.jpeg 696w, https:\/\/www.eldiario.net\/portal\/wp-content\/uploads\/2025\/04\/6.jpeg 870w\" sizes=\"(max-width: 365px) 100vw, 365px\" alt=\"\">\r\n                            <\/a>\r\n                            \r\n                        <\/figure>\r\n                    <\/div>\r\n                            <\/div>\r\n                        <\/div>\r\n\r\n                        <div class = \"td-doubleSlider-2\">\r\n                            <div class = \"td-slider\">\r\n                                \r\n                    <div class = \"td-button td-item1\">\r\n                        <div class = \"td-border\"><\/div>\r\n                    <\/div>\r\n                    <div class = \"td-button td-item2\">\r\n                        <div class = \"td-border\"><\/div>\r\n                    <\/div>\r\n                    <div class = \"td-button td-item3\">\r\n                        <div class = \"td-border\"><\/div>\r\n                    <\/div>\r\n                    <div class = \"td-button td-item4\">\r\n                        <div class = \"td-border\"><\/div>\r\n                    <\/div>\r\n                    <div class = \"td-button td-item5\">\r\n                        <div class = \"td-border\"><\/div>\r\n                    <\/div>\r\n                    <div class = \"td-button td-item6\">\r\n                        <div class = \"td-border\"><\/div>\r\n                    <\/div>\r\n                            <\/div>\r\n                        <\/div>\r\n\r\n                    <\/div>\r\n\r\n                <\/div>\r\n                \n","protected":false},"excerpt":{"rendered":"<p>\u201cKafka y la mu\u00f1eca voladora\u201d, obra de teatro para ni\u00f1os, ni\u00f1as y p\u00fablico en general, dirigida por el reconocido actor y director Cristian Mercado, ser\u00e1 presentada este mi\u00e9rcoles 23 de abril, a las 19:30 horas, en el Teatro Nuna. \u00abKafka y la mu\u00f1eca voladora\u201d es una producci\u00f3n de Phajsi Teatro que viene trabajando de manera [&hellip;]<\/p>\n","protected":false},"author":1,"featured_media":296290,"comment_status":"closed","ping_status":"open","sticky":false,"template":"","format":"standard","meta":{"_acf_changed":false,"footnotes":""},"categories":[41],"tags":[],"class_list":["post-296289","post","type-post","status-publish","format-standard","has-post-thumbnail","category-la-guia"],"acf":{"antetitulo":""},"yoast_head":"<!-- This site is optimized with the Yoast SEO plugin v28.3 - https:\/\/yoast.com\/product\/yoast-seo-wordpress\/ -->\n<title>Vuelve &quot;Kafka y la mu\u00f1eca voladora&quot;, una obra teatral que toca el coraz\u00f3n - El Diario - Bolivia<\/title>\n<meta name=\"robots\" content=\"index, follow, max-snippet:-1, max-image-preview:large, max-video-preview:-1\" \/>\n<link rel=\"canonical\" href=\"https:\/\/www.eldiario.net\/portal\/2025\/04\/18\/vuelve-kafka-y-la-muneca-voladora-una-obra-teatral-que-toca-el-corazon\/\" \/>\n<meta property=\"og:locale\" content=\"es_ES\" \/>\n<meta property=\"og:type\" content=\"article\" \/>\n<meta property=\"og:title\" content=\"Vuelve &quot;Kafka y la mu\u00f1eca voladora&quot;, una obra teatral que toca el coraz\u00f3n - El Diario - Bolivia\" \/>\n<meta property=\"og:description\" content=\"\u201cKafka y la mu\u00f1eca voladora\u201d, obra de teatro para ni\u00f1os, ni\u00f1as y p\u00fablico en general, dirigida por el reconocido actor y director Cristian Mercado, ser\u00e1 presentada este mi\u00e9rcoles 23 de abril, a las 19:30 horas, en el Teatro Nuna. \u00abKafka y la mu\u00f1eca voladora\u201d es una producci\u00f3n de Phajsi Teatro que viene trabajando de manera [&hellip;]\" \/>\n<meta property=\"og:url\" content=\"https:\/\/www.eldiario.net\/portal\/2025\/04\/18\/vuelve-kafka-y-la-muneca-voladora-una-obra-teatral-que-toca-el-corazon\/\" \/>\n<meta property=\"og:site_name\" content=\"El Diario - Bolivia\" \/>\n<meta property=\"article:publisher\" content=\"https:\/\/www.facebook.com\/eldiario.bolivia\/\" \/>\n<meta property=\"article:published_time\" content=\"2025-04-18T11:02:31+00:00\" \/>\n<meta property=\"og:image\" content=\"https:\/\/www.eldiario.net\/portal\/wp-content\/uploads\/2025\/04\/1-PRINCIPAL.jpeg\" \/>\n\t<meta property=\"og:image:width\" content=\"977\" \/>\n\t<meta property=\"og:image:height\" content=\"597\" \/>\n\t<meta property=\"og:image:type\" content=\"image\/jpeg\" \/>\n<meta name=\"author\" content=\"Jeanette\" \/>\n<meta name=\"twitter:card\" content=\"summary_large_image\" \/>\n<meta name=\"twitter:creator\" content=\"@eldiario_net\" \/>\n<meta name=\"twitter:site\" content=\"@eldiario_net\" \/>\n<meta name=\"twitter:label1\" content=\"Escrito por\" \/>\n\t<meta name=\"twitter:data1\" content=\"Jeanette\" \/>\n\t<meta name=\"twitter:label2\" content=\"Tiempo de lectura\" \/>\n\t<meta name=\"twitter:data2\" content=\"5 minutos\" \/>\n<script type=\"application\/ld+json\" class=\"yoast-schema-graph\">{\"@context\":\"https:\\\/\\\/schema.org\",\"@graph\":[{\"@type\":\"Article\",\"@id\":\"https:\\\/\\\/www.eldiario.net\\\/portal\\\/2025\\\/04\\\/18\\\/vuelve-kafka-y-la-muneca-voladora-una-obra-teatral-que-toca-el-corazon\\\/#article\",\"isPartOf\":{\"@id\":\"https:\\\/\\\/www.eldiario.net\\\/portal\\\/2025\\\/04\\\/18\\\/vuelve-kafka-y-la-muneca-voladora-una-obra-teatral-que-toca-el-corazon\\\/\"},\"author\":{\"name\":\"Jeanette\",\"@id\":\"https:\\\/\\\/www.eldiario.net\\\/portal\\\/#\\\/schema\\\/person\\\/f46445640444750d7d753ccd04ae01b7\"},\"headline\":\"Vuelve \u00abKafka y la mu\u00f1eca voladora\u00bb, una obra teatral que toca el coraz\u00f3n\",\"datePublished\":\"2025-04-18T11:02:31+00:00\",\"mainEntityOfPage\":{\"@id\":\"https:\\\/\\\/www.eldiario.net\\\/portal\\\/2025\\\/04\\\/18\\\/vuelve-kafka-y-la-muneca-voladora-una-obra-teatral-que-toca-el-corazon\\\/\"},\"wordCount\":1191,\"publisher\":{\"@id\":\"https:\\\/\\\/www.eldiario.net\\\/portal\\\/#organization\"},\"image\":{\"@id\":\"https:\\\/\\\/www.eldiario.net\\\/portal\\\/2025\\\/04\\\/18\\\/vuelve-kafka-y-la-muneca-voladora-una-obra-teatral-que-toca-el-corazon\\\/#primaryimage\"},\"thumbnailUrl\":\"https:\\\/\\\/www.eldiario.net\\\/portal\\\/wp-content\\\/uploads\\\/2025\\\/04\\\/1-PRINCIPAL.jpeg\",\"articleSection\":[\"La Gu\u00eda\"],\"inLanguage\":\"es\"},{\"@type\":\"WebPage\",\"@id\":\"https:\\\/\\\/www.eldiario.net\\\/portal\\\/2025\\\/04\\\/18\\\/vuelve-kafka-y-la-muneca-voladora-una-obra-teatral-que-toca-el-corazon\\\/\",\"url\":\"https:\\\/\\\/www.eldiario.net\\\/portal\\\/2025\\\/04\\\/18\\\/vuelve-kafka-y-la-muneca-voladora-una-obra-teatral-que-toca-el-corazon\\\/\",\"name\":\"Vuelve \\\"Kafka y la mu\u00f1eca voladora\\\", una obra teatral que toca el coraz\u00f3n - El Diario - Bolivia\",\"isPartOf\":{\"@id\":\"https:\\\/\\\/www.eldiario.net\\\/portal\\\/#website\"},\"primaryImageOfPage\":{\"@id\":\"https:\\\/\\\/www.eldiario.net\\\/portal\\\/2025\\\/04\\\/18\\\/vuelve-kafka-y-la-muneca-voladora-una-obra-teatral-que-toca-el-corazon\\\/#primaryimage\"},\"image\":{\"@id\":\"https:\\\/\\\/www.eldiario.net\\\/portal\\\/2025\\\/04\\\/18\\\/vuelve-kafka-y-la-muneca-voladora-una-obra-teatral-que-toca-el-corazon\\\/#primaryimage\"},\"thumbnailUrl\":\"https:\\\/\\\/www.eldiario.net\\\/portal\\\/wp-content\\\/uploads\\\/2025\\\/04\\\/1-PRINCIPAL.jpeg\",\"datePublished\":\"2025-04-18T11:02:31+00:00\",\"breadcrumb\":{\"@id\":\"https:\\\/\\\/www.eldiario.net\\\/portal\\\/2025\\\/04\\\/18\\\/vuelve-kafka-y-la-muneca-voladora-una-obra-teatral-que-toca-el-corazon\\\/#breadcrumb\"},\"inLanguage\":\"es\",\"potentialAction\":[{\"@type\":\"ReadAction\",\"target\":[\"https:\\\/\\\/www.eldiario.net\\\/portal\\\/2025\\\/04\\\/18\\\/vuelve-kafka-y-la-muneca-voladora-una-obra-teatral-que-toca-el-corazon\\\/\"]}]},{\"@type\":\"ImageObject\",\"inLanguage\":\"es\",\"@id\":\"https:\\\/\\\/www.eldiario.net\\\/portal\\\/2025\\\/04\\\/18\\\/vuelve-kafka-y-la-muneca-voladora-una-obra-teatral-que-toca-el-corazon\\\/#primaryimage\",\"url\":\"https:\\\/\\\/www.eldiario.net\\\/portal\\\/wp-content\\\/uploads\\\/2025\\\/04\\\/1-PRINCIPAL.jpeg\",\"contentUrl\":\"https:\\\/\\\/www.eldiario.net\\\/portal\\\/wp-content\\\/uploads\\\/2025\\\/04\\\/1-PRINCIPAL.jpeg\",\"width\":977,\"height\":597},{\"@type\":\"BreadcrumbList\",\"@id\":\"https:\\\/\\\/www.eldiario.net\\\/portal\\\/2025\\\/04\\\/18\\\/vuelve-kafka-y-la-muneca-voladora-una-obra-teatral-que-toca-el-corazon\\\/#breadcrumb\",\"itemListElement\":[{\"@type\":\"ListItem\",\"position\":1,\"name\":\"Portada\",\"item\":\"https:\\\/\\\/www.eldiario.net\\\/portal\\\/\"},{\"@type\":\"ListItem\",\"position\":2,\"name\":\"Vuelve \u00abKafka y la mu\u00f1eca voladora\u00bb, una obra teatral que toca el coraz\u00f3n\"}]},{\"@type\":\"WebSite\",\"@id\":\"https:\\\/\\\/www.eldiario.net\\\/portal\\\/#website\",\"url\":\"https:\\\/\\\/www.eldiario.net\\\/portal\\\/\",\"name\":\"El Diario - Decano de la prensa nacional\",\"description\":\"El Diario - Decano de la prensa nacional\",\"publisher\":{\"@id\":\"https:\\\/\\\/www.eldiario.net\\\/portal\\\/#organization\"},\"potentialAction\":[{\"@type\":\"SearchAction\",\"target\":{\"@type\":\"EntryPoint\",\"urlTemplate\":\"https:\\\/\\\/www.eldiario.net\\\/portal\\\/?s={search_term_string}\"},\"query-input\":{\"@type\":\"PropertyValueSpecification\",\"valueRequired\":true,\"valueName\":\"search_term_string\"}}],\"inLanguage\":\"es\"},{\"@type\":\"Organization\",\"@id\":\"https:\\\/\\\/www.eldiario.net\\\/portal\\\/#organization\",\"name\":\"El Diario - Decano de la prensa nacional\",\"url\":\"https:\\\/\\\/www.eldiario.net\\\/portal\\\/\",\"logo\":{\"@type\":\"ImageObject\",\"inLanguage\":\"es\",\"@id\":\"https:\\\/\\\/www.eldiario.net\\\/portal\\\/#\\\/schema\\\/logo\\\/image\\\/\",\"url\":\"https:\\\/\\\/www.eldiario.net\\\/portal\\\/wp-content\\\/uploads\\\/2023\\\/07\\\/logo_ED.jpg\",\"contentUrl\":\"https:\\\/\\\/www.eldiario.net\\\/portal\\\/wp-content\\\/uploads\\\/2023\\\/07\\\/logo_ED.jpg\",\"width\":272,\"height\":52,\"caption\":\"El Diario - Decano de la prensa nacional\"},\"image\":{\"@id\":\"https:\\\/\\\/www.eldiario.net\\\/portal\\\/#\\\/schema\\\/logo\\\/image\\\/\"},\"sameAs\":[\"https:\\\/\\\/www.facebook.com\\\/eldiario.bolivia\\\/\",\"https:\\\/\\\/x.com\\\/eldiario_net\"]},{\"@type\":\"Person\",\"@id\":\"https:\\\/\\\/www.eldiario.net\\\/portal\\\/#\\\/schema\\\/person\\\/f46445640444750d7d753ccd04ae01b7\",\"name\":\"Jeanette\",\"image\":{\"@type\":\"ImageObject\",\"inLanguage\":\"es\",\"@id\":\"https:\\\/\\\/secure.gravatar.com\\\/avatar\\\/3ea2118a5f7dad2b7138b1187a6b7ee55f160b9968b66013c3a3ef39dd7e5798?s=96&d=mm&r=g\",\"url\":\"https:\\\/\\\/secure.gravatar.com\\\/avatar\\\/3ea2118a5f7dad2b7138b1187a6b7ee55f160b9968b66013c3a3ef39dd7e5798?s=96&d=mm&r=g\",\"contentUrl\":\"https:\\\/\\\/secure.gravatar.com\\\/avatar\\\/3ea2118a5f7dad2b7138b1187a6b7ee55f160b9968b66013c3a3ef39dd7e5798?s=96&d=mm&r=g\",\"caption\":\"Jeanette\"},\"sameAs\":[\"https:\\\/\\\/www.eldiario.net\\\/portal\"],\"url\":\"https:\\\/\\\/www.eldiario.net\\\/portal\\\/author\\\/jeanette\\\/\"}]}<\/script>\n<!-- \/ Yoast SEO plugin. -->","yoast_head_json":{"title":"Vuelve \"Kafka y la mu\u00f1eca voladora\", una obra teatral que toca el coraz\u00f3n - El Diario - Bolivia","robots":{"index":"index","follow":"follow","max-snippet":"max-snippet:-1","max-image-preview":"max-image-preview:large","max-video-preview":"max-video-preview:-1"},"canonical":"https:\/\/www.eldiario.net\/portal\/2025\/04\/18\/vuelve-kafka-y-la-muneca-voladora-una-obra-teatral-que-toca-el-corazon\/","og_locale":"es_ES","og_type":"article","og_title":"Vuelve \"Kafka y la mu\u00f1eca voladora\", una obra teatral que toca el coraz\u00f3n - El Diario - Bolivia","og_description":"\u201cKafka y la mu\u00f1eca voladora\u201d, obra de teatro para ni\u00f1os, ni\u00f1as y p\u00fablico en general, dirigida por el reconocido actor y director Cristian Mercado, ser\u00e1 presentada este mi\u00e9rcoles 23 de abril, a las 19:30 horas, en el Teatro Nuna. \u00abKafka y la mu\u00f1eca voladora\u201d es una producci\u00f3n de Phajsi Teatro que viene trabajando de manera [&hellip;]","og_url":"https:\/\/www.eldiario.net\/portal\/2025\/04\/18\/vuelve-kafka-y-la-muneca-voladora-una-obra-teatral-que-toca-el-corazon\/","og_site_name":"El Diario - Bolivia","article_publisher":"https:\/\/www.facebook.com\/eldiario.bolivia\/","article_published_time":"2025-04-18T11:02:31+00:00","og_image":[{"width":977,"height":597,"url":"https:\/\/www.eldiario.net\/portal\/wp-content\/uploads\/2025\/04\/1-PRINCIPAL.jpeg","type":"image\/jpeg"}],"author":"Jeanette","twitter_card":"summary_large_image","twitter_creator":"@eldiario_net","twitter_site":"@eldiario_net","twitter_misc":{"Escrito por":"Jeanette","Tiempo de lectura":"5 minutos"},"schema":{"@context":"https:\/\/schema.org","@graph":[{"@type":"Article","@id":"https:\/\/www.eldiario.net\/portal\/2025\/04\/18\/vuelve-kafka-y-la-muneca-voladora-una-obra-teatral-que-toca-el-corazon\/#article","isPartOf":{"@id":"https:\/\/www.eldiario.net\/portal\/2025\/04\/18\/vuelve-kafka-y-la-muneca-voladora-una-obra-teatral-que-toca-el-corazon\/"},"author":{"name":"Jeanette","@id":"https:\/\/www.eldiario.net\/portal\/#\/schema\/person\/f46445640444750d7d753ccd04ae01b7"},"headline":"Vuelve \u00abKafka y la mu\u00f1eca voladora\u00bb, una obra teatral que toca el coraz\u00f3n","datePublished":"2025-04-18T11:02:31+00:00","mainEntityOfPage":{"@id":"https:\/\/www.eldiario.net\/portal\/2025\/04\/18\/vuelve-kafka-y-la-muneca-voladora-una-obra-teatral-que-toca-el-corazon\/"},"wordCount":1191,"publisher":{"@id":"https:\/\/www.eldiario.net\/portal\/#organization"},"image":{"@id":"https:\/\/www.eldiario.net\/portal\/2025\/04\/18\/vuelve-kafka-y-la-muneca-voladora-una-obra-teatral-que-toca-el-corazon\/#primaryimage"},"thumbnailUrl":"https:\/\/www.eldiario.net\/portal\/wp-content\/uploads\/2025\/04\/1-PRINCIPAL.jpeg","articleSection":["La Gu\u00eda"],"inLanguage":"es"},{"@type":"WebPage","@id":"https:\/\/www.eldiario.net\/portal\/2025\/04\/18\/vuelve-kafka-y-la-muneca-voladora-una-obra-teatral-que-toca-el-corazon\/","url":"https:\/\/www.eldiario.net\/portal\/2025\/04\/18\/vuelve-kafka-y-la-muneca-voladora-una-obra-teatral-que-toca-el-corazon\/","name":"Vuelve \"Kafka y la mu\u00f1eca voladora\", una obra teatral que toca el coraz\u00f3n - El Diario - Bolivia","isPartOf":{"@id":"https:\/\/www.eldiario.net\/portal\/#website"},"primaryImageOfPage":{"@id":"https:\/\/www.eldiario.net\/portal\/2025\/04\/18\/vuelve-kafka-y-la-muneca-voladora-una-obra-teatral-que-toca-el-corazon\/#primaryimage"},"image":{"@id":"https:\/\/www.eldiario.net\/portal\/2025\/04\/18\/vuelve-kafka-y-la-muneca-voladora-una-obra-teatral-que-toca-el-corazon\/#primaryimage"},"thumbnailUrl":"https:\/\/www.eldiario.net\/portal\/wp-content\/uploads\/2025\/04\/1-PRINCIPAL.jpeg","datePublished":"2025-04-18T11:02:31+00:00","breadcrumb":{"@id":"https:\/\/www.eldiario.net\/portal\/2025\/04\/18\/vuelve-kafka-y-la-muneca-voladora-una-obra-teatral-que-toca-el-corazon\/#breadcrumb"},"inLanguage":"es","potentialAction":[{"@type":"ReadAction","target":["https:\/\/www.eldiario.net\/portal\/2025\/04\/18\/vuelve-kafka-y-la-muneca-voladora-una-obra-teatral-que-toca-el-corazon\/"]}]},{"@type":"ImageObject","inLanguage":"es","@id":"https:\/\/www.eldiario.net\/portal\/2025\/04\/18\/vuelve-kafka-y-la-muneca-voladora-una-obra-teatral-que-toca-el-corazon\/#primaryimage","url":"https:\/\/www.eldiario.net\/portal\/wp-content\/uploads\/2025\/04\/1-PRINCIPAL.jpeg","contentUrl":"https:\/\/www.eldiario.net\/portal\/wp-content\/uploads\/2025\/04\/1-PRINCIPAL.jpeg","width":977,"height":597},{"@type":"BreadcrumbList","@id":"https:\/\/www.eldiario.net\/portal\/2025\/04\/18\/vuelve-kafka-y-la-muneca-voladora-una-obra-teatral-que-toca-el-corazon\/#breadcrumb","itemListElement":[{"@type":"ListItem","position":1,"name":"Portada","item":"https:\/\/www.eldiario.net\/portal\/"},{"@type":"ListItem","position":2,"name":"Vuelve \u00abKafka y la mu\u00f1eca voladora\u00bb, una obra teatral que toca el coraz\u00f3n"}]},{"@type":"WebSite","@id":"https:\/\/www.eldiario.net\/portal\/#website","url":"https:\/\/www.eldiario.net\/portal\/","name":"El Diario - Decano de la prensa nacional","description":"El Diario - Decano de la prensa nacional","publisher":{"@id":"https:\/\/www.eldiario.net\/portal\/#organization"},"potentialAction":[{"@type":"SearchAction","target":{"@type":"EntryPoint","urlTemplate":"https:\/\/www.eldiario.net\/portal\/?s={search_term_string}"},"query-input":{"@type":"PropertyValueSpecification","valueRequired":true,"valueName":"search_term_string"}}],"inLanguage":"es"},{"@type":"Organization","@id":"https:\/\/www.eldiario.net\/portal\/#organization","name":"El Diario - Decano de la prensa nacional","url":"https:\/\/www.eldiario.net\/portal\/","logo":{"@type":"ImageObject","inLanguage":"es","@id":"https:\/\/www.eldiario.net\/portal\/#\/schema\/logo\/image\/","url":"https:\/\/www.eldiario.net\/portal\/wp-content\/uploads\/2023\/07\/logo_ED.jpg","contentUrl":"https:\/\/www.eldiario.net\/portal\/wp-content\/uploads\/2023\/07\/logo_ED.jpg","width":272,"height":52,"caption":"El Diario - Decano de la prensa nacional"},"image":{"@id":"https:\/\/www.eldiario.net\/portal\/#\/schema\/logo\/image\/"},"sameAs":["https:\/\/www.facebook.com\/eldiario.bolivia\/","https:\/\/x.com\/eldiario_net"]},{"@type":"Person","@id":"https:\/\/www.eldiario.net\/portal\/#\/schema\/person\/f46445640444750d7d753ccd04ae01b7","name":"Jeanette","image":{"@type":"ImageObject","inLanguage":"es","@id":"https:\/\/secure.gravatar.com\/avatar\/3ea2118a5f7dad2b7138b1187a6b7ee55f160b9968b66013c3a3ef39dd7e5798?s=96&d=mm&r=g","url":"https:\/\/secure.gravatar.com\/avatar\/3ea2118a5f7dad2b7138b1187a6b7ee55f160b9968b66013c3a3ef39dd7e5798?s=96&d=mm&r=g","contentUrl":"https:\/\/secure.gravatar.com\/avatar\/3ea2118a5f7dad2b7138b1187a6b7ee55f160b9968b66013c3a3ef39dd7e5798?s=96&d=mm&r=g","caption":"Jeanette"},"sameAs":["https:\/\/www.eldiario.net\/portal"],"url":"https:\/\/www.eldiario.net\/portal\/author\/jeanette\/"}]}},"_links":{"self":[{"href":"https:\/\/www.eldiario.net\/portal\/wp-json\/wp\/v2\/posts\/296289","targetHints":{"allow":["GET"]}}],"collection":[{"href":"https:\/\/www.eldiario.net\/portal\/wp-json\/wp\/v2\/posts"}],"about":[{"href":"https:\/\/www.eldiario.net\/portal\/wp-json\/wp\/v2\/types\/post"}],"author":[{"embeddable":true,"href":"https:\/\/www.eldiario.net\/portal\/wp-json\/wp\/v2\/users\/1"}],"replies":[{"embeddable":true,"href":"https:\/\/www.eldiario.net\/portal\/wp-json\/wp\/v2\/comments?post=296289"}],"version-history":[{"count":1,"href":"https:\/\/www.eldiario.net\/portal\/wp-json\/wp\/v2\/posts\/296289\/revisions"}],"predecessor-version":[{"id":296296,"href":"https:\/\/www.eldiario.net\/portal\/wp-json\/wp\/v2\/posts\/296289\/revisions\/296296"}],"wp:featuredmedia":[{"embeddable":true,"href":"https:\/\/www.eldiario.net\/portal\/wp-json\/wp\/v2\/media\/296290"}],"wp:attachment":[{"href":"https:\/\/www.eldiario.net\/portal\/wp-json\/wp\/v2\/media?parent=296289"}],"wp:term":[{"taxonomy":"category","embeddable":true,"href":"https:\/\/www.eldiario.net\/portal\/wp-json\/wp\/v2\/categories?post=296289"},{"taxonomy":"post_tag","embeddable":true,"href":"https:\/\/www.eldiario.net\/portal\/wp-json\/wp\/v2\/tags?post=296289"}],"curies":[{"name":"wp","href":"https:\/\/api.w.org\/{rel}","templated":true}]}}