{"id":296286,"date":"2025-04-18T07:00:42","date_gmt":"2025-04-18T11:00:42","guid":{"rendered":"https:\/\/www.eldiario.net\/portal\/?p=296286"},"modified":"2025-04-18T07:00:42","modified_gmt":"2025-04-18T11:00:42","slug":"cierran-postulaciones-para-la-presidencia-de-the-strongest","status":"publish","type":"post","link":"https:\/\/www.eldiario.net\/portal\/2025\/04\/18\/cierran-postulaciones-para-la-presidencia-de-the-strongest\/","title":{"rendered":"CIERRAN POSTULACIONES PARA LA PRESIDENCIA DE THE STRONGEST"},"content":{"rendered":"<p>En cumplimiento a lo anunciado, ayer en la tarde, concluy\u00f3 el plazo para las postulaciones a elecciones en el club The Strongest.<br \/>\nCuatro planchas se presentaron para terciar en los comicios del pr\u00f3ximo 31 de mayo y las listas fueron remitidas a la Federaci\u00f3n Boliviana de F\u00fatbol (FBF).<br \/>\nEl ente superior del f\u00fatbol boliviano es mediador para que se elija a un nuevo directorio, despu\u00e9s de los conflictos que por meses, llevaban estancando las resoluciones para definir la presidencia aurinegra.<br \/>\nUna de las candidaturas acptada es la de Carlos Ovando, en representaci\u00f3n de los socios del Complejo Rafael Mendoza Castell\u00f3n; otra est\u00e1 comandada por el expresidente de la instituci\u00f3n, Daniel Terrazas, otra por Juan Pablo Revilla; en los \u00faltimos dos casos, los integrantes son parte del entorno del expresidente, Ronald Crespo.<br \/>\nUna cuarta opci\u00f3n es la que est\u00e1 dirigida por Kurt Reintsch, quien a pesar de no haber sido certificado para postularse, en conferencia de prensa anunci\u00f3 que igual se presentar\u00e1 a elecciones, en el entendido que la hinchada lo respalda.<br \/>\nAparententemente, Reintsch no fue aceptado porque habr\u00eda tenido algunas cuentas pendientes como aportante socio del Complejo de Achumani; empero, en di\u00e1logo con el programa televisivo, Deporte Total, el tambi\u00e9n extitular aurinegro, afirm\u00f3 que \u00abtrat\u00f3 de saldar sus cuentas pendientes para ser habiltado, pero que no le aceptaron\u00bb y que el actual delegado para asuntos de The Strongest ante la FBF, Sergio Asb\u00fan, \u00aba pesar de tener la buena voluntar de canalizar su postulaci\u00f3n, no hab\u00eda recibido los documentos correspondientes\u00bb.<br \/>\nSin embargo, Kurt Reintsch, afirm\u00f3 que \u00absi se puede subsanar algunos aspectos, durante la carrera electoral se lo har\u00e1 y si en caso es inhabilitado definitivamente, seguir\u00e1 apoyando al club desde donde le toque estar\u00bb.<br \/>\nDe acuerdo al calendario aprobado por la Comisi\u00f3n Electoral, las postulaciones ser\u00e1n analizadas hasta el pr\u00f3ximo 22 de este mes.<\/p>\n<p><em><strong>GHILKA SANABRIA<\/strong><\/em><\/p>\n","protected":false},"excerpt":{"rendered":"<p>En cumplimiento a lo anunciado, ayer en la tarde, concluy\u00f3 el plazo para las postulaciones a elecciones en el club The Strongest. Cuatro planchas se presentaron para terciar en los comicios del pr\u00f3ximo 31 de mayo y las listas fueron remitidas a la Federaci\u00f3n Boliviana de F\u00fatbol (FBF). El ente superior del f\u00fatbol boliviano es [&hellip;]<\/p>\n","protected":false},"author":1,"featured_media":296287,"comment_status":"closed","ping_status":"open","sticky":false,"template":"","format":"standard","meta":{"_acf_changed":false,"footnotes":""},"categories":[6],"tags":[],"class_list":["post-296286","post","type-post","status-publish","format-standard","has-post-thumbnail","category-deportes"],"acf":{"antetitulo":""},"yoast_head":"<!-- This site is optimized with the Yoast SEO plugin v28.3 - https:\/\/yoast.com\/product\/yoast-seo-wordpress\/ -->\n<title>CIERRAN POSTULACIONES PARA LA PRESIDENCIA DE THE STRONGEST - El Diario - Bolivia<\/title>\n<meta name=\"robots\" content=\"index, follow, max-snippet:-1, max-image-preview:large, max-video-preview:-1\" \/>\n<link rel=\"canonical\" href=\"https:\/\/www.eldiario.net\/portal\/2025\/04\/18\/cierran-postulaciones-para-la-presidencia-de-the-strongest\/\" \/>\n<meta property=\"og:locale\" content=\"es_ES\" \/>\n<meta property=\"og:type\" content=\"article\" \/>\n<meta property=\"og:title\" content=\"CIERRAN POSTULACIONES PARA LA PRESIDENCIA DE THE STRONGEST - El Diario - Bolivia\" \/>\n<meta property=\"og:description\" content=\"En cumplimiento a lo anunciado, ayer en la tarde, concluy\u00f3 el plazo para las postulaciones a elecciones en el club The Strongest. Cuatro planchas se presentaron para terciar en los comicios del pr\u00f3ximo 31 de mayo y las listas fueron remitidas a la Federaci\u00f3n Boliviana de F\u00fatbol (FBF). El ente superior del f\u00fatbol boliviano es [&hellip;]\" \/>\n<meta property=\"og:url\" content=\"https:\/\/www.eldiario.net\/portal\/2025\/04\/18\/cierran-postulaciones-para-la-presidencia-de-the-strongest\/\" \/>\n<meta property=\"og:site_name\" content=\"El Diario - Bolivia\" \/>\n<meta property=\"article:publisher\" content=\"https:\/\/www.facebook.com\/eldiario.bolivia\/\" \/>\n<meta property=\"article:published_time\" content=\"2025-04-18T11:00:42+00:00\" \/>\n<meta property=\"og:image\" content=\"https:\/\/www.eldiario.net\/portal\/wp-content\/uploads\/2025\/04\/FOTO-70-3.jpg\" \/>\n\t<meta property=\"og:image:width\" content=\"701\" \/>\n\t<meta property=\"og:image:height\" content=\"407\" \/>\n\t<meta property=\"og:image:type\" content=\"image\/jpeg\" \/>\n<meta name=\"author\" content=\"Jeanette\" \/>\n<meta name=\"twitter:card\" content=\"summary_large_image\" \/>\n<meta name=\"twitter:creator\" content=\"@eldiario_net\" \/>\n<meta name=\"twitter:site\" content=\"@eldiario_net\" \/>\n<meta name=\"twitter:label1\" content=\"Escrito por\" \/>\n\t<meta name=\"twitter:data1\" content=\"Jeanette\" \/>\n\t<meta name=\"twitter:label2\" content=\"Tiempo de lectura\" \/>\n\t<meta name=\"twitter:data2\" content=\"2 minutos\" \/>\n<script type=\"application\/ld+json\" class=\"yoast-schema-graph\">{\"@context\":\"https:\\\/\\\/schema.org\",\"@graph\":[{\"@type\":\"Article\",\"@id\":\"https:\\\/\\\/www.eldiario.net\\\/portal\\\/2025\\\/04\\\/18\\\/cierran-postulaciones-para-la-presidencia-de-the-strongest\\\/#article\",\"isPartOf\":{\"@id\":\"https:\\\/\\\/www.eldiario.net\\\/portal\\\/2025\\\/04\\\/18\\\/cierran-postulaciones-para-la-presidencia-de-the-strongest\\\/\"},\"author\":{\"name\":\"Jeanette\",\"@id\":\"https:\\\/\\\/www.eldiario.net\\\/portal\\\/#\\\/schema\\\/person\\\/f46445640444750d7d753ccd04ae01b7\"},\"headline\":\"CIERRAN POSTULACIONES PARA LA PRESIDENCIA DE THE STRONGEST\",\"datePublished\":\"2025-04-18T11:00:42+00:00\",\"mainEntityOfPage\":{\"@id\":\"https:\\\/\\\/www.eldiario.net\\\/portal\\\/2025\\\/04\\\/18\\\/cierran-postulaciones-para-la-presidencia-de-the-strongest\\\/\"},\"wordCount\":331,\"publisher\":{\"@id\":\"https:\\\/\\\/www.eldiario.net\\\/portal\\\/#organization\"},\"image\":{\"@id\":\"https:\\\/\\\/www.eldiario.net\\\/portal\\\/2025\\\/04\\\/18\\\/cierran-postulaciones-para-la-presidencia-de-the-strongest\\\/#primaryimage\"},\"thumbnailUrl\":\"https:\\\/\\\/www.eldiario.net\\\/portal\\\/wp-content\\\/uploads\\\/2025\\\/04\\\/FOTO-70-3.jpg\",\"articleSection\":[\"Deportes\"],\"inLanguage\":\"es\"},{\"@type\":\"WebPage\",\"@id\":\"https:\\\/\\\/www.eldiario.net\\\/portal\\\/2025\\\/04\\\/18\\\/cierran-postulaciones-para-la-presidencia-de-the-strongest\\\/\",\"url\":\"https:\\\/\\\/www.eldiario.net\\\/portal\\\/2025\\\/04\\\/18\\\/cierran-postulaciones-para-la-presidencia-de-the-strongest\\\/\",\"name\":\"CIERRAN POSTULACIONES PARA LA PRESIDENCIA DE THE STRONGEST - El Diario - Bolivia\",\"isPartOf\":{\"@id\":\"https:\\\/\\\/www.eldiario.net\\\/portal\\\/#website\"},\"primaryImageOfPage\":{\"@id\":\"https:\\\/\\\/www.eldiario.net\\\/portal\\\/2025\\\/04\\\/18\\\/cierran-postulaciones-para-la-presidencia-de-the-strongest\\\/#primaryimage\"},\"image\":{\"@id\":\"https:\\\/\\\/www.eldiario.net\\\/portal\\\/2025\\\/04\\\/18\\\/cierran-postulaciones-para-la-presidencia-de-the-strongest\\\/#primaryimage\"},\"thumbnailUrl\":\"https:\\\/\\\/www.eldiario.net\\\/portal\\\/wp-content\\\/uploads\\\/2025\\\/04\\\/FOTO-70-3.jpg\",\"datePublished\":\"2025-04-18T11:00:42+00:00\",\"breadcrumb\":{\"@id\":\"https:\\\/\\\/www.eldiario.net\\\/portal\\\/2025\\\/04\\\/18\\\/cierran-postulaciones-para-la-presidencia-de-the-strongest\\\/#breadcrumb\"},\"inLanguage\":\"es\",\"potentialAction\":[{\"@type\":\"ReadAction\",\"target\":[\"https:\\\/\\\/www.eldiario.net\\\/portal\\\/2025\\\/04\\\/18\\\/cierran-postulaciones-para-la-presidencia-de-the-strongest\\\/\"]}]},{\"@type\":\"ImageObject\",\"inLanguage\":\"es\",\"@id\":\"https:\\\/\\\/www.eldiario.net\\\/portal\\\/2025\\\/04\\\/18\\\/cierran-postulaciones-para-la-presidencia-de-the-strongest\\\/#primaryimage\",\"url\":\"https:\\\/\\\/www.eldiario.net\\\/portal\\\/wp-content\\\/uploads\\\/2025\\\/04\\\/FOTO-70-3.jpg\",\"contentUrl\":\"https:\\\/\\\/www.eldiario.net\\\/portal\\\/wp-content\\\/uploads\\\/2025\\\/04\\\/FOTO-70-3.jpg\",\"width\":701,\"height\":407},{\"@type\":\"BreadcrumbList\",\"@id\":\"https:\\\/\\\/www.eldiario.net\\\/portal\\\/2025\\\/04\\\/18\\\/cierran-postulaciones-para-la-presidencia-de-the-strongest\\\/#breadcrumb\",\"itemListElement\":[{\"@type\":\"ListItem\",\"position\":1,\"name\":\"Portada\",\"item\":\"https:\\\/\\\/www.eldiario.net\\\/portal\\\/\"},{\"@type\":\"ListItem\",\"position\":2,\"name\":\"CIERRAN POSTULACIONES PARA LA PRESIDENCIA DE THE STRONGEST\"}]},{\"@type\":\"WebSite\",\"@id\":\"https:\\\/\\\/www.eldiario.net\\\/portal\\\/#website\",\"url\":\"https:\\\/\\\/www.eldiario.net\\\/portal\\\/\",\"name\":\"El Diario - Decano de la prensa nacional\",\"description\":\"El Diario - Decano de la prensa nacional\",\"publisher\":{\"@id\":\"https:\\\/\\\/www.eldiario.net\\\/portal\\\/#organization\"},\"potentialAction\":[{\"@type\":\"SearchAction\",\"target\":{\"@type\":\"EntryPoint\",\"urlTemplate\":\"https:\\\/\\\/www.eldiario.net\\\/portal\\\/?s={search_term_string}\"},\"query-input\":{\"@type\":\"PropertyValueSpecification\",\"valueRequired\":true,\"valueName\":\"search_term_string\"}}],\"inLanguage\":\"es\"},{\"@type\":\"Organization\",\"@id\":\"https:\\\/\\\/www.eldiario.net\\\/portal\\\/#organization\",\"name\":\"El Diario - Decano de la prensa nacional\",\"url\":\"https:\\\/\\\/www.eldiario.net\\\/portal\\\/\",\"logo\":{\"@type\":\"ImageObject\",\"inLanguage\":\"es\",\"@id\":\"https:\\\/\\\/www.eldiario.net\\\/portal\\\/#\\\/schema\\\/logo\\\/image\\\/\",\"url\":\"https:\\\/\\\/www.eldiario.net\\\/portal\\\/wp-content\\\/uploads\\\/2023\\\/07\\\/logo_ED.jpg\",\"contentUrl\":\"https:\\\/\\\/www.eldiario.net\\\/portal\\\/wp-content\\\/uploads\\\/2023\\\/07\\\/logo_ED.jpg\",\"width\":272,\"height\":52,\"caption\":\"El Diario - Decano de la prensa nacional\"},\"image\":{\"@id\":\"https:\\\/\\\/www.eldiario.net\\\/portal\\\/#\\\/schema\\\/logo\\\/image\\\/\"},\"sameAs\":[\"https:\\\/\\\/www.facebook.com\\\/eldiario.bolivia\\\/\",\"https:\\\/\\\/x.com\\\/eldiario_net\"]},{\"@type\":\"Person\",\"@id\":\"https:\\\/\\\/www.eldiario.net\\\/portal\\\/#\\\/schema\\\/person\\\/f46445640444750d7d753ccd04ae01b7\",\"name\":\"Jeanette\",\"image\":{\"@type\":\"ImageObject\",\"inLanguage\":\"es\",\"@id\":\"https:\\\/\\\/secure.gravatar.com\\\/avatar\\\/3ea2118a5f7dad2b7138b1187a6b7ee55f160b9968b66013c3a3ef39dd7e5798?s=96&d=mm&r=g\",\"url\":\"https:\\\/\\\/secure.gravatar.com\\\/avatar\\\/3ea2118a5f7dad2b7138b1187a6b7ee55f160b9968b66013c3a3ef39dd7e5798?s=96&d=mm&r=g\",\"contentUrl\":\"https:\\\/\\\/secure.gravatar.com\\\/avatar\\\/3ea2118a5f7dad2b7138b1187a6b7ee55f160b9968b66013c3a3ef39dd7e5798?s=96&d=mm&r=g\",\"caption\":\"Jeanette\"},\"sameAs\":[\"https:\\\/\\\/www.eldiario.net\\\/portal\"],\"url\":\"https:\\\/\\\/www.eldiario.net\\\/portal\\\/author\\\/jeanette\\\/\"}]}<\/script>\n<!-- \/ Yoast SEO plugin. -->","yoast_head_json":{"title":"CIERRAN POSTULACIONES PARA LA PRESIDENCIA DE THE STRONGEST - El Diario - Bolivia","robots":{"index":"index","follow":"follow","max-snippet":"max-snippet:-1","max-image-preview":"max-image-preview:large","max-video-preview":"max-video-preview:-1"},"canonical":"https:\/\/www.eldiario.net\/portal\/2025\/04\/18\/cierran-postulaciones-para-la-presidencia-de-the-strongest\/","og_locale":"es_ES","og_type":"article","og_title":"CIERRAN POSTULACIONES PARA LA PRESIDENCIA DE THE STRONGEST - El Diario - Bolivia","og_description":"En cumplimiento a lo anunciado, ayer en la tarde, concluy\u00f3 el plazo para las postulaciones a elecciones en el club The Strongest. Cuatro planchas se presentaron para terciar en los comicios del pr\u00f3ximo 31 de mayo y las listas fueron remitidas a la Federaci\u00f3n Boliviana de F\u00fatbol (FBF). El ente superior del f\u00fatbol boliviano es [&hellip;]","og_url":"https:\/\/www.eldiario.net\/portal\/2025\/04\/18\/cierran-postulaciones-para-la-presidencia-de-the-strongest\/","og_site_name":"El Diario - Bolivia","article_publisher":"https:\/\/www.facebook.com\/eldiario.bolivia\/","article_published_time":"2025-04-18T11:00:42+00:00","og_image":[{"width":701,"height":407,"url":"https:\/\/www.eldiario.net\/portal\/wp-content\/uploads\/2025\/04\/FOTO-70-3.jpg","type":"image\/jpeg"}],"author":"Jeanette","twitter_card":"summary_large_image","twitter_creator":"@eldiario_net","twitter_site":"@eldiario_net","twitter_misc":{"Escrito por":"Jeanette","Tiempo de lectura":"2 minutos"},"schema":{"@context":"https:\/\/schema.org","@graph":[{"@type":"Article","@id":"https:\/\/www.eldiario.net\/portal\/2025\/04\/18\/cierran-postulaciones-para-la-presidencia-de-the-strongest\/#article","isPartOf":{"@id":"https:\/\/www.eldiario.net\/portal\/2025\/04\/18\/cierran-postulaciones-para-la-presidencia-de-the-strongest\/"},"author":{"name":"Jeanette","@id":"https:\/\/www.eldiario.net\/portal\/#\/schema\/person\/f46445640444750d7d753ccd04ae01b7"},"headline":"CIERRAN POSTULACIONES PARA LA PRESIDENCIA DE THE STRONGEST","datePublished":"2025-04-18T11:00:42+00:00","mainEntityOfPage":{"@id":"https:\/\/www.eldiario.net\/portal\/2025\/04\/18\/cierran-postulaciones-para-la-presidencia-de-the-strongest\/"},"wordCount":331,"publisher":{"@id":"https:\/\/www.eldiario.net\/portal\/#organization"},"image":{"@id":"https:\/\/www.eldiario.net\/portal\/2025\/04\/18\/cierran-postulaciones-para-la-presidencia-de-the-strongest\/#primaryimage"},"thumbnailUrl":"https:\/\/www.eldiario.net\/portal\/wp-content\/uploads\/2025\/04\/FOTO-70-3.jpg","articleSection":["Deportes"],"inLanguage":"es"},{"@type":"WebPage","@id":"https:\/\/www.eldiario.net\/portal\/2025\/04\/18\/cierran-postulaciones-para-la-presidencia-de-the-strongest\/","url":"https:\/\/www.eldiario.net\/portal\/2025\/04\/18\/cierran-postulaciones-para-la-presidencia-de-the-strongest\/","name":"CIERRAN POSTULACIONES PARA LA PRESIDENCIA DE THE STRONGEST - El Diario - Bolivia","isPartOf":{"@id":"https:\/\/www.eldiario.net\/portal\/#website"},"primaryImageOfPage":{"@id":"https:\/\/www.eldiario.net\/portal\/2025\/04\/18\/cierran-postulaciones-para-la-presidencia-de-the-strongest\/#primaryimage"},"image":{"@id":"https:\/\/www.eldiario.net\/portal\/2025\/04\/18\/cierran-postulaciones-para-la-presidencia-de-the-strongest\/#primaryimage"},"thumbnailUrl":"https:\/\/www.eldiario.net\/portal\/wp-content\/uploads\/2025\/04\/FOTO-70-3.jpg","datePublished":"2025-04-18T11:00:42+00:00","breadcrumb":{"@id":"https:\/\/www.eldiario.net\/portal\/2025\/04\/18\/cierran-postulaciones-para-la-presidencia-de-the-strongest\/#breadcrumb"},"inLanguage":"es","potentialAction":[{"@type":"ReadAction","target":["https:\/\/www.eldiario.net\/portal\/2025\/04\/18\/cierran-postulaciones-para-la-presidencia-de-the-strongest\/"]}]},{"@type":"ImageObject","inLanguage":"es","@id":"https:\/\/www.eldiario.net\/portal\/2025\/04\/18\/cierran-postulaciones-para-la-presidencia-de-the-strongest\/#primaryimage","url":"https:\/\/www.eldiario.net\/portal\/wp-content\/uploads\/2025\/04\/FOTO-70-3.jpg","contentUrl":"https:\/\/www.eldiario.net\/portal\/wp-content\/uploads\/2025\/04\/FOTO-70-3.jpg","width":701,"height":407},{"@type":"BreadcrumbList","@id":"https:\/\/www.eldiario.net\/portal\/2025\/04\/18\/cierran-postulaciones-para-la-presidencia-de-the-strongest\/#breadcrumb","itemListElement":[{"@type":"ListItem","position":1,"name":"Portada","item":"https:\/\/www.eldiario.net\/portal\/"},{"@type":"ListItem","position":2,"name":"CIERRAN POSTULACIONES PARA LA PRESIDENCIA DE THE STRONGEST"}]},{"@type":"WebSite","@id":"https:\/\/www.eldiario.net\/portal\/#website","url":"https:\/\/www.eldiario.net\/portal\/","name":"El Diario - Decano de la prensa nacional","description":"El Diario - Decano de la prensa nacional","publisher":{"@id":"https:\/\/www.eldiario.net\/portal\/#organization"},"potentialAction":[{"@type":"SearchAction","target":{"@type":"EntryPoint","urlTemplate":"https:\/\/www.eldiario.net\/portal\/?s={search_term_string}"},"query-input":{"@type":"PropertyValueSpecification","valueRequired":true,"valueName":"search_term_string"}}],"inLanguage":"es"},{"@type":"Organization","@id":"https:\/\/www.eldiario.net\/portal\/#organization","name":"El Diario - Decano de la prensa nacional","url":"https:\/\/www.eldiario.net\/portal\/","logo":{"@type":"ImageObject","inLanguage":"es","@id":"https:\/\/www.eldiario.net\/portal\/#\/schema\/logo\/image\/","url":"https:\/\/www.eldiario.net\/portal\/wp-content\/uploads\/2023\/07\/logo_ED.jpg","contentUrl":"https:\/\/www.eldiario.net\/portal\/wp-content\/uploads\/2023\/07\/logo_ED.jpg","width":272,"height":52,"caption":"El Diario - Decano de la prensa nacional"},"image":{"@id":"https:\/\/www.eldiario.net\/portal\/#\/schema\/logo\/image\/"},"sameAs":["https:\/\/www.facebook.com\/eldiario.bolivia\/","https:\/\/x.com\/eldiario_net"]},{"@type":"Person","@id":"https:\/\/www.eldiario.net\/portal\/#\/schema\/person\/f46445640444750d7d753ccd04ae01b7","name":"Jeanette","image":{"@type":"ImageObject","inLanguage":"es","@id":"https:\/\/secure.gravatar.com\/avatar\/3ea2118a5f7dad2b7138b1187a6b7ee55f160b9968b66013c3a3ef39dd7e5798?s=96&d=mm&r=g","url":"https:\/\/secure.gravatar.com\/avatar\/3ea2118a5f7dad2b7138b1187a6b7ee55f160b9968b66013c3a3ef39dd7e5798?s=96&d=mm&r=g","contentUrl":"https:\/\/secure.gravatar.com\/avatar\/3ea2118a5f7dad2b7138b1187a6b7ee55f160b9968b66013c3a3ef39dd7e5798?s=96&d=mm&r=g","caption":"Jeanette"},"sameAs":["https:\/\/www.eldiario.net\/portal"],"url":"https:\/\/www.eldiario.net\/portal\/author\/jeanette\/"}]}},"_links":{"self":[{"href":"https:\/\/www.eldiario.net\/portal\/wp-json\/wp\/v2\/posts\/296286","targetHints":{"allow":["GET"]}}],"collection":[{"href":"https:\/\/www.eldiario.net\/portal\/wp-json\/wp\/v2\/posts"}],"about":[{"href":"https:\/\/www.eldiario.net\/portal\/wp-json\/wp\/v2\/types\/post"}],"author":[{"embeddable":true,"href":"https:\/\/www.eldiario.net\/portal\/wp-json\/wp\/v2\/users\/1"}],"replies":[{"embeddable":true,"href":"https:\/\/www.eldiario.net\/portal\/wp-json\/wp\/v2\/comments?post=296286"}],"version-history":[{"count":1,"href":"https:\/\/www.eldiario.net\/portal\/wp-json\/wp\/v2\/posts\/296286\/revisions"}],"predecessor-version":[{"id":296288,"href":"https:\/\/www.eldiario.net\/portal\/wp-json\/wp\/v2\/posts\/296286\/revisions\/296288"}],"wp:featuredmedia":[{"embeddable":true,"href":"https:\/\/www.eldiario.net\/portal\/wp-json\/wp\/v2\/media\/296287"}],"wp:attachment":[{"href":"https:\/\/www.eldiario.net\/portal\/wp-json\/wp\/v2\/media?parent=296286"}],"wp:term":[{"taxonomy":"category","embeddable":true,"href":"https:\/\/www.eldiario.net\/portal\/wp-json\/wp\/v2\/categories?post=296286"},{"taxonomy":"post_tag","embeddable":true,"href":"https:\/\/www.eldiario.net\/portal\/wp-json\/wp\/v2\/tags?post=296286"}],"curies":[{"name":"wp","href":"https:\/\/api.w.org\/{rel}","templated":true}]}}