{"id":296223,"date":"2025-04-18T06:42:38","date_gmt":"2025-04-18T10:42:38","guid":{"rendered":"https:\/\/www.eldiario.net\/portal\/?p=296223"},"modified":"2025-04-18T06:42:38","modified_gmt":"2025-04-18T10:42:38","slug":"tse-senala-que-proceso-electoral-no-esta-en-riesgo","status":"publish","type":"post","link":"https:\/\/www.eldiario.net\/portal\/2025\/04\/18\/tse-senala-que-proceso-electoral-no-esta-en-riesgo\/","title":{"rendered":"TSE se\u00f1ala que proceso  electoral no est\u00e1 en riesgo"},"content":{"rendered":"<p>Reiteran que el \u00d3rgano Electoral emiti\u00f3 la convocatoria a elecciones en el marco de sus funciones y atribuciones constitucionales, con la finalidad de dar certeza y seguridad a la poblaci\u00f3n boliviana.<br \/>\nAnte recientes anuncios relacionados a la presentaci\u00f3n de recursos judiciales con potencial para paralizar las elecciones generales, el vicepresidente del Tribunal Supremo Electoral (TSE), Francisco Vargas, inform\u00f3 que esta instancia se encuentra analizando las observaciones planteadas y descart\u00f3 que el presente proceso electoral se encuentre en riesgo.<br \/>\nSobre las demandas de organizaciones ind\u00edgenas que demandan participar de los pr\u00f3ximos comicios generales, bajo el amparo de la Constituci\u00f3n Pol\u00edtica del Estado (CPE), la autoridad electoral explic\u00f3 que ser\u00e1 la Sala Plena del ente electoral la que d\u00e9 una respuesta definitiva a los tres requerimientos que existen en este sentido.<br \/>\nEn relaci\u00f3n a los recursos anunciados y presentados, observando el tema de la paridad de g\u00e9nero y la participaci\u00f3n de pueblos ind\u00edgenas en procesos electorales, Vargas sostuvo que se espera una respuesta de las instancias pertinentes para las pr\u00f3ximas semanas, por lo que los comicios programados para agosto pr\u00f3ximo no estar\u00edan en riesgo.<br \/>\n\u201cEsto no podr\u00eda poner en riesgo el proceso toda vez que el \u00d3rgano Electoral emiti\u00f3 la convocatoria en el marco de sus funciones y atribuciones constitucionales. Queremos dar certeza y seguridad a la poblaci\u00f3n boliviana que vamos a tener elecciones el 17 de agosto\u201d, dijo.<br \/>\nEl martes, se conoci\u00f3 que el expresidente de la C\u00e1mara de Diputados, Israel Huaytari, present\u00f3 ante el TCP una Acci\u00f3n de Inconstitucionalidad Abstracta contra la convocatoria a Elecciones Generales 2025, solicitando que se disponga la obligatoriedad de que partidos y alianzas pol\u00edticas respeten la paridad y equidad de g\u00e9nero en las candidaturas a la presidencia y vicepresidencia.<br \/>\nPor su parte, ayer, el exmagistrado Gualberto Cusi present\u00f3 otra Acci\u00f3n de Inconstitucionalidad Abstracta demandando igualdad de condiciones para la participaci\u00f3n de ciudadanos y pueblos ind\u00edgenas en elecciones nacionales.<br \/>\nA estos recursos se suma la amenaza de la Confederaci\u00f3n de Pueblos Ind\u00edgenas del Oriente Boliviano, para frenar las elecciones generales en caso de que el TSE insista en su postura de impedir la participaci\u00f3n de esta organizaci\u00f3n en el presente proceso electoral por no contar con un partido.<br \/>\n\u201cTenemos que garantizar el derecho efectivo al sufragio de los bolivianos, por lo tanto las elecciones est\u00e1n plenamente garantizadas, vamos a hacer todos los esfuerzos para cumplir cada una de las actividades del calendario electoral en los plazos previstos\u201d, insisti\u00f3 Vargas.<\/p>\n","protected":false},"excerpt":{"rendered":"<p>Reiteran que el \u00d3rgano Electoral emiti\u00f3 la convocatoria a elecciones en el marco de sus funciones y atribuciones constitucionales, con la finalidad de dar certeza y seguridad a la poblaci\u00f3n boliviana. Ante recientes anuncios relacionados a la presentaci\u00f3n de recursos judiciales con potencial para paralizar las elecciones generales, el vicepresidente del Tribunal Supremo Electoral (TSE), [&hellip;]<\/p>\n","protected":false},"author":1,"featured_media":296224,"comment_status":"closed","ping_status":"open","sticky":false,"template":"","format":"standard","meta":{"_acf_changed":false,"footnotes":""},"categories":[14],"tags":[],"class_list":["post-296223","post","type-post","status-publish","format-standard","has-post-thumbnail","category-politica"],"acf":{"antetitulo":"En medio de acciones judiciales"},"yoast_head":"<!-- This site is optimized with the Yoast SEO plugin v28.3 - https:\/\/yoast.com\/product\/yoast-seo-wordpress\/ -->\n<title>TSE se\u00f1ala que proceso electoral no est\u00e1 en riesgo - El Diario - Bolivia<\/title>\n<meta name=\"robots\" content=\"index, follow, max-snippet:-1, max-image-preview:large, max-video-preview:-1\" \/>\n<link rel=\"canonical\" href=\"https:\/\/www.eldiario.net\/portal\/2025\/04\/18\/tse-senala-que-proceso-electoral-no-esta-en-riesgo\/\" \/>\n<meta property=\"og:locale\" content=\"es_ES\" \/>\n<meta property=\"og:type\" content=\"article\" \/>\n<meta property=\"og:title\" content=\"TSE se\u00f1ala que proceso electoral no est\u00e1 en riesgo - El Diario - Bolivia\" \/>\n<meta property=\"og:description\" content=\"Reiteran que el \u00d3rgano Electoral emiti\u00f3 la convocatoria a elecciones en el marco de sus funciones y atribuciones constitucionales, con la finalidad de dar certeza y seguridad a la poblaci\u00f3n boliviana. Ante recientes anuncios relacionados a la presentaci\u00f3n de recursos judiciales con potencial para paralizar las elecciones generales, el vicepresidente del Tribunal Supremo Electoral (TSE), [&hellip;]\" \/>\n<meta property=\"og:url\" content=\"https:\/\/www.eldiario.net\/portal\/2025\/04\/18\/tse-senala-que-proceso-electoral-no-esta-en-riesgo\/\" \/>\n<meta property=\"og:site_name\" content=\"El Diario - Bolivia\" \/>\n<meta property=\"article:publisher\" content=\"https:\/\/www.facebook.com\/eldiario.bolivia\/\" \/>\n<meta property=\"article:published_time\" content=\"2025-04-18T10:42:38+00:00\" \/>\n<meta property=\"og:image\" content=\"https:\/\/www.eldiario.net\/portal\/wp-content\/uploads\/2025\/04\/41-POL-9.jpg\" \/>\n\t<meta property=\"og:image:width\" content=\"1124\" \/>\n\t<meta property=\"og:image:height\" content=\"750\" \/>\n\t<meta property=\"og:image:type\" content=\"image\/jpeg\" \/>\n<meta name=\"author\" content=\"Jeanette\" \/>\n<meta name=\"twitter:card\" content=\"summary_large_image\" \/>\n<meta name=\"twitter:creator\" content=\"@eldiario_net\" \/>\n<meta name=\"twitter:site\" content=\"@eldiario_net\" \/>\n<meta name=\"twitter:label1\" content=\"Escrito por\" \/>\n\t<meta name=\"twitter:data1\" content=\"Jeanette\" \/>\n\t<meta name=\"twitter:label2\" content=\"Tiempo de lectura\" \/>\n\t<meta name=\"twitter:data2\" content=\"3 minutos\" \/>\n<script type=\"application\/ld+json\" class=\"yoast-schema-graph\">{\"@context\":\"https:\\\/\\\/schema.org\",\"@graph\":[{\"@type\":\"Article\",\"@id\":\"https:\\\/\\\/www.eldiario.net\\\/portal\\\/2025\\\/04\\\/18\\\/tse-senala-que-proceso-electoral-no-esta-en-riesgo\\\/#article\",\"isPartOf\":{\"@id\":\"https:\\\/\\\/www.eldiario.net\\\/portal\\\/2025\\\/04\\\/18\\\/tse-senala-que-proceso-electoral-no-esta-en-riesgo\\\/\"},\"author\":{\"name\":\"Jeanette\",\"@id\":\"https:\\\/\\\/www.eldiario.net\\\/portal\\\/#\\\/schema\\\/person\\\/f46445640444750d7d753ccd04ae01b7\"},\"headline\":\"TSE se\u00f1ala que proceso electoral no est\u00e1 en riesgo\",\"datePublished\":\"2025-04-18T10:42:38+00:00\",\"mainEntityOfPage\":{\"@id\":\"https:\\\/\\\/www.eldiario.net\\\/portal\\\/2025\\\/04\\\/18\\\/tse-senala-que-proceso-electoral-no-esta-en-riesgo\\\/\"},\"wordCount\":438,\"publisher\":{\"@id\":\"https:\\\/\\\/www.eldiario.net\\\/portal\\\/#organization\"},\"image\":{\"@id\":\"https:\\\/\\\/www.eldiario.net\\\/portal\\\/2025\\\/04\\\/18\\\/tse-senala-que-proceso-electoral-no-esta-en-riesgo\\\/#primaryimage\"},\"thumbnailUrl\":\"https:\\\/\\\/www.eldiario.net\\\/portal\\\/wp-content\\\/uploads\\\/2025\\\/04\\\/41-POL-9.jpg\",\"articleSection\":[\"Pol\u00edtica\"],\"inLanguage\":\"es\"},{\"@type\":\"WebPage\",\"@id\":\"https:\\\/\\\/www.eldiario.net\\\/portal\\\/2025\\\/04\\\/18\\\/tse-senala-que-proceso-electoral-no-esta-en-riesgo\\\/\",\"url\":\"https:\\\/\\\/www.eldiario.net\\\/portal\\\/2025\\\/04\\\/18\\\/tse-senala-que-proceso-electoral-no-esta-en-riesgo\\\/\",\"name\":\"TSE se\u00f1ala que proceso electoral no est\u00e1 en riesgo - El Diario - Bolivia\",\"isPartOf\":{\"@id\":\"https:\\\/\\\/www.eldiario.net\\\/portal\\\/#website\"},\"primaryImageOfPage\":{\"@id\":\"https:\\\/\\\/www.eldiario.net\\\/portal\\\/2025\\\/04\\\/18\\\/tse-senala-que-proceso-electoral-no-esta-en-riesgo\\\/#primaryimage\"},\"image\":{\"@id\":\"https:\\\/\\\/www.eldiario.net\\\/portal\\\/2025\\\/04\\\/18\\\/tse-senala-que-proceso-electoral-no-esta-en-riesgo\\\/#primaryimage\"},\"thumbnailUrl\":\"https:\\\/\\\/www.eldiario.net\\\/portal\\\/wp-content\\\/uploads\\\/2025\\\/04\\\/41-POL-9.jpg\",\"datePublished\":\"2025-04-18T10:42:38+00:00\",\"breadcrumb\":{\"@id\":\"https:\\\/\\\/www.eldiario.net\\\/portal\\\/2025\\\/04\\\/18\\\/tse-senala-que-proceso-electoral-no-esta-en-riesgo\\\/#breadcrumb\"},\"inLanguage\":\"es\",\"potentialAction\":[{\"@type\":\"ReadAction\",\"target\":[\"https:\\\/\\\/www.eldiario.net\\\/portal\\\/2025\\\/04\\\/18\\\/tse-senala-que-proceso-electoral-no-esta-en-riesgo\\\/\"]}]},{\"@type\":\"ImageObject\",\"inLanguage\":\"es\",\"@id\":\"https:\\\/\\\/www.eldiario.net\\\/portal\\\/2025\\\/04\\\/18\\\/tse-senala-que-proceso-electoral-no-esta-en-riesgo\\\/#primaryimage\",\"url\":\"https:\\\/\\\/www.eldiario.net\\\/portal\\\/wp-content\\\/uploads\\\/2025\\\/04\\\/41-POL-9.jpg\",\"contentUrl\":\"https:\\\/\\\/www.eldiario.net\\\/portal\\\/wp-content\\\/uploads\\\/2025\\\/04\\\/41-POL-9.jpg\",\"width\":1124,\"height\":750,\"caption\":\"Vocal Francisco Vargas en conferencia de prensa.\"},{\"@type\":\"BreadcrumbList\",\"@id\":\"https:\\\/\\\/www.eldiario.net\\\/portal\\\/2025\\\/04\\\/18\\\/tse-senala-que-proceso-electoral-no-esta-en-riesgo\\\/#breadcrumb\",\"itemListElement\":[{\"@type\":\"ListItem\",\"position\":1,\"name\":\"Portada\",\"item\":\"https:\\\/\\\/www.eldiario.net\\\/portal\\\/\"},{\"@type\":\"ListItem\",\"position\":2,\"name\":\"TSE se\u00f1ala que proceso electoral no est\u00e1 en riesgo\"}]},{\"@type\":\"WebSite\",\"@id\":\"https:\\\/\\\/www.eldiario.net\\\/portal\\\/#website\",\"url\":\"https:\\\/\\\/www.eldiario.net\\\/portal\\\/\",\"name\":\"El Diario - Decano de la prensa nacional\",\"description\":\"El Diario - Decano de la prensa nacional\",\"publisher\":{\"@id\":\"https:\\\/\\\/www.eldiario.net\\\/portal\\\/#organization\"},\"potentialAction\":[{\"@type\":\"SearchAction\",\"target\":{\"@type\":\"EntryPoint\",\"urlTemplate\":\"https:\\\/\\\/www.eldiario.net\\\/portal\\\/?s={search_term_string}\"},\"query-input\":{\"@type\":\"PropertyValueSpecification\",\"valueRequired\":true,\"valueName\":\"search_term_string\"}}],\"inLanguage\":\"es\"},{\"@type\":\"Organization\",\"@id\":\"https:\\\/\\\/www.eldiario.net\\\/portal\\\/#organization\",\"name\":\"El Diario - Decano de la prensa nacional\",\"url\":\"https:\\\/\\\/www.eldiario.net\\\/portal\\\/\",\"logo\":{\"@type\":\"ImageObject\",\"inLanguage\":\"es\",\"@id\":\"https:\\\/\\\/www.eldiario.net\\\/portal\\\/#\\\/schema\\\/logo\\\/image\\\/\",\"url\":\"https:\\\/\\\/www.eldiario.net\\\/portal\\\/wp-content\\\/uploads\\\/2023\\\/07\\\/logo_ED.jpg\",\"contentUrl\":\"https:\\\/\\\/www.eldiario.net\\\/portal\\\/wp-content\\\/uploads\\\/2023\\\/07\\\/logo_ED.jpg\",\"width\":272,\"height\":52,\"caption\":\"El Diario - Decano de la prensa nacional\"},\"image\":{\"@id\":\"https:\\\/\\\/www.eldiario.net\\\/portal\\\/#\\\/schema\\\/logo\\\/image\\\/\"},\"sameAs\":[\"https:\\\/\\\/www.facebook.com\\\/eldiario.bolivia\\\/\",\"https:\\\/\\\/x.com\\\/eldiario_net\"]},{\"@type\":\"Person\",\"@id\":\"https:\\\/\\\/www.eldiario.net\\\/portal\\\/#\\\/schema\\\/person\\\/f46445640444750d7d753ccd04ae01b7\",\"name\":\"Jeanette\",\"image\":{\"@type\":\"ImageObject\",\"inLanguage\":\"es\",\"@id\":\"https:\\\/\\\/secure.gravatar.com\\\/avatar\\\/3ea2118a5f7dad2b7138b1187a6b7ee55f160b9968b66013c3a3ef39dd7e5798?s=96&d=mm&r=g\",\"url\":\"https:\\\/\\\/secure.gravatar.com\\\/avatar\\\/3ea2118a5f7dad2b7138b1187a6b7ee55f160b9968b66013c3a3ef39dd7e5798?s=96&d=mm&r=g\",\"contentUrl\":\"https:\\\/\\\/secure.gravatar.com\\\/avatar\\\/3ea2118a5f7dad2b7138b1187a6b7ee55f160b9968b66013c3a3ef39dd7e5798?s=96&d=mm&r=g\",\"caption\":\"Jeanette\"},\"sameAs\":[\"https:\\\/\\\/www.eldiario.net\\\/portal\"],\"url\":\"https:\\\/\\\/www.eldiario.net\\\/portal\\\/author\\\/jeanette\\\/\"}]}<\/script>\n<!-- \/ Yoast SEO plugin. -->","yoast_head_json":{"title":"TSE se\u00f1ala que proceso electoral no est\u00e1 en riesgo - El Diario - Bolivia","robots":{"index":"index","follow":"follow","max-snippet":"max-snippet:-1","max-image-preview":"max-image-preview:large","max-video-preview":"max-video-preview:-1"},"canonical":"https:\/\/www.eldiario.net\/portal\/2025\/04\/18\/tse-senala-que-proceso-electoral-no-esta-en-riesgo\/","og_locale":"es_ES","og_type":"article","og_title":"TSE se\u00f1ala que proceso electoral no est\u00e1 en riesgo - El Diario - Bolivia","og_description":"Reiteran que el \u00d3rgano Electoral emiti\u00f3 la convocatoria a elecciones en el marco de sus funciones y atribuciones constitucionales, con la finalidad de dar certeza y seguridad a la poblaci\u00f3n boliviana. Ante recientes anuncios relacionados a la presentaci\u00f3n de recursos judiciales con potencial para paralizar las elecciones generales, el vicepresidente del Tribunal Supremo Electoral (TSE), [&hellip;]","og_url":"https:\/\/www.eldiario.net\/portal\/2025\/04\/18\/tse-senala-que-proceso-electoral-no-esta-en-riesgo\/","og_site_name":"El Diario - Bolivia","article_publisher":"https:\/\/www.facebook.com\/eldiario.bolivia\/","article_published_time":"2025-04-18T10:42:38+00:00","og_image":[{"width":1124,"height":750,"url":"https:\/\/www.eldiario.net\/portal\/wp-content\/uploads\/2025\/04\/41-POL-9.jpg","type":"image\/jpeg"}],"author":"Jeanette","twitter_card":"summary_large_image","twitter_creator":"@eldiario_net","twitter_site":"@eldiario_net","twitter_misc":{"Escrito por":"Jeanette","Tiempo de lectura":"3 minutos"},"schema":{"@context":"https:\/\/schema.org","@graph":[{"@type":"Article","@id":"https:\/\/www.eldiario.net\/portal\/2025\/04\/18\/tse-senala-que-proceso-electoral-no-esta-en-riesgo\/#article","isPartOf":{"@id":"https:\/\/www.eldiario.net\/portal\/2025\/04\/18\/tse-senala-que-proceso-electoral-no-esta-en-riesgo\/"},"author":{"name":"Jeanette","@id":"https:\/\/www.eldiario.net\/portal\/#\/schema\/person\/f46445640444750d7d753ccd04ae01b7"},"headline":"TSE se\u00f1ala que proceso electoral no est\u00e1 en riesgo","datePublished":"2025-04-18T10:42:38+00:00","mainEntityOfPage":{"@id":"https:\/\/www.eldiario.net\/portal\/2025\/04\/18\/tse-senala-que-proceso-electoral-no-esta-en-riesgo\/"},"wordCount":438,"publisher":{"@id":"https:\/\/www.eldiario.net\/portal\/#organization"},"image":{"@id":"https:\/\/www.eldiario.net\/portal\/2025\/04\/18\/tse-senala-que-proceso-electoral-no-esta-en-riesgo\/#primaryimage"},"thumbnailUrl":"https:\/\/www.eldiario.net\/portal\/wp-content\/uploads\/2025\/04\/41-POL-9.jpg","articleSection":["Pol\u00edtica"],"inLanguage":"es"},{"@type":"WebPage","@id":"https:\/\/www.eldiario.net\/portal\/2025\/04\/18\/tse-senala-que-proceso-electoral-no-esta-en-riesgo\/","url":"https:\/\/www.eldiario.net\/portal\/2025\/04\/18\/tse-senala-que-proceso-electoral-no-esta-en-riesgo\/","name":"TSE se\u00f1ala que proceso electoral no est\u00e1 en riesgo - El Diario - Bolivia","isPartOf":{"@id":"https:\/\/www.eldiario.net\/portal\/#website"},"primaryImageOfPage":{"@id":"https:\/\/www.eldiario.net\/portal\/2025\/04\/18\/tse-senala-que-proceso-electoral-no-esta-en-riesgo\/#primaryimage"},"image":{"@id":"https:\/\/www.eldiario.net\/portal\/2025\/04\/18\/tse-senala-que-proceso-electoral-no-esta-en-riesgo\/#primaryimage"},"thumbnailUrl":"https:\/\/www.eldiario.net\/portal\/wp-content\/uploads\/2025\/04\/41-POL-9.jpg","datePublished":"2025-04-18T10:42:38+00:00","breadcrumb":{"@id":"https:\/\/www.eldiario.net\/portal\/2025\/04\/18\/tse-senala-que-proceso-electoral-no-esta-en-riesgo\/#breadcrumb"},"inLanguage":"es","potentialAction":[{"@type":"ReadAction","target":["https:\/\/www.eldiario.net\/portal\/2025\/04\/18\/tse-senala-que-proceso-electoral-no-esta-en-riesgo\/"]}]},{"@type":"ImageObject","inLanguage":"es","@id":"https:\/\/www.eldiario.net\/portal\/2025\/04\/18\/tse-senala-que-proceso-electoral-no-esta-en-riesgo\/#primaryimage","url":"https:\/\/www.eldiario.net\/portal\/wp-content\/uploads\/2025\/04\/41-POL-9.jpg","contentUrl":"https:\/\/www.eldiario.net\/portal\/wp-content\/uploads\/2025\/04\/41-POL-9.jpg","width":1124,"height":750,"caption":"Vocal Francisco Vargas en conferencia de prensa."},{"@type":"BreadcrumbList","@id":"https:\/\/www.eldiario.net\/portal\/2025\/04\/18\/tse-senala-que-proceso-electoral-no-esta-en-riesgo\/#breadcrumb","itemListElement":[{"@type":"ListItem","position":1,"name":"Portada","item":"https:\/\/www.eldiario.net\/portal\/"},{"@type":"ListItem","position":2,"name":"TSE se\u00f1ala que proceso electoral no est\u00e1 en riesgo"}]},{"@type":"WebSite","@id":"https:\/\/www.eldiario.net\/portal\/#website","url":"https:\/\/www.eldiario.net\/portal\/","name":"El Diario - Decano de la prensa nacional","description":"El Diario - Decano de la prensa nacional","publisher":{"@id":"https:\/\/www.eldiario.net\/portal\/#organization"},"potentialAction":[{"@type":"SearchAction","target":{"@type":"EntryPoint","urlTemplate":"https:\/\/www.eldiario.net\/portal\/?s={search_term_string}"},"query-input":{"@type":"PropertyValueSpecification","valueRequired":true,"valueName":"search_term_string"}}],"inLanguage":"es"},{"@type":"Organization","@id":"https:\/\/www.eldiario.net\/portal\/#organization","name":"El Diario - Decano de la prensa nacional","url":"https:\/\/www.eldiario.net\/portal\/","logo":{"@type":"ImageObject","inLanguage":"es","@id":"https:\/\/www.eldiario.net\/portal\/#\/schema\/logo\/image\/","url":"https:\/\/www.eldiario.net\/portal\/wp-content\/uploads\/2023\/07\/logo_ED.jpg","contentUrl":"https:\/\/www.eldiario.net\/portal\/wp-content\/uploads\/2023\/07\/logo_ED.jpg","width":272,"height":52,"caption":"El Diario - Decano de la prensa nacional"},"image":{"@id":"https:\/\/www.eldiario.net\/portal\/#\/schema\/logo\/image\/"},"sameAs":["https:\/\/www.facebook.com\/eldiario.bolivia\/","https:\/\/x.com\/eldiario_net"]},{"@type":"Person","@id":"https:\/\/www.eldiario.net\/portal\/#\/schema\/person\/f46445640444750d7d753ccd04ae01b7","name":"Jeanette","image":{"@type":"ImageObject","inLanguage":"es","@id":"https:\/\/secure.gravatar.com\/avatar\/3ea2118a5f7dad2b7138b1187a6b7ee55f160b9968b66013c3a3ef39dd7e5798?s=96&d=mm&r=g","url":"https:\/\/secure.gravatar.com\/avatar\/3ea2118a5f7dad2b7138b1187a6b7ee55f160b9968b66013c3a3ef39dd7e5798?s=96&d=mm&r=g","contentUrl":"https:\/\/secure.gravatar.com\/avatar\/3ea2118a5f7dad2b7138b1187a6b7ee55f160b9968b66013c3a3ef39dd7e5798?s=96&d=mm&r=g","caption":"Jeanette"},"sameAs":["https:\/\/www.eldiario.net\/portal"],"url":"https:\/\/www.eldiario.net\/portal\/author\/jeanette\/"}]}},"_links":{"self":[{"href":"https:\/\/www.eldiario.net\/portal\/wp-json\/wp\/v2\/posts\/296223","targetHints":{"allow":["GET"]}}],"collection":[{"href":"https:\/\/www.eldiario.net\/portal\/wp-json\/wp\/v2\/posts"}],"about":[{"href":"https:\/\/www.eldiario.net\/portal\/wp-json\/wp\/v2\/types\/post"}],"author":[{"embeddable":true,"href":"https:\/\/www.eldiario.net\/portal\/wp-json\/wp\/v2\/users\/1"}],"replies":[{"embeddable":true,"href":"https:\/\/www.eldiario.net\/portal\/wp-json\/wp\/v2\/comments?post=296223"}],"version-history":[{"count":1,"href":"https:\/\/www.eldiario.net\/portal\/wp-json\/wp\/v2\/posts\/296223\/revisions"}],"predecessor-version":[{"id":296225,"href":"https:\/\/www.eldiario.net\/portal\/wp-json\/wp\/v2\/posts\/296223\/revisions\/296225"}],"wp:featuredmedia":[{"embeddable":true,"href":"https:\/\/www.eldiario.net\/portal\/wp-json\/wp\/v2\/media\/296224"}],"wp:attachment":[{"href":"https:\/\/www.eldiario.net\/portal\/wp-json\/wp\/v2\/media?parent=296223"}],"wp:term":[{"taxonomy":"category","embeddable":true,"href":"https:\/\/www.eldiario.net\/portal\/wp-json\/wp\/v2\/categories?post=296223"},{"taxonomy":"post_tag","embeddable":true,"href":"https:\/\/www.eldiario.net\/portal\/wp-json\/wp\/v2\/tags?post=296223"}],"curies":[{"name":"wp","href":"https:\/\/api.w.org\/{rel}","templated":true}]}}