{"id":296214,"date":"2025-04-18T06:40:33","date_gmt":"2025-04-18T10:40:33","guid":{"rendered":"https:\/\/www.eldiario.net\/portal\/?p=296214"},"modified":"2025-04-18T06:40:33","modified_gmt":"2025-04-18T10:40:33","slug":"algunas-creencias-que-fortalecen-el-valor-religioso-en-semana-santa","status":"publish","type":"post","link":"https:\/\/www.eldiario.net\/portal\/2025\/04\/18\/algunas-creencias-que-fortalecen-el-valor-religioso-en-semana-santa\/","title":{"rendered":"Algunas creencias que fortalecen el valor religioso en Semana Santa"},"content":{"rendered":"<p>En Semana Santa, resurge una serie de creencias o leyendas populares que reflejan la cosmovisi\u00f3n religiosa y cultural de diversas comunidades ecuatorianas.<br \/>\nEn distintas zonas de Manab\u00ed, se mantienen vivas una serie de creencias populares que reflejan la profunda religiosidad de sus habitantes. Estas pr\u00e1cticas, en su mayor\u00eda transmitidas por generaciones, est\u00e1n cargadas de simbolismo y representan el respeto a lo sagrado durante los d\u00edas de recogimiento.<br \/>\nEstas narraciones surgen cada a\u00f1o, especialmente entre el Jueves y Viernes Santo, como advertencia moral o expresi\u00f3n de la religiosidad popular.<\/p>\n<p>\u201cCONVERTIR EN PEZ\u201d<br \/>\nUna de las m\u00e1s comunes es la prohibici\u00f3n de ba\u00f1arse en r\u00edos o el mar entre el Viernes Santo y el Domingo de Resurrecci\u00f3n. Se cree que hacerlo puede provocar ahogamientos, ya que el agua \u201cest\u00e1 bendita\u201d y representa el dolor de Cristo. Incluso hay quienes a\u00fan aseguran que los desobedientes, se podr\u00edan \u201cconvertir en pez\u201d.<br \/>\nOtra creencia extendida es la de guardar silencio y evitar actividades ruidosas, como forma de respeto al sufrimiento de Jes\u00fas.<br \/>\n\u201cAntes la Semana Santa era un espacio para reflexionar, solamente pas\u00e1bamos rezando, pero ahora los j\u00f3venes lo ven como una oportunidad para salir a divertirse porque es feriado\u201d, se\u00f1al\u00f3 Mariela Mej\u00eda, cat\u00f3lica portovejense.<\/p>\n<p>NO SE COME CARNE<br \/>\nTambi\u00e9n se considera de mal augurio usar clavos o martillos el Viernes Santo, pues se sostiene que es como \u201cclavar\u201d a Cristo en la cruz. Estas pr\u00e1cticas, aunque no forman parte de los rituales oficiales de la Iglesia, siguen siendo respetadas por muchas familias.<br \/>\nComer carne tambi\u00e9n es considerado como un pecado en el mundo cat\u00f3lico, ya que se la evita como s\u00edmbolo de penitencia y purificaci\u00f3n.<br \/>\nM\u00e1s all\u00e1 de lo religioso, estas creencias fortalecen los lazos comunitarios y reflejan la identidad cultural manabita, que combina tradici\u00f3n, espiritualidad y valores heredados, explican algunos soci\u00f3logos.<\/p>\n<p>FORTALECEN<br \/>\nLA ESPIRITUALIDAD<br \/>\nEstas creencias no solo entretienen o infunden temor, sino que tambi\u00e9n cumplen una funci\u00f3n social: alertan sobre conductas consideradas inapropiadas y fortalecen la espiritualidad en tiempos sagrados. Durante la Semana Santa, muchas personas evitan salir por las noches o realizar actividades mundanas, influenciadas por estas historias.<br \/>\nSeg\u00fan la antrop\u00f3loga ecuatoriana Maritza Mero, estas leyendas \u201cfuncionan como c\u00f3digos culturales que se reactivan en \u00e9pocas de alto simbolismo religioso, como la Semana Santa, reforzando normas de comportamiento comunitario\u201d.<\/p>\n<p>CONTEXTO HIST\u00d3RICO<br \/>\nEstas historias en torno a la Semana Santa, se originan en una fusi\u00f3n entre la tradici\u00f3n cat\u00f3lica colonial y las costumbres ancestrales. Su permanencia demuestra c\u00f3mo la religi\u00f3n se adapta a las particularidades culturales de cada regi\u00f3n. En Manab\u00ed, por ejemplo, es com\u00fan escuchar variantes locales de estas historias, con elementos propios del entorno rural y costero.<br \/>\nA pesar de los cambios generacionales, el auge de las redes sociales y el turismo religioso contribuyeron a mantener vivas estas narraciones, que forman parte del patrimonio intangible ecuatoriano. (El Diario Ecuador)<\/p>\n","protected":false},"excerpt":{"rendered":"<p>En Semana Santa, resurge una serie de creencias o leyendas populares que reflejan la cosmovisi\u00f3n religiosa y cultural de diversas comunidades ecuatorianas. En distintas zonas de Manab\u00ed, se mantienen vivas una serie de creencias populares que reflejan la profunda religiosidad de sus habitantes. Estas pr\u00e1cticas, en su mayor\u00eda transmitidas por generaciones, est\u00e1n cargadas de simbolismo [&hellip;]<\/p>\n","protected":false},"author":1,"featured_media":296215,"comment_status":"closed","ping_status":"open","sticky":false,"template":"","format":"standard","meta":{"_acf_changed":false,"footnotes":""},"categories":[3],"tags":[],"class_list":["post-296214","post","type-post","status-publish","format-standard","has-post-thumbnail","category-internacional"],"acf":{"antetitulo":"Ecuador"},"yoast_head":"<!-- This site is optimized with the Yoast SEO plugin v28.4 - https:\/\/yoast.com\/product\/yoast-seo-wordpress\/ -->\n<title>Algunas creencias que fortalecen el valor religioso en Semana Santa - El Diario - Bolivia<\/title>\n<meta name=\"robots\" content=\"index, follow, max-snippet:-1, max-image-preview:large, max-video-preview:-1\" \/>\n<link rel=\"canonical\" href=\"https:\/\/www.eldiario.net\/portal\/2025\/04\/18\/algunas-creencias-que-fortalecen-el-valor-religioso-en-semana-santa\/\" \/>\n<meta property=\"og:locale\" content=\"es_ES\" \/>\n<meta property=\"og:type\" content=\"article\" \/>\n<meta property=\"og:title\" content=\"Algunas creencias que fortalecen el valor religioso en Semana Santa - El Diario - Bolivia\" \/>\n<meta property=\"og:description\" content=\"En Semana Santa, resurge una serie de creencias o leyendas populares que reflejan la cosmovisi\u00f3n religiosa y cultural de diversas comunidades ecuatorianas. En distintas zonas de Manab\u00ed, se mantienen vivas una serie de creencias populares que reflejan la profunda religiosidad de sus habitantes. Estas pr\u00e1cticas, en su mayor\u00eda transmitidas por generaciones, est\u00e1n cargadas de simbolismo [&hellip;]\" \/>\n<meta property=\"og:url\" content=\"https:\/\/www.eldiario.net\/portal\/2025\/04\/18\/algunas-creencias-que-fortalecen-el-valor-religioso-en-semana-santa\/\" \/>\n<meta property=\"og:site_name\" content=\"El Diario - Bolivia\" \/>\n<meta property=\"article:publisher\" content=\"https:\/\/www.facebook.com\/eldiario.bolivia\/\" \/>\n<meta property=\"article:published_time\" content=\"2025-04-18T10:40:33+00:00\" \/>\n<meta property=\"og:image\" content=\"https:\/\/www.eldiario.net\/portal\/wp-content\/uploads\/2025\/04\/SEMANA-El-Diario-Ecuador.webp\" \/>\n\t<meta property=\"og:image:width\" content=\"1024\" \/>\n\t<meta property=\"og:image:height\" content=\"683\" \/>\n\t<meta property=\"og:image:type\" content=\"image\/webp\" \/>\n<meta name=\"author\" content=\"Jeanette\" \/>\n<meta name=\"twitter:card\" content=\"summary_large_image\" \/>\n<meta name=\"twitter:creator\" content=\"@eldiario_net\" \/>\n<meta name=\"twitter:site\" content=\"@eldiario_net\" \/>\n<meta name=\"twitter:label1\" content=\"Escrito por\" \/>\n\t<meta name=\"twitter:data1\" content=\"Jeanette\" \/>\n\t<meta name=\"twitter:label2\" content=\"Tiempo de lectura\" \/>\n\t<meta name=\"twitter:data2\" content=\"3 minutos\" \/>\n<script type=\"application\/ld+json\" class=\"yoast-schema-graph\">{\"@context\":\"https:\\\/\\\/schema.org\",\"@graph\":[{\"@type\":\"Article\",\"@id\":\"https:\\\/\\\/www.eldiario.net\\\/portal\\\/2025\\\/04\\\/18\\\/algunas-creencias-que-fortalecen-el-valor-religioso-en-semana-santa\\\/#article\",\"isPartOf\":{\"@id\":\"https:\\\/\\\/www.eldiario.net\\\/portal\\\/2025\\\/04\\\/18\\\/algunas-creencias-que-fortalecen-el-valor-religioso-en-semana-santa\\\/\"},\"author\":{\"name\":\"Jeanette\",\"@id\":\"https:\\\/\\\/www.eldiario.net\\\/portal\\\/#\\\/schema\\\/person\\\/2c57cf2b7a7ae032e449e4c9b1019eac\"},\"headline\":\"Algunas creencias que fortalecen el valor religioso en Semana Santa\",\"datePublished\":\"2025-04-18T10:40:33+00:00\",\"mainEntityOfPage\":{\"@id\":\"https:\\\/\\\/www.eldiario.net\\\/portal\\\/2025\\\/04\\\/18\\\/algunas-creencias-que-fortalecen-el-valor-religioso-en-semana-santa\\\/\"},\"wordCount\":520,\"publisher\":{\"@id\":\"https:\\\/\\\/www.eldiario.net\\\/portal\\\/#organization\"},\"image\":{\"@id\":\"https:\\\/\\\/www.eldiario.net\\\/portal\\\/2025\\\/04\\\/18\\\/algunas-creencias-que-fortalecen-el-valor-religioso-en-semana-santa\\\/#primaryimage\"},\"thumbnailUrl\":\"https:\\\/\\\/www.eldiario.net\\\/portal\\\/wp-content\\\/uploads\\\/2025\\\/04\\\/SEMANA-El-Diario-Ecuador.webp\",\"articleSection\":[\"Internacional\"],\"inLanguage\":\"es\"},{\"@type\":\"WebPage\",\"@id\":\"https:\\\/\\\/www.eldiario.net\\\/portal\\\/2025\\\/04\\\/18\\\/algunas-creencias-que-fortalecen-el-valor-religioso-en-semana-santa\\\/\",\"url\":\"https:\\\/\\\/www.eldiario.net\\\/portal\\\/2025\\\/04\\\/18\\\/algunas-creencias-que-fortalecen-el-valor-religioso-en-semana-santa\\\/\",\"name\":\"Algunas creencias que fortalecen el valor religioso en Semana Santa - El Diario - Bolivia\",\"isPartOf\":{\"@id\":\"https:\\\/\\\/www.eldiario.net\\\/portal\\\/#website\"},\"primaryImageOfPage\":{\"@id\":\"https:\\\/\\\/www.eldiario.net\\\/portal\\\/2025\\\/04\\\/18\\\/algunas-creencias-que-fortalecen-el-valor-religioso-en-semana-santa\\\/#primaryimage\"},\"image\":{\"@id\":\"https:\\\/\\\/www.eldiario.net\\\/portal\\\/2025\\\/04\\\/18\\\/algunas-creencias-que-fortalecen-el-valor-religioso-en-semana-santa\\\/#primaryimage\"},\"thumbnailUrl\":\"https:\\\/\\\/www.eldiario.net\\\/portal\\\/wp-content\\\/uploads\\\/2025\\\/04\\\/SEMANA-El-Diario-Ecuador.webp\",\"datePublished\":\"2025-04-18T10:40:33+00:00\",\"breadcrumb\":{\"@id\":\"https:\\\/\\\/www.eldiario.net\\\/portal\\\/2025\\\/04\\\/18\\\/algunas-creencias-que-fortalecen-el-valor-religioso-en-semana-santa\\\/#breadcrumb\"},\"inLanguage\":\"es\",\"potentialAction\":[{\"@type\":\"ReadAction\",\"target\":[\"https:\\\/\\\/www.eldiario.net\\\/portal\\\/2025\\\/04\\\/18\\\/algunas-creencias-que-fortalecen-el-valor-religioso-en-semana-santa\\\/\"]}]},{\"@type\":\"ImageObject\",\"inLanguage\":\"es\",\"@id\":\"https:\\\/\\\/www.eldiario.net\\\/portal\\\/2025\\\/04\\\/18\\\/algunas-creencias-que-fortalecen-el-valor-religioso-en-semana-santa\\\/#primaryimage\",\"url\":\"https:\\\/\\\/www.eldiario.net\\\/portal\\\/wp-content\\\/uploads\\\/2025\\\/04\\\/SEMANA-El-Diario-Ecuador.webp\",\"contentUrl\":\"https:\\\/\\\/www.eldiario.net\\\/portal\\\/wp-content\\\/uploads\\\/2025\\\/04\\\/SEMANA-El-Diario-Ecuador.webp\",\"width\":1024,\"height\":683,\"caption\":\"Las creencias y costumbres en torno a la Semana Santa son parte de la identidad manabita.\"},{\"@type\":\"BreadcrumbList\",\"@id\":\"https:\\\/\\\/www.eldiario.net\\\/portal\\\/2025\\\/04\\\/18\\\/algunas-creencias-que-fortalecen-el-valor-religioso-en-semana-santa\\\/#breadcrumb\",\"itemListElement\":[{\"@type\":\"ListItem\",\"position\":1,\"name\":\"Portada\",\"item\":\"https:\\\/\\\/www.eldiario.net\\\/portal\\\/\"},{\"@type\":\"ListItem\",\"position\":2,\"name\":\"Algunas creencias que fortalecen el valor religioso en Semana Santa\"}]},{\"@type\":\"WebSite\",\"@id\":\"https:\\\/\\\/www.eldiario.net\\\/portal\\\/#website\",\"url\":\"https:\\\/\\\/www.eldiario.net\\\/portal\\\/\",\"name\":\"El Diario - Decano de la prensa nacional\",\"description\":\"El Diario - Decano de la prensa nacional\",\"publisher\":{\"@id\":\"https:\\\/\\\/www.eldiario.net\\\/portal\\\/#organization\"},\"potentialAction\":[{\"@type\":\"SearchAction\",\"target\":{\"@type\":\"EntryPoint\",\"urlTemplate\":\"https:\\\/\\\/www.eldiario.net\\\/portal\\\/?s={search_term_string}\"},\"query-input\":{\"@type\":\"PropertyValueSpecification\",\"valueRequired\":true,\"valueName\":\"search_term_string\"}}],\"inLanguage\":\"es\"},{\"@type\":\"Organization\",\"@id\":\"https:\\\/\\\/www.eldiario.net\\\/portal\\\/#organization\",\"name\":\"El Diario - Decano de la prensa nacional\",\"url\":\"https:\\\/\\\/www.eldiario.net\\\/portal\\\/\",\"logo\":{\"@type\":\"ImageObject\",\"inLanguage\":\"es\",\"@id\":\"https:\\\/\\\/www.eldiario.net\\\/portal\\\/#\\\/schema\\\/logo\\\/image\\\/\",\"url\":\"https:\\\/\\\/www.eldiario.net\\\/portal\\\/wp-content\\\/uploads\\\/2023\\\/07\\\/logo_ED.jpg\",\"contentUrl\":\"https:\\\/\\\/www.eldiario.net\\\/portal\\\/wp-content\\\/uploads\\\/2023\\\/07\\\/logo_ED.jpg\",\"width\":272,\"height\":52,\"caption\":\"El Diario - Decano de la prensa nacional\"},\"image\":{\"@id\":\"https:\\\/\\\/www.eldiario.net\\\/portal\\\/#\\\/schema\\\/logo\\\/image\\\/\"},\"sameAs\":[\"https:\\\/\\\/www.facebook.com\\\/eldiario.bolivia\\\/\",\"https:\\\/\\\/x.com\\\/eldiario_net\"]},{\"@type\":\"Person\",\"@id\":\"https:\\\/\\\/www.eldiario.net\\\/portal\\\/#\\\/schema\\\/person\\\/2c57cf2b7a7ae032e449e4c9b1019eac\",\"name\":\"Jeanette\",\"image\":{\"@type\":\"ImageObject\",\"inLanguage\":\"es\",\"@id\":\"https:\\\/\\\/secure.gravatar.com\\\/avatar\\\/3ea2118a5f7dad2b7138b1187a6b7ee55f160b9968b66013c3a3ef39dd7e5798?s=96&d=mm&r=g\",\"url\":\"https:\\\/\\\/secure.gravatar.com\\\/avatar\\\/3ea2118a5f7dad2b7138b1187a6b7ee55f160b9968b66013c3a3ef39dd7e5798?s=96&d=mm&r=g\",\"contentUrl\":\"https:\\\/\\\/secure.gravatar.com\\\/avatar\\\/3ea2118a5f7dad2b7138b1187a6b7ee55f160b9968b66013c3a3ef39dd7e5798?s=96&d=mm&r=g\",\"caption\":\"Jeanette\"},\"sameAs\":[\"https:\\\/\\\/www.eldiario.net\\\/portal\"],\"url\":\"https:\\\/\\\/www.eldiario.net\\\/portal\\\/author\\\/jeanette\\\/\"}]}<\/script>\n<!-- \/ Yoast SEO plugin. -->","yoast_head_json":{"title":"Algunas creencias que fortalecen el valor religioso en Semana Santa - El Diario - Bolivia","robots":{"index":"index","follow":"follow","max-snippet":"max-snippet:-1","max-image-preview":"max-image-preview:large","max-video-preview":"max-video-preview:-1"},"canonical":"https:\/\/www.eldiario.net\/portal\/2025\/04\/18\/algunas-creencias-que-fortalecen-el-valor-religioso-en-semana-santa\/","og_locale":"es_ES","og_type":"article","og_title":"Algunas creencias que fortalecen el valor religioso en Semana Santa - El Diario - Bolivia","og_description":"En Semana Santa, resurge una serie de creencias o leyendas populares que reflejan la cosmovisi\u00f3n religiosa y cultural de diversas comunidades ecuatorianas. En distintas zonas de Manab\u00ed, se mantienen vivas una serie de creencias populares que reflejan la profunda religiosidad de sus habitantes. Estas pr\u00e1cticas, en su mayor\u00eda transmitidas por generaciones, est\u00e1n cargadas de simbolismo [&hellip;]","og_url":"https:\/\/www.eldiario.net\/portal\/2025\/04\/18\/algunas-creencias-que-fortalecen-el-valor-religioso-en-semana-santa\/","og_site_name":"El Diario - Bolivia","article_publisher":"https:\/\/www.facebook.com\/eldiario.bolivia\/","article_published_time":"2025-04-18T10:40:33+00:00","og_image":[{"width":1024,"height":683,"url":"https:\/\/www.eldiario.net\/portal\/wp-content\/uploads\/2025\/04\/SEMANA-El-Diario-Ecuador.webp","type":"image\/webp"}],"author":"Jeanette","twitter_card":"summary_large_image","twitter_creator":"@eldiario_net","twitter_site":"@eldiario_net","twitter_misc":{"Escrito por":"Jeanette","Tiempo de lectura":"3 minutos"},"schema":{"@context":"https:\/\/schema.org","@graph":[{"@type":"Article","@id":"https:\/\/www.eldiario.net\/portal\/2025\/04\/18\/algunas-creencias-que-fortalecen-el-valor-religioso-en-semana-santa\/#article","isPartOf":{"@id":"https:\/\/www.eldiario.net\/portal\/2025\/04\/18\/algunas-creencias-que-fortalecen-el-valor-religioso-en-semana-santa\/"},"author":{"name":"Jeanette","@id":"https:\/\/www.eldiario.net\/portal\/#\/schema\/person\/2c57cf2b7a7ae032e449e4c9b1019eac"},"headline":"Algunas creencias que fortalecen el valor religioso en Semana Santa","datePublished":"2025-04-18T10:40:33+00:00","mainEntityOfPage":{"@id":"https:\/\/www.eldiario.net\/portal\/2025\/04\/18\/algunas-creencias-que-fortalecen-el-valor-religioso-en-semana-santa\/"},"wordCount":520,"publisher":{"@id":"https:\/\/www.eldiario.net\/portal\/#organization"},"image":{"@id":"https:\/\/www.eldiario.net\/portal\/2025\/04\/18\/algunas-creencias-que-fortalecen-el-valor-religioso-en-semana-santa\/#primaryimage"},"thumbnailUrl":"https:\/\/www.eldiario.net\/portal\/wp-content\/uploads\/2025\/04\/SEMANA-El-Diario-Ecuador.webp","articleSection":["Internacional"],"inLanguage":"es"},{"@type":"WebPage","@id":"https:\/\/www.eldiario.net\/portal\/2025\/04\/18\/algunas-creencias-que-fortalecen-el-valor-religioso-en-semana-santa\/","url":"https:\/\/www.eldiario.net\/portal\/2025\/04\/18\/algunas-creencias-que-fortalecen-el-valor-religioso-en-semana-santa\/","name":"Algunas creencias que fortalecen el valor religioso en Semana Santa - El Diario - Bolivia","isPartOf":{"@id":"https:\/\/www.eldiario.net\/portal\/#website"},"primaryImageOfPage":{"@id":"https:\/\/www.eldiario.net\/portal\/2025\/04\/18\/algunas-creencias-que-fortalecen-el-valor-religioso-en-semana-santa\/#primaryimage"},"image":{"@id":"https:\/\/www.eldiario.net\/portal\/2025\/04\/18\/algunas-creencias-que-fortalecen-el-valor-religioso-en-semana-santa\/#primaryimage"},"thumbnailUrl":"https:\/\/www.eldiario.net\/portal\/wp-content\/uploads\/2025\/04\/SEMANA-El-Diario-Ecuador.webp","datePublished":"2025-04-18T10:40:33+00:00","breadcrumb":{"@id":"https:\/\/www.eldiario.net\/portal\/2025\/04\/18\/algunas-creencias-que-fortalecen-el-valor-religioso-en-semana-santa\/#breadcrumb"},"inLanguage":"es","potentialAction":[{"@type":"ReadAction","target":["https:\/\/www.eldiario.net\/portal\/2025\/04\/18\/algunas-creencias-que-fortalecen-el-valor-religioso-en-semana-santa\/"]}]},{"@type":"ImageObject","inLanguage":"es","@id":"https:\/\/www.eldiario.net\/portal\/2025\/04\/18\/algunas-creencias-que-fortalecen-el-valor-religioso-en-semana-santa\/#primaryimage","url":"https:\/\/www.eldiario.net\/portal\/wp-content\/uploads\/2025\/04\/SEMANA-El-Diario-Ecuador.webp","contentUrl":"https:\/\/www.eldiario.net\/portal\/wp-content\/uploads\/2025\/04\/SEMANA-El-Diario-Ecuador.webp","width":1024,"height":683,"caption":"Las creencias y costumbres en torno a la Semana Santa son parte de la identidad manabita."},{"@type":"BreadcrumbList","@id":"https:\/\/www.eldiario.net\/portal\/2025\/04\/18\/algunas-creencias-que-fortalecen-el-valor-religioso-en-semana-santa\/#breadcrumb","itemListElement":[{"@type":"ListItem","position":1,"name":"Portada","item":"https:\/\/www.eldiario.net\/portal\/"},{"@type":"ListItem","position":2,"name":"Algunas creencias que fortalecen el valor religioso en Semana Santa"}]},{"@type":"WebSite","@id":"https:\/\/www.eldiario.net\/portal\/#website","url":"https:\/\/www.eldiario.net\/portal\/","name":"El Diario - Decano de la prensa nacional","description":"El Diario - Decano de la prensa nacional","publisher":{"@id":"https:\/\/www.eldiario.net\/portal\/#organization"},"potentialAction":[{"@type":"SearchAction","target":{"@type":"EntryPoint","urlTemplate":"https:\/\/www.eldiario.net\/portal\/?s={search_term_string}"},"query-input":{"@type":"PropertyValueSpecification","valueRequired":true,"valueName":"search_term_string"}}],"inLanguage":"es"},{"@type":"Organization","@id":"https:\/\/www.eldiario.net\/portal\/#organization","name":"El Diario - Decano de la prensa nacional","url":"https:\/\/www.eldiario.net\/portal\/","logo":{"@type":"ImageObject","inLanguage":"es","@id":"https:\/\/www.eldiario.net\/portal\/#\/schema\/logo\/image\/","url":"https:\/\/www.eldiario.net\/portal\/wp-content\/uploads\/2023\/07\/logo_ED.jpg","contentUrl":"https:\/\/www.eldiario.net\/portal\/wp-content\/uploads\/2023\/07\/logo_ED.jpg","width":272,"height":52,"caption":"El Diario - Decano de la prensa nacional"},"image":{"@id":"https:\/\/www.eldiario.net\/portal\/#\/schema\/logo\/image\/"},"sameAs":["https:\/\/www.facebook.com\/eldiario.bolivia\/","https:\/\/x.com\/eldiario_net"]},{"@type":"Person","@id":"https:\/\/www.eldiario.net\/portal\/#\/schema\/person\/2c57cf2b7a7ae032e449e4c9b1019eac","name":"Jeanette","image":{"@type":"ImageObject","inLanguage":"es","@id":"https:\/\/secure.gravatar.com\/avatar\/3ea2118a5f7dad2b7138b1187a6b7ee55f160b9968b66013c3a3ef39dd7e5798?s=96&d=mm&r=g","url":"https:\/\/secure.gravatar.com\/avatar\/3ea2118a5f7dad2b7138b1187a6b7ee55f160b9968b66013c3a3ef39dd7e5798?s=96&d=mm&r=g","contentUrl":"https:\/\/secure.gravatar.com\/avatar\/3ea2118a5f7dad2b7138b1187a6b7ee55f160b9968b66013c3a3ef39dd7e5798?s=96&d=mm&r=g","caption":"Jeanette"},"sameAs":["https:\/\/www.eldiario.net\/portal"],"url":"https:\/\/www.eldiario.net\/portal\/author\/jeanette\/"}]}},"_links":{"self":[{"href":"https:\/\/www.eldiario.net\/portal\/wp-json\/wp\/v2\/posts\/296214","targetHints":{"allow":["GET"]}}],"collection":[{"href":"https:\/\/www.eldiario.net\/portal\/wp-json\/wp\/v2\/posts"}],"about":[{"href":"https:\/\/www.eldiario.net\/portal\/wp-json\/wp\/v2\/types\/post"}],"author":[{"embeddable":true,"href":"https:\/\/www.eldiario.net\/portal\/wp-json\/wp\/v2\/users\/1"}],"replies":[{"embeddable":true,"href":"https:\/\/www.eldiario.net\/portal\/wp-json\/wp\/v2\/comments?post=296214"}],"version-history":[{"count":1,"href":"https:\/\/www.eldiario.net\/portal\/wp-json\/wp\/v2\/posts\/296214\/revisions"}],"predecessor-version":[{"id":296216,"href":"https:\/\/www.eldiario.net\/portal\/wp-json\/wp\/v2\/posts\/296214\/revisions\/296216"}],"wp:featuredmedia":[{"embeddable":true,"href":"https:\/\/www.eldiario.net\/portal\/wp-json\/wp\/v2\/media\/296215"}],"wp:attachment":[{"href":"https:\/\/www.eldiario.net\/portal\/wp-json\/wp\/v2\/media?parent=296214"}],"wp:term":[{"taxonomy":"category","embeddable":true,"href":"https:\/\/www.eldiario.net\/portal\/wp-json\/wp\/v2\/categories?post=296214"},{"taxonomy":"post_tag","embeddable":true,"href":"https:\/\/www.eldiario.net\/portal\/wp-json\/wp\/v2\/tags?post=296214"}],"curies":[{"name":"wp","href":"https:\/\/api.w.org\/{rel}","templated":true}]}}