{"id":296211,"date":"2025-04-18T06:39:44","date_gmt":"2025-04-18T10:39:44","guid":{"rendered":"https:\/\/www.eldiario.net\/portal\/?p=296211"},"modified":"2025-04-18T06:39:44","modified_gmt":"2025-04-18T10:39:44","slug":"denuncian-que-ley-de-congelamiento-de-tarifa-promueve-incremento-del-pasaje","status":"publish","type":"post","link":"https:\/\/www.eldiario.net\/portal\/2025\/04\/18\/denuncian-que-ley-de-congelamiento-de-tarifa-promueve-incremento-del-pasaje\/","title":{"rendered":"Denuncian que Ley de Congelamiento de Tarifa promueve incremento del pasaje"},"content":{"rendered":"<p>El representante de la Federaci\u00f3n de Juntas Vecinales (Fejuve) de La Paz, Jorge Paredes, alert\u00f3 sobre un posible incremento en el costo de los pasajes del transporte pace\u00f1o si es que se aprueba el proyecto de Ley de Congelamiento de Tarifa promovido por la presidenta del Concejo Municipal, Lourdes Chambilla. A su criterio, esta norma busca solicitar un nuevo estudio de costos al Ejecutivo Municipal, lo que podr\u00eda llevar a un incremento en las tarifas tras la determinaci\u00f3n del aumento salarial y el cambio actual del d\u00f3lar.<br \/>\n\u201cQueremos denunciar al pueblo pace\u00f1o que la se\u00f1ora (Lourdes) Chambilla y la bancada del Movimiento al Socialismo (MAS) en el Concejo Municipal est\u00e1n pretendiendo elevar la tarifa en el transporte p\u00fablico a trav\u00e9s del proyecto de ley 552, donde se pide al Ejecutivo Municipal un nuevo estudio de costos una vez que el Gobierno determine, dice, el incremento salarial\u201d, apunt\u00f3 el dirigente vecinal.<br \/>\nExplic\u00f3 que, a su entender, la norma implica un doble sentido; uno, que hace ilusionar en que se mantendr\u00eda la tarifa en Bs 2 y lo segundo; involucra que \u201cposiblemente se dispare con este estudio de costos la elevaci\u00f3n de la tarifa del transporte p\u00fablico\u201d.<br \/>\n\u201cEn ese sentido, estamos denunciando a la opini\u00f3n p\u00fablica de que esta norma tiene doble filo (\u2026) en el estudio del costo se va a ver muchas situaciones como la elevaci\u00f3n de productos de la canasta familiar, el d\u00f3lar que ha subido y el incremento salarial\u201d, reiter\u00f3.<br \/>\nAdem\u00e1s, sostuvo que una posible alza en el costo de los pasajes implicar\u00eda el incremento de los precios de la canasta familiar.<\/p>\n<p>DENUNCIA<br \/>\nPor otro lado, la presidenta del Concejo Municipal, Lourdes Chambilla, ratific\u00f3 su denuncia contra el alcalde de La Paz, Iv\u00e1n Arias, por incumplimiento de deberes, acus\u00e1ndolo de obstaculizar los procesos de fiscalizaci\u00f3n establecidos en la Ley 499.<br \/>\nSeg\u00fan la concejal, el burgomaestre se niega a brindar informaci\u00f3n al pleno y no acat\u00f3 la destituci\u00f3n de funcionarios censurados.<br \/>\n\u201cHay una ley de fiscalizaci\u00f3n, el alcalde no permite que se le fiscalice (\u2026). Hay una ley del 2022 que es la Ley de Fiscalizaci\u00f3n 499 donde indica que los concejales tienen la potestad de destituir autoridades que no cumplan toda la informaci\u00f3n que nosotros requerimos\u201d, recalc\u00f3 Chambilla, al salir de instalaciones de la Fuerza Especial de Lucha Contra el Crimen (Felcc) de La Paz, tras ratificar su denuncia.<br \/>\nAcot\u00f3 que, bajo esa norma, se pidi\u00f3 la destituci\u00f3n de un funcionario, sin embargo, \u00e9ste contin\u00faa trabajando en la Alcald\u00eda \u201cy la ley 499 se\u00f1ala que tiene que ser destituido inmediatamente\u201d.<\/p>\n","protected":false},"excerpt":{"rendered":"<p>El representante de la Federaci\u00f3n de Juntas Vecinales (Fejuve) de La Paz, Jorge Paredes, alert\u00f3 sobre un posible incremento en el costo de los pasajes del transporte pace\u00f1o si es que se aprueba el proyecto de Ley de Congelamiento de Tarifa promovido por la presidenta del Concejo Municipal, Lourdes Chambilla. A su criterio, esta norma [&hellip;]<\/p>\n","protected":false},"author":1,"featured_media":296212,"comment_status":"closed","ping_status":"open","sticky":false,"template":"","format":"standard","meta":{"_acf_changed":false,"footnotes":""},"categories":[12],"tags":[],"class_list":["post-296211","post","type-post","status-publish","format-standard","has-post-thumbnail","category-nacional"],"acf":{"antetitulo":""},"yoast_head":"<!-- This site is optimized with the Yoast SEO plugin v28.4 - https:\/\/yoast.com\/product\/yoast-seo-wordpress\/ -->\n<title>Denuncian que Ley de Congelamiento de Tarifa promueve incremento del pasaje - El Diario - Bolivia<\/title>\n<meta name=\"robots\" content=\"index, follow, max-snippet:-1, max-image-preview:large, max-video-preview:-1\" \/>\n<link rel=\"canonical\" href=\"https:\/\/www.eldiario.net\/portal\/2025\/04\/18\/denuncian-que-ley-de-congelamiento-de-tarifa-promueve-incremento-del-pasaje\/\" \/>\n<meta property=\"og:locale\" content=\"es_ES\" \/>\n<meta property=\"og:type\" content=\"article\" \/>\n<meta property=\"og:title\" content=\"Denuncian que Ley de Congelamiento de Tarifa promueve incremento del pasaje - El Diario - Bolivia\" \/>\n<meta property=\"og:description\" content=\"El representante de la Federaci\u00f3n de Juntas Vecinales (Fejuve) de La Paz, Jorge Paredes, alert\u00f3 sobre un posible incremento en el costo de los pasajes del transporte pace\u00f1o si es que se aprueba el proyecto de Ley de Congelamiento de Tarifa promovido por la presidenta del Concejo Municipal, Lourdes Chambilla. A su criterio, esta norma [&hellip;]\" \/>\n<meta property=\"og:url\" content=\"https:\/\/www.eldiario.net\/portal\/2025\/04\/18\/denuncian-que-ley-de-congelamiento-de-tarifa-promueve-incremento-del-pasaje\/\" \/>\n<meta property=\"og:site_name\" content=\"El Diario - Bolivia\" \/>\n<meta property=\"article:publisher\" content=\"https:\/\/www.facebook.com\/eldiario.bolivia\/\" \/>\n<meta property=\"article:published_time\" content=\"2025-04-18T10:39:44+00:00\" \/>\n<meta property=\"og:image\" content=\"https:\/\/www.eldiario.net\/portal\/wp-content\/uploads\/2025\/04\/F-1-pasajes.jpg\" \/>\n\t<meta property=\"og:image:width\" content=\"1280\" \/>\n\t<meta property=\"og:image:height\" content=\"853\" \/>\n\t<meta property=\"og:image:type\" content=\"image\/jpeg\" \/>\n<meta name=\"author\" content=\"Jeanette\" \/>\n<meta name=\"twitter:card\" content=\"summary_large_image\" \/>\n<meta name=\"twitter:creator\" content=\"@eldiario_net\" \/>\n<meta name=\"twitter:site\" content=\"@eldiario_net\" \/>\n<meta name=\"twitter:label1\" content=\"Escrito por\" \/>\n\t<meta name=\"twitter:data1\" content=\"Jeanette\" \/>\n\t<meta name=\"twitter:label2\" content=\"Tiempo de lectura\" \/>\n\t<meta name=\"twitter:data2\" content=\"3 minutos\" \/>\n<script type=\"application\/ld+json\" class=\"yoast-schema-graph\">{\"@context\":\"https:\\\/\\\/schema.org\",\"@graph\":[{\"@type\":\"Article\",\"@id\":\"https:\\\/\\\/www.eldiario.net\\\/portal\\\/2025\\\/04\\\/18\\\/denuncian-que-ley-de-congelamiento-de-tarifa-promueve-incremento-del-pasaje\\\/#article\",\"isPartOf\":{\"@id\":\"https:\\\/\\\/www.eldiario.net\\\/portal\\\/2025\\\/04\\\/18\\\/denuncian-que-ley-de-congelamiento-de-tarifa-promueve-incremento-del-pasaje\\\/\"},\"author\":{\"name\":\"Jeanette\",\"@id\":\"https:\\\/\\\/www.eldiario.net\\\/portal\\\/#\\\/schema\\\/person\\\/2c57cf2b7a7ae032e449e4c9b1019eac\"},\"headline\":\"Denuncian que Ley de Congelamiento de Tarifa promueve incremento del pasaje\",\"datePublished\":\"2025-04-18T10:39:44+00:00\",\"mainEntityOfPage\":{\"@id\":\"https:\\\/\\\/www.eldiario.net\\\/portal\\\/2025\\\/04\\\/18\\\/denuncian-que-ley-de-congelamiento-de-tarifa-promueve-incremento-del-pasaje\\\/\"},\"wordCount\":457,\"publisher\":{\"@id\":\"https:\\\/\\\/www.eldiario.net\\\/portal\\\/#organization\"},\"image\":{\"@id\":\"https:\\\/\\\/www.eldiario.net\\\/portal\\\/2025\\\/04\\\/18\\\/denuncian-que-ley-de-congelamiento-de-tarifa-promueve-incremento-del-pasaje\\\/#primaryimage\"},\"thumbnailUrl\":\"https:\\\/\\\/www.eldiario.net\\\/portal\\\/wp-content\\\/uploads\\\/2025\\\/04\\\/F-1-pasajes.jpg\",\"articleSection\":[\"Nacional\"],\"inLanguage\":\"es\"},{\"@type\":\"WebPage\",\"@id\":\"https:\\\/\\\/www.eldiario.net\\\/portal\\\/2025\\\/04\\\/18\\\/denuncian-que-ley-de-congelamiento-de-tarifa-promueve-incremento-del-pasaje\\\/\",\"url\":\"https:\\\/\\\/www.eldiario.net\\\/portal\\\/2025\\\/04\\\/18\\\/denuncian-que-ley-de-congelamiento-de-tarifa-promueve-incremento-del-pasaje\\\/\",\"name\":\"Denuncian que Ley de Congelamiento de Tarifa promueve incremento del pasaje - El Diario - Bolivia\",\"isPartOf\":{\"@id\":\"https:\\\/\\\/www.eldiario.net\\\/portal\\\/#website\"},\"primaryImageOfPage\":{\"@id\":\"https:\\\/\\\/www.eldiario.net\\\/portal\\\/2025\\\/04\\\/18\\\/denuncian-que-ley-de-congelamiento-de-tarifa-promueve-incremento-del-pasaje\\\/#primaryimage\"},\"image\":{\"@id\":\"https:\\\/\\\/www.eldiario.net\\\/portal\\\/2025\\\/04\\\/18\\\/denuncian-que-ley-de-congelamiento-de-tarifa-promueve-incremento-del-pasaje\\\/#primaryimage\"},\"thumbnailUrl\":\"https:\\\/\\\/www.eldiario.net\\\/portal\\\/wp-content\\\/uploads\\\/2025\\\/04\\\/F-1-pasajes.jpg\",\"datePublished\":\"2025-04-18T10:39:44+00:00\",\"breadcrumb\":{\"@id\":\"https:\\\/\\\/www.eldiario.net\\\/portal\\\/2025\\\/04\\\/18\\\/denuncian-que-ley-de-congelamiento-de-tarifa-promueve-incremento-del-pasaje\\\/#breadcrumb\"},\"inLanguage\":\"es\",\"potentialAction\":[{\"@type\":\"ReadAction\",\"target\":[\"https:\\\/\\\/www.eldiario.net\\\/portal\\\/2025\\\/04\\\/18\\\/denuncian-que-ley-de-congelamiento-de-tarifa-promueve-incremento-del-pasaje\\\/\"]}]},{\"@type\":\"ImageObject\",\"inLanguage\":\"es\",\"@id\":\"https:\\\/\\\/www.eldiario.net\\\/portal\\\/2025\\\/04\\\/18\\\/denuncian-que-ley-de-congelamiento-de-tarifa-promueve-incremento-del-pasaje\\\/#primaryimage\",\"url\":\"https:\\\/\\\/www.eldiario.net\\\/portal\\\/wp-content\\\/uploads\\\/2025\\\/04\\\/F-1-pasajes.jpg\",\"contentUrl\":\"https:\\\/\\\/www.eldiario.net\\\/portal\\\/wp-content\\\/uploads\\\/2025\\\/04\\\/F-1-pasajes.jpg\",\"width\":1280,\"height\":853,\"caption\":\"El costo de los pasajes contin\u00faa en discusi\u00f3n, unos piden retornar a los Bs 2 y otros continuar con la \u00faltima tarifa de Bs 2.40.\"},{\"@type\":\"BreadcrumbList\",\"@id\":\"https:\\\/\\\/www.eldiario.net\\\/portal\\\/2025\\\/04\\\/18\\\/denuncian-que-ley-de-congelamiento-de-tarifa-promueve-incremento-del-pasaje\\\/#breadcrumb\",\"itemListElement\":[{\"@type\":\"ListItem\",\"position\":1,\"name\":\"Portada\",\"item\":\"https:\\\/\\\/www.eldiario.net\\\/portal\\\/\"},{\"@type\":\"ListItem\",\"position\":2,\"name\":\"Denuncian que Ley de Congelamiento de Tarifa promueve incremento del pasaje\"}]},{\"@type\":\"WebSite\",\"@id\":\"https:\\\/\\\/www.eldiario.net\\\/portal\\\/#website\",\"url\":\"https:\\\/\\\/www.eldiario.net\\\/portal\\\/\",\"name\":\"El Diario - Decano de la prensa nacional\",\"description\":\"El Diario - Decano de la prensa nacional\",\"publisher\":{\"@id\":\"https:\\\/\\\/www.eldiario.net\\\/portal\\\/#organization\"},\"potentialAction\":[{\"@type\":\"SearchAction\",\"target\":{\"@type\":\"EntryPoint\",\"urlTemplate\":\"https:\\\/\\\/www.eldiario.net\\\/portal\\\/?s={search_term_string}\"},\"query-input\":{\"@type\":\"PropertyValueSpecification\",\"valueRequired\":true,\"valueName\":\"search_term_string\"}}],\"inLanguage\":\"es\"},{\"@type\":\"Organization\",\"@id\":\"https:\\\/\\\/www.eldiario.net\\\/portal\\\/#organization\",\"name\":\"El Diario - Decano de la prensa nacional\",\"url\":\"https:\\\/\\\/www.eldiario.net\\\/portal\\\/\",\"logo\":{\"@type\":\"ImageObject\",\"inLanguage\":\"es\",\"@id\":\"https:\\\/\\\/www.eldiario.net\\\/portal\\\/#\\\/schema\\\/logo\\\/image\\\/\",\"url\":\"https:\\\/\\\/www.eldiario.net\\\/portal\\\/wp-content\\\/uploads\\\/2023\\\/07\\\/logo_ED.jpg\",\"contentUrl\":\"https:\\\/\\\/www.eldiario.net\\\/portal\\\/wp-content\\\/uploads\\\/2023\\\/07\\\/logo_ED.jpg\",\"width\":272,\"height\":52,\"caption\":\"El Diario - Decano de la prensa nacional\"},\"image\":{\"@id\":\"https:\\\/\\\/www.eldiario.net\\\/portal\\\/#\\\/schema\\\/logo\\\/image\\\/\"},\"sameAs\":[\"https:\\\/\\\/www.facebook.com\\\/eldiario.bolivia\\\/\",\"https:\\\/\\\/x.com\\\/eldiario_net\"]},{\"@type\":\"Person\",\"@id\":\"https:\\\/\\\/www.eldiario.net\\\/portal\\\/#\\\/schema\\\/person\\\/2c57cf2b7a7ae032e449e4c9b1019eac\",\"name\":\"Jeanette\",\"image\":{\"@type\":\"ImageObject\",\"inLanguage\":\"es\",\"@id\":\"https:\\\/\\\/secure.gravatar.com\\\/avatar\\\/3ea2118a5f7dad2b7138b1187a6b7ee55f160b9968b66013c3a3ef39dd7e5798?s=96&d=mm&r=g\",\"url\":\"https:\\\/\\\/secure.gravatar.com\\\/avatar\\\/3ea2118a5f7dad2b7138b1187a6b7ee55f160b9968b66013c3a3ef39dd7e5798?s=96&d=mm&r=g\",\"contentUrl\":\"https:\\\/\\\/secure.gravatar.com\\\/avatar\\\/3ea2118a5f7dad2b7138b1187a6b7ee55f160b9968b66013c3a3ef39dd7e5798?s=96&d=mm&r=g\",\"caption\":\"Jeanette\"},\"sameAs\":[\"https:\\\/\\\/www.eldiario.net\\\/portal\"],\"url\":\"https:\\\/\\\/www.eldiario.net\\\/portal\\\/author\\\/jeanette\\\/\"}]}<\/script>\n<!-- \/ Yoast SEO plugin. -->","yoast_head_json":{"title":"Denuncian que Ley de Congelamiento de Tarifa promueve incremento del pasaje - El Diario - Bolivia","robots":{"index":"index","follow":"follow","max-snippet":"max-snippet:-1","max-image-preview":"max-image-preview:large","max-video-preview":"max-video-preview:-1"},"canonical":"https:\/\/www.eldiario.net\/portal\/2025\/04\/18\/denuncian-que-ley-de-congelamiento-de-tarifa-promueve-incremento-del-pasaje\/","og_locale":"es_ES","og_type":"article","og_title":"Denuncian que Ley de Congelamiento de Tarifa promueve incremento del pasaje - El Diario - Bolivia","og_description":"El representante de la Federaci\u00f3n de Juntas Vecinales (Fejuve) de La Paz, Jorge Paredes, alert\u00f3 sobre un posible incremento en el costo de los pasajes del transporte pace\u00f1o si es que se aprueba el proyecto de Ley de Congelamiento de Tarifa promovido por la presidenta del Concejo Municipal, Lourdes Chambilla. A su criterio, esta norma [&hellip;]","og_url":"https:\/\/www.eldiario.net\/portal\/2025\/04\/18\/denuncian-que-ley-de-congelamiento-de-tarifa-promueve-incremento-del-pasaje\/","og_site_name":"El Diario - Bolivia","article_publisher":"https:\/\/www.facebook.com\/eldiario.bolivia\/","article_published_time":"2025-04-18T10:39:44+00:00","og_image":[{"width":1280,"height":853,"url":"https:\/\/www.eldiario.net\/portal\/wp-content\/uploads\/2025\/04\/F-1-pasajes.jpg","type":"image\/jpeg"}],"author":"Jeanette","twitter_card":"summary_large_image","twitter_creator":"@eldiario_net","twitter_site":"@eldiario_net","twitter_misc":{"Escrito por":"Jeanette","Tiempo de lectura":"3 minutos"},"schema":{"@context":"https:\/\/schema.org","@graph":[{"@type":"Article","@id":"https:\/\/www.eldiario.net\/portal\/2025\/04\/18\/denuncian-que-ley-de-congelamiento-de-tarifa-promueve-incremento-del-pasaje\/#article","isPartOf":{"@id":"https:\/\/www.eldiario.net\/portal\/2025\/04\/18\/denuncian-que-ley-de-congelamiento-de-tarifa-promueve-incremento-del-pasaje\/"},"author":{"name":"Jeanette","@id":"https:\/\/www.eldiario.net\/portal\/#\/schema\/person\/2c57cf2b7a7ae032e449e4c9b1019eac"},"headline":"Denuncian que Ley de Congelamiento de Tarifa promueve incremento del pasaje","datePublished":"2025-04-18T10:39:44+00:00","mainEntityOfPage":{"@id":"https:\/\/www.eldiario.net\/portal\/2025\/04\/18\/denuncian-que-ley-de-congelamiento-de-tarifa-promueve-incremento-del-pasaje\/"},"wordCount":457,"publisher":{"@id":"https:\/\/www.eldiario.net\/portal\/#organization"},"image":{"@id":"https:\/\/www.eldiario.net\/portal\/2025\/04\/18\/denuncian-que-ley-de-congelamiento-de-tarifa-promueve-incremento-del-pasaje\/#primaryimage"},"thumbnailUrl":"https:\/\/www.eldiario.net\/portal\/wp-content\/uploads\/2025\/04\/F-1-pasajes.jpg","articleSection":["Nacional"],"inLanguage":"es"},{"@type":"WebPage","@id":"https:\/\/www.eldiario.net\/portal\/2025\/04\/18\/denuncian-que-ley-de-congelamiento-de-tarifa-promueve-incremento-del-pasaje\/","url":"https:\/\/www.eldiario.net\/portal\/2025\/04\/18\/denuncian-que-ley-de-congelamiento-de-tarifa-promueve-incremento-del-pasaje\/","name":"Denuncian que Ley de Congelamiento de Tarifa promueve incremento del pasaje - El Diario - Bolivia","isPartOf":{"@id":"https:\/\/www.eldiario.net\/portal\/#website"},"primaryImageOfPage":{"@id":"https:\/\/www.eldiario.net\/portal\/2025\/04\/18\/denuncian-que-ley-de-congelamiento-de-tarifa-promueve-incremento-del-pasaje\/#primaryimage"},"image":{"@id":"https:\/\/www.eldiario.net\/portal\/2025\/04\/18\/denuncian-que-ley-de-congelamiento-de-tarifa-promueve-incremento-del-pasaje\/#primaryimage"},"thumbnailUrl":"https:\/\/www.eldiario.net\/portal\/wp-content\/uploads\/2025\/04\/F-1-pasajes.jpg","datePublished":"2025-04-18T10:39:44+00:00","breadcrumb":{"@id":"https:\/\/www.eldiario.net\/portal\/2025\/04\/18\/denuncian-que-ley-de-congelamiento-de-tarifa-promueve-incremento-del-pasaje\/#breadcrumb"},"inLanguage":"es","potentialAction":[{"@type":"ReadAction","target":["https:\/\/www.eldiario.net\/portal\/2025\/04\/18\/denuncian-que-ley-de-congelamiento-de-tarifa-promueve-incremento-del-pasaje\/"]}]},{"@type":"ImageObject","inLanguage":"es","@id":"https:\/\/www.eldiario.net\/portal\/2025\/04\/18\/denuncian-que-ley-de-congelamiento-de-tarifa-promueve-incremento-del-pasaje\/#primaryimage","url":"https:\/\/www.eldiario.net\/portal\/wp-content\/uploads\/2025\/04\/F-1-pasajes.jpg","contentUrl":"https:\/\/www.eldiario.net\/portal\/wp-content\/uploads\/2025\/04\/F-1-pasajes.jpg","width":1280,"height":853,"caption":"El costo de los pasajes contin\u00faa en discusi\u00f3n, unos piden retornar a los Bs 2 y otros continuar con la \u00faltima tarifa de Bs 2.40."},{"@type":"BreadcrumbList","@id":"https:\/\/www.eldiario.net\/portal\/2025\/04\/18\/denuncian-que-ley-de-congelamiento-de-tarifa-promueve-incremento-del-pasaje\/#breadcrumb","itemListElement":[{"@type":"ListItem","position":1,"name":"Portada","item":"https:\/\/www.eldiario.net\/portal\/"},{"@type":"ListItem","position":2,"name":"Denuncian que Ley de Congelamiento de Tarifa promueve incremento del pasaje"}]},{"@type":"WebSite","@id":"https:\/\/www.eldiario.net\/portal\/#website","url":"https:\/\/www.eldiario.net\/portal\/","name":"El Diario - Decano de la prensa nacional","description":"El Diario - Decano de la prensa nacional","publisher":{"@id":"https:\/\/www.eldiario.net\/portal\/#organization"},"potentialAction":[{"@type":"SearchAction","target":{"@type":"EntryPoint","urlTemplate":"https:\/\/www.eldiario.net\/portal\/?s={search_term_string}"},"query-input":{"@type":"PropertyValueSpecification","valueRequired":true,"valueName":"search_term_string"}}],"inLanguage":"es"},{"@type":"Organization","@id":"https:\/\/www.eldiario.net\/portal\/#organization","name":"El Diario - Decano de la prensa nacional","url":"https:\/\/www.eldiario.net\/portal\/","logo":{"@type":"ImageObject","inLanguage":"es","@id":"https:\/\/www.eldiario.net\/portal\/#\/schema\/logo\/image\/","url":"https:\/\/www.eldiario.net\/portal\/wp-content\/uploads\/2023\/07\/logo_ED.jpg","contentUrl":"https:\/\/www.eldiario.net\/portal\/wp-content\/uploads\/2023\/07\/logo_ED.jpg","width":272,"height":52,"caption":"El Diario - Decano de la prensa nacional"},"image":{"@id":"https:\/\/www.eldiario.net\/portal\/#\/schema\/logo\/image\/"},"sameAs":["https:\/\/www.facebook.com\/eldiario.bolivia\/","https:\/\/x.com\/eldiario_net"]},{"@type":"Person","@id":"https:\/\/www.eldiario.net\/portal\/#\/schema\/person\/2c57cf2b7a7ae032e449e4c9b1019eac","name":"Jeanette","image":{"@type":"ImageObject","inLanguage":"es","@id":"https:\/\/secure.gravatar.com\/avatar\/3ea2118a5f7dad2b7138b1187a6b7ee55f160b9968b66013c3a3ef39dd7e5798?s=96&d=mm&r=g","url":"https:\/\/secure.gravatar.com\/avatar\/3ea2118a5f7dad2b7138b1187a6b7ee55f160b9968b66013c3a3ef39dd7e5798?s=96&d=mm&r=g","contentUrl":"https:\/\/secure.gravatar.com\/avatar\/3ea2118a5f7dad2b7138b1187a6b7ee55f160b9968b66013c3a3ef39dd7e5798?s=96&d=mm&r=g","caption":"Jeanette"},"sameAs":["https:\/\/www.eldiario.net\/portal"],"url":"https:\/\/www.eldiario.net\/portal\/author\/jeanette\/"}]}},"_links":{"self":[{"href":"https:\/\/www.eldiario.net\/portal\/wp-json\/wp\/v2\/posts\/296211","targetHints":{"allow":["GET"]}}],"collection":[{"href":"https:\/\/www.eldiario.net\/portal\/wp-json\/wp\/v2\/posts"}],"about":[{"href":"https:\/\/www.eldiario.net\/portal\/wp-json\/wp\/v2\/types\/post"}],"author":[{"embeddable":true,"href":"https:\/\/www.eldiario.net\/portal\/wp-json\/wp\/v2\/users\/1"}],"replies":[{"embeddable":true,"href":"https:\/\/www.eldiario.net\/portal\/wp-json\/wp\/v2\/comments?post=296211"}],"version-history":[{"count":1,"href":"https:\/\/www.eldiario.net\/portal\/wp-json\/wp\/v2\/posts\/296211\/revisions"}],"predecessor-version":[{"id":296213,"href":"https:\/\/www.eldiario.net\/portal\/wp-json\/wp\/v2\/posts\/296211\/revisions\/296213"}],"wp:featuredmedia":[{"embeddable":true,"href":"https:\/\/www.eldiario.net\/portal\/wp-json\/wp\/v2\/media\/296212"}],"wp:attachment":[{"href":"https:\/\/www.eldiario.net\/portal\/wp-json\/wp\/v2\/media?parent=296211"}],"wp:term":[{"taxonomy":"category","embeddable":true,"href":"https:\/\/www.eldiario.net\/portal\/wp-json\/wp\/v2\/categories?post=296211"},{"taxonomy":"post_tag","embeddable":true,"href":"https:\/\/www.eldiario.net\/portal\/wp-json\/wp\/v2\/tags?post=296211"}],"curies":[{"name":"wp","href":"https:\/\/api.w.org\/{rel}","templated":true}]}}