{"id":296208,"date":"2025-04-18T06:39:17","date_gmt":"2025-04-18T10:39:17","guid":{"rendered":"https:\/\/www.eldiario.net\/portal\/?p=296208"},"modified":"2025-04-18T06:39:17","modified_gmt":"2025-04-18T10:39:17","slug":"anuncian-cierre-de-vias-para-procesiones-del-via-crucis","status":"publish","type":"post","link":"https:\/\/www.eldiario.net\/portal\/2025\/04\/18\/anuncian-cierre-de-vias-para-procesiones-del-via-crucis\/","title":{"rendered":"Anuncian cierre de v\u00edas para procesiones del V\u00eda Crucis"},"content":{"rendered":"<p>La Alcald\u00eda anunci\u00f3 el cierre de algunas calles y avenidas, sobre todo, del centro pace\u00f1o debido a la celebraci\u00f3n de la Procesi\u00f3n del Santo Sepulcro que se realizar\u00e1 esta tarde en la ciudad de La Paz.<br \/>\nEl concejal Javier Escalier explic\u00f3 que hoy los fieles cat\u00f3licos recuerdan la pasi\u00f3n y muerte de Jes\u00fas. \u201cNormalmente en las celebraciones del Viernes Santo hacemos lo que se llama la liturgia de la palabra y la adoraci\u00f3n de la cruz. Es decir, la imagen de Cristo muerto en la cruz y se reza el V\u00eda crucis. En algunas parroquias se realiza la procesi\u00f3n con el Santo Sepulcro\u201d, indic\u00f3.<br \/>\nAdem\u00e1s, desde diferentes templos salen en procesi\u00f3n varias im\u00e1genes que acompa\u00f1an al Santo Sepulcro, entre ellas: el Se\u00f1or de las Ca\u00eddas, el de la Sentencia, Paso del Calvario y la Virgen Dolorosa. La procesi\u00f3n en la que participa mayor cantidad de personas y autoridades es la que parte de la iglesia La Merced, ubicada en el centro pace\u00f1o.<br \/>\nDe ah\u00ed parten, las cinco im\u00e1genes mencionadas. Colocadas en andas que cargan los creyentes. Se prev\u00e9 que el recorrido inicie a las 17:00 p.m., sin embargo, se tiene previsto otras actividades en ese templo, que comenzar\u00e1n a las 8:00 y culminar\u00e1n despu\u00e9s de las 20:00 horas.<br \/>\nPara este tipo de actividades, la comuna pace\u00f1a inform\u00f3 que se cerrar\u00e1n varias v\u00edas en los macrodistritos Centro, Sur y Cotahuma.<br \/>\n\u201cLa primera (procesi\u00f3n) ser\u00e1 en el centro pace\u00f1o que abarca las avenidas Montes, Pando y la avenida de las Mu\u00f1ecas para concluir en la calle Bozo donde se encuentra la iglesia San Sebasti\u00e1n. El inicio de esta procesi\u00f3n est\u00e1 previsto para las 14:00 y concluir\u00e1 a las 17:00 p.m.\u201d, se\u00f1al\u00f3 el jefe de la unidad de Regulaci\u00f3n de la Movilidad, Javier Rivero.<br \/>\nEn tanto, la segunda actividad ser\u00e1 en la zona de Tembladerani del macrodistrito Cotahuma, donde tambi\u00e9n se tiene previsto inicie a las 14:00 y concluya a las 17:00 horas. En este caso, las v\u00edas que cerrar\u00e1n son la avenida Jaimes Freyre y las calles Luis Paz, Alberto Ostria y Jos\u00e9 Saravia.<br \/>\nAsimismo, en el mismo macrodistrito habr\u00e1 otra actividad lit\u00fargica que iniciar\u00e1 en la avenida Buenos Aires y culminar\u00e1 en la calle 3 de Mayo. Ser\u00e1 desde las 15:00 hasta las 18:00 hrs.<br \/>\nEn el Centro, habr\u00e1 dos procesiones, con el mismo trayecto, pero en distinto horario. Ser\u00e1 por las avenidas Busch y H\u00e9roes del Pac\u00edfico, calles Guerrilleros Lanza, Hugo Estrada y Pasoskanki. La primera iniciar\u00e1 a las 16:00 y concluir\u00e1 a las 19:00, la segunda de 18:00 a 20:00 horas.<br \/>\nEn tanto, de 14:00 a 18:00 horas, se tiene previsto que en la zona de Achumani del macrodistrito Sur, decenas de fieles participar\u00e1n de una procesi\u00f3n que recorrer\u00e1 la avenida The Strongest y las calles 16, Ram\u00f3n Arias y 22.<br \/>\nOtra procesi\u00f3n partir\u00e1 de la iglesia El Rosario, por lo que el corte de v\u00edas ser\u00e1 en las calles Illampu; parte de la Sagarnaga, Isaac Tamayo y la avenida Tumusla, de 15:00 a 18:00 p.m.<br \/>\nEn Obrajes, para la procesi\u00f3n de la iglesia del Se\u00f1or de la Exaltaci\u00f3n, el cierre de v\u00edas ser\u00e1 en la avenida H\u00e9ctor Ormachea desde la Calle 5 hasta la 12.<br \/>\nDesde la comuna pace\u00f1a se recomend\u00f3 evitar el tr\u00e1fico vehicular por esos sectores para disminuir los posibles congestionamientos vehiculares.<br \/>\nSe inform\u00f3 que personal de la Guardia Municipal realizar\u00e1 controles en diferentes puntos de cortes de v\u00eda para evitar conflictos y despejar v\u00edas.<\/p>\n","protected":false},"excerpt":{"rendered":"<p>La Alcald\u00eda anunci\u00f3 el cierre de algunas calles y avenidas, sobre todo, del centro pace\u00f1o debido a la celebraci\u00f3n de la Procesi\u00f3n del Santo Sepulcro que se realizar\u00e1 esta tarde en la ciudad de La Paz. El concejal Javier Escalier explic\u00f3 que hoy los fieles cat\u00f3licos recuerdan la pasi\u00f3n y muerte de Jes\u00fas. \u201cNormalmente en [&hellip;]<\/p>\n","protected":false},"author":1,"featured_media":296209,"comment_status":"closed","ping_status":"open","sticky":false,"template":"","format":"standard","meta":{"_acf_changed":false,"footnotes":""},"categories":[12],"tags":[],"class_list":["post-296208","post","type-post","status-publish","format-standard","has-post-thumbnail","category-nacional"],"acf":{"antetitulo":"Viernes Santo"},"yoast_head":"<!-- This site is optimized with the Yoast SEO plugin v28.4 - https:\/\/yoast.com\/product\/yoast-seo-wordpress\/ -->\n<title>Anuncian cierre de v\u00edas para procesiones del V\u00eda Crucis - El Diario - Bolivia<\/title>\n<meta name=\"robots\" content=\"index, follow, max-snippet:-1, max-image-preview:large, max-video-preview:-1\" \/>\n<link rel=\"canonical\" href=\"https:\/\/www.eldiario.net\/portal\/2025\/04\/18\/anuncian-cierre-de-vias-para-procesiones-del-via-crucis\/\" \/>\n<meta property=\"og:locale\" content=\"es_ES\" \/>\n<meta property=\"og:type\" content=\"article\" \/>\n<meta property=\"og:title\" content=\"Anuncian cierre de v\u00edas para procesiones del V\u00eda Crucis - El Diario - Bolivia\" \/>\n<meta property=\"og:description\" content=\"La Alcald\u00eda anunci\u00f3 el cierre de algunas calles y avenidas, sobre todo, del centro pace\u00f1o debido a la celebraci\u00f3n de la Procesi\u00f3n del Santo Sepulcro que se realizar\u00e1 esta tarde en la ciudad de La Paz. El concejal Javier Escalier explic\u00f3 que hoy los fieles cat\u00f3licos recuerdan la pasi\u00f3n y muerte de Jes\u00fas. \u201cNormalmente en [&hellip;]\" \/>\n<meta property=\"og:url\" content=\"https:\/\/www.eldiario.net\/portal\/2025\/04\/18\/anuncian-cierre-de-vias-para-procesiones-del-via-crucis\/\" \/>\n<meta property=\"og:site_name\" content=\"El Diario - Bolivia\" \/>\n<meta property=\"article:publisher\" content=\"https:\/\/www.facebook.com\/eldiario.bolivia\/\" \/>\n<meta property=\"article:published_time\" content=\"2025-04-18T10:39:17+00:00\" \/>\n<meta property=\"og:image\" content=\"https:\/\/www.eldiario.net\/portal\/wp-content\/uploads\/2025\/04\/F-2-vias.jpeg\" \/>\n\t<meta property=\"og:image:width\" content=\"261\" \/>\n\t<meta property=\"og:image:height\" content=\"193\" \/>\n\t<meta property=\"og:image:type\" content=\"image\/jpeg\" \/>\n<meta name=\"author\" content=\"Jeanette\" \/>\n<meta name=\"twitter:card\" content=\"summary_large_image\" \/>\n<meta name=\"twitter:creator\" content=\"@eldiario_net\" \/>\n<meta name=\"twitter:site\" content=\"@eldiario_net\" \/>\n<meta name=\"twitter:label1\" content=\"Escrito por\" \/>\n\t<meta name=\"twitter:data1\" content=\"Jeanette\" \/>\n\t<meta name=\"twitter:label2\" content=\"Tiempo de lectura\" \/>\n\t<meta name=\"twitter:data2\" content=\"3 minutos\" \/>\n<script type=\"application\/ld+json\" class=\"yoast-schema-graph\">{\"@context\":\"https:\\\/\\\/schema.org\",\"@graph\":[{\"@type\":\"Article\",\"@id\":\"https:\\\/\\\/www.eldiario.net\\\/portal\\\/2025\\\/04\\\/18\\\/anuncian-cierre-de-vias-para-procesiones-del-via-crucis\\\/#article\",\"isPartOf\":{\"@id\":\"https:\\\/\\\/www.eldiario.net\\\/portal\\\/2025\\\/04\\\/18\\\/anuncian-cierre-de-vias-para-procesiones-del-via-crucis\\\/\"},\"author\":{\"name\":\"Jeanette\",\"@id\":\"https:\\\/\\\/www.eldiario.net\\\/portal\\\/#\\\/schema\\\/person\\\/2c57cf2b7a7ae032e449e4c9b1019eac\"},\"headline\":\"Anuncian cierre de v\u00edas para procesiones del V\u00eda Crucis\",\"datePublished\":\"2025-04-18T10:39:17+00:00\",\"mainEntityOfPage\":{\"@id\":\"https:\\\/\\\/www.eldiario.net\\\/portal\\\/2025\\\/04\\\/18\\\/anuncian-cierre-de-vias-para-procesiones-del-via-crucis\\\/\"},\"wordCount\":613,\"publisher\":{\"@id\":\"https:\\\/\\\/www.eldiario.net\\\/portal\\\/#organization\"},\"image\":{\"@id\":\"https:\\\/\\\/www.eldiario.net\\\/portal\\\/2025\\\/04\\\/18\\\/anuncian-cierre-de-vias-para-procesiones-del-via-crucis\\\/#primaryimage\"},\"thumbnailUrl\":\"https:\\\/\\\/www.eldiario.net\\\/portal\\\/wp-content\\\/uploads\\\/2025\\\/04\\\/F-2-vias.jpeg\",\"articleSection\":[\"Nacional\"],\"inLanguage\":\"es\"},{\"@type\":\"WebPage\",\"@id\":\"https:\\\/\\\/www.eldiario.net\\\/portal\\\/2025\\\/04\\\/18\\\/anuncian-cierre-de-vias-para-procesiones-del-via-crucis\\\/\",\"url\":\"https:\\\/\\\/www.eldiario.net\\\/portal\\\/2025\\\/04\\\/18\\\/anuncian-cierre-de-vias-para-procesiones-del-via-crucis\\\/\",\"name\":\"Anuncian cierre de v\u00edas para procesiones del V\u00eda Crucis - El Diario - Bolivia\",\"isPartOf\":{\"@id\":\"https:\\\/\\\/www.eldiario.net\\\/portal\\\/#website\"},\"primaryImageOfPage\":{\"@id\":\"https:\\\/\\\/www.eldiario.net\\\/portal\\\/2025\\\/04\\\/18\\\/anuncian-cierre-de-vias-para-procesiones-del-via-crucis\\\/#primaryimage\"},\"image\":{\"@id\":\"https:\\\/\\\/www.eldiario.net\\\/portal\\\/2025\\\/04\\\/18\\\/anuncian-cierre-de-vias-para-procesiones-del-via-crucis\\\/#primaryimage\"},\"thumbnailUrl\":\"https:\\\/\\\/www.eldiario.net\\\/portal\\\/wp-content\\\/uploads\\\/2025\\\/04\\\/F-2-vias.jpeg\",\"datePublished\":\"2025-04-18T10:39:17+00:00\",\"breadcrumb\":{\"@id\":\"https:\\\/\\\/www.eldiario.net\\\/portal\\\/2025\\\/04\\\/18\\\/anuncian-cierre-de-vias-para-procesiones-del-via-crucis\\\/#breadcrumb\"},\"inLanguage\":\"es\",\"potentialAction\":[{\"@type\":\"ReadAction\",\"target\":[\"https:\\\/\\\/www.eldiario.net\\\/portal\\\/2025\\\/04\\\/18\\\/anuncian-cierre-de-vias-para-procesiones-del-via-crucis\\\/\"]}]},{\"@type\":\"ImageObject\",\"inLanguage\":\"es\",\"@id\":\"https:\\\/\\\/www.eldiario.net\\\/portal\\\/2025\\\/04\\\/18\\\/anuncian-cierre-de-vias-para-procesiones-del-via-crucis\\\/#primaryimage\",\"url\":\"https:\\\/\\\/www.eldiario.net\\\/portal\\\/wp-content\\\/uploads\\\/2025\\\/04\\\/F-2-vias.jpeg\",\"contentUrl\":\"https:\\\/\\\/www.eldiario.net\\\/portal\\\/wp-content\\\/uploads\\\/2025\\\/04\\\/F-2-vias.jpeg\",\"width\":261,\"height\":193,\"caption\":\"Una de las principales procesiones parte de la Iglesia La Merced.\"},{\"@type\":\"BreadcrumbList\",\"@id\":\"https:\\\/\\\/www.eldiario.net\\\/portal\\\/2025\\\/04\\\/18\\\/anuncian-cierre-de-vias-para-procesiones-del-via-crucis\\\/#breadcrumb\",\"itemListElement\":[{\"@type\":\"ListItem\",\"position\":1,\"name\":\"Portada\",\"item\":\"https:\\\/\\\/www.eldiario.net\\\/portal\\\/\"},{\"@type\":\"ListItem\",\"position\":2,\"name\":\"Anuncian cierre de v\u00edas para procesiones del V\u00eda Crucis\"}]},{\"@type\":\"WebSite\",\"@id\":\"https:\\\/\\\/www.eldiario.net\\\/portal\\\/#website\",\"url\":\"https:\\\/\\\/www.eldiario.net\\\/portal\\\/\",\"name\":\"El Diario - Decano de la prensa nacional\",\"description\":\"El Diario - Decano de la prensa nacional\",\"publisher\":{\"@id\":\"https:\\\/\\\/www.eldiario.net\\\/portal\\\/#organization\"},\"potentialAction\":[{\"@type\":\"SearchAction\",\"target\":{\"@type\":\"EntryPoint\",\"urlTemplate\":\"https:\\\/\\\/www.eldiario.net\\\/portal\\\/?s={search_term_string}\"},\"query-input\":{\"@type\":\"PropertyValueSpecification\",\"valueRequired\":true,\"valueName\":\"search_term_string\"}}],\"inLanguage\":\"es\"},{\"@type\":\"Organization\",\"@id\":\"https:\\\/\\\/www.eldiario.net\\\/portal\\\/#organization\",\"name\":\"El Diario - Decano de la prensa nacional\",\"url\":\"https:\\\/\\\/www.eldiario.net\\\/portal\\\/\",\"logo\":{\"@type\":\"ImageObject\",\"inLanguage\":\"es\",\"@id\":\"https:\\\/\\\/www.eldiario.net\\\/portal\\\/#\\\/schema\\\/logo\\\/image\\\/\",\"url\":\"https:\\\/\\\/www.eldiario.net\\\/portal\\\/wp-content\\\/uploads\\\/2023\\\/07\\\/logo_ED.jpg\",\"contentUrl\":\"https:\\\/\\\/www.eldiario.net\\\/portal\\\/wp-content\\\/uploads\\\/2023\\\/07\\\/logo_ED.jpg\",\"width\":272,\"height\":52,\"caption\":\"El Diario - Decano de la prensa nacional\"},\"image\":{\"@id\":\"https:\\\/\\\/www.eldiario.net\\\/portal\\\/#\\\/schema\\\/logo\\\/image\\\/\"},\"sameAs\":[\"https:\\\/\\\/www.facebook.com\\\/eldiario.bolivia\\\/\",\"https:\\\/\\\/x.com\\\/eldiario_net\"]},{\"@type\":\"Person\",\"@id\":\"https:\\\/\\\/www.eldiario.net\\\/portal\\\/#\\\/schema\\\/person\\\/2c57cf2b7a7ae032e449e4c9b1019eac\",\"name\":\"Jeanette\",\"image\":{\"@type\":\"ImageObject\",\"inLanguage\":\"es\",\"@id\":\"https:\\\/\\\/secure.gravatar.com\\\/avatar\\\/3ea2118a5f7dad2b7138b1187a6b7ee55f160b9968b66013c3a3ef39dd7e5798?s=96&d=mm&r=g\",\"url\":\"https:\\\/\\\/secure.gravatar.com\\\/avatar\\\/3ea2118a5f7dad2b7138b1187a6b7ee55f160b9968b66013c3a3ef39dd7e5798?s=96&d=mm&r=g\",\"contentUrl\":\"https:\\\/\\\/secure.gravatar.com\\\/avatar\\\/3ea2118a5f7dad2b7138b1187a6b7ee55f160b9968b66013c3a3ef39dd7e5798?s=96&d=mm&r=g\",\"caption\":\"Jeanette\"},\"sameAs\":[\"https:\\\/\\\/www.eldiario.net\\\/portal\"],\"url\":\"https:\\\/\\\/www.eldiario.net\\\/portal\\\/author\\\/jeanette\\\/\"}]}<\/script>\n<!-- \/ Yoast SEO plugin. -->","yoast_head_json":{"title":"Anuncian cierre de v\u00edas para procesiones del V\u00eda Crucis - El Diario - Bolivia","robots":{"index":"index","follow":"follow","max-snippet":"max-snippet:-1","max-image-preview":"max-image-preview:large","max-video-preview":"max-video-preview:-1"},"canonical":"https:\/\/www.eldiario.net\/portal\/2025\/04\/18\/anuncian-cierre-de-vias-para-procesiones-del-via-crucis\/","og_locale":"es_ES","og_type":"article","og_title":"Anuncian cierre de v\u00edas para procesiones del V\u00eda Crucis - El Diario - Bolivia","og_description":"La Alcald\u00eda anunci\u00f3 el cierre de algunas calles y avenidas, sobre todo, del centro pace\u00f1o debido a la celebraci\u00f3n de la Procesi\u00f3n del Santo Sepulcro que se realizar\u00e1 esta tarde en la ciudad de La Paz. El concejal Javier Escalier explic\u00f3 que hoy los fieles cat\u00f3licos recuerdan la pasi\u00f3n y muerte de Jes\u00fas. \u201cNormalmente en [&hellip;]","og_url":"https:\/\/www.eldiario.net\/portal\/2025\/04\/18\/anuncian-cierre-de-vias-para-procesiones-del-via-crucis\/","og_site_name":"El Diario - Bolivia","article_publisher":"https:\/\/www.facebook.com\/eldiario.bolivia\/","article_published_time":"2025-04-18T10:39:17+00:00","og_image":[{"width":261,"height":193,"url":"https:\/\/www.eldiario.net\/portal\/wp-content\/uploads\/2025\/04\/F-2-vias.jpeg","type":"image\/jpeg"}],"author":"Jeanette","twitter_card":"summary_large_image","twitter_creator":"@eldiario_net","twitter_site":"@eldiario_net","twitter_misc":{"Escrito por":"Jeanette","Tiempo de lectura":"3 minutos"},"schema":{"@context":"https:\/\/schema.org","@graph":[{"@type":"Article","@id":"https:\/\/www.eldiario.net\/portal\/2025\/04\/18\/anuncian-cierre-de-vias-para-procesiones-del-via-crucis\/#article","isPartOf":{"@id":"https:\/\/www.eldiario.net\/portal\/2025\/04\/18\/anuncian-cierre-de-vias-para-procesiones-del-via-crucis\/"},"author":{"name":"Jeanette","@id":"https:\/\/www.eldiario.net\/portal\/#\/schema\/person\/2c57cf2b7a7ae032e449e4c9b1019eac"},"headline":"Anuncian cierre de v\u00edas para procesiones del V\u00eda Crucis","datePublished":"2025-04-18T10:39:17+00:00","mainEntityOfPage":{"@id":"https:\/\/www.eldiario.net\/portal\/2025\/04\/18\/anuncian-cierre-de-vias-para-procesiones-del-via-crucis\/"},"wordCount":613,"publisher":{"@id":"https:\/\/www.eldiario.net\/portal\/#organization"},"image":{"@id":"https:\/\/www.eldiario.net\/portal\/2025\/04\/18\/anuncian-cierre-de-vias-para-procesiones-del-via-crucis\/#primaryimage"},"thumbnailUrl":"https:\/\/www.eldiario.net\/portal\/wp-content\/uploads\/2025\/04\/F-2-vias.jpeg","articleSection":["Nacional"],"inLanguage":"es"},{"@type":"WebPage","@id":"https:\/\/www.eldiario.net\/portal\/2025\/04\/18\/anuncian-cierre-de-vias-para-procesiones-del-via-crucis\/","url":"https:\/\/www.eldiario.net\/portal\/2025\/04\/18\/anuncian-cierre-de-vias-para-procesiones-del-via-crucis\/","name":"Anuncian cierre de v\u00edas para procesiones del V\u00eda Crucis - El Diario - Bolivia","isPartOf":{"@id":"https:\/\/www.eldiario.net\/portal\/#website"},"primaryImageOfPage":{"@id":"https:\/\/www.eldiario.net\/portal\/2025\/04\/18\/anuncian-cierre-de-vias-para-procesiones-del-via-crucis\/#primaryimage"},"image":{"@id":"https:\/\/www.eldiario.net\/portal\/2025\/04\/18\/anuncian-cierre-de-vias-para-procesiones-del-via-crucis\/#primaryimage"},"thumbnailUrl":"https:\/\/www.eldiario.net\/portal\/wp-content\/uploads\/2025\/04\/F-2-vias.jpeg","datePublished":"2025-04-18T10:39:17+00:00","breadcrumb":{"@id":"https:\/\/www.eldiario.net\/portal\/2025\/04\/18\/anuncian-cierre-de-vias-para-procesiones-del-via-crucis\/#breadcrumb"},"inLanguage":"es","potentialAction":[{"@type":"ReadAction","target":["https:\/\/www.eldiario.net\/portal\/2025\/04\/18\/anuncian-cierre-de-vias-para-procesiones-del-via-crucis\/"]}]},{"@type":"ImageObject","inLanguage":"es","@id":"https:\/\/www.eldiario.net\/portal\/2025\/04\/18\/anuncian-cierre-de-vias-para-procesiones-del-via-crucis\/#primaryimage","url":"https:\/\/www.eldiario.net\/portal\/wp-content\/uploads\/2025\/04\/F-2-vias.jpeg","contentUrl":"https:\/\/www.eldiario.net\/portal\/wp-content\/uploads\/2025\/04\/F-2-vias.jpeg","width":261,"height":193,"caption":"Una de las principales procesiones parte de la Iglesia La Merced."},{"@type":"BreadcrumbList","@id":"https:\/\/www.eldiario.net\/portal\/2025\/04\/18\/anuncian-cierre-de-vias-para-procesiones-del-via-crucis\/#breadcrumb","itemListElement":[{"@type":"ListItem","position":1,"name":"Portada","item":"https:\/\/www.eldiario.net\/portal\/"},{"@type":"ListItem","position":2,"name":"Anuncian cierre de v\u00edas para procesiones del V\u00eda Crucis"}]},{"@type":"WebSite","@id":"https:\/\/www.eldiario.net\/portal\/#website","url":"https:\/\/www.eldiario.net\/portal\/","name":"El Diario - Decano de la prensa nacional","description":"El Diario - Decano de la prensa nacional","publisher":{"@id":"https:\/\/www.eldiario.net\/portal\/#organization"},"potentialAction":[{"@type":"SearchAction","target":{"@type":"EntryPoint","urlTemplate":"https:\/\/www.eldiario.net\/portal\/?s={search_term_string}"},"query-input":{"@type":"PropertyValueSpecification","valueRequired":true,"valueName":"search_term_string"}}],"inLanguage":"es"},{"@type":"Organization","@id":"https:\/\/www.eldiario.net\/portal\/#organization","name":"El Diario - Decano de la prensa nacional","url":"https:\/\/www.eldiario.net\/portal\/","logo":{"@type":"ImageObject","inLanguage":"es","@id":"https:\/\/www.eldiario.net\/portal\/#\/schema\/logo\/image\/","url":"https:\/\/www.eldiario.net\/portal\/wp-content\/uploads\/2023\/07\/logo_ED.jpg","contentUrl":"https:\/\/www.eldiario.net\/portal\/wp-content\/uploads\/2023\/07\/logo_ED.jpg","width":272,"height":52,"caption":"El Diario - Decano de la prensa nacional"},"image":{"@id":"https:\/\/www.eldiario.net\/portal\/#\/schema\/logo\/image\/"},"sameAs":["https:\/\/www.facebook.com\/eldiario.bolivia\/","https:\/\/x.com\/eldiario_net"]},{"@type":"Person","@id":"https:\/\/www.eldiario.net\/portal\/#\/schema\/person\/2c57cf2b7a7ae032e449e4c9b1019eac","name":"Jeanette","image":{"@type":"ImageObject","inLanguage":"es","@id":"https:\/\/secure.gravatar.com\/avatar\/3ea2118a5f7dad2b7138b1187a6b7ee55f160b9968b66013c3a3ef39dd7e5798?s=96&d=mm&r=g","url":"https:\/\/secure.gravatar.com\/avatar\/3ea2118a5f7dad2b7138b1187a6b7ee55f160b9968b66013c3a3ef39dd7e5798?s=96&d=mm&r=g","contentUrl":"https:\/\/secure.gravatar.com\/avatar\/3ea2118a5f7dad2b7138b1187a6b7ee55f160b9968b66013c3a3ef39dd7e5798?s=96&d=mm&r=g","caption":"Jeanette"},"sameAs":["https:\/\/www.eldiario.net\/portal"],"url":"https:\/\/www.eldiario.net\/portal\/author\/jeanette\/"}]}},"_links":{"self":[{"href":"https:\/\/www.eldiario.net\/portal\/wp-json\/wp\/v2\/posts\/296208","targetHints":{"allow":["GET"]}}],"collection":[{"href":"https:\/\/www.eldiario.net\/portal\/wp-json\/wp\/v2\/posts"}],"about":[{"href":"https:\/\/www.eldiario.net\/portal\/wp-json\/wp\/v2\/types\/post"}],"author":[{"embeddable":true,"href":"https:\/\/www.eldiario.net\/portal\/wp-json\/wp\/v2\/users\/1"}],"replies":[{"embeddable":true,"href":"https:\/\/www.eldiario.net\/portal\/wp-json\/wp\/v2\/comments?post=296208"}],"version-history":[{"count":1,"href":"https:\/\/www.eldiario.net\/portal\/wp-json\/wp\/v2\/posts\/296208\/revisions"}],"predecessor-version":[{"id":296210,"href":"https:\/\/www.eldiario.net\/portal\/wp-json\/wp\/v2\/posts\/296208\/revisions\/296210"}],"wp:featuredmedia":[{"embeddable":true,"href":"https:\/\/www.eldiario.net\/portal\/wp-json\/wp\/v2\/media\/296209"}],"wp:attachment":[{"href":"https:\/\/www.eldiario.net\/portal\/wp-json\/wp\/v2\/media?parent=296208"}],"wp:term":[{"taxonomy":"category","embeddable":true,"href":"https:\/\/www.eldiario.net\/portal\/wp-json\/wp\/v2\/categories?post=296208"},{"taxonomy":"post_tag","embeddable":true,"href":"https:\/\/www.eldiario.net\/portal\/wp-json\/wp\/v2\/tags?post=296208"}],"curies":[{"name":"wp","href":"https:\/\/api.w.org\/{rel}","templated":true}]}}