{"id":296205,"date":"2025-04-18T06:38:46","date_gmt":"2025-04-18T10:38:46","guid":{"rendered":"https:\/\/www.eldiario.net\/portal\/?p=296205"},"modified":"2025-04-18T06:38:46","modified_gmt":"2025-04-18T10:38:46","slug":"instan-a-conocer-la-paz-y-visitar-sitios-turisticos","status":"publish","type":"post","link":"https:\/\/www.eldiario.net\/portal\/2025\/04\/18\/instan-a-conocer-la-paz-y-visitar-sitios-turisticos\/","title":{"rendered":"Instan a conocer La Paz  y visitar sitios tur\u00edsticos"},"content":{"rendered":"<p>Desde el Charquini hasta el camino precolombino del Choro, son algunos de los lugares tur\u00edsticos que el municipio pace\u00f1o ofrece para vivir experiencias \u00fanicas sin salir del departamento y el feriado largo de Semana Santa es la oportunidad perfecta para conocer estos sitios y m\u00e1s, indic\u00f3 el jefe de la Unidad de Turismo de la comuna pace\u00f1a, Luis Fernando Velarde.<br \/>\n\u201cTenemos la pauta de lo que es el macrodistrito de Zongo o el macrodistrito de Hampaturi, donde est\u00e1n los principales atractivos tur\u00edsticos que tiene (La Paz)\u201d, asegur\u00f3 el funcionario edil.<br \/>\nEntre las opciones que ofrece la urbe pace\u00f1a, resalt\u00f3 Charquini donde se encuentra la famosa Laguna Esmeralda, asimismo hay ascensos al imponente Huayna Potos\u00ed, una experiencia de altura con paquetes de dos a tres d\u00edas.<br \/>\nEn cambio, para aquellas personas que les gusta conocer m\u00e1s de la historia y tener mayor conexi\u00f3n con la naturaleza la recomendaci\u00f3n es recorrer el camino precolombino del Choro, que une la cumbre con Coroico y ofrece una caminata de tres d\u00edas \u201cdesde la cordillera hasta los valles h\u00famedos de los Yungas\u201d.<br \/>\nOtros atractivos son el Valle de las \u00c1nimas, el Valle de Pongo y las cascadas de Hampaturi, ideales para salidas familiares.<br \/>\nTURISMO RESPONSABLE<br \/>\nVelarde record\u00f3 que tambi\u00e9n se impulsa un turismo responsable. Por ejemplo, el municipio public\u00f3 una gu\u00eda llamada Ajayu de las Monta\u00f1as, que incluye un \u201cdec\u00e1logo del turista responsable\u201d, con consejos como no dejar residuos, no llevar parlantes, evitar alimentar a la fauna silvestre y no extraer plantas o restos arqueol\u00f3gicos. \u201cSiempre es recomendable realizar esto con alguna empresa operadora legalmente establecida o con un gu\u00eda tambi\u00e9n\u201d, enfatiz\u00f3.<br \/>\nEl experto tambi\u00e9n recomend\u00f3 unirse al canal de WhatsApp \u201cTurismo La Paz\u201d, para compartir informaci\u00f3n sobre atractivos, eventos, gu\u00edas y empresas autorizadas<\/p>\n","protected":false},"excerpt":{"rendered":"<p>Desde el Charquini hasta el camino precolombino del Choro, son algunos de los lugares tur\u00edsticos que el municipio pace\u00f1o ofrece para vivir experiencias \u00fanicas sin salir del departamento y el feriado largo de Semana Santa es la oportunidad perfecta para conocer estos sitios y m\u00e1s, indic\u00f3 el jefe de la Unidad de Turismo de la [&hellip;]<\/p>\n","protected":false},"author":1,"featured_media":296206,"comment_status":"closed","ping_status":"open","sticky":false,"template":"","format":"standard","meta":{"_acf_changed":false,"footnotes":""},"categories":[12],"tags":[],"class_list":["post-296205","post","type-post","status-publish","format-standard","has-post-thumbnail","category-nacional"],"acf":{"antetitulo":""},"yoast_head":"<!-- This site is optimized with the Yoast SEO plugin v28.4 - https:\/\/yoast.com\/product\/yoast-seo-wordpress\/ -->\n<title>Instan a conocer La Paz y visitar sitios tur\u00edsticos - El Diario - Bolivia<\/title>\n<meta name=\"robots\" content=\"index, follow, max-snippet:-1, max-image-preview:large, max-video-preview:-1\" \/>\n<link rel=\"canonical\" href=\"https:\/\/www.eldiario.net\/portal\/2025\/04\/18\/instan-a-conocer-la-paz-y-visitar-sitios-turisticos\/\" \/>\n<meta property=\"og:locale\" content=\"es_ES\" \/>\n<meta property=\"og:type\" content=\"article\" \/>\n<meta property=\"og:title\" content=\"Instan a conocer La Paz y visitar sitios tur\u00edsticos - El Diario - Bolivia\" \/>\n<meta property=\"og:description\" content=\"Desde el Charquini hasta el camino precolombino del Choro, son algunos de los lugares tur\u00edsticos que el municipio pace\u00f1o ofrece para vivir experiencias \u00fanicas sin salir del departamento y el feriado largo de Semana Santa es la oportunidad perfecta para conocer estos sitios y m\u00e1s, indic\u00f3 el jefe de la Unidad de Turismo de la [&hellip;]\" \/>\n<meta property=\"og:url\" content=\"https:\/\/www.eldiario.net\/portal\/2025\/04\/18\/instan-a-conocer-la-paz-y-visitar-sitios-turisticos\/\" \/>\n<meta property=\"og:site_name\" content=\"El Diario - Bolivia\" \/>\n<meta property=\"article:publisher\" content=\"https:\/\/www.facebook.com\/eldiario.bolivia\/\" \/>\n<meta property=\"article:published_time\" content=\"2025-04-18T10:38:46+00:00\" \/>\n<meta property=\"og:image\" content=\"https:\/\/www.eldiario.net\/portal\/wp-content\/uploads\/2025\/04\/F-3-turismo.jpg\" \/>\n\t<meta property=\"og:image:width\" content=\"960\" \/>\n\t<meta property=\"og:image:height\" content=\"630\" \/>\n\t<meta property=\"og:image:type\" content=\"image\/jpeg\" \/>\n<meta name=\"author\" content=\"Jeanette\" \/>\n<meta name=\"twitter:card\" content=\"summary_large_image\" \/>\n<meta name=\"twitter:creator\" content=\"@eldiario_net\" \/>\n<meta name=\"twitter:site\" content=\"@eldiario_net\" \/>\n<meta name=\"twitter:label1\" content=\"Escrito por\" \/>\n\t<meta name=\"twitter:data1\" content=\"Jeanette\" \/>\n\t<meta name=\"twitter:label2\" content=\"Tiempo de lectura\" \/>\n\t<meta name=\"twitter:data2\" content=\"2 minutos\" \/>\n<script type=\"application\/ld+json\" class=\"yoast-schema-graph\">{\"@context\":\"https:\\\/\\\/schema.org\",\"@graph\":[{\"@type\":\"Article\",\"@id\":\"https:\\\/\\\/www.eldiario.net\\\/portal\\\/2025\\\/04\\\/18\\\/instan-a-conocer-la-paz-y-visitar-sitios-turisticos\\\/#article\",\"isPartOf\":{\"@id\":\"https:\\\/\\\/www.eldiario.net\\\/portal\\\/2025\\\/04\\\/18\\\/instan-a-conocer-la-paz-y-visitar-sitios-turisticos\\\/\"},\"author\":{\"name\":\"Jeanette\",\"@id\":\"https:\\\/\\\/www.eldiario.net\\\/portal\\\/#\\\/schema\\\/person\\\/2c57cf2b7a7ae032e449e4c9b1019eac\"},\"headline\":\"Instan a conocer La Paz y visitar sitios tur\u00edsticos\",\"datePublished\":\"2025-04-18T10:38:46+00:00\",\"mainEntityOfPage\":{\"@id\":\"https:\\\/\\\/www.eldiario.net\\\/portal\\\/2025\\\/04\\\/18\\\/instan-a-conocer-la-paz-y-visitar-sitios-turisticos\\\/\"},\"wordCount\":322,\"publisher\":{\"@id\":\"https:\\\/\\\/www.eldiario.net\\\/portal\\\/#organization\"},\"image\":{\"@id\":\"https:\\\/\\\/www.eldiario.net\\\/portal\\\/2025\\\/04\\\/18\\\/instan-a-conocer-la-paz-y-visitar-sitios-turisticos\\\/#primaryimage\"},\"thumbnailUrl\":\"https:\\\/\\\/www.eldiario.net\\\/portal\\\/wp-content\\\/uploads\\\/2025\\\/04\\\/F-3-turismo.jpg\",\"articleSection\":[\"Nacional\"],\"inLanguage\":\"es\"},{\"@type\":\"WebPage\",\"@id\":\"https:\\\/\\\/www.eldiario.net\\\/portal\\\/2025\\\/04\\\/18\\\/instan-a-conocer-la-paz-y-visitar-sitios-turisticos\\\/\",\"url\":\"https:\\\/\\\/www.eldiario.net\\\/portal\\\/2025\\\/04\\\/18\\\/instan-a-conocer-la-paz-y-visitar-sitios-turisticos\\\/\",\"name\":\"Instan a conocer La Paz y visitar sitios tur\u00edsticos - El Diario - Bolivia\",\"isPartOf\":{\"@id\":\"https:\\\/\\\/www.eldiario.net\\\/portal\\\/#website\"},\"primaryImageOfPage\":{\"@id\":\"https:\\\/\\\/www.eldiario.net\\\/portal\\\/2025\\\/04\\\/18\\\/instan-a-conocer-la-paz-y-visitar-sitios-turisticos\\\/#primaryimage\"},\"image\":{\"@id\":\"https:\\\/\\\/www.eldiario.net\\\/portal\\\/2025\\\/04\\\/18\\\/instan-a-conocer-la-paz-y-visitar-sitios-turisticos\\\/#primaryimage\"},\"thumbnailUrl\":\"https:\\\/\\\/www.eldiario.net\\\/portal\\\/wp-content\\\/uploads\\\/2025\\\/04\\\/F-3-turismo.jpg\",\"datePublished\":\"2025-04-18T10:38:46+00:00\",\"breadcrumb\":{\"@id\":\"https:\\\/\\\/www.eldiario.net\\\/portal\\\/2025\\\/04\\\/18\\\/instan-a-conocer-la-paz-y-visitar-sitios-turisticos\\\/#breadcrumb\"},\"inLanguage\":\"es\",\"potentialAction\":[{\"@type\":\"ReadAction\",\"target\":[\"https:\\\/\\\/www.eldiario.net\\\/portal\\\/2025\\\/04\\\/18\\\/instan-a-conocer-la-paz-y-visitar-sitios-turisticos\\\/\"]}]},{\"@type\":\"ImageObject\",\"inLanguage\":\"es\",\"@id\":\"https:\\\/\\\/www.eldiario.net\\\/portal\\\/2025\\\/04\\\/18\\\/instan-a-conocer-la-paz-y-visitar-sitios-turisticos\\\/#primaryimage\",\"url\":\"https:\\\/\\\/www.eldiario.net\\\/portal\\\/wp-content\\\/uploads\\\/2025\\\/04\\\/F-3-turismo.jpg\",\"contentUrl\":\"https:\\\/\\\/www.eldiario.net\\\/portal\\\/wp-content\\\/uploads\\\/2025\\\/04\\\/F-3-turismo.jpg\",\"width\":960,\"height\":630,\"caption\":\"En las cascadas de Hampaturi tambi\u00e9n practican deportes extremos.\"},{\"@type\":\"BreadcrumbList\",\"@id\":\"https:\\\/\\\/www.eldiario.net\\\/portal\\\/2025\\\/04\\\/18\\\/instan-a-conocer-la-paz-y-visitar-sitios-turisticos\\\/#breadcrumb\",\"itemListElement\":[{\"@type\":\"ListItem\",\"position\":1,\"name\":\"Portada\",\"item\":\"https:\\\/\\\/www.eldiario.net\\\/portal\\\/\"},{\"@type\":\"ListItem\",\"position\":2,\"name\":\"Instan a conocer La Paz y visitar sitios tur\u00edsticos\"}]},{\"@type\":\"WebSite\",\"@id\":\"https:\\\/\\\/www.eldiario.net\\\/portal\\\/#website\",\"url\":\"https:\\\/\\\/www.eldiario.net\\\/portal\\\/\",\"name\":\"El Diario - Decano de la prensa nacional\",\"description\":\"El Diario - Decano de la prensa nacional\",\"publisher\":{\"@id\":\"https:\\\/\\\/www.eldiario.net\\\/portal\\\/#organization\"},\"potentialAction\":[{\"@type\":\"SearchAction\",\"target\":{\"@type\":\"EntryPoint\",\"urlTemplate\":\"https:\\\/\\\/www.eldiario.net\\\/portal\\\/?s={search_term_string}\"},\"query-input\":{\"@type\":\"PropertyValueSpecification\",\"valueRequired\":true,\"valueName\":\"search_term_string\"}}],\"inLanguage\":\"es\"},{\"@type\":\"Organization\",\"@id\":\"https:\\\/\\\/www.eldiario.net\\\/portal\\\/#organization\",\"name\":\"El Diario - Decano de la prensa nacional\",\"url\":\"https:\\\/\\\/www.eldiario.net\\\/portal\\\/\",\"logo\":{\"@type\":\"ImageObject\",\"inLanguage\":\"es\",\"@id\":\"https:\\\/\\\/www.eldiario.net\\\/portal\\\/#\\\/schema\\\/logo\\\/image\\\/\",\"url\":\"https:\\\/\\\/www.eldiario.net\\\/portal\\\/wp-content\\\/uploads\\\/2023\\\/07\\\/logo_ED.jpg\",\"contentUrl\":\"https:\\\/\\\/www.eldiario.net\\\/portal\\\/wp-content\\\/uploads\\\/2023\\\/07\\\/logo_ED.jpg\",\"width\":272,\"height\":52,\"caption\":\"El Diario - Decano de la prensa nacional\"},\"image\":{\"@id\":\"https:\\\/\\\/www.eldiario.net\\\/portal\\\/#\\\/schema\\\/logo\\\/image\\\/\"},\"sameAs\":[\"https:\\\/\\\/www.facebook.com\\\/eldiario.bolivia\\\/\",\"https:\\\/\\\/x.com\\\/eldiario_net\"]},{\"@type\":\"Person\",\"@id\":\"https:\\\/\\\/www.eldiario.net\\\/portal\\\/#\\\/schema\\\/person\\\/2c57cf2b7a7ae032e449e4c9b1019eac\",\"name\":\"Jeanette\",\"image\":{\"@type\":\"ImageObject\",\"inLanguage\":\"es\",\"@id\":\"https:\\\/\\\/secure.gravatar.com\\\/avatar\\\/3ea2118a5f7dad2b7138b1187a6b7ee55f160b9968b66013c3a3ef39dd7e5798?s=96&d=mm&r=g\",\"url\":\"https:\\\/\\\/secure.gravatar.com\\\/avatar\\\/3ea2118a5f7dad2b7138b1187a6b7ee55f160b9968b66013c3a3ef39dd7e5798?s=96&d=mm&r=g\",\"contentUrl\":\"https:\\\/\\\/secure.gravatar.com\\\/avatar\\\/3ea2118a5f7dad2b7138b1187a6b7ee55f160b9968b66013c3a3ef39dd7e5798?s=96&d=mm&r=g\",\"caption\":\"Jeanette\"},\"sameAs\":[\"https:\\\/\\\/www.eldiario.net\\\/portal\"],\"url\":\"https:\\\/\\\/www.eldiario.net\\\/portal\\\/author\\\/jeanette\\\/\"}]}<\/script>\n<!-- \/ Yoast SEO plugin. -->","yoast_head_json":{"title":"Instan a conocer La Paz y visitar sitios tur\u00edsticos - El Diario - Bolivia","robots":{"index":"index","follow":"follow","max-snippet":"max-snippet:-1","max-image-preview":"max-image-preview:large","max-video-preview":"max-video-preview:-1"},"canonical":"https:\/\/www.eldiario.net\/portal\/2025\/04\/18\/instan-a-conocer-la-paz-y-visitar-sitios-turisticos\/","og_locale":"es_ES","og_type":"article","og_title":"Instan a conocer La Paz y visitar sitios tur\u00edsticos - El Diario - Bolivia","og_description":"Desde el Charquini hasta el camino precolombino del Choro, son algunos de los lugares tur\u00edsticos que el municipio pace\u00f1o ofrece para vivir experiencias \u00fanicas sin salir del departamento y el feriado largo de Semana Santa es la oportunidad perfecta para conocer estos sitios y m\u00e1s, indic\u00f3 el jefe de la Unidad de Turismo de la [&hellip;]","og_url":"https:\/\/www.eldiario.net\/portal\/2025\/04\/18\/instan-a-conocer-la-paz-y-visitar-sitios-turisticos\/","og_site_name":"El Diario - Bolivia","article_publisher":"https:\/\/www.facebook.com\/eldiario.bolivia\/","article_published_time":"2025-04-18T10:38:46+00:00","og_image":[{"width":960,"height":630,"url":"https:\/\/www.eldiario.net\/portal\/wp-content\/uploads\/2025\/04\/F-3-turismo.jpg","type":"image\/jpeg"}],"author":"Jeanette","twitter_card":"summary_large_image","twitter_creator":"@eldiario_net","twitter_site":"@eldiario_net","twitter_misc":{"Escrito por":"Jeanette","Tiempo de lectura":"2 minutos"},"schema":{"@context":"https:\/\/schema.org","@graph":[{"@type":"Article","@id":"https:\/\/www.eldiario.net\/portal\/2025\/04\/18\/instan-a-conocer-la-paz-y-visitar-sitios-turisticos\/#article","isPartOf":{"@id":"https:\/\/www.eldiario.net\/portal\/2025\/04\/18\/instan-a-conocer-la-paz-y-visitar-sitios-turisticos\/"},"author":{"name":"Jeanette","@id":"https:\/\/www.eldiario.net\/portal\/#\/schema\/person\/2c57cf2b7a7ae032e449e4c9b1019eac"},"headline":"Instan a conocer La Paz y visitar sitios tur\u00edsticos","datePublished":"2025-04-18T10:38:46+00:00","mainEntityOfPage":{"@id":"https:\/\/www.eldiario.net\/portal\/2025\/04\/18\/instan-a-conocer-la-paz-y-visitar-sitios-turisticos\/"},"wordCount":322,"publisher":{"@id":"https:\/\/www.eldiario.net\/portal\/#organization"},"image":{"@id":"https:\/\/www.eldiario.net\/portal\/2025\/04\/18\/instan-a-conocer-la-paz-y-visitar-sitios-turisticos\/#primaryimage"},"thumbnailUrl":"https:\/\/www.eldiario.net\/portal\/wp-content\/uploads\/2025\/04\/F-3-turismo.jpg","articleSection":["Nacional"],"inLanguage":"es"},{"@type":"WebPage","@id":"https:\/\/www.eldiario.net\/portal\/2025\/04\/18\/instan-a-conocer-la-paz-y-visitar-sitios-turisticos\/","url":"https:\/\/www.eldiario.net\/portal\/2025\/04\/18\/instan-a-conocer-la-paz-y-visitar-sitios-turisticos\/","name":"Instan a conocer La Paz y visitar sitios tur\u00edsticos - El Diario - Bolivia","isPartOf":{"@id":"https:\/\/www.eldiario.net\/portal\/#website"},"primaryImageOfPage":{"@id":"https:\/\/www.eldiario.net\/portal\/2025\/04\/18\/instan-a-conocer-la-paz-y-visitar-sitios-turisticos\/#primaryimage"},"image":{"@id":"https:\/\/www.eldiario.net\/portal\/2025\/04\/18\/instan-a-conocer-la-paz-y-visitar-sitios-turisticos\/#primaryimage"},"thumbnailUrl":"https:\/\/www.eldiario.net\/portal\/wp-content\/uploads\/2025\/04\/F-3-turismo.jpg","datePublished":"2025-04-18T10:38:46+00:00","breadcrumb":{"@id":"https:\/\/www.eldiario.net\/portal\/2025\/04\/18\/instan-a-conocer-la-paz-y-visitar-sitios-turisticos\/#breadcrumb"},"inLanguage":"es","potentialAction":[{"@type":"ReadAction","target":["https:\/\/www.eldiario.net\/portal\/2025\/04\/18\/instan-a-conocer-la-paz-y-visitar-sitios-turisticos\/"]}]},{"@type":"ImageObject","inLanguage":"es","@id":"https:\/\/www.eldiario.net\/portal\/2025\/04\/18\/instan-a-conocer-la-paz-y-visitar-sitios-turisticos\/#primaryimage","url":"https:\/\/www.eldiario.net\/portal\/wp-content\/uploads\/2025\/04\/F-3-turismo.jpg","contentUrl":"https:\/\/www.eldiario.net\/portal\/wp-content\/uploads\/2025\/04\/F-3-turismo.jpg","width":960,"height":630,"caption":"En las cascadas de Hampaturi tambi\u00e9n practican deportes extremos."},{"@type":"BreadcrumbList","@id":"https:\/\/www.eldiario.net\/portal\/2025\/04\/18\/instan-a-conocer-la-paz-y-visitar-sitios-turisticos\/#breadcrumb","itemListElement":[{"@type":"ListItem","position":1,"name":"Portada","item":"https:\/\/www.eldiario.net\/portal\/"},{"@type":"ListItem","position":2,"name":"Instan a conocer La Paz y visitar sitios tur\u00edsticos"}]},{"@type":"WebSite","@id":"https:\/\/www.eldiario.net\/portal\/#website","url":"https:\/\/www.eldiario.net\/portal\/","name":"El Diario - Decano de la prensa nacional","description":"El Diario - Decano de la prensa nacional","publisher":{"@id":"https:\/\/www.eldiario.net\/portal\/#organization"},"potentialAction":[{"@type":"SearchAction","target":{"@type":"EntryPoint","urlTemplate":"https:\/\/www.eldiario.net\/portal\/?s={search_term_string}"},"query-input":{"@type":"PropertyValueSpecification","valueRequired":true,"valueName":"search_term_string"}}],"inLanguage":"es"},{"@type":"Organization","@id":"https:\/\/www.eldiario.net\/portal\/#organization","name":"El Diario - Decano de la prensa nacional","url":"https:\/\/www.eldiario.net\/portal\/","logo":{"@type":"ImageObject","inLanguage":"es","@id":"https:\/\/www.eldiario.net\/portal\/#\/schema\/logo\/image\/","url":"https:\/\/www.eldiario.net\/portal\/wp-content\/uploads\/2023\/07\/logo_ED.jpg","contentUrl":"https:\/\/www.eldiario.net\/portal\/wp-content\/uploads\/2023\/07\/logo_ED.jpg","width":272,"height":52,"caption":"El Diario - Decano de la prensa nacional"},"image":{"@id":"https:\/\/www.eldiario.net\/portal\/#\/schema\/logo\/image\/"},"sameAs":["https:\/\/www.facebook.com\/eldiario.bolivia\/","https:\/\/x.com\/eldiario_net"]},{"@type":"Person","@id":"https:\/\/www.eldiario.net\/portal\/#\/schema\/person\/2c57cf2b7a7ae032e449e4c9b1019eac","name":"Jeanette","image":{"@type":"ImageObject","inLanguage":"es","@id":"https:\/\/secure.gravatar.com\/avatar\/3ea2118a5f7dad2b7138b1187a6b7ee55f160b9968b66013c3a3ef39dd7e5798?s=96&d=mm&r=g","url":"https:\/\/secure.gravatar.com\/avatar\/3ea2118a5f7dad2b7138b1187a6b7ee55f160b9968b66013c3a3ef39dd7e5798?s=96&d=mm&r=g","contentUrl":"https:\/\/secure.gravatar.com\/avatar\/3ea2118a5f7dad2b7138b1187a6b7ee55f160b9968b66013c3a3ef39dd7e5798?s=96&d=mm&r=g","caption":"Jeanette"},"sameAs":["https:\/\/www.eldiario.net\/portal"],"url":"https:\/\/www.eldiario.net\/portal\/author\/jeanette\/"}]}},"_links":{"self":[{"href":"https:\/\/www.eldiario.net\/portal\/wp-json\/wp\/v2\/posts\/296205","targetHints":{"allow":["GET"]}}],"collection":[{"href":"https:\/\/www.eldiario.net\/portal\/wp-json\/wp\/v2\/posts"}],"about":[{"href":"https:\/\/www.eldiario.net\/portal\/wp-json\/wp\/v2\/types\/post"}],"author":[{"embeddable":true,"href":"https:\/\/www.eldiario.net\/portal\/wp-json\/wp\/v2\/users\/1"}],"replies":[{"embeddable":true,"href":"https:\/\/www.eldiario.net\/portal\/wp-json\/wp\/v2\/comments?post=296205"}],"version-history":[{"count":1,"href":"https:\/\/www.eldiario.net\/portal\/wp-json\/wp\/v2\/posts\/296205\/revisions"}],"predecessor-version":[{"id":296207,"href":"https:\/\/www.eldiario.net\/portal\/wp-json\/wp\/v2\/posts\/296205\/revisions\/296207"}],"wp:featuredmedia":[{"embeddable":true,"href":"https:\/\/www.eldiario.net\/portal\/wp-json\/wp\/v2\/media\/296206"}],"wp:attachment":[{"href":"https:\/\/www.eldiario.net\/portal\/wp-json\/wp\/v2\/media?parent=296205"}],"wp:term":[{"taxonomy":"category","embeddable":true,"href":"https:\/\/www.eldiario.net\/portal\/wp-json\/wp\/v2\/categories?post=296205"},{"taxonomy":"post_tag","embeddable":true,"href":"https:\/\/www.eldiario.net\/portal\/wp-json\/wp\/v2\/tags?post=296205"}],"curies":[{"name":"wp","href":"https:\/\/api.w.org\/{rel}","templated":true}]}}