{"id":296195,"date":"2025-04-18T06:36:14","date_gmt":"2025-04-18T10:36:14","guid":{"rendered":"https:\/\/www.eldiario.net\/portal\/?p=296195"},"modified":"2025-04-18T06:36:14","modified_gmt":"2025-04-18T10:36:14","slug":"santo-padre-visita-una-prision-de-roma-por-jueves-santo","status":"publish","type":"post","link":"https:\/\/www.eldiario.net\/portal\/2025\/04\/18\/santo-padre-visita-una-prision-de-roma-por-jueves-santo\/","title":{"rendered":"Santo Padre visita una prisi\u00f3n de Roma por Jueves Santo"},"content":{"rendered":"<p>El papa Francisco, a\u00fan en convalecencia, visit\u00f3 ayer una prisi\u00f3n en el centro de Roma, donde se reuni\u00f3 con reclusos con motivo del Jueves Santo previo a la Semana Santa, anunci\u00f3 el Vaticano.<br \/>\nEl pont\u00edfice de 88 a\u00f1os, conocido por su sensibilidad hacia el mundo carcelario, permaneci\u00f3 alrededor de 30 minutos en la prisi\u00f3n de Regina Coeli, la m\u00e1s grande de la capital italiana.<\/p>\n<p>TRADICIONAL<br \/>\nLAVADO DE PIES<br \/>\nEn este centro penitenciario deteriorado y sobrepoblado se reuni\u00f3 en privado con unos 70 presos, as\u00ed como con miembros de la direcci\u00f3n y del personal penitenciario, se\u00f1al\u00f3 la Santa Sede.<br \/>\nA diferencia de a\u00f1os anteriores, el jesuita Argentino, que debe hacer reposo por dos meses; no realiz\u00f3 el tradicional rito del lavado de los pies, que conmemora el gesto de Cristo hacia sus ap\u00f3stoles.<br \/>\nDesde su elecci\u00f3n en 2013, Francisco celebr\u00f3 esta ceremonia fuera del Vaticano, en centros de detenci\u00f3n para mafiosos arrepentidos, mujeres y menores, as\u00ed como con enfermos o personas marginadas.<br \/>\nEn la tradici\u00f3n cristiana, el Jueves Santo conmemora la \u00daltima Cena de Cristo con sus 12 ap\u00f3stoles. Es uno de los momentos m\u00e1s significativos de la Semana Santa, que recuerda los \u00faltimos d\u00edas de Jes\u00fas antes de su resurrecci\u00f3n.<br \/>\nEl Papa regres\u00f3 al Vaticano el 23 de marzo, tras 38 d\u00edas de hospitalizaci\u00f3n por una neumon\u00eda bilateral que puso en riesgo su vida. Aunque su estado de salud mejora, sigue siendo delicado, pero retom\u00f3 progresivamente sus apariciones p\u00fablicas en los \u00faltimos d\u00edas. (Dw)<\/p>\n","protected":false},"excerpt":{"rendered":"<p>El papa Francisco, a\u00fan en convalecencia, visit\u00f3 ayer una prisi\u00f3n en el centro de Roma, donde se reuni\u00f3 con reclusos con motivo del Jueves Santo previo a la Semana Santa, anunci\u00f3 el Vaticano. El pont\u00edfice de 88 a\u00f1os, conocido por su sensibilidad hacia el mundo carcelario, permaneci\u00f3 alrededor de 30 minutos en la prisi\u00f3n de [&hellip;]<\/p>\n","protected":false},"author":1,"featured_media":296196,"comment_status":"closed","ping_status":"open","sticky":false,"template":"","format":"standard","meta":{"_acf_changed":false,"footnotes":""},"categories":[3],"tags":[],"class_list":["post-296195","post","type-post","status-publish","format-standard","has-post-thumbnail","category-internacional"],"acf":{"antetitulo":"Vaticano"},"yoast_head":"<!-- This site is optimized with the Yoast SEO plugin v28.4 - https:\/\/yoast.com\/product\/yoast-seo-wordpress\/ -->\n<title>Santo Padre visita una prisi\u00f3n de Roma por Jueves Santo - El Diario - Bolivia<\/title>\n<meta name=\"robots\" content=\"index, follow, max-snippet:-1, max-image-preview:large, max-video-preview:-1\" \/>\n<link rel=\"canonical\" href=\"https:\/\/www.eldiario.net\/portal\/2025\/04\/18\/santo-padre-visita-una-prision-de-roma-por-jueves-santo\/\" \/>\n<meta property=\"og:locale\" content=\"es_ES\" \/>\n<meta property=\"og:type\" content=\"article\" \/>\n<meta property=\"og:title\" content=\"Santo Padre visita una prisi\u00f3n de Roma por Jueves Santo - El Diario - Bolivia\" \/>\n<meta property=\"og:description\" content=\"El papa Francisco, a\u00fan en convalecencia, visit\u00f3 ayer una prisi\u00f3n en el centro de Roma, donde se reuni\u00f3 con reclusos con motivo del Jueves Santo previo a la Semana Santa, anunci\u00f3 el Vaticano. El pont\u00edfice de 88 a\u00f1os, conocido por su sensibilidad hacia el mundo carcelario, permaneci\u00f3 alrededor de 30 minutos en la prisi\u00f3n de [&hellip;]\" \/>\n<meta property=\"og:url\" content=\"https:\/\/www.eldiario.net\/portal\/2025\/04\/18\/santo-padre-visita-una-prision-de-roma-por-jueves-santo\/\" \/>\n<meta property=\"og:site_name\" content=\"El Diario - Bolivia\" \/>\n<meta property=\"article:publisher\" content=\"https:\/\/www.facebook.com\/eldiario.bolivia\/\" \/>\n<meta property=\"article:published_time\" content=\"2025-04-18T10:36:14+00:00\" \/>\n<meta property=\"og:image\" content=\"https:\/\/www.eldiario.net\/portal\/wp-content\/uploads\/2025\/04\/PAPA-Imago.webp\" \/>\n\t<meta property=\"og:image:width\" content=\"1200\" \/>\n\t<meta property=\"og:image:height\" content=\"525\" \/>\n\t<meta property=\"og:image:type\" content=\"image\/webp\" \/>\n<meta name=\"author\" content=\"Jeanette\" \/>\n<meta name=\"twitter:card\" content=\"summary_large_image\" \/>\n<meta name=\"twitter:creator\" content=\"@eldiario_net\" \/>\n<meta name=\"twitter:site\" content=\"@eldiario_net\" \/>\n<meta name=\"twitter:label1\" content=\"Escrito por\" \/>\n\t<meta name=\"twitter:data1\" content=\"Jeanette\" \/>\n\t<meta name=\"twitter:label2\" content=\"Tiempo de lectura\" \/>\n\t<meta name=\"twitter:data2\" content=\"2 minutos\" \/>\n<script type=\"application\/ld+json\" class=\"yoast-schema-graph\">{\"@context\":\"https:\\\/\\\/schema.org\",\"@graph\":[{\"@type\":\"Article\",\"@id\":\"https:\\\/\\\/www.eldiario.net\\\/portal\\\/2025\\\/04\\\/18\\\/santo-padre-visita-una-prision-de-roma-por-jueves-santo\\\/#article\",\"isPartOf\":{\"@id\":\"https:\\\/\\\/www.eldiario.net\\\/portal\\\/2025\\\/04\\\/18\\\/santo-padre-visita-una-prision-de-roma-por-jueves-santo\\\/\"},\"author\":{\"name\":\"Jeanette\",\"@id\":\"https:\\\/\\\/www.eldiario.net\\\/portal\\\/#\\\/schema\\\/person\\\/2c57cf2b7a7ae032e449e4c9b1019eac\"},\"headline\":\"Santo Padre visita una prisi\u00f3n de Roma por Jueves Santo\",\"datePublished\":\"2025-04-18T10:36:14+00:00\",\"mainEntityOfPage\":{\"@id\":\"https:\\\/\\\/www.eldiario.net\\\/portal\\\/2025\\\/04\\\/18\\\/santo-padre-visita-una-prision-de-roma-por-jueves-santo\\\/\"},\"wordCount\":271,\"publisher\":{\"@id\":\"https:\\\/\\\/www.eldiario.net\\\/portal\\\/#organization\"},\"image\":{\"@id\":\"https:\\\/\\\/www.eldiario.net\\\/portal\\\/2025\\\/04\\\/18\\\/santo-padre-visita-una-prision-de-roma-por-jueves-santo\\\/#primaryimage\"},\"thumbnailUrl\":\"https:\\\/\\\/www.eldiario.net\\\/portal\\\/wp-content\\\/uploads\\\/2025\\\/04\\\/PAPA-Imago.webp\",\"articleSection\":[\"Internacional\"],\"inLanguage\":\"es\"},{\"@type\":\"WebPage\",\"@id\":\"https:\\\/\\\/www.eldiario.net\\\/portal\\\/2025\\\/04\\\/18\\\/santo-padre-visita-una-prision-de-roma-por-jueves-santo\\\/\",\"url\":\"https:\\\/\\\/www.eldiario.net\\\/portal\\\/2025\\\/04\\\/18\\\/santo-padre-visita-una-prision-de-roma-por-jueves-santo\\\/\",\"name\":\"Santo Padre visita una prisi\u00f3n de Roma por Jueves Santo - El Diario - Bolivia\",\"isPartOf\":{\"@id\":\"https:\\\/\\\/www.eldiario.net\\\/portal\\\/#website\"},\"primaryImageOfPage\":{\"@id\":\"https:\\\/\\\/www.eldiario.net\\\/portal\\\/2025\\\/04\\\/18\\\/santo-padre-visita-una-prision-de-roma-por-jueves-santo\\\/#primaryimage\"},\"image\":{\"@id\":\"https:\\\/\\\/www.eldiario.net\\\/portal\\\/2025\\\/04\\\/18\\\/santo-padre-visita-una-prision-de-roma-por-jueves-santo\\\/#primaryimage\"},\"thumbnailUrl\":\"https:\\\/\\\/www.eldiario.net\\\/portal\\\/wp-content\\\/uploads\\\/2025\\\/04\\\/PAPA-Imago.webp\",\"datePublished\":\"2025-04-18T10:36:14+00:00\",\"breadcrumb\":{\"@id\":\"https:\\\/\\\/www.eldiario.net\\\/portal\\\/2025\\\/04\\\/18\\\/santo-padre-visita-una-prision-de-roma-por-jueves-santo\\\/#breadcrumb\"},\"inLanguage\":\"es\",\"potentialAction\":[{\"@type\":\"ReadAction\",\"target\":[\"https:\\\/\\\/www.eldiario.net\\\/portal\\\/2025\\\/04\\\/18\\\/santo-padre-visita-una-prision-de-roma-por-jueves-santo\\\/\"]}]},{\"@type\":\"ImageObject\",\"inLanguage\":\"es\",\"@id\":\"https:\\\/\\\/www.eldiario.net\\\/portal\\\/2025\\\/04\\\/18\\\/santo-padre-visita-una-prision-de-roma-por-jueves-santo\\\/#primaryimage\",\"url\":\"https:\\\/\\\/www.eldiario.net\\\/portal\\\/wp-content\\\/uploads\\\/2025\\\/04\\\/PAPA-Imago.webp\",\"contentUrl\":\"https:\\\/\\\/www.eldiario.net\\\/portal\\\/wp-content\\\/uploads\\\/2025\\\/04\\\/PAPA-Imago.webp\",\"width\":1200,\"height\":525,\"caption\":\"El Papa no realiz\u00f3 el tradicional rito del lavado de pies, pues a\u00fan est\u00e1 convaleciente.\"},{\"@type\":\"BreadcrumbList\",\"@id\":\"https:\\\/\\\/www.eldiario.net\\\/portal\\\/2025\\\/04\\\/18\\\/santo-padre-visita-una-prision-de-roma-por-jueves-santo\\\/#breadcrumb\",\"itemListElement\":[{\"@type\":\"ListItem\",\"position\":1,\"name\":\"Portada\",\"item\":\"https:\\\/\\\/www.eldiario.net\\\/portal\\\/\"},{\"@type\":\"ListItem\",\"position\":2,\"name\":\"Santo Padre visita una prisi\u00f3n de Roma por Jueves Santo\"}]},{\"@type\":\"WebSite\",\"@id\":\"https:\\\/\\\/www.eldiario.net\\\/portal\\\/#website\",\"url\":\"https:\\\/\\\/www.eldiario.net\\\/portal\\\/\",\"name\":\"El Diario - Decano de la prensa nacional\",\"description\":\"El Diario - Decano de la prensa nacional\",\"publisher\":{\"@id\":\"https:\\\/\\\/www.eldiario.net\\\/portal\\\/#organization\"},\"potentialAction\":[{\"@type\":\"SearchAction\",\"target\":{\"@type\":\"EntryPoint\",\"urlTemplate\":\"https:\\\/\\\/www.eldiario.net\\\/portal\\\/?s={search_term_string}\"},\"query-input\":{\"@type\":\"PropertyValueSpecification\",\"valueRequired\":true,\"valueName\":\"search_term_string\"}}],\"inLanguage\":\"es\"},{\"@type\":\"Organization\",\"@id\":\"https:\\\/\\\/www.eldiario.net\\\/portal\\\/#organization\",\"name\":\"El Diario - Decano de la prensa nacional\",\"url\":\"https:\\\/\\\/www.eldiario.net\\\/portal\\\/\",\"logo\":{\"@type\":\"ImageObject\",\"inLanguage\":\"es\",\"@id\":\"https:\\\/\\\/www.eldiario.net\\\/portal\\\/#\\\/schema\\\/logo\\\/image\\\/\",\"url\":\"https:\\\/\\\/www.eldiario.net\\\/portal\\\/wp-content\\\/uploads\\\/2023\\\/07\\\/logo_ED.jpg\",\"contentUrl\":\"https:\\\/\\\/www.eldiario.net\\\/portal\\\/wp-content\\\/uploads\\\/2023\\\/07\\\/logo_ED.jpg\",\"width\":272,\"height\":52,\"caption\":\"El Diario - Decano de la prensa nacional\"},\"image\":{\"@id\":\"https:\\\/\\\/www.eldiario.net\\\/portal\\\/#\\\/schema\\\/logo\\\/image\\\/\"},\"sameAs\":[\"https:\\\/\\\/www.facebook.com\\\/eldiario.bolivia\\\/\",\"https:\\\/\\\/x.com\\\/eldiario_net\"]},{\"@type\":\"Person\",\"@id\":\"https:\\\/\\\/www.eldiario.net\\\/portal\\\/#\\\/schema\\\/person\\\/2c57cf2b7a7ae032e449e4c9b1019eac\",\"name\":\"Jeanette\",\"image\":{\"@type\":\"ImageObject\",\"inLanguage\":\"es\",\"@id\":\"https:\\\/\\\/secure.gravatar.com\\\/avatar\\\/3ea2118a5f7dad2b7138b1187a6b7ee55f160b9968b66013c3a3ef39dd7e5798?s=96&d=mm&r=g\",\"url\":\"https:\\\/\\\/secure.gravatar.com\\\/avatar\\\/3ea2118a5f7dad2b7138b1187a6b7ee55f160b9968b66013c3a3ef39dd7e5798?s=96&d=mm&r=g\",\"contentUrl\":\"https:\\\/\\\/secure.gravatar.com\\\/avatar\\\/3ea2118a5f7dad2b7138b1187a6b7ee55f160b9968b66013c3a3ef39dd7e5798?s=96&d=mm&r=g\",\"caption\":\"Jeanette\"},\"sameAs\":[\"https:\\\/\\\/www.eldiario.net\\\/portal\"],\"url\":\"https:\\\/\\\/www.eldiario.net\\\/portal\\\/author\\\/jeanette\\\/\"}]}<\/script>\n<!-- \/ Yoast SEO plugin. -->","yoast_head_json":{"title":"Santo Padre visita una prisi\u00f3n de Roma por Jueves Santo - El Diario - Bolivia","robots":{"index":"index","follow":"follow","max-snippet":"max-snippet:-1","max-image-preview":"max-image-preview:large","max-video-preview":"max-video-preview:-1"},"canonical":"https:\/\/www.eldiario.net\/portal\/2025\/04\/18\/santo-padre-visita-una-prision-de-roma-por-jueves-santo\/","og_locale":"es_ES","og_type":"article","og_title":"Santo Padre visita una prisi\u00f3n de Roma por Jueves Santo - El Diario - Bolivia","og_description":"El papa Francisco, a\u00fan en convalecencia, visit\u00f3 ayer una prisi\u00f3n en el centro de Roma, donde se reuni\u00f3 con reclusos con motivo del Jueves Santo previo a la Semana Santa, anunci\u00f3 el Vaticano. El pont\u00edfice de 88 a\u00f1os, conocido por su sensibilidad hacia el mundo carcelario, permaneci\u00f3 alrededor de 30 minutos en la prisi\u00f3n de [&hellip;]","og_url":"https:\/\/www.eldiario.net\/portal\/2025\/04\/18\/santo-padre-visita-una-prision-de-roma-por-jueves-santo\/","og_site_name":"El Diario - Bolivia","article_publisher":"https:\/\/www.facebook.com\/eldiario.bolivia\/","article_published_time":"2025-04-18T10:36:14+00:00","og_image":[{"width":1200,"height":525,"url":"https:\/\/www.eldiario.net\/portal\/wp-content\/uploads\/2025\/04\/PAPA-Imago.webp","type":"image\/webp"}],"author":"Jeanette","twitter_card":"summary_large_image","twitter_creator":"@eldiario_net","twitter_site":"@eldiario_net","twitter_misc":{"Escrito por":"Jeanette","Tiempo de lectura":"2 minutos"},"schema":{"@context":"https:\/\/schema.org","@graph":[{"@type":"Article","@id":"https:\/\/www.eldiario.net\/portal\/2025\/04\/18\/santo-padre-visita-una-prision-de-roma-por-jueves-santo\/#article","isPartOf":{"@id":"https:\/\/www.eldiario.net\/portal\/2025\/04\/18\/santo-padre-visita-una-prision-de-roma-por-jueves-santo\/"},"author":{"name":"Jeanette","@id":"https:\/\/www.eldiario.net\/portal\/#\/schema\/person\/2c57cf2b7a7ae032e449e4c9b1019eac"},"headline":"Santo Padre visita una prisi\u00f3n de Roma por Jueves Santo","datePublished":"2025-04-18T10:36:14+00:00","mainEntityOfPage":{"@id":"https:\/\/www.eldiario.net\/portal\/2025\/04\/18\/santo-padre-visita-una-prision-de-roma-por-jueves-santo\/"},"wordCount":271,"publisher":{"@id":"https:\/\/www.eldiario.net\/portal\/#organization"},"image":{"@id":"https:\/\/www.eldiario.net\/portal\/2025\/04\/18\/santo-padre-visita-una-prision-de-roma-por-jueves-santo\/#primaryimage"},"thumbnailUrl":"https:\/\/www.eldiario.net\/portal\/wp-content\/uploads\/2025\/04\/PAPA-Imago.webp","articleSection":["Internacional"],"inLanguage":"es"},{"@type":"WebPage","@id":"https:\/\/www.eldiario.net\/portal\/2025\/04\/18\/santo-padre-visita-una-prision-de-roma-por-jueves-santo\/","url":"https:\/\/www.eldiario.net\/portal\/2025\/04\/18\/santo-padre-visita-una-prision-de-roma-por-jueves-santo\/","name":"Santo Padre visita una prisi\u00f3n de Roma por Jueves Santo - El Diario - Bolivia","isPartOf":{"@id":"https:\/\/www.eldiario.net\/portal\/#website"},"primaryImageOfPage":{"@id":"https:\/\/www.eldiario.net\/portal\/2025\/04\/18\/santo-padre-visita-una-prision-de-roma-por-jueves-santo\/#primaryimage"},"image":{"@id":"https:\/\/www.eldiario.net\/portal\/2025\/04\/18\/santo-padre-visita-una-prision-de-roma-por-jueves-santo\/#primaryimage"},"thumbnailUrl":"https:\/\/www.eldiario.net\/portal\/wp-content\/uploads\/2025\/04\/PAPA-Imago.webp","datePublished":"2025-04-18T10:36:14+00:00","breadcrumb":{"@id":"https:\/\/www.eldiario.net\/portal\/2025\/04\/18\/santo-padre-visita-una-prision-de-roma-por-jueves-santo\/#breadcrumb"},"inLanguage":"es","potentialAction":[{"@type":"ReadAction","target":["https:\/\/www.eldiario.net\/portal\/2025\/04\/18\/santo-padre-visita-una-prision-de-roma-por-jueves-santo\/"]}]},{"@type":"ImageObject","inLanguage":"es","@id":"https:\/\/www.eldiario.net\/portal\/2025\/04\/18\/santo-padre-visita-una-prision-de-roma-por-jueves-santo\/#primaryimage","url":"https:\/\/www.eldiario.net\/portal\/wp-content\/uploads\/2025\/04\/PAPA-Imago.webp","contentUrl":"https:\/\/www.eldiario.net\/portal\/wp-content\/uploads\/2025\/04\/PAPA-Imago.webp","width":1200,"height":525,"caption":"El Papa no realiz\u00f3 el tradicional rito del lavado de pies, pues a\u00fan est\u00e1 convaleciente."},{"@type":"BreadcrumbList","@id":"https:\/\/www.eldiario.net\/portal\/2025\/04\/18\/santo-padre-visita-una-prision-de-roma-por-jueves-santo\/#breadcrumb","itemListElement":[{"@type":"ListItem","position":1,"name":"Portada","item":"https:\/\/www.eldiario.net\/portal\/"},{"@type":"ListItem","position":2,"name":"Santo Padre visita una prisi\u00f3n de Roma por Jueves Santo"}]},{"@type":"WebSite","@id":"https:\/\/www.eldiario.net\/portal\/#website","url":"https:\/\/www.eldiario.net\/portal\/","name":"El Diario - Decano de la prensa nacional","description":"El Diario - Decano de la prensa nacional","publisher":{"@id":"https:\/\/www.eldiario.net\/portal\/#organization"},"potentialAction":[{"@type":"SearchAction","target":{"@type":"EntryPoint","urlTemplate":"https:\/\/www.eldiario.net\/portal\/?s={search_term_string}"},"query-input":{"@type":"PropertyValueSpecification","valueRequired":true,"valueName":"search_term_string"}}],"inLanguage":"es"},{"@type":"Organization","@id":"https:\/\/www.eldiario.net\/portal\/#organization","name":"El Diario - Decano de la prensa nacional","url":"https:\/\/www.eldiario.net\/portal\/","logo":{"@type":"ImageObject","inLanguage":"es","@id":"https:\/\/www.eldiario.net\/portal\/#\/schema\/logo\/image\/","url":"https:\/\/www.eldiario.net\/portal\/wp-content\/uploads\/2023\/07\/logo_ED.jpg","contentUrl":"https:\/\/www.eldiario.net\/portal\/wp-content\/uploads\/2023\/07\/logo_ED.jpg","width":272,"height":52,"caption":"El Diario - Decano de la prensa nacional"},"image":{"@id":"https:\/\/www.eldiario.net\/portal\/#\/schema\/logo\/image\/"},"sameAs":["https:\/\/www.facebook.com\/eldiario.bolivia\/","https:\/\/x.com\/eldiario_net"]},{"@type":"Person","@id":"https:\/\/www.eldiario.net\/portal\/#\/schema\/person\/2c57cf2b7a7ae032e449e4c9b1019eac","name":"Jeanette","image":{"@type":"ImageObject","inLanguage":"es","@id":"https:\/\/secure.gravatar.com\/avatar\/3ea2118a5f7dad2b7138b1187a6b7ee55f160b9968b66013c3a3ef39dd7e5798?s=96&d=mm&r=g","url":"https:\/\/secure.gravatar.com\/avatar\/3ea2118a5f7dad2b7138b1187a6b7ee55f160b9968b66013c3a3ef39dd7e5798?s=96&d=mm&r=g","contentUrl":"https:\/\/secure.gravatar.com\/avatar\/3ea2118a5f7dad2b7138b1187a6b7ee55f160b9968b66013c3a3ef39dd7e5798?s=96&d=mm&r=g","caption":"Jeanette"},"sameAs":["https:\/\/www.eldiario.net\/portal"],"url":"https:\/\/www.eldiario.net\/portal\/author\/jeanette\/"}]}},"_links":{"self":[{"href":"https:\/\/www.eldiario.net\/portal\/wp-json\/wp\/v2\/posts\/296195","targetHints":{"allow":["GET"]}}],"collection":[{"href":"https:\/\/www.eldiario.net\/portal\/wp-json\/wp\/v2\/posts"}],"about":[{"href":"https:\/\/www.eldiario.net\/portal\/wp-json\/wp\/v2\/types\/post"}],"author":[{"embeddable":true,"href":"https:\/\/www.eldiario.net\/portal\/wp-json\/wp\/v2\/users\/1"}],"replies":[{"embeddable":true,"href":"https:\/\/www.eldiario.net\/portal\/wp-json\/wp\/v2\/comments?post=296195"}],"version-history":[{"count":1,"href":"https:\/\/www.eldiario.net\/portal\/wp-json\/wp\/v2\/posts\/296195\/revisions"}],"predecessor-version":[{"id":296197,"href":"https:\/\/www.eldiario.net\/portal\/wp-json\/wp\/v2\/posts\/296195\/revisions\/296197"}],"wp:featuredmedia":[{"embeddable":true,"href":"https:\/\/www.eldiario.net\/portal\/wp-json\/wp\/v2\/media\/296196"}],"wp:attachment":[{"href":"https:\/\/www.eldiario.net\/portal\/wp-json\/wp\/v2\/media?parent=296195"}],"wp:term":[{"taxonomy":"category","embeddable":true,"href":"https:\/\/www.eldiario.net\/portal\/wp-json\/wp\/v2\/categories?post=296195"},{"taxonomy":"post_tag","embeddable":true,"href":"https:\/\/www.eldiario.net\/portal\/wp-json\/wp\/v2\/tags?post=296195"}],"curies":[{"name":"wp","href":"https:\/\/api.w.org\/{rel}","templated":true}]}}