{"id":296186,"date":"2025-04-18T06:33:52","date_gmt":"2025-04-18T10:33:52","guid":{"rendered":"https:\/\/www.eldiario.net\/portal\/?p=296186"},"modified":"2025-04-18T06:33:52","modified_gmt":"2025-04-18T10:33:52","slug":"sitios-religiosos-para-visitar-en-semana-santa-en-quito","status":"publish","type":"post","link":"https:\/\/www.eldiario.net\/portal\/2025\/04\/18\/sitios-religiosos-para-visitar-en-semana-santa-en-quito\/","title":{"rendered":"Sitios religiosos para visitar  en Semana Santa en Quito"},"content":{"rendered":"<p class=\"v1MsoNormal\">La Semana Santa en Quito ya tiene su agenda lista. Pero si no eres religioso y aun as\u00ed te interesa descubrir la riqueza espiritual y arquitect\u00f3nica de la ciudad, este es el momento perfecto para visitar algunos de los templos m\u00e1s emblem\u00e1ticos del Centro Hist\u00f3rico. M\u00e1s all\u00e1 de los rituales lit\u00fargicos, cada iglesia esconde un legado art\u00edstico y cultural que conecta con siglos de historia.<\/p>\n<p class=\"v1MsoNormal\">\n<p class=\"v1MsoNormal\">TEMPLO SAN FRANCISCO<\/p>\n<p class=\"v1MsoNormal\">La iglesia de San Francisco, junto a su convento y museo de arte religioso, es un \u00edcono del patrimonio quite\u00f1o. Con m\u00e1s de 150 a\u00f1os de construcci\u00f3n, su estructura es la m\u00e1s extensa entre todos los centros hist\u00f3ricos de Am\u00e9rica. Visitarla es entrar en un espacio de paz, historia y contemplaci\u00f3n.<\/p>\n<p class=\"v1MsoNormal\">Adem\u00e1s, los visitantes pueden subir al campanario para observar Quito desde el \u00abmejor balc\u00f3n\u00bb de la ciudad, y terminar la visita con una cerveza artesanal elaborada en el antiguo convento.<\/p>\n<p class=\"v1MsoNormal\">\n<p class=\"v1MsoNormal\">SANTO DOMINGO<\/p>\n<p class=\"v1MsoNormal\">El convento de Santo Domingo alberga algunas de las capillas m\u00e1s hermosas del pa\u00eds, como la que se levanta en honor a la Virgen del Rosario, una joya del barroco colonial. Tambi\u00e9n podr\u00e1s admirar la Virgen de la Escalera, una pintura mural del siglo XVII que es el cuadro m\u00e1s antiguo de Quito, y visitar, si se tiene suerte, espacios como la Capilla de Santa Rosa de Lima o la de la Virgen de Pompeya, decoradas con una impresionante riqueza iconogr\u00e1fica. El complejo incluye la Biblioteca Fray Ignacio de Quezada, con m\u00e1s de 33 mil libros antiguos, y el Museo Fray Pedro Bed\u00f3n, con obras de la Escuela Quite\u00f1a de Arte.<\/p>\n<p class=\"v1MsoNormal\">\n<p class=\"v1MsoNormal\">CATEDRAL DE QUITO<\/p>\n<p class=\"v1MsoNormal\">Situada en la Plaza Grande, la Catedral Metropolitana de Quito es uno de los templos m\u00e1s antiguos de Sudam\u00e9rica. Su arquitectura combina estilos barroco, mud\u00e9jar, neog\u00f3tico y neocl\u00e1sico. Se puede acceder a las c\u00fapulas para obtener una vista panor\u00e1mica de la ciudad, recorrer su biblioteca colonial, y conocer las criptas donde reposan personajes clave de la historia nacional, como Sucre y Garc\u00eda Moreno.<\/p>\n<p class=\"v1MsoNormal\">\n<p class=\"v1MsoNormal\">BAS\u00cdLICA DEL VOTO NACIONAL<\/p>\n<p class=\"v1MsoNormal\">Esta monumental obra neog\u00f3tica es la m\u00e1s alta de Latinoam\u00e9rica. Inspirada en la Catedral de Bourges (Francia), pero adaptada al entorno ecuatoriano, sorprende con g\u00e1rgolas en forma de animales de Gal\u00e1pagos. La Torre del C\u00f3ndor, de 115 metros de altura, ofrece la mejor vista del Centro Hist\u00f3rico, mientras que la Torre del Reloj y sus escaleras de caracol son una experiencia \u00fanica para quienes no temen a las alturas.<\/p>\n<p class=\"v1MsoNormal\">\n<p class=\"v1MsoNormal\">MUSEO DEL CARMEN ALTO<\/p>\n<p class=\"v1MsoNormal\">Ubicado en la antigua casa de Santa Marianita de Jes\u00fas, este museo muestra la vida de las carmelitas descalzas a trav\u00e9s de una museograf\u00eda \u00edntima y reflexiva. Las salas recrean la vida en clausura con objetos, esculturas y arte virreinal, incluyendo una destacada colecci\u00f3n de obras de V\u00edctor Mideros. Un viaje por la espiritualidad femenina y el misticismo quite\u00f1o.(La Hora, Ecuador)<\/p>\n<p class=\"v1MsoNormal\">\n","protected":false},"excerpt":{"rendered":"<p>La Semana Santa en Quito ya tiene su agenda lista. Pero si no eres religioso y aun as\u00ed te interesa descubrir la riqueza espiritual y arquitect\u00f3nica de la ciudad, este es el momento perfecto para visitar algunos de los templos m\u00e1s emblem\u00e1ticos del Centro Hist\u00f3rico. M\u00e1s all\u00e1 de los rituales lit\u00fargicos, cada iglesia esconde un [&hellip;]<\/p>\n","protected":false},"author":1,"featured_media":296187,"comment_status":"closed","ping_status":"open","sticky":false,"template":"","format":"standard","meta":{"_acf_changed":false,"footnotes":""},"categories":[3],"tags":[],"class_list":["post-296186","post","type-post","status-publish","format-standard","has-post-thumbnail","category-internacional"],"acf":{"antetitulo":"Ecuador"},"yoast_head":"<!-- This site is optimized with the Yoast SEO plugin v28.4 - https:\/\/yoast.com\/product\/yoast-seo-wordpress\/ -->\n<title>Sitios religiosos para visitar en Semana Santa en Quito - El Diario - Bolivia<\/title>\n<meta name=\"robots\" content=\"index, follow, max-snippet:-1, max-image-preview:large, max-video-preview:-1\" \/>\n<link rel=\"canonical\" href=\"https:\/\/www.eldiario.net\/portal\/2025\/04\/18\/sitios-religiosos-para-visitar-en-semana-santa-en-quito\/\" \/>\n<meta property=\"og:locale\" content=\"es_ES\" \/>\n<meta property=\"og:type\" content=\"article\" \/>\n<meta property=\"og:title\" content=\"Sitios religiosos para visitar en Semana Santa en Quito - El Diario - Bolivia\" \/>\n<meta property=\"og:description\" content=\"La Semana Santa en Quito ya tiene su agenda lista. Pero si no eres religioso y aun as\u00ed te interesa descubrir la riqueza espiritual y arquitect\u00f3nica de la ciudad, este es el momento perfecto para visitar algunos de los templos m\u00e1s emblem\u00e1ticos del Centro Hist\u00f3rico. M\u00e1s all\u00e1 de los rituales lit\u00fargicos, cada iglesia esconde un [&hellip;]\" \/>\n<meta property=\"og:url\" content=\"https:\/\/www.eldiario.net\/portal\/2025\/04\/18\/sitios-religiosos-para-visitar-en-semana-santa-en-quito\/\" \/>\n<meta property=\"og:site_name\" content=\"El Diario - Bolivia\" \/>\n<meta property=\"article:publisher\" content=\"https:\/\/www.facebook.com\/eldiario.bolivia\/\" \/>\n<meta property=\"article:published_time\" content=\"2025-04-18T10:33:52+00:00\" \/>\n<meta property=\"og:image\" content=\"https:\/\/www.eldiario.net\/portal\/wp-content\/uploads\/2025\/04\/IGLESIA-Pichincha-es-Turismo.jpg\" \/>\n\t<meta property=\"og:image:width\" content=\"675\" \/>\n\t<meta property=\"og:image:height\" content=\"387\" \/>\n\t<meta property=\"og:image:type\" content=\"image\/jpeg\" \/>\n<meta name=\"author\" content=\"Jeanette\" \/>\n<meta name=\"twitter:card\" content=\"summary_large_image\" \/>\n<meta name=\"twitter:creator\" content=\"@eldiario_net\" \/>\n<meta name=\"twitter:site\" content=\"@eldiario_net\" \/>\n<meta name=\"twitter:label1\" content=\"Escrito por\" \/>\n\t<meta name=\"twitter:data1\" content=\"Jeanette\" \/>\n\t<meta name=\"twitter:label2\" content=\"Tiempo de lectura\" \/>\n\t<meta name=\"twitter:data2\" content=\"3 minutos\" \/>\n<script type=\"application\/ld+json\" class=\"yoast-schema-graph\">{\"@context\":\"https:\\\/\\\/schema.org\",\"@graph\":[{\"@type\":\"Article\",\"@id\":\"https:\\\/\\\/www.eldiario.net\\\/portal\\\/2025\\\/04\\\/18\\\/sitios-religiosos-para-visitar-en-semana-santa-en-quito\\\/#article\",\"isPartOf\":{\"@id\":\"https:\\\/\\\/www.eldiario.net\\\/portal\\\/2025\\\/04\\\/18\\\/sitios-religiosos-para-visitar-en-semana-santa-en-quito\\\/\"},\"author\":{\"name\":\"Jeanette\",\"@id\":\"https:\\\/\\\/www.eldiario.net\\\/portal\\\/#\\\/schema\\\/person\\\/2c57cf2b7a7ae032e449e4c9b1019eac\"},\"headline\":\"Sitios religiosos para visitar en Semana Santa en Quito\",\"datePublished\":\"2025-04-18T10:33:52+00:00\",\"mainEntityOfPage\":{\"@id\":\"https:\\\/\\\/www.eldiario.net\\\/portal\\\/2025\\\/04\\\/18\\\/sitios-religiosos-para-visitar-en-semana-santa-en-quito\\\/\"},\"wordCount\":521,\"publisher\":{\"@id\":\"https:\\\/\\\/www.eldiario.net\\\/portal\\\/#organization\"},\"image\":{\"@id\":\"https:\\\/\\\/www.eldiario.net\\\/portal\\\/2025\\\/04\\\/18\\\/sitios-religiosos-para-visitar-en-semana-santa-en-quito\\\/#primaryimage\"},\"thumbnailUrl\":\"https:\\\/\\\/www.eldiario.net\\\/portal\\\/wp-content\\\/uploads\\\/2025\\\/04\\\/IGLESIA-Pichincha-es-Turismo.jpg\",\"articleSection\":[\"Internacional\"],\"inLanguage\":\"es\"},{\"@type\":\"WebPage\",\"@id\":\"https:\\\/\\\/www.eldiario.net\\\/portal\\\/2025\\\/04\\\/18\\\/sitios-religiosos-para-visitar-en-semana-santa-en-quito\\\/\",\"url\":\"https:\\\/\\\/www.eldiario.net\\\/portal\\\/2025\\\/04\\\/18\\\/sitios-religiosos-para-visitar-en-semana-santa-en-quito\\\/\",\"name\":\"Sitios religiosos para visitar en Semana Santa en Quito - El Diario - Bolivia\",\"isPartOf\":{\"@id\":\"https:\\\/\\\/www.eldiario.net\\\/portal\\\/#website\"},\"primaryImageOfPage\":{\"@id\":\"https:\\\/\\\/www.eldiario.net\\\/portal\\\/2025\\\/04\\\/18\\\/sitios-religiosos-para-visitar-en-semana-santa-en-quito\\\/#primaryimage\"},\"image\":{\"@id\":\"https:\\\/\\\/www.eldiario.net\\\/portal\\\/2025\\\/04\\\/18\\\/sitios-religiosos-para-visitar-en-semana-santa-en-quito\\\/#primaryimage\"},\"thumbnailUrl\":\"https:\\\/\\\/www.eldiario.net\\\/portal\\\/wp-content\\\/uploads\\\/2025\\\/04\\\/IGLESIA-Pichincha-es-Turismo.jpg\",\"datePublished\":\"2025-04-18T10:33:52+00:00\",\"breadcrumb\":{\"@id\":\"https:\\\/\\\/www.eldiario.net\\\/portal\\\/2025\\\/04\\\/18\\\/sitios-religiosos-para-visitar-en-semana-santa-en-quito\\\/#breadcrumb\"},\"inLanguage\":\"es\",\"potentialAction\":[{\"@type\":\"ReadAction\",\"target\":[\"https:\\\/\\\/www.eldiario.net\\\/portal\\\/2025\\\/04\\\/18\\\/sitios-religiosos-para-visitar-en-semana-santa-en-quito\\\/\"]}]},{\"@type\":\"ImageObject\",\"inLanguage\":\"es\",\"@id\":\"https:\\\/\\\/www.eldiario.net\\\/portal\\\/2025\\\/04\\\/18\\\/sitios-religiosos-para-visitar-en-semana-santa-en-quito\\\/#primaryimage\",\"url\":\"https:\\\/\\\/www.eldiario.net\\\/portal\\\/wp-content\\\/uploads\\\/2025\\\/04\\\/IGLESIA-Pichincha-es-Turismo.jpg\",\"contentUrl\":\"https:\\\/\\\/www.eldiario.net\\\/portal\\\/wp-content\\\/uploads\\\/2025\\\/04\\\/IGLESIA-Pichincha-es-Turismo.jpg\",\"width\":675,\"height\":387,\"caption\":\"Quito mantiene cinco lugares para conocer en Semana Santa. CREDITO: Pichincha es Turismo\"},{\"@type\":\"BreadcrumbList\",\"@id\":\"https:\\\/\\\/www.eldiario.net\\\/portal\\\/2025\\\/04\\\/18\\\/sitios-religiosos-para-visitar-en-semana-santa-en-quito\\\/#breadcrumb\",\"itemListElement\":[{\"@type\":\"ListItem\",\"position\":1,\"name\":\"Portada\",\"item\":\"https:\\\/\\\/www.eldiario.net\\\/portal\\\/\"},{\"@type\":\"ListItem\",\"position\":2,\"name\":\"Sitios religiosos para visitar en Semana Santa en Quito\"}]},{\"@type\":\"WebSite\",\"@id\":\"https:\\\/\\\/www.eldiario.net\\\/portal\\\/#website\",\"url\":\"https:\\\/\\\/www.eldiario.net\\\/portal\\\/\",\"name\":\"El Diario - Decano de la prensa nacional\",\"description\":\"El Diario - Decano de la prensa nacional\",\"publisher\":{\"@id\":\"https:\\\/\\\/www.eldiario.net\\\/portal\\\/#organization\"},\"potentialAction\":[{\"@type\":\"SearchAction\",\"target\":{\"@type\":\"EntryPoint\",\"urlTemplate\":\"https:\\\/\\\/www.eldiario.net\\\/portal\\\/?s={search_term_string}\"},\"query-input\":{\"@type\":\"PropertyValueSpecification\",\"valueRequired\":true,\"valueName\":\"search_term_string\"}}],\"inLanguage\":\"es\"},{\"@type\":\"Organization\",\"@id\":\"https:\\\/\\\/www.eldiario.net\\\/portal\\\/#organization\",\"name\":\"El Diario - Decano de la prensa nacional\",\"url\":\"https:\\\/\\\/www.eldiario.net\\\/portal\\\/\",\"logo\":{\"@type\":\"ImageObject\",\"inLanguage\":\"es\",\"@id\":\"https:\\\/\\\/www.eldiario.net\\\/portal\\\/#\\\/schema\\\/logo\\\/image\\\/\",\"url\":\"https:\\\/\\\/www.eldiario.net\\\/portal\\\/wp-content\\\/uploads\\\/2023\\\/07\\\/logo_ED.jpg\",\"contentUrl\":\"https:\\\/\\\/www.eldiario.net\\\/portal\\\/wp-content\\\/uploads\\\/2023\\\/07\\\/logo_ED.jpg\",\"width\":272,\"height\":52,\"caption\":\"El Diario - Decano de la prensa nacional\"},\"image\":{\"@id\":\"https:\\\/\\\/www.eldiario.net\\\/portal\\\/#\\\/schema\\\/logo\\\/image\\\/\"},\"sameAs\":[\"https:\\\/\\\/www.facebook.com\\\/eldiario.bolivia\\\/\",\"https:\\\/\\\/x.com\\\/eldiario_net\"]},{\"@type\":\"Person\",\"@id\":\"https:\\\/\\\/www.eldiario.net\\\/portal\\\/#\\\/schema\\\/person\\\/2c57cf2b7a7ae032e449e4c9b1019eac\",\"name\":\"Jeanette\",\"image\":{\"@type\":\"ImageObject\",\"inLanguage\":\"es\",\"@id\":\"https:\\\/\\\/secure.gravatar.com\\\/avatar\\\/3ea2118a5f7dad2b7138b1187a6b7ee55f160b9968b66013c3a3ef39dd7e5798?s=96&d=mm&r=g\",\"url\":\"https:\\\/\\\/secure.gravatar.com\\\/avatar\\\/3ea2118a5f7dad2b7138b1187a6b7ee55f160b9968b66013c3a3ef39dd7e5798?s=96&d=mm&r=g\",\"contentUrl\":\"https:\\\/\\\/secure.gravatar.com\\\/avatar\\\/3ea2118a5f7dad2b7138b1187a6b7ee55f160b9968b66013c3a3ef39dd7e5798?s=96&d=mm&r=g\",\"caption\":\"Jeanette\"},\"sameAs\":[\"https:\\\/\\\/www.eldiario.net\\\/portal\"],\"url\":\"https:\\\/\\\/www.eldiario.net\\\/portal\\\/author\\\/jeanette\\\/\"}]}<\/script>\n<!-- \/ Yoast SEO plugin. -->","yoast_head_json":{"title":"Sitios religiosos para visitar en Semana Santa en Quito - El Diario - Bolivia","robots":{"index":"index","follow":"follow","max-snippet":"max-snippet:-1","max-image-preview":"max-image-preview:large","max-video-preview":"max-video-preview:-1"},"canonical":"https:\/\/www.eldiario.net\/portal\/2025\/04\/18\/sitios-religiosos-para-visitar-en-semana-santa-en-quito\/","og_locale":"es_ES","og_type":"article","og_title":"Sitios religiosos para visitar en Semana Santa en Quito - El Diario - Bolivia","og_description":"La Semana Santa en Quito ya tiene su agenda lista. Pero si no eres religioso y aun as\u00ed te interesa descubrir la riqueza espiritual y arquitect\u00f3nica de la ciudad, este es el momento perfecto para visitar algunos de los templos m\u00e1s emblem\u00e1ticos del Centro Hist\u00f3rico. M\u00e1s all\u00e1 de los rituales lit\u00fargicos, cada iglesia esconde un [&hellip;]","og_url":"https:\/\/www.eldiario.net\/portal\/2025\/04\/18\/sitios-religiosos-para-visitar-en-semana-santa-en-quito\/","og_site_name":"El Diario - Bolivia","article_publisher":"https:\/\/www.facebook.com\/eldiario.bolivia\/","article_published_time":"2025-04-18T10:33:52+00:00","og_image":[{"width":675,"height":387,"url":"https:\/\/www.eldiario.net\/portal\/wp-content\/uploads\/2025\/04\/IGLESIA-Pichincha-es-Turismo.jpg","type":"image\/jpeg"}],"author":"Jeanette","twitter_card":"summary_large_image","twitter_creator":"@eldiario_net","twitter_site":"@eldiario_net","twitter_misc":{"Escrito por":"Jeanette","Tiempo de lectura":"3 minutos"},"schema":{"@context":"https:\/\/schema.org","@graph":[{"@type":"Article","@id":"https:\/\/www.eldiario.net\/portal\/2025\/04\/18\/sitios-religiosos-para-visitar-en-semana-santa-en-quito\/#article","isPartOf":{"@id":"https:\/\/www.eldiario.net\/portal\/2025\/04\/18\/sitios-religiosos-para-visitar-en-semana-santa-en-quito\/"},"author":{"name":"Jeanette","@id":"https:\/\/www.eldiario.net\/portal\/#\/schema\/person\/2c57cf2b7a7ae032e449e4c9b1019eac"},"headline":"Sitios religiosos para visitar en Semana Santa en Quito","datePublished":"2025-04-18T10:33:52+00:00","mainEntityOfPage":{"@id":"https:\/\/www.eldiario.net\/portal\/2025\/04\/18\/sitios-religiosos-para-visitar-en-semana-santa-en-quito\/"},"wordCount":521,"publisher":{"@id":"https:\/\/www.eldiario.net\/portal\/#organization"},"image":{"@id":"https:\/\/www.eldiario.net\/portal\/2025\/04\/18\/sitios-religiosos-para-visitar-en-semana-santa-en-quito\/#primaryimage"},"thumbnailUrl":"https:\/\/www.eldiario.net\/portal\/wp-content\/uploads\/2025\/04\/IGLESIA-Pichincha-es-Turismo.jpg","articleSection":["Internacional"],"inLanguage":"es"},{"@type":"WebPage","@id":"https:\/\/www.eldiario.net\/portal\/2025\/04\/18\/sitios-religiosos-para-visitar-en-semana-santa-en-quito\/","url":"https:\/\/www.eldiario.net\/portal\/2025\/04\/18\/sitios-religiosos-para-visitar-en-semana-santa-en-quito\/","name":"Sitios religiosos para visitar en Semana Santa en Quito - El Diario - Bolivia","isPartOf":{"@id":"https:\/\/www.eldiario.net\/portal\/#website"},"primaryImageOfPage":{"@id":"https:\/\/www.eldiario.net\/portal\/2025\/04\/18\/sitios-religiosos-para-visitar-en-semana-santa-en-quito\/#primaryimage"},"image":{"@id":"https:\/\/www.eldiario.net\/portal\/2025\/04\/18\/sitios-religiosos-para-visitar-en-semana-santa-en-quito\/#primaryimage"},"thumbnailUrl":"https:\/\/www.eldiario.net\/portal\/wp-content\/uploads\/2025\/04\/IGLESIA-Pichincha-es-Turismo.jpg","datePublished":"2025-04-18T10:33:52+00:00","breadcrumb":{"@id":"https:\/\/www.eldiario.net\/portal\/2025\/04\/18\/sitios-religiosos-para-visitar-en-semana-santa-en-quito\/#breadcrumb"},"inLanguage":"es","potentialAction":[{"@type":"ReadAction","target":["https:\/\/www.eldiario.net\/portal\/2025\/04\/18\/sitios-religiosos-para-visitar-en-semana-santa-en-quito\/"]}]},{"@type":"ImageObject","inLanguage":"es","@id":"https:\/\/www.eldiario.net\/portal\/2025\/04\/18\/sitios-religiosos-para-visitar-en-semana-santa-en-quito\/#primaryimage","url":"https:\/\/www.eldiario.net\/portal\/wp-content\/uploads\/2025\/04\/IGLESIA-Pichincha-es-Turismo.jpg","contentUrl":"https:\/\/www.eldiario.net\/portal\/wp-content\/uploads\/2025\/04\/IGLESIA-Pichincha-es-Turismo.jpg","width":675,"height":387,"caption":"Quito mantiene cinco lugares para conocer en Semana Santa. CREDITO: Pichincha es Turismo"},{"@type":"BreadcrumbList","@id":"https:\/\/www.eldiario.net\/portal\/2025\/04\/18\/sitios-religiosos-para-visitar-en-semana-santa-en-quito\/#breadcrumb","itemListElement":[{"@type":"ListItem","position":1,"name":"Portada","item":"https:\/\/www.eldiario.net\/portal\/"},{"@type":"ListItem","position":2,"name":"Sitios religiosos para visitar en Semana Santa en Quito"}]},{"@type":"WebSite","@id":"https:\/\/www.eldiario.net\/portal\/#website","url":"https:\/\/www.eldiario.net\/portal\/","name":"El Diario - Decano de la prensa nacional","description":"El Diario - Decano de la prensa nacional","publisher":{"@id":"https:\/\/www.eldiario.net\/portal\/#organization"},"potentialAction":[{"@type":"SearchAction","target":{"@type":"EntryPoint","urlTemplate":"https:\/\/www.eldiario.net\/portal\/?s={search_term_string}"},"query-input":{"@type":"PropertyValueSpecification","valueRequired":true,"valueName":"search_term_string"}}],"inLanguage":"es"},{"@type":"Organization","@id":"https:\/\/www.eldiario.net\/portal\/#organization","name":"El Diario - Decano de la prensa nacional","url":"https:\/\/www.eldiario.net\/portal\/","logo":{"@type":"ImageObject","inLanguage":"es","@id":"https:\/\/www.eldiario.net\/portal\/#\/schema\/logo\/image\/","url":"https:\/\/www.eldiario.net\/portal\/wp-content\/uploads\/2023\/07\/logo_ED.jpg","contentUrl":"https:\/\/www.eldiario.net\/portal\/wp-content\/uploads\/2023\/07\/logo_ED.jpg","width":272,"height":52,"caption":"El Diario - Decano de la prensa nacional"},"image":{"@id":"https:\/\/www.eldiario.net\/portal\/#\/schema\/logo\/image\/"},"sameAs":["https:\/\/www.facebook.com\/eldiario.bolivia\/","https:\/\/x.com\/eldiario_net"]},{"@type":"Person","@id":"https:\/\/www.eldiario.net\/portal\/#\/schema\/person\/2c57cf2b7a7ae032e449e4c9b1019eac","name":"Jeanette","image":{"@type":"ImageObject","inLanguage":"es","@id":"https:\/\/secure.gravatar.com\/avatar\/3ea2118a5f7dad2b7138b1187a6b7ee55f160b9968b66013c3a3ef39dd7e5798?s=96&d=mm&r=g","url":"https:\/\/secure.gravatar.com\/avatar\/3ea2118a5f7dad2b7138b1187a6b7ee55f160b9968b66013c3a3ef39dd7e5798?s=96&d=mm&r=g","contentUrl":"https:\/\/secure.gravatar.com\/avatar\/3ea2118a5f7dad2b7138b1187a6b7ee55f160b9968b66013c3a3ef39dd7e5798?s=96&d=mm&r=g","caption":"Jeanette"},"sameAs":["https:\/\/www.eldiario.net\/portal"],"url":"https:\/\/www.eldiario.net\/portal\/author\/jeanette\/"}]}},"_links":{"self":[{"href":"https:\/\/www.eldiario.net\/portal\/wp-json\/wp\/v2\/posts\/296186","targetHints":{"allow":["GET"]}}],"collection":[{"href":"https:\/\/www.eldiario.net\/portal\/wp-json\/wp\/v2\/posts"}],"about":[{"href":"https:\/\/www.eldiario.net\/portal\/wp-json\/wp\/v2\/types\/post"}],"author":[{"embeddable":true,"href":"https:\/\/www.eldiario.net\/portal\/wp-json\/wp\/v2\/users\/1"}],"replies":[{"embeddable":true,"href":"https:\/\/www.eldiario.net\/portal\/wp-json\/wp\/v2\/comments?post=296186"}],"version-history":[{"count":1,"href":"https:\/\/www.eldiario.net\/portal\/wp-json\/wp\/v2\/posts\/296186\/revisions"}],"predecessor-version":[{"id":296188,"href":"https:\/\/www.eldiario.net\/portal\/wp-json\/wp\/v2\/posts\/296186\/revisions\/296188"}],"wp:featuredmedia":[{"embeddable":true,"href":"https:\/\/www.eldiario.net\/portal\/wp-json\/wp\/v2\/media\/296187"}],"wp:attachment":[{"href":"https:\/\/www.eldiario.net\/portal\/wp-json\/wp\/v2\/media?parent=296186"}],"wp:term":[{"taxonomy":"category","embeddable":true,"href":"https:\/\/www.eldiario.net\/portal\/wp-json\/wp\/v2\/categories?post=296186"},{"taxonomy":"post_tag","embeddable":true,"href":"https:\/\/www.eldiario.net\/portal\/wp-json\/wp\/v2\/tags?post=296186"}],"curies":[{"name":"wp","href":"https:\/\/api.w.org\/{rel}","templated":true}]}}