{"id":296183,"date":"2025-04-18T06:33:09","date_gmt":"2025-04-18T10:33:09","guid":{"rendered":"https:\/\/www.eldiario.net\/portal\/?p=296183"},"modified":"2025-04-18T06:33:09","modified_gmt":"2025-04-18T10:33:09","slug":"trump-pide-despedir-a-responsable-de-la-fed-por-presunta-ineficiencia","status":"publish","type":"post","link":"https:\/\/www.eldiario.net\/portal\/2025\/04\/18\/trump-pide-despedir-a-responsable-de-la-fed-por-presunta-ineficiencia\/","title":{"rendered":"Trump pide despedir a responsable  de la FED por presunta ineficiencia"},"content":{"rendered":"<p class=\"v1MsoNormal\">El presidente de Estados Unidos, Donald Trump, pidi\u00f3 ayer el despido del presidente de la Reserva Federal del pa\u00eds, Jerome Powell, porque sus informes son un \u00abcompleto desastre\u00bb.<\/p>\n<p class=\"v1MsoNormal\">\u00abSe espera que el Banco Central Europeo recorte los tipos de inter\u00e9s por s\u00e9ptima vez, y, sin embargo, Jerome Powell, de la Reserva Federal, quien siempre llega demasiado tarde y se equivoca, emiti\u00f3 ayer un informe que fue otro, t\u00edpico y completo desastre\u00bb, se\u00f1al\u00f3 en un mensaje en su red social Truth.<\/p>\n<p class=\"v1MsoNormal\">Por este motivo, el magnate ha vuelto a pedir un recorte en los tipos de inter\u00e9s, que actualmente se sit\u00faan en el entorno del 4,25% y el 4,50%, frente al 2,5% que estableci\u00f3 el BCE.<\/p>\n<p class=\"v1MsoNormal\">\u00abJerome Powell deber\u00eda haber bajado los tipos de inter\u00e9s, como el BCE, hace tiempo, pero sin duda deber\u00eda bajarlos ahora. \u00a1El despido de Powell no puede esperar!\u00bb, se\u00f1al\u00f3.<\/p>\n<p class=\"v1MsoNormal\">\n<p class=\"v1MsoNormal\">SIN EXPECTATIVAS<\/p>\n<p class=\"v1MsoNormal\">El \u00faltimo Comit\u00e9 Federal de Mercado Abierto (FOMC) de la Fed se celebr\u00f3 sin expectativas de nuevos recortes de tipos, en un momento marcado por la incertidumbre provocada por la pol\u00edtica arancelaria del Gobierno de Donald Trump.<\/p>\n<p class=\"v1MsoNormal\">El FOMC se\u00f1al\u00f3 que, a la hora de modificar la tasa de referencia, estar\u00e1 atento a la afectaci\u00f3n de los datos entrantes sobre el entorno macroecon\u00f3mico y el balance de riesgos.<\/p>\n<p class=\"v1MsoNormal\">En este sentido, el instituto emisor asegur\u00f3 que estar\u00e1 \u00abpreparado\u00bb para ajustar los tipos de ser necesario, para lo que se analizar\u00e1n las lecturas del mercado laboral, de inflaci\u00f3n, as\u00ed como los efectos derivados de los acontecimientos internacionales y financieros.<\/p>\n<p class=\"v1MsoNormal\">La mayor\u00eda de analistas anticiparon que persistir\u00e1 la idea de que en 2025 el ritmo de los recortes deber\u00e1 ser prudente. Esta postura se debe a los efectos que la guerra comercial desatada por Trump pueda tener sobre la subida de precios, que en febrero se situ\u00f3 en el 2,8% interanual, con la inflaci\u00f3n subyacente en el 3,1%, por encima de la meta del 2%.(RTVE.es)<\/p>\n<p class=\"v1MsoNormal\">\n","protected":false},"excerpt":{"rendered":"<p>El presidente de Estados Unidos, Donald Trump, pidi\u00f3 ayer el despido del presidente de la Reserva Federal del pa\u00eds, Jerome Powell, porque sus informes son un \u00abcompleto desastre\u00bb. \u00abSe espera que el Banco Central Europeo recorte los tipos de inter\u00e9s por s\u00e9ptima vez, y, sin embargo, Jerome Powell, de la Reserva Federal, quien siempre llega [&hellip;]<\/p>\n","protected":false},"author":1,"featured_media":296184,"comment_status":"closed","ping_status":"open","sticky":false,"template":"","format":"standard","meta":{"_acf_changed":false,"footnotes":""},"categories":[3],"tags":[],"class_list":["post-296183","post","type-post","status-publish","format-standard","has-post-thumbnail","category-internacional"],"acf":{"antetitulo":""},"yoast_head":"<!-- This site is optimized with the Yoast SEO plugin v28.4 - https:\/\/yoast.com\/product\/yoast-seo-wordpress\/ -->\n<title>Trump pide despedir a responsable de la FED por presunta ineficiencia - El Diario - Bolivia<\/title>\n<meta name=\"robots\" content=\"index, follow, max-snippet:-1, max-image-preview:large, max-video-preview:-1\" \/>\n<link rel=\"canonical\" href=\"https:\/\/www.eldiario.net\/portal\/2025\/04\/18\/trump-pide-despedir-a-responsable-de-la-fed-por-presunta-ineficiencia\/\" \/>\n<meta property=\"og:locale\" content=\"es_ES\" \/>\n<meta property=\"og:type\" content=\"article\" \/>\n<meta property=\"og:title\" content=\"Trump pide despedir a responsable de la FED por presunta ineficiencia - El Diario - Bolivia\" \/>\n<meta property=\"og:description\" content=\"El presidente de Estados Unidos, Donald Trump, pidi\u00f3 ayer el despido del presidente de la Reserva Federal del pa\u00eds, Jerome Powell, porque sus informes son un \u00abcompleto desastre\u00bb. \u00abSe espera que el Banco Central Europeo recorte los tipos de inter\u00e9s por s\u00e9ptima vez, y, sin embargo, Jerome Powell, de la Reserva Federal, quien siempre llega [&hellip;]\" \/>\n<meta property=\"og:url\" content=\"https:\/\/www.eldiario.net\/portal\/2025\/04\/18\/trump-pide-despedir-a-responsable-de-la-fed-por-presunta-ineficiencia\/\" \/>\n<meta property=\"og:site_name\" content=\"El Diario - Bolivia\" \/>\n<meta property=\"article:publisher\" content=\"https:\/\/www.facebook.com\/eldiario.bolivia\/\" \/>\n<meta property=\"article:published_time\" content=\"2025-04-18T10:33:09+00:00\" \/>\n<meta property=\"og:image\" content=\"https:\/\/www.eldiario.net\/portal\/wp-content\/uploads\/2025\/04\/FED-RTVE.jpg\" \/>\n\t<meta property=\"og:image:width\" content=\"1600\" \/>\n\t<meta property=\"og:image:height\" content=\"900\" \/>\n\t<meta property=\"og:image:type\" content=\"image\/jpeg\" \/>\n<meta name=\"author\" content=\"Jeanette\" \/>\n<meta name=\"twitter:card\" content=\"summary_large_image\" \/>\n<meta name=\"twitter:creator\" content=\"@eldiario_net\" \/>\n<meta name=\"twitter:site\" content=\"@eldiario_net\" \/>\n<meta name=\"twitter:label1\" content=\"Escrito por\" \/>\n\t<meta name=\"twitter:data1\" content=\"Jeanette\" \/>\n\t<meta name=\"twitter:label2\" content=\"Tiempo de lectura\" \/>\n\t<meta name=\"twitter:data2\" content=\"2 minutos\" \/>\n<script type=\"application\/ld+json\" class=\"yoast-schema-graph\">{\"@context\":\"https:\\\/\\\/schema.org\",\"@graph\":[{\"@type\":\"Article\",\"@id\":\"https:\\\/\\\/www.eldiario.net\\\/portal\\\/2025\\\/04\\\/18\\\/trump-pide-despedir-a-responsable-de-la-fed-por-presunta-ineficiencia\\\/#article\",\"isPartOf\":{\"@id\":\"https:\\\/\\\/www.eldiario.net\\\/portal\\\/2025\\\/04\\\/18\\\/trump-pide-despedir-a-responsable-de-la-fed-por-presunta-ineficiencia\\\/\"},\"author\":{\"name\":\"Jeanette\",\"@id\":\"https:\\\/\\\/www.eldiario.net\\\/portal\\\/#\\\/schema\\\/person\\\/2c57cf2b7a7ae032e449e4c9b1019eac\"},\"headline\":\"Trump pide despedir a responsable de la FED por presunta ineficiencia\",\"datePublished\":\"2025-04-18T10:33:09+00:00\",\"mainEntityOfPage\":{\"@id\":\"https:\\\/\\\/www.eldiario.net\\\/portal\\\/2025\\\/04\\\/18\\\/trump-pide-despedir-a-responsable-de-la-fed-por-presunta-ineficiencia\\\/\"},\"wordCount\":343,\"publisher\":{\"@id\":\"https:\\\/\\\/www.eldiario.net\\\/portal\\\/#organization\"},\"image\":{\"@id\":\"https:\\\/\\\/www.eldiario.net\\\/portal\\\/2025\\\/04\\\/18\\\/trump-pide-despedir-a-responsable-de-la-fed-por-presunta-ineficiencia\\\/#primaryimage\"},\"thumbnailUrl\":\"https:\\\/\\\/www.eldiario.net\\\/portal\\\/wp-content\\\/uploads\\\/2025\\\/04\\\/FED-RTVE.jpg\",\"articleSection\":[\"Internacional\"],\"inLanguage\":\"es\"},{\"@type\":\"WebPage\",\"@id\":\"https:\\\/\\\/www.eldiario.net\\\/portal\\\/2025\\\/04\\\/18\\\/trump-pide-despedir-a-responsable-de-la-fed-por-presunta-ineficiencia\\\/\",\"url\":\"https:\\\/\\\/www.eldiario.net\\\/portal\\\/2025\\\/04\\\/18\\\/trump-pide-despedir-a-responsable-de-la-fed-por-presunta-ineficiencia\\\/\",\"name\":\"Trump pide despedir a responsable de la FED por presunta ineficiencia - El Diario - Bolivia\",\"isPartOf\":{\"@id\":\"https:\\\/\\\/www.eldiario.net\\\/portal\\\/#website\"},\"primaryImageOfPage\":{\"@id\":\"https:\\\/\\\/www.eldiario.net\\\/portal\\\/2025\\\/04\\\/18\\\/trump-pide-despedir-a-responsable-de-la-fed-por-presunta-ineficiencia\\\/#primaryimage\"},\"image\":{\"@id\":\"https:\\\/\\\/www.eldiario.net\\\/portal\\\/2025\\\/04\\\/18\\\/trump-pide-despedir-a-responsable-de-la-fed-por-presunta-ineficiencia\\\/#primaryimage\"},\"thumbnailUrl\":\"https:\\\/\\\/www.eldiario.net\\\/portal\\\/wp-content\\\/uploads\\\/2025\\\/04\\\/FED-RTVE.jpg\",\"datePublished\":\"2025-04-18T10:33:09+00:00\",\"breadcrumb\":{\"@id\":\"https:\\\/\\\/www.eldiario.net\\\/portal\\\/2025\\\/04\\\/18\\\/trump-pide-despedir-a-responsable-de-la-fed-por-presunta-ineficiencia\\\/#breadcrumb\"},\"inLanguage\":\"es\",\"potentialAction\":[{\"@type\":\"ReadAction\",\"target\":[\"https:\\\/\\\/www.eldiario.net\\\/portal\\\/2025\\\/04\\\/18\\\/trump-pide-despedir-a-responsable-de-la-fed-por-presunta-ineficiencia\\\/\"]}]},{\"@type\":\"ImageObject\",\"inLanguage\":\"es\",\"@id\":\"https:\\\/\\\/www.eldiario.net\\\/portal\\\/2025\\\/04\\\/18\\\/trump-pide-despedir-a-responsable-de-la-fed-por-presunta-ineficiencia\\\/#primaryimage\",\"url\":\"https:\\\/\\\/www.eldiario.net\\\/portal\\\/wp-content\\\/uploads\\\/2025\\\/04\\\/FED-RTVE.jpg\",\"contentUrl\":\"https:\\\/\\\/www.eldiario.net\\\/portal\\\/wp-content\\\/uploads\\\/2025\\\/04\\\/FED-RTVE.jpg\",\"width\":1600,\"height\":900,\"caption\":\"El presidente de Estados Unidos, Donald Trump. CREDITO: RTVE.es\"},{\"@type\":\"BreadcrumbList\",\"@id\":\"https:\\\/\\\/www.eldiario.net\\\/portal\\\/2025\\\/04\\\/18\\\/trump-pide-despedir-a-responsable-de-la-fed-por-presunta-ineficiencia\\\/#breadcrumb\",\"itemListElement\":[{\"@type\":\"ListItem\",\"position\":1,\"name\":\"Portada\",\"item\":\"https:\\\/\\\/www.eldiario.net\\\/portal\\\/\"},{\"@type\":\"ListItem\",\"position\":2,\"name\":\"Trump pide despedir a responsable de la FED por presunta ineficiencia\"}]},{\"@type\":\"WebSite\",\"@id\":\"https:\\\/\\\/www.eldiario.net\\\/portal\\\/#website\",\"url\":\"https:\\\/\\\/www.eldiario.net\\\/portal\\\/\",\"name\":\"El Diario - Decano de la prensa nacional\",\"description\":\"El Diario - Decano de la prensa nacional\",\"publisher\":{\"@id\":\"https:\\\/\\\/www.eldiario.net\\\/portal\\\/#organization\"},\"potentialAction\":[{\"@type\":\"SearchAction\",\"target\":{\"@type\":\"EntryPoint\",\"urlTemplate\":\"https:\\\/\\\/www.eldiario.net\\\/portal\\\/?s={search_term_string}\"},\"query-input\":{\"@type\":\"PropertyValueSpecification\",\"valueRequired\":true,\"valueName\":\"search_term_string\"}}],\"inLanguage\":\"es\"},{\"@type\":\"Organization\",\"@id\":\"https:\\\/\\\/www.eldiario.net\\\/portal\\\/#organization\",\"name\":\"El Diario - Decano de la prensa nacional\",\"url\":\"https:\\\/\\\/www.eldiario.net\\\/portal\\\/\",\"logo\":{\"@type\":\"ImageObject\",\"inLanguage\":\"es\",\"@id\":\"https:\\\/\\\/www.eldiario.net\\\/portal\\\/#\\\/schema\\\/logo\\\/image\\\/\",\"url\":\"https:\\\/\\\/www.eldiario.net\\\/portal\\\/wp-content\\\/uploads\\\/2023\\\/07\\\/logo_ED.jpg\",\"contentUrl\":\"https:\\\/\\\/www.eldiario.net\\\/portal\\\/wp-content\\\/uploads\\\/2023\\\/07\\\/logo_ED.jpg\",\"width\":272,\"height\":52,\"caption\":\"El Diario - Decano de la prensa nacional\"},\"image\":{\"@id\":\"https:\\\/\\\/www.eldiario.net\\\/portal\\\/#\\\/schema\\\/logo\\\/image\\\/\"},\"sameAs\":[\"https:\\\/\\\/www.facebook.com\\\/eldiario.bolivia\\\/\",\"https:\\\/\\\/x.com\\\/eldiario_net\"]},{\"@type\":\"Person\",\"@id\":\"https:\\\/\\\/www.eldiario.net\\\/portal\\\/#\\\/schema\\\/person\\\/2c57cf2b7a7ae032e449e4c9b1019eac\",\"name\":\"Jeanette\",\"image\":{\"@type\":\"ImageObject\",\"inLanguage\":\"es\",\"@id\":\"https:\\\/\\\/secure.gravatar.com\\\/avatar\\\/3ea2118a5f7dad2b7138b1187a6b7ee55f160b9968b66013c3a3ef39dd7e5798?s=96&d=mm&r=g\",\"url\":\"https:\\\/\\\/secure.gravatar.com\\\/avatar\\\/3ea2118a5f7dad2b7138b1187a6b7ee55f160b9968b66013c3a3ef39dd7e5798?s=96&d=mm&r=g\",\"contentUrl\":\"https:\\\/\\\/secure.gravatar.com\\\/avatar\\\/3ea2118a5f7dad2b7138b1187a6b7ee55f160b9968b66013c3a3ef39dd7e5798?s=96&d=mm&r=g\",\"caption\":\"Jeanette\"},\"sameAs\":[\"https:\\\/\\\/www.eldiario.net\\\/portal\"],\"url\":\"https:\\\/\\\/www.eldiario.net\\\/portal\\\/author\\\/jeanette\\\/\"}]}<\/script>\n<!-- \/ Yoast SEO plugin. -->","yoast_head_json":{"title":"Trump pide despedir a responsable de la FED por presunta ineficiencia - El Diario - Bolivia","robots":{"index":"index","follow":"follow","max-snippet":"max-snippet:-1","max-image-preview":"max-image-preview:large","max-video-preview":"max-video-preview:-1"},"canonical":"https:\/\/www.eldiario.net\/portal\/2025\/04\/18\/trump-pide-despedir-a-responsable-de-la-fed-por-presunta-ineficiencia\/","og_locale":"es_ES","og_type":"article","og_title":"Trump pide despedir a responsable de la FED por presunta ineficiencia - El Diario - Bolivia","og_description":"El presidente de Estados Unidos, Donald Trump, pidi\u00f3 ayer el despido del presidente de la Reserva Federal del pa\u00eds, Jerome Powell, porque sus informes son un \u00abcompleto desastre\u00bb. \u00abSe espera que el Banco Central Europeo recorte los tipos de inter\u00e9s por s\u00e9ptima vez, y, sin embargo, Jerome Powell, de la Reserva Federal, quien siempre llega [&hellip;]","og_url":"https:\/\/www.eldiario.net\/portal\/2025\/04\/18\/trump-pide-despedir-a-responsable-de-la-fed-por-presunta-ineficiencia\/","og_site_name":"El Diario - Bolivia","article_publisher":"https:\/\/www.facebook.com\/eldiario.bolivia\/","article_published_time":"2025-04-18T10:33:09+00:00","og_image":[{"width":1600,"height":900,"url":"https:\/\/www.eldiario.net\/portal\/wp-content\/uploads\/2025\/04\/FED-RTVE.jpg","type":"image\/jpeg"}],"author":"Jeanette","twitter_card":"summary_large_image","twitter_creator":"@eldiario_net","twitter_site":"@eldiario_net","twitter_misc":{"Escrito por":"Jeanette","Tiempo de lectura":"2 minutos"},"schema":{"@context":"https:\/\/schema.org","@graph":[{"@type":"Article","@id":"https:\/\/www.eldiario.net\/portal\/2025\/04\/18\/trump-pide-despedir-a-responsable-de-la-fed-por-presunta-ineficiencia\/#article","isPartOf":{"@id":"https:\/\/www.eldiario.net\/portal\/2025\/04\/18\/trump-pide-despedir-a-responsable-de-la-fed-por-presunta-ineficiencia\/"},"author":{"name":"Jeanette","@id":"https:\/\/www.eldiario.net\/portal\/#\/schema\/person\/2c57cf2b7a7ae032e449e4c9b1019eac"},"headline":"Trump pide despedir a responsable de la FED por presunta ineficiencia","datePublished":"2025-04-18T10:33:09+00:00","mainEntityOfPage":{"@id":"https:\/\/www.eldiario.net\/portal\/2025\/04\/18\/trump-pide-despedir-a-responsable-de-la-fed-por-presunta-ineficiencia\/"},"wordCount":343,"publisher":{"@id":"https:\/\/www.eldiario.net\/portal\/#organization"},"image":{"@id":"https:\/\/www.eldiario.net\/portal\/2025\/04\/18\/trump-pide-despedir-a-responsable-de-la-fed-por-presunta-ineficiencia\/#primaryimage"},"thumbnailUrl":"https:\/\/www.eldiario.net\/portal\/wp-content\/uploads\/2025\/04\/FED-RTVE.jpg","articleSection":["Internacional"],"inLanguage":"es"},{"@type":"WebPage","@id":"https:\/\/www.eldiario.net\/portal\/2025\/04\/18\/trump-pide-despedir-a-responsable-de-la-fed-por-presunta-ineficiencia\/","url":"https:\/\/www.eldiario.net\/portal\/2025\/04\/18\/trump-pide-despedir-a-responsable-de-la-fed-por-presunta-ineficiencia\/","name":"Trump pide despedir a responsable de la FED por presunta ineficiencia - El Diario - Bolivia","isPartOf":{"@id":"https:\/\/www.eldiario.net\/portal\/#website"},"primaryImageOfPage":{"@id":"https:\/\/www.eldiario.net\/portal\/2025\/04\/18\/trump-pide-despedir-a-responsable-de-la-fed-por-presunta-ineficiencia\/#primaryimage"},"image":{"@id":"https:\/\/www.eldiario.net\/portal\/2025\/04\/18\/trump-pide-despedir-a-responsable-de-la-fed-por-presunta-ineficiencia\/#primaryimage"},"thumbnailUrl":"https:\/\/www.eldiario.net\/portal\/wp-content\/uploads\/2025\/04\/FED-RTVE.jpg","datePublished":"2025-04-18T10:33:09+00:00","breadcrumb":{"@id":"https:\/\/www.eldiario.net\/portal\/2025\/04\/18\/trump-pide-despedir-a-responsable-de-la-fed-por-presunta-ineficiencia\/#breadcrumb"},"inLanguage":"es","potentialAction":[{"@type":"ReadAction","target":["https:\/\/www.eldiario.net\/portal\/2025\/04\/18\/trump-pide-despedir-a-responsable-de-la-fed-por-presunta-ineficiencia\/"]}]},{"@type":"ImageObject","inLanguage":"es","@id":"https:\/\/www.eldiario.net\/portal\/2025\/04\/18\/trump-pide-despedir-a-responsable-de-la-fed-por-presunta-ineficiencia\/#primaryimage","url":"https:\/\/www.eldiario.net\/portal\/wp-content\/uploads\/2025\/04\/FED-RTVE.jpg","contentUrl":"https:\/\/www.eldiario.net\/portal\/wp-content\/uploads\/2025\/04\/FED-RTVE.jpg","width":1600,"height":900,"caption":"El presidente de Estados Unidos, Donald Trump. CREDITO: RTVE.es"},{"@type":"BreadcrumbList","@id":"https:\/\/www.eldiario.net\/portal\/2025\/04\/18\/trump-pide-despedir-a-responsable-de-la-fed-por-presunta-ineficiencia\/#breadcrumb","itemListElement":[{"@type":"ListItem","position":1,"name":"Portada","item":"https:\/\/www.eldiario.net\/portal\/"},{"@type":"ListItem","position":2,"name":"Trump pide despedir a responsable de la FED por presunta ineficiencia"}]},{"@type":"WebSite","@id":"https:\/\/www.eldiario.net\/portal\/#website","url":"https:\/\/www.eldiario.net\/portal\/","name":"El Diario - Decano de la prensa nacional","description":"El Diario - Decano de la prensa nacional","publisher":{"@id":"https:\/\/www.eldiario.net\/portal\/#organization"},"potentialAction":[{"@type":"SearchAction","target":{"@type":"EntryPoint","urlTemplate":"https:\/\/www.eldiario.net\/portal\/?s={search_term_string}"},"query-input":{"@type":"PropertyValueSpecification","valueRequired":true,"valueName":"search_term_string"}}],"inLanguage":"es"},{"@type":"Organization","@id":"https:\/\/www.eldiario.net\/portal\/#organization","name":"El Diario - Decano de la prensa nacional","url":"https:\/\/www.eldiario.net\/portal\/","logo":{"@type":"ImageObject","inLanguage":"es","@id":"https:\/\/www.eldiario.net\/portal\/#\/schema\/logo\/image\/","url":"https:\/\/www.eldiario.net\/portal\/wp-content\/uploads\/2023\/07\/logo_ED.jpg","contentUrl":"https:\/\/www.eldiario.net\/portal\/wp-content\/uploads\/2023\/07\/logo_ED.jpg","width":272,"height":52,"caption":"El Diario - Decano de la prensa nacional"},"image":{"@id":"https:\/\/www.eldiario.net\/portal\/#\/schema\/logo\/image\/"},"sameAs":["https:\/\/www.facebook.com\/eldiario.bolivia\/","https:\/\/x.com\/eldiario_net"]},{"@type":"Person","@id":"https:\/\/www.eldiario.net\/portal\/#\/schema\/person\/2c57cf2b7a7ae032e449e4c9b1019eac","name":"Jeanette","image":{"@type":"ImageObject","inLanguage":"es","@id":"https:\/\/secure.gravatar.com\/avatar\/3ea2118a5f7dad2b7138b1187a6b7ee55f160b9968b66013c3a3ef39dd7e5798?s=96&d=mm&r=g","url":"https:\/\/secure.gravatar.com\/avatar\/3ea2118a5f7dad2b7138b1187a6b7ee55f160b9968b66013c3a3ef39dd7e5798?s=96&d=mm&r=g","contentUrl":"https:\/\/secure.gravatar.com\/avatar\/3ea2118a5f7dad2b7138b1187a6b7ee55f160b9968b66013c3a3ef39dd7e5798?s=96&d=mm&r=g","caption":"Jeanette"},"sameAs":["https:\/\/www.eldiario.net\/portal"],"url":"https:\/\/www.eldiario.net\/portal\/author\/jeanette\/"}]}},"_links":{"self":[{"href":"https:\/\/www.eldiario.net\/portal\/wp-json\/wp\/v2\/posts\/296183","targetHints":{"allow":["GET"]}}],"collection":[{"href":"https:\/\/www.eldiario.net\/portal\/wp-json\/wp\/v2\/posts"}],"about":[{"href":"https:\/\/www.eldiario.net\/portal\/wp-json\/wp\/v2\/types\/post"}],"author":[{"embeddable":true,"href":"https:\/\/www.eldiario.net\/portal\/wp-json\/wp\/v2\/users\/1"}],"replies":[{"embeddable":true,"href":"https:\/\/www.eldiario.net\/portal\/wp-json\/wp\/v2\/comments?post=296183"}],"version-history":[{"count":1,"href":"https:\/\/www.eldiario.net\/portal\/wp-json\/wp\/v2\/posts\/296183\/revisions"}],"predecessor-version":[{"id":296185,"href":"https:\/\/www.eldiario.net\/portal\/wp-json\/wp\/v2\/posts\/296183\/revisions\/296185"}],"wp:featuredmedia":[{"embeddable":true,"href":"https:\/\/www.eldiario.net\/portal\/wp-json\/wp\/v2\/media\/296184"}],"wp:attachment":[{"href":"https:\/\/www.eldiario.net\/portal\/wp-json\/wp\/v2\/media?parent=296183"}],"wp:term":[{"taxonomy":"category","embeddable":true,"href":"https:\/\/www.eldiario.net\/portal\/wp-json\/wp\/v2\/categories?post=296183"},{"taxonomy":"post_tag","embeddable":true,"href":"https:\/\/www.eldiario.net\/portal\/wp-json\/wp\/v2\/tags?post=296183"}],"curies":[{"name":"wp","href":"https:\/\/api.w.org\/{rel}","templated":true}]}}