{"id":296180,"date":"2025-04-18T06:32:35","date_gmt":"2025-04-18T10:32:35","guid":{"rendered":"https:\/\/www.eldiario.net\/portal\/?p=296180"},"modified":"2025-04-18T06:32:35","modified_gmt":"2025-04-18T10:32:35","slug":"finlandia-mantendra-cerrada-su-frontera-oriental-con-rusia","status":"publish","type":"post","link":"https:\/\/www.eldiario.net\/portal\/2025\/04\/18\/finlandia-mantendra-cerrada-su-frontera-oriental-con-rusia\/","title":{"rendered":"Finlandia mantendr\u00e1 cerrada  su frontera oriental con Rusia"},"content":{"rendered":"<p class=\"v1MsoNormal\">El Gobierno finland\u00e9s anunci\u00f3 que mantendr\u00e1 en vigor el cierre total de su frontera con Rusia al tr\u00e1fico de personas \u00abhasta nuevo aviso\u00bb para impedir que Mosc\u00fa utilice la llegada masiva de refugiados de terceros pa\u00edses como herramienta de desestabilizaci\u00f3n.<\/p>\n<p class=\"v1MsoNormal\">\u00abSeg\u00fan la informaci\u00f3n de que disponen las autoridades finlandesas, sigue existiendo el riesgo de que la migraci\u00f3n instrumentalizada se reanude y se expanda, como sucedi\u00f3 anteriormente. De continuar, el fen\u00f3meno representar\u00eda una grave amenaza para la seguridad nacional y el orden p\u00fablico de Finlandia\u00bb, se\u00f1al\u00f3 el Gobierno en un comunicado.<\/p>\n<p class=\"v1MsoNormal\">El pa\u00eds n\u00f3rdico cerr\u00f3 todos sus pasos fronterizos terrestres con Rusia el 15 de diciembre de 2023, despu\u00e9s de que la Guardia de Fronteras alertara de un inusual aumento del flujo de demandantes de asilo procedentes de Rusia que el Gobierno atribuy\u00f3 a un \u00abataque h\u00edbrido\u00bb por parte de Mosc\u00fa.<\/p>\n<p class=\"v1MsoNormal\">El cierre de la frontera fren\u00f3 en seco el flujo migratorio desde Rusia, pero las autoridades finlandesas tem\u00edan que se produjese una llegada masiva de inmigrantes si reabr\u00edan los puestos fronterizos, por lo que, en abril del a\u00f1o pasado, el Ejecutivo decret\u00f3 el cierre indefinido de la frontera oriental.<\/p>\n<p class=\"v1MsoNormal\">\n<p class=\"v1MsoNormal\">LEY CRITICADA<\/p>\n<p class=\"v1MsoNormal\">Poco despu\u00e9s, el Parlamento aprob\u00f3 la pol\u00e9mica Ley de Seguridad Fronteriza, que autoriza a la Guardia de Fronteras a impedir la entrada en el pa\u00eds a refugiados e inmigrantes y devolverlos en caliente a Rusia si el Gobierno considera que se trata de \u00abmigraci\u00f3n instrumental\u00bb.<\/p>\n<p class=\"v1MsoNormal\">Esta ley, que fue criticada por organizaciones de derechos humanos, entr\u00f3 en vigor el 22 de julio de 2024 y su validez inicial era de un a\u00f1o, aunque el Ejecutivo ha propuesto prorrogarla hasta el 31 de diciembre de 2026.<\/p>\n<p class=\"v1MsoNormal\">\u00abLas decisiones gubernamentales mencionadas y la promulgaci\u00f3n de la Ley de Seguridad Fronteriza han surtido el efecto previsto y la migraci\u00f3n instrumentalizada, que comenz\u00f3 en noviembre de 2023, ha cesado por ahora\u00bb, afirm\u00f3 el Gobierno en su comunicado.<\/p>\n<p class=\"v1MsoNormal\">\u00abLa migraci\u00f3n instrumentalizada es una de las v\u00edas que Rusia utiliza para ejercer presi\u00f3n y afectar la seguridad y la estabilidad social de Finlandia y la Uni\u00f3n Europea (UE)\u00bb, agreg\u00f3.<\/p>\n<p class=\"v1MsoNormal\">Con cerca de 1.340 kil\u00f3metros, la frontera finlandesa con Rusia es la m\u00e1s larga de todos los pa\u00edses de la Uni\u00f3n Europea y de la OTAN.(Dw)<\/p>\n","protected":false},"excerpt":{"rendered":"<p>El Gobierno finland\u00e9s anunci\u00f3 que mantendr\u00e1 en vigor el cierre total de su frontera con Rusia al tr\u00e1fico de personas \u00abhasta nuevo aviso\u00bb para impedir que Mosc\u00fa utilice la llegada masiva de refugiados de terceros pa\u00edses como herramienta de desestabilizaci\u00f3n. \u00abSeg\u00fan la informaci\u00f3n de que disponen las autoridades finlandesas, sigue existiendo el riesgo de que [&hellip;]<\/p>\n","protected":false},"author":1,"featured_media":296181,"comment_status":"closed","ping_status":"open","sticky":false,"template":"","format":"standard","meta":{"_acf_changed":false,"footnotes":""},"categories":[3],"tags":[],"class_list":["post-296180","post","type-post","status-publish","format-standard","has-post-thumbnail","category-internacional"],"acf":{"antetitulo":""},"yoast_head":"<!-- This site is optimized with the Yoast SEO plugin v28.4 - https:\/\/yoast.com\/product\/yoast-seo-wordpress\/ -->\n<title>Finlandia mantendr\u00e1 cerrada su frontera oriental con Rusia - El Diario - Bolivia<\/title>\n<meta name=\"robots\" content=\"index, follow, max-snippet:-1, max-image-preview:large, max-video-preview:-1\" \/>\n<link rel=\"canonical\" href=\"https:\/\/www.eldiario.net\/portal\/2025\/04\/18\/finlandia-mantendra-cerrada-su-frontera-oriental-con-rusia\/\" \/>\n<meta property=\"og:locale\" content=\"es_ES\" \/>\n<meta property=\"og:type\" content=\"article\" \/>\n<meta property=\"og:title\" content=\"Finlandia mantendr\u00e1 cerrada su frontera oriental con Rusia - El Diario - Bolivia\" \/>\n<meta property=\"og:description\" content=\"El Gobierno finland\u00e9s anunci\u00f3 que mantendr\u00e1 en vigor el cierre total de su frontera con Rusia al tr\u00e1fico de personas \u00abhasta nuevo aviso\u00bb para impedir que Mosc\u00fa utilice la llegada masiva de refugiados de terceros pa\u00edses como herramienta de desestabilizaci\u00f3n. \u00abSeg\u00fan la informaci\u00f3n de que disponen las autoridades finlandesas, sigue existiendo el riesgo de que [&hellip;]\" \/>\n<meta property=\"og:url\" content=\"https:\/\/www.eldiario.net\/portal\/2025\/04\/18\/finlandia-mantendra-cerrada-su-frontera-oriental-con-rusia\/\" \/>\n<meta property=\"og:site_name\" content=\"El Diario - Bolivia\" \/>\n<meta property=\"article:publisher\" content=\"https:\/\/www.facebook.com\/eldiario.bolivia\/\" \/>\n<meta property=\"article:published_time\" content=\"2025-04-18T10:32:35+00:00\" \/>\n<meta property=\"og:image\" content=\"https:\/\/www.eldiario.net\/portal\/wp-content\/uploads\/2025\/04\/FINLANDIA-Getty-Images.webp\" \/>\n\t<meta property=\"og:image:width\" content=\"1200\" \/>\n\t<meta property=\"og:image:height\" content=\"525\" \/>\n\t<meta property=\"og:image:type\" content=\"image\/webp\" \/>\n<meta name=\"author\" content=\"Jeanette\" \/>\n<meta name=\"twitter:card\" content=\"summary_large_image\" \/>\n<meta name=\"twitter:creator\" content=\"@eldiario_net\" \/>\n<meta name=\"twitter:site\" content=\"@eldiario_net\" \/>\n<meta name=\"twitter:label1\" content=\"Escrito por\" \/>\n\t<meta name=\"twitter:data1\" content=\"Jeanette\" \/>\n\t<meta name=\"twitter:label2\" content=\"Tiempo de lectura\" \/>\n\t<meta name=\"twitter:data2\" content=\"2 minutos\" \/>\n<script type=\"application\/ld+json\" class=\"yoast-schema-graph\">{\"@context\":\"https:\\\/\\\/schema.org\",\"@graph\":[{\"@type\":\"Article\",\"@id\":\"https:\\\/\\\/www.eldiario.net\\\/portal\\\/2025\\\/04\\\/18\\\/finlandia-mantendra-cerrada-su-frontera-oriental-con-rusia\\\/#article\",\"isPartOf\":{\"@id\":\"https:\\\/\\\/www.eldiario.net\\\/portal\\\/2025\\\/04\\\/18\\\/finlandia-mantendra-cerrada-su-frontera-oriental-con-rusia\\\/\"},\"author\":{\"name\":\"Jeanette\",\"@id\":\"https:\\\/\\\/www.eldiario.net\\\/portal\\\/#\\\/schema\\\/person\\\/2c57cf2b7a7ae032e449e4c9b1019eac\"},\"headline\":\"Finlandia mantendr\u00e1 cerrada su frontera oriental con Rusia\",\"datePublished\":\"2025-04-18T10:32:35+00:00\",\"mainEntityOfPage\":{\"@id\":\"https:\\\/\\\/www.eldiario.net\\\/portal\\\/2025\\\/04\\\/18\\\/finlandia-mantendra-cerrada-su-frontera-oriental-con-rusia\\\/\"},\"wordCount\":404,\"publisher\":{\"@id\":\"https:\\\/\\\/www.eldiario.net\\\/portal\\\/#organization\"},\"image\":{\"@id\":\"https:\\\/\\\/www.eldiario.net\\\/portal\\\/2025\\\/04\\\/18\\\/finlandia-mantendra-cerrada-su-frontera-oriental-con-rusia\\\/#primaryimage\"},\"thumbnailUrl\":\"https:\\\/\\\/www.eldiario.net\\\/portal\\\/wp-content\\\/uploads\\\/2025\\\/04\\\/FINLANDIA-Getty-Images.webp\",\"articleSection\":[\"Internacional\"],\"inLanguage\":\"es\"},{\"@type\":\"WebPage\",\"@id\":\"https:\\\/\\\/www.eldiario.net\\\/portal\\\/2025\\\/04\\\/18\\\/finlandia-mantendra-cerrada-su-frontera-oriental-con-rusia\\\/\",\"url\":\"https:\\\/\\\/www.eldiario.net\\\/portal\\\/2025\\\/04\\\/18\\\/finlandia-mantendra-cerrada-su-frontera-oriental-con-rusia\\\/\",\"name\":\"Finlandia mantendr\u00e1 cerrada su frontera oriental con Rusia - El Diario - Bolivia\",\"isPartOf\":{\"@id\":\"https:\\\/\\\/www.eldiario.net\\\/portal\\\/#website\"},\"primaryImageOfPage\":{\"@id\":\"https:\\\/\\\/www.eldiario.net\\\/portal\\\/2025\\\/04\\\/18\\\/finlandia-mantendra-cerrada-su-frontera-oriental-con-rusia\\\/#primaryimage\"},\"image\":{\"@id\":\"https:\\\/\\\/www.eldiario.net\\\/portal\\\/2025\\\/04\\\/18\\\/finlandia-mantendra-cerrada-su-frontera-oriental-con-rusia\\\/#primaryimage\"},\"thumbnailUrl\":\"https:\\\/\\\/www.eldiario.net\\\/portal\\\/wp-content\\\/uploads\\\/2025\\\/04\\\/FINLANDIA-Getty-Images.webp\",\"datePublished\":\"2025-04-18T10:32:35+00:00\",\"breadcrumb\":{\"@id\":\"https:\\\/\\\/www.eldiario.net\\\/portal\\\/2025\\\/04\\\/18\\\/finlandia-mantendra-cerrada-su-frontera-oriental-con-rusia\\\/#breadcrumb\"},\"inLanguage\":\"es\",\"potentialAction\":[{\"@type\":\"ReadAction\",\"target\":[\"https:\\\/\\\/www.eldiario.net\\\/portal\\\/2025\\\/04\\\/18\\\/finlandia-mantendra-cerrada-su-frontera-oriental-con-rusia\\\/\"]}]},{\"@type\":\"ImageObject\",\"inLanguage\":\"es\",\"@id\":\"https:\\\/\\\/www.eldiario.net\\\/portal\\\/2025\\\/04\\\/18\\\/finlandia-mantendra-cerrada-su-frontera-oriental-con-rusia\\\/#primaryimage\",\"url\":\"https:\\\/\\\/www.eldiario.net\\\/portal\\\/wp-content\\\/uploads\\\/2025\\\/04\\\/FINLANDIA-Getty-Images.webp\",\"contentUrl\":\"https:\\\/\\\/www.eldiario.net\\\/portal\\\/wp-content\\\/uploads\\\/2025\\\/04\\\/FINLANDIA-Getty-Images.webp\",\"width\":1200,\"height\":525,\"caption\":\"Frontera entre Rusia y Finlandia. CREDITO: Getty Images\"},{\"@type\":\"BreadcrumbList\",\"@id\":\"https:\\\/\\\/www.eldiario.net\\\/portal\\\/2025\\\/04\\\/18\\\/finlandia-mantendra-cerrada-su-frontera-oriental-con-rusia\\\/#breadcrumb\",\"itemListElement\":[{\"@type\":\"ListItem\",\"position\":1,\"name\":\"Portada\",\"item\":\"https:\\\/\\\/www.eldiario.net\\\/portal\\\/\"},{\"@type\":\"ListItem\",\"position\":2,\"name\":\"Finlandia mantendr\u00e1 cerrada su frontera oriental con Rusia\"}]},{\"@type\":\"WebSite\",\"@id\":\"https:\\\/\\\/www.eldiario.net\\\/portal\\\/#website\",\"url\":\"https:\\\/\\\/www.eldiario.net\\\/portal\\\/\",\"name\":\"El Diario - Decano de la prensa nacional\",\"description\":\"El Diario - Decano de la prensa nacional\",\"publisher\":{\"@id\":\"https:\\\/\\\/www.eldiario.net\\\/portal\\\/#organization\"},\"potentialAction\":[{\"@type\":\"SearchAction\",\"target\":{\"@type\":\"EntryPoint\",\"urlTemplate\":\"https:\\\/\\\/www.eldiario.net\\\/portal\\\/?s={search_term_string}\"},\"query-input\":{\"@type\":\"PropertyValueSpecification\",\"valueRequired\":true,\"valueName\":\"search_term_string\"}}],\"inLanguage\":\"es\"},{\"@type\":\"Organization\",\"@id\":\"https:\\\/\\\/www.eldiario.net\\\/portal\\\/#organization\",\"name\":\"El Diario - Decano de la prensa nacional\",\"url\":\"https:\\\/\\\/www.eldiario.net\\\/portal\\\/\",\"logo\":{\"@type\":\"ImageObject\",\"inLanguage\":\"es\",\"@id\":\"https:\\\/\\\/www.eldiario.net\\\/portal\\\/#\\\/schema\\\/logo\\\/image\\\/\",\"url\":\"https:\\\/\\\/www.eldiario.net\\\/portal\\\/wp-content\\\/uploads\\\/2023\\\/07\\\/logo_ED.jpg\",\"contentUrl\":\"https:\\\/\\\/www.eldiario.net\\\/portal\\\/wp-content\\\/uploads\\\/2023\\\/07\\\/logo_ED.jpg\",\"width\":272,\"height\":52,\"caption\":\"El Diario - Decano de la prensa nacional\"},\"image\":{\"@id\":\"https:\\\/\\\/www.eldiario.net\\\/portal\\\/#\\\/schema\\\/logo\\\/image\\\/\"},\"sameAs\":[\"https:\\\/\\\/www.facebook.com\\\/eldiario.bolivia\\\/\",\"https:\\\/\\\/x.com\\\/eldiario_net\"]},{\"@type\":\"Person\",\"@id\":\"https:\\\/\\\/www.eldiario.net\\\/portal\\\/#\\\/schema\\\/person\\\/2c57cf2b7a7ae032e449e4c9b1019eac\",\"name\":\"Jeanette\",\"image\":{\"@type\":\"ImageObject\",\"inLanguage\":\"es\",\"@id\":\"https:\\\/\\\/secure.gravatar.com\\\/avatar\\\/3ea2118a5f7dad2b7138b1187a6b7ee55f160b9968b66013c3a3ef39dd7e5798?s=96&d=mm&r=g\",\"url\":\"https:\\\/\\\/secure.gravatar.com\\\/avatar\\\/3ea2118a5f7dad2b7138b1187a6b7ee55f160b9968b66013c3a3ef39dd7e5798?s=96&d=mm&r=g\",\"contentUrl\":\"https:\\\/\\\/secure.gravatar.com\\\/avatar\\\/3ea2118a5f7dad2b7138b1187a6b7ee55f160b9968b66013c3a3ef39dd7e5798?s=96&d=mm&r=g\",\"caption\":\"Jeanette\"},\"sameAs\":[\"https:\\\/\\\/www.eldiario.net\\\/portal\"],\"url\":\"https:\\\/\\\/www.eldiario.net\\\/portal\\\/author\\\/jeanette\\\/\"}]}<\/script>\n<!-- \/ Yoast SEO plugin. -->","yoast_head_json":{"title":"Finlandia mantendr\u00e1 cerrada su frontera oriental con Rusia - El Diario - Bolivia","robots":{"index":"index","follow":"follow","max-snippet":"max-snippet:-1","max-image-preview":"max-image-preview:large","max-video-preview":"max-video-preview:-1"},"canonical":"https:\/\/www.eldiario.net\/portal\/2025\/04\/18\/finlandia-mantendra-cerrada-su-frontera-oriental-con-rusia\/","og_locale":"es_ES","og_type":"article","og_title":"Finlandia mantendr\u00e1 cerrada su frontera oriental con Rusia - El Diario - Bolivia","og_description":"El Gobierno finland\u00e9s anunci\u00f3 que mantendr\u00e1 en vigor el cierre total de su frontera con Rusia al tr\u00e1fico de personas \u00abhasta nuevo aviso\u00bb para impedir que Mosc\u00fa utilice la llegada masiva de refugiados de terceros pa\u00edses como herramienta de desestabilizaci\u00f3n. \u00abSeg\u00fan la informaci\u00f3n de que disponen las autoridades finlandesas, sigue existiendo el riesgo de que [&hellip;]","og_url":"https:\/\/www.eldiario.net\/portal\/2025\/04\/18\/finlandia-mantendra-cerrada-su-frontera-oriental-con-rusia\/","og_site_name":"El Diario - Bolivia","article_publisher":"https:\/\/www.facebook.com\/eldiario.bolivia\/","article_published_time":"2025-04-18T10:32:35+00:00","og_image":[{"width":1200,"height":525,"url":"https:\/\/www.eldiario.net\/portal\/wp-content\/uploads\/2025\/04\/FINLANDIA-Getty-Images.webp","type":"image\/webp"}],"author":"Jeanette","twitter_card":"summary_large_image","twitter_creator":"@eldiario_net","twitter_site":"@eldiario_net","twitter_misc":{"Escrito por":"Jeanette","Tiempo de lectura":"2 minutos"},"schema":{"@context":"https:\/\/schema.org","@graph":[{"@type":"Article","@id":"https:\/\/www.eldiario.net\/portal\/2025\/04\/18\/finlandia-mantendra-cerrada-su-frontera-oriental-con-rusia\/#article","isPartOf":{"@id":"https:\/\/www.eldiario.net\/portal\/2025\/04\/18\/finlandia-mantendra-cerrada-su-frontera-oriental-con-rusia\/"},"author":{"name":"Jeanette","@id":"https:\/\/www.eldiario.net\/portal\/#\/schema\/person\/2c57cf2b7a7ae032e449e4c9b1019eac"},"headline":"Finlandia mantendr\u00e1 cerrada su frontera oriental con Rusia","datePublished":"2025-04-18T10:32:35+00:00","mainEntityOfPage":{"@id":"https:\/\/www.eldiario.net\/portal\/2025\/04\/18\/finlandia-mantendra-cerrada-su-frontera-oriental-con-rusia\/"},"wordCount":404,"publisher":{"@id":"https:\/\/www.eldiario.net\/portal\/#organization"},"image":{"@id":"https:\/\/www.eldiario.net\/portal\/2025\/04\/18\/finlandia-mantendra-cerrada-su-frontera-oriental-con-rusia\/#primaryimage"},"thumbnailUrl":"https:\/\/www.eldiario.net\/portal\/wp-content\/uploads\/2025\/04\/FINLANDIA-Getty-Images.webp","articleSection":["Internacional"],"inLanguage":"es"},{"@type":"WebPage","@id":"https:\/\/www.eldiario.net\/portal\/2025\/04\/18\/finlandia-mantendra-cerrada-su-frontera-oriental-con-rusia\/","url":"https:\/\/www.eldiario.net\/portal\/2025\/04\/18\/finlandia-mantendra-cerrada-su-frontera-oriental-con-rusia\/","name":"Finlandia mantendr\u00e1 cerrada su frontera oriental con Rusia - El Diario - Bolivia","isPartOf":{"@id":"https:\/\/www.eldiario.net\/portal\/#website"},"primaryImageOfPage":{"@id":"https:\/\/www.eldiario.net\/portal\/2025\/04\/18\/finlandia-mantendra-cerrada-su-frontera-oriental-con-rusia\/#primaryimage"},"image":{"@id":"https:\/\/www.eldiario.net\/portal\/2025\/04\/18\/finlandia-mantendra-cerrada-su-frontera-oriental-con-rusia\/#primaryimage"},"thumbnailUrl":"https:\/\/www.eldiario.net\/portal\/wp-content\/uploads\/2025\/04\/FINLANDIA-Getty-Images.webp","datePublished":"2025-04-18T10:32:35+00:00","breadcrumb":{"@id":"https:\/\/www.eldiario.net\/portal\/2025\/04\/18\/finlandia-mantendra-cerrada-su-frontera-oriental-con-rusia\/#breadcrumb"},"inLanguage":"es","potentialAction":[{"@type":"ReadAction","target":["https:\/\/www.eldiario.net\/portal\/2025\/04\/18\/finlandia-mantendra-cerrada-su-frontera-oriental-con-rusia\/"]}]},{"@type":"ImageObject","inLanguage":"es","@id":"https:\/\/www.eldiario.net\/portal\/2025\/04\/18\/finlandia-mantendra-cerrada-su-frontera-oriental-con-rusia\/#primaryimage","url":"https:\/\/www.eldiario.net\/portal\/wp-content\/uploads\/2025\/04\/FINLANDIA-Getty-Images.webp","contentUrl":"https:\/\/www.eldiario.net\/portal\/wp-content\/uploads\/2025\/04\/FINLANDIA-Getty-Images.webp","width":1200,"height":525,"caption":"Frontera entre Rusia y Finlandia. CREDITO: Getty Images"},{"@type":"BreadcrumbList","@id":"https:\/\/www.eldiario.net\/portal\/2025\/04\/18\/finlandia-mantendra-cerrada-su-frontera-oriental-con-rusia\/#breadcrumb","itemListElement":[{"@type":"ListItem","position":1,"name":"Portada","item":"https:\/\/www.eldiario.net\/portal\/"},{"@type":"ListItem","position":2,"name":"Finlandia mantendr\u00e1 cerrada su frontera oriental con Rusia"}]},{"@type":"WebSite","@id":"https:\/\/www.eldiario.net\/portal\/#website","url":"https:\/\/www.eldiario.net\/portal\/","name":"El Diario - Decano de la prensa nacional","description":"El Diario - Decano de la prensa nacional","publisher":{"@id":"https:\/\/www.eldiario.net\/portal\/#organization"},"potentialAction":[{"@type":"SearchAction","target":{"@type":"EntryPoint","urlTemplate":"https:\/\/www.eldiario.net\/portal\/?s={search_term_string}"},"query-input":{"@type":"PropertyValueSpecification","valueRequired":true,"valueName":"search_term_string"}}],"inLanguage":"es"},{"@type":"Organization","@id":"https:\/\/www.eldiario.net\/portal\/#organization","name":"El Diario - Decano de la prensa nacional","url":"https:\/\/www.eldiario.net\/portal\/","logo":{"@type":"ImageObject","inLanguage":"es","@id":"https:\/\/www.eldiario.net\/portal\/#\/schema\/logo\/image\/","url":"https:\/\/www.eldiario.net\/portal\/wp-content\/uploads\/2023\/07\/logo_ED.jpg","contentUrl":"https:\/\/www.eldiario.net\/portal\/wp-content\/uploads\/2023\/07\/logo_ED.jpg","width":272,"height":52,"caption":"El Diario - Decano de la prensa nacional"},"image":{"@id":"https:\/\/www.eldiario.net\/portal\/#\/schema\/logo\/image\/"},"sameAs":["https:\/\/www.facebook.com\/eldiario.bolivia\/","https:\/\/x.com\/eldiario_net"]},{"@type":"Person","@id":"https:\/\/www.eldiario.net\/portal\/#\/schema\/person\/2c57cf2b7a7ae032e449e4c9b1019eac","name":"Jeanette","image":{"@type":"ImageObject","inLanguage":"es","@id":"https:\/\/secure.gravatar.com\/avatar\/3ea2118a5f7dad2b7138b1187a6b7ee55f160b9968b66013c3a3ef39dd7e5798?s=96&d=mm&r=g","url":"https:\/\/secure.gravatar.com\/avatar\/3ea2118a5f7dad2b7138b1187a6b7ee55f160b9968b66013c3a3ef39dd7e5798?s=96&d=mm&r=g","contentUrl":"https:\/\/secure.gravatar.com\/avatar\/3ea2118a5f7dad2b7138b1187a6b7ee55f160b9968b66013c3a3ef39dd7e5798?s=96&d=mm&r=g","caption":"Jeanette"},"sameAs":["https:\/\/www.eldiario.net\/portal"],"url":"https:\/\/www.eldiario.net\/portal\/author\/jeanette\/"}]}},"_links":{"self":[{"href":"https:\/\/www.eldiario.net\/portal\/wp-json\/wp\/v2\/posts\/296180","targetHints":{"allow":["GET"]}}],"collection":[{"href":"https:\/\/www.eldiario.net\/portal\/wp-json\/wp\/v2\/posts"}],"about":[{"href":"https:\/\/www.eldiario.net\/portal\/wp-json\/wp\/v2\/types\/post"}],"author":[{"embeddable":true,"href":"https:\/\/www.eldiario.net\/portal\/wp-json\/wp\/v2\/users\/1"}],"replies":[{"embeddable":true,"href":"https:\/\/www.eldiario.net\/portal\/wp-json\/wp\/v2\/comments?post=296180"}],"version-history":[{"count":1,"href":"https:\/\/www.eldiario.net\/portal\/wp-json\/wp\/v2\/posts\/296180\/revisions"}],"predecessor-version":[{"id":296182,"href":"https:\/\/www.eldiario.net\/portal\/wp-json\/wp\/v2\/posts\/296180\/revisions\/296182"}],"wp:featuredmedia":[{"embeddable":true,"href":"https:\/\/www.eldiario.net\/portal\/wp-json\/wp\/v2\/media\/296181"}],"wp:attachment":[{"href":"https:\/\/www.eldiario.net\/portal\/wp-json\/wp\/v2\/media?parent=296180"}],"wp:term":[{"taxonomy":"category","embeddable":true,"href":"https:\/\/www.eldiario.net\/portal\/wp-json\/wp\/v2\/categories?post=296180"},{"taxonomy":"post_tag","embeddable":true,"href":"https:\/\/www.eldiario.net\/portal\/wp-json\/wp\/v2\/tags?post=296180"}],"curies":[{"name":"wp","href":"https:\/\/api.w.org\/{rel}","templated":true}]}}