{"id":296177,"date":"2025-04-18T06:31:58","date_gmt":"2025-04-18T10:31:58","guid":{"rendered":"https:\/\/www.eldiario.net\/portal\/?p=296177"},"modified":"2025-04-18T06:31:58","modified_gmt":"2025-04-18T10:31:58","slug":"ap-acusa-a-casa-blanca-de-incumplir-mandato-judicial","status":"publish","type":"post","link":"https:\/\/www.eldiario.net\/portal\/2025\/04\/18\/ap-acusa-a-casa-blanca-de-incumplir-mandato-judicial\/","title":{"rendered":"AP acusa a Casa Blanca de  incumplir mandato judicial"},"content":{"rendered":"<p class=\"v1MsoNormal\">Associated Press acus\u00f3 a colaboradores del presidente Donald Trump de no cumplir con una orden judicial que restableci\u00f3 su acceso a los eventos de prensa en la Casa Blanca, despu\u00e9s de que un juez determin\u00f3 que la agencia de noticias se hab\u00eda enfrentado a represalias ilegales.<\/p>\n<p class=\"v1MsoNormal\">En una presentaci\u00f3n judicial el mi\u00e9rcoles, los abogados de AP acusaron a la Casa Blanca de seguir excluyendo a sus periodistas del peque\u00f1o grupo de reporteros que viaja con el presidente y asiste a eventos en el Sal\u00f3n Oval, en violaci\u00f3n de la orden del juez de distrito Trevor McFadden de levantar esas restricciones mientras avanza una demanda.<\/p>\n<p class=\"v1MsoNormal\">McFadden determin\u00f3 que la Casa Blanca hab\u00eda discriminado a la AP por seguir refiri\u00e9ndose al Golfo de M\u00e9xico en su cobertura y no al Golfo de Estados Unidos, como orden\u00f3 Trump.<\/p>\n<p class=\"v1MsoNormal\">El tribunal sostuvo que la Casa Blanca probablemente hab\u00eda violado las protecciones a la libertad de expresi\u00f3n consideradas en la Constituci\u00f3n de Estados Unidos.<\/p>\n<p class=\"v1MsoNormal\">La Casa Blanca apel\u00f3 el fallo de McFadden ante un tribunal federal, que estaba previsto que escuche los argumentos ayer sobre si debe suspender la decisi\u00f3n.<\/p>\n<p class=\"v1MsoNormal\">La Casa Blanca se\u00f1al\u00f3 el martes que todos los servicios de noticias, incluidos Reuters y Bloomberg, ya no tendr\u00edan un puesto permanente en el grupo de prensa. AP argument\u00f3 que la nueva pol\u00edtica violaba claramente la orden anterior y era un pretexto para tomar m\u00e1s represalias en su contra.<\/p>\n<p class=\"v1MsoNormal\">El escrito de AP no propone ninguna medida concreta, pero insta al juez a que garantice el cumplimiento inmediato de su orden.<\/p>\n<p class=\"v1MsoNormal\">Reuters y AP emitieron sendos comunicados en los que denunciaban la nueva pol\u00edtica, que coloca a los servicios de noticias en una mayor rotaci\u00f3n con otros 30 peri\u00f3dicos y medios impresos.<\/p>\n<p class=\"v1MsoNormal\">Otros medios de comunicaci\u00f3n, incluidas organizaciones locales de noticias que no tienen presencia en Washington, conf\u00edan en los informes de los servicios de noticias sobre las declaraciones presidenciales, al igual que los mercados financieros mundiales. (La Naci\u00f3n)<\/p>\n","protected":false},"excerpt":{"rendered":"<p>Associated Press acus\u00f3 a colaboradores del presidente Donald Trump de no cumplir con una orden judicial que restableci\u00f3 su acceso a los eventos de prensa en la Casa Blanca, despu\u00e9s de que un juez determin\u00f3 que la agencia de noticias se hab\u00eda enfrentado a represalias ilegales. En una presentaci\u00f3n judicial el mi\u00e9rcoles, los abogados de [&hellip;]<\/p>\n","protected":false},"author":1,"featured_media":296178,"comment_status":"closed","ping_status":"open","sticky":false,"template":"","format":"standard","meta":{"_acf_changed":false,"footnotes":""},"categories":[3],"tags":[],"class_list":["post-296177","post","type-post","status-publish","format-standard","has-post-thumbnail","category-internacional"],"acf":{"antetitulo":""},"yoast_head":"<!-- This site is optimized with the Yoast SEO plugin v28.4 - https:\/\/yoast.com\/product\/yoast-seo-wordpress\/ -->\n<title>AP acusa a Casa Blanca de incumplir mandato judicial - El Diario - Bolivia<\/title>\n<meta name=\"robots\" content=\"index, follow, max-snippet:-1, max-image-preview:large, max-video-preview:-1\" \/>\n<link rel=\"canonical\" href=\"https:\/\/www.eldiario.net\/portal\/2025\/04\/18\/ap-acusa-a-casa-blanca-de-incumplir-mandato-judicial\/\" \/>\n<meta property=\"og:locale\" content=\"es_ES\" \/>\n<meta property=\"og:type\" content=\"article\" \/>\n<meta property=\"og:title\" content=\"AP acusa a Casa Blanca de incumplir mandato judicial - El Diario - Bolivia\" \/>\n<meta property=\"og:description\" content=\"Associated Press acus\u00f3 a colaboradores del presidente Donald Trump de no cumplir con una orden judicial que restableci\u00f3 su acceso a los eventos de prensa en la Casa Blanca, despu\u00e9s de que un juez determin\u00f3 que la agencia de noticias se hab\u00eda enfrentado a represalias ilegales. En una presentaci\u00f3n judicial el mi\u00e9rcoles, los abogados de [&hellip;]\" \/>\n<meta property=\"og:url\" content=\"https:\/\/www.eldiario.net\/portal\/2025\/04\/18\/ap-acusa-a-casa-blanca-de-incumplir-mandato-judicial\/\" \/>\n<meta property=\"og:site_name\" content=\"El Diario - Bolivia\" \/>\n<meta property=\"article:publisher\" content=\"https:\/\/www.facebook.com\/eldiario.bolivia\/\" \/>\n<meta property=\"article:published_time\" content=\"2025-04-18T10:31:58+00:00\" \/>\n<meta property=\"og:image\" content=\"https:\/\/www.eldiario.net\/portal\/wp-content\/uploads\/2025\/04\/AP-AFP.jpeg\" \/>\n\t<meta property=\"og:image:width\" content=\"990\" \/>\n\t<meta property=\"og:image:height\" content=\"660\" \/>\n\t<meta property=\"og:image:type\" content=\"image\/jpeg\" \/>\n<meta name=\"author\" content=\"Jeanette\" \/>\n<meta name=\"twitter:card\" content=\"summary_large_image\" \/>\n<meta name=\"twitter:creator\" content=\"@eldiario_net\" \/>\n<meta name=\"twitter:site\" content=\"@eldiario_net\" \/>\n<meta name=\"twitter:label1\" content=\"Escrito por\" \/>\n\t<meta name=\"twitter:data1\" content=\"Jeanette\" \/>\n\t<meta name=\"twitter:label2\" content=\"Tiempo de lectura\" \/>\n\t<meta name=\"twitter:data2\" content=\"2 minutos\" \/>\n<script type=\"application\/ld+json\" class=\"yoast-schema-graph\">{\"@context\":\"https:\\\/\\\/schema.org\",\"@graph\":[{\"@type\":\"Article\",\"@id\":\"https:\\\/\\\/www.eldiario.net\\\/portal\\\/2025\\\/04\\\/18\\\/ap-acusa-a-casa-blanca-de-incumplir-mandato-judicial\\\/#article\",\"isPartOf\":{\"@id\":\"https:\\\/\\\/www.eldiario.net\\\/portal\\\/2025\\\/04\\\/18\\\/ap-acusa-a-casa-blanca-de-incumplir-mandato-judicial\\\/\"},\"author\":{\"name\":\"Jeanette\",\"@id\":\"https:\\\/\\\/www.eldiario.net\\\/portal\\\/#\\\/schema\\\/person\\\/2c57cf2b7a7ae032e449e4c9b1019eac\"},\"headline\":\"AP acusa a Casa Blanca de incumplir mandato judicial\",\"datePublished\":\"2025-04-18T10:31:58+00:00\",\"mainEntityOfPage\":{\"@id\":\"https:\\\/\\\/www.eldiario.net\\\/portal\\\/2025\\\/04\\\/18\\\/ap-acusa-a-casa-blanca-de-incumplir-mandato-judicial\\\/\"},\"wordCount\":356,\"publisher\":{\"@id\":\"https:\\\/\\\/www.eldiario.net\\\/portal\\\/#organization\"},\"image\":{\"@id\":\"https:\\\/\\\/www.eldiario.net\\\/portal\\\/2025\\\/04\\\/18\\\/ap-acusa-a-casa-blanca-de-incumplir-mandato-judicial\\\/#primaryimage\"},\"thumbnailUrl\":\"https:\\\/\\\/www.eldiario.net\\\/portal\\\/wp-content\\\/uploads\\\/2025\\\/04\\\/AP-AFP.jpeg\",\"articleSection\":[\"Internacional\"],\"inLanguage\":\"es\"},{\"@type\":\"WebPage\",\"@id\":\"https:\\\/\\\/www.eldiario.net\\\/portal\\\/2025\\\/04\\\/18\\\/ap-acusa-a-casa-blanca-de-incumplir-mandato-judicial\\\/\",\"url\":\"https:\\\/\\\/www.eldiario.net\\\/portal\\\/2025\\\/04\\\/18\\\/ap-acusa-a-casa-blanca-de-incumplir-mandato-judicial\\\/\",\"name\":\"AP acusa a Casa Blanca de incumplir mandato judicial - El Diario - Bolivia\",\"isPartOf\":{\"@id\":\"https:\\\/\\\/www.eldiario.net\\\/portal\\\/#website\"},\"primaryImageOfPage\":{\"@id\":\"https:\\\/\\\/www.eldiario.net\\\/portal\\\/2025\\\/04\\\/18\\\/ap-acusa-a-casa-blanca-de-incumplir-mandato-judicial\\\/#primaryimage\"},\"image\":{\"@id\":\"https:\\\/\\\/www.eldiario.net\\\/portal\\\/2025\\\/04\\\/18\\\/ap-acusa-a-casa-blanca-de-incumplir-mandato-judicial\\\/#primaryimage\"},\"thumbnailUrl\":\"https:\\\/\\\/www.eldiario.net\\\/portal\\\/wp-content\\\/uploads\\\/2025\\\/04\\\/AP-AFP.jpeg\",\"datePublished\":\"2025-04-18T10:31:58+00:00\",\"breadcrumb\":{\"@id\":\"https:\\\/\\\/www.eldiario.net\\\/portal\\\/2025\\\/04\\\/18\\\/ap-acusa-a-casa-blanca-de-incumplir-mandato-judicial\\\/#breadcrumb\"},\"inLanguage\":\"es\",\"potentialAction\":[{\"@type\":\"ReadAction\",\"target\":[\"https:\\\/\\\/www.eldiario.net\\\/portal\\\/2025\\\/04\\\/18\\\/ap-acusa-a-casa-blanca-de-incumplir-mandato-judicial\\\/\"]}]},{\"@type\":\"ImageObject\",\"inLanguage\":\"es\",\"@id\":\"https:\\\/\\\/www.eldiario.net\\\/portal\\\/2025\\\/04\\\/18\\\/ap-acusa-a-casa-blanca-de-incumplir-mandato-judicial\\\/#primaryimage\",\"url\":\"https:\\\/\\\/www.eldiario.net\\\/portal\\\/wp-content\\\/uploads\\\/2025\\\/04\\\/AP-AFP.jpeg\",\"contentUrl\":\"https:\\\/\\\/www.eldiario.net\\\/portal\\\/wp-content\\\/uploads\\\/2025\\\/04\\\/AP-AFP.jpeg\",\"width\":990,\"height\":660},{\"@type\":\"BreadcrumbList\",\"@id\":\"https:\\\/\\\/www.eldiario.net\\\/portal\\\/2025\\\/04\\\/18\\\/ap-acusa-a-casa-blanca-de-incumplir-mandato-judicial\\\/#breadcrumb\",\"itemListElement\":[{\"@type\":\"ListItem\",\"position\":1,\"name\":\"Portada\",\"item\":\"https:\\\/\\\/www.eldiario.net\\\/portal\\\/\"},{\"@type\":\"ListItem\",\"position\":2,\"name\":\"AP acusa a Casa Blanca de incumplir mandato judicial\"}]},{\"@type\":\"WebSite\",\"@id\":\"https:\\\/\\\/www.eldiario.net\\\/portal\\\/#website\",\"url\":\"https:\\\/\\\/www.eldiario.net\\\/portal\\\/\",\"name\":\"El Diario - Decano de la prensa nacional\",\"description\":\"El Diario - Decano de la prensa nacional\",\"publisher\":{\"@id\":\"https:\\\/\\\/www.eldiario.net\\\/portal\\\/#organization\"},\"potentialAction\":[{\"@type\":\"SearchAction\",\"target\":{\"@type\":\"EntryPoint\",\"urlTemplate\":\"https:\\\/\\\/www.eldiario.net\\\/portal\\\/?s={search_term_string}\"},\"query-input\":{\"@type\":\"PropertyValueSpecification\",\"valueRequired\":true,\"valueName\":\"search_term_string\"}}],\"inLanguage\":\"es\"},{\"@type\":\"Organization\",\"@id\":\"https:\\\/\\\/www.eldiario.net\\\/portal\\\/#organization\",\"name\":\"El Diario - Decano de la prensa nacional\",\"url\":\"https:\\\/\\\/www.eldiario.net\\\/portal\\\/\",\"logo\":{\"@type\":\"ImageObject\",\"inLanguage\":\"es\",\"@id\":\"https:\\\/\\\/www.eldiario.net\\\/portal\\\/#\\\/schema\\\/logo\\\/image\\\/\",\"url\":\"https:\\\/\\\/www.eldiario.net\\\/portal\\\/wp-content\\\/uploads\\\/2023\\\/07\\\/logo_ED.jpg\",\"contentUrl\":\"https:\\\/\\\/www.eldiario.net\\\/portal\\\/wp-content\\\/uploads\\\/2023\\\/07\\\/logo_ED.jpg\",\"width\":272,\"height\":52,\"caption\":\"El Diario - Decano de la prensa nacional\"},\"image\":{\"@id\":\"https:\\\/\\\/www.eldiario.net\\\/portal\\\/#\\\/schema\\\/logo\\\/image\\\/\"},\"sameAs\":[\"https:\\\/\\\/www.facebook.com\\\/eldiario.bolivia\\\/\",\"https:\\\/\\\/x.com\\\/eldiario_net\"]},{\"@type\":\"Person\",\"@id\":\"https:\\\/\\\/www.eldiario.net\\\/portal\\\/#\\\/schema\\\/person\\\/2c57cf2b7a7ae032e449e4c9b1019eac\",\"name\":\"Jeanette\",\"image\":{\"@type\":\"ImageObject\",\"inLanguage\":\"es\",\"@id\":\"https:\\\/\\\/secure.gravatar.com\\\/avatar\\\/3ea2118a5f7dad2b7138b1187a6b7ee55f160b9968b66013c3a3ef39dd7e5798?s=96&d=mm&r=g\",\"url\":\"https:\\\/\\\/secure.gravatar.com\\\/avatar\\\/3ea2118a5f7dad2b7138b1187a6b7ee55f160b9968b66013c3a3ef39dd7e5798?s=96&d=mm&r=g\",\"contentUrl\":\"https:\\\/\\\/secure.gravatar.com\\\/avatar\\\/3ea2118a5f7dad2b7138b1187a6b7ee55f160b9968b66013c3a3ef39dd7e5798?s=96&d=mm&r=g\",\"caption\":\"Jeanette\"},\"sameAs\":[\"https:\\\/\\\/www.eldiario.net\\\/portal\"],\"url\":\"https:\\\/\\\/www.eldiario.net\\\/portal\\\/author\\\/jeanette\\\/\"}]}<\/script>\n<!-- \/ Yoast SEO plugin. -->","yoast_head_json":{"title":"AP acusa a Casa Blanca de incumplir mandato judicial - El Diario - Bolivia","robots":{"index":"index","follow":"follow","max-snippet":"max-snippet:-1","max-image-preview":"max-image-preview:large","max-video-preview":"max-video-preview:-1"},"canonical":"https:\/\/www.eldiario.net\/portal\/2025\/04\/18\/ap-acusa-a-casa-blanca-de-incumplir-mandato-judicial\/","og_locale":"es_ES","og_type":"article","og_title":"AP acusa a Casa Blanca de incumplir mandato judicial - El Diario - Bolivia","og_description":"Associated Press acus\u00f3 a colaboradores del presidente Donald Trump de no cumplir con una orden judicial que restableci\u00f3 su acceso a los eventos de prensa en la Casa Blanca, despu\u00e9s de que un juez determin\u00f3 que la agencia de noticias se hab\u00eda enfrentado a represalias ilegales. En una presentaci\u00f3n judicial el mi\u00e9rcoles, los abogados de [&hellip;]","og_url":"https:\/\/www.eldiario.net\/portal\/2025\/04\/18\/ap-acusa-a-casa-blanca-de-incumplir-mandato-judicial\/","og_site_name":"El Diario - Bolivia","article_publisher":"https:\/\/www.facebook.com\/eldiario.bolivia\/","article_published_time":"2025-04-18T10:31:58+00:00","og_image":[{"width":990,"height":660,"url":"https:\/\/www.eldiario.net\/portal\/wp-content\/uploads\/2025\/04\/AP-AFP.jpeg","type":"image\/jpeg"}],"author":"Jeanette","twitter_card":"summary_large_image","twitter_creator":"@eldiario_net","twitter_site":"@eldiario_net","twitter_misc":{"Escrito por":"Jeanette","Tiempo de lectura":"2 minutos"},"schema":{"@context":"https:\/\/schema.org","@graph":[{"@type":"Article","@id":"https:\/\/www.eldiario.net\/portal\/2025\/04\/18\/ap-acusa-a-casa-blanca-de-incumplir-mandato-judicial\/#article","isPartOf":{"@id":"https:\/\/www.eldiario.net\/portal\/2025\/04\/18\/ap-acusa-a-casa-blanca-de-incumplir-mandato-judicial\/"},"author":{"name":"Jeanette","@id":"https:\/\/www.eldiario.net\/portal\/#\/schema\/person\/2c57cf2b7a7ae032e449e4c9b1019eac"},"headline":"AP acusa a Casa Blanca de incumplir mandato judicial","datePublished":"2025-04-18T10:31:58+00:00","mainEntityOfPage":{"@id":"https:\/\/www.eldiario.net\/portal\/2025\/04\/18\/ap-acusa-a-casa-blanca-de-incumplir-mandato-judicial\/"},"wordCount":356,"publisher":{"@id":"https:\/\/www.eldiario.net\/portal\/#organization"},"image":{"@id":"https:\/\/www.eldiario.net\/portal\/2025\/04\/18\/ap-acusa-a-casa-blanca-de-incumplir-mandato-judicial\/#primaryimage"},"thumbnailUrl":"https:\/\/www.eldiario.net\/portal\/wp-content\/uploads\/2025\/04\/AP-AFP.jpeg","articleSection":["Internacional"],"inLanguage":"es"},{"@type":"WebPage","@id":"https:\/\/www.eldiario.net\/portal\/2025\/04\/18\/ap-acusa-a-casa-blanca-de-incumplir-mandato-judicial\/","url":"https:\/\/www.eldiario.net\/portal\/2025\/04\/18\/ap-acusa-a-casa-blanca-de-incumplir-mandato-judicial\/","name":"AP acusa a Casa Blanca de incumplir mandato judicial - El Diario - Bolivia","isPartOf":{"@id":"https:\/\/www.eldiario.net\/portal\/#website"},"primaryImageOfPage":{"@id":"https:\/\/www.eldiario.net\/portal\/2025\/04\/18\/ap-acusa-a-casa-blanca-de-incumplir-mandato-judicial\/#primaryimage"},"image":{"@id":"https:\/\/www.eldiario.net\/portal\/2025\/04\/18\/ap-acusa-a-casa-blanca-de-incumplir-mandato-judicial\/#primaryimage"},"thumbnailUrl":"https:\/\/www.eldiario.net\/portal\/wp-content\/uploads\/2025\/04\/AP-AFP.jpeg","datePublished":"2025-04-18T10:31:58+00:00","breadcrumb":{"@id":"https:\/\/www.eldiario.net\/portal\/2025\/04\/18\/ap-acusa-a-casa-blanca-de-incumplir-mandato-judicial\/#breadcrumb"},"inLanguage":"es","potentialAction":[{"@type":"ReadAction","target":["https:\/\/www.eldiario.net\/portal\/2025\/04\/18\/ap-acusa-a-casa-blanca-de-incumplir-mandato-judicial\/"]}]},{"@type":"ImageObject","inLanguage":"es","@id":"https:\/\/www.eldiario.net\/portal\/2025\/04\/18\/ap-acusa-a-casa-blanca-de-incumplir-mandato-judicial\/#primaryimage","url":"https:\/\/www.eldiario.net\/portal\/wp-content\/uploads\/2025\/04\/AP-AFP.jpeg","contentUrl":"https:\/\/www.eldiario.net\/portal\/wp-content\/uploads\/2025\/04\/AP-AFP.jpeg","width":990,"height":660},{"@type":"BreadcrumbList","@id":"https:\/\/www.eldiario.net\/portal\/2025\/04\/18\/ap-acusa-a-casa-blanca-de-incumplir-mandato-judicial\/#breadcrumb","itemListElement":[{"@type":"ListItem","position":1,"name":"Portada","item":"https:\/\/www.eldiario.net\/portal\/"},{"@type":"ListItem","position":2,"name":"AP acusa a Casa Blanca de incumplir mandato judicial"}]},{"@type":"WebSite","@id":"https:\/\/www.eldiario.net\/portal\/#website","url":"https:\/\/www.eldiario.net\/portal\/","name":"El Diario - Decano de la prensa nacional","description":"El Diario - Decano de la prensa nacional","publisher":{"@id":"https:\/\/www.eldiario.net\/portal\/#organization"},"potentialAction":[{"@type":"SearchAction","target":{"@type":"EntryPoint","urlTemplate":"https:\/\/www.eldiario.net\/portal\/?s={search_term_string}"},"query-input":{"@type":"PropertyValueSpecification","valueRequired":true,"valueName":"search_term_string"}}],"inLanguage":"es"},{"@type":"Organization","@id":"https:\/\/www.eldiario.net\/portal\/#organization","name":"El Diario - Decano de la prensa nacional","url":"https:\/\/www.eldiario.net\/portal\/","logo":{"@type":"ImageObject","inLanguage":"es","@id":"https:\/\/www.eldiario.net\/portal\/#\/schema\/logo\/image\/","url":"https:\/\/www.eldiario.net\/portal\/wp-content\/uploads\/2023\/07\/logo_ED.jpg","contentUrl":"https:\/\/www.eldiario.net\/portal\/wp-content\/uploads\/2023\/07\/logo_ED.jpg","width":272,"height":52,"caption":"El Diario - Decano de la prensa nacional"},"image":{"@id":"https:\/\/www.eldiario.net\/portal\/#\/schema\/logo\/image\/"},"sameAs":["https:\/\/www.facebook.com\/eldiario.bolivia\/","https:\/\/x.com\/eldiario_net"]},{"@type":"Person","@id":"https:\/\/www.eldiario.net\/portal\/#\/schema\/person\/2c57cf2b7a7ae032e449e4c9b1019eac","name":"Jeanette","image":{"@type":"ImageObject","inLanguage":"es","@id":"https:\/\/secure.gravatar.com\/avatar\/3ea2118a5f7dad2b7138b1187a6b7ee55f160b9968b66013c3a3ef39dd7e5798?s=96&d=mm&r=g","url":"https:\/\/secure.gravatar.com\/avatar\/3ea2118a5f7dad2b7138b1187a6b7ee55f160b9968b66013c3a3ef39dd7e5798?s=96&d=mm&r=g","contentUrl":"https:\/\/secure.gravatar.com\/avatar\/3ea2118a5f7dad2b7138b1187a6b7ee55f160b9968b66013c3a3ef39dd7e5798?s=96&d=mm&r=g","caption":"Jeanette"},"sameAs":["https:\/\/www.eldiario.net\/portal"],"url":"https:\/\/www.eldiario.net\/portal\/author\/jeanette\/"}]}},"_links":{"self":[{"href":"https:\/\/www.eldiario.net\/portal\/wp-json\/wp\/v2\/posts\/296177","targetHints":{"allow":["GET"]}}],"collection":[{"href":"https:\/\/www.eldiario.net\/portal\/wp-json\/wp\/v2\/posts"}],"about":[{"href":"https:\/\/www.eldiario.net\/portal\/wp-json\/wp\/v2\/types\/post"}],"author":[{"embeddable":true,"href":"https:\/\/www.eldiario.net\/portal\/wp-json\/wp\/v2\/users\/1"}],"replies":[{"embeddable":true,"href":"https:\/\/www.eldiario.net\/portal\/wp-json\/wp\/v2\/comments?post=296177"}],"version-history":[{"count":1,"href":"https:\/\/www.eldiario.net\/portal\/wp-json\/wp\/v2\/posts\/296177\/revisions"}],"predecessor-version":[{"id":296179,"href":"https:\/\/www.eldiario.net\/portal\/wp-json\/wp\/v2\/posts\/296177\/revisions\/296179"}],"wp:featuredmedia":[{"embeddable":true,"href":"https:\/\/www.eldiario.net\/portal\/wp-json\/wp\/v2\/media\/296178"}],"wp:attachment":[{"href":"https:\/\/www.eldiario.net\/portal\/wp-json\/wp\/v2\/media?parent=296177"}],"wp:term":[{"taxonomy":"category","embeddable":true,"href":"https:\/\/www.eldiario.net\/portal\/wp-json\/wp\/v2\/categories?post=296177"},{"taxonomy":"post_tag","embeddable":true,"href":"https:\/\/www.eldiario.net\/portal\/wp-json\/wp\/v2\/tags?post=296177"}],"curies":[{"name":"wp","href":"https:\/\/api.w.org\/{rel}","templated":true}]}}