{"id":296174,"date":"2025-04-18T06:31:25","date_gmt":"2025-04-18T10:31:25","guid":{"rendered":"https:\/\/www.eldiario.net\/portal\/?p=296174"},"modified":"2025-04-18T06:31:25","modified_gmt":"2025-04-18T10:31:25","slug":"restablece-suministro-electrico-paulatino-tras-apagon-masivo","status":"publish","type":"post","link":"https:\/\/www.eldiario.net\/portal\/2025\/04\/18\/restablece-suministro-electrico-paulatino-tras-apagon-masivo\/","title":{"rendered":"Restablece suministro el\u00e9ctrico  paulatino tras apag\u00f3n masivo"},"content":{"rendered":"<p class=\"v1MsoNormal\">Las autoridades al cargo de los servicios de suministro el\u00e9ctrico de Puerto Rico lograron restablecer ayer el abastecimiento de luz a m\u00e1s del 40 por ciento de los clientes tras el apag\u00f3n masivo de anoche que dej\u00f3 sin luz a pr\u00e1cticamente toda la isla.<\/p>\n<p class=\"v1MsoNormal\">Seg\u00fan datos de LUMA Energy, responsable de la distribuci\u00f3n de electricidad en la isla, a primera hora del d\u00eda m\u00e1s de 600.000 clientes hab\u00edan recuperado el suministro el\u00e9ctrico, si bien otros 850.000 m\u00e1s siguen sin acceso. Desde la distribuidora se\u00f1alaron que trabajan para restablecer el servicio al 90 por ciento.<\/p>\n<p class=\"v1MsoNormal\">\u00abNuestras brigadas seguir\u00e1n trabajando durante todo el d\u00eda de hoy con la meta de restablecer el servicio del 90 por ciento de los clientes en un periodo de 48 horas, si las condiciones lo permiten\u00bb, destac\u00f3 LUMA Energy en un comunicado recogido por el diario puertorrique\u00f1o El Nuevo D\u00eda.<\/p>\n<p class=\"v1MsoNormal\">Este incidente despert\u00f3 las cr\u00edticas de la gobernadora Jenniffer Gonz\u00e1lez, quien lament\u00f3 lo \u00abinaceptable\u00bb de la situaci\u00f3n y abund\u00f3 en que la isla no puede seguir en una situaci\u00f3n como esta, ni se puede permitir m\u00e1s apagones.<\/p>\n<p class=\"v1MsoNormal\">\u00abPuerto Rico no aguanta m\u00e1s apagones. Esto tiene un impacto en la econom\u00eda, de 230 millones de d\u00f3lares en p\u00e9rdidas. Es vital que se pueda restablecer la paz que se pierde. Sin la luz, no hay nada\u00bb, agreg\u00f3 la m\u00e1xima autoridad de la isla, Estado asociado a Estados Unidos.<\/p>\n<p class=\"v1MsoNormal\">Seg\u00fan estimaciones de LUMA Energy, el 90 por ciento de los clientes recuperaran el suministro energ\u00e9tico en un plazo de entre \u00ab48 y 72 horas\u00bb, unas estimaciones nada halag\u00fce\u00f1as y que han provocado las cr\u00edticas de los afectados.(EP)<\/p>\n<p class=\"v1MsoNormal\">\n","protected":false},"excerpt":{"rendered":"<p>Las autoridades al cargo de los servicios de suministro el\u00e9ctrico de Puerto Rico lograron restablecer ayer el abastecimiento de luz a m\u00e1s del 40 por ciento de los clientes tras el apag\u00f3n masivo de anoche que dej\u00f3 sin luz a pr\u00e1cticamente toda la isla. Seg\u00fan datos de LUMA Energy, responsable de la distribuci\u00f3n de electricidad [&hellip;]<\/p>\n","protected":false},"author":1,"featured_media":296175,"comment_status":"closed","ping_status":"open","sticky":false,"template":"","format":"standard","meta":{"_acf_changed":false,"footnotes":""},"categories":[3],"tags":[],"class_list":["post-296174","post","type-post","status-publish","format-standard","has-post-thumbnail","category-internacional"],"acf":{"antetitulo":"Puerto Rico"},"yoast_head":"<!-- This site is optimized with the Yoast SEO plugin v28.4 - https:\/\/yoast.com\/product\/yoast-seo-wordpress\/ -->\n<title>Restablece suministro el\u00e9ctrico paulatino tras apag\u00f3n masivo - El Diario - Bolivia<\/title>\n<meta name=\"robots\" content=\"index, follow, max-snippet:-1, max-image-preview:large, max-video-preview:-1\" \/>\n<link rel=\"canonical\" href=\"https:\/\/www.eldiario.net\/portal\/2025\/04\/18\/restablece-suministro-electrico-paulatino-tras-apagon-masivo\/\" \/>\n<meta property=\"og:locale\" content=\"es_ES\" \/>\n<meta property=\"og:type\" content=\"article\" \/>\n<meta property=\"og:title\" content=\"Restablece suministro el\u00e9ctrico paulatino tras apag\u00f3n masivo - El Diario - Bolivia\" \/>\n<meta property=\"og:description\" content=\"Las autoridades al cargo de los servicios de suministro el\u00e9ctrico de Puerto Rico lograron restablecer ayer el abastecimiento de luz a m\u00e1s del 40 por ciento de los clientes tras el apag\u00f3n masivo de anoche que dej\u00f3 sin luz a pr\u00e1cticamente toda la isla. Seg\u00fan datos de LUMA Energy, responsable de la distribuci\u00f3n de electricidad [&hellip;]\" \/>\n<meta property=\"og:url\" content=\"https:\/\/www.eldiario.net\/portal\/2025\/04\/18\/restablece-suministro-electrico-paulatino-tras-apagon-masivo\/\" \/>\n<meta property=\"og:site_name\" content=\"El Diario - Bolivia\" \/>\n<meta property=\"article:publisher\" content=\"https:\/\/www.facebook.com\/eldiario.bolivia\/\" \/>\n<meta property=\"article:published_time\" content=\"2025-04-18T10:31:25+00:00\" \/>\n<meta property=\"og:image\" content=\"https:\/\/www.eldiario.net\/portal\/wp-content\/uploads\/2025\/04\/APAGON-Reuters.webp\" \/>\n\t<meta property=\"og:image:width\" content=\"1200\" \/>\n\t<meta property=\"og:image:height\" content=\"525\" \/>\n\t<meta property=\"og:image:type\" content=\"image\/webp\" \/>\n<meta name=\"author\" content=\"Jeanette\" \/>\n<meta name=\"twitter:card\" content=\"summary_large_image\" \/>\n<meta name=\"twitter:creator\" content=\"@eldiario_net\" \/>\n<meta name=\"twitter:site\" content=\"@eldiario_net\" \/>\n<meta name=\"twitter:label1\" content=\"Escrito por\" \/>\n\t<meta name=\"twitter:data1\" content=\"Jeanette\" \/>\n\t<meta name=\"twitter:label2\" content=\"Tiempo de lectura\" \/>\n\t<meta name=\"twitter:data2\" content=\"2 minutos\" \/>\n<script type=\"application\/ld+json\" class=\"yoast-schema-graph\">{\"@context\":\"https:\\\/\\\/schema.org\",\"@graph\":[{\"@type\":\"Article\",\"@id\":\"https:\\\/\\\/www.eldiario.net\\\/portal\\\/2025\\\/04\\\/18\\\/restablece-suministro-electrico-paulatino-tras-apagon-masivo\\\/#article\",\"isPartOf\":{\"@id\":\"https:\\\/\\\/www.eldiario.net\\\/portal\\\/2025\\\/04\\\/18\\\/restablece-suministro-electrico-paulatino-tras-apagon-masivo\\\/\"},\"author\":{\"name\":\"Jeanette\",\"@id\":\"https:\\\/\\\/www.eldiario.net\\\/portal\\\/#\\\/schema\\\/person\\\/2c57cf2b7a7ae032e449e4c9b1019eac\"},\"headline\":\"Restablece suministro el\u00e9ctrico paulatino tras apag\u00f3n masivo\",\"datePublished\":\"2025-04-18T10:31:25+00:00\",\"mainEntityOfPage\":{\"@id\":\"https:\\\/\\\/www.eldiario.net\\\/portal\\\/2025\\\/04\\\/18\\\/restablece-suministro-electrico-paulatino-tras-apagon-masivo\\\/\"},\"wordCount\":298,\"publisher\":{\"@id\":\"https:\\\/\\\/www.eldiario.net\\\/portal\\\/#organization\"},\"image\":{\"@id\":\"https:\\\/\\\/www.eldiario.net\\\/portal\\\/2025\\\/04\\\/18\\\/restablece-suministro-electrico-paulatino-tras-apagon-masivo\\\/#primaryimage\"},\"thumbnailUrl\":\"https:\\\/\\\/www.eldiario.net\\\/portal\\\/wp-content\\\/uploads\\\/2025\\\/04\\\/APAGON-Reuters.webp\",\"articleSection\":[\"Internacional\"],\"inLanguage\":\"es\"},{\"@type\":\"WebPage\",\"@id\":\"https:\\\/\\\/www.eldiario.net\\\/portal\\\/2025\\\/04\\\/18\\\/restablece-suministro-electrico-paulatino-tras-apagon-masivo\\\/\",\"url\":\"https:\\\/\\\/www.eldiario.net\\\/portal\\\/2025\\\/04\\\/18\\\/restablece-suministro-electrico-paulatino-tras-apagon-masivo\\\/\",\"name\":\"Restablece suministro el\u00e9ctrico paulatino tras apag\u00f3n masivo - El Diario - Bolivia\",\"isPartOf\":{\"@id\":\"https:\\\/\\\/www.eldiario.net\\\/portal\\\/#website\"},\"primaryImageOfPage\":{\"@id\":\"https:\\\/\\\/www.eldiario.net\\\/portal\\\/2025\\\/04\\\/18\\\/restablece-suministro-electrico-paulatino-tras-apagon-masivo\\\/#primaryimage\"},\"image\":{\"@id\":\"https:\\\/\\\/www.eldiario.net\\\/portal\\\/2025\\\/04\\\/18\\\/restablece-suministro-electrico-paulatino-tras-apagon-masivo\\\/#primaryimage\"},\"thumbnailUrl\":\"https:\\\/\\\/www.eldiario.net\\\/portal\\\/wp-content\\\/uploads\\\/2025\\\/04\\\/APAGON-Reuters.webp\",\"datePublished\":\"2025-04-18T10:31:25+00:00\",\"breadcrumb\":{\"@id\":\"https:\\\/\\\/www.eldiario.net\\\/portal\\\/2025\\\/04\\\/18\\\/restablece-suministro-electrico-paulatino-tras-apagon-masivo\\\/#breadcrumb\"},\"inLanguage\":\"es\",\"potentialAction\":[{\"@type\":\"ReadAction\",\"target\":[\"https:\\\/\\\/www.eldiario.net\\\/portal\\\/2025\\\/04\\\/18\\\/restablece-suministro-electrico-paulatino-tras-apagon-masivo\\\/\"]}]},{\"@type\":\"ImageObject\",\"inLanguage\":\"es\",\"@id\":\"https:\\\/\\\/www.eldiario.net\\\/portal\\\/2025\\\/04\\\/18\\\/restablece-suministro-electrico-paulatino-tras-apagon-masivo\\\/#primaryimage\",\"url\":\"https:\\\/\\\/www.eldiario.net\\\/portal\\\/wp-content\\\/uploads\\\/2025\\\/04\\\/APAGON-Reuters.webp\",\"contentUrl\":\"https:\\\/\\\/www.eldiario.net\\\/portal\\\/wp-content\\\/uploads\\\/2025\\\/04\\\/APAGON-Reuters.webp\",\"width\":1200,\"height\":525},{\"@type\":\"BreadcrumbList\",\"@id\":\"https:\\\/\\\/www.eldiario.net\\\/portal\\\/2025\\\/04\\\/18\\\/restablece-suministro-electrico-paulatino-tras-apagon-masivo\\\/#breadcrumb\",\"itemListElement\":[{\"@type\":\"ListItem\",\"position\":1,\"name\":\"Portada\",\"item\":\"https:\\\/\\\/www.eldiario.net\\\/portal\\\/\"},{\"@type\":\"ListItem\",\"position\":2,\"name\":\"Restablece suministro el\u00e9ctrico paulatino tras apag\u00f3n masivo\"}]},{\"@type\":\"WebSite\",\"@id\":\"https:\\\/\\\/www.eldiario.net\\\/portal\\\/#website\",\"url\":\"https:\\\/\\\/www.eldiario.net\\\/portal\\\/\",\"name\":\"El Diario - Decano de la prensa nacional\",\"description\":\"El Diario - Decano de la prensa nacional\",\"publisher\":{\"@id\":\"https:\\\/\\\/www.eldiario.net\\\/portal\\\/#organization\"},\"potentialAction\":[{\"@type\":\"SearchAction\",\"target\":{\"@type\":\"EntryPoint\",\"urlTemplate\":\"https:\\\/\\\/www.eldiario.net\\\/portal\\\/?s={search_term_string}\"},\"query-input\":{\"@type\":\"PropertyValueSpecification\",\"valueRequired\":true,\"valueName\":\"search_term_string\"}}],\"inLanguage\":\"es\"},{\"@type\":\"Organization\",\"@id\":\"https:\\\/\\\/www.eldiario.net\\\/portal\\\/#organization\",\"name\":\"El Diario - Decano de la prensa nacional\",\"url\":\"https:\\\/\\\/www.eldiario.net\\\/portal\\\/\",\"logo\":{\"@type\":\"ImageObject\",\"inLanguage\":\"es\",\"@id\":\"https:\\\/\\\/www.eldiario.net\\\/portal\\\/#\\\/schema\\\/logo\\\/image\\\/\",\"url\":\"https:\\\/\\\/www.eldiario.net\\\/portal\\\/wp-content\\\/uploads\\\/2023\\\/07\\\/logo_ED.jpg\",\"contentUrl\":\"https:\\\/\\\/www.eldiario.net\\\/portal\\\/wp-content\\\/uploads\\\/2023\\\/07\\\/logo_ED.jpg\",\"width\":272,\"height\":52,\"caption\":\"El Diario - Decano de la prensa nacional\"},\"image\":{\"@id\":\"https:\\\/\\\/www.eldiario.net\\\/portal\\\/#\\\/schema\\\/logo\\\/image\\\/\"},\"sameAs\":[\"https:\\\/\\\/www.facebook.com\\\/eldiario.bolivia\\\/\",\"https:\\\/\\\/x.com\\\/eldiario_net\"]},{\"@type\":\"Person\",\"@id\":\"https:\\\/\\\/www.eldiario.net\\\/portal\\\/#\\\/schema\\\/person\\\/2c57cf2b7a7ae032e449e4c9b1019eac\",\"name\":\"Jeanette\",\"image\":{\"@type\":\"ImageObject\",\"inLanguage\":\"es\",\"@id\":\"https:\\\/\\\/secure.gravatar.com\\\/avatar\\\/3ea2118a5f7dad2b7138b1187a6b7ee55f160b9968b66013c3a3ef39dd7e5798?s=96&d=mm&r=g\",\"url\":\"https:\\\/\\\/secure.gravatar.com\\\/avatar\\\/3ea2118a5f7dad2b7138b1187a6b7ee55f160b9968b66013c3a3ef39dd7e5798?s=96&d=mm&r=g\",\"contentUrl\":\"https:\\\/\\\/secure.gravatar.com\\\/avatar\\\/3ea2118a5f7dad2b7138b1187a6b7ee55f160b9968b66013c3a3ef39dd7e5798?s=96&d=mm&r=g\",\"caption\":\"Jeanette\"},\"sameAs\":[\"https:\\\/\\\/www.eldiario.net\\\/portal\"],\"url\":\"https:\\\/\\\/www.eldiario.net\\\/portal\\\/author\\\/jeanette\\\/\"}]}<\/script>\n<!-- \/ Yoast SEO plugin. -->","yoast_head_json":{"title":"Restablece suministro el\u00e9ctrico paulatino tras apag\u00f3n masivo - El Diario - Bolivia","robots":{"index":"index","follow":"follow","max-snippet":"max-snippet:-1","max-image-preview":"max-image-preview:large","max-video-preview":"max-video-preview:-1"},"canonical":"https:\/\/www.eldiario.net\/portal\/2025\/04\/18\/restablece-suministro-electrico-paulatino-tras-apagon-masivo\/","og_locale":"es_ES","og_type":"article","og_title":"Restablece suministro el\u00e9ctrico paulatino tras apag\u00f3n masivo - El Diario - Bolivia","og_description":"Las autoridades al cargo de los servicios de suministro el\u00e9ctrico de Puerto Rico lograron restablecer ayer el abastecimiento de luz a m\u00e1s del 40 por ciento de los clientes tras el apag\u00f3n masivo de anoche que dej\u00f3 sin luz a pr\u00e1cticamente toda la isla. Seg\u00fan datos de LUMA Energy, responsable de la distribuci\u00f3n de electricidad [&hellip;]","og_url":"https:\/\/www.eldiario.net\/portal\/2025\/04\/18\/restablece-suministro-electrico-paulatino-tras-apagon-masivo\/","og_site_name":"El Diario - Bolivia","article_publisher":"https:\/\/www.facebook.com\/eldiario.bolivia\/","article_published_time":"2025-04-18T10:31:25+00:00","og_image":[{"width":1200,"height":525,"url":"https:\/\/www.eldiario.net\/portal\/wp-content\/uploads\/2025\/04\/APAGON-Reuters.webp","type":"image\/webp"}],"author":"Jeanette","twitter_card":"summary_large_image","twitter_creator":"@eldiario_net","twitter_site":"@eldiario_net","twitter_misc":{"Escrito por":"Jeanette","Tiempo de lectura":"2 minutos"},"schema":{"@context":"https:\/\/schema.org","@graph":[{"@type":"Article","@id":"https:\/\/www.eldiario.net\/portal\/2025\/04\/18\/restablece-suministro-electrico-paulatino-tras-apagon-masivo\/#article","isPartOf":{"@id":"https:\/\/www.eldiario.net\/portal\/2025\/04\/18\/restablece-suministro-electrico-paulatino-tras-apagon-masivo\/"},"author":{"name":"Jeanette","@id":"https:\/\/www.eldiario.net\/portal\/#\/schema\/person\/2c57cf2b7a7ae032e449e4c9b1019eac"},"headline":"Restablece suministro el\u00e9ctrico paulatino tras apag\u00f3n masivo","datePublished":"2025-04-18T10:31:25+00:00","mainEntityOfPage":{"@id":"https:\/\/www.eldiario.net\/portal\/2025\/04\/18\/restablece-suministro-electrico-paulatino-tras-apagon-masivo\/"},"wordCount":298,"publisher":{"@id":"https:\/\/www.eldiario.net\/portal\/#organization"},"image":{"@id":"https:\/\/www.eldiario.net\/portal\/2025\/04\/18\/restablece-suministro-electrico-paulatino-tras-apagon-masivo\/#primaryimage"},"thumbnailUrl":"https:\/\/www.eldiario.net\/portal\/wp-content\/uploads\/2025\/04\/APAGON-Reuters.webp","articleSection":["Internacional"],"inLanguage":"es"},{"@type":"WebPage","@id":"https:\/\/www.eldiario.net\/portal\/2025\/04\/18\/restablece-suministro-electrico-paulatino-tras-apagon-masivo\/","url":"https:\/\/www.eldiario.net\/portal\/2025\/04\/18\/restablece-suministro-electrico-paulatino-tras-apagon-masivo\/","name":"Restablece suministro el\u00e9ctrico paulatino tras apag\u00f3n masivo - El Diario - Bolivia","isPartOf":{"@id":"https:\/\/www.eldiario.net\/portal\/#website"},"primaryImageOfPage":{"@id":"https:\/\/www.eldiario.net\/portal\/2025\/04\/18\/restablece-suministro-electrico-paulatino-tras-apagon-masivo\/#primaryimage"},"image":{"@id":"https:\/\/www.eldiario.net\/portal\/2025\/04\/18\/restablece-suministro-electrico-paulatino-tras-apagon-masivo\/#primaryimage"},"thumbnailUrl":"https:\/\/www.eldiario.net\/portal\/wp-content\/uploads\/2025\/04\/APAGON-Reuters.webp","datePublished":"2025-04-18T10:31:25+00:00","breadcrumb":{"@id":"https:\/\/www.eldiario.net\/portal\/2025\/04\/18\/restablece-suministro-electrico-paulatino-tras-apagon-masivo\/#breadcrumb"},"inLanguage":"es","potentialAction":[{"@type":"ReadAction","target":["https:\/\/www.eldiario.net\/portal\/2025\/04\/18\/restablece-suministro-electrico-paulatino-tras-apagon-masivo\/"]}]},{"@type":"ImageObject","inLanguage":"es","@id":"https:\/\/www.eldiario.net\/portal\/2025\/04\/18\/restablece-suministro-electrico-paulatino-tras-apagon-masivo\/#primaryimage","url":"https:\/\/www.eldiario.net\/portal\/wp-content\/uploads\/2025\/04\/APAGON-Reuters.webp","contentUrl":"https:\/\/www.eldiario.net\/portal\/wp-content\/uploads\/2025\/04\/APAGON-Reuters.webp","width":1200,"height":525},{"@type":"BreadcrumbList","@id":"https:\/\/www.eldiario.net\/portal\/2025\/04\/18\/restablece-suministro-electrico-paulatino-tras-apagon-masivo\/#breadcrumb","itemListElement":[{"@type":"ListItem","position":1,"name":"Portada","item":"https:\/\/www.eldiario.net\/portal\/"},{"@type":"ListItem","position":2,"name":"Restablece suministro el\u00e9ctrico paulatino tras apag\u00f3n masivo"}]},{"@type":"WebSite","@id":"https:\/\/www.eldiario.net\/portal\/#website","url":"https:\/\/www.eldiario.net\/portal\/","name":"El Diario - Decano de la prensa nacional","description":"El Diario - Decano de la prensa nacional","publisher":{"@id":"https:\/\/www.eldiario.net\/portal\/#organization"},"potentialAction":[{"@type":"SearchAction","target":{"@type":"EntryPoint","urlTemplate":"https:\/\/www.eldiario.net\/portal\/?s={search_term_string}"},"query-input":{"@type":"PropertyValueSpecification","valueRequired":true,"valueName":"search_term_string"}}],"inLanguage":"es"},{"@type":"Organization","@id":"https:\/\/www.eldiario.net\/portal\/#organization","name":"El Diario - Decano de la prensa nacional","url":"https:\/\/www.eldiario.net\/portal\/","logo":{"@type":"ImageObject","inLanguage":"es","@id":"https:\/\/www.eldiario.net\/portal\/#\/schema\/logo\/image\/","url":"https:\/\/www.eldiario.net\/portal\/wp-content\/uploads\/2023\/07\/logo_ED.jpg","contentUrl":"https:\/\/www.eldiario.net\/portal\/wp-content\/uploads\/2023\/07\/logo_ED.jpg","width":272,"height":52,"caption":"El Diario - Decano de la prensa nacional"},"image":{"@id":"https:\/\/www.eldiario.net\/portal\/#\/schema\/logo\/image\/"},"sameAs":["https:\/\/www.facebook.com\/eldiario.bolivia\/","https:\/\/x.com\/eldiario_net"]},{"@type":"Person","@id":"https:\/\/www.eldiario.net\/portal\/#\/schema\/person\/2c57cf2b7a7ae032e449e4c9b1019eac","name":"Jeanette","image":{"@type":"ImageObject","inLanguage":"es","@id":"https:\/\/secure.gravatar.com\/avatar\/3ea2118a5f7dad2b7138b1187a6b7ee55f160b9968b66013c3a3ef39dd7e5798?s=96&d=mm&r=g","url":"https:\/\/secure.gravatar.com\/avatar\/3ea2118a5f7dad2b7138b1187a6b7ee55f160b9968b66013c3a3ef39dd7e5798?s=96&d=mm&r=g","contentUrl":"https:\/\/secure.gravatar.com\/avatar\/3ea2118a5f7dad2b7138b1187a6b7ee55f160b9968b66013c3a3ef39dd7e5798?s=96&d=mm&r=g","caption":"Jeanette"},"sameAs":["https:\/\/www.eldiario.net\/portal"],"url":"https:\/\/www.eldiario.net\/portal\/author\/jeanette\/"}]}},"_links":{"self":[{"href":"https:\/\/www.eldiario.net\/portal\/wp-json\/wp\/v2\/posts\/296174","targetHints":{"allow":["GET"]}}],"collection":[{"href":"https:\/\/www.eldiario.net\/portal\/wp-json\/wp\/v2\/posts"}],"about":[{"href":"https:\/\/www.eldiario.net\/portal\/wp-json\/wp\/v2\/types\/post"}],"author":[{"embeddable":true,"href":"https:\/\/www.eldiario.net\/portal\/wp-json\/wp\/v2\/users\/1"}],"replies":[{"embeddable":true,"href":"https:\/\/www.eldiario.net\/portal\/wp-json\/wp\/v2\/comments?post=296174"}],"version-history":[{"count":1,"href":"https:\/\/www.eldiario.net\/portal\/wp-json\/wp\/v2\/posts\/296174\/revisions"}],"predecessor-version":[{"id":296176,"href":"https:\/\/www.eldiario.net\/portal\/wp-json\/wp\/v2\/posts\/296174\/revisions\/296176"}],"wp:featuredmedia":[{"embeddable":true,"href":"https:\/\/www.eldiario.net\/portal\/wp-json\/wp\/v2\/media\/296175"}],"wp:attachment":[{"href":"https:\/\/www.eldiario.net\/portal\/wp-json\/wp\/v2\/media?parent=296174"}],"wp:term":[{"taxonomy":"category","embeddable":true,"href":"https:\/\/www.eldiario.net\/portal\/wp-json\/wp\/v2\/categories?post=296174"},{"taxonomy":"post_tag","embeddable":true,"href":"https:\/\/www.eldiario.net\/portal\/wp-json\/wp\/v2\/tags?post=296174"}],"curies":[{"name":"wp","href":"https:\/\/api.w.org\/{rel}","templated":true}]}}