{"id":296171,"date":"2025-04-18T06:30:44","date_gmt":"2025-04-18T10:30:44","guid":{"rendered":"https:\/\/www.eldiario.net\/portal\/?p=296171"},"modified":"2025-04-18T06:30:44","modified_gmt":"2025-04-18T10:30:44","slug":"imagen-de-nino-palestino-mutilado-gana-premio-world-press-photo","status":"publish","type":"post","link":"https:\/\/www.eldiario.net\/portal\/2025\/04\/18\/imagen-de-nino-palestino-mutilado-gana-premio-world-press-photo\/","title":{"rendered":"Imagen de ni\u00f1o palestino mutilado  gana premio World Press Photo"},"content":{"rendered":"<p class=\"v1MsoNormal\">\u00abMe convertir\u00e9 en piloto y jugar\u00e9 al f\u00fatbol con mis amigos\u00bb. Con esa convicci\u00f3n hablaba Mahmoud Ajjour, de solo 9 a\u00f1os, a la agencia Reuters en septiembre pasado.<\/p>\n<p class=\"v1MsoNormal\">Lo hac\u00eda desde su nueva casa en Doha, Qatar, donde tuvo que buscar refugio con su familia despu\u00e9s de un ataque de Israel sobre su antiguo hogar donde result\u00f3 herido: una explosi\u00f3n le amput\u00f3 un brazo y le mutil\u00f3 el otro.<\/p>\n<p class=\"v1MsoNormal\">Hoy, el rostro de Mahmoud Ajjour y las consecuencias de la guerra sobre su cuerpo est\u00e1n en todos lados. Una fotograf\u00eda suya, hecha por Samar Abu Elouf, tambi\u00e9n gazat\u00ed, gan\u00f3 ayer el World Press Photo, uno de premios m\u00e1s prestigiosos de esta categor\u00eda.<\/p>\n<p class=\"v1MsoNormal\">En uno de los ataques de Israel a Gaza en diciembre de 2024, un cohete impact\u00f3 cerca de Mahmoud mientras se alejaba de su hogar con su padre y su madre, seg\u00fan relat\u00f3.<\/p>\n<p class=\"v1MsoNormal\">\u00abEstaba tirado en el suelo, no sab\u00eda qu\u00e9 me hab\u00eda golpeado, no sab\u00eda que hab\u00eda perdido los brazos\u00bb, sostuvo Ajjour a Reuters.<\/p>\n<p class=\"v1MsoNormal\">\u00abEn el momento en que lo hirieron, Mahmoud le pide a su madre que lo deje y que se lleve a su hermana con ella. Esta atemorizado por sus vidas, por la intensidad del bombardeo, pero su madre rehus\u00f3 irse y se qued\u00f3 a su lado hasta que encontr\u00f3 un veh\u00edculo estacionado y logr\u00f3 as\u00ed llevarlo al hospital\u00bb, cuenta la fotoperiodista Samar Abu Elouf.<\/p>\n<p class=\"v1MsoNormal\">Fue operado en Gaza con anestesia limitada, y se despert\u00f3 de la operaci\u00f3n con mucho dolor y sin brazos, seg\u00fan cont\u00f3 su madre.<\/p>\n<p class=\"v1MsoNormal\">En Gaza casi todos los hospitales fueron destruidos y los m\u00e9dicos se\u00f1alan que a menudo tienen que realizar cirug\u00edas sin anestesia ni analg\u00e9sicos.<\/p>\n<p class=\"v1MsoNormal\">Israel inici\u00f3 una operaci\u00f3n militar sobre Gaza el 7 de octubre de 2023, en represalia a un ataque de Ham\u00e1s donde mataron a 1.200 personas y se llevaron a 250 rehenes. Desde entonces, en Gaza murieron bajo fuego israel\u00ed m\u00e1s de 50.000 personas y m\u00e1s de 113.000 resultaron heridas.<\/p>\n<p class=\"v1MsoNormal\">Se estima que Gaza es el territorio con m\u00e1s ni\u00f1os amputados per c\u00e1pita del mundo, seg\u00fan la Agencia de Naciones Unidas para los Refugiados de Palestina en Oriente Pr\u00f3ximo (Unwra).<\/p>\n<p class=\"v1MsoNormal\">Desde el inicio de la guerra, se han hecho varios acuerdos para trasladar a personas con heridas graves y para marzo de 2025 m\u00e1s de 7.000 pacientes fueron trasladados, aunque al menos otros 11.000 a\u00fan est\u00e1n a la espera, seg\u00fan la Organizaci\u00f3n Mundial de la Salud.<\/p>\n<p class=\"v1MsoNormal\">Muchos de los trasladados van a Egipto, Jordan\u00eda, Turqu\u00eda o, como en el caso de Mahmoud y su familia, Qatar.<\/p>\n<p class=\"v1MsoNormal\">\n<p class=\"v1MsoNormal\">LA FOTOGRAF\u00cdA<\/p>\n<p class=\"v1MsoNormal\">All\u00ed es donde cruz\u00f3 su destino con Samar Abu Elouf.<\/p>\n<p class=\"v1MsoNormal\">La fotoperiodista vive ahora en Doha, en el mismo complejo de apartamentos que Mahmoud, despu\u00e9s de tener que ser trasladada en diciembre de 2023, la \u00e9poca en que el ni\u00f1o perdi\u00f3 los brazos.<\/p>\n<p class=\"v1MsoNormal\">La gazat\u00ed relata el momento en que Mahmoud fue consciente de su nuevo estado: \u00abCuando se dio cuenta de la situaci\u00f3n, que es irreversible, lo primero que le se\u00f1al\u00f3 a su madre fue \u00bfC\u00f3mo voy a abrazarte ahora? \u00ab<\/p>\n<p class=\"v1MsoNormal\">Abu Elouf ha forjado v\u00ednculos con familias que, como la del propio Mahmoud y ella, han tenido que huir de Gaza.<\/p>\n<p class=\"v1MsoNormal\">\u00abDocumentar su historia vino con una gran sensaci\u00f3n de fluidez, de facilidad, porque el proceso se convirti\u00f3 en una especia de ritmo familiar. Empec\u00e9 a visitar su casa y, a partir de ah\u00ed, mi relaci\u00f3n con \u00e9l y su familia realmente comenz\u00f3\u00bb, relat\u00f3.<\/p>\n<p class=\"v1MsoNormal\">Tambi\u00e9n document\u00f3 a algunos de los pocos gazat\u00edes gravemente heridos que lograron salir para recibir tratamiento.<\/p>\n<p class=\"v1MsoNormal\">\u00abIntent\u00e9 ser lo m\u00e1s diversa posible al seleccionar a las personas lesionadas para fotografiarlas, ya que me encontraba con algunas que hab\u00edan perdido dos extremidades, otras que hab\u00edan perdido tres, otras que hab\u00edan perdido a sus familias enteras, y algunas de esas personas m\u00e1s j\u00f3venes hab\u00edan perdido un ojo o ten\u00edan desfiguraciones faciales. Intent\u00e9 reflejar estas diversas realidades en mis fotograf\u00edas al capturar esta historia\u00bb, sostuvo Abu Elouf en un video distribuido por la organizaci\u00f3n del World Press Photo.<\/p>\n<p class=\"v1MsoNormal\">Samar Abu Elouf es fotoperiodista autodidacta y desde 2010 documenta la vida cotidiana, las noticias y los profundos efectos del conflicto en su pa\u00eds con colaboraciones para medio internacionales como The New York Times, Reuters, NZZ o Middle East Eye.<\/p>\n<p class=\"v1MsoNormal\">Salir de Gaza, se\u00f1al\u00f3, no fue una decisi\u00f3n sencilla de tomar.<\/p>\n<p class=\"v1MsoNormal\">\u00abSent\u00ed que mi rol como fotoperiodista se hab\u00eda terminado, pero la guerra sigue y yo ten\u00eda que seguir buscando algo. As\u00ed fue cuando encontr\u00e9 a los refugiados y quise contar su historia\u00bb.<\/p>\n<p class=\"v1MsoNormal\">\n<p class=\"v1MsoNormal\">COSTOS DE LA GUERRA<\/p>\n<p class=\"v1MsoNormal\">El jurado del World Press Photo eligi\u00f3 la instant\u00e1nea de Mahmoud por hablar \u00abde los costos a largo plazo de la guerra, los silencios que perpet\u00faan la violencia y el papel del periodismo en la exposici\u00f3n de estas realidades\u00bb.<\/p>\n<p class=\"v1MsoNormal\">Aunque la foto, sin duda, impacta, el modo de retratar a Mahmoud, el uso de la luz, la composici\u00f3n, la mirada del ni\u00f1o y su postura, de pie, crea una imagen donde no tiene que exagerar un \u00e1pice su condici\u00f3n y le imprime dignidad.<\/p>\n<p class=\"v1MsoNormal\">Precisamente, el jurado destac\u00f3 que sin eludir los impactos f\u00edsicos de la guerra, la foto \u00ababorda el conflicto y el ser ap\u00e1trida desde una perspectiva humana\u00bb.<\/p>\n<p class=\"v1MsoNormal\">\u00abArroja luz sobre los traumas f\u00edsicos y psicol\u00f3gicos que los civiles se han visto obligados a soportar, y seguir\u00e1n padeciendo, a causa de la matanza y la guerra a escala industrial\u00bb, se\u00f1alaron al dar a conocer el galard\u00f3n.<\/p>\n<p class=\"v1MsoNormal\">Tambi\u00e9n destacaron que el retrato es contemplativo y \u00abplantea preguntas sobre las experiencias que a\u00fan le esperan al joven herido, sobre la deshumanizaci\u00f3n de una regi\u00f3n y sobre los incesantes ataques a periodistas en Gaza, junto con la continua negaci\u00f3n de acceso a reporteros internacionales que buscan exponer las realidades de esta guerra\u00bb.<\/p>\n<p class=\"v1MsoNormal\">Mahmoud recibi\u00f3 tratamiento m\u00e9dico adecuado en Doha y ahora est\u00e1 aprendiendo a usar los pies para jugar con su tel\u00e9fono, escribir y abrir puertas. Con su condici\u00f3n, necesita asistencia para cosas tan cotidianas como comer o vestirse.<\/p>\n<p class=\"v1MsoNormal\">A\u00fan as\u00ed, le contaba a Reuters de sus sue\u00f1os: quiere tener pr\u00f3tesis y vivir como cualquier otro ni\u00f1o.(BBC)<\/p>\n","protected":false},"excerpt":{"rendered":"<p>\u00abMe convertir\u00e9 en piloto y jugar\u00e9 al f\u00fatbol con mis amigos\u00bb. Con esa convicci\u00f3n hablaba Mahmoud Ajjour, de solo 9 a\u00f1os, a la agencia Reuters en septiembre pasado. Lo hac\u00eda desde su nueva casa en Doha, Qatar, donde tuvo que buscar refugio con su familia despu\u00e9s de un ataque de Israel sobre su antiguo hogar [&hellip;]<\/p>\n","protected":false},"author":1,"featured_media":296172,"comment_status":"closed","ping_status":"open","sticky":false,"template":"","format":"standard","meta":{"_acf_changed":false,"footnotes":""},"categories":[3],"tags":[],"class_list":["post-296171","post","type-post","status-publish","format-standard","has-post-thumbnail","category-internacional"],"acf":{"antetitulo":""},"yoast_head":"<!-- This site is optimized with the Yoast SEO plugin v28.4 - https:\/\/yoast.com\/product\/yoast-seo-wordpress\/ -->\n<title>Imagen de ni\u00f1o palestino mutilado gana premio World Press Photo - El Diario - Bolivia<\/title>\n<meta name=\"robots\" content=\"index, follow, max-snippet:-1, max-image-preview:large, max-video-preview:-1\" \/>\n<link rel=\"canonical\" href=\"https:\/\/www.eldiario.net\/portal\/2025\/04\/18\/imagen-de-nino-palestino-mutilado-gana-premio-world-press-photo\/\" \/>\n<meta property=\"og:locale\" content=\"es_ES\" \/>\n<meta property=\"og:type\" content=\"article\" \/>\n<meta property=\"og:title\" content=\"Imagen de ni\u00f1o palestino mutilado gana premio World Press Photo - El Diario - Bolivia\" \/>\n<meta property=\"og:description\" content=\"\u00abMe convertir\u00e9 en piloto y jugar\u00e9 al f\u00fatbol con mis amigos\u00bb. Con esa convicci\u00f3n hablaba Mahmoud Ajjour, de solo 9 a\u00f1os, a la agencia Reuters en septiembre pasado. Lo hac\u00eda desde su nueva casa en Doha, Qatar, donde tuvo que buscar refugio con su familia despu\u00e9s de un ataque de Israel sobre su antiguo hogar [&hellip;]\" \/>\n<meta property=\"og:url\" content=\"https:\/\/www.eldiario.net\/portal\/2025\/04\/18\/imagen-de-nino-palestino-mutilado-gana-premio-world-press-photo\/\" \/>\n<meta property=\"og:site_name\" content=\"El Diario - Bolivia\" \/>\n<meta property=\"article:publisher\" content=\"https:\/\/www.facebook.com\/eldiario.bolivia\/\" \/>\n<meta property=\"article:published_time\" content=\"2025-04-18T10:30:44+00:00\" \/>\n<meta property=\"og:image\" content=\"https:\/\/www.eldiario.net\/portal\/wp-content\/uploads\/2025\/04\/FOTO-World-Press-Photo.webp\" \/>\n\t<meta property=\"og:image:width\" content=\"800\" \/>\n\t<meta property=\"og:image:height\" content=\"450\" \/>\n\t<meta property=\"og:image:type\" content=\"image\/webp\" \/>\n<meta name=\"author\" content=\"Jeanette\" \/>\n<meta name=\"twitter:card\" content=\"summary_large_image\" \/>\n<meta name=\"twitter:creator\" content=\"@eldiario_net\" \/>\n<meta name=\"twitter:site\" content=\"@eldiario_net\" \/>\n<meta name=\"twitter:label1\" content=\"Escrito por\" \/>\n\t<meta name=\"twitter:data1\" content=\"Jeanette\" \/>\n\t<meta name=\"twitter:label2\" content=\"Tiempo de lectura\" \/>\n\t<meta name=\"twitter:data2\" content=\"5 minutos\" \/>\n<script type=\"application\/ld+json\" class=\"yoast-schema-graph\">{\"@context\":\"https:\\\/\\\/schema.org\",\"@graph\":[{\"@type\":\"Article\",\"@id\":\"https:\\\/\\\/www.eldiario.net\\\/portal\\\/2025\\\/04\\\/18\\\/imagen-de-nino-palestino-mutilado-gana-premio-world-press-photo\\\/#article\",\"isPartOf\":{\"@id\":\"https:\\\/\\\/www.eldiario.net\\\/portal\\\/2025\\\/04\\\/18\\\/imagen-de-nino-palestino-mutilado-gana-premio-world-press-photo\\\/\"},\"author\":{\"name\":\"Jeanette\",\"@id\":\"https:\\\/\\\/www.eldiario.net\\\/portal\\\/#\\\/schema\\\/person\\\/2c57cf2b7a7ae032e449e4c9b1019eac\"},\"headline\":\"Imagen de ni\u00f1o palestino mutilado gana premio World Press Photo\",\"datePublished\":\"2025-04-18T10:30:44+00:00\",\"mainEntityOfPage\":{\"@id\":\"https:\\\/\\\/www.eldiario.net\\\/portal\\\/2025\\\/04\\\/18\\\/imagen-de-nino-palestino-mutilado-gana-premio-world-press-photo\\\/\"},\"wordCount\":1095,\"publisher\":{\"@id\":\"https:\\\/\\\/www.eldiario.net\\\/portal\\\/#organization\"},\"image\":{\"@id\":\"https:\\\/\\\/www.eldiario.net\\\/portal\\\/2025\\\/04\\\/18\\\/imagen-de-nino-palestino-mutilado-gana-premio-world-press-photo\\\/#primaryimage\"},\"thumbnailUrl\":\"https:\\\/\\\/www.eldiario.net\\\/portal\\\/wp-content\\\/uploads\\\/2025\\\/04\\\/FOTO-World-Press-Photo.webp\",\"articleSection\":[\"Internacional\"],\"inLanguage\":\"es\"},{\"@type\":\"WebPage\",\"@id\":\"https:\\\/\\\/www.eldiario.net\\\/portal\\\/2025\\\/04\\\/18\\\/imagen-de-nino-palestino-mutilado-gana-premio-world-press-photo\\\/\",\"url\":\"https:\\\/\\\/www.eldiario.net\\\/portal\\\/2025\\\/04\\\/18\\\/imagen-de-nino-palestino-mutilado-gana-premio-world-press-photo\\\/\",\"name\":\"Imagen de ni\u00f1o palestino mutilado gana premio World Press Photo - El Diario - Bolivia\",\"isPartOf\":{\"@id\":\"https:\\\/\\\/www.eldiario.net\\\/portal\\\/#website\"},\"primaryImageOfPage\":{\"@id\":\"https:\\\/\\\/www.eldiario.net\\\/portal\\\/2025\\\/04\\\/18\\\/imagen-de-nino-palestino-mutilado-gana-premio-world-press-photo\\\/#primaryimage\"},\"image\":{\"@id\":\"https:\\\/\\\/www.eldiario.net\\\/portal\\\/2025\\\/04\\\/18\\\/imagen-de-nino-palestino-mutilado-gana-premio-world-press-photo\\\/#primaryimage\"},\"thumbnailUrl\":\"https:\\\/\\\/www.eldiario.net\\\/portal\\\/wp-content\\\/uploads\\\/2025\\\/04\\\/FOTO-World-Press-Photo.webp\",\"datePublished\":\"2025-04-18T10:30:44+00:00\",\"breadcrumb\":{\"@id\":\"https:\\\/\\\/www.eldiario.net\\\/portal\\\/2025\\\/04\\\/18\\\/imagen-de-nino-palestino-mutilado-gana-premio-world-press-photo\\\/#breadcrumb\"},\"inLanguage\":\"es\",\"potentialAction\":[{\"@type\":\"ReadAction\",\"target\":[\"https:\\\/\\\/www.eldiario.net\\\/portal\\\/2025\\\/04\\\/18\\\/imagen-de-nino-palestino-mutilado-gana-premio-world-press-photo\\\/\"]}]},{\"@type\":\"ImageObject\",\"inLanguage\":\"es\",\"@id\":\"https:\\\/\\\/www.eldiario.net\\\/portal\\\/2025\\\/04\\\/18\\\/imagen-de-nino-palestino-mutilado-gana-premio-world-press-photo\\\/#primaryimage\",\"url\":\"https:\\\/\\\/www.eldiario.net\\\/portal\\\/wp-content\\\/uploads\\\/2025\\\/04\\\/FOTO-World-Press-Photo.webp\",\"contentUrl\":\"https:\\\/\\\/www.eldiario.net\\\/portal\\\/wp-content\\\/uploads\\\/2025\\\/04\\\/FOTO-World-Press-Photo.webp\",\"width\":800,\"height\":450,\"caption\":\"La fotograf\u00eda de Mahmoud Ajjour hecha por Samar Abu Elouf gan\u00f3 el World Press Photo 2025. CREDITO: World Press Photo\"},{\"@type\":\"BreadcrumbList\",\"@id\":\"https:\\\/\\\/www.eldiario.net\\\/portal\\\/2025\\\/04\\\/18\\\/imagen-de-nino-palestino-mutilado-gana-premio-world-press-photo\\\/#breadcrumb\",\"itemListElement\":[{\"@type\":\"ListItem\",\"position\":1,\"name\":\"Portada\",\"item\":\"https:\\\/\\\/www.eldiario.net\\\/portal\\\/\"},{\"@type\":\"ListItem\",\"position\":2,\"name\":\"Imagen de ni\u00f1o palestino mutilado gana premio World Press Photo\"}]},{\"@type\":\"WebSite\",\"@id\":\"https:\\\/\\\/www.eldiario.net\\\/portal\\\/#website\",\"url\":\"https:\\\/\\\/www.eldiario.net\\\/portal\\\/\",\"name\":\"El Diario - Decano de la prensa nacional\",\"description\":\"El Diario - Decano de la prensa nacional\",\"publisher\":{\"@id\":\"https:\\\/\\\/www.eldiario.net\\\/portal\\\/#organization\"},\"potentialAction\":[{\"@type\":\"SearchAction\",\"target\":{\"@type\":\"EntryPoint\",\"urlTemplate\":\"https:\\\/\\\/www.eldiario.net\\\/portal\\\/?s={search_term_string}\"},\"query-input\":{\"@type\":\"PropertyValueSpecification\",\"valueRequired\":true,\"valueName\":\"search_term_string\"}}],\"inLanguage\":\"es\"},{\"@type\":\"Organization\",\"@id\":\"https:\\\/\\\/www.eldiario.net\\\/portal\\\/#organization\",\"name\":\"El Diario - Decano de la prensa nacional\",\"url\":\"https:\\\/\\\/www.eldiario.net\\\/portal\\\/\",\"logo\":{\"@type\":\"ImageObject\",\"inLanguage\":\"es\",\"@id\":\"https:\\\/\\\/www.eldiario.net\\\/portal\\\/#\\\/schema\\\/logo\\\/image\\\/\",\"url\":\"https:\\\/\\\/www.eldiario.net\\\/portal\\\/wp-content\\\/uploads\\\/2023\\\/07\\\/logo_ED.jpg\",\"contentUrl\":\"https:\\\/\\\/www.eldiario.net\\\/portal\\\/wp-content\\\/uploads\\\/2023\\\/07\\\/logo_ED.jpg\",\"width\":272,\"height\":52,\"caption\":\"El Diario - Decano de la prensa nacional\"},\"image\":{\"@id\":\"https:\\\/\\\/www.eldiario.net\\\/portal\\\/#\\\/schema\\\/logo\\\/image\\\/\"},\"sameAs\":[\"https:\\\/\\\/www.facebook.com\\\/eldiario.bolivia\\\/\",\"https:\\\/\\\/x.com\\\/eldiario_net\"]},{\"@type\":\"Person\",\"@id\":\"https:\\\/\\\/www.eldiario.net\\\/portal\\\/#\\\/schema\\\/person\\\/2c57cf2b7a7ae032e449e4c9b1019eac\",\"name\":\"Jeanette\",\"image\":{\"@type\":\"ImageObject\",\"inLanguage\":\"es\",\"@id\":\"https:\\\/\\\/secure.gravatar.com\\\/avatar\\\/3ea2118a5f7dad2b7138b1187a6b7ee55f160b9968b66013c3a3ef39dd7e5798?s=96&d=mm&r=g\",\"url\":\"https:\\\/\\\/secure.gravatar.com\\\/avatar\\\/3ea2118a5f7dad2b7138b1187a6b7ee55f160b9968b66013c3a3ef39dd7e5798?s=96&d=mm&r=g\",\"contentUrl\":\"https:\\\/\\\/secure.gravatar.com\\\/avatar\\\/3ea2118a5f7dad2b7138b1187a6b7ee55f160b9968b66013c3a3ef39dd7e5798?s=96&d=mm&r=g\",\"caption\":\"Jeanette\"},\"sameAs\":[\"https:\\\/\\\/www.eldiario.net\\\/portal\"],\"url\":\"https:\\\/\\\/www.eldiario.net\\\/portal\\\/author\\\/jeanette\\\/\"}]}<\/script>\n<!-- \/ Yoast SEO plugin. -->","yoast_head_json":{"title":"Imagen de ni\u00f1o palestino mutilado gana premio World Press Photo - El Diario - Bolivia","robots":{"index":"index","follow":"follow","max-snippet":"max-snippet:-1","max-image-preview":"max-image-preview:large","max-video-preview":"max-video-preview:-1"},"canonical":"https:\/\/www.eldiario.net\/portal\/2025\/04\/18\/imagen-de-nino-palestino-mutilado-gana-premio-world-press-photo\/","og_locale":"es_ES","og_type":"article","og_title":"Imagen de ni\u00f1o palestino mutilado gana premio World Press Photo - El Diario - Bolivia","og_description":"\u00abMe convertir\u00e9 en piloto y jugar\u00e9 al f\u00fatbol con mis amigos\u00bb. Con esa convicci\u00f3n hablaba Mahmoud Ajjour, de solo 9 a\u00f1os, a la agencia Reuters en septiembre pasado. Lo hac\u00eda desde su nueva casa en Doha, Qatar, donde tuvo que buscar refugio con su familia despu\u00e9s de un ataque de Israel sobre su antiguo hogar [&hellip;]","og_url":"https:\/\/www.eldiario.net\/portal\/2025\/04\/18\/imagen-de-nino-palestino-mutilado-gana-premio-world-press-photo\/","og_site_name":"El Diario - Bolivia","article_publisher":"https:\/\/www.facebook.com\/eldiario.bolivia\/","article_published_time":"2025-04-18T10:30:44+00:00","og_image":[{"width":800,"height":450,"url":"https:\/\/www.eldiario.net\/portal\/wp-content\/uploads\/2025\/04\/FOTO-World-Press-Photo.webp","type":"image\/webp"}],"author":"Jeanette","twitter_card":"summary_large_image","twitter_creator":"@eldiario_net","twitter_site":"@eldiario_net","twitter_misc":{"Escrito por":"Jeanette","Tiempo de lectura":"5 minutos"},"schema":{"@context":"https:\/\/schema.org","@graph":[{"@type":"Article","@id":"https:\/\/www.eldiario.net\/portal\/2025\/04\/18\/imagen-de-nino-palestino-mutilado-gana-premio-world-press-photo\/#article","isPartOf":{"@id":"https:\/\/www.eldiario.net\/portal\/2025\/04\/18\/imagen-de-nino-palestino-mutilado-gana-premio-world-press-photo\/"},"author":{"name":"Jeanette","@id":"https:\/\/www.eldiario.net\/portal\/#\/schema\/person\/2c57cf2b7a7ae032e449e4c9b1019eac"},"headline":"Imagen de ni\u00f1o palestino mutilado gana premio World Press Photo","datePublished":"2025-04-18T10:30:44+00:00","mainEntityOfPage":{"@id":"https:\/\/www.eldiario.net\/portal\/2025\/04\/18\/imagen-de-nino-palestino-mutilado-gana-premio-world-press-photo\/"},"wordCount":1095,"publisher":{"@id":"https:\/\/www.eldiario.net\/portal\/#organization"},"image":{"@id":"https:\/\/www.eldiario.net\/portal\/2025\/04\/18\/imagen-de-nino-palestino-mutilado-gana-premio-world-press-photo\/#primaryimage"},"thumbnailUrl":"https:\/\/www.eldiario.net\/portal\/wp-content\/uploads\/2025\/04\/FOTO-World-Press-Photo.webp","articleSection":["Internacional"],"inLanguage":"es"},{"@type":"WebPage","@id":"https:\/\/www.eldiario.net\/portal\/2025\/04\/18\/imagen-de-nino-palestino-mutilado-gana-premio-world-press-photo\/","url":"https:\/\/www.eldiario.net\/portal\/2025\/04\/18\/imagen-de-nino-palestino-mutilado-gana-premio-world-press-photo\/","name":"Imagen de ni\u00f1o palestino mutilado gana premio World Press Photo - El Diario - Bolivia","isPartOf":{"@id":"https:\/\/www.eldiario.net\/portal\/#website"},"primaryImageOfPage":{"@id":"https:\/\/www.eldiario.net\/portal\/2025\/04\/18\/imagen-de-nino-palestino-mutilado-gana-premio-world-press-photo\/#primaryimage"},"image":{"@id":"https:\/\/www.eldiario.net\/portal\/2025\/04\/18\/imagen-de-nino-palestino-mutilado-gana-premio-world-press-photo\/#primaryimage"},"thumbnailUrl":"https:\/\/www.eldiario.net\/portal\/wp-content\/uploads\/2025\/04\/FOTO-World-Press-Photo.webp","datePublished":"2025-04-18T10:30:44+00:00","breadcrumb":{"@id":"https:\/\/www.eldiario.net\/portal\/2025\/04\/18\/imagen-de-nino-palestino-mutilado-gana-premio-world-press-photo\/#breadcrumb"},"inLanguage":"es","potentialAction":[{"@type":"ReadAction","target":["https:\/\/www.eldiario.net\/portal\/2025\/04\/18\/imagen-de-nino-palestino-mutilado-gana-premio-world-press-photo\/"]}]},{"@type":"ImageObject","inLanguage":"es","@id":"https:\/\/www.eldiario.net\/portal\/2025\/04\/18\/imagen-de-nino-palestino-mutilado-gana-premio-world-press-photo\/#primaryimage","url":"https:\/\/www.eldiario.net\/portal\/wp-content\/uploads\/2025\/04\/FOTO-World-Press-Photo.webp","contentUrl":"https:\/\/www.eldiario.net\/portal\/wp-content\/uploads\/2025\/04\/FOTO-World-Press-Photo.webp","width":800,"height":450,"caption":"La fotograf\u00eda de Mahmoud Ajjour hecha por Samar Abu Elouf gan\u00f3 el World Press Photo 2025. CREDITO: World Press Photo"},{"@type":"BreadcrumbList","@id":"https:\/\/www.eldiario.net\/portal\/2025\/04\/18\/imagen-de-nino-palestino-mutilado-gana-premio-world-press-photo\/#breadcrumb","itemListElement":[{"@type":"ListItem","position":1,"name":"Portada","item":"https:\/\/www.eldiario.net\/portal\/"},{"@type":"ListItem","position":2,"name":"Imagen de ni\u00f1o palestino mutilado gana premio World Press Photo"}]},{"@type":"WebSite","@id":"https:\/\/www.eldiario.net\/portal\/#website","url":"https:\/\/www.eldiario.net\/portal\/","name":"El Diario - Decano de la prensa nacional","description":"El Diario - Decano de la prensa nacional","publisher":{"@id":"https:\/\/www.eldiario.net\/portal\/#organization"},"potentialAction":[{"@type":"SearchAction","target":{"@type":"EntryPoint","urlTemplate":"https:\/\/www.eldiario.net\/portal\/?s={search_term_string}"},"query-input":{"@type":"PropertyValueSpecification","valueRequired":true,"valueName":"search_term_string"}}],"inLanguage":"es"},{"@type":"Organization","@id":"https:\/\/www.eldiario.net\/portal\/#organization","name":"El Diario - Decano de la prensa nacional","url":"https:\/\/www.eldiario.net\/portal\/","logo":{"@type":"ImageObject","inLanguage":"es","@id":"https:\/\/www.eldiario.net\/portal\/#\/schema\/logo\/image\/","url":"https:\/\/www.eldiario.net\/portal\/wp-content\/uploads\/2023\/07\/logo_ED.jpg","contentUrl":"https:\/\/www.eldiario.net\/portal\/wp-content\/uploads\/2023\/07\/logo_ED.jpg","width":272,"height":52,"caption":"El Diario - Decano de la prensa nacional"},"image":{"@id":"https:\/\/www.eldiario.net\/portal\/#\/schema\/logo\/image\/"},"sameAs":["https:\/\/www.facebook.com\/eldiario.bolivia\/","https:\/\/x.com\/eldiario_net"]},{"@type":"Person","@id":"https:\/\/www.eldiario.net\/portal\/#\/schema\/person\/2c57cf2b7a7ae032e449e4c9b1019eac","name":"Jeanette","image":{"@type":"ImageObject","inLanguage":"es","@id":"https:\/\/secure.gravatar.com\/avatar\/3ea2118a5f7dad2b7138b1187a6b7ee55f160b9968b66013c3a3ef39dd7e5798?s=96&d=mm&r=g","url":"https:\/\/secure.gravatar.com\/avatar\/3ea2118a5f7dad2b7138b1187a6b7ee55f160b9968b66013c3a3ef39dd7e5798?s=96&d=mm&r=g","contentUrl":"https:\/\/secure.gravatar.com\/avatar\/3ea2118a5f7dad2b7138b1187a6b7ee55f160b9968b66013c3a3ef39dd7e5798?s=96&d=mm&r=g","caption":"Jeanette"},"sameAs":["https:\/\/www.eldiario.net\/portal"],"url":"https:\/\/www.eldiario.net\/portal\/author\/jeanette\/"}]}},"_links":{"self":[{"href":"https:\/\/www.eldiario.net\/portal\/wp-json\/wp\/v2\/posts\/296171","targetHints":{"allow":["GET"]}}],"collection":[{"href":"https:\/\/www.eldiario.net\/portal\/wp-json\/wp\/v2\/posts"}],"about":[{"href":"https:\/\/www.eldiario.net\/portal\/wp-json\/wp\/v2\/types\/post"}],"author":[{"embeddable":true,"href":"https:\/\/www.eldiario.net\/portal\/wp-json\/wp\/v2\/users\/1"}],"replies":[{"embeddable":true,"href":"https:\/\/www.eldiario.net\/portal\/wp-json\/wp\/v2\/comments?post=296171"}],"version-history":[{"count":1,"href":"https:\/\/www.eldiario.net\/portal\/wp-json\/wp\/v2\/posts\/296171\/revisions"}],"predecessor-version":[{"id":296173,"href":"https:\/\/www.eldiario.net\/portal\/wp-json\/wp\/v2\/posts\/296171\/revisions\/296173"}],"wp:featuredmedia":[{"embeddable":true,"href":"https:\/\/www.eldiario.net\/portal\/wp-json\/wp\/v2\/media\/296172"}],"wp:attachment":[{"href":"https:\/\/www.eldiario.net\/portal\/wp-json\/wp\/v2\/media?parent=296171"}],"wp:term":[{"taxonomy":"category","embeddable":true,"href":"https:\/\/www.eldiario.net\/portal\/wp-json\/wp\/v2\/categories?post=296171"},{"taxonomy":"post_tag","embeddable":true,"href":"https:\/\/www.eldiario.net\/portal\/wp-json\/wp\/v2\/tags?post=296171"}],"curies":[{"name":"wp","href":"https:\/\/api.w.org\/{rel}","templated":true}]}}