{"id":296168,"date":"2025-04-18T06:29:51","date_gmt":"2025-04-18T10:29:51","guid":{"rendered":"https:\/\/www.eldiario.net\/portal\/?p=296168"},"modified":"2025-04-18T06:29:51","modified_gmt":"2025-04-18T10:29:51","slug":"restringen-visitas-a-zuniga-y-destituyen-a-autoridad-penitencia-por-entrevista-virtual","status":"publish","type":"post","link":"https:\/\/www.eldiario.net\/portal\/2025\/04\/18\/restringen-visitas-a-zuniga-y-destituyen-a-autoridad-penitencia-por-entrevista-virtual\/","title":{"rendered":"Restringen visitas a Z\u00fa\u00f1iga y destituyen a autoridad penitencia por entrevista virtual"},"content":{"rendered":"<p>Luego de una entrevista concedida a un medio extranjero por el excomandante del Ej\u00e9rcito, Juan Jos\u00e9 Z\u00fa\u00f1iga, desde el penal de El Abra, el director departamental de R\u00e9gimen Penitenciario de Cochabamba, Tito Arze, fue destituido de su cargo y el exmilitar, se\u00f1alado como el principal articulador de un intento de golpe de Estado en junio pasado, no podr\u00e1 recibir visitas durante 20 d\u00edas, seg\u00fan anunci\u00f3 el ministro de Gobierno, Eduardo Del Castillo.<\/p>\n<p>Las acciones asumidas obedecen por las entrevistas que dio el exjefe militar con el uso de su tel\u00e9fono m\u00f3vil, mientras se encuentra recluido en la c\u00e1rcel de El Abra por las acciones militares del 26 de junio de 2024. La normativa penitenciaria proh\u00edbe a los privados de libertad portar celulares en las c\u00e1rceles.<\/p>\n<p>\u201cEl responsable de que se metan celulares ya va a ser destituido el d\u00eda de hoy, el director de R\u00e9gimen Penitenciario de Cochabamba (\u2026) Significa que no est\u00e1 haciendo un buen control, est\u00e1 permitiendo que las personas privadas de libertad hagan lo que quieran en El Abra\u201d, afirm\u00f3 ayer el ministro.<\/p>\n<p>El mi\u00e9rcoles 16 de abril, Z\u00fa\u00f1iga brind\u00f3 una entrevista virtual al portal argentino Data Urgente desde el penal de El Abra, donde se encuentra recluido, contacto en el que revel\u00f3 que el supuesto golpe de Estado fue ordenado por el propio presidente, Luis Arce, en un af\u00e1n de mejorar su imagen.<\/p>\n<p>Asimismo, se\u00f1al\u00f3 que un supuesto grupo de inteligencia del Gobierno orquest\u00f3 las acciones militares de junio pasado, el cual estar\u00eda liderado por el exministro de Evo Morales, Hugo Moldiz, y el \u201coperador\u201d, Fernando Rodr\u00edguez, quienes se dedican a \u201cmanejar el pa\u00eds desde las sombras\u201d.<\/p>\n<p>Z\u00fa\u00f1iga afirm\u00f3 adem\u00e1s no conocer a los integrantes del supuesto gabinete civil mencionado en el documental \u201c\u00bfQu\u00e9 pas\u00f3 el 26J?\u201d, producido por el Ministerio de Gobierno. En \u00e9l, se menciona que connotados analistas disidentes al Gobierno como Gonzalo Ch\u00e1vez, Jaime Dunn, Paul Coca o Joshua Bellot y el abogado defensor de perseguidos pol\u00edticos, Jorge Valda Daza, figuraban como eventuales ministros y altos funcionarios de un gabinete luego del golpe de Estado que, supuestamente, pretend\u00eda ejecutar Z\u00fa\u00f1iga.<\/p>\n<p>Por ello, Del Castillo anunci\u00f3 que Z\u00fa\u00f1iga tendr\u00e1 una sanci\u00f3n \u201cejemplar\u201d como cualquier otro privado de libertad tras conocerse que portaba un tel\u00e9fono en su poder mientras se encuentra encarcelado.<\/p>\n<p>\u201cEllos no est\u00e1n en una plaza, ellos no est\u00e1n en una helader\u00eda, est\u00e1n en un centro de rehabilitaci\u00f3n y no pueden tener acceso a tel\u00e9fonos; por tanto, va a tener una sanci\u00f3n ejemplar al igual que otras personas (&#8230;). Se le est\u00e1n cortando las visitas, si no me equivoco, por un lapso de 20 d\u00edas que es lo que determinan las normas internas. (Z\u00fa\u00f1iga) no puede recibir visitas esta persona y va a estar aislada\u201d, precis\u00f3 Del Castillo.<\/p>\n<p>La abogada defensora del exmilitar, Silvia Tapia, denunci\u00f3 a Erbol que su cliente fue aislado y se le restringieron las visitas tras la entrevista que brind\u00f3. Adem\u00e1s, se\u00f1al\u00f3 que existe la sospecha de que este podr\u00eda ser trasladado a otro recinto penitenciario. No obstante, el ministro descart\u00f3 esta posibilidad.<\/p>\n","protected":false},"excerpt":{"rendered":"<p>Luego de una entrevista concedida a un medio extranjero por el excomandante del Ej\u00e9rcito, Juan Jos\u00e9 Z\u00fa\u00f1iga, desde el penal de El Abra, el director departamental de R\u00e9gimen Penitenciario de Cochabamba, Tito Arze, fue destituido de su cargo y el exmilitar, se\u00f1alado como el principal articulador de un intento de golpe de Estado en junio [&hellip;]<\/p>\n","protected":false},"author":1,"featured_media":296169,"comment_status":"closed","ping_status":"open","sticky":false,"template":"","format":"standard","meta":{"_acf_changed":false,"footnotes":""},"categories":[39],"tags":[],"class_list":["post-296168","post","type-post","status-publish","format-standard","has-post-thumbnail","category-sociedad"],"acf":{"antetitulo":"Cochabamba"},"yoast_head":"<!-- This site is optimized with the Yoast SEO plugin v28.4 - https:\/\/yoast.com\/product\/yoast-seo-wordpress\/ -->\n<title>Restringen visitas a Z\u00fa\u00f1iga y destituyen a autoridad penitencia por entrevista virtual - El Diario - Bolivia<\/title>\n<meta name=\"robots\" content=\"index, follow, max-snippet:-1, max-image-preview:large, max-video-preview:-1\" \/>\n<link rel=\"canonical\" href=\"https:\/\/www.eldiario.net\/portal\/2025\/04\/18\/restringen-visitas-a-zuniga-y-destituyen-a-autoridad-penitencia-por-entrevista-virtual\/\" \/>\n<meta property=\"og:locale\" content=\"es_ES\" \/>\n<meta property=\"og:type\" content=\"article\" \/>\n<meta property=\"og:title\" content=\"Restringen visitas a Z\u00fa\u00f1iga y destituyen a autoridad penitencia por entrevista virtual - El Diario - Bolivia\" \/>\n<meta property=\"og:description\" content=\"Luego de una entrevista concedida a un medio extranjero por el excomandante del Ej\u00e9rcito, Juan Jos\u00e9 Z\u00fa\u00f1iga, desde el penal de El Abra, el director departamental de R\u00e9gimen Penitenciario de Cochabamba, Tito Arze, fue destituido de su cargo y el exmilitar, se\u00f1alado como el principal articulador de un intento de golpe de Estado en junio [&hellip;]\" \/>\n<meta property=\"og:url\" content=\"https:\/\/www.eldiario.net\/portal\/2025\/04\/18\/restringen-visitas-a-zuniga-y-destituyen-a-autoridad-penitencia-por-entrevista-virtual\/\" \/>\n<meta property=\"og:site_name\" content=\"El Diario - Bolivia\" \/>\n<meta property=\"article:publisher\" content=\"https:\/\/www.facebook.com\/eldiario.bolivia\/\" \/>\n<meta property=\"article:published_time\" content=\"2025-04-18T10:29:51+00:00\" \/>\n<meta property=\"og:image\" content=\"https:\/\/www.eldiario.net\/portal\/wp-content\/uploads\/2025\/04\/18-ZUNIGA.jpg\" \/>\n\t<meta property=\"og:image:width\" content=\"1169\" \/>\n\t<meta property=\"og:image:height\" content=\"657\" \/>\n\t<meta property=\"og:image:type\" content=\"image\/jpeg\" \/>\n<meta name=\"author\" content=\"Jeanette\" \/>\n<meta name=\"twitter:card\" content=\"summary_large_image\" \/>\n<meta name=\"twitter:creator\" content=\"@eldiario_net\" \/>\n<meta name=\"twitter:site\" content=\"@eldiario_net\" \/>\n<meta name=\"twitter:label1\" content=\"Escrito por\" \/>\n\t<meta name=\"twitter:data1\" content=\"Jeanette\" \/>\n\t<meta name=\"twitter:label2\" content=\"Tiempo de lectura\" \/>\n\t<meta name=\"twitter:data2\" content=\"3 minutos\" \/>\n<script type=\"application\/ld+json\" class=\"yoast-schema-graph\">{\"@context\":\"https:\\\/\\\/schema.org\",\"@graph\":[{\"@type\":\"Article\",\"@id\":\"https:\\\/\\\/www.eldiario.net\\\/portal\\\/2025\\\/04\\\/18\\\/restringen-visitas-a-zuniga-y-destituyen-a-autoridad-penitencia-por-entrevista-virtual\\\/#article\",\"isPartOf\":{\"@id\":\"https:\\\/\\\/www.eldiario.net\\\/portal\\\/2025\\\/04\\\/18\\\/restringen-visitas-a-zuniga-y-destituyen-a-autoridad-penitencia-por-entrevista-virtual\\\/\"},\"author\":{\"name\":\"Jeanette\",\"@id\":\"https:\\\/\\\/www.eldiario.net\\\/portal\\\/#\\\/schema\\\/person\\\/2c57cf2b7a7ae032e449e4c9b1019eac\"},\"headline\":\"Restringen visitas a Z\u00fa\u00f1iga y destituyen a autoridad penitencia por entrevista virtual\",\"datePublished\":\"2025-04-18T10:29:51+00:00\",\"mainEntityOfPage\":{\"@id\":\"https:\\\/\\\/www.eldiario.net\\\/portal\\\/2025\\\/04\\\/18\\\/restringen-visitas-a-zuniga-y-destituyen-a-autoridad-penitencia-por-entrevista-virtual\\\/\"},\"wordCount\":552,\"publisher\":{\"@id\":\"https:\\\/\\\/www.eldiario.net\\\/portal\\\/#organization\"},\"image\":{\"@id\":\"https:\\\/\\\/www.eldiario.net\\\/portal\\\/2025\\\/04\\\/18\\\/restringen-visitas-a-zuniga-y-destituyen-a-autoridad-penitencia-por-entrevista-virtual\\\/#primaryimage\"},\"thumbnailUrl\":\"https:\\\/\\\/www.eldiario.net\\\/portal\\\/wp-content\\\/uploads\\\/2025\\\/04\\\/18-ZUNIGA.jpg\",\"articleSection\":[\"Sociedad - Seguridad\"],\"inLanguage\":\"es\"},{\"@type\":\"WebPage\",\"@id\":\"https:\\\/\\\/www.eldiario.net\\\/portal\\\/2025\\\/04\\\/18\\\/restringen-visitas-a-zuniga-y-destituyen-a-autoridad-penitencia-por-entrevista-virtual\\\/\",\"url\":\"https:\\\/\\\/www.eldiario.net\\\/portal\\\/2025\\\/04\\\/18\\\/restringen-visitas-a-zuniga-y-destituyen-a-autoridad-penitencia-por-entrevista-virtual\\\/\",\"name\":\"Restringen visitas a Z\u00fa\u00f1iga y destituyen a autoridad penitencia por entrevista virtual - El Diario - Bolivia\",\"isPartOf\":{\"@id\":\"https:\\\/\\\/www.eldiario.net\\\/portal\\\/#website\"},\"primaryImageOfPage\":{\"@id\":\"https:\\\/\\\/www.eldiario.net\\\/portal\\\/2025\\\/04\\\/18\\\/restringen-visitas-a-zuniga-y-destituyen-a-autoridad-penitencia-por-entrevista-virtual\\\/#primaryimage\"},\"image\":{\"@id\":\"https:\\\/\\\/www.eldiario.net\\\/portal\\\/2025\\\/04\\\/18\\\/restringen-visitas-a-zuniga-y-destituyen-a-autoridad-penitencia-por-entrevista-virtual\\\/#primaryimage\"},\"thumbnailUrl\":\"https:\\\/\\\/www.eldiario.net\\\/portal\\\/wp-content\\\/uploads\\\/2025\\\/04\\\/18-ZUNIGA.jpg\",\"datePublished\":\"2025-04-18T10:29:51+00:00\",\"breadcrumb\":{\"@id\":\"https:\\\/\\\/www.eldiario.net\\\/portal\\\/2025\\\/04\\\/18\\\/restringen-visitas-a-zuniga-y-destituyen-a-autoridad-penitencia-por-entrevista-virtual\\\/#breadcrumb\"},\"inLanguage\":\"es\",\"potentialAction\":[{\"@type\":\"ReadAction\",\"target\":[\"https:\\\/\\\/www.eldiario.net\\\/portal\\\/2025\\\/04\\\/18\\\/restringen-visitas-a-zuniga-y-destituyen-a-autoridad-penitencia-por-entrevista-virtual\\\/\"]}]},{\"@type\":\"ImageObject\",\"inLanguage\":\"es\",\"@id\":\"https:\\\/\\\/www.eldiario.net\\\/portal\\\/2025\\\/04\\\/18\\\/restringen-visitas-a-zuniga-y-destituyen-a-autoridad-penitencia-por-entrevista-virtual\\\/#primaryimage\",\"url\":\"https:\\\/\\\/www.eldiario.net\\\/portal\\\/wp-content\\\/uploads\\\/2025\\\/04\\\/18-ZUNIGA.jpg\",\"contentUrl\":\"https:\\\/\\\/www.eldiario.net\\\/portal\\\/wp-content\\\/uploads\\\/2025\\\/04\\\/18-ZUNIGA.jpg\",\"width\":1169,\"height\":657,\"caption\":\"Z\u00fa\u00f1iga fue aprehendido y enviado al penal de El Abra. Cr\u00e9ditos: Archivo APG\"},{\"@type\":\"BreadcrumbList\",\"@id\":\"https:\\\/\\\/www.eldiario.net\\\/portal\\\/2025\\\/04\\\/18\\\/restringen-visitas-a-zuniga-y-destituyen-a-autoridad-penitencia-por-entrevista-virtual\\\/#breadcrumb\",\"itemListElement\":[{\"@type\":\"ListItem\",\"position\":1,\"name\":\"Portada\",\"item\":\"https:\\\/\\\/www.eldiario.net\\\/portal\\\/\"},{\"@type\":\"ListItem\",\"position\":2,\"name\":\"Restringen visitas a Z\u00fa\u00f1iga y destituyen a autoridad penitencia por entrevista virtual\"}]},{\"@type\":\"WebSite\",\"@id\":\"https:\\\/\\\/www.eldiario.net\\\/portal\\\/#website\",\"url\":\"https:\\\/\\\/www.eldiario.net\\\/portal\\\/\",\"name\":\"El Diario - Decano de la prensa nacional\",\"description\":\"El Diario - Decano de la prensa nacional\",\"publisher\":{\"@id\":\"https:\\\/\\\/www.eldiario.net\\\/portal\\\/#organization\"},\"potentialAction\":[{\"@type\":\"SearchAction\",\"target\":{\"@type\":\"EntryPoint\",\"urlTemplate\":\"https:\\\/\\\/www.eldiario.net\\\/portal\\\/?s={search_term_string}\"},\"query-input\":{\"@type\":\"PropertyValueSpecification\",\"valueRequired\":true,\"valueName\":\"search_term_string\"}}],\"inLanguage\":\"es\"},{\"@type\":\"Organization\",\"@id\":\"https:\\\/\\\/www.eldiario.net\\\/portal\\\/#organization\",\"name\":\"El Diario - Decano de la prensa nacional\",\"url\":\"https:\\\/\\\/www.eldiario.net\\\/portal\\\/\",\"logo\":{\"@type\":\"ImageObject\",\"inLanguage\":\"es\",\"@id\":\"https:\\\/\\\/www.eldiario.net\\\/portal\\\/#\\\/schema\\\/logo\\\/image\\\/\",\"url\":\"https:\\\/\\\/www.eldiario.net\\\/portal\\\/wp-content\\\/uploads\\\/2023\\\/07\\\/logo_ED.jpg\",\"contentUrl\":\"https:\\\/\\\/www.eldiario.net\\\/portal\\\/wp-content\\\/uploads\\\/2023\\\/07\\\/logo_ED.jpg\",\"width\":272,\"height\":52,\"caption\":\"El Diario - Decano de la prensa nacional\"},\"image\":{\"@id\":\"https:\\\/\\\/www.eldiario.net\\\/portal\\\/#\\\/schema\\\/logo\\\/image\\\/\"},\"sameAs\":[\"https:\\\/\\\/www.facebook.com\\\/eldiario.bolivia\\\/\",\"https:\\\/\\\/x.com\\\/eldiario_net\"]},{\"@type\":\"Person\",\"@id\":\"https:\\\/\\\/www.eldiario.net\\\/portal\\\/#\\\/schema\\\/person\\\/2c57cf2b7a7ae032e449e4c9b1019eac\",\"name\":\"Jeanette\",\"image\":{\"@type\":\"ImageObject\",\"inLanguage\":\"es\",\"@id\":\"https:\\\/\\\/secure.gravatar.com\\\/avatar\\\/3ea2118a5f7dad2b7138b1187a6b7ee55f160b9968b66013c3a3ef39dd7e5798?s=96&d=mm&r=g\",\"url\":\"https:\\\/\\\/secure.gravatar.com\\\/avatar\\\/3ea2118a5f7dad2b7138b1187a6b7ee55f160b9968b66013c3a3ef39dd7e5798?s=96&d=mm&r=g\",\"contentUrl\":\"https:\\\/\\\/secure.gravatar.com\\\/avatar\\\/3ea2118a5f7dad2b7138b1187a6b7ee55f160b9968b66013c3a3ef39dd7e5798?s=96&d=mm&r=g\",\"caption\":\"Jeanette\"},\"sameAs\":[\"https:\\\/\\\/www.eldiario.net\\\/portal\"],\"url\":\"https:\\\/\\\/www.eldiario.net\\\/portal\\\/author\\\/jeanette\\\/\"}]}<\/script>\n<!-- \/ Yoast SEO plugin. -->","yoast_head_json":{"title":"Restringen visitas a Z\u00fa\u00f1iga y destituyen a autoridad penitencia por entrevista virtual - El Diario - Bolivia","robots":{"index":"index","follow":"follow","max-snippet":"max-snippet:-1","max-image-preview":"max-image-preview:large","max-video-preview":"max-video-preview:-1"},"canonical":"https:\/\/www.eldiario.net\/portal\/2025\/04\/18\/restringen-visitas-a-zuniga-y-destituyen-a-autoridad-penitencia-por-entrevista-virtual\/","og_locale":"es_ES","og_type":"article","og_title":"Restringen visitas a Z\u00fa\u00f1iga y destituyen a autoridad penitencia por entrevista virtual - El Diario - Bolivia","og_description":"Luego de una entrevista concedida a un medio extranjero por el excomandante del Ej\u00e9rcito, Juan Jos\u00e9 Z\u00fa\u00f1iga, desde el penal de El Abra, el director departamental de R\u00e9gimen Penitenciario de Cochabamba, Tito Arze, fue destituido de su cargo y el exmilitar, se\u00f1alado como el principal articulador de un intento de golpe de Estado en junio [&hellip;]","og_url":"https:\/\/www.eldiario.net\/portal\/2025\/04\/18\/restringen-visitas-a-zuniga-y-destituyen-a-autoridad-penitencia-por-entrevista-virtual\/","og_site_name":"El Diario - Bolivia","article_publisher":"https:\/\/www.facebook.com\/eldiario.bolivia\/","article_published_time":"2025-04-18T10:29:51+00:00","og_image":[{"width":1169,"height":657,"url":"https:\/\/www.eldiario.net\/portal\/wp-content\/uploads\/2025\/04\/18-ZUNIGA.jpg","type":"image\/jpeg"}],"author":"Jeanette","twitter_card":"summary_large_image","twitter_creator":"@eldiario_net","twitter_site":"@eldiario_net","twitter_misc":{"Escrito por":"Jeanette","Tiempo de lectura":"3 minutos"},"schema":{"@context":"https:\/\/schema.org","@graph":[{"@type":"Article","@id":"https:\/\/www.eldiario.net\/portal\/2025\/04\/18\/restringen-visitas-a-zuniga-y-destituyen-a-autoridad-penitencia-por-entrevista-virtual\/#article","isPartOf":{"@id":"https:\/\/www.eldiario.net\/portal\/2025\/04\/18\/restringen-visitas-a-zuniga-y-destituyen-a-autoridad-penitencia-por-entrevista-virtual\/"},"author":{"name":"Jeanette","@id":"https:\/\/www.eldiario.net\/portal\/#\/schema\/person\/2c57cf2b7a7ae032e449e4c9b1019eac"},"headline":"Restringen visitas a Z\u00fa\u00f1iga y destituyen a autoridad penitencia por entrevista virtual","datePublished":"2025-04-18T10:29:51+00:00","mainEntityOfPage":{"@id":"https:\/\/www.eldiario.net\/portal\/2025\/04\/18\/restringen-visitas-a-zuniga-y-destituyen-a-autoridad-penitencia-por-entrevista-virtual\/"},"wordCount":552,"publisher":{"@id":"https:\/\/www.eldiario.net\/portal\/#organization"},"image":{"@id":"https:\/\/www.eldiario.net\/portal\/2025\/04\/18\/restringen-visitas-a-zuniga-y-destituyen-a-autoridad-penitencia-por-entrevista-virtual\/#primaryimage"},"thumbnailUrl":"https:\/\/www.eldiario.net\/portal\/wp-content\/uploads\/2025\/04\/18-ZUNIGA.jpg","articleSection":["Sociedad - Seguridad"],"inLanguage":"es"},{"@type":"WebPage","@id":"https:\/\/www.eldiario.net\/portal\/2025\/04\/18\/restringen-visitas-a-zuniga-y-destituyen-a-autoridad-penitencia-por-entrevista-virtual\/","url":"https:\/\/www.eldiario.net\/portal\/2025\/04\/18\/restringen-visitas-a-zuniga-y-destituyen-a-autoridad-penitencia-por-entrevista-virtual\/","name":"Restringen visitas a Z\u00fa\u00f1iga y destituyen a autoridad penitencia por entrevista virtual - El Diario - Bolivia","isPartOf":{"@id":"https:\/\/www.eldiario.net\/portal\/#website"},"primaryImageOfPage":{"@id":"https:\/\/www.eldiario.net\/portal\/2025\/04\/18\/restringen-visitas-a-zuniga-y-destituyen-a-autoridad-penitencia-por-entrevista-virtual\/#primaryimage"},"image":{"@id":"https:\/\/www.eldiario.net\/portal\/2025\/04\/18\/restringen-visitas-a-zuniga-y-destituyen-a-autoridad-penitencia-por-entrevista-virtual\/#primaryimage"},"thumbnailUrl":"https:\/\/www.eldiario.net\/portal\/wp-content\/uploads\/2025\/04\/18-ZUNIGA.jpg","datePublished":"2025-04-18T10:29:51+00:00","breadcrumb":{"@id":"https:\/\/www.eldiario.net\/portal\/2025\/04\/18\/restringen-visitas-a-zuniga-y-destituyen-a-autoridad-penitencia-por-entrevista-virtual\/#breadcrumb"},"inLanguage":"es","potentialAction":[{"@type":"ReadAction","target":["https:\/\/www.eldiario.net\/portal\/2025\/04\/18\/restringen-visitas-a-zuniga-y-destituyen-a-autoridad-penitencia-por-entrevista-virtual\/"]}]},{"@type":"ImageObject","inLanguage":"es","@id":"https:\/\/www.eldiario.net\/portal\/2025\/04\/18\/restringen-visitas-a-zuniga-y-destituyen-a-autoridad-penitencia-por-entrevista-virtual\/#primaryimage","url":"https:\/\/www.eldiario.net\/portal\/wp-content\/uploads\/2025\/04\/18-ZUNIGA.jpg","contentUrl":"https:\/\/www.eldiario.net\/portal\/wp-content\/uploads\/2025\/04\/18-ZUNIGA.jpg","width":1169,"height":657,"caption":"Z\u00fa\u00f1iga fue aprehendido y enviado al penal de El Abra. Cr\u00e9ditos: Archivo APG"},{"@type":"BreadcrumbList","@id":"https:\/\/www.eldiario.net\/portal\/2025\/04\/18\/restringen-visitas-a-zuniga-y-destituyen-a-autoridad-penitencia-por-entrevista-virtual\/#breadcrumb","itemListElement":[{"@type":"ListItem","position":1,"name":"Portada","item":"https:\/\/www.eldiario.net\/portal\/"},{"@type":"ListItem","position":2,"name":"Restringen visitas a Z\u00fa\u00f1iga y destituyen a autoridad penitencia por entrevista virtual"}]},{"@type":"WebSite","@id":"https:\/\/www.eldiario.net\/portal\/#website","url":"https:\/\/www.eldiario.net\/portal\/","name":"El Diario - Decano de la prensa nacional","description":"El Diario - Decano de la prensa nacional","publisher":{"@id":"https:\/\/www.eldiario.net\/portal\/#organization"},"potentialAction":[{"@type":"SearchAction","target":{"@type":"EntryPoint","urlTemplate":"https:\/\/www.eldiario.net\/portal\/?s={search_term_string}"},"query-input":{"@type":"PropertyValueSpecification","valueRequired":true,"valueName":"search_term_string"}}],"inLanguage":"es"},{"@type":"Organization","@id":"https:\/\/www.eldiario.net\/portal\/#organization","name":"El Diario - Decano de la prensa nacional","url":"https:\/\/www.eldiario.net\/portal\/","logo":{"@type":"ImageObject","inLanguage":"es","@id":"https:\/\/www.eldiario.net\/portal\/#\/schema\/logo\/image\/","url":"https:\/\/www.eldiario.net\/portal\/wp-content\/uploads\/2023\/07\/logo_ED.jpg","contentUrl":"https:\/\/www.eldiario.net\/portal\/wp-content\/uploads\/2023\/07\/logo_ED.jpg","width":272,"height":52,"caption":"El Diario - Decano de la prensa nacional"},"image":{"@id":"https:\/\/www.eldiario.net\/portal\/#\/schema\/logo\/image\/"},"sameAs":["https:\/\/www.facebook.com\/eldiario.bolivia\/","https:\/\/x.com\/eldiario_net"]},{"@type":"Person","@id":"https:\/\/www.eldiario.net\/portal\/#\/schema\/person\/2c57cf2b7a7ae032e449e4c9b1019eac","name":"Jeanette","image":{"@type":"ImageObject","inLanguage":"es","@id":"https:\/\/secure.gravatar.com\/avatar\/3ea2118a5f7dad2b7138b1187a6b7ee55f160b9968b66013c3a3ef39dd7e5798?s=96&d=mm&r=g","url":"https:\/\/secure.gravatar.com\/avatar\/3ea2118a5f7dad2b7138b1187a6b7ee55f160b9968b66013c3a3ef39dd7e5798?s=96&d=mm&r=g","contentUrl":"https:\/\/secure.gravatar.com\/avatar\/3ea2118a5f7dad2b7138b1187a6b7ee55f160b9968b66013c3a3ef39dd7e5798?s=96&d=mm&r=g","caption":"Jeanette"},"sameAs":["https:\/\/www.eldiario.net\/portal"],"url":"https:\/\/www.eldiario.net\/portal\/author\/jeanette\/"}]}},"_links":{"self":[{"href":"https:\/\/www.eldiario.net\/portal\/wp-json\/wp\/v2\/posts\/296168","targetHints":{"allow":["GET"]}}],"collection":[{"href":"https:\/\/www.eldiario.net\/portal\/wp-json\/wp\/v2\/posts"}],"about":[{"href":"https:\/\/www.eldiario.net\/portal\/wp-json\/wp\/v2\/types\/post"}],"author":[{"embeddable":true,"href":"https:\/\/www.eldiario.net\/portal\/wp-json\/wp\/v2\/users\/1"}],"replies":[{"embeddable":true,"href":"https:\/\/www.eldiario.net\/portal\/wp-json\/wp\/v2\/comments?post=296168"}],"version-history":[{"count":1,"href":"https:\/\/www.eldiario.net\/portal\/wp-json\/wp\/v2\/posts\/296168\/revisions"}],"predecessor-version":[{"id":296170,"href":"https:\/\/www.eldiario.net\/portal\/wp-json\/wp\/v2\/posts\/296168\/revisions\/296170"}],"wp:featuredmedia":[{"embeddable":true,"href":"https:\/\/www.eldiario.net\/portal\/wp-json\/wp\/v2\/media\/296169"}],"wp:attachment":[{"href":"https:\/\/www.eldiario.net\/portal\/wp-json\/wp\/v2\/media?parent=296168"}],"wp:term":[{"taxonomy":"category","embeddable":true,"href":"https:\/\/www.eldiario.net\/portal\/wp-json\/wp\/v2\/categories?post=296168"},{"taxonomy":"post_tag","embeddable":true,"href":"https:\/\/www.eldiario.net\/portal\/wp-json\/wp\/v2\/tags?post=296168"}],"curies":[{"name":"wp","href":"https:\/\/api.w.org\/{rel}","templated":true}]}}