{"id":296017,"date":"2025-04-17T06:38:07","date_gmt":"2025-04-17T10:38:07","guid":{"rendered":"https:\/\/www.eldiario.net\/portal\/?p=296017"},"modified":"2025-04-17T06:38:07","modified_gmt":"2025-04-17T10:38:07","slug":"denuncian-irregularidades-en-licitacion-de-ciclovias","status":"publish","type":"post","link":"https:\/\/www.eldiario.net\/portal\/2025\/04\/17\/denuncian-irregularidades-en-licitacion-de-ciclovias\/","title":{"rendered":"Denuncian irregularidades  en licitaci\u00f3n de ciclov\u00edas"},"content":{"rendered":"<p>La concejal municipal de Santa Cruz de la Sierra, Lola Terrazas, denunci\u00f3 que existen irregularidades en el proceso de contrataci\u00f3n para la construcci\u00f3n de ciclov\u00edas en la ciudad, se\u00f1alando que puede invalidarse la convocatoria porque se debi\u00f3 convocar a una licitaci\u00f3n p\u00fablica internacional.<\/p>\n<p>Seg\u00fan explic\u00f3 Terrazas, el monto total del proyecto supera los 78 millones de bolivianos, lo que, conforme a la normativa boliviana, exige que el proceso de contrataci\u00f3n se lleve a cabo mediante una licitaci\u00f3n p\u00fablica internacional. Sin embargo, la Alcald\u00eda habr\u00eda optado por una convocatoria nacional, contraviniendo lo establecido en las Normas B\u00e1sicas del Sistema de Administraci\u00f3n de Bienes y Servicios del Estado.<\/p>\n<p>\u201cEstamos ante una convocatoria que vulnera claramente la ley. Cuando el monto del proyecto supera los 70 millones, no hay margen para la duda: se debe convocar a empresas internacionales. Lo que se ha hecho es completamente irregular y pone en entredicho la transparencia del proceso\u201d, declar\u00f3 la concejal.<\/p>\n<p>Adem\u00e1s, Terrazas advirti\u00f3 que el Documento Base de Contrataci\u00f3n (DBC), publicado como parte de la convocatoria, contiene m\u00faltiples errores que, de acuerdo con el Decreto Supremo 181, provocan la nulidad autom\u00e1tica del proceso. Entre los errores identificados se encuentran contradicciones en la cantidad de kil\u00f3metros a construirse, duplicidad en los distritos a ejecutarse, interferencias de los planos de ciclov\u00edas con la infraestructura de la ciudad.<\/p>\n<p>\u201cEstos errores no son menores. Est\u00e1n regulados expresamente en el art\u00edculo 21 del DS 181, que se\u00f1ala que, si el DBC presenta inconsistencias, el proceso debe anularse. Lo que exigimos es que se respete la ley y se garantice que un proyecto de esta magnitud se ejecute con transparencia y responsabilidad\u201d, a\u00f1adi\u00f3.<\/p>\n<p>La concejal anunci\u00f3 que formalizar\u00e1 una denuncia ante las instituciones pertinentes y hacer conocer a la Contralor\u00eda General del Estado para que se haga un seguimiento de cerca al proceso. Tambi\u00e9n exigi\u00f3 que se suspenda la actual convocatoria hasta que se corrijan las irregularidades y se inicie un nuevo proceso conforme a las normas establecidas. (Santa Cruz, agencias)<\/p>\n","protected":false},"excerpt":{"rendered":"<p>La concejal municipal de Santa Cruz de la Sierra, Lola Terrazas, denunci\u00f3 que existen irregularidades en el proceso de contrataci\u00f3n para la construcci\u00f3n de ciclov\u00edas en la ciudad, se\u00f1alando que puede invalidarse la convocatoria porque se debi\u00f3 convocar a una licitaci\u00f3n p\u00fablica internacional. Seg\u00fan explic\u00f3 Terrazas, el monto total del proyecto supera los 78 millones [&hellip;]<\/p>\n","protected":false},"author":1,"featured_media":296018,"comment_status":"closed","ping_status":"open","sticky":false,"template":"","format":"standard","meta":{"_acf_changed":false,"footnotes":""},"categories":[12],"tags":[],"class_list":["post-296017","post","type-post","status-publish","format-standard","has-post-thumbnail","category-nacional"],"acf":{"antetitulo":"Santa Cruz"},"yoast_head":"<!-- This site is optimized with the Yoast SEO plugin v28.3 - https:\/\/yoast.com\/product\/yoast-seo-wordpress\/ -->\n<title>Denuncian irregularidades en licitaci\u00f3n de ciclov\u00edas - El Diario - Bolivia<\/title>\n<meta name=\"robots\" content=\"index, follow, max-snippet:-1, max-image-preview:large, max-video-preview:-1\" \/>\n<link rel=\"canonical\" href=\"https:\/\/www.eldiario.net\/portal\/2025\/04\/17\/denuncian-irregularidades-en-licitacion-de-ciclovias\/\" \/>\n<meta property=\"og:locale\" content=\"es_ES\" \/>\n<meta property=\"og:type\" content=\"article\" \/>\n<meta property=\"og:title\" content=\"Denuncian irregularidades en licitaci\u00f3n de ciclov\u00edas - El Diario - Bolivia\" \/>\n<meta property=\"og:description\" content=\"La concejal municipal de Santa Cruz de la Sierra, Lola Terrazas, denunci\u00f3 que existen irregularidades en el proceso de contrataci\u00f3n para la construcci\u00f3n de ciclov\u00edas en la ciudad, se\u00f1alando que puede invalidarse la convocatoria porque se debi\u00f3 convocar a una licitaci\u00f3n p\u00fablica internacional. Seg\u00fan explic\u00f3 Terrazas, el monto total del proyecto supera los 78 millones [&hellip;]\" \/>\n<meta property=\"og:url\" content=\"https:\/\/www.eldiario.net\/portal\/2025\/04\/17\/denuncian-irregularidades-en-licitacion-de-ciclovias\/\" \/>\n<meta property=\"og:site_name\" content=\"El Diario - Bolivia\" \/>\n<meta property=\"article:publisher\" content=\"https:\/\/www.facebook.com\/eldiario.bolivia\/\" \/>\n<meta property=\"article:published_time\" content=\"2025-04-17T10:38:07+00:00\" \/>\n<meta property=\"og:image\" content=\"https:\/\/www.eldiario.net\/portal\/wp-content\/uploads\/2025\/04\/LOLA-FOTO.jpg\" \/>\n\t<meta property=\"og:image:width\" content=\"1200\" \/>\n\t<meta property=\"og:image:height\" content=\"900\" \/>\n\t<meta property=\"og:image:type\" content=\"image\/jpeg\" \/>\n<meta name=\"author\" content=\"Jeanette\" \/>\n<meta name=\"twitter:card\" content=\"summary_large_image\" \/>\n<meta name=\"twitter:creator\" content=\"@eldiario_net\" \/>\n<meta name=\"twitter:site\" content=\"@eldiario_net\" \/>\n<meta name=\"twitter:label1\" content=\"Escrito por\" \/>\n\t<meta name=\"twitter:data1\" content=\"Jeanette\" \/>\n\t<meta name=\"twitter:label2\" content=\"Tiempo de lectura\" \/>\n\t<meta name=\"twitter:data2\" content=\"2 minutos\" \/>\n<script type=\"application\/ld+json\" class=\"yoast-schema-graph\">{\"@context\":\"https:\\\/\\\/schema.org\",\"@graph\":[{\"@type\":\"Article\",\"@id\":\"https:\\\/\\\/www.eldiario.net\\\/portal\\\/2025\\\/04\\\/17\\\/denuncian-irregularidades-en-licitacion-de-ciclovias\\\/#article\",\"isPartOf\":{\"@id\":\"https:\\\/\\\/www.eldiario.net\\\/portal\\\/2025\\\/04\\\/17\\\/denuncian-irregularidades-en-licitacion-de-ciclovias\\\/\"},\"author\":{\"name\":\"Jeanette\",\"@id\":\"https:\\\/\\\/www.eldiario.net\\\/portal\\\/#\\\/schema\\\/person\\\/f46445640444750d7d753ccd04ae01b7\"},\"headline\":\"Denuncian irregularidades en licitaci\u00f3n de ciclov\u00edas\",\"datePublished\":\"2025-04-17T10:38:07+00:00\",\"mainEntityOfPage\":{\"@id\":\"https:\\\/\\\/www.eldiario.net\\\/portal\\\/2025\\\/04\\\/17\\\/denuncian-irregularidades-en-licitacion-de-ciclovias\\\/\"},\"wordCount\":359,\"publisher\":{\"@id\":\"https:\\\/\\\/www.eldiario.net\\\/portal\\\/#organization\"},\"image\":{\"@id\":\"https:\\\/\\\/www.eldiario.net\\\/portal\\\/2025\\\/04\\\/17\\\/denuncian-irregularidades-en-licitacion-de-ciclovias\\\/#primaryimage\"},\"thumbnailUrl\":\"https:\\\/\\\/www.eldiario.net\\\/portal\\\/wp-content\\\/uploads\\\/2025\\\/04\\\/LOLA-FOTO.jpg\",\"articleSection\":[\"Nacional\"],\"inLanguage\":\"es\"},{\"@type\":\"WebPage\",\"@id\":\"https:\\\/\\\/www.eldiario.net\\\/portal\\\/2025\\\/04\\\/17\\\/denuncian-irregularidades-en-licitacion-de-ciclovias\\\/\",\"url\":\"https:\\\/\\\/www.eldiario.net\\\/portal\\\/2025\\\/04\\\/17\\\/denuncian-irregularidades-en-licitacion-de-ciclovias\\\/\",\"name\":\"Denuncian irregularidades en licitaci\u00f3n de ciclov\u00edas - El Diario - Bolivia\",\"isPartOf\":{\"@id\":\"https:\\\/\\\/www.eldiario.net\\\/portal\\\/#website\"},\"primaryImageOfPage\":{\"@id\":\"https:\\\/\\\/www.eldiario.net\\\/portal\\\/2025\\\/04\\\/17\\\/denuncian-irregularidades-en-licitacion-de-ciclovias\\\/#primaryimage\"},\"image\":{\"@id\":\"https:\\\/\\\/www.eldiario.net\\\/portal\\\/2025\\\/04\\\/17\\\/denuncian-irregularidades-en-licitacion-de-ciclovias\\\/#primaryimage\"},\"thumbnailUrl\":\"https:\\\/\\\/www.eldiario.net\\\/portal\\\/wp-content\\\/uploads\\\/2025\\\/04\\\/LOLA-FOTO.jpg\",\"datePublished\":\"2025-04-17T10:38:07+00:00\",\"breadcrumb\":{\"@id\":\"https:\\\/\\\/www.eldiario.net\\\/portal\\\/2025\\\/04\\\/17\\\/denuncian-irregularidades-en-licitacion-de-ciclovias\\\/#breadcrumb\"},\"inLanguage\":\"es\",\"potentialAction\":[{\"@type\":\"ReadAction\",\"target\":[\"https:\\\/\\\/www.eldiario.net\\\/portal\\\/2025\\\/04\\\/17\\\/denuncian-irregularidades-en-licitacion-de-ciclovias\\\/\"]}]},{\"@type\":\"ImageObject\",\"inLanguage\":\"es\",\"@id\":\"https:\\\/\\\/www.eldiario.net\\\/portal\\\/2025\\\/04\\\/17\\\/denuncian-irregularidades-en-licitacion-de-ciclovias\\\/#primaryimage\",\"url\":\"https:\\\/\\\/www.eldiario.net\\\/portal\\\/wp-content\\\/uploads\\\/2025\\\/04\\\/LOLA-FOTO.jpg\",\"contentUrl\":\"https:\\\/\\\/www.eldiario.net\\\/portal\\\/wp-content\\\/uploads\\\/2025\\\/04\\\/LOLA-FOTO.jpg\",\"width\":1200,\"height\":900,\"caption\":\"LA CONCEJAL LOLA TERRAZAS. FOTO: RRSS\"},{\"@type\":\"BreadcrumbList\",\"@id\":\"https:\\\/\\\/www.eldiario.net\\\/portal\\\/2025\\\/04\\\/17\\\/denuncian-irregularidades-en-licitacion-de-ciclovias\\\/#breadcrumb\",\"itemListElement\":[{\"@type\":\"ListItem\",\"position\":1,\"name\":\"Portada\",\"item\":\"https:\\\/\\\/www.eldiario.net\\\/portal\\\/\"},{\"@type\":\"ListItem\",\"position\":2,\"name\":\"Denuncian irregularidades en licitaci\u00f3n de ciclov\u00edas\"}]},{\"@type\":\"WebSite\",\"@id\":\"https:\\\/\\\/www.eldiario.net\\\/portal\\\/#website\",\"url\":\"https:\\\/\\\/www.eldiario.net\\\/portal\\\/\",\"name\":\"El Diario - Decano de la prensa nacional\",\"description\":\"El Diario - Decano de la prensa nacional\",\"publisher\":{\"@id\":\"https:\\\/\\\/www.eldiario.net\\\/portal\\\/#organization\"},\"potentialAction\":[{\"@type\":\"SearchAction\",\"target\":{\"@type\":\"EntryPoint\",\"urlTemplate\":\"https:\\\/\\\/www.eldiario.net\\\/portal\\\/?s={search_term_string}\"},\"query-input\":{\"@type\":\"PropertyValueSpecification\",\"valueRequired\":true,\"valueName\":\"search_term_string\"}}],\"inLanguage\":\"es\"},{\"@type\":\"Organization\",\"@id\":\"https:\\\/\\\/www.eldiario.net\\\/portal\\\/#organization\",\"name\":\"El Diario - Decano de la prensa nacional\",\"url\":\"https:\\\/\\\/www.eldiario.net\\\/portal\\\/\",\"logo\":{\"@type\":\"ImageObject\",\"inLanguage\":\"es\",\"@id\":\"https:\\\/\\\/www.eldiario.net\\\/portal\\\/#\\\/schema\\\/logo\\\/image\\\/\",\"url\":\"https:\\\/\\\/www.eldiario.net\\\/portal\\\/wp-content\\\/uploads\\\/2023\\\/07\\\/logo_ED.jpg\",\"contentUrl\":\"https:\\\/\\\/www.eldiario.net\\\/portal\\\/wp-content\\\/uploads\\\/2023\\\/07\\\/logo_ED.jpg\",\"width\":272,\"height\":52,\"caption\":\"El Diario - Decano de la prensa nacional\"},\"image\":{\"@id\":\"https:\\\/\\\/www.eldiario.net\\\/portal\\\/#\\\/schema\\\/logo\\\/image\\\/\"},\"sameAs\":[\"https:\\\/\\\/www.facebook.com\\\/eldiario.bolivia\\\/\",\"https:\\\/\\\/x.com\\\/eldiario_net\"]},{\"@type\":\"Person\",\"@id\":\"https:\\\/\\\/www.eldiario.net\\\/portal\\\/#\\\/schema\\\/person\\\/f46445640444750d7d753ccd04ae01b7\",\"name\":\"Jeanette\",\"image\":{\"@type\":\"ImageObject\",\"inLanguage\":\"es\",\"@id\":\"https:\\\/\\\/secure.gravatar.com\\\/avatar\\\/3ea2118a5f7dad2b7138b1187a6b7ee55f160b9968b66013c3a3ef39dd7e5798?s=96&d=mm&r=g\",\"url\":\"https:\\\/\\\/secure.gravatar.com\\\/avatar\\\/3ea2118a5f7dad2b7138b1187a6b7ee55f160b9968b66013c3a3ef39dd7e5798?s=96&d=mm&r=g\",\"contentUrl\":\"https:\\\/\\\/secure.gravatar.com\\\/avatar\\\/3ea2118a5f7dad2b7138b1187a6b7ee55f160b9968b66013c3a3ef39dd7e5798?s=96&d=mm&r=g\",\"caption\":\"Jeanette\"},\"sameAs\":[\"https:\\\/\\\/www.eldiario.net\\\/portal\"],\"url\":\"https:\\\/\\\/www.eldiario.net\\\/portal\\\/author\\\/jeanette\\\/\"}]}<\/script>\n<!-- \/ Yoast SEO plugin. -->","yoast_head_json":{"title":"Denuncian irregularidades en licitaci\u00f3n de ciclov\u00edas - El Diario - Bolivia","robots":{"index":"index","follow":"follow","max-snippet":"max-snippet:-1","max-image-preview":"max-image-preview:large","max-video-preview":"max-video-preview:-1"},"canonical":"https:\/\/www.eldiario.net\/portal\/2025\/04\/17\/denuncian-irregularidades-en-licitacion-de-ciclovias\/","og_locale":"es_ES","og_type":"article","og_title":"Denuncian irregularidades en licitaci\u00f3n de ciclov\u00edas - El Diario - Bolivia","og_description":"La concejal municipal de Santa Cruz de la Sierra, Lola Terrazas, denunci\u00f3 que existen irregularidades en el proceso de contrataci\u00f3n para la construcci\u00f3n de ciclov\u00edas en la ciudad, se\u00f1alando que puede invalidarse la convocatoria porque se debi\u00f3 convocar a una licitaci\u00f3n p\u00fablica internacional. Seg\u00fan explic\u00f3 Terrazas, el monto total del proyecto supera los 78 millones [&hellip;]","og_url":"https:\/\/www.eldiario.net\/portal\/2025\/04\/17\/denuncian-irregularidades-en-licitacion-de-ciclovias\/","og_site_name":"El Diario - Bolivia","article_publisher":"https:\/\/www.facebook.com\/eldiario.bolivia\/","article_published_time":"2025-04-17T10:38:07+00:00","og_image":[{"width":1200,"height":900,"url":"https:\/\/www.eldiario.net\/portal\/wp-content\/uploads\/2025\/04\/LOLA-FOTO.jpg","type":"image\/jpeg"}],"author":"Jeanette","twitter_card":"summary_large_image","twitter_creator":"@eldiario_net","twitter_site":"@eldiario_net","twitter_misc":{"Escrito por":"Jeanette","Tiempo de lectura":"2 minutos"},"schema":{"@context":"https:\/\/schema.org","@graph":[{"@type":"Article","@id":"https:\/\/www.eldiario.net\/portal\/2025\/04\/17\/denuncian-irregularidades-en-licitacion-de-ciclovias\/#article","isPartOf":{"@id":"https:\/\/www.eldiario.net\/portal\/2025\/04\/17\/denuncian-irregularidades-en-licitacion-de-ciclovias\/"},"author":{"name":"Jeanette","@id":"https:\/\/www.eldiario.net\/portal\/#\/schema\/person\/f46445640444750d7d753ccd04ae01b7"},"headline":"Denuncian irregularidades en licitaci\u00f3n de ciclov\u00edas","datePublished":"2025-04-17T10:38:07+00:00","mainEntityOfPage":{"@id":"https:\/\/www.eldiario.net\/portal\/2025\/04\/17\/denuncian-irregularidades-en-licitacion-de-ciclovias\/"},"wordCount":359,"publisher":{"@id":"https:\/\/www.eldiario.net\/portal\/#organization"},"image":{"@id":"https:\/\/www.eldiario.net\/portal\/2025\/04\/17\/denuncian-irregularidades-en-licitacion-de-ciclovias\/#primaryimage"},"thumbnailUrl":"https:\/\/www.eldiario.net\/portal\/wp-content\/uploads\/2025\/04\/LOLA-FOTO.jpg","articleSection":["Nacional"],"inLanguage":"es"},{"@type":"WebPage","@id":"https:\/\/www.eldiario.net\/portal\/2025\/04\/17\/denuncian-irregularidades-en-licitacion-de-ciclovias\/","url":"https:\/\/www.eldiario.net\/portal\/2025\/04\/17\/denuncian-irregularidades-en-licitacion-de-ciclovias\/","name":"Denuncian irregularidades en licitaci\u00f3n de ciclov\u00edas - El Diario - Bolivia","isPartOf":{"@id":"https:\/\/www.eldiario.net\/portal\/#website"},"primaryImageOfPage":{"@id":"https:\/\/www.eldiario.net\/portal\/2025\/04\/17\/denuncian-irregularidades-en-licitacion-de-ciclovias\/#primaryimage"},"image":{"@id":"https:\/\/www.eldiario.net\/portal\/2025\/04\/17\/denuncian-irregularidades-en-licitacion-de-ciclovias\/#primaryimage"},"thumbnailUrl":"https:\/\/www.eldiario.net\/portal\/wp-content\/uploads\/2025\/04\/LOLA-FOTO.jpg","datePublished":"2025-04-17T10:38:07+00:00","breadcrumb":{"@id":"https:\/\/www.eldiario.net\/portal\/2025\/04\/17\/denuncian-irregularidades-en-licitacion-de-ciclovias\/#breadcrumb"},"inLanguage":"es","potentialAction":[{"@type":"ReadAction","target":["https:\/\/www.eldiario.net\/portal\/2025\/04\/17\/denuncian-irregularidades-en-licitacion-de-ciclovias\/"]}]},{"@type":"ImageObject","inLanguage":"es","@id":"https:\/\/www.eldiario.net\/portal\/2025\/04\/17\/denuncian-irregularidades-en-licitacion-de-ciclovias\/#primaryimage","url":"https:\/\/www.eldiario.net\/portal\/wp-content\/uploads\/2025\/04\/LOLA-FOTO.jpg","contentUrl":"https:\/\/www.eldiario.net\/portal\/wp-content\/uploads\/2025\/04\/LOLA-FOTO.jpg","width":1200,"height":900,"caption":"LA CONCEJAL LOLA TERRAZAS. FOTO: RRSS"},{"@type":"BreadcrumbList","@id":"https:\/\/www.eldiario.net\/portal\/2025\/04\/17\/denuncian-irregularidades-en-licitacion-de-ciclovias\/#breadcrumb","itemListElement":[{"@type":"ListItem","position":1,"name":"Portada","item":"https:\/\/www.eldiario.net\/portal\/"},{"@type":"ListItem","position":2,"name":"Denuncian irregularidades en licitaci\u00f3n de ciclov\u00edas"}]},{"@type":"WebSite","@id":"https:\/\/www.eldiario.net\/portal\/#website","url":"https:\/\/www.eldiario.net\/portal\/","name":"El Diario - Decano de la prensa nacional","description":"El Diario - Decano de la prensa nacional","publisher":{"@id":"https:\/\/www.eldiario.net\/portal\/#organization"},"potentialAction":[{"@type":"SearchAction","target":{"@type":"EntryPoint","urlTemplate":"https:\/\/www.eldiario.net\/portal\/?s={search_term_string}"},"query-input":{"@type":"PropertyValueSpecification","valueRequired":true,"valueName":"search_term_string"}}],"inLanguage":"es"},{"@type":"Organization","@id":"https:\/\/www.eldiario.net\/portal\/#organization","name":"El Diario - Decano de la prensa nacional","url":"https:\/\/www.eldiario.net\/portal\/","logo":{"@type":"ImageObject","inLanguage":"es","@id":"https:\/\/www.eldiario.net\/portal\/#\/schema\/logo\/image\/","url":"https:\/\/www.eldiario.net\/portal\/wp-content\/uploads\/2023\/07\/logo_ED.jpg","contentUrl":"https:\/\/www.eldiario.net\/portal\/wp-content\/uploads\/2023\/07\/logo_ED.jpg","width":272,"height":52,"caption":"El Diario - Decano de la prensa nacional"},"image":{"@id":"https:\/\/www.eldiario.net\/portal\/#\/schema\/logo\/image\/"},"sameAs":["https:\/\/www.facebook.com\/eldiario.bolivia\/","https:\/\/x.com\/eldiario_net"]},{"@type":"Person","@id":"https:\/\/www.eldiario.net\/portal\/#\/schema\/person\/f46445640444750d7d753ccd04ae01b7","name":"Jeanette","image":{"@type":"ImageObject","inLanguage":"es","@id":"https:\/\/secure.gravatar.com\/avatar\/3ea2118a5f7dad2b7138b1187a6b7ee55f160b9968b66013c3a3ef39dd7e5798?s=96&d=mm&r=g","url":"https:\/\/secure.gravatar.com\/avatar\/3ea2118a5f7dad2b7138b1187a6b7ee55f160b9968b66013c3a3ef39dd7e5798?s=96&d=mm&r=g","contentUrl":"https:\/\/secure.gravatar.com\/avatar\/3ea2118a5f7dad2b7138b1187a6b7ee55f160b9968b66013c3a3ef39dd7e5798?s=96&d=mm&r=g","caption":"Jeanette"},"sameAs":["https:\/\/www.eldiario.net\/portal"],"url":"https:\/\/www.eldiario.net\/portal\/author\/jeanette\/"}]}},"_links":{"self":[{"href":"https:\/\/www.eldiario.net\/portal\/wp-json\/wp\/v2\/posts\/296017","targetHints":{"allow":["GET"]}}],"collection":[{"href":"https:\/\/www.eldiario.net\/portal\/wp-json\/wp\/v2\/posts"}],"about":[{"href":"https:\/\/www.eldiario.net\/portal\/wp-json\/wp\/v2\/types\/post"}],"author":[{"embeddable":true,"href":"https:\/\/www.eldiario.net\/portal\/wp-json\/wp\/v2\/users\/1"}],"replies":[{"embeddable":true,"href":"https:\/\/www.eldiario.net\/portal\/wp-json\/wp\/v2\/comments?post=296017"}],"version-history":[{"count":1,"href":"https:\/\/www.eldiario.net\/portal\/wp-json\/wp\/v2\/posts\/296017\/revisions"}],"predecessor-version":[{"id":296019,"href":"https:\/\/www.eldiario.net\/portal\/wp-json\/wp\/v2\/posts\/296017\/revisions\/296019"}],"wp:featuredmedia":[{"embeddable":true,"href":"https:\/\/www.eldiario.net\/portal\/wp-json\/wp\/v2\/media\/296018"}],"wp:attachment":[{"href":"https:\/\/www.eldiario.net\/portal\/wp-json\/wp\/v2\/media?parent=296017"}],"wp:term":[{"taxonomy":"category","embeddable":true,"href":"https:\/\/www.eldiario.net\/portal\/wp-json\/wp\/v2\/categories?post=296017"},{"taxonomy":"post_tag","embeddable":true,"href":"https:\/\/www.eldiario.net\/portal\/wp-json\/wp\/v2\/tags?post=296017"}],"curies":[{"name":"wp","href":"https:\/\/api.w.org\/{rel}","templated":true}]}}