{"id":296014,"date":"2025-04-17T06:37:35","date_gmt":"2025-04-17T10:37:35","guid":{"rendered":"https:\/\/www.eldiario.net\/portal\/?p=296014"},"modified":"2025-04-17T06:37:35","modified_gmt":"2025-04-17T10:37:35","slug":"siete-macrorregiones-crucenos-se-abren-al-turismo-interno","status":"publish","type":"post","link":"https:\/\/www.eldiario.net\/portal\/2025\/04\/17\/siete-macrorregiones-crucenos-se-abren-al-turismo-interno\/","title":{"rendered":"Siete macrorregiones cruce\u00f1os se abren al turismo interno"},"content":{"rendered":"<p>Ante el feriado largo que se aproxima por Semana Santa, la Direcci\u00f3n de Turismo y Cultura de la Gobernaci\u00f3n, invit\u00f3 a la poblaci\u00f3n a visitar los atractivos tur\u00edsticos de las siete macrorregiones del departamento, donde podr\u00e1n encontrar arte, cultura y tradici\u00f3n.<\/p>\n<p>El director de Turismo y Cultura, Saddam Pinto, detall\u00f3 acerca de los atractivos tur\u00edsticos m\u00e1s visitados para esta fecha, entre ellos, en la macro regi\u00f3n de la zona metropolitana de Santa Cruz, destaca la plaza 24 de Septiembre y la Bas\u00edlica Menor de San Lorenzo \u201cLa Catedral\u201d.<\/p>\n<p>\u201cAlrededor de la ciudad podr\u00e1n visitar el santuario de la Virgen de Cotoca, la Unidad de Conservaci\u00f3n del Patrimonio Natural \u2013 UCPN Espejillos, el Parque Regional Lomas de Arena, Bio Centro G\u00fcemb\u00e9, Porongo y las Cataratas del Jard\u00edn de las Delicias en El Torno\u201d, mencion\u00f3, a tiempo de resaltar la comunidad La Perdiz, donde fluyen las aguas dulces del departamento.<\/p>\n<p>Con relaci\u00f3n, a la macrorregi\u00f3n de la Chiquitania resalta las Misiones de Chiquitos, adem\u00e1s del parque Hist\u00f3rico y Arqueol\u00f3gico Santa Cruz La Vieja y el museo de la Fundaci\u00f3n de Santa Cruz, ubicados en el municipio de San Jos\u00e9, donde adem\u00e1s podr\u00e1n realizar el circuito SaboreArte.<\/p>\n<p>Hacia el sudeste chiquitano est\u00e1n la serran\u00eda de Choch\u00eds, los miradores de Santiago de Chiquitos y el Valle de Tucabaca, como tambi\u00e9n, el complejo tur\u00edstico \u201cBio termal Aguas Calientes\u201d. Tambi\u00e9n podr\u00e1n visitar el Pantanal Boliviano, rico en biodiversidad, que alberga La Curicha en San Mat\u00edas, laguna La Gaiba y Santo Coraz\u00f3n.<\/p>\n<p>Otra macrorregi\u00f3n que se puede visitar es la de las Misiones Franciscanas Guarayas, que tienen las expresiones culturales, m\u00fasica renacentista, barroca y tejidos elaborados en la zona, compuestas por los templos franciscanos de: Yota\u00fa, Urubich\u00e1, Ascensi\u00f3n de Guarayos.<\/p>\n<p>En el chaco cruce\u00f1o de la provincia de Cordillera, la autoridad departamental, invit\u00f3 a visitar la UCPN \u201cRefugio de Vida Silvestre Departamental-Serran\u00eda Sararenda\u201d, lo Cajones del R\u00edo Grande, el sendero al Chorro, Muela del Diablo, Moroco y Florida. A su vez no pueden dejar de pasar por el municipio de Cuevo, que este s\u00e1bado 19 de abril llevar\u00e1 a cabo su 16 versi\u00f3n del Festival de la Leche y el Queso. (Santa Cruz, agencias)<\/p>\n","protected":false},"excerpt":{"rendered":"<p>Ante el feriado largo que se aproxima por Semana Santa, la Direcci\u00f3n de Turismo y Cultura de la Gobernaci\u00f3n, invit\u00f3 a la poblaci\u00f3n a visitar los atractivos tur\u00edsticos de las siete macrorregiones del departamento, donde podr\u00e1n encontrar arte, cultura y tradici\u00f3n. El director de Turismo y Cultura, Saddam Pinto, detall\u00f3 acerca de los atractivos tur\u00edsticos [&hellip;]<\/p>\n","protected":false},"author":1,"featured_media":296015,"comment_status":"closed","ping_status":"open","sticky":false,"template":"","format":"standard","meta":{"_acf_changed":false,"footnotes":""},"categories":[12],"tags":[],"class_list":["post-296014","post","type-post","status-publish","format-standard","has-post-thumbnail","category-nacional"],"acf":{"antetitulo":""},"yoast_head":"<!-- This site is optimized with the Yoast SEO plugin v28.3 - https:\/\/yoast.com\/product\/yoast-seo-wordpress\/ -->\n<title>Siete macrorregiones cruce\u00f1os se abren al turismo interno - El Diario - Bolivia<\/title>\n<meta name=\"robots\" content=\"index, follow, max-snippet:-1, max-image-preview:large, max-video-preview:-1\" \/>\n<link rel=\"canonical\" href=\"https:\/\/www.eldiario.net\/portal\/2025\/04\/17\/siete-macrorregiones-crucenos-se-abren-al-turismo-interno\/\" \/>\n<meta property=\"og:locale\" content=\"es_ES\" \/>\n<meta property=\"og:type\" content=\"article\" \/>\n<meta property=\"og:title\" content=\"Siete macrorregiones cruce\u00f1os se abren al turismo interno - El Diario - Bolivia\" \/>\n<meta property=\"og:description\" content=\"Ante el feriado largo que se aproxima por Semana Santa, la Direcci\u00f3n de Turismo y Cultura de la Gobernaci\u00f3n, invit\u00f3 a la poblaci\u00f3n a visitar los atractivos tur\u00edsticos de las siete macrorregiones del departamento, donde podr\u00e1n encontrar arte, cultura y tradici\u00f3n. El director de Turismo y Cultura, Saddam Pinto, detall\u00f3 acerca de los atractivos tur\u00edsticos [&hellip;]\" \/>\n<meta property=\"og:url\" content=\"https:\/\/www.eldiario.net\/portal\/2025\/04\/17\/siete-macrorregiones-crucenos-se-abren-al-turismo-interno\/\" \/>\n<meta property=\"og:site_name\" content=\"El Diario - Bolivia\" \/>\n<meta property=\"article:publisher\" content=\"https:\/\/www.facebook.com\/eldiario.bolivia\/\" \/>\n<meta property=\"article:published_time\" content=\"2025-04-17T10:37:35+00:00\" \/>\n<meta property=\"og:image\" content=\"https:\/\/www.eldiario.net\/portal\/wp-content\/uploads\/2025\/04\/REGIONES-FOTO.jpg\" \/>\n\t<meta property=\"og:image:width\" content=\"1200\" \/>\n\t<meta property=\"og:image:height\" content=\"800\" \/>\n\t<meta property=\"og:image:type\" content=\"image\/jpeg\" \/>\n<meta name=\"author\" content=\"Jeanette\" \/>\n<meta name=\"twitter:card\" content=\"summary_large_image\" \/>\n<meta name=\"twitter:creator\" content=\"@eldiario_net\" \/>\n<meta name=\"twitter:site\" content=\"@eldiario_net\" \/>\n<meta name=\"twitter:label1\" content=\"Escrito por\" \/>\n\t<meta name=\"twitter:data1\" content=\"Jeanette\" \/>\n\t<meta name=\"twitter:label2\" content=\"Tiempo de lectura\" \/>\n\t<meta name=\"twitter:data2\" content=\"2 minutos\" \/>\n<script type=\"application\/ld+json\" class=\"yoast-schema-graph\">{\"@context\":\"https:\\\/\\\/schema.org\",\"@graph\":[{\"@type\":\"Article\",\"@id\":\"https:\\\/\\\/www.eldiario.net\\\/portal\\\/2025\\\/04\\\/17\\\/siete-macrorregiones-crucenos-se-abren-al-turismo-interno\\\/#article\",\"isPartOf\":{\"@id\":\"https:\\\/\\\/www.eldiario.net\\\/portal\\\/2025\\\/04\\\/17\\\/siete-macrorregiones-crucenos-se-abren-al-turismo-interno\\\/\"},\"author\":{\"name\":\"Jeanette\",\"@id\":\"https:\\\/\\\/www.eldiario.net\\\/portal\\\/#\\\/schema\\\/person\\\/f46445640444750d7d753ccd04ae01b7\"},\"headline\":\"Siete macrorregiones cruce\u00f1os se abren al turismo interno\",\"datePublished\":\"2025-04-17T10:37:35+00:00\",\"mainEntityOfPage\":{\"@id\":\"https:\\\/\\\/www.eldiario.net\\\/portal\\\/2025\\\/04\\\/17\\\/siete-macrorregiones-crucenos-se-abren-al-turismo-interno\\\/\"},\"wordCount\":401,\"publisher\":{\"@id\":\"https:\\\/\\\/www.eldiario.net\\\/portal\\\/#organization\"},\"image\":{\"@id\":\"https:\\\/\\\/www.eldiario.net\\\/portal\\\/2025\\\/04\\\/17\\\/siete-macrorregiones-crucenos-se-abren-al-turismo-interno\\\/#primaryimage\"},\"thumbnailUrl\":\"https:\\\/\\\/www.eldiario.net\\\/portal\\\/wp-content\\\/uploads\\\/2025\\\/04\\\/REGIONES-FOTO.jpg\",\"articleSection\":[\"Nacional\"],\"inLanguage\":\"es\"},{\"@type\":\"WebPage\",\"@id\":\"https:\\\/\\\/www.eldiario.net\\\/portal\\\/2025\\\/04\\\/17\\\/siete-macrorregiones-crucenos-se-abren-al-turismo-interno\\\/\",\"url\":\"https:\\\/\\\/www.eldiario.net\\\/portal\\\/2025\\\/04\\\/17\\\/siete-macrorregiones-crucenos-se-abren-al-turismo-interno\\\/\",\"name\":\"Siete macrorregiones cruce\u00f1os se abren al turismo interno - El Diario - Bolivia\",\"isPartOf\":{\"@id\":\"https:\\\/\\\/www.eldiario.net\\\/portal\\\/#website\"},\"primaryImageOfPage\":{\"@id\":\"https:\\\/\\\/www.eldiario.net\\\/portal\\\/2025\\\/04\\\/17\\\/siete-macrorregiones-crucenos-se-abren-al-turismo-interno\\\/#primaryimage\"},\"image\":{\"@id\":\"https:\\\/\\\/www.eldiario.net\\\/portal\\\/2025\\\/04\\\/17\\\/siete-macrorregiones-crucenos-se-abren-al-turismo-interno\\\/#primaryimage\"},\"thumbnailUrl\":\"https:\\\/\\\/www.eldiario.net\\\/portal\\\/wp-content\\\/uploads\\\/2025\\\/04\\\/REGIONES-FOTO.jpg\",\"datePublished\":\"2025-04-17T10:37:35+00:00\",\"breadcrumb\":{\"@id\":\"https:\\\/\\\/www.eldiario.net\\\/portal\\\/2025\\\/04\\\/17\\\/siete-macrorregiones-crucenos-se-abren-al-turismo-interno\\\/#breadcrumb\"},\"inLanguage\":\"es\",\"potentialAction\":[{\"@type\":\"ReadAction\",\"target\":[\"https:\\\/\\\/www.eldiario.net\\\/portal\\\/2025\\\/04\\\/17\\\/siete-macrorregiones-crucenos-se-abren-al-turismo-interno\\\/\"]}]},{\"@type\":\"ImageObject\",\"inLanguage\":\"es\",\"@id\":\"https:\\\/\\\/www.eldiario.net\\\/portal\\\/2025\\\/04\\\/17\\\/siete-macrorregiones-crucenos-se-abren-al-turismo-interno\\\/#primaryimage\",\"url\":\"https:\\\/\\\/www.eldiario.net\\\/portal\\\/wp-content\\\/uploads\\\/2025\\\/04\\\/REGIONES-FOTO.jpg\",\"contentUrl\":\"https:\\\/\\\/www.eldiario.net\\\/portal\\\/wp-content\\\/uploads\\\/2025\\\/04\\\/REGIONES-FOTO.jpg\",\"width\":1200,\"height\":800,\"caption\":\"El director de Turismo y Cultura, Saddam Pinto (der.) FOTO: GSTC\"},{\"@type\":\"BreadcrumbList\",\"@id\":\"https:\\\/\\\/www.eldiario.net\\\/portal\\\/2025\\\/04\\\/17\\\/siete-macrorregiones-crucenos-se-abren-al-turismo-interno\\\/#breadcrumb\",\"itemListElement\":[{\"@type\":\"ListItem\",\"position\":1,\"name\":\"Portada\",\"item\":\"https:\\\/\\\/www.eldiario.net\\\/portal\\\/\"},{\"@type\":\"ListItem\",\"position\":2,\"name\":\"Siete macrorregiones cruce\u00f1os se abren al turismo interno\"}]},{\"@type\":\"WebSite\",\"@id\":\"https:\\\/\\\/www.eldiario.net\\\/portal\\\/#website\",\"url\":\"https:\\\/\\\/www.eldiario.net\\\/portal\\\/\",\"name\":\"El Diario - Decano de la prensa nacional\",\"description\":\"El Diario - Decano de la prensa nacional\",\"publisher\":{\"@id\":\"https:\\\/\\\/www.eldiario.net\\\/portal\\\/#organization\"},\"potentialAction\":[{\"@type\":\"SearchAction\",\"target\":{\"@type\":\"EntryPoint\",\"urlTemplate\":\"https:\\\/\\\/www.eldiario.net\\\/portal\\\/?s={search_term_string}\"},\"query-input\":{\"@type\":\"PropertyValueSpecification\",\"valueRequired\":true,\"valueName\":\"search_term_string\"}}],\"inLanguage\":\"es\"},{\"@type\":\"Organization\",\"@id\":\"https:\\\/\\\/www.eldiario.net\\\/portal\\\/#organization\",\"name\":\"El Diario - Decano de la prensa nacional\",\"url\":\"https:\\\/\\\/www.eldiario.net\\\/portal\\\/\",\"logo\":{\"@type\":\"ImageObject\",\"inLanguage\":\"es\",\"@id\":\"https:\\\/\\\/www.eldiario.net\\\/portal\\\/#\\\/schema\\\/logo\\\/image\\\/\",\"url\":\"https:\\\/\\\/www.eldiario.net\\\/portal\\\/wp-content\\\/uploads\\\/2023\\\/07\\\/logo_ED.jpg\",\"contentUrl\":\"https:\\\/\\\/www.eldiario.net\\\/portal\\\/wp-content\\\/uploads\\\/2023\\\/07\\\/logo_ED.jpg\",\"width\":272,\"height\":52,\"caption\":\"El Diario - Decano de la prensa nacional\"},\"image\":{\"@id\":\"https:\\\/\\\/www.eldiario.net\\\/portal\\\/#\\\/schema\\\/logo\\\/image\\\/\"},\"sameAs\":[\"https:\\\/\\\/www.facebook.com\\\/eldiario.bolivia\\\/\",\"https:\\\/\\\/x.com\\\/eldiario_net\"]},{\"@type\":\"Person\",\"@id\":\"https:\\\/\\\/www.eldiario.net\\\/portal\\\/#\\\/schema\\\/person\\\/f46445640444750d7d753ccd04ae01b7\",\"name\":\"Jeanette\",\"image\":{\"@type\":\"ImageObject\",\"inLanguage\":\"es\",\"@id\":\"https:\\\/\\\/secure.gravatar.com\\\/avatar\\\/3ea2118a5f7dad2b7138b1187a6b7ee55f160b9968b66013c3a3ef39dd7e5798?s=96&d=mm&r=g\",\"url\":\"https:\\\/\\\/secure.gravatar.com\\\/avatar\\\/3ea2118a5f7dad2b7138b1187a6b7ee55f160b9968b66013c3a3ef39dd7e5798?s=96&d=mm&r=g\",\"contentUrl\":\"https:\\\/\\\/secure.gravatar.com\\\/avatar\\\/3ea2118a5f7dad2b7138b1187a6b7ee55f160b9968b66013c3a3ef39dd7e5798?s=96&d=mm&r=g\",\"caption\":\"Jeanette\"},\"sameAs\":[\"https:\\\/\\\/www.eldiario.net\\\/portal\"],\"url\":\"https:\\\/\\\/www.eldiario.net\\\/portal\\\/author\\\/jeanette\\\/\"}]}<\/script>\n<!-- \/ Yoast SEO plugin. -->","yoast_head_json":{"title":"Siete macrorregiones cruce\u00f1os se abren al turismo interno - El Diario - Bolivia","robots":{"index":"index","follow":"follow","max-snippet":"max-snippet:-1","max-image-preview":"max-image-preview:large","max-video-preview":"max-video-preview:-1"},"canonical":"https:\/\/www.eldiario.net\/portal\/2025\/04\/17\/siete-macrorregiones-crucenos-se-abren-al-turismo-interno\/","og_locale":"es_ES","og_type":"article","og_title":"Siete macrorregiones cruce\u00f1os se abren al turismo interno - El Diario - Bolivia","og_description":"Ante el feriado largo que se aproxima por Semana Santa, la Direcci\u00f3n de Turismo y Cultura de la Gobernaci\u00f3n, invit\u00f3 a la poblaci\u00f3n a visitar los atractivos tur\u00edsticos de las siete macrorregiones del departamento, donde podr\u00e1n encontrar arte, cultura y tradici\u00f3n. El director de Turismo y Cultura, Saddam Pinto, detall\u00f3 acerca de los atractivos tur\u00edsticos [&hellip;]","og_url":"https:\/\/www.eldiario.net\/portal\/2025\/04\/17\/siete-macrorregiones-crucenos-se-abren-al-turismo-interno\/","og_site_name":"El Diario - Bolivia","article_publisher":"https:\/\/www.facebook.com\/eldiario.bolivia\/","article_published_time":"2025-04-17T10:37:35+00:00","og_image":[{"width":1200,"height":800,"url":"https:\/\/www.eldiario.net\/portal\/wp-content\/uploads\/2025\/04\/REGIONES-FOTO.jpg","type":"image\/jpeg"}],"author":"Jeanette","twitter_card":"summary_large_image","twitter_creator":"@eldiario_net","twitter_site":"@eldiario_net","twitter_misc":{"Escrito por":"Jeanette","Tiempo de lectura":"2 minutos"},"schema":{"@context":"https:\/\/schema.org","@graph":[{"@type":"Article","@id":"https:\/\/www.eldiario.net\/portal\/2025\/04\/17\/siete-macrorregiones-crucenos-se-abren-al-turismo-interno\/#article","isPartOf":{"@id":"https:\/\/www.eldiario.net\/portal\/2025\/04\/17\/siete-macrorregiones-crucenos-se-abren-al-turismo-interno\/"},"author":{"name":"Jeanette","@id":"https:\/\/www.eldiario.net\/portal\/#\/schema\/person\/f46445640444750d7d753ccd04ae01b7"},"headline":"Siete macrorregiones cruce\u00f1os se abren al turismo interno","datePublished":"2025-04-17T10:37:35+00:00","mainEntityOfPage":{"@id":"https:\/\/www.eldiario.net\/portal\/2025\/04\/17\/siete-macrorregiones-crucenos-se-abren-al-turismo-interno\/"},"wordCount":401,"publisher":{"@id":"https:\/\/www.eldiario.net\/portal\/#organization"},"image":{"@id":"https:\/\/www.eldiario.net\/portal\/2025\/04\/17\/siete-macrorregiones-crucenos-se-abren-al-turismo-interno\/#primaryimage"},"thumbnailUrl":"https:\/\/www.eldiario.net\/portal\/wp-content\/uploads\/2025\/04\/REGIONES-FOTO.jpg","articleSection":["Nacional"],"inLanguage":"es"},{"@type":"WebPage","@id":"https:\/\/www.eldiario.net\/portal\/2025\/04\/17\/siete-macrorregiones-crucenos-se-abren-al-turismo-interno\/","url":"https:\/\/www.eldiario.net\/portal\/2025\/04\/17\/siete-macrorregiones-crucenos-se-abren-al-turismo-interno\/","name":"Siete macrorregiones cruce\u00f1os se abren al turismo interno - El Diario - Bolivia","isPartOf":{"@id":"https:\/\/www.eldiario.net\/portal\/#website"},"primaryImageOfPage":{"@id":"https:\/\/www.eldiario.net\/portal\/2025\/04\/17\/siete-macrorregiones-crucenos-se-abren-al-turismo-interno\/#primaryimage"},"image":{"@id":"https:\/\/www.eldiario.net\/portal\/2025\/04\/17\/siete-macrorregiones-crucenos-se-abren-al-turismo-interno\/#primaryimage"},"thumbnailUrl":"https:\/\/www.eldiario.net\/portal\/wp-content\/uploads\/2025\/04\/REGIONES-FOTO.jpg","datePublished":"2025-04-17T10:37:35+00:00","breadcrumb":{"@id":"https:\/\/www.eldiario.net\/portal\/2025\/04\/17\/siete-macrorregiones-crucenos-se-abren-al-turismo-interno\/#breadcrumb"},"inLanguage":"es","potentialAction":[{"@type":"ReadAction","target":["https:\/\/www.eldiario.net\/portal\/2025\/04\/17\/siete-macrorregiones-crucenos-se-abren-al-turismo-interno\/"]}]},{"@type":"ImageObject","inLanguage":"es","@id":"https:\/\/www.eldiario.net\/portal\/2025\/04\/17\/siete-macrorregiones-crucenos-se-abren-al-turismo-interno\/#primaryimage","url":"https:\/\/www.eldiario.net\/portal\/wp-content\/uploads\/2025\/04\/REGIONES-FOTO.jpg","contentUrl":"https:\/\/www.eldiario.net\/portal\/wp-content\/uploads\/2025\/04\/REGIONES-FOTO.jpg","width":1200,"height":800,"caption":"El director de Turismo y Cultura, Saddam Pinto (der.) FOTO: GSTC"},{"@type":"BreadcrumbList","@id":"https:\/\/www.eldiario.net\/portal\/2025\/04\/17\/siete-macrorregiones-crucenos-se-abren-al-turismo-interno\/#breadcrumb","itemListElement":[{"@type":"ListItem","position":1,"name":"Portada","item":"https:\/\/www.eldiario.net\/portal\/"},{"@type":"ListItem","position":2,"name":"Siete macrorregiones cruce\u00f1os se abren al turismo interno"}]},{"@type":"WebSite","@id":"https:\/\/www.eldiario.net\/portal\/#website","url":"https:\/\/www.eldiario.net\/portal\/","name":"El Diario - Decano de la prensa nacional","description":"El Diario - Decano de la prensa nacional","publisher":{"@id":"https:\/\/www.eldiario.net\/portal\/#organization"},"potentialAction":[{"@type":"SearchAction","target":{"@type":"EntryPoint","urlTemplate":"https:\/\/www.eldiario.net\/portal\/?s={search_term_string}"},"query-input":{"@type":"PropertyValueSpecification","valueRequired":true,"valueName":"search_term_string"}}],"inLanguage":"es"},{"@type":"Organization","@id":"https:\/\/www.eldiario.net\/portal\/#organization","name":"El Diario - Decano de la prensa nacional","url":"https:\/\/www.eldiario.net\/portal\/","logo":{"@type":"ImageObject","inLanguage":"es","@id":"https:\/\/www.eldiario.net\/portal\/#\/schema\/logo\/image\/","url":"https:\/\/www.eldiario.net\/portal\/wp-content\/uploads\/2023\/07\/logo_ED.jpg","contentUrl":"https:\/\/www.eldiario.net\/portal\/wp-content\/uploads\/2023\/07\/logo_ED.jpg","width":272,"height":52,"caption":"El Diario - Decano de la prensa nacional"},"image":{"@id":"https:\/\/www.eldiario.net\/portal\/#\/schema\/logo\/image\/"},"sameAs":["https:\/\/www.facebook.com\/eldiario.bolivia\/","https:\/\/x.com\/eldiario_net"]},{"@type":"Person","@id":"https:\/\/www.eldiario.net\/portal\/#\/schema\/person\/f46445640444750d7d753ccd04ae01b7","name":"Jeanette","image":{"@type":"ImageObject","inLanguage":"es","@id":"https:\/\/secure.gravatar.com\/avatar\/3ea2118a5f7dad2b7138b1187a6b7ee55f160b9968b66013c3a3ef39dd7e5798?s=96&d=mm&r=g","url":"https:\/\/secure.gravatar.com\/avatar\/3ea2118a5f7dad2b7138b1187a6b7ee55f160b9968b66013c3a3ef39dd7e5798?s=96&d=mm&r=g","contentUrl":"https:\/\/secure.gravatar.com\/avatar\/3ea2118a5f7dad2b7138b1187a6b7ee55f160b9968b66013c3a3ef39dd7e5798?s=96&d=mm&r=g","caption":"Jeanette"},"sameAs":["https:\/\/www.eldiario.net\/portal"],"url":"https:\/\/www.eldiario.net\/portal\/author\/jeanette\/"}]}},"_links":{"self":[{"href":"https:\/\/www.eldiario.net\/portal\/wp-json\/wp\/v2\/posts\/296014","targetHints":{"allow":["GET"]}}],"collection":[{"href":"https:\/\/www.eldiario.net\/portal\/wp-json\/wp\/v2\/posts"}],"about":[{"href":"https:\/\/www.eldiario.net\/portal\/wp-json\/wp\/v2\/types\/post"}],"author":[{"embeddable":true,"href":"https:\/\/www.eldiario.net\/portal\/wp-json\/wp\/v2\/users\/1"}],"replies":[{"embeddable":true,"href":"https:\/\/www.eldiario.net\/portal\/wp-json\/wp\/v2\/comments?post=296014"}],"version-history":[{"count":1,"href":"https:\/\/www.eldiario.net\/portal\/wp-json\/wp\/v2\/posts\/296014\/revisions"}],"predecessor-version":[{"id":296016,"href":"https:\/\/www.eldiario.net\/portal\/wp-json\/wp\/v2\/posts\/296014\/revisions\/296016"}],"wp:featuredmedia":[{"embeddable":true,"href":"https:\/\/www.eldiario.net\/portal\/wp-json\/wp\/v2\/media\/296015"}],"wp:attachment":[{"href":"https:\/\/www.eldiario.net\/portal\/wp-json\/wp\/v2\/media?parent=296014"}],"wp:term":[{"taxonomy":"category","embeddable":true,"href":"https:\/\/www.eldiario.net\/portal\/wp-json\/wp\/v2\/categories?post=296014"},{"taxonomy":"post_tag","embeddable":true,"href":"https:\/\/www.eldiario.net\/portal\/wp-json\/wp\/v2\/tags?post=296014"}],"curies":[{"name":"wp","href":"https:\/\/api.w.org\/{rel}","templated":true}]}}