{"id":2954,"date":"2021-05-10T04:23:54","date_gmt":"2021-05-10T08:23:54","guid":{"rendered":"https:\/\/www.eldiario.net\/portal\/?p=2954"},"modified":"2021-05-10T04:23:54","modified_gmt":"2021-05-10T08:23:54","slug":"denuncias-de-lima-contra-anez-son-incongruentes","status":"publish","type":"post","link":"https:\/\/www.eldiario.net\/portal\/2021\/05\/10\/denuncias-de-lima-contra-anez-son-incongruentes\/","title":{"rendered":"Denuncias de Lima contra  A\u00f1ez son \u201cincongruentes\u201d"},"content":{"rendered":"<p>El exsenador del Movimiento al Socialismo (MAS), Omar Aguilar, indic\u00f3 en d\u00edas precedentes, que los procesos que lleva adelante el ministro de Justicia, Iv\u00e1n Lima, contra la expresidenta Jeanine A\u00f1ez son \u201cincongruentes\u201d.<br \/>\n\u201cO eres golpista o eres presidenta y si eres golpista no puedes ser enjuiciada por responsabilidades en calidad de presidenta (\u2026); el ministro debe corregir ese tema\u201d, manifest\u00f3 Aguilar en entrevista con radio Compa\u00f1era.<br \/>\nEn criterio de Aguilar, Jeanine A\u00f1ez debe ser procesada en juicio de responsabilidades, principalmente por el Decreto Supremo con el que autoriz\u00f3 a las Fuerzas Armadas (FFAA) y la Polic\u00eda Boliviana el uso de las armas.<br \/>\nExplic\u00f3 que los art\u00edculos 137 al 140 de la Constituci\u00f3n Pol\u00edtica de Estado (CPE) establecen los estados de excepci\u00f3n, y ni en ellos se le permite a las Fuerzas Armadas (FFAA) el uso de armas.<br \/>\n\u201cPor encima de todo est\u00e1 el respeto a los Derechos Humanos y el respeto a la vida, por eso considero que Jeanine A\u00f1ez debe ser juzgada en un juicio de responsabilidades\u201d, apunt\u00f3.<br \/>\nEl 15 de noviembre de 2019, la entonces presidenta Jeanine A\u00f1ez aprob\u00f3 el Decreto Supremo 4078, que exim\u00eda de responsabilidad penal a las Fuerzas Armadas (FFAA) en caso de \u201cleg\u00edtima defensa o estado de necesidad\u201d.<br \/>\nEn la oportunidad, A\u00f1ez justific\u00f3 la medida porque el pa\u00eds enfrentaba acciones violentas debido a la crisis pol\u00edtica que se desat\u00f3 tras las elecciones presidenciales del 20 de octubre de 2019. La Organizaci\u00f3n de Estados Americanos (OEA) realiz\u00f3 una auditor\u00eda del proceso electoral en la que encontr\u00f3 actos irregulares.<br \/>\nEl 29 de noviembre de 2019, A\u00f1ez revoc\u00f3 el Decreto Supremo porque volvi\u00f3 la paz al pa\u00eds.<br \/>\n\u201cHemos decidido abrogar el Decreto Supremo 4078. Esta determinaci\u00f3n ha sido tomada en consideraci\u00f3n a que gracias a Dios y a la comprensi\u00f3n de todos los sectores del pa\u00eds hemos logrado la ansiada pacificaci\u00f3n\u201d, dijo A\u00f1ez en la oportunidad.<\/p>\n<p><strong>SUCESI\u00d3N<\/strong><br \/>\nEl exlegislador manifest\u00f3 que no se cumplieron los procedimientos para la sucesi\u00f3n de mando al igual que en 2003, empero, en 2019, todas las organizaciones sociales terminaron reconoci\u00e9ndola en Palacio Quemado. \u201cLa misma Asamblea termin\u00f3 reconoci\u00e9ndola porque trabajamos emitiendo leyes sancionadas para que se promulgue por el Ejecutivo. Por eso creo que Iv\u00e1n Lima comete un error garrafal porque en conferencia de prensa, despu\u00e9s de que Jeanine A\u00f1ez fue enviada con detenci\u00f3n preventiva dijo textualmente: Nosotros no estamos buscando cuatro meses sino 30 a\u00f1os de c\u00e1rcel y para eso vamos a presentar todas las pruebas respecto al golpe, segundos despu\u00e9s Lima menciona que se est\u00e1 preparando cuatro juicios de responsabilidades en contra de Jeanine A\u00f1ez y buscar\u00e1 caso de corte y la procesar\u00e1 por el Tribunal Supremo de Justicia, ah\u00ed hay una incongruencia\u201d, apunt\u00f3 Aguilar.<br \/>\nA\u00f1ez lleg\u00f3 de Trinidad, la tarde del 11 de noviembre de 2019 a la Asamblea Legislativa para asumir la Presidencia del Senado, porque d\u00edas antes renunciaron Adriana Salvatierra como titular y el primer vicepresidente Rub\u00e9n Medinacelli, ambos del MAS.<br \/>\nLa tarde del d\u00eda 12, la senadora A\u00f1ez llam\u00f3 a sesi\u00f3n donde no se presentaron los legisladores del MAS, argumentando falta de garant\u00edas. Tras asumir la cabeza del Senado, se aplic\u00f3 la sucesi\u00f3n presidencial del art\u00edculo 169 de la Constituci\u00f3n Pol\u00edtica del Estado (CPE)<\/p>\n<p><strong>SENADORA<\/strong><br \/>\nEl 13 de marzo de 2021, el ministro de Justicia, Iv\u00e1n Lima, aclar\u00f3 que Jeanine A\u00f1ez es procesada en calidad de exsenadora por una demanda instaurada por la exdiputada del Movimiento al Socialismo (MAS), Lidia Patty, en diciembre de 2020, y no como expresidenta.<br \/>\n\u201cEn este momento estamos ante un juicio a una exsenadora, por lo tanto, no corresponde un juicio de privilegio constitucional y esa es la realidad de los hechos, cuando se la juzgue como expresidenta se tendr\u00e1 que evaluar en qu\u00e9 caso va a la Asamblea y si autoriza el enjuiciamiento, en este caso estamos ante un juicio ordinario\u201d, explic\u00f3 Lima a la estatal Patria Nueva.<br \/>\nEl art\u00edculo 151, par\u00e1grafo I de la CPE se\u00f1ala: \u201cLas asamble\u00edstas y los asamble\u00edstas gozar\u00e1n de inviolabilidad personal durante el tiempo de su mandato y con posterioridad a este, por las opiniones, comunicaciones, representaciones, requerimientos, interpelaciones, denuncias, propuestas, expresiones o cualquier acto de legislaci\u00f3n, informaci\u00f3n o fiscalizaci\u00f3n que formulen o realicen en el desempe\u00f1o de sus funciones no podr\u00e1n ser procesados penalmente\u201d.<\/p>\n<p><strong>TESTIMONIOS DESVIRT\u00daAN IMPUTACI\u00d3N<\/strong><br \/>\nDespu\u00e9s que la Fiscal\u00eda argument\u00f3 que Jeanine A\u00f1ez y otros legisladores de oposici\u00f3n obligaron a renunciar a los entonces presidentes de la C\u00e1mara de Senadores y Diputados, Adriana Salvatierra y V\u00edctor Borda, respectivamente, en una reuni\u00f3n en la Universidad Cat\u00f3lica Boliviana (UCB), los asistentes a la misma rechazaron el extremo y aseguraron que la expresidenta ni siquiera fue mencionada.<br \/>\nEn la audiencia de medidas cautelares, que se realiz\u00f3 el domingo 14 de marzo de 2021, contra la expresidenta Jeanine A\u00f1ez y dos de sus exministros, el fiscal de materia Harold Jarandilla argument\u00f3 que en una de las reuniones con la Iglesia Cat\u00f3lica y la Uni\u00f3n Europea se oblig\u00f3 a la expresidenta del Senado, Adriana Salvatierra, renunciar a su cargo.<br \/>\n\u201cLa reuni\u00f3n se realiz\u00f3 en la UCB, en la que estuvieron presentes Adriana Salvatierra, Teresa Morales, Samuel Doria Medina, Jorge Tuto Quiroga, Carlos D. Mesa, quienes le piden (a Salvatierra) que presente su renuncia irrevocable a su calidad de presidenta del Senado, con el objetivo que Jeanine A\u00f1ez asuma la presidencia\u201d, apunt\u00f3 el fiscal.<br \/>\nEl l\u00edder de Unidad Nacional (UN), Samuel Doria Medina, asegur\u00f3 que la exmandataria ni siquiera fue mencionada en la reuni\u00f3n a la que \u00e9l asisti\u00f3 por invitaci\u00f3n del exministro de Justicia, H\u00e9ctor Arce y Adriana Salvatierra.<br \/>\nJorge Quiroga ratific\u00f3 la versi\u00f3n de Doria Medina indicando que, en la reuni\u00f3n del 11 de noviembre de 2019, Salvatierra buscaba de forma \u201cdesesperada\u201d que Evo Morales salga del pa\u00eds y se viabilice la sucesi\u00f3n constitucional.<br \/>\nAl igual que Doria Medina, Quiroga asegur\u00f3 que la entonces segunda vicepresidenta del Senado, Jeanine A\u00f1ez, no particip\u00f3 de ninguna de esas reuniones, ya que se encontraba en el Beni y m\u00e1s bien se buscaba los medios de transporte para trasladarla a La Paz.<br \/>\nEn un video de enero de 2020, la expresidenta del Senado Adriana Salvatierra desmiente que haya recibido presi\u00f3n para renunciar y que su decisi\u00f3n pol\u00edtica fue coordinada con Evo Morales y \u00c1lvaro Garc\u00eda, adem\u00e1s de las \u201corganizaciones sociales\u201d del MAS.<br \/>\nEn entrevista con Radio Fides, el expresidente de la C\u00e1mara de Diputados, V\u00edctor Borda, asegur\u00f3 el lunes 15 de marzo de 2021 que nadie lo oblig\u00f3 a renunciar a la presidencia de la C\u00e1mara de Diputados.<br \/>\nEl pasado viernes, mediante su cuenta en Twitter, la exdiputada del Movimiento al Socialismo (MAS), Susana Rivero, se refiri\u00f3 a los documentos que maneja la Procuradur\u00eda General sobre el caso de supuesta conspiraci\u00f3n, sedici\u00f3n y terrorismo, que es la base para afirmar que en Bolivia hubo un \u201cgolpe de Estado\u201d entre el 10 y 12 de noviembre de 2019, \u201cgestado\u201d por A\u00f1ez y las FFAA, como interpret\u00f3 el ministro de Justicia, Iv\u00e1n Lima, en una reciente entrevista con radio Deseo.<br \/>\n\u201cLe\u00ed memorial de Subprocurador en caso golpe. En \u00e9l se distorsiona lo sucedido en reuniones 11 y 12 de noviembre 2019. Por mi responsabilidad con Bolivia aclaro que es impreciso afirmar que nos comunicaron que Jeanine ser\u00eda presidenta y que ya ten\u00eda apoyo de FFAA\u201d, escribi\u00f3 Rivero.<br \/>\nRivero fue parte de la comisi\u00f3n del MAS que se reuni\u00f3 con la oposici\u00f3n en ambientes de la UCB, luego de la renuncia de Morales, su segundo \u00c1lvaro Garc\u00eda y los presidentes del Senado y Diputados, Adriana Salvatierra y V\u00edctor Borda, respectivamente. La senadora cruce\u00f1a y la exministra de Desarrollo, Teresa Morales completaron la comitiva oficialista.<br \/>\nLas tres mujeres ten\u00edan como misi\u00f3n resguardar la salida del pa\u00eds de Morales y Garc\u00eda, quienes viajaron a M\u00e9xico la noche del 11 de noviembre, en calidad de asilados en territorio extranjero, cumpliendo la figura de abandono de funciones del art. 170 de la CPE.<br \/>\nPor la oposici\u00f3n participaron los l\u00edderes pol\u00edticos Carlos Mesa, Samuel Doria Medina, Jorge Quiroga, los abogados Jerjes Justiniano, Luis V\u00e1squez, los asesores Ricardo Paz y Roberto Moscoso, y el senador Oscar Ortiz. De la sociedad civil participaron los miembros del Consejo Nacional de Defensa de la Democracia (Conade), Waldo Albarrac\u00edn, Rolando Villena y Juan Carlos N\u00fa\u00f1ez.<br \/>\n\u201cEl 11 de noviembre Adriana y Teresa no hablaron nada mientras no se garantizara la vida de Evo y \u00c1lvaro. El 12 tocamos procedimientos y dejamos bien claro que no pod\u00edamos tocar m\u00e1s temas porque no hab\u00edamos hablado con la bancada. A uno de ellos se les sali\u00f3 que ten\u00edan plan B (\u2026) Nosotras ni sab\u00edamos cu\u00e1l era ese plan. Lo vimos reci\u00e9n en la tardecita en la tele como todos, por lo que no pueden insinuarse cosas que no pasaron\u201d, acot\u00f3 Rivero.<br \/>\nEl \u201cplan b\u201d que expres\u00f3 la oposici\u00f3n fue activar la sucesi\u00f3n constitucional, luego de 48 horas de vac\u00edo de poder en Bolivia.<br \/>\nJarandilla afirm\u00f3 que el 12 de noviembre, dos d\u00edas despu\u00e9s de la renuncia de Evo Morales, A\u00f1ez se autoproclam\u00f3 como presidenta de la Asamblea Legislativa y finalmente asumi\u00f3 el mandato del pa\u00eds.<br \/>\nLo que no tom\u00f3 en cuenta el fiscal es que el 10 de noviembre, cuando Morales y Garc\u00eda presentaron su renuncia, ya hab\u00edan renunciado el presidente de la C\u00e1mara de Diputados, el primer vicepresidente del Senado, Rub\u00e9n Medinacelli y Adriana Salvatierra, extremos que dejaron un vac\u00edo de poder en el pa\u00eds y una horda violenta que se acrecentaba causando zozobra en la ciudadan\u00eda, principalmente en la sede de Gobierno, donde varias estaciones policiales hab\u00edan sido tomadas, viviendas particulares quemadas, medios de comunicaci\u00f3n cerrados por amenazas y todas las actividades.<\/p>\n<figure id=\"attachment_2957\" aria-describedby=\"caption-attachment-2957\" style=\"width: 700px\" class=\"wp-caption alignleft\"><a href=\"https:\/\/www.eldiario.net\/portal\/wp-content\/uploads\/2021\/05\/3.jpeg\"><img loading=\"lazy\" decoding=\"async\" class=\"wp-image-2957 size-full\" src=\"https:\/\/www.eldiario.net\/portal\/wp-content\/uploads\/2021\/05\/3.jpeg\" alt=\"\" width=\"700\" height=\"526\" \/><\/a><figcaption id=\"caption-attachment-2957\" class=\"wp-caption-text\">QUEMA DE BUSES PUMAKATARI DE LA PAZ.<\/figcaption><\/figure>\n<figure id=\"attachment_2958\" aria-describedby=\"caption-attachment-2958\" style=\"width: 709px\" class=\"wp-caption alignleft\"><a href=\"https:\/\/www.eldiario.net\/portal\/wp-content\/uploads\/2021\/05\/4.jpg\"><img loading=\"lazy\" decoding=\"async\" class=\"size-full wp-image-2958\" src=\"https:\/\/www.eldiario.net\/portal\/wp-content\/uploads\/2021\/05\/4.jpg\" alt=\"\" width=\"709\" height=\"397\" \/><\/a><figcaption id=\"caption-attachment-2958\" class=\"wp-caption-text\">M\u00d3DULO POLICIAL QUEMADO POR ORDAS VIOLENTAS.<\/figcaption><\/figure>\n<figure id=\"attachment_2959\" aria-describedby=\"caption-attachment-2959\" style=\"width: 697px\" class=\"wp-caption alignleft\"><a href=\"https:\/\/www.eldiario.net\/portal\/wp-content\/uploads\/2021\/05\/5.jpg\"><img loading=\"lazy\" decoding=\"async\" class=\"size-full wp-image-2959\" src=\"https:\/\/www.eldiario.net\/portal\/wp-content\/uploads\/2021\/05\/5.jpg\" alt=\"\" width=\"697\" height=\"374\" \/><\/a><figcaption id=\"caption-attachment-2959\" class=\"wp-caption-text\">REUNI\u00d3N DE POL\u00cdTICOS DE OFICIALISMO Y OPOSICI\u00d3N TRATANDO DE ENCONTRAR UNA SALIDA AL VAC\u00cdO DE PODER QUE HAB\u00cdA DEJADO LA RENUNCIA DE EVO MORALES Y OTRAS AUTORIDADES.<\/figcaption><\/figure>\n<figure id=\"attachment_2960\" aria-describedby=\"caption-attachment-2960\" style=\"width: 980px\" class=\"wp-caption alignleft\"><a href=\"https:\/\/www.eldiario.net\/portal\/wp-content\/uploads\/2021\/05\/6.jpg\"><img loading=\"lazy\" decoding=\"async\" class=\"size-full wp-image-2960\" src=\"https:\/\/www.eldiario.net\/portal\/wp-content\/uploads\/2021\/05\/6.jpg\" alt=\"\" width=\"980\" height=\"552\" srcset=\"https:\/\/www.eldiario.net\/portal\/wp-content\/uploads\/2021\/05\/6.jpg 980w, https:\/\/www.eldiario.net\/portal\/wp-content\/uploads\/2021\/05\/6-300x169.jpg 300w, https:\/\/www.eldiario.net\/portal\/wp-content\/uploads\/2021\/05\/6-768x433.jpg 768w, https:\/\/www.eldiario.net\/portal\/wp-content\/uploads\/2021\/05\/6-696x392.jpg 696w\" sizes=\"auto, (max-width: 980px) 100vw, 980px\" \/><\/a><figcaption id=\"caption-attachment-2960\" class=\"wp-caption-text\">JEANINE A\u00d1EZ ASUME LA PRESIDENCIA.<\/figcaption><\/figure>\n<figure id=\"attachment_2961\" aria-describedby=\"caption-attachment-2961\" style=\"width: 1044px\" class=\"wp-caption alignleft\"><a href=\"https:\/\/www.eldiario.net\/portal\/wp-content\/uploads\/2021\/05\/7.jpg\"><img loading=\"lazy\" decoding=\"async\" class=\"size-full wp-image-2961\" src=\"https:\/\/www.eldiario.net\/portal\/wp-content\/uploads\/2021\/05\/7.jpg\" alt=\"\" width=\"1044\" height=\"696\" \/><\/a><figcaption id=\"caption-attachment-2961\" class=\"wp-caption-text\">REUNI\u00d3N DE LA PRESIDENTA A\u00d1EZ, SU GABINETE MINISTERIAL Y REPRESENTANTES DE ORGANIZACIOnes.<\/figcaption><\/figure>\n","protected":false},"excerpt":{"rendered":"<p>El exsenador del Movimiento al Socialismo (MAS), Omar Aguilar, indic\u00f3 en d\u00edas precedentes, que los procesos que lleva adelante el ministro de Justicia, Iv\u00e1n Lima, contra la expresidenta Jeanine A\u00f1ez son \u201cincongruentes\u201d. \u201cO eres golpista o eres presidenta y si eres golpista no puedes ser enjuiciada por responsabilidades en calidad de presidenta (\u2026); el ministro [&hellip;]<\/p>\n","protected":false},"author":1,"featured_media":2955,"comment_status":"closed","ping_status":"open","sticky":false,"template":"","format":"standard","meta":{"_acf_changed":false,"footnotes":""},"categories":[39],"tags":[],"class_list":["post-2954","post","type-post","status-publish","format-standard","has-post-thumbnail","category-sociedad"],"acf":{"antetitulo":""},"yoast_head":"<!-- This site is optimized with the Yoast SEO plugin v28.3 - https:\/\/yoast.com\/product\/yoast-seo-wordpress\/ -->\n<title>Denuncias de Lima contra A\u00f1ez son \u201cincongruentes\u201d - El Diario - Bolivia<\/title>\n<meta name=\"robots\" content=\"index, follow, max-snippet:-1, max-image-preview:large, max-video-preview:-1\" \/>\n<link rel=\"canonical\" href=\"https:\/\/www.eldiario.net\/portal\/2021\/05\/10\/denuncias-de-lima-contra-anez-son-incongruentes\/\" \/>\n<meta property=\"og:locale\" content=\"es_ES\" \/>\n<meta property=\"og:type\" content=\"article\" \/>\n<meta property=\"og:title\" content=\"Denuncias de Lima contra A\u00f1ez son \u201cincongruentes\u201d - El Diario - Bolivia\" \/>\n<meta property=\"og:description\" content=\"El exsenador del Movimiento al Socialismo (MAS), Omar Aguilar, indic\u00f3 en d\u00edas precedentes, que los procesos que lleva adelante el ministro de Justicia, Iv\u00e1n Lima, contra la expresidenta Jeanine A\u00f1ez son \u201cincongruentes\u201d. \u201cO eres golpista o eres presidenta y si eres golpista no puedes ser enjuiciada por responsabilidades en calidad de presidenta (\u2026); el ministro [&hellip;]\" \/>\n<meta property=\"og:url\" content=\"https:\/\/www.eldiario.net\/portal\/2021\/05\/10\/denuncias-de-lima-contra-anez-son-incongruentes\/\" \/>\n<meta property=\"og:site_name\" content=\"El Diario - Bolivia\" \/>\n<meta property=\"article:publisher\" content=\"https:\/\/www.facebook.com\/eldiario.bolivia\/\" \/>\n<meta property=\"article:published_time\" content=\"2021-05-10T08:23:54+00:00\" \/>\n<meta property=\"og:image\" content=\"https:\/\/www.eldiario.net\/portal\/wp-content\/uploads\/2021\/05\/1.jpg\" \/>\n\t<meta property=\"og:image:width\" content=\"1280\" \/>\n\t<meta property=\"og:image:height\" content=\"720\" \/>\n\t<meta property=\"og:image:type\" content=\"image\/jpeg\" \/>\n<meta name=\"author\" content=\"Jeanette\" \/>\n<meta name=\"twitter:card\" content=\"summary_large_image\" \/>\n<meta name=\"twitter:creator\" content=\"@eldiario_net\" \/>\n<meta name=\"twitter:site\" content=\"@eldiario_net\" \/>\n<meta name=\"twitter:label1\" content=\"Escrito por\" \/>\n\t<meta name=\"twitter:data1\" content=\"Jeanette\" \/>\n\t<meta name=\"twitter:label2\" content=\"Tiempo de lectura\" \/>\n\t<meta name=\"twitter:data2\" content=\"9 minutos\" \/>\n<script type=\"application\/ld+json\" class=\"yoast-schema-graph\">{\"@context\":\"https:\\\/\\\/schema.org\",\"@graph\":[{\"@type\":\"Article\",\"@id\":\"https:\\\/\\\/www.eldiario.net\\\/portal\\\/2021\\\/05\\\/10\\\/denuncias-de-lima-contra-anez-son-incongruentes\\\/#article\",\"isPartOf\":{\"@id\":\"https:\\\/\\\/www.eldiario.net\\\/portal\\\/2021\\\/05\\\/10\\\/denuncias-de-lima-contra-anez-son-incongruentes\\\/\"},\"author\":{\"name\":\"Jeanette\",\"@id\":\"https:\\\/\\\/www.eldiario.net\\\/portal\\\/#\\\/schema\\\/person\\\/f46445640444750d7d753ccd04ae01b7\"},\"headline\":\"Denuncias de Lima contra A\u00f1ez son \u201cincongruentes\u201d\",\"datePublished\":\"2021-05-10T08:23:54+00:00\",\"mainEntityOfPage\":{\"@id\":\"https:\\\/\\\/www.eldiario.net\\\/portal\\\/2021\\\/05\\\/10\\\/denuncias-de-lima-contra-anez-son-incongruentes\\\/\"},\"wordCount\":1786,\"publisher\":{\"@id\":\"https:\\\/\\\/www.eldiario.net\\\/portal\\\/#organization\"},\"image\":{\"@id\":\"https:\\\/\\\/www.eldiario.net\\\/portal\\\/2021\\\/05\\\/10\\\/denuncias-de-lima-contra-anez-son-incongruentes\\\/#primaryimage\"},\"thumbnailUrl\":\"https:\\\/\\\/www.eldiario.net\\\/portal\\\/wp-content\\\/uploads\\\/2021\\\/05\\\/1.jpg\",\"articleSection\":[\"Sociedad - Seguridad\"],\"inLanguage\":\"es\"},{\"@type\":\"WebPage\",\"@id\":\"https:\\\/\\\/www.eldiario.net\\\/portal\\\/2021\\\/05\\\/10\\\/denuncias-de-lima-contra-anez-son-incongruentes\\\/\",\"url\":\"https:\\\/\\\/www.eldiario.net\\\/portal\\\/2021\\\/05\\\/10\\\/denuncias-de-lima-contra-anez-son-incongruentes\\\/\",\"name\":\"Denuncias de Lima contra A\u00f1ez son \u201cincongruentes\u201d - El Diario - Bolivia\",\"isPartOf\":{\"@id\":\"https:\\\/\\\/www.eldiario.net\\\/portal\\\/#website\"},\"primaryImageOfPage\":{\"@id\":\"https:\\\/\\\/www.eldiario.net\\\/portal\\\/2021\\\/05\\\/10\\\/denuncias-de-lima-contra-anez-son-incongruentes\\\/#primaryimage\"},\"image\":{\"@id\":\"https:\\\/\\\/www.eldiario.net\\\/portal\\\/2021\\\/05\\\/10\\\/denuncias-de-lima-contra-anez-son-incongruentes\\\/#primaryimage\"},\"thumbnailUrl\":\"https:\\\/\\\/www.eldiario.net\\\/portal\\\/wp-content\\\/uploads\\\/2021\\\/05\\\/1.jpg\",\"datePublished\":\"2021-05-10T08:23:54+00:00\",\"breadcrumb\":{\"@id\":\"https:\\\/\\\/www.eldiario.net\\\/portal\\\/2021\\\/05\\\/10\\\/denuncias-de-lima-contra-anez-son-incongruentes\\\/#breadcrumb\"},\"inLanguage\":\"es\",\"potentialAction\":[{\"@type\":\"ReadAction\",\"target\":[\"https:\\\/\\\/www.eldiario.net\\\/portal\\\/2021\\\/05\\\/10\\\/denuncias-de-lima-contra-anez-son-incongruentes\\\/\"]}]},{\"@type\":\"ImageObject\",\"inLanguage\":\"es\",\"@id\":\"https:\\\/\\\/www.eldiario.net\\\/portal\\\/2021\\\/05\\\/10\\\/denuncias-de-lima-contra-anez-son-incongruentes\\\/#primaryimage\",\"url\":\"https:\\\/\\\/www.eldiario.net\\\/portal\\\/wp-content\\\/uploads\\\/2021\\\/05\\\/1.jpg\",\"contentUrl\":\"https:\\\/\\\/www.eldiario.net\\\/portal\\\/wp-content\\\/uploads\\\/2021\\\/05\\\/1.jpg\",\"width\":1280,\"height\":720},{\"@type\":\"BreadcrumbList\",\"@id\":\"https:\\\/\\\/www.eldiario.net\\\/portal\\\/2021\\\/05\\\/10\\\/denuncias-de-lima-contra-anez-son-incongruentes\\\/#breadcrumb\",\"itemListElement\":[{\"@type\":\"ListItem\",\"position\":1,\"name\":\"Portada\",\"item\":\"https:\\\/\\\/www.eldiario.net\\\/portal\\\/\"},{\"@type\":\"ListItem\",\"position\":2,\"name\":\"Denuncias de Lima contra A\u00f1ez son \u201cincongruentes\u201d\"}]},{\"@type\":\"WebSite\",\"@id\":\"https:\\\/\\\/www.eldiario.net\\\/portal\\\/#website\",\"url\":\"https:\\\/\\\/www.eldiario.net\\\/portal\\\/\",\"name\":\"El Diario - Decano de la prensa nacional\",\"description\":\"El Diario - Decano de la prensa nacional\",\"publisher\":{\"@id\":\"https:\\\/\\\/www.eldiario.net\\\/portal\\\/#organization\"},\"potentialAction\":[{\"@type\":\"SearchAction\",\"target\":{\"@type\":\"EntryPoint\",\"urlTemplate\":\"https:\\\/\\\/www.eldiario.net\\\/portal\\\/?s={search_term_string}\"},\"query-input\":{\"@type\":\"PropertyValueSpecification\",\"valueRequired\":true,\"valueName\":\"search_term_string\"}}],\"inLanguage\":\"es\"},{\"@type\":\"Organization\",\"@id\":\"https:\\\/\\\/www.eldiario.net\\\/portal\\\/#organization\",\"name\":\"El Diario - Decano de la prensa nacional\",\"url\":\"https:\\\/\\\/www.eldiario.net\\\/portal\\\/\",\"logo\":{\"@type\":\"ImageObject\",\"inLanguage\":\"es\",\"@id\":\"https:\\\/\\\/www.eldiario.net\\\/portal\\\/#\\\/schema\\\/logo\\\/image\\\/\",\"url\":\"https:\\\/\\\/www.eldiario.net\\\/portal\\\/wp-content\\\/uploads\\\/2023\\\/07\\\/logo_ED.jpg\",\"contentUrl\":\"https:\\\/\\\/www.eldiario.net\\\/portal\\\/wp-content\\\/uploads\\\/2023\\\/07\\\/logo_ED.jpg\",\"width\":272,\"height\":52,\"caption\":\"El Diario - Decano de la prensa nacional\"},\"image\":{\"@id\":\"https:\\\/\\\/www.eldiario.net\\\/portal\\\/#\\\/schema\\\/logo\\\/image\\\/\"},\"sameAs\":[\"https:\\\/\\\/www.facebook.com\\\/eldiario.bolivia\\\/\",\"https:\\\/\\\/x.com\\\/eldiario_net\"]},{\"@type\":\"Person\",\"@id\":\"https:\\\/\\\/www.eldiario.net\\\/portal\\\/#\\\/schema\\\/person\\\/f46445640444750d7d753ccd04ae01b7\",\"name\":\"Jeanette\",\"image\":{\"@type\":\"ImageObject\",\"inLanguage\":\"es\",\"@id\":\"https:\\\/\\\/secure.gravatar.com\\\/avatar\\\/3ea2118a5f7dad2b7138b1187a6b7ee55f160b9968b66013c3a3ef39dd7e5798?s=96&d=mm&r=g\",\"url\":\"https:\\\/\\\/secure.gravatar.com\\\/avatar\\\/3ea2118a5f7dad2b7138b1187a6b7ee55f160b9968b66013c3a3ef39dd7e5798?s=96&d=mm&r=g\",\"contentUrl\":\"https:\\\/\\\/secure.gravatar.com\\\/avatar\\\/3ea2118a5f7dad2b7138b1187a6b7ee55f160b9968b66013c3a3ef39dd7e5798?s=96&d=mm&r=g\",\"caption\":\"Jeanette\"},\"sameAs\":[\"https:\\\/\\\/www.eldiario.net\\\/portal\"],\"url\":\"https:\\\/\\\/www.eldiario.net\\\/portal\\\/author\\\/jeanette\\\/\"}]}<\/script>\n<!-- \/ Yoast SEO plugin. -->","yoast_head_json":{"title":"Denuncias de Lima contra A\u00f1ez son \u201cincongruentes\u201d - El Diario - Bolivia","robots":{"index":"index","follow":"follow","max-snippet":"max-snippet:-1","max-image-preview":"max-image-preview:large","max-video-preview":"max-video-preview:-1"},"canonical":"https:\/\/www.eldiario.net\/portal\/2021\/05\/10\/denuncias-de-lima-contra-anez-son-incongruentes\/","og_locale":"es_ES","og_type":"article","og_title":"Denuncias de Lima contra A\u00f1ez son \u201cincongruentes\u201d - El Diario - Bolivia","og_description":"El exsenador del Movimiento al Socialismo (MAS), Omar Aguilar, indic\u00f3 en d\u00edas precedentes, que los procesos que lleva adelante el ministro de Justicia, Iv\u00e1n Lima, contra la expresidenta Jeanine A\u00f1ez son \u201cincongruentes\u201d. \u201cO eres golpista o eres presidenta y si eres golpista no puedes ser enjuiciada por responsabilidades en calidad de presidenta (\u2026); el ministro [&hellip;]","og_url":"https:\/\/www.eldiario.net\/portal\/2021\/05\/10\/denuncias-de-lima-contra-anez-son-incongruentes\/","og_site_name":"El Diario - Bolivia","article_publisher":"https:\/\/www.facebook.com\/eldiario.bolivia\/","article_published_time":"2021-05-10T08:23:54+00:00","og_image":[{"width":1280,"height":720,"url":"https:\/\/www.eldiario.net\/portal\/wp-content\/uploads\/2021\/05\/1.jpg","type":"image\/jpeg"}],"author":"Jeanette","twitter_card":"summary_large_image","twitter_creator":"@eldiario_net","twitter_site":"@eldiario_net","twitter_misc":{"Escrito por":"Jeanette","Tiempo de lectura":"9 minutos"},"schema":{"@context":"https:\/\/schema.org","@graph":[{"@type":"Article","@id":"https:\/\/www.eldiario.net\/portal\/2021\/05\/10\/denuncias-de-lima-contra-anez-son-incongruentes\/#article","isPartOf":{"@id":"https:\/\/www.eldiario.net\/portal\/2021\/05\/10\/denuncias-de-lima-contra-anez-son-incongruentes\/"},"author":{"name":"Jeanette","@id":"https:\/\/www.eldiario.net\/portal\/#\/schema\/person\/f46445640444750d7d753ccd04ae01b7"},"headline":"Denuncias de Lima contra A\u00f1ez son \u201cincongruentes\u201d","datePublished":"2021-05-10T08:23:54+00:00","mainEntityOfPage":{"@id":"https:\/\/www.eldiario.net\/portal\/2021\/05\/10\/denuncias-de-lima-contra-anez-son-incongruentes\/"},"wordCount":1786,"publisher":{"@id":"https:\/\/www.eldiario.net\/portal\/#organization"},"image":{"@id":"https:\/\/www.eldiario.net\/portal\/2021\/05\/10\/denuncias-de-lima-contra-anez-son-incongruentes\/#primaryimage"},"thumbnailUrl":"https:\/\/www.eldiario.net\/portal\/wp-content\/uploads\/2021\/05\/1.jpg","articleSection":["Sociedad - Seguridad"],"inLanguage":"es"},{"@type":"WebPage","@id":"https:\/\/www.eldiario.net\/portal\/2021\/05\/10\/denuncias-de-lima-contra-anez-son-incongruentes\/","url":"https:\/\/www.eldiario.net\/portal\/2021\/05\/10\/denuncias-de-lima-contra-anez-son-incongruentes\/","name":"Denuncias de Lima contra A\u00f1ez son \u201cincongruentes\u201d - El Diario - Bolivia","isPartOf":{"@id":"https:\/\/www.eldiario.net\/portal\/#website"},"primaryImageOfPage":{"@id":"https:\/\/www.eldiario.net\/portal\/2021\/05\/10\/denuncias-de-lima-contra-anez-son-incongruentes\/#primaryimage"},"image":{"@id":"https:\/\/www.eldiario.net\/portal\/2021\/05\/10\/denuncias-de-lima-contra-anez-son-incongruentes\/#primaryimage"},"thumbnailUrl":"https:\/\/www.eldiario.net\/portal\/wp-content\/uploads\/2021\/05\/1.jpg","datePublished":"2021-05-10T08:23:54+00:00","breadcrumb":{"@id":"https:\/\/www.eldiario.net\/portal\/2021\/05\/10\/denuncias-de-lima-contra-anez-son-incongruentes\/#breadcrumb"},"inLanguage":"es","potentialAction":[{"@type":"ReadAction","target":["https:\/\/www.eldiario.net\/portal\/2021\/05\/10\/denuncias-de-lima-contra-anez-son-incongruentes\/"]}]},{"@type":"ImageObject","inLanguage":"es","@id":"https:\/\/www.eldiario.net\/portal\/2021\/05\/10\/denuncias-de-lima-contra-anez-son-incongruentes\/#primaryimage","url":"https:\/\/www.eldiario.net\/portal\/wp-content\/uploads\/2021\/05\/1.jpg","contentUrl":"https:\/\/www.eldiario.net\/portal\/wp-content\/uploads\/2021\/05\/1.jpg","width":1280,"height":720},{"@type":"BreadcrumbList","@id":"https:\/\/www.eldiario.net\/portal\/2021\/05\/10\/denuncias-de-lima-contra-anez-son-incongruentes\/#breadcrumb","itemListElement":[{"@type":"ListItem","position":1,"name":"Portada","item":"https:\/\/www.eldiario.net\/portal\/"},{"@type":"ListItem","position":2,"name":"Denuncias de Lima contra A\u00f1ez son \u201cincongruentes\u201d"}]},{"@type":"WebSite","@id":"https:\/\/www.eldiario.net\/portal\/#website","url":"https:\/\/www.eldiario.net\/portal\/","name":"El Diario - Decano de la prensa nacional","description":"El Diario - Decano de la prensa nacional","publisher":{"@id":"https:\/\/www.eldiario.net\/portal\/#organization"},"potentialAction":[{"@type":"SearchAction","target":{"@type":"EntryPoint","urlTemplate":"https:\/\/www.eldiario.net\/portal\/?s={search_term_string}"},"query-input":{"@type":"PropertyValueSpecification","valueRequired":true,"valueName":"search_term_string"}}],"inLanguage":"es"},{"@type":"Organization","@id":"https:\/\/www.eldiario.net\/portal\/#organization","name":"El Diario - Decano de la prensa nacional","url":"https:\/\/www.eldiario.net\/portal\/","logo":{"@type":"ImageObject","inLanguage":"es","@id":"https:\/\/www.eldiario.net\/portal\/#\/schema\/logo\/image\/","url":"https:\/\/www.eldiario.net\/portal\/wp-content\/uploads\/2023\/07\/logo_ED.jpg","contentUrl":"https:\/\/www.eldiario.net\/portal\/wp-content\/uploads\/2023\/07\/logo_ED.jpg","width":272,"height":52,"caption":"El Diario - Decano de la prensa nacional"},"image":{"@id":"https:\/\/www.eldiario.net\/portal\/#\/schema\/logo\/image\/"},"sameAs":["https:\/\/www.facebook.com\/eldiario.bolivia\/","https:\/\/x.com\/eldiario_net"]},{"@type":"Person","@id":"https:\/\/www.eldiario.net\/portal\/#\/schema\/person\/f46445640444750d7d753ccd04ae01b7","name":"Jeanette","image":{"@type":"ImageObject","inLanguage":"es","@id":"https:\/\/secure.gravatar.com\/avatar\/3ea2118a5f7dad2b7138b1187a6b7ee55f160b9968b66013c3a3ef39dd7e5798?s=96&d=mm&r=g","url":"https:\/\/secure.gravatar.com\/avatar\/3ea2118a5f7dad2b7138b1187a6b7ee55f160b9968b66013c3a3ef39dd7e5798?s=96&d=mm&r=g","contentUrl":"https:\/\/secure.gravatar.com\/avatar\/3ea2118a5f7dad2b7138b1187a6b7ee55f160b9968b66013c3a3ef39dd7e5798?s=96&d=mm&r=g","caption":"Jeanette"},"sameAs":["https:\/\/www.eldiario.net\/portal"],"url":"https:\/\/www.eldiario.net\/portal\/author\/jeanette\/"}]}},"_links":{"self":[{"href":"https:\/\/www.eldiario.net\/portal\/wp-json\/wp\/v2\/posts\/2954","targetHints":{"allow":["GET"]}}],"collection":[{"href":"https:\/\/www.eldiario.net\/portal\/wp-json\/wp\/v2\/posts"}],"about":[{"href":"https:\/\/www.eldiario.net\/portal\/wp-json\/wp\/v2\/types\/post"}],"author":[{"embeddable":true,"href":"https:\/\/www.eldiario.net\/portal\/wp-json\/wp\/v2\/users\/1"}],"replies":[{"embeddable":true,"href":"https:\/\/www.eldiario.net\/portal\/wp-json\/wp\/v2\/comments?post=2954"}],"version-history":[{"count":0,"href":"https:\/\/www.eldiario.net\/portal\/wp-json\/wp\/v2\/posts\/2954\/revisions"}],"wp:featuredmedia":[{"embeddable":true,"href":"https:\/\/www.eldiario.net\/portal\/wp-json\/wp\/v2\/media\/2955"}],"wp:attachment":[{"href":"https:\/\/www.eldiario.net\/portal\/wp-json\/wp\/v2\/media?parent=2954"}],"wp:term":[{"taxonomy":"category","embeddable":true,"href":"https:\/\/www.eldiario.net\/portal\/wp-json\/wp\/v2\/categories?post=2954"},{"taxonomy":"post_tag","embeddable":true,"href":"https:\/\/www.eldiario.net\/portal\/wp-json\/wp\/v2\/tags?post=2954"}],"curies":[{"name":"wp","href":"https:\/\/api.w.org\/{rel}","templated":true}]}}