{"id":295368,"date":"2025-04-14T05:51:59","date_gmt":"2025-04-14T09:51:59","guid":{"rendered":"https:\/\/www.eldiario.net\/portal\/?p=295368"},"modified":"2025-04-14T05:51:59","modified_gmt":"2025-04-14T09:51:59","slug":"gestion-patrimonial-en-la-era-digital-cinco-claves-para-afrontar-los-desafios-actuales","status":"publish","type":"post","link":"https:\/\/www.eldiario.net\/portal\/2025\/04\/14\/gestion-patrimonial-en-la-era-digital-cinco-claves-para-afrontar-los-desafios-actuales\/","title":{"rendered":"Gesti\u00f3n patrimonial en la era digital: cinco claves para afrontar los desaf\u00edos actuales"},"content":{"rendered":"<p><strong>Ciudad de M\u00e9xico, abril de 2025.-<\/strong> La gesti\u00f3n de patrimonios a nivel mundial atraviesa una transformaci\u00f3n sin precedentes. Mientras los segmentos de altos y ultra altos patrimonios (HNW y UHNW, por sus siglas en ingl\u00e9s) siguen siendo el foco de los gestores financieros, el aumento de costos regulatorios ha restringido el acceso al asesoramiento tradicional para clientes minoristas y de alto poder adquisitivo. <u>Temenos<\/u>, empresa de software bancario, da a conocer cu\u00e1les son las tendencias tecnol\u00f3gicas que las instituciones financieras est\u00e1n implementando para atender a este sector.<\/p>\n<p>Si bien la inteligencia artificial (IA) y el machine learning pueden hacer el asesoramiento m\u00e1s accesible y rentable, en muchas regiones sigue siendo transaccional, lo que empuja a los clientes hacia fuentes poco reguladas y aumenta el riesgo de desinformaci\u00f3n. Al mismo tiempo, la desigualdad de ingresos persiste sin cambios tributarios efectivos, dificultando una soluci\u00f3n a corto plazo.<\/p>\n<p><em>\u201cEl auge de los \u2018Finfluencers\u2019 refleja la falta de acceso a asesoramiento financiero confiable, especialmente entre la Generaci\u00f3n Z, que es casi <u>cinco veces m\u00e1s propensa<\/u> que los mayores de 40 a\u00f1os a buscar consejos en redes sociales. Sin embargo, mucho de este contenido compartido no incluye una divulgaci\u00f3n clara, lo que aumenta el riesgo de desinformaci\u00f3n. Si a esto sumamos el incremento de las desigualdades de ingresos, nos enfrentamos a un desaf\u00edo estructural\u201d<\/em>, comenta <strong>\u00a0Cristian S\u00e1nchez, vicepresidente de ventas para Latinoam\u00e9rica de Temenos<\/strong>.<\/p>\n<p>Para adaptarse a este entorno, las empresas deben optimizar su eficiencia operativa, adoptar nuevas tecnolog\u00edas y ofrecer servicios diferenciados. Algunas tendencias clave incluyen:<\/p>\n<ol>\n<li><strong>Consolidaci\u00f3n de datos y adopci\u00f3n de IA: <\/strong>Seg\u00fan un estudio de <u>Wipro<\/u>, el 44% de las empresas ya ha integrado IA ampliamente, mientras que el 56% est\u00e1 en proceso de adopci\u00f3n. Sin embargo, la efectividad de estas tecnolog\u00edas depende de datos estructurados y consolidados, un desaf\u00edo persistente debido a sistemas fragmentados. En los pr\u00f3ximos a\u00f1os, la consolidaci\u00f3n de datos ser\u00e1 clave para mejorar la precisi\u00f3n de los modelos predictivos y la eficiencia operativa.<\/li>\n<li><strong>Migraci\u00f3n a SaaS y externalizaci\u00f3n de infraestructura: <\/strong>La creciente aceptaci\u00f3n de la nube por parte de los reguladores facilita la adopci\u00f3n de SaaS (<em>Software-as-a-Service<\/em>), brindando mayor flexibilidad y escalabilidad en el uso de IA. Adem\u00e1s, la competencia ha impulsado la externalizaci\u00f3n de funciones tecnol\u00f3gicas y de back-office.<\/li>\n<li><strong>Expansi\u00f3n de Family Offices y especializaci\u00f3n del asesoramiento: <\/strong>la gesti\u00f3n patrimonial se fragmenta con el crecimiento de <em>Family Offices<\/em>, boutiques de inversi\u00f3n y gestores de activos externos (EAM), que atraen talento y clientes con tecnolog\u00eda avanzada, mayor flexibilidad y servicios personalizados. La transferencia generacional de riqueza impulsa la demanda de planificaci\u00f3n fiscal, sucesi\u00f3n y criterios ESG (<em>social, ambiental y gobernanza corporativa, por sus siglas en ingl\u00e9s<\/em>), lo que lleva a muchas firmas a diferenciarse mediante la hiper-especializaci\u00f3n en nichos estrat\u00e9gicos.<\/li>\n<li><strong>Ciberseguridad y protecci\u00f3n de datos:<\/strong> las instituciones financieras est\u00e1n incrementando su inversi\u00f3n en soluciones avanzadas de ciberseguridad, implementando modelos Zero Trust, autenticaci\u00f3n multifactor y monitoreo continuo de amenazas para contrarrestar ataques cada vez m\u00e1s sofisticados. Adem\u00e1s, las regulaciones globales exigen est\u00e1ndares m\u00e1s estrictos, obligando a las empresas a priorizar la seguridad digital como pilar estrat\u00e9gico.<\/li>\n<li><strong>Diversificaci\u00f3n de productos y servicios:<\/strong> los gestores de patrimonio est\u00e1n ampliando sus estrategias m\u00e1s all\u00e1 de los instrumentos tradicionales, incorporando activos alternativos, coberturas y planificaci\u00f3n fiscal optimizada. Con la inflaci\u00f3n y las tasas de inter\u00e9s en aumento, esta diversificaci\u00f3n no solo busca mitigar riesgos, sino tambi\u00e9n ofrecer opciones m\u00e1s resilientes que protejan el patrimonio y maximicen los retornos, respondiendo a la creciente demanda de asesoramiento especializado.<\/li>\n<\/ol>\n<p><em>\u201cLa industria de gesti\u00f3n patrimonial enfrenta desaf\u00edos estructurales que transforman el acceso al asesoramiento financiero. Desde Temenos consideramos que la adopci\u00f3n de IA y machine learning en el core bancario puede cerrar esta brecha, pero su \u00e9xito depender\u00e1 de estrategias efectivas y proveedores de primer nivel para estructurar datos que permitan una asesor\u00eda m\u00e1s precisa y accesible\u201d<\/em>, concluye <strong>\u00a0Cristian S\u00e1nchez, vicepresidente de ventas para Latinoam\u00e9rica de Temenos<\/strong>.<\/p>\n","protected":false},"excerpt":{"rendered":"<p>Ciudad de M\u00e9xico, abril de 2025.- La gesti\u00f3n de patrimonios a nivel mundial atraviesa una transformaci\u00f3n sin precedentes. Mientras los segmentos de altos y ultra altos patrimonios (HNW y UHNW, por sus siglas en ingl\u00e9s) siguen siendo el foco de los gestores financieros, el aumento de costos regulatorios ha restringido el acceso al asesoramiento tradicional [&hellip;]<\/p>\n","protected":false},"author":1,"featured_media":295369,"comment_status":"closed","ping_status":"open","sticky":false,"template":"","format":"standard","meta":{"_acf_changed":false,"footnotes":""},"categories":[46],"tags":[],"class_list":["post-295368","post","type-post","status-publish","format-standard","has-post-thumbnail","category-ciencia-computacion"],"acf":{"antetitulo":""},"yoast_head":"<!-- This site is optimized with the Yoast SEO plugin v28.3 - https:\/\/yoast.com\/product\/yoast-seo-wordpress\/ -->\n<title>Gesti\u00f3n patrimonial en la era digital: cinco claves para afrontar los desaf\u00edos actuales - El Diario - Bolivia<\/title>\n<meta name=\"robots\" content=\"index, follow, max-snippet:-1, max-image-preview:large, max-video-preview:-1\" \/>\n<link rel=\"canonical\" href=\"https:\/\/www.eldiario.net\/portal\/2025\/04\/14\/gestion-patrimonial-en-la-era-digital-cinco-claves-para-afrontar-los-desafios-actuales\/\" \/>\n<meta property=\"og:locale\" content=\"es_ES\" \/>\n<meta property=\"og:type\" content=\"article\" \/>\n<meta property=\"og:title\" content=\"Gesti\u00f3n patrimonial en la era digital: cinco claves para afrontar los desaf\u00edos actuales - El Diario - Bolivia\" \/>\n<meta property=\"og:description\" content=\"Ciudad de M\u00e9xico, abril de 2025.- La gesti\u00f3n de patrimonios a nivel mundial atraviesa una transformaci\u00f3n sin precedentes. Mientras los segmentos de altos y ultra altos patrimonios (HNW y UHNW, por sus siglas en ingl\u00e9s) siguen siendo el foco de los gestores financieros, el aumento de costos regulatorios ha restringido el acceso al asesoramiento tradicional [&hellip;]\" \/>\n<meta property=\"og:url\" content=\"https:\/\/www.eldiario.net\/portal\/2025\/04\/14\/gestion-patrimonial-en-la-era-digital-cinco-claves-para-afrontar-los-desafios-actuales\/\" \/>\n<meta property=\"og:site_name\" content=\"El Diario - Bolivia\" \/>\n<meta property=\"article:publisher\" content=\"https:\/\/www.facebook.com\/eldiario.bolivia\/\" \/>\n<meta property=\"article:published_time\" content=\"2025-04-14T09:51:59+00:00\" \/>\n<meta property=\"og:image\" content=\"https:\/\/www.eldiario.net\/portal\/wp-content\/uploads\/2025\/04\/6-A-.jpg\" \/>\n\t<meta property=\"og:image:width\" content=\"1200\" \/>\n\t<meta property=\"og:image:height\" content=\"627\" \/>\n\t<meta property=\"og:image:type\" content=\"image\/jpeg\" \/>\n<meta name=\"author\" content=\"Jeanette\" \/>\n<meta name=\"twitter:card\" content=\"summary_large_image\" \/>\n<meta name=\"twitter:creator\" content=\"@eldiario_net\" \/>\n<meta name=\"twitter:site\" content=\"@eldiario_net\" \/>\n<meta name=\"twitter:label1\" content=\"Escrito por\" \/>\n\t<meta name=\"twitter:data1\" content=\"Jeanette\" \/>\n\t<meta name=\"twitter:label2\" content=\"Tiempo de lectura\" \/>\n\t<meta name=\"twitter:data2\" content=\"4 minutos\" \/>\n<script type=\"application\/ld+json\" class=\"yoast-schema-graph\">{\"@context\":\"https:\\\/\\\/schema.org\",\"@graph\":[{\"@type\":\"Article\",\"@id\":\"https:\\\/\\\/www.eldiario.net\\\/portal\\\/2025\\\/04\\\/14\\\/gestion-patrimonial-en-la-era-digital-cinco-claves-para-afrontar-los-desafios-actuales\\\/#article\",\"isPartOf\":{\"@id\":\"https:\\\/\\\/www.eldiario.net\\\/portal\\\/2025\\\/04\\\/14\\\/gestion-patrimonial-en-la-era-digital-cinco-claves-para-afrontar-los-desafios-actuales\\\/\"},\"author\":{\"name\":\"Jeanette\",\"@id\":\"https:\\\/\\\/www.eldiario.net\\\/portal\\\/#\\\/schema\\\/person\\\/f46445640444750d7d753ccd04ae01b7\"},\"headline\":\"Gesti\u00f3n patrimonial en la era digital: cinco claves para afrontar los desaf\u00edos actuales\",\"datePublished\":\"2025-04-14T09:51:59+00:00\",\"mainEntityOfPage\":{\"@id\":\"https:\\\/\\\/www.eldiario.net\\\/portal\\\/2025\\\/04\\\/14\\\/gestion-patrimonial-en-la-era-digital-cinco-claves-para-afrontar-los-desafios-actuales\\\/\"},\"wordCount\":723,\"publisher\":{\"@id\":\"https:\\\/\\\/www.eldiario.net\\\/portal\\\/#organization\"},\"image\":{\"@id\":\"https:\\\/\\\/www.eldiario.net\\\/portal\\\/2025\\\/04\\\/14\\\/gestion-patrimonial-en-la-era-digital-cinco-claves-para-afrontar-los-desafios-actuales\\\/#primaryimage\"},\"thumbnailUrl\":\"https:\\\/\\\/www.eldiario.net\\\/portal\\\/wp-content\\\/uploads\\\/2025\\\/04\\\/6-A-.jpg\",\"articleSection\":[\"Ciencia y Computaci\u00f3n\"],\"inLanguage\":\"es\"},{\"@type\":\"WebPage\",\"@id\":\"https:\\\/\\\/www.eldiario.net\\\/portal\\\/2025\\\/04\\\/14\\\/gestion-patrimonial-en-la-era-digital-cinco-claves-para-afrontar-los-desafios-actuales\\\/\",\"url\":\"https:\\\/\\\/www.eldiario.net\\\/portal\\\/2025\\\/04\\\/14\\\/gestion-patrimonial-en-la-era-digital-cinco-claves-para-afrontar-los-desafios-actuales\\\/\",\"name\":\"Gesti\u00f3n patrimonial en la era digital: cinco claves para afrontar los desaf\u00edos actuales - El Diario - Bolivia\",\"isPartOf\":{\"@id\":\"https:\\\/\\\/www.eldiario.net\\\/portal\\\/#website\"},\"primaryImageOfPage\":{\"@id\":\"https:\\\/\\\/www.eldiario.net\\\/portal\\\/2025\\\/04\\\/14\\\/gestion-patrimonial-en-la-era-digital-cinco-claves-para-afrontar-los-desafios-actuales\\\/#primaryimage\"},\"image\":{\"@id\":\"https:\\\/\\\/www.eldiario.net\\\/portal\\\/2025\\\/04\\\/14\\\/gestion-patrimonial-en-la-era-digital-cinco-claves-para-afrontar-los-desafios-actuales\\\/#primaryimage\"},\"thumbnailUrl\":\"https:\\\/\\\/www.eldiario.net\\\/portal\\\/wp-content\\\/uploads\\\/2025\\\/04\\\/6-A-.jpg\",\"datePublished\":\"2025-04-14T09:51:59+00:00\",\"breadcrumb\":{\"@id\":\"https:\\\/\\\/www.eldiario.net\\\/portal\\\/2025\\\/04\\\/14\\\/gestion-patrimonial-en-la-era-digital-cinco-claves-para-afrontar-los-desafios-actuales\\\/#breadcrumb\"},\"inLanguage\":\"es\",\"potentialAction\":[{\"@type\":\"ReadAction\",\"target\":[\"https:\\\/\\\/www.eldiario.net\\\/portal\\\/2025\\\/04\\\/14\\\/gestion-patrimonial-en-la-era-digital-cinco-claves-para-afrontar-los-desafios-actuales\\\/\"]}]},{\"@type\":\"ImageObject\",\"inLanguage\":\"es\",\"@id\":\"https:\\\/\\\/www.eldiario.net\\\/portal\\\/2025\\\/04\\\/14\\\/gestion-patrimonial-en-la-era-digital-cinco-claves-para-afrontar-los-desafios-actuales\\\/#primaryimage\",\"url\":\"https:\\\/\\\/www.eldiario.net\\\/portal\\\/wp-content\\\/uploads\\\/2025\\\/04\\\/6-A-.jpg\",\"contentUrl\":\"https:\\\/\\\/www.eldiario.net\\\/portal\\\/wp-content\\\/uploads\\\/2025\\\/04\\\/6-A-.jpg\",\"width\":1200,\"height\":627},{\"@type\":\"BreadcrumbList\",\"@id\":\"https:\\\/\\\/www.eldiario.net\\\/portal\\\/2025\\\/04\\\/14\\\/gestion-patrimonial-en-la-era-digital-cinco-claves-para-afrontar-los-desafios-actuales\\\/#breadcrumb\",\"itemListElement\":[{\"@type\":\"ListItem\",\"position\":1,\"name\":\"Portada\",\"item\":\"https:\\\/\\\/www.eldiario.net\\\/portal\\\/\"},{\"@type\":\"ListItem\",\"position\":2,\"name\":\"Gesti\u00f3n patrimonial en la era digital: cinco claves para afrontar los desaf\u00edos actuales\"}]},{\"@type\":\"WebSite\",\"@id\":\"https:\\\/\\\/www.eldiario.net\\\/portal\\\/#website\",\"url\":\"https:\\\/\\\/www.eldiario.net\\\/portal\\\/\",\"name\":\"El Diario - Decano de la prensa nacional\",\"description\":\"El Diario - Decano de la prensa nacional\",\"publisher\":{\"@id\":\"https:\\\/\\\/www.eldiario.net\\\/portal\\\/#organization\"},\"potentialAction\":[{\"@type\":\"SearchAction\",\"target\":{\"@type\":\"EntryPoint\",\"urlTemplate\":\"https:\\\/\\\/www.eldiario.net\\\/portal\\\/?s={search_term_string}\"},\"query-input\":{\"@type\":\"PropertyValueSpecification\",\"valueRequired\":true,\"valueName\":\"search_term_string\"}}],\"inLanguage\":\"es\"},{\"@type\":\"Organization\",\"@id\":\"https:\\\/\\\/www.eldiario.net\\\/portal\\\/#organization\",\"name\":\"El Diario - Decano de la prensa nacional\",\"url\":\"https:\\\/\\\/www.eldiario.net\\\/portal\\\/\",\"logo\":{\"@type\":\"ImageObject\",\"inLanguage\":\"es\",\"@id\":\"https:\\\/\\\/www.eldiario.net\\\/portal\\\/#\\\/schema\\\/logo\\\/image\\\/\",\"url\":\"https:\\\/\\\/www.eldiario.net\\\/portal\\\/wp-content\\\/uploads\\\/2023\\\/07\\\/logo_ED.jpg\",\"contentUrl\":\"https:\\\/\\\/www.eldiario.net\\\/portal\\\/wp-content\\\/uploads\\\/2023\\\/07\\\/logo_ED.jpg\",\"width\":272,\"height\":52,\"caption\":\"El Diario - Decano de la prensa nacional\"},\"image\":{\"@id\":\"https:\\\/\\\/www.eldiario.net\\\/portal\\\/#\\\/schema\\\/logo\\\/image\\\/\"},\"sameAs\":[\"https:\\\/\\\/www.facebook.com\\\/eldiario.bolivia\\\/\",\"https:\\\/\\\/x.com\\\/eldiario_net\"]},{\"@type\":\"Person\",\"@id\":\"https:\\\/\\\/www.eldiario.net\\\/portal\\\/#\\\/schema\\\/person\\\/f46445640444750d7d753ccd04ae01b7\",\"name\":\"Jeanette\",\"image\":{\"@type\":\"ImageObject\",\"inLanguage\":\"es\",\"@id\":\"https:\\\/\\\/secure.gravatar.com\\\/avatar\\\/3ea2118a5f7dad2b7138b1187a6b7ee55f160b9968b66013c3a3ef39dd7e5798?s=96&d=mm&r=g\",\"url\":\"https:\\\/\\\/secure.gravatar.com\\\/avatar\\\/3ea2118a5f7dad2b7138b1187a6b7ee55f160b9968b66013c3a3ef39dd7e5798?s=96&d=mm&r=g\",\"contentUrl\":\"https:\\\/\\\/secure.gravatar.com\\\/avatar\\\/3ea2118a5f7dad2b7138b1187a6b7ee55f160b9968b66013c3a3ef39dd7e5798?s=96&d=mm&r=g\",\"caption\":\"Jeanette\"},\"sameAs\":[\"https:\\\/\\\/www.eldiario.net\\\/portal\"],\"url\":\"https:\\\/\\\/www.eldiario.net\\\/portal\\\/author\\\/jeanette\\\/\"}]}<\/script>\n<!-- \/ Yoast SEO plugin. -->","yoast_head_json":{"title":"Gesti\u00f3n patrimonial en la era digital: cinco claves para afrontar los desaf\u00edos actuales - El Diario - Bolivia","robots":{"index":"index","follow":"follow","max-snippet":"max-snippet:-1","max-image-preview":"max-image-preview:large","max-video-preview":"max-video-preview:-1"},"canonical":"https:\/\/www.eldiario.net\/portal\/2025\/04\/14\/gestion-patrimonial-en-la-era-digital-cinco-claves-para-afrontar-los-desafios-actuales\/","og_locale":"es_ES","og_type":"article","og_title":"Gesti\u00f3n patrimonial en la era digital: cinco claves para afrontar los desaf\u00edos actuales - El Diario - Bolivia","og_description":"Ciudad de M\u00e9xico, abril de 2025.- La gesti\u00f3n de patrimonios a nivel mundial atraviesa una transformaci\u00f3n sin precedentes. Mientras los segmentos de altos y ultra altos patrimonios (HNW y UHNW, por sus siglas en ingl\u00e9s) siguen siendo el foco de los gestores financieros, el aumento de costos regulatorios ha restringido el acceso al asesoramiento tradicional [&hellip;]","og_url":"https:\/\/www.eldiario.net\/portal\/2025\/04\/14\/gestion-patrimonial-en-la-era-digital-cinco-claves-para-afrontar-los-desafios-actuales\/","og_site_name":"El Diario - Bolivia","article_publisher":"https:\/\/www.facebook.com\/eldiario.bolivia\/","article_published_time":"2025-04-14T09:51:59+00:00","og_image":[{"width":1200,"height":627,"url":"https:\/\/www.eldiario.net\/portal\/wp-content\/uploads\/2025\/04\/6-A-.jpg","type":"image\/jpeg"}],"author":"Jeanette","twitter_card":"summary_large_image","twitter_creator":"@eldiario_net","twitter_site":"@eldiario_net","twitter_misc":{"Escrito por":"Jeanette","Tiempo de lectura":"4 minutos"},"schema":{"@context":"https:\/\/schema.org","@graph":[{"@type":"Article","@id":"https:\/\/www.eldiario.net\/portal\/2025\/04\/14\/gestion-patrimonial-en-la-era-digital-cinco-claves-para-afrontar-los-desafios-actuales\/#article","isPartOf":{"@id":"https:\/\/www.eldiario.net\/portal\/2025\/04\/14\/gestion-patrimonial-en-la-era-digital-cinco-claves-para-afrontar-los-desafios-actuales\/"},"author":{"name":"Jeanette","@id":"https:\/\/www.eldiario.net\/portal\/#\/schema\/person\/f46445640444750d7d753ccd04ae01b7"},"headline":"Gesti\u00f3n patrimonial en la era digital: cinco claves para afrontar los desaf\u00edos actuales","datePublished":"2025-04-14T09:51:59+00:00","mainEntityOfPage":{"@id":"https:\/\/www.eldiario.net\/portal\/2025\/04\/14\/gestion-patrimonial-en-la-era-digital-cinco-claves-para-afrontar-los-desafios-actuales\/"},"wordCount":723,"publisher":{"@id":"https:\/\/www.eldiario.net\/portal\/#organization"},"image":{"@id":"https:\/\/www.eldiario.net\/portal\/2025\/04\/14\/gestion-patrimonial-en-la-era-digital-cinco-claves-para-afrontar-los-desafios-actuales\/#primaryimage"},"thumbnailUrl":"https:\/\/www.eldiario.net\/portal\/wp-content\/uploads\/2025\/04\/6-A-.jpg","articleSection":["Ciencia y Computaci\u00f3n"],"inLanguage":"es"},{"@type":"WebPage","@id":"https:\/\/www.eldiario.net\/portal\/2025\/04\/14\/gestion-patrimonial-en-la-era-digital-cinco-claves-para-afrontar-los-desafios-actuales\/","url":"https:\/\/www.eldiario.net\/portal\/2025\/04\/14\/gestion-patrimonial-en-la-era-digital-cinco-claves-para-afrontar-los-desafios-actuales\/","name":"Gesti\u00f3n patrimonial en la era digital: cinco claves para afrontar los desaf\u00edos actuales - El Diario - Bolivia","isPartOf":{"@id":"https:\/\/www.eldiario.net\/portal\/#website"},"primaryImageOfPage":{"@id":"https:\/\/www.eldiario.net\/portal\/2025\/04\/14\/gestion-patrimonial-en-la-era-digital-cinco-claves-para-afrontar-los-desafios-actuales\/#primaryimage"},"image":{"@id":"https:\/\/www.eldiario.net\/portal\/2025\/04\/14\/gestion-patrimonial-en-la-era-digital-cinco-claves-para-afrontar-los-desafios-actuales\/#primaryimage"},"thumbnailUrl":"https:\/\/www.eldiario.net\/portal\/wp-content\/uploads\/2025\/04\/6-A-.jpg","datePublished":"2025-04-14T09:51:59+00:00","breadcrumb":{"@id":"https:\/\/www.eldiario.net\/portal\/2025\/04\/14\/gestion-patrimonial-en-la-era-digital-cinco-claves-para-afrontar-los-desafios-actuales\/#breadcrumb"},"inLanguage":"es","potentialAction":[{"@type":"ReadAction","target":["https:\/\/www.eldiario.net\/portal\/2025\/04\/14\/gestion-patrimonial-en-la-era-digital-cinco-claves-para-afrontar-los-desafios-actuales\/"]}]},{"@type":"ImageObject","inLanguage":"es","@id":"https:\/\/www.eldiario.net\/portal\/2025\/04\/14\/gestion-patrimonial-en-la-era-digital-cinco-claves-para-afrontar-los-desafios-actuales\/#primaryimage","url":"https:\/\/www.eldiario.net\/portal\/wp-content\/uploads\/2025\/04\/6-A-.jpg","contentUrl":"https:\/\/www.eldiario.net\/portal\/wp-content\/uploads\/2025\/04\/6-A-.jpg","width":1200,"height":627},{"@type":"BreadcrumbList","@id":"https:\/\/www.eldiario.net\/portal\/2025\/04\/14\/gestion-patrimonial-en-la-era-digital-cinco-claves-para-afrontar-los-desafios-actuales\/#breadcrumb","itemListElement":[{"@type":"ListItem","position":1,"name":"Portada","item":"https:\/\/www.eldiario.net\/portal\/"},{"@type":"ListItem","position":2,"name":"Gesti\u00f3n patrimonial en la era digital: cinco claves para afrontar los desaf\u00edos actuales"}]},{"@type":"WebSite","@id":"https:\/\/www.eldiario.net\/portal\/#website","url":"https:\/\/www.eldiario.net\/portal\/","name":"El Diario - Decano de la prensa nacional","description":"El Diario - Decano de la prensa nacional","publisher":{"@id":"https:\/\/www.eldiario.net\/portal\/#organization"},"potentialAction":[{"@type":"SearchAction","target":{"@type":"EntryPoint","urlTemplate":"https:\/\/www.eldiario.net\/portal\/?s={search_term_string}"},"query-input":{"@type":"PropertyValueSpecification","valueRequired":true,"valueName":"search_term_string"}}],"inLanguage":"es"},{"@type":"Organization","@id":"https:\/\/www.eldiario.net\/portal\/#organization","name":"El Diario - Decano de la prensa nacional","url":"https:\/\/www.eldiario.net\/portal\/","logo":{"@type":"ImageObject","inLanguage":"es","@id":"https:\/\/www.eldiario.net\/portal\/#\/schema\/logo\/image\/","url":"https:\/\/www.eldiario.net\/portal\/wp-content\/uploads\/2023\/07\/logo_ED.jpg","contentUrl":"https:\/\/www.eldiario.net\/portal\/wp-content\/uploads\/2023\/07\/logo_ED.jpg","width":272,"height":52,"caption":"El Diario - Decano de la prensa nacional"},"image":{"@id":"https:\/\/www.eldiario.net\/portal\/#\/schema\/logo\/image\/"},"sameAs":["https:\/\/www.facebook.com\/eldiario.bolivia\/","https:\/\/x.com\/eldiario_net"]},{"@type":"Person","@id":"https:\/\/www.eldiario.net\/portal\/#\/schema\/person\/f46445640444750d7d753ccd04ae01b7","name":"Jeanette","image":{"@type":"ImageObject","inLanguage":"es","@id":"https:\/\/secure.gravatar.com\/avatar\/3ea2118a5f7dad2b7138b1187a6b7ee55f160b9968b66013c3a3ef39dd7e5798?s=96&d=mm&r=g","url":"https:\/\/secure.gravatar.com\/avatar\/3ea2118a5f7dad2b7138b1187a6b7ee55f160b9968b66013c3a3ef39dd7e5798?s=96&d=mm&r=g","contentUrl":"https:\/\/secure.gravatar.com\/avatar\/3ea2118a5f7dad2b7138b1187a6b7ee55f160b9968b66013c3a3ef39dd7e5798?s=96&d=mm&r=g","caption":"Jeanette"},"sameAs":["https:\/\/www.eldiario.net\/portal"],"url":"https:\/\/www.eldiario.net\/portal\/author\/jeanette\/"}]}},"_links":{"self":[{"href":"https:\/\/www.eldiario.net\/portal\/wp-json\/wp\/v2\/posts\/295368","targetHints":{"allow":["GET"]}}],"collection":[{"href":"https:\/\/www.eldiario.net\/portal\/wp-json\/wp\/v2\/posts"}],"about":[{"href":"https:\/\/www.eldiario.net\/portal\/wp-json\/wp\/v2\/types\/post"}],"author":[{"embeddable":true,"href":"https:\/\/www.eldiario.net\/portal\/wp-json\/wp\/v2\/users\/1"}],"replies":[{"embeddable":true,"href":"https:\/\/www.eldiario.net\/portal\/wp-json\/wp\/v2\/comments?post=295368"}],"version-history":[{"count":1,"href":"https:\/\/www.eldiario.net\/portal\/wp-json\/wp\/v2\/posts\/295368\/revisions"}],"predecessor-version":[{"id":295370,"href":"https:\/\/www.eldiario.net\/portal\/wp-json\/wp\/v2\/posts\/295368\/revisions\/295370"}],"wp:featuredmedia":[{"embeddable":true,"href":"https:\/\/www.eldiario.net\/portal\/wp-json\/wp\/v2\/media\/295369"}],"wp:attachment":[{"href":"https:\/\/www.eldiario.net\/portal\/wp-json\/wp\/v2\/media?parent=295368"}],"wp:term":[{"taxonomy":"category","embeddable":true,"href":"https:\/\/www.eldiario.net\/portal\/wp-json\/wp\/v2\/categories?post=295368"},{"taxonomy":"post_tag","embeddable":true,"href":"https:\/\/www.eldiario.net\/portal\/wp-json\/wp\/v2\/tags?post=295368"}],"curies":[{"name":"wp","href":"https:\/\/api.w.org\/{rel}","templated":true}]}}