{"id":295365,"date":"2025-04-14T05:50:59","date_gmt":"2025-04-14T09:50:59","guid":{"rendered":"https:\/\/www.eldiario.net\/portal\/?p=295365"},"modified":"2025-04-14T05:50:59","modified_gmt":"2025-04-14T09:50:59","slug":"samsung-presenta-la-serie-galaxy-tab-s10-fe-con-diseno-premium-y-funciones-inteligentes","status":"publish","type":"post","link":"https:\/\/www.eldiario.net\/portal\/2025\/04\/14\/samsung-presenta-la-serie-galaxy-tab-s10-fe-con-diseno-premium-y-funciones-inteligentes\/","title":{"rendered":"Samsung presenta la serie Galaxy Tab S10 FE con dise\u00f1o premium y funciones inteligentes"},"content":{"rendered":"<p><strong>Abril 2025.<\/strong> Samsung present\u00f3 los nuevos Galaxy Tab S10 FE y S10 FE+, que ofrecen una puerta de entrada al ecosistema Galaxy en un formato premium. Con la pantalla m\u00e1s grande de la serie hasta ahora y biseles m\u00e1s delgados, brindan una experiencia envolvente para todo tipo de actividades, desde entretenimiento hasta estudio y productividad.<\/p>\n<p>Gracias a sus funciones impulsadas por inteligencia artificial, los usuarios pueden trabajar, estudiar o crear con mayor facilidad. Su dise\u00f1o liviano y delgado facilita la portabilidad y estimula la productividad en cualquier entorno.<\/p>\n<p>\u201cLa nueva serie de tabletas lleva la experiencia IA m\u00f3vil y el ecosistema conectado de Samsung a m\u00e1s usuarios, sin dejar de ofrecer un rendimiento y dise\u00f1o de vanguardia\u201d, dijo el vicepresidente y director del equipo de I+D de Nuevos Sistemas Inform\u00e1ticos, Mobile eXperience Business de Samsung, Changtae Kim. \u201cEstamos seguros de que los biseles delgados y las pantallas expansivas, adem\u00e1s de una serie de mejoras, inspirar\u00e1n a la gente a hacer m\u00e1s, crear m\u00e1s y descubrir m\u00e1s\u201d.<\/p>\n<p><strong>Claridad asombrosa y s\u00f3lido rendimiento en un dise\u00f1o port\u00e1til<\/strong><\/p>\n<p>La pantalla de 13,1\u201d del <strong>Galaxy Tab S10 FE+<\/strong> ofrece im\u00e1genes fluidas gracias a su frecuencia de actualizaci\u00f3n de 90 Hz. Con hasta <strong>800 nits de brillo<\/strong> y tecnolog\u00eda <strong>Vision Booster<\/strong>, asegura una visualizaci\u00f3n \u00f3ptima incluso en exteriores, mientras reduce la fatiga ocular con menor emisi\u00f3n de luz azul.<\/p>\n<p>El dispositivo permite alternar entre m\u00faltiples aplicaciones con fluidez y tomar fotos n\u00edtidas con su c\u00e1mara trasera de <strong>13 MP<\/strong>. Con un dise\u00f1o un <strong>4% m\u00e1s liviano<\/strong> que su antecesor y clasificaci\u00f3n <strong>IP68<\/strong>, combina rendimiento, portabilidad y resistencia para el d\u00eda a d\u00eda.<\/p>\n<p><strong>Funciones avanzadas que dan rienda suelta al potencial<\/strong><\/p>\n<p>Bas\u00e1ndose en el legado de Samsung de ofrecer experiencias premium en todo el ecosistema Galaxy, Galaxy Tab S10 FE+ y Galaxy Tab S10 FE son los primeros modelos de la serie FE que vienen equipados con capacidades de Inteligencia Artificial de vanguardia.<\/p>\n<p>La serie Galaxy Tab S10 FE incorpora por primera vez funciones avanzadas de IA m\u00f3vil, como <strong>Circle to Search con Google<\/strong>, que permite realizar b\u00fasquedas instant\u00e1neas sin salir de la aplicaci\u00f3n actual. Adem\u00e1s, herramientas como <strong>Asistente Matem\u00e1tico AI<\/strong> y <strong>Asistente de Notas AI<\/strong> optimizan la toma de apuntes para que los usuarios se concentren en lo importante. Estas funciones se activan al instante desde el <strong>Teclado AI<\/strong> y pueden personalizarse seg\u00fan cada estilo de trabajo.<\/p>\n<p>Para los creadores, <strong>Editor Pro con IA<\/strong> permite compilar autom\u00e1ticamente los mejores momentos de varios videos. La herramienta <strong>Best Face<\/strong> mejora las fotos grupales combinando las mejores expresiones de cada persona, y el <strong>Borrador de Objetos Inteligente<\/strong> sugiere ediciones autom\u00e1ticas para eliminar elementos no deseados.<\/p>\n<p>Adem\u00e1s, la serie incluye aplicaciones como <strong>LumaFusion<\/strong>, <strong>Goodnotes<\/strong>, <strong>Clip Studio Paint<\/strong>, <strong>Sketchbook<\/strong>, <strong>Noteshelf 3<\/strong> y <strong>Picsart<\/strong>, transformando la tablet en un verdadero estudio creativo port\u00e1til.<\/p>\n<p>La serie tambi\u00e9n se integra de forma intuitiva con otros dispositivos Galaxy, permitiendo monitorear el hogar mediante el widget <strong>Home Insight<\/strong> y la vista tridimensional de <strong>3D Map View<\/strong>.<\/p>\n<p><strong>Seguridad a tu manera<\/strong><\/p>\n<p>La nueva Tab S10 FE est\u00e1 protegida por <strong>Samsung Knox<\/strong>, una plataforma de seguridad multicapa que resguarda la informaci\u00f3n personal y previene amenazas en tiempo real desde el hardware.<\/p>\n<p>Los Galaxy Tab S10 FE y Galaxy Tab S10 FE+ est\u00e1n disponibles en tres colores: gris, plateado y azul.<\/p>\n","protected":false},"excerpt":{"rendered":"<p>Abril 2025. Samsung present\u00f3 los nuevos Galaxy Tab S10 FE y S10 FE+, que ofrecen una puerta de entrada al ecosistema Galaxy en un formato premium. Con la pantalla m\u00e1s grande de la serie hasta ahora y biseles m\u00e1s delgados, brindan una experiencia envolvente para todo tipo de actividades, desde entretenimiento hasta estudio y productividad. [&hellip;]<\/p>\n","protected":false},"author":1,"featured_media":295366,"comment_status":"closed","ping_status":"open","sticky":false,"template":"","format":"standard","meta":{"_acf_changed":false,"footnotes":""},"categories":[46],"tags":[],"class_list":["post-295365","post","type-post","status-publish","format-standard","has-post-thumbnail","category-ciencia-computacion"],"acf":{"antetitulo":""},"yoast_head":"<!-- This site is optimized with the Yoast SEO plugin v28.3 - https:\/\/yoast.com\/product\/yoast-seo-wordpress\/ -->\n<title>Samsung presenta la serie Galaxy Tab S10 FE con dise\u00f1o premium y funciones inteligentes - El Diario - Bolivia<\/title>\n<meta name=\"robots\" content=\"index, follow, max-snippet:-1, max-image-preview:large, max-video-preview:-1\" \/>\n<link rel=\"canonical\" href=\"https:\/\/www.eldiario.net\/portal\/2025\/04\/14\/samsung-presenta-la-serie-galaxy-tab-s10-fe-con-diseno-premium-y-funciones-inteligentes\/\" \/>\n<meta property=\"og:locale\" content=\"es_ES\" \/>\n<meta property=\"og:type\" content=\"article\" \/>\n<meta property=\"og:title\" content=\"Samsung presenta la serie Galaxy Tab S10 FE con dise\u00f1o premium y funciones inteligentes - El Diario - Bolivia\" \/>\n<meta property=\"og:description\" content=\"Abril 2025. Samsung present\u00f3 los nuevos Galaxy Tab S10 FE y S10 FE+, que ofrecen una puerta de entrada al ecosistema Galaxy en un formato premium. Con la pantalla m\u00e1s grande de la serie hasta ahora y biseles m\u00e1s delgados, brindan una experiencia envolvente para todo tipo de actividades, desde entretenimiento hasta estudio y productividad. [&hellip;]\" \/>\n<meta property=\"og:url\" content=\"https:\/\/www.eldiario.net\/portal\/2025\/04\/14\/samsung-presenta-la-serie-galaxy-tab-s10-fe-con-diseno-premium-y-funciones-inteligentes\/\" \/>\n<meta property=\"og:site_name\" content=\"El Diario - Bolivia\" \/>\n<meta property=\"article:publisher\" content=\"https:\/\/www.facebook.com\/eldiario.bolivia\/\" \/>\n<meta property=\"article:published_time\" content=\"2025-04-14T09:50:59+00:00\" \/>\n<meta property=\"og:image\" content=\"https:\/\/www.eldiario.net\/portal\/wp-content\/uploads\/2025\/04\/6-B.jpeg\" \/>\n\t<meta property=\"og:image:width\" content=\"1440\" \/>\n\t<meta property=\"og:image:height\" content=\"960\" \/>\n\t<meta property=\"og:image:type\" content=\"image\/jpeg\" \/>\n<meta name=\"author\" content=\"Jeanette\" \/>\n<meta name=\"twitter:card\" content=\"summary_large_image\" \/>\n<meta name=\"twitter:creator\" content=\"@eldiario_net\" \/>\n<meta name=\"twitter:site\" content=\"@eldiario_net\" \/>\n<meta name=\"twitter:label1\" content=\"Escrito por\" \/>\n\t<meta name=\"twitter:data1\" content=\"Jeanette\" \/>\n\t<meta name=\"twitter:label2\" content=\"Tiempo de lectura\" \/>\n\t<meta name=\"twitter:data2\" content=\"3 minutos\" \/>\n<script type=\"application\/ld+json\" class=\"yoast-schema-graph\">{\"@context\":\"https:\\\/\\\/schema.org\",\"@graph\":[{\"@type\":\"Article\",\"@id\":\"https:\\\/\\\/www.eldiario.net\\\/portal\\\/2025\\\/04\\\/14\\\/samsung-presenta-la-serie-galaxy-tab-s10-fe-con-diseno-premium-y-funciones-inteligentes\\\/#article\",\"isPartOf\":{\"@id\":\"https:\\\/\\\/www.eldiario.net\\\/portal\\\/2025\\\/04\\\/14\\\/samsung-presenta-la-serie-galaxy-tab-s10-fe-con-diseno-premium-y-funciones-inteligentes\\\/\"},\"author\":{\"name\":\"Jeanette\",\"@id\":\"https:\\\/\\\/www.eldiario.net\\\/portal\\\/#\\\/schema\\\/person\\\/f46445640444750d7d753ccd04ae01b7\"},\"headline\":\"Samsung presenta la serie Galaxy Tab S10 FE con dise\u00f1o premium y funciones inteligentes\",\"datePublished\":\"2025-04-14T09:50:59+00:00\",\"mainEntityOfPage\":{\"@id\":\"https:\\\/\\\/www.eldiario.net\\\/portal\\\/2025\\\/04\\\/14\\\/samsung-presenta-la-serie-galaxy-tab-s10-fe-con-diseno-premium-y-funciones-inteligentes\\\/\"},\"wordCount\":595,\"publisher\":{\"@id\":\"https:\\\/\\\/www.eldiario.net\\\/portal\\\/#organization\"},\"image\":{\"@id\":\"https:\\\/\\\/www.eldiario.net\\\/portal\\\/2025\\\/04\\\/14\\\/samsung-presenta-la-serie-galaxy-tab-s10-fe-con-diseno-premium-y-funciones-inteligentes\\\/#primaryimage\"},\"thumbnailUrl\":\"https:\\\/\\\/www.eldiario.net\\\/portal\\\/wp-content\\\/uploads\\\/2025\\\/04\\\/6-B.jpeg\",\"articleSection\":[\"Ciencia y Computaci\u00f3n\"],\"inLanguage\":\"es\"},{\"@type\":\"WebPage\",\"@id\":\"https:\\\/\\\/www.eldiario.net\\\/portal\\\/2025\\\/04\\\/14\\\/samsung-presenta-la-serie-galaxy-tab-s10-fe-con-diseno-premium-y-funciones-inteligentes\\\/\",\"url\":\"https:\\\/\\\/www.eldiario.net\\\/portal\\\/2025\\\/04\\\/14\\\/samsung-presenta-la-serie-galaxy-tab-s10-fe-con-diseno-premium-y-funciones-inteligentes\\\/\",\"name\":\"Samsung presenta la serie Galaxy Tab S10 FE con dise\u00f1o premium y funciones inteligentes - El Diario - Bolivia\",\"isPartOf\":{\"@id\":\"https:\\\/\\\/www.eldiario.net\\\/portal\\\/#website\"},\"primaryImageOfPage\":{\"@id\":\"https:\\\/\\\/www.eldiario.net\\\/portal\\\/2025\\\/04\\\/14\\\/samsung-presenta-la-serie-galaxy-tab-s10-fe-con-diseno-premium-y-funciones-inteligentes\\\/#primaryimage\"},\"image\":{\"@id\":\"https:\\\/\\\/www.eldiario.net\\\/portal\\\/2025\\\/04\\\/14\\\/samsung-presenta-la-serie-galaxy-tab-s10-fe-con-diseno-premium-y-funciones-inteligentes\\\/#primaryimage\"},\"thumbnailUrl\":\"https:\\\/\\\/www.eldiario.net\\\/portal\\\/wp-content\\\/uploads\\\/2025\\\/04\\\/6-B.jpeg\",\"datePublished\":\"2025-04-14T09:50:59+00:00\",\"breadcrumb\":{\"@id\":\"https:\\\/\\\/www.eldiario.net\\\/portal\\\/2025\\\/04\\\/14\\\/samsung-presenta-la-serie-galaxy-tab-s10-fe-con-diseno-premium-y-funciones-inteligentes\\\/#breadcrumb\"},\"inLanguage\":\"es\",\"potentialAction\":[{\"@type\":\"ReadAction\",\"target\":[\"https:\\\/\\\/www.eldiario.net\\\/portal\\\/2025\\\/04\\\/14\\\/samsung-presenta-la-serie-galaxy-tab-s10-fe-con-diseno-premium-y-funciones-inteligentes\\\/\"]}]},{\"@type\":\"ImageObject\",\"inLanguage\":\"es\",\"@id\":\"https:\\\/\\\/www.eldiario.net\\\/portal\\\/2025\\\/04\\\/14\\\/samsung-presenta-la-serie-galaxy-tab-s10-fe-con-diseno-premium-y-funciones-inteligentes\\\/#primaryimage\",\"url\":\"https:\\\/\\\/www.eldiario.net\\\/portal\\\/wp-content\\\/uploads\\\/2025\\\/04\\\/6-B.jpeg\",\"contentUrl\":\"https:\\\/\\\/www.eldiario.net\\\/portal\\\/wp-content\\\/uploads\\\/2025\\\/04\\\/6-B.jpeg\",\"width\":1440,\"height\":960},{\"@type\":\"BreadcrumbList\",\"@id\":\"https:\\\/\\\/www.eldiario.net\\\/portal\\\/2025\\\/04\\\/14\\\/samsung-presenta-la-serie-galaxy-tab-s10-fe-con-diseno-premium-y-funciones-inteligentes\\\/#breadcrumb\",\"itemListElement\":[{\"@type\":\"ListItem\",\"position\":1,\"name\":\"Portada\",\"item\":\"https:\\\/\\\/www.eldiario.net\\\/portal\\\/\"},{\"@type\":\"ListItem\",\"position\":2,\"name\":\"Samsung presenta la serie Galaxy Tab S10 FE con dise\u00f1o premium y funciones inteligentes\"}]},{\"@type\":\"WebSite\",\"@id\":\"https:\\\/\\\/www.eldiario.net\\\/portal\\\/#website\",\"url\":\"https:\\\/\\\/www.eldiario.net\\\/portal\\\/\",\"name\":\"El Diario - Decano de la prensa nacional\",\"description\":\"El Diario - Decano de la prensa nacional\",\"publisher\":{\"@id\":\"https:\\\/\\\/www.eldiario.net\\\/portal\\\/#organization\"},\"potentialAction\":[{\"@type\":\"SearchAction\",\"target\":{\"@type\":\"EntryPoint\",\"urlTemplate\":\"https:\\\/\\\/www.eldiario.net\\\/portal\\\/?s={search_term_string}\"},\"query-input\":{\"@type\":\"PropertyValueSpecification\",\"valueRequired\":true,\"valueName\":\"search_term_string\"}}],\"inLanguage\":\"es\"},{\"@type\":\"Organization\",\"@id\":\"https:\\\/\\\/www.eldiario.net\\\/portal\\\/#organization\",\"name\":\"El Diario - Decano de la prensa nacional\",\"url\":\"https:\\\/\\\/www.eldiario.net\\\/portal\\\/\",\"logo\":{\"@type\":\"ImageObject\",\"inLanguage\":\"es\",\"@id\":\"https:\\\/\\\/www.eldiario.net\\\/portal\\\/#\\\/schema\\\/logo\\\/image\\\/\",\"url\":\"https:\\\/\\\/www.eldiario.net\\\/portal\\\/wp-content\\\/uploads\\\/2023\\\/07\\\/logo_ED.jpg\",\"contentUrl\":\"https:\\\/\\\/www.eldiario.net\\\/portal\\\/wp-content\\\/uploads\\\/2023\\\/07\\\/logo_ED.jpg\",\"width\":272,\"height\":52,\"caption\":\"El Diario - Decano de la prensa nacional\"},\"image\":{\"@id\":\"https:\\\/\\\/www.eldiario.net\\\/portal\\\/#\\\/schema\\\/logo\\\/image\\\/\"},\"sameAs\":[\"https:\\\/\\\/www.facebook.com\\\/eldiario.bolivia\\\/\",\"https:\\\/\\\/x.com\\\/eldiario_net\"]},{\"@type\":\"Person\",\"@id\":\"https:\\\/\\\/www.eldiario.net\\\/portal\\\/#\\\/schema\\\/person\\\/f46445640444750d7d753ccd04ae01b7\",\"name\":\"Jeanette\",\"image\":{\"@type\":\"ImageObject\",\"inLanguage\":\"es\",\"@id\":\"https:\\\/\\\/secure.gravatar.com\\\/avatar\\\/3ea2118a5f7dad2b7138b1187a6b7ee55f160b9968b66013c3a3ef39dd7e5798?s=96&d=mm&r=g\",\"url\":\"https:\\\/\\\/secure.gravatar.com\\\/avatar\\\/3ea2118a5f7dad2b7138b1187a6b7ee55f160b9968b66013c3a3ef39dd7e5798?s=96&d=mm&r=g\",\"contentUrl\":\"https:\\\/\\\/secure.gravatar.com\\\/avatar\\\/3ea2118a5f7dad2b7138b1187a6b7ee55f160b9968b66013c3a3ef39dd7e5798?s=96&d=mm&r=g\",\"caption\":\"Jeanette\"},\"sameAs\":[\"https:\\\/\\\/www.eldiario.net\\\/portal\"],\"url\":\"https:\\\/\\\/www.eldiario.net\\\/portal\\\/author\\\/jeanette\\\/\"}]}<\/script>\n<!-- \/ Yoast SEO plugin. -->","yoast_head_json":{"title":"Samsung presenta la serie Galaxy Tab S10 FE con dise\u00f1o premium y funciones inteligentes - El Diario - Bolivia","robots":{"index":"index","follow":"follow","max-snippet":"max-snippet:-1","max-image-preview":"max-image-preview:large","max-video-preview":"max-video-preview:-1"},"canonical":"https:\/\/www.eldiario.net\/portal\/2025\/04\/14\/samsung-presenta-la-serie-galaxy-tab-s10-fe-con-diseno-premium-y-funciones-inteligentes\/","og_locale":"es_ES","og_type":"article","og_title":"Samsung presenta la serie Galaxy Tab S10 FE con dise\u00f1o premium y funciones inteligentes - El Diario - Bolivia","og_description":"Abril 2025. Samsung present\u00f3 los nuevos Galaxy Tab S10 FE y S10 FE+, que ofrecen una puerta de entrada al ecosistema Galaxy en un formato premium. Con la pantalla m\u00e1s grande de la serie hasta ahora y biseles m\u00e1s delgados, brindan una experiencia envolvente para todo tipo de actividades, desde entretenimiento hasta estudio y productividad. [&hellip;]","og_url":"https:\/\/www.eldiario.net\/portal\/2025\/04\/14\/samsung-presenta-la-serie-galaxy-tab-s10-fe-con-diseno-premium-y-funciones-inteligentes\/","og_site_name":"El Diario - Bolivia","article_publisher":"https:\/\/www.facebook.com\/eldiario.bolivia\/","article_published_time":"2025-04-14T09:50:59+00:00","og_image":[{"width":1440,"height":960,"url":"https:\/\/www.eldiario.net\/portal\/wp-content\/uploads\/2025\/04\/6-B.jpeg","type":"image\/jpeg"}],"author":"Jeanette","twitter_card":"summary_large_image","twitter_creator":"@eldiario_net","twitter_site":"@eldiario_net","twitter_misc":{"Escrito por":"Jeanette","Tiempo de lectura":"3 minutos"},"schema":{"@context":"https:\/\/schema.org","@graph":[{"@type":"Article","@id":"https:\/\/www.eldiario.net\/portal\/2025\/04\/14\/samsung-presenta-la-serie-galaxy-tab-s10-fe-con-diseno-premium-y-funciones-inteligentes\/#article","isPartOf":{"@id":"https:\/\/www.eldiario.net\/portal\/2025\/04\/14\/samsung-presenta-la-serie-galaxy-tab-s10-fe-con-diseno-premium-y-funciones-inteligentes\/"},"author":{"name":"Jeanette","@id":"https:\/\/www.eldiario.net\/portal\/#\/schema\/person\/f46445640444750d7d753ccd04ae01b7"},"headline":"Samsung presenta la serie Galaxy Tab S10 FE con dise\u00f1o premium y funciones inteligentes","datePublished":"2025-04-14T09:50:59+00:00","mainEntityOfPage":{"@id":"https:\/\/www.eldiario.net\/portal\/2025\/04\/14\/samsung-presenta-la-serie-galaxy-tab-s10-fe-con-diseno-premium-y-funciones-inteligentes\/"},"wordCount":595,"publisher":{"@id":"https:\/\/www.eldiario.net\/portal\/#organization"},"image":{"@id":"https:\/\/www.eldiario.net\/portal\/2025\/04\/14\/samsung-presenta-la-serie-galaxy-tab-s10-fe-con-diseno-premium-y-funciones-inteligentes\/#primaryimage"},"thumbnailUrl":"https:\/\/www.eldiario.net\/portal\/wp-content\/uploads\/2025\/04\/6-B.jpeg","articleSection":["Ciencia y Computaci\u00f3n"],"inLanguage":"es"},{"@type":"WebPage","@id":"https:\/\/www.eldiario.net\/portal\/2025\/04\/14\/samsung-presenta-la-serie-galaxy-tab-s10-fe-con-diseno-premium-y-funciones-inteligentes\/","url":"https:\/\/www.eldiario.net\/portal\/2025\/04\/14\/samsung-presenta-la-serie-galaxy-tab-s10-fe-con-diseno-premium-y-funciones-inteligentes\/","name":"Samsung presenta la serie Galaxy Tab S10 FE con dise\u00f1o premium y funciones inteligentes - El Diario - Bolivia","isPartOf":{"@id":"https:\/\/www.eldiario.net\/portal\/#website"},"primaryImageOfPage":{"@id":"https:\/\/www.eldiario.net\/portal\/2025\/04\/14\/samsung-presenta-la-serie-galaxy-tab-s10-fe-con-diseno-premium-y-funciones-inteligentes\/#primaryimage"},"image":{"@id":"https:\/\/www.eldiario.net\/portal\/2025\/04\/14\/samsung-presenta-la-serie-galaxy-tab-s10-fe-con-diseno-premium-y-funciones-inteligentes\/#primaryimage"},"thumbnailUrl":"https:\/\/www.eldiario.net\/portal\/wp-content\/uploads\/2025\/04\/6-B.jpeg","datePublished":"2025-04-14T09:50:59+00:00","breadcrumb":{"@id":"https:\/\/www.eldiario.net\/portal\/2025\/04\/14\/samsung-presenta-la-serie-galaxy-tab-s10-fe-con-diseno-premium-y-funciones-inteligentes\/#breadcrumb"},"inLanguage":"es","potentialAction":[{"@type":"ReadAction","target":["https:\/\/www.eldiario.net\/portal\/2025\/04\/14\/samsung-presenta-la-serie-galaxy-tab-s10-fe-con-diseno-premium-y-funciones-inteligentes\/"]}]},{"@type":"ImageObject","inLanguage":"es","@id":"https:\/\/www.eldiario.net\/portal\/2025\/04\/14\/samsung-presenta-la-serie-galaxy-tab-s10-fe-con-diseno-premium-y-funciones-inteligentes\/#primaryimage","url":"https:\/\/www.eldiario.net\/portal\/wp-content\/uploads\/2025\/04\/6-B.jpeg","contentUrl":"https:\/\/www.eldiario.net\/portal\/wp-content\/uploads\/2025\/04\/6-B.jpeg","width":1440,"height":960},{"@type":"BreadcrumbList","@id":"https:\/\/www.eldiario.net\/portal\/2025\/04\/14\/samsung-presenta-la-serie-galaxy-tab-s10-fe-con-diseno-premium-y-funciones-inteligentes\/#breadcrumb","itemListElement":[{"@type":"ListItem","position":1,"name":"Portada","item":"https:\/\/www.eldiario.net\/portal\/"},{"@type":"ListItem","position":2,"name":"Samsung presenta la serie Galaxy Tab S10 FE con dise\u00f1o premium y funciones inteligentes"}]},{"@type":"WebSite","@id":"https:\/\/www.eldiario.net\/portal\/#website","url":"https:\/\/www.eldiario.net\/portal\/","name":"El Diario - Decano de la prensa nacional","description":"El Diario - Decano de la prensa nacional","publisher":{"@id":"https:\/\/www.eldiario.net\/portal\/#organization"},"potentialAction":[{"@type":"SearchAction","target":{"@type":"EntryPoint","urlTemplate":"https:\/\/www.eldiario.net\/portal\/?s={search_term_string}"},"query-input":{"@type":"PropertyValueSpecification","valueRequired":true,"valueName":"search_term_string"}}],"inLanguage":"es"},{"@type":"Organization","@id":"https:\/\/www.eldiario.net\/portal\/#organization","name":"El Diario - Decano de la prensa nacional","url":"https:\/\/www.eldiario.net\/portal\/","logo":{"@type":"ImageObject","inLanguage":"es","@id":"https:\/\/www.eldiario.net\/portal\/#\/schema\/logo\/image\/","url":"https:\/\/www.eldiario.net\/portal\/wp-content\/uploads\/2023\/07\/logo_ED.jpg","contentUrl":"https:\/\/www.eldiario.net\/portal\/wp-content\/uploads\/2023\/07\/logo_ED.jpg","width":272,"height":52,"caption":"El Diario - Decano de la prensa nacional"},"image":{"@id":"https:\/\/www.eldiario.net\/portal\/#\/schema\/logo\/image\/"},"sameAs":["https:\/\/www.facebook.com\/eldiario.bolivia\/","https:\/\/x.com\/eldiario_net"]},{"@type":"Person","@id":"https:\/\/www.eldiario.net\/portal\/#\/schema\/person\/f46445640444750d7d753ccd04ae01b7","name":"Jeanette","image":{"@type":"ImageObject","inLanguage":"es","@id":"https:\/\/secure.gravatar.com\/avatar\/3ea2118a5f7dad2b7138b1187a6b7ee55f160b9968b66013c3a3ef39dd7e5798?s=96&d=mm&r=g","url":"https:\/\/secure.gravatar.com\/avatar\/3ea2118a5f7dad2b7138b1187a6b7ee55f160b9968b66013c3a3ef39dd7e5798?s=96&d=mm&r=g","contentUrl":"https:\/\/secure.gravatar.com\/avatar\/3ea2118a5f7dad2b7138b1187a6b7ee55f160b9968b66013c3a3ef39dd7e5798?s=96&d=mm&r=g","caption":"Jeanette"},"sameAs":["https:\/\/www.eldiario.net\/portal"],"url":"https:\/\/www.eldiario.net\/portal\/author\/jeanette\/"}]}},"_links":{"self":[{"href":"https:\/\/www.eldiario.net\/portal\/wp-json\/wp\/v2\/posts\/295365","targetHints":{"allow":["GET"]}}],"collection":[{"href":"https:\/\/www.eldiario.net\/portal\/wp-json\/wp\/v2\/posts"}],"about":[{"href":"https:\/\/www.eldiario.net\/portal\/wp-json\/wp\/v2\/types\/post"}],"author":[{"embeddable":true,"href":"https:\/\/www.eldiario.net\/portal\/wp-json\/wp\/v2\/users\/1"}],"replies":[{"embeddable":true,"href":"https:\/\/www.eldiario.net\/portal\/wp-json\/wp\/v2\/comments?post=295365"}],"version-history":[{"count":1,"href":"https:\/\/www.eldiario.net\/portal\/wp-json\/wp\/v2\/posts\/295365\/revisions"}],"predecessor-version":[{"id":295367,"href":"https:\/\/www.eldiario.net\/portal\/wp-json\/wp\/v2\/posts\/295365\/revisions\/295367"}],"wp:featuredmedia":[{"embeddable":true,"href":"https:\/\/www.eldiario.net\/portal\/wp-json\/wp\/v2\/media\/295366"}],"wp:attachment":[{"href":"https:\/\/www.eldiario.net\/portal\/wp-json\/wp\/v2\/media?parent=295365"}],"wp:term":[{"taxonomy":"category","embeddable":true,"href":"https:\/\/www.eldiario.net\/portal\/wp-json\/wp\/v2\/categories?post=295365"},{"taxonomy":"post_tag","embeddable":true,"href":"https:\/\/www.eldiario.net\/portal\/wp-json\/wp\/v2\/tags?post=295365"}],"curies":[{"name":"wp","href":"https:\/\/api.w.org\/{rel}","templated":true}]}}