{"id":295147,"date":"2025-04-13T08:02:31","date_gmt":"2025-04-13T12:02:31","guid":{"rendered":"https:\/\/www.eldiario.net\/portal\/?p=295147"},"modified":"2025-04-13T08:02:31","modified_gmt":"2025-04-13T12:02:31","slug":"kaiju-no-8-mision-de-reconocimiento","status":"publish","type":"post","link":"https:\/\/www.eldiario.net\/portal\/2025\/04\/13\/kaiju-no-8-mision-de-reconocimiento\/","title":{"rendered":"KAIJU NO. 8: MISI\u00d3N DE RECONOCIMIENTO"},"content":{"rendered":"<p>En un Jap\u00f3n lleno de Kaiju, Kafka Hibino trabaja en la eliminaci\u00f3n de monstruos. Despu\u00e9s de encontrar a su amiga de la infancia Mina Ashiro, una estrella en ascenso en la Fuerza de Defensa Anti-Kaiju, decide retomar su abandonado sue\u00f1o de unirse a la Fuerza&#8230; cuando de repente se transforma en el poderoso Kaiju No. 8. Con la ayuda de su compa\u00f1ero junior Reno Ichikawa, Kafka oculta su identidad mientras lucha por alcanzar su sue\u00f1o de toda la vida: aprobar el examen de la Fuerza de Defensa y estar al lado de Mina. Pero cuando un misterioso Kaiju inteligente ataca una base de la Fuerza de Defensa, Kafka se enfrenta a una decisi\u00f3n crucial en una situaci\u00f3n desesperada&#8230; La pel\u00edcula recopilatoria Kaiju No. 8: misi\u00f3n de reconocimiento presenta un resumen de la primera temporada y un nuevo episodio original \u201cEl d\u00eda libre de Hoshina\u201d Un d\u00eda libre\u2026 un raro d\u00eda de paz para la Fuerza de Defensa. Despu\u00e9s de tanto tiempo entrenando, Reno ha olvidado qu\u00e9 hacer con su tiempo libre. Al darse cuenta de que Hoshina tiene algo planeado para su propio d\u00eda libre, decide embarcarse en una misi\u00f3n para seguirlo junto a Iharu. Pero las cosas toman un giro inesperado&#8230;<br \/>\nDirector: Shigeyuki Miya, Tomomi Kamiya.<\/p>\n","protected":false},"excerpt":{"rendered":"<p>En un Jap\u00f3n lleno de Kaiju, Kafka Hibino trabaja en la eliminaci\u00f3n de monstruos. Despu\u00e9s de encontrar a su amiga de la infancia Mina Ashiro, una estrella en ascenso en la Fuerza de Defensa Anti-Kaiju, decide retomar su abandonado sue\u00f1o de unirse a la Fuerza&#8230; cuando de repente se transforma en el poderoso Kaiju No. [&hellip;]<\/p>\n","protected":false},"author":1,"featured_media":295148,"comment_status":"closed","ping_status":"open","sticky":false,"template":"","format":"standard","meta":{"_acf_changed":false,"footnotes":""},"categories":[45],"tags":[],"class_list":["post-295147","post","type-post","status-publish","format-standard","has-post-thumbnail","category-cine-mundo"],"acf":{"antetitulo":"EN CARTELERA"},"yoast_head":"<!-- This site is optimized with the Yoast SEO plugin v28.3 - https:\/\/yoast.com\/product\/yoast-seo-wordpress\/ -->\n<title>KAIJU NO. 8: MISI\u00d3N DE RECONOCIMIENTO - El Diario - Bolivia<\/title>\n<meta name=\"robots\" content=\"index, follow, max-snippet:-1, max-image-preview:large, max-video-preview:-1\" \/>\n<link rel=\"canonical\" href=\"https:\/\/www.eldiario.net\/portal\/2025\/04\/13\/kaiju-no-8-mision-de-reconocimiento\/\" \/>\n<meta property=\"og:locale\" content=\"es_ES\" \/>\n<meta property=\"og:type\" content=\"article\" \/>\n<meta property=\"og:title\" content=\"KAIJU NO. 8: MISI\u00d3N DE RECONOCIMIENTO - El Diario - Bolivia\" \/>\n<meta property=\"og:description\" content=\"En un Jap\u00f3n lleno de Kaiju, Kafka Hibino trabaja en la eliminaci\u00f3n de monstruos. Despu\u00e9s de encontrar a su amiga de la infancia Mina Ashiro, una estrella en ascenso en la Fuerza de Defensa Anti-Kaiju, decide retomar su abandonado sue\u00f1o de unirse a la Fuerza&#8230; cuando de repente se transforma en el poderoso Kaiju No. [&hellip;]\" \/>\n<meta property=\"og:url\" content=\"https:\/\/www.eldiario.net\/portal\/2025\/04\/13\/kaiju-no-8-mision-de-reconocimiento\/\" \/>\n<meta property=\"og:site_name\" content=\"El Diario - Bolivia\" \/>\n<meta property=\"article:publisher\" content=\"https:\/\/www.facebook.com\/eldiario.bolivia\/\" \/>\n<meta property=\"article:published_time\" content=\"2025-04-13T12:02:31+00:00\" \/>\n<meta property=\"og:image\" content=\"https:\/\/www.eldiario.net\/portal\/wp-content\/uploads\/2025\/04\/KAIJU-NO.jpg\" \/>\n\t<meta property=\"og:image:width\" content=\"1200\" \/>\n\t<meta property=\"og:image:height\" content=\"1696\" \/>\n\t<meta property=\"og:image:type\" content=\"image\/jpeg\" \/>\n<meta name=\"author\" content=\"Jeanette\" \/>\n<meta name=\"twitter:card\" content=\"summary_large_image\" \/>\n<meta name=\"twitter:creator\" content=\"@eldiario_net\" \/>\n<meta name=\"twitter:site\" content=\"@eldiario_net\" \/>\n<meta name=\"twitter:label1\" content=\"Escrito por\" \/>\n\t<meta name=\"twitter:data1\" content=\"Jeanette\" \/>\n\t<meta name=\"twitter:label2\" content=\"Tiempo de lectura\" \/>\n\t<meta name=\"twitter:data2\" content=\"1 minuto\" \/>\n<script type=\"application\/ld+json\" class=\"yoast-schema-graph\">{\"@context\":\"https:\\\/\\\/schema.org\",\"@graph\":[{\"@type\":\"Article\",\"@id\":\"https:\\\/\\\/www.eldiario.net\\\/portal\\\/2025\\\/04\\\/13\\\/kaiju-no-8-mision-de-reconocimiento\\\/#article\",\"isPartOf\":{\"@id\":\"https:\\\/\\\/www.eldiario.net\\\/portal\\\/2025\\\/04\\\/13\\\/kaiju-no-8-mision-de-reconocimiento\\\/\"},\"author\":{\"name\":\"Jeanette\",\"@id\":\"https:\\\/\\\/www.eldiario.net\\\/portal\\\/#\\\/schema\\\/person\\\/f46445640444750d7d753ccd04ae01b7\"},\"headline\":\"KAIJU NO. 8: MISI\u00d3N DE RECONOCIMIENTO\",\"datePublished\":\"2025-04-13T12:02:31+00:00\",\"mainEntityOfPage\":{\"@id\":\"https:\\\/\\\/www.eldiario.net\\\/portal\\\/2025\\\/04\\\/13\\\/kaiju-no-8-mision-de-reconocimiento\\\/\"},\"wordCount\":227,\"publisher\":{\"@id\":\"https:\\\/\\\/www.eldiario.net\\\/portal\\\/#organization\"},\"image\":{\"@id\":\"https:\\\/\\\/www.eldiario.net\\\/portal\\\/2025\\\/04\\\/13\\\/kaiju-no-8-mision-de-reconocimiento\\\/#primaryimage\"},\"thumbnailUrl\":\"https:\\\/\\\/www.eldiario.net\\\/portal\\\/wp-content\\\/uploads\\\/2025\\\/04\\\/KAIJU-NO.jpg\",\"articleSection\":[\"Cine Mundo\"],\"inLanguage\":\"es\"},{\"@type\":\"WebPage\",\"@id\":\"https:\\\/\\\/www.eldiario.net\\\/portal\\\/2025\\\/04\\\/13\\\/kaiju-no-8-mision-de-reconocimiento\\\/\",\"url\":\"https:\\\/\\\/www.eldiario.net\\\/portal\\\/2025\\\/04\\\/13\\\/kaiju-no-8-mision-de-reconocimiento\\\/\",\"name\":\"KAIJU NO. 8: MISI\u00d3N DE RECONOCIMIENTO - El Diario - Bolivia\",\"isPartOf\":{\"@id\":\"https:\\\/\\\/www.eldiario.net\\\/portal\\\/#website\"},\"primaryImageOfPage\":{\"@id\":\"https:\\\/\\\/www.eldiario.net\\\/portal\\\/2025\\\/04\\\/13\\\/kaiju-no-8-mision-de-reconocimiento\\\/#primaryimage\"},\"image\":{\"@id\":\"https:\\\/\\\/www.eldiario.net\\\/portal\\\/2025\\\/04\\\/13\\\/kaiju-no-8-mision-de-reconocimiento\\\/#primaryimage\"},\"thumbnailUrl\":\"https:\\\/\\\/www.eldiario.net\\\/portal\\\/wp-content\\\/uploads\\\/2025\\\/04\\\/KAIJU-NO.jpg\",\"datePublished\":\"2025-04-13T12:02:31+00:00\",\"breadcrumb\":{\"@id\":\"https:\\\/\\\/www.eldiario.net\\\/portal\\\/2025\\\/04\\\/13\\\/kaiju-no-8-mision-de-reconocimiento\\\/#breadcrumb\"},\"inLanguage\":\"es\",\"potentialAction\":[{\"@type\":\"ReadAction\",\"target\":[\"https:\\\/\\\/www.eldiario.net\\\/portal\\\/2025\\\/04\\\/13\\\/kaiju-no-8-mision-de-reconocimiento\\\/\"]}]},{\"@type\":\"ImageObject\",\"inLanguage\":\"es\",\"@id\":\"https:\\\/\\\/www.eldiario.net\\\/portal\\\/2025\\\/04\\\/13\\\/kaiju-no-8-mision-de-reconocimiento\\\/#primaryimage\",\"url\":\"https:\\\/\\\/www.eldiario.net\\\/portal\\\/wp-content\\\/uploads\\\/2025\\\/04\\\/KAIJU-NO.jpg\",\"contentUrl\":\"https:\\\/\\\/www.eldiario.net\\\/portal\\\/wp-content\\\/uploads\\\/2025\\\/04\\\/KAIJU-NO.jpg\",\"width\":1200,\"height\":1696},{\"@type\":\"BreadcrumbList\",\"@id\":\"https:\\\/\\\/www.eldiario.net\\\/portal\\\/2025\\\/04\\\/13\\\/kaiju-no-8-mision-de-reconocimiento\\\/#breadcrumb\",\"itemListElement\":[{\"@type\":\"ListItem\",\"position\":1,\"name\":\"Portada\",\"item\":\"https:\\\/\\\/www.eldiario.net\\\/portal\\\/\"},{\"@type\":\"ListItem\",\"position\":2,\"name\":\"KAIJU NO. 8: MISI\u00d3N DE RECONOCIMIENTO\"}]},{\"@type\":\"WebSite\",\"@id\":\"https:\\\/\\\/www.eldiario.net\\\/portal\\\/#website\",\"url\":\"https:\\\/\\\/www.eldiario.net\\\/portal\\\/\",\"name\":\"El Diario - Decano de la prensa nacional\",\"description\":\"El Diario - Decano de la prensa nacional\",\"publisher\":{\"@id\":\"https:\\\/\\\/www.eldiario.net\\\/portal\\\/#organization\"},\"potentialAction\":[{\"@type\":\"SearchAction\",\"target\":{\"@type\":\"EntryPoint\",\"urlTemplate\":\"https:\\\/\\\/www.eldiario.net\\\/portal\\\/?s={search_term_string}\"},\"query-input\":{\"@type\":\"PropertyValueSpecification\",\"valueRequired\":true,\"valueName\":\"search_term_string\"}}],\"inLanguage\":\"es\"},{\"@type\":\"Organization\",\"@id\":\"https:\\\/\\\/www.eldiario.net\\\/portal\\\/#organization\",\"name\":\"El Diario - Decano de la prensa nacional\",\"url\":\"https:\\\/\\\/www.eldiario.net\\\/portal\\\/\",\"logo\":{\"@type\":\"ImageObject\",\"inLanguage\":\"es\",\"@id\":\"https:\\\/\\\/www.eldiario.net\\\/portal\\\/#\\\/schema\\\/logo\\\/image\\\/\",\"url\":\"https:\\\/\\\/www.eldiario.net\\\/portal\\\/wp-content\\\/uploads\\\/2023\\\/07\\\/logo_ED.jpg\",\"contentUrl\":\"https:\\\/\\\/www.eldiario.net\\\/portal\\\/wp-content\\\/uploads\\\/2023\\\/07\\\/logo_ED.jpg\",\"width\":272,\"height\":52,\"caption\":\"El Diario - Decano de la prensa nacional\"},\"image\":{\"@id\":\"https:\\\/\\\/www.eldiario.net\\\/portal\\\/#\\\/schema\\\/logo\\\/image\\\/\"},\"sameAs\":[\"https:\\\/\\\/www.facebook.com\\\/eldiario.bolivia\\\/\",\"https:\\\/\\\/x.com\\\/eldiario_net\"]},{\"@type\":\"Person\",\"@id\":\"https:\\\/\\\/www.eldiario.net\\\/portal\\\/#\\\/schema\\\/person\\\/f46445640444750d7d753ccd04ae01b7\",\"name\":\"Jeanette\",\"image\":{\"@type\":\"ImageObject\",\"inLanguage\":\"es\",\"@id\":\"https:\\\/\\\/secure.gravatar.com\\\/avatar\\\/3ea2118a5f7dad2b7138b1187a6b7ee55f160b9968b66013c3a3ef39dd7e5798?s=96&d=mm&r=g\",\"url\":\"https:\\\/\\\/secure.gravatar.com\\\/avatar\\\/3ea2118a5f7dad2b7138b1187a6b7ee55f160b9968b66013c3a3ef39dd7e5798?s=96&d=mm&r=g\",\"contentUrl\":\"https:\\\/\\\/secure.gravatar.com\\\/avatar\\\/3ea2118a5f7dad2b7138b1187a6b7ee55f160b9968b66013c3a3ef39dd7e5798?s=96&d=mm&r=g\",\"caption\":\"Jeanette\"},\"sameAs\":[\"https:\\\/\\\/www.eldiario.net\\\/portal\"],\"url\":\"https:\\\/\\\/www.eldiario.net\\\/portal\\\/author\\\/jeanette\\\/\"}]}<\/script>\n<!-- \/ Yoast SEO plugin. -->","yoast_head_json":{"title":"KAIJU NO. 8: MISI\u00d3N DE RECONOCIMIENTO - El Diario - Bolivia","robots":{"index":"index","follow":"follow","max-snippet":"max-snippet:-1","max-image-preview":"max-image-preview:large","max-video-preview":"max-video-preview:-1"},"canonical":"https:\/\/www.eldiario.net\/portal\/2025\/04\/13\/kaiju-no-8-mision-de-reconocimiento\/","og_locale":"es_ES","og_type":"article","og_title":"KAIJU NO. 8: MISI\u00d3N DE RECONOCIMIENTO - El Diario - Bolivia","og_description":"En un Jap\u00f3n lleno de Kaiju, Kafka Hibino trabaja en la eliminaci\u00f3n de monstruos. Despu\u00e9s de encontrar a su amiga de la infancia Mina Ashiro, una estrella en ascenso en la Fuerza de Defensa Anti-Kaiju, decide retomar su abandonado sue\u00f1o de unirse a la Fuerza&#8230; cuando de repente se transforma en el poderoso Kaiju No. [&hellip;]","og_url":"https:\/\/www.eldiario.net\/portal\/2025\/04\/13\/kaiju-no-8-mision-de-reconocimiento\/","og_site_name":"El Diario - Bolivia","article_publisher":"https:\/\/www.facebook.com\/eldiario.bolivia\/","article_published_time":"2025-04-13T12:02:31+00:00","og_image":[{"width":1200,"height":1696,"url":"https:\/\/www.eldiario.net\/portal\/wp-content\/uploads\/2025\/04\/KAIJU-NO.jpg","type":"image\/jpeg"}],"author":"Jeanette","twitter_card":"summary_large_image","twitter_creator":"@eldiario_net","twitter_site":"@eldiario_net","twitter_misc":{"Escrito por":"Jeanette","Tiempo de lectura":"1 minuto"},"schema":{"@context":"https:\/\/schema.org","@graph":[{"@type":"Article","@id":"https:\/\/www.eldiario.net\/portal\/2025\/04\/13\/kaiju-no-8-mision-de-reconocimiento\/#article","isPartOf":{"@id":"https:\/\/www.eldiario.net\/portal\/2025\/04\/13\/kaiju-no-8-mision-de-reconocimiento\/"},"author":{"name":"Jeanette","@id":"https:\/\/www.eldiario.net\/portal\/#\/schema\/person\/f46445640444750d7d753ccd04ae01b7"},"headline":"KAIJU NO. 8: MISI\u00d3N DE RECONOCIMIENTO","datePublished":"2025-04-13T12:02:31+00:00","mainEntityOfPage":{"@id":"https:\/\/www.eldiario.net\/portal\/2025\/04\/13\/kaiju-no-8-mision-de-reconocimiento\/"},"wordCount":227,"publisher":{"@id":"https:\/\/www.eldiario.net\/portal\/#organization"},"image":{"@id":"https:\/\/www.eldiario.net\/portal\/2025\/04\/13\/kaiju-no-8-mision-de-reconocimiento\/#primaryimage"},"thumbnailUrl":"https:\/\/www.eldiario.net\/portal\/wp-content\/uploads\/2025\/04\/KAIJU-NO.jpg","articleSection":["Cine Mundo"],"inLanguage":"es"},{"@type":"WebPage","@id":"https:\/\/www.eldiario.net\/portal\/2025\/04\/13\/kaiju-no-8-mision-de-reconocimiento\/","url":"https:\/\/www.eldiario.net\/portal\/2025\/04\/13\/kaiju-no-8-mision-de-reconocimiento\/","name":"KAIJU NO. 8: MISI\u00d3N DE RECONOCIMIENTO - El Diario - Bolivia","isPartOf":{"@id":"https:\/\/www.eldiario.net\/portal\/#website"},"primaryImageOfPage":{"@id":"https:\/\/www.eldiario.net\/portal\/2025\/04\/13\/kaiju-no-8-mision-de-reconocimiento\/#primaryimage"},"image":{"@id":"https:\/\/www.eldiario.net\/portal\/2025\/04\/13\/kaiju-no-8-mision-de-reconocimiento\/#primaryimage"},"thumbnailUrl":"https:\/\/www.eldiario.net\/portal\/wp-content\/uploads\/2025\/04\/KAIJU-NO.jpg","datePublished":"2025-04-13T12:02:31+00:00","breadcrumb":{"@id":"https:\/\/www.eldiario.net\/portal\/2025\/04\/13\/kaiju-no-8-mision-de-reconocimiento\/#breadcrumb"},"inLanguage":"es","potentialAction":[{"@type":"ReadAction","target":["https:\/\/www.eldiario.net\/portal\/2025\/04\/13\/kaiju-no-8-mision-de-reconocimiento\/"]}]},{"@type":"ImageObject","inLanguage":"es","@id":"https:\/\/www.eldiario.net\/portal\/2025\/04\/13\/kaiju-no-8-mision-de-reconocimiento\/#primaryimage","url":"https:\/\/www.eldiario.net\/portal\/wp-content\/uploads\/2025\/04\/KAIJU-NO.jpg","contentUrl":"https:\/\/www.eldiario.net\/portal\/wp-content\/uploads\/2025\/04\/KAIJU-NO.jpg","width":1200,"height":1696},{"@type":"BreadcrumbList","@id":"https:\/\/www.eldiario.net\/portal\/2025\/04\/13\/kaiju-no-8-mision-de-reconocimiento\/#breadcrumb","itemListElement":[{"@type":"ListItem","position":1,"name":"Portada","item":"https:\/\/www.eldiario.net\/portal\/"},{"@type":"ListItem","position":2,"name":"KAIJU NO. 8: MISI\u00d3N DE RECONOCIMIENTO"}]},{"@type":"WebSite","@id":"https:\/\/www.eldiario.net\/portal\/#website","url":"https:\/\/www.eldiario.net\/portal\/","name":"El Diario - Decano de la prensa nacional","description":"El Diario - Decano de la prensa nacional","publisher":{"@id":"https:\/\/www.eldiario.net\/portal\/#organization"},"potentialAction":[{"@type":"SearchAction","target":{"@type":"EntryPoint","urlTemplate":"https:\/\/www.eldiario.net\/portal\/?s={search_term_string}"},"query-input":{"@type":"PropertyValueSpecification","valueRequired":true,"valueName":"search_term_string"}}],"inLanguage":"es"},{"@type":"Organization","@id":"https:\/\/www.eldiario.net\/portal\/#organization","name":"El Diario - Decano de la prensa nacional","url":"https:\/\/www.eldiario.net\/portal\/","logo":{"@type":"ImageObject","inLanguage":"es","@id":"https:\/\/www.eldiario.net\/portal\/#\/schema\/logo\/image\/","url":"https:\/\/www.eldiario.net\/portal\/wp-content\/uploads\/2023\/07\/logo_ED.jpg","contentUrl":"https:\/\/www.eldiario.net\/portal\/wp-content\/uploads\/2023\/07\/logo_ED.jpg","width":272,"height":52,"caption":"El Diario - Decano de la prensa nacional"},"image":{"@id":"https:\/\/www.eldiario.net\/portal\/#\/schema\/logo\/image\/"},"sameAs":["https:\/\/www.facebook.com\/eldiario.bolivia\/","https:\/\/x.com\/eldiario_net"]},{"@type":"Person","@id":"https:\/\/www.eldiario.net\/portal\/#\/schema\/person\/f46445640444750d7d753ccd04ae01b7","name":"Jeanette","image":{"@type":"ImageObject","inLanguage":"es","@id":"https:\/\/secure.gravatar.com\/avatar\/3ea2118a5f7dad2b7138b1187a6b7ee55f160b9968b66013c3a3ef39dd7e5798?s=96&d=mm&r=g","url":"https:\/\/secure.gravatar.com\/avatar\/3ea2118a5f7dad2b7138b1187a6b7ee55f160b9968b66013c3a3ef39dd7e5798?s=96&d=mm&r=g","contentUrl":"https:\/\/secure.gravatar.com\/avatar\/3ea2118a5f7dad2b7138b1187a6b7ee55f160b9968b66013c3a3ef39dd7e5798?s=96&d=mm&r=g","caption":"Jeanette"},"sameAs":["https:\/\/www.eldiario.net\/portal"],"url":"https:\/\/www.eldiario.net\/portal\/author\/jeanette\/"}]}},"_links":{"self":[{"href":"https:\/\/www.eldiario.net\/portal\/wp-json\/wp\/v2\/posts\/295147","targetHints":{"allow":["GET"]}}],"collection":[{"href":"https:\/\/www.eldiario.net\/portal\/wp-json\/wp\/v2\/posts"}],"about":[{"href":"https:\/\/www.eldiario.net\/portal\/wp-json\/wp\/v2\/types\/post"}],"author":[{"embeddable":true,"href":"https:\/\/www.eldiario.net\/portal\/wp-json\/wp\/v2\/users\/1"}],"replies":[{"embeddable":true,"href":"https:\/\/www.eldiario.net\/portal\/wp-json\/wp\/v2\/comments?post=295147"}],"version-history":[{"count":1,"href":"https:\/\/www.eldiario.net\/portal\/wp-json\/wp\/v2\/posts\/295147\/revisions"}],"predecessor-version":[{"id":295149,"href":"https:\/\/www.eldiario.net\/portal\/wp-json\/wp\/v2\/posts\/295147\/revisions\/295149"}],"wp:featuredmedia":[{"embeddable":true,"href":"https:\/\/www.eldiario.net\/portal\/wp-json\/wp\/v2\/media\/295148"}],"wp:attachment":[{"href":"https:\/\/www.eldiario.net\/portal\/wp-json\/wp\/v2\/media?parent=295147"}],"wp:term":[{"taxonomy":"category","embeddable":true,"href":"https:\/\/www.eldiario.net\/portal\/wp-json\/wp\/v2\/categories?post=295147"},{"taxonomy":"post_tag","embeddable":true,"href":"https:\/\/www.eldiario.net\/portal\/wp-json\/wp\/v2\/tags?post=295147"}],"curies":[{"name":"wp","href":"https:\/\/api.w.org\/{rel}","templated":true}]}}