{"id":2951,"date":"2021-05-10T04:17:34","date_gmt":"2021-05-10T08:17:34","guid":{"rendered":"https:\/\/www.eldiario.net\/portal\/?p=2951"},"modified":"2021-05-10T04:17:34","modified_gmt":"2021-05-10T08:17:34","slug":"casi-20-de-vecinos-del-d-8-carece-de-servicios-basicos","status":"publish","type":"post","link":"https:\/\/www.eldiario.net\/portal\/2021\/05\/10\/casi-20-de-vecinos-del-d-8-carece-de-servicios-basicos\/","title":{"rendered":"Casi 20 % de vecinos del D-8  carece de servicios b\u00e1sicos"},"content":{"rendered":"<p>La preocupaci\u00f3n de los habitantes del Distrito-8 de la urbe alte\u00f1a es este porcentaje de familias que contin\u00faan utilizando pozos s\u00e9pticos, debido a que a los barrios alejados todav\u00eda no han llegado los servicios b\u00e1sicos, indic\u00f3 el dirigente Roberto Menacho.<br \/>\nLa preocupaci\u00f3n de los vecinos de estos barrios, que la mayor\u00eda se encuentran en zonas alejadas es la falta de este servicio, donde el uso de los pozos ciegos significan un riesgo para la salud de sus habitantes, porque los olores que despiden son inevitables, adem\u00e1s de la inversi\u00f3n econ\u00f3mica de cada seis meses para el vaciados de estos pozos.<br \/>\n\u201cEs una pena para nosotros que a pesar de ser el distrito que m\u00e1s zonas tienen y fue uno de los sectores que ha luchado por muchas de las reivindicaciones de nuestra ciudad, todav\u00eda contin\u00fae siendo olvidado por las autoridades municipales y nacionales, y no solo en este tema de los servicios b\u00e1sicos, sino en muchas otras necesidades\u201d, se\u00f1al\u00f3 el dirigente Menacho.<br \/>\nUno de los principales problemas que perjudic\u00f3 la ejecuci\u00f3n de obras de infraestructura en este distrito es el apoyo de las autoridades municipales, que seg\u00fan los propios vecinos muchas de las obras en la ciudad de El Alto fueron politizadas por el Gobierno Municipal saliente de Soledad Chapet\u00f3n, quien prioriz\u00f3 algunos de los trabajos en este sentido para aquellos barrios que apoyaron su gesti\u00f3n.<br \/>\nDe esta manera, en el momento el 30 % de las calles y avenidas troncales que conectan con otros distritos, carecen de la implementaci\u00f3n de adoquinados, donde inclusive la avenida que conecta con las v\u00edas principales de la urbe como es la 6 de Marzo no cuenta con este mejoramiento.<br \/>\n\u201cPodemos decir que sectores como Parcopata, Copacabana, Ventilla y muchos otros no cuentan con el mejoramiento de v\u00edas, por lo que este tema se convierte en una preocupaci\u00f3n, porque la tierra y el barro, as\u00ed como las aguas en la \u00e9poca de lluvias, se convierte en un verdadero problemas para los vecinos, con riesgos de hasta inundaciones que se han sufrido en \u00e9pocas pasadas\u201d, dijo el dirigente del Distrito 8.<br \/>\nOtro de los problemas que atraviesan los barrios de este sector de la poblaci\u00f3n alte\u00f1a es la falta de alumbrado p\u00fablico en sus calles, lo que hace que los riesgos de un atraco o el robo en las casas son a diario, adem\u00e1s de la carencia de la presencia policial.<br \/>\nPara m\u00e1s de 250.000 habitantes de ese distrito, solo existe un m\u00f3dulo policial que con el poco personal que cuenta no abastece para resguardar la integridad f\u00edsica de los vecinos, que poco pueden hacer para contrarrestar a la delincuencia.<br \/>\nAl momento existe una nueva Federaci\u00f3n de Juntas Vecinales, denominada, Fejuve del Sur, que pretende realizar muchos trabajos en favor de este sector, debido a que las anteriores y las actuales paralelas y divididas, poco o nada han trabajado en favor de todos los barrios alte\u00f1os, donde sus dirigentes solo se dedicaron a manejar esta instituci\u00f3n de los vecinos de manera pol\u00edtica, siendo que de esta manera muchos otros distritos municipales fueron olvidados.<\/p>\n","protected":false},"excerpt":{"rendered":"<p>La preocupaci\u00f3n de los habitantes del Distrito-8 de la urbe alte\u00f1a es este porcentaje de familias que contin\u00faan utilizando pozos s\u00e9pticos, debido a que a los barrios alejados todav\u00eda no han llegado los servicios b\u00e1sicos, indic\u00f3 el dirigente Roberto Menacho. La preocupaci\u00f3n de los vecinos de estos barrios, que la mayor\u00eda se encuentran en zonas [&hellip;]<\/p>\n","protected":false},"author":1,"featured_media":2952,"comment_status":"closed","ping_status":"open","sticky":false,"template":"","format":"standard","meta":{"_acf_changed":false,"footnotes":""},"categories":[12],"tags":[],"class_list":["post-2951","post","type-post","status-publish","format-standard","has-post-thumbnail","category-nacional"],"acf":{"antetitulo":""},"yoast_head":"<!-- This site is optimized with the Yoast SEO plugin v28.3 - https:\/\/yoast.com\/product\/yoast-seo-wordpress\/ -->\n<title>Casi 20 % de vecinos del D-8 carece de servicios b\u00e1sicos - El Diario - Bolivia<\/title>\n<meta name=\"robots\" content=\"index, follow, max-snippet:-1, max-image-preview:large, max-video-preview:-1\" \/>\n<link rel=\"canonical\" href=\"https:\/\/www.eldiario.net\/portal\/2021\/05\/10\/casi-20-de-vecinos-del-d-8-carece-de-servicios-basicos\/\" \/>\n<meta property=\"og:locale\" content=\"es_ES\" \/>\n<meta property=\"og:type\" content=\"article\" \/>\n<meta property=\"og:title\" content=\"Casi 20 % de vecinos del D-8 carece de servicios b\u00e1sicos - El Diario - Bolivia\" \/>\n<meta property=\"og:description\" content=\"La preocupaci\u00f3n de los habitantes del Distrito-8 de la urbe alte\u00f1a es este porcentaje de familias que contin\u00faan utilizando pozos s\u00e9pticos, debido a que a los barrios alejados todav\u00eda no han llegado los servicios b\u00e1sicos, indic\u00f3 el dirigente Roberto Menacho. La preocupaci\u00f3n de los vecinos de estos barrios, que la mayor\u00eda se encuentran en zonas [&hellip;]\" \/>\n<meta property=\"og:url\" content=\"https:\/\/www.eldiario.net\/portal\/2021\/05\/10\/casi-20-de-vecinos-del-d-8-carece-de-servicios-basicos\/\" \/>\n<meta property=\"og:site_name\" content=\"El Diario - Bolivia\" \/>\n<meta property=\"article:publisher\" content=\"https:\/\/www.facebook.com\/eldiario.bolivia\/\" \/>\n<meta property=\"article:published_time\" content=\"2021-05-10T08:17:34+00:00\" \/>\n<meta name=\"author\" content=\"Jeanette\" \/>\n<meta name=\"twitter:card\" content=\"summary_large_image\" \/>\n<meta name=\"twitter:creator\" content=\"@eldiario_net\" \/>\n<meta name=\"twitter:site\" content=\"@eldiario_net\" \/>\n<meta name=\"twitter:label1\" content=\"Escrito por\" \/>\n\t<meta name=\"twitter:data1\" content=\"Jeanette\" \/>\n\t<meta name=\"twitter:label2\" content=\"Tiempo de lectura\" \/>\n\t<meta name=\"twitter:data2\" content=\"3 minutos\" \/>\n<script type=\"application\/ld+json\" class=\"yoast-schema-graph\">{\"@context\":\"https:\\\/\\\/schema.org\",\"@graph\":[{\"@type\":\"Article\",\"@id\":\"https:\\\/\\\/www.eldiario.net\\\/portal\\\/2021\\\/05\\\/10\\\/casi-20-de-vecinos-del-d-8-carece-de-servicios-basicos\\\/#article\",\"isPartOf\":{\"@id\":\"https:\\\/\\\/www.eldiario.net\\\/portal\\\/2021\\\/05\\\/10\\\/casi-20-de-vecinos-del-d-8-carece-de-servicios-basicos\\\/\"},\"author\":{\"name\":\"Jeanette\",\"@id\":\"https:\\\/\\\/www.eldiario.net\\\/portal\\\/#\\\/schema\\\/person\\\/f46445640444750d7d753ccd04ae01b7\"},\"headline\":\"Casi 20 % de vecinos del D-8 carece de servicios b\u00e1sicos\",\"datePublished\":\"2021-05-10T08:17:34+00:00\",\"mainEntityOfPage\":{\"@id\":\"https:\\\/\\\/www.eldiario.net\\\/portal\\\/2021\\\/05\\\/10\\\/casi-20-de-vecinos-del-d-8-carece-de-servicios-basicos\\\/\"},\"wordCount\":548,\"publisher\":{\"@id\":\"https:\\\/\\\/www.eldiario.net\\\/portal\\\/#organization\"},\"image\":{\"@id\":\"https:\\\/\\\/www.eldiario.net\\\/portal\\\/2021\\\/05\\\/10\\\/casi-20-de-vecinos-del-d-8-carece-de-servicios-basicos\\\/#primaryimage\"},\"thumbnailUrl\":\"\",\"articleSection\":[\"Nacional\"],\"inLanguage\":\"es\"},{\"@type\":\"WebPage\",\"@id\":\"https:\\\/\\\/www.eldiario.net\\\/portal\\\/2021\\\/05\\\/10\\\/casi-20-de-vecinos-del-d-8-carece-de-servicios-basicos\\\/\",\"url\":\"https:\\\/\\\/www.eldiario.net\\\/portal\\\/2021\\\/05\\\/10\\\/casi-20-de-vecinos-del-d-8-carece-de-servicios-basicos\\\/\",\"name\":\"Casi 20 % de vecinos del D-8 carece de servicios b\u00e1sicos - El Diario - Bolivia\",\"isPartOf\":{\"@id\":\"https:\\\/\\\/www.eldiario.net\\\/portal\\\/#website\"},\"primaryImageOfPage\":{\"@id\":\"https:\\\/\\\/www.eldiario.net\\\/portal\\\/2021\\\/05\\\/10\\\/casi-20-de-vecinos-del-d-8-carece-de-servicios-basicos\\\/#primaryimage\"},\"image\":{\"@id\":\"https:\\\/\\\/www.eldiario.net\\\/portal\\\/2021\\\/05\\\/10\\\/casi-20-de-vecinos-del-d-8-carece-de-servicios-basicos\\\/#primaryimage\"},\"thumbnailUrl\":\"\",\"datePublished\":\"2021-05-10T08:17:34+00:00\",\"breadcrumb\":{\"@id\":\"https:\\\/\\\/www.eldiario.net\\\/portal\\\/2021\\\/05\\\/10\\\/casi-20-de-vecinos-del-d-8-carece-de-servicios-basicos\\\/#breadcrumb\"},\"inLanguage\":\"es\",\"potentialAction\":[{\"@type\":\"ReadAction\",\"target\":[\"https:\\\/\\\/www.eldiario.net\\\/portal\\\/2021\\\/05\\\/10\\\/casi-20-de-vecinos-del-d-8-carece-de-servicios-basicos\\\/\"]}]},{\"@type\":\"ImageObject\",\"inLanguage\":\"es\",\"@id\":\"https:\\\/\\\/www.eldiario.net\\\/portal\\\/2021\\\/05\\\/10\\\/casi-20-de-vecinos-del-d-8-carece-de-servicios-basicos\\\/#primaryimage\",\"url\":\"\",\"contentUrl\":\"\"},{\"@type\":\"BreadcrumbList\",\"@id\":\"https:\\\/\\\/www.eldiario.net\\\/portal\\\/2021\\\/05\\\/10\\\/casi-20-de-vecinos-del-d-8-carece-de-servicios-basicos\\\/#breadcrumb\",\"itemListElement\":[{\"@type\":\"ListItem\",\"position\":1,\"name\":\"Portada\",\"item\":\"https:\\\/\\\/www.eldiario.net\\\/portal\\\/\"},{\"@type\":\"ListItem\",\"position\":2,\"name\":\"Casi 20 % de vecinos del D-8 carece de servicios b\u00e1sicos\"}]},{\"@type\":\"WebSite\",\"@id\":\"https:\\\/\\\/www.eldiario.net\\\/portal\\\/#website\",\"url\":\"https:\\\/\\\/www.eldiario.net\\\/portal\\\/\",\"name\":\"El Diario - Decano de la prensa nacional\",\"description\":\"El Diario - Decano de la prensa nacional\",\"publisher\":{\"@id\":\"https:\\\/\\\/www.eldiario.net\\\/portal\\\/#organization\"},\"potentialAction\":[{\"@type\":\"SearchAction\",\"target\":{\"@type\":\"EntryPoint\",\"urlTemplate\":\"https:\\\/\\\/www.eldiario.net\\\/portal\\\/?s={search_term_string}\"},\"query-input\":{\"@type\":\"PropertyValueSpecification\",\"valueRequired\":true,\"valueName\":\"search_term_string\"}}],\"inLanguage\":\"es\"},{\"@type\":\"Organization\",\"@id\":\"https:\\\/\\\/www.eldiario.net\\\/portal\\\/#organization\",\"name\":\"El Diario - Decano de la prensa nacional\",\"url\":\"https:\\\/\\\/www.eldiario.net\\\/portal\\\/\",\"logo\":{\"@type\":\"ImageObject\",\"inLanguage\":\"es\",\"@id\":\"https:\\\/\\\/www.eldiario.net\\\/portal\\\/#\\\/schema\\\/logo\\\/image\\\/\",\"url\":\"https:\\\/\\\/www.eldiario.net\\\/portal\\\/wp-content\\\/uploads\\\/2023\\\/07\\\/logo_ED.jpg\",\"contentUrl\":\"https:\\\/\\\/www.eldiario.net\\\/portal\\\/wp-content\\\/uploads\\\/2023\\\/07\\\/logo_ED.jpg\",\"width\":272,\"height\":52,\"caption\":\"El Diario - Decano de la prensa nacional\"},\"image\":{\"@id\":\"https:\\\/\\\/www.eldiario.net\\\/portal\\\/#\\\/schema\\\/logo\\\/image\\\/\"},\"sameAs\":[\"https:\\\/\\\/www.facebook.com\\\/eldiario.bolivia\\\/\",\"https:\\\/\\\/x.com\\\/eldiario_net\"]},{\"@type\":\"Person\",\"@id\":\"https:\\\/\\\/www.eldiario.net\\\/portal\\\/#\\\/schema\\\/person\\\/f46445640444750d7d753ccd04ae01b7\",\"name\":\"Jeanette\",\"image\":{\"@type\":\"ImageObject\",\"inLanguage\":\"es\",\"@id\":\"https:\\\/\\\/secure.gravatar.com\\\/avatar\\\/3ea2118a5f7dad2b7138b1187a6b7ee55f160b9968b66013c3a3ef39dd7e5798?s=96&d=mm&r=g\",\"url\":\"https:\\\/\\\/secure.gravatar.com\\\/avatar\\\/3ea2118a5f7dad2b7138b1187a6b7ee55f160b9968b66013c3a3ef39dd7e5798?s=96&d=mm&r=g\",\"contentUrl\":\"https:\\\/\\\/secure.gravatar.com\\\/avatar\\\/3ea2118a5f7dad2b7138b1187a6b7ee55f160b9968b66013c3a3ef39dd7e5798?s=96&d=mm&r=g\",\"caption\":\"Jeanette\"},\"sameAs\":[\"https:\\\/\\\/www.eldiario.net\\\/portal\"],\"url\":\"https:\\\/\\\/www.eldiario.net\\\/portal\\\/author\\\/jeanette\\\/\"}]}<\/script>\n<!-- \/ Yoast SEO plugin. -->","yoast_head_json":{"title":"Casi 20 % de vecinos del D-8 carece de servicios b\u00e1sicos - El Diario - Bolivia","robots":{"index":"index","follow":"follow","max-snippet":"max-snippet:-1","max-image-preview":"max-image-preview:large","max-video-preview":"max-video-preview:-1"},"canonical":"https:\/\/www.eldiario.net\/portal\/2021\/05\/10\/casi-20-de-vecinos-del-d-8-carece-de-servicios-basicos\/","og_locale":"es_ES","og_type":"article","og_title":"Casi 20 % de vecinos del D-8 carece de servicios b\u00e1sicos - El Diario - Bolivia","og_description":"La preocupaci\u00f3n de los habitantes del Distrito-8 de la urbe alte\u00f1a es este porcentaje de familias que contin\u00faan utilizando pozos s\u00e9pticos, debido a que a los barrios alejados todav\u00eda no han llegado los servicios b\u00e1sicos, indic\u00f3 el dirigente Roberto Menacho. La preocupaci\u00f3n de los vecinos de estos barrios, que la mayor\u00eda se encuentran en zonas [&hellip;]","og_url":"https:\/\/www.eldiario.net\/portal\/2021\/05\/10\/casi-20-de-vecinos-del-d-8-carece-de-servicios-basicos\/","og_site_name":"El Diario - Bolivia","article_publisher":"https:\/\/www.facebook.com\/eldiario.bolivia\/","article_published_time":"2021-05-10T08:17:34+00:00","author":"Jeanette","twitter_card":"summary_large_image","twitter_creator":"@eldiario_net","twitter_site":"@eldiario_net","twitter_misc":{"Escrito por":"Jeanette","Tiempo de lectura":"3 minutos"},"schema":{"@context":"https:\/\/schema.org","@graph":[{"@type":"Article","@id":"https:\/\/www.eldiario.net\/portal\/2021\/05\/10\/casi-20-de-vecinos-del-d-8-carece-de-servicios-basicos\/#article","isPartOf":{"@id":"https:\/\/www.eldiario.net\/portal\/2021\/05\/10\/casi-20-de-vecinos-del-d-8-carece-de-servicios-basicos\/"},"author":{"name":"Jeanette","@id":"https:\/\/www.eldiario.net\/portal\/#\/schema\/person\/f46445640444750d7d753ccd04ae01b7"},"headline":"Casi 20 % de vecinos del D-8 carece de servicios b\u00e1sicos","datePublished":"2021-05-10T08:17:34+00:00","mainEntityOfPage":{"@id":"https:\/\/www.eldiario.net\/portal\/2021\/05\/10\/casi-20-de-vecinos-del-d-8-carece-de-servicios-basicos\/"},"wordCount":548,"publisher":{"@id":"https:\/\/www.eldiario.net\/portal\/#organization"},"image":{"@id":"https:\/\/www.eldiario.net\/portal\/2021\/05\/10\/casi-20-de-vecinos-del-d-8-carece-de-servicios-basicos\/#primaryimage"},"thumbnailUrl":"","articleSection":["Nacional"],"inLanguage":"es"},{"@type":"WebPage","@id":"https:\/\/www.eldiario.net\/portal\/2021\/05\/10\/casi-20-de-vecinos-del-d-8-carece-de-servicios-basicos\/","url":"https:\/\/www.eldiario.net\/portal\/2021\/05\/10\/casi-20-de-vecinos-del-d-8-carece-de-servicios-basicos\/","name":"Casi 20 % de vecinos del D-8 carece de servicios b\u00e1sicos - El Diario - Bolivia","isPartOf":{"@id":"https:\/\/www.eldiario.net\/portal\/#website"},"primaryImageOfPage":{"@id":"https:\/\/www.eldiario.net\/portal\/2021\/05\/10\/casi-20-de-vecinos-del-d-8-carece-de-servicios-basicos\/#primaryimage"},"image":{"@id":"https:\/\/www.eldiario.net\/portal\/2021\/05\/10\/casi-20-de-vecinos-del-d-8-carece-de-servicios-basicos\/#primaryimage"},"thumbnailUrl":"","datePublished":"2021-05-10T08:17:34+00:00","breadcrumb":{"@id":"https:\/\/www.eldiario.net\/portal\/2021\/05\/10\/casi-20-de-vecinos-del-d-8-carece-de-servicios-basicos\/#breadcrumb"},"inLanguage":"es","potentialAction":[{"@type":"ReadAction","target":["https:\/\/www.eldiario.net\/portal\/2021\/05\/10\/casi-20-de-vecinos-del-d-8-carece-de-servicios-basicos\/"]}]},{"@type":"ImageObject","inLanguage":"es","@id":"https:\/\/www.eldiario.net\/portal\/2021\/05\/10\/casi-20-de-vecinos-del-d-8-carece-de-servicios-basicos\/#primaryimage","url":"","contentUrl":""},{"@type":"BreadcrumbList","@id":"https:\/\/www.eldiario.net\/portal\/2021\/05\/10\/casi-20-de-vecinos-del-d-8-carece-de-servicios-basicos\/#breadcrumb","itemListElement":[{"@type":"ListItem","position":1,"name":"Portada","item":"https:\/\/www.eldiario.net\/portal\/"},{"@type":"ListItem","position":2,"name":"Casi 20 % de vecinos del D-8 carece de servicios b\u00e1sicos"}]},{"@type":"WebSite","@id":"https:\/\/www.eldiario.net\/portal\/#website","url":"https:\/\/www.eldiario.net\/portal\/","name":"El Diario - Decano de la prensa nacional","description":"El Diario - Decano de la prensa nacional","publisher":{"@id":"https:\/\/www.eldiario.net\/portal\/#organization"},"potentialAction":[{"@type":"SearchAction","target":{"@type":"EntryPoint","urlTemplate":"https:\/\/www.eldiario.net\/portal\/?s={search_term_string}"},"query-input":{"@type":"PropertyValueSpecification","valueRequired":true,"valueName":"search_term_string"}}],"inLanguage":"es"},{"@type":"Organization","@id":"https:\/\/www.eldiario.net\/portal\/#organization","name":"El Diario - Decano de la prensa nacional","url":"https:\/\/www.eldiario.net\/portal\/","logo":{"@type":"ImageObject","inLanguage":"es","@id":"https:\/\/www.eldiario.net\/portal\/#\/schema\/logo\/image\/","url":"https:\/\/www.eldiario.net\/portal\/wp-content\/uploads\/2023\/07\/logo_ED.jpg","contentUrl":"https:\/\/www.eldiario.net\/portal\/wp-content\/uploads\/2023\/07\/logo_ED.jpg","width":272,"height":52,"caption":"El Diario - Decano de la prensa nacional"},"image":{"@id":"https:\/\/www.eldiario.net\/portal\/#\/schema\/logo\/image\/"},"sameAs":["https:\/\/www.facebook.com\/eldiario.bolivia\/","https:\/\/x.com\/eldiario_net"]},{"@type":"Person","@id":"https:\/\/www.eldiario.net\/portal\/#\/schema\/person\/f46445640444750d7d753ccd04ae01b7","name":"Jeanette","image":{"@type":"ImageObject","inLanguage":"es","@id":"https:\/\/secure.gravatar.com\/avatar\/3ea2118a5f7dad2b7138b1187a6b7ee55f160b9968b66013c3a3ef39dd7e5798?s=96&d=mm&r=g","url":"https:\/\/secure.gravatar.com\/avatar\/3ea2118a5f7dad2b7138b1187a6b7ee55f160b9968b66013c3a3ef39dd7e5798?s=96&d=mm&r=g","contentUrl":"https:\/\/secure.gravatar.com\/avatar\/3ea2118a5f7dad2b7138b1187a6b7ee55f160b9968b66013c3a3ef39dd7e5798?s=96&d=mm&r=g","caption":"Jeanette"},"sameAs":["https:\/\/www.eldiario.net\/portal"],"url":"https:\/\/www.eldiario.net\/portal\/author\/jeanette\/"}]}},"_links":{"self":[{"href":"https:\/\/www.eldiario.net\/portal\/wp-json\/wp\/v2\/posts\/2951","targetHints":{"allow":["GET"]}}],"collection":[{"href":"https:\/\/www.eldiario.net\/portal\/wp-json\/wp\/v2\/posts"}],"about":[{"href":"https:\/\/www.eldiario.net\/portal\/wp-json\/wp\/v2\/types\/post"}],"author":[{"embeddable":true,"href":"https:\/\/www.eldiario.net\/portal\/wp-json\/wp\/v2\/users\/1"}],"replies":[{"embeddable":true,"href":"https:\/\/www.eldiario.net\/portal\/wp-json\/wp\/v2\/comments?post=2951"}],"version-history":[{"count":0,"href":"https:\/\/www.eldiario.net\/portal\/wp-json\/wp\/v2\/posts\/2951\/revisions"}],"wp:attachment":[{"href":"https:\/\/www.eldiario.net\/portal\/wp-json\/wp\/v2\/media?parent=2951"}],"wp:term":[{"taxonomy":"category","embeddable":true,"href":"https:\/\/www.eldiario.net\/portal\/wp-json\/wp\/v2\/categories?post=2951"},{"taxonomy":"post_tag","embeddable":true,"href":"https:\/\/www.eldiario.net\/portal\/wp-json\/wp\/v2\/tags?post=2951"}],"curies":[{"name":"wp","href":"https:\/\/api.w.org\/{rel}","templated":true}]}}