{"id":295071,"date":"2025-04-13T07:39:14","date_gmt":"2025-04-13T11:39:14","guid":{"rendered":"https:\/\/www.eldiario.net\/portal\/?p=295071"},"modified":"2025-04-13T07:39:14","modified_gmt":"2025-04-13T11:39:14","slug":"conduce-tu-destino-y-empodera-tu-camino-con-jac-iniciativa-que-impulsa-el-crecimiento-femenino","status":"publish","type":"post","link":"https:\/\/www.eldiario.net\/portal\/2025\/04\/13\/conduce-tu-destino-y-empodera-tu-camino-con-jac-iniciativa-que-impulsa-el-crecimiento-femenino\/","title":{"rendered":"\u00abConduce tu destino y empodera tu camino con JAC\u00bb iniciativa que impulsa el crecimiento femenino"},"content":{"rendered":"<p>La marca automotriz JAC, representada por Imcruz- Inchcape Bolivia, organiz\u00f3 el evento titulado \u201cConduce tu destino y empodera tu camino con JAC\u201d, para reafirmar su compromiso con el empoderamiento femenino y la inclusi\u00f3n. El evento reuni\u00f3 a mujeres apasionadas por el aprendizaje y el crecimiento personal en un espacio dise\u00f1ado para inspirar, conectar y capacitar.<br \/>\nLa actividad central del encuentro fue un entrenamiento exclusivo en mec\u00e1nica b\u00e1sica para las clientes JAC y ejecutivas l\u00edderes de diferentes rubros, una experiencia pr\u00e1ctica que les permiti\u00f3 a las asistentes, con el respaldo de expertos especialistas de JAC en Imcruz, aprender a realizar revisiones b\u00e1sicas hasta identificar se\u00f1ales de posibles problemas mec\u00e1nicos en sus autos.<br \/>\nEste taller no solo busc\u00f3 brindar herramientas t\u00e9cnicas, sino tambi\u00e9n fortalecer la seguridad y confianza de las mujeres al volante, promoviendo su autonom\u00eda en el cuidado de sus veh\u00edculos. \u201cEstamos contentos de ver c\u00f3mo nuestras clientas se empoderan y toman las riendas de su camino. Este es solo el inicio de una comunidad de mujeres valientes y decididas que conf\u00edan en JAC para acompa\u00f1arlas en cada kil\u00f3metro de sus vidas\u201d, afirm\u00f3 Alex Bohrt, Brand Manager de la marca.<\/p>\n\r\n                <style type=\"text\/css\">\r\n                    \r\n                    #tdi_1  .td-doubleSlider-2 .td-item1 {\r\n                        background: url(https:\/\/www.eldiario.net\/portal\/wp-content\/uploads\/2025\/04\/Juan-Pablo-Loayza-Rodrigo-Villavicencio-Liliana-Salazar-Luis-Yanez-Ricardo-Parada-y-Carlos-Hugo-Montenegro-Asistencia-tecnica-Imcruz-80x60.jpg) 0 0 no-repeat;\r\n                    }\r\n                    #tdi_1  .td-doubleSlider-2 .td-item2 {\r\n                        background: url(https:\/\/www.eldiario.net\/portal\/wp-content\/uploads\/2025\/04\/Alex-Bohrt-Michelle-Noriega-Vania-Fernandez-Denise-Hurtado-y-Daniela-Calatayud-80x60.jpg) 0 0 no-repeat;\r\n                    }\r\n                    #tdi_1  .td-doubleSlider-2 .td-item3 {\r\n                        background: url(https:\/\/www.eldiario.net\/portal\/wp-content\/uploads\/2025\/04\/Algunas-de-las-participantes-del-evento-JAC-80x60.jpg) 0 0 no-repeat;\r\n                    }\r\n                    #tdi_1  .td-doubleSlider-2 .td-item4 {\r\n                        background: url(https:\/\/www.eldiario.net\/portal\/wp-content\/uploads\/2025\/04\/Carla-Ponce-y-Silvia-Perez-80x60.jpg) 0 0 no-repeat;\r\n                    }\r\n                    #tdi_1  .td-doubleSlider-2 .td-item5 {\r\n                        background: url(https:\/\/www.eldiario.net\/portal\/wp-content\/uploads\/2025\/04\/Carolina-Lopez-especialista-de-Marca-JAC-y-Vania-Fernandez-coordinadora-de-Mkt-JAC-80x60.jpg) 0 0 no-repeat;\r\n                    }\r\n                    #tdi_1  .td-doubleSlider-2 .td-item6 {\r\n                        background: url(https:\/\/www.eldiario.net\/portal\/wp-content\/uploads\/2025\/04\/Geovana-Garcia-y-Silvia-Antezana-gerente-de-financiamiento-y-seguros-Imcruz-80x60.jpg) 0 0 no-repeat;\r\n                    }\r\n                <\/style>\r\n\r\n                <div id=\"tdi_1\" class=\"td-gallery td-slide-on-2-columns\">\r\n                    <div class=\"post_td_gallery\">\r\n                        <div class=\"td-gallery-slide-top\">\r\n                           <div class=\"td-gallery-title\"><\/div>\r\n\r\n                            <div class=\"td-gallery-controls-wrapper\">\r\n                                <div class=\"td-gallery-slide-count\"><span class=\"td-gallery-slide-item-focus\">1<\/span> de 6<\/div>\r\n                                <div class=\"td-gallery-slide-prev-next-but\">\r\n                                    <i class = \"td-icon-left doubleSliderPrevButton\"><\/i>\r\n                                    <i class = \"td-icon-right doubleSliderNextButton\"><\/i>\r\n                                <\/div>\r\n                            <\/div>\r\n                        <\/div>\r\n\r\n                        <div class = \"td-doubleSlider-1 \">\r\n                            <div class = \"td-slider\">\r\n                                \r\n                    <div class = \"td-slide-item td-item1\">\r\n                        <figure class=\"td-slide-galery-figure td-slide-popup-gallery\">\r\n                            <a class=\"slide-gallery-image-link\" href=\"https:\/\/www.eldiario.net\/portal\/wp-content\/uploads\/2025\/04\/Juan-Pablo-Loayza-Rodrigo-Villavicencio-Liliana-Salazar-Luis-Yanez-Ricardo-Parada-y-Carlos-Hugo-Montenegro-Asistencia-tecnica-Imcruz.jpg\" title=\"Juan-Pablo-Loayza,-Rodrigo-Villavicencio,-Liliana-Salazar,-Luis-Y\u00e1\u00f1ez,-Ricardo-Parada-y-Carlos-Hugo-Montenegro-(Asistencia-t\u00e9cnica-Imcruz)\"  data-caption=\"JUAN PABLO LOAYZA, RODRIGO VILLAVICENCIO, LILIANA SALAZAR, LUIS Y\u00c1\u00d1EZ, RICARDO PARADA Y CARLOS HUGO MONTENEGRO (ASISTENCIA T\u00c9CNICA IMCRUZ).\"  data-description=\"\">\r\n                                <img decoding=\"async\" src=\"https:\/\/www.eldiario.net\/portal\/wp-content\/uploads\/2025\/04\/Juan-Pablo-Loayza-Rodrigo-Villavicencio-Liliana-Salazar-Luis-Yanez-Ricardo-Parada-y-Carlos-Hugo-Montenegro-Asistencia-tecnica-Imcruz-554x420.jpg\" srcset=\"https:\/\/www.eldiario.net\/portal\/wp-content\/uploads\/2025\/04\/Juan-Pablo-Loayza-Rodrigo-Villavicencio-Liliana-Salazar-Luis-Yanez-Ricardo-Parada-y-Carlos-Hugo-Montenegro-Asistencia-tecnica-Imcruz-554x420.jpg 554w, https:\/\/www.eldiario.net\/portal\/wp-content\/uploads\/2025\/04\/Juan-Pablo-Loayza-Rodrigo-Villavicencio-Liliana-Salazar-Luis-Yanez-Ricardo-Parada-y-Carlos-Hugo-Montenegro-Asistencia-tecnica-Imcruz-300x228.jpg 300w, https:\/\/www.eldiario.net\/portal\/wp-content\/uploads\/2025\/04\/Juan-Pablo-Loayza-Rodrigo-Villavicencio-Liliana-Salazar-Luis-Yanez-Ricardo-Parada-y-Carlos-Hugo-Montenegro-Asistencia-tecnica-Imcruz-1024x777.jpg 1024w, https:\/\/www.eldiario.net\/portal\/wp-content\/uploads\/2025\/04\/Juan-Pablo-Loayza-Rodrigo-Villavicencio-Liliana-Salazar-Luis-Yanez-Ricardo-Parada-y-Carlos-Hugo-Montenegro-Asistencia-tecnica-Imcruz-768x582.jpg 768w, https:\/\/www.eldiario.net\/portal\/wp-content\/uploads\/2025\/04\/Juan-Pablo-Loayza-Rodrigo-Villavicencio-Liliana-Salazar-Luis-Yanez-Ricardo-Parada-y-Carlos-Hugo-Montenegro-Asistencia-tecnica-Imcruz-80x60.jpg 80w, https:\/\/www.eldiario.net\/portal\/wp-content\/uploads\/2025\/04\/Juan-Pablo-Loayza-Rodrigo-Villavicencio-Liliana-Salazar-Luis-Yanez-Ricardo-Parada-y-Carlos-Hugo-Montenegro-Asistencia-tecnica-Imcruz-696x528.jpg 696w, https:\/\/www.eldiario.net\/portal\/wp-content\/uploads\/2025\/04\/Juan-Pablo-Loayza-Rodrigo-Villavicencio-Liliana-Salazar-Luis-Yanez-Ricardo-Parada-y-Carlos-Hugo-Montenegro-Asistencia-tecnica-Imcruz-1068x810.jpg 1068w, https:\/\/www.eldiario.net\/portal\/wp-content\/uploads\/2025\/04\/Juan-Pablo-Loayza-Rodrigo-Villavicencio-Liliana-Salazar-Luis-Yanez-Ricardo-Parada-y-Carlos-Hugo-Montenegro-Asistencia-tecnica-Imcruz.jpg 1200w\" sizes=\"(max-width: 554px) 100vw, 554px\" alt=\"\">\r\n                            <\/a>\r\n                            <figcaption class = \"td-slide-caption td-gallery-slide-content\"><div class = \"td-gallery-slide-copywrite\">JUAN PABLO LOAYZA, RODRIGO VILLAVICENCIO, LILIANA SALAZAR, LUIS Y\u00c1\u00d1EZ, RICARDO PARADA Y CARLOS HUGO MONTENEGRO (ASISTENCIA T\u00c9CNICA IMCRUZ).<\/div><\/figcaption>\r\n                        <\/figure>\r\n                    <\/div>\r\n                    <div class = \"td-slide-item td-item2\">\r\n                        <figure class=\"td-slide-galery-figure td-slide-popup-gallery\">\r\n                            <a class=\"slide-gallery-image-link\" href=\"https:\/\/www.eldiario.net\/portal\/wp-content\/uploads\/2025\/04\/Alex-Bohrt-Michelle-Noriega-Vania-Fernandez-Denise-Hurtado-y-Daniela-Calatayud.jpg\" title=\"Alex-Bohrt,-Michelle-Noriega,-Van\u00eda-Fern\u00e1ndez,-Denise-Hurtado-y-Daniela-Calatayud\"  data-caption=\"ALEX BOHRT, MICHELLE NORIEGA, VAN\u00cdA FERN\u00c1NDEZ, DENISE HURTADO Y DANIELA CALATAYUD.\"  data-description=\"\">\r\n                                <img decoding=\"async\" src=\"https:\/\/www.eldiario.net\/portal\/wp-content\/uploads\/2025\/04\/Alex-Bohrt-Michelle-Noriega-Vania-Fernandez-Denise-Hurtado-y-Daniela-Calatayud-630x420.jpg\" srcset=\"https:\/\/www.eldiario.net\/portal\/wp-content\/uploads\/2025\/04\/Alex-Bohrt-Michelle-Noriega-Vania-Fernandez-Denise-Hurtado-y-Daniela-Calatayud-630x420.jpg 630w, https:\/\/www.eldiario.net\/portal\/wp-content\/uploads\/2025\/04\/Alex-Bohrt-Michelle-Noriega-Vania-Fernandez-Denise-Hurtado-y-Daniela-Calatayud-300x200.jpg 300w, https:\/\/www.eldiario.net\/portal\/wp-content\/uploads\/2025\/04\/Alex-Bohrt-Michelle-Noriega-Vania-Fernandez-Denise-Hurtado-y-Daniela-Calatayud-1024x683.jpg 1024w, https:\/\/www.eldiario.net\/portal\/wp-content\/uploads\/2025\/04\/Alex-Bohrt-Michelle-Noriega-Vania-Fernandez-Denise-Hurtado-y-Daniela-Calatayud-768x512.jpg 768w, https:\/\/www.eldiario.net\/portal\/wp-content\/uploads\/2025\/04\/Alex-Bohrt-Michelle-Noriega-Vania-Fernandez-Denise-Hurtado-y-Daniela-Calatayud-696x464.jpg 696w, https:\/\/www.eldiario.net\/portal\/wp-content\/uploads\/2025\/04\/Alex-Bohrt-Michelle-Noriega-Vania-Fernandez-Denise-Hurtado-y-Daniela-Calatayud-1068x712.jpg 1068w, https:\/\/www.eldiario.net\/portal\/wp-content\/uploads\/2025\/04\/Alex-Bohrt-Michelle-Noriega-Vania-Fernandez-Denise-Hurtado-y-Daniela-Calatayud.jpg 1200w\" sizes=\"(max-width: 630px) 100vw, 630px\" alt=\"\">\r\n                            <\/a>\r\n                            <figcaption class = \"td-slide-caption td-gallery-slide-content\"><div class = \"td-gallery-slide-copywrite\">ALEX BOHRT, MICHELLE NORIEGA, VAN\u00cdA FERN\u00c1NDEZ, DENISE HURTADO Y DANIELA CALATAYUD.<\/div><\/figcaption>\r\n                        <\/figure>\r\n                    <\/div>\r\n                    <div class = \"td-slide-item td-item3\">\r\n                        <figure class=\"td-slide-galery-figure td-slide-popup-gallery\">\r\n                            <a class=\"slide-gallery-image-link\" href=\"https:\/\/www.eldiario.net\/portal\/wp-content\/uploads\/2025\/04\/Algunas-de-las-participantes-del-evento-JAC.jpg\" title=\"Algunas-de-las-participantes-del-evento-JAC\"  data-caption=\"ALGUNAS DE LAS PARTICIPANTES DEL EVENTO JAC.\"  data-description=\"\">\r\n                                <img decoding=\"async\" src=\"https:\/\/www.eldiario.net\/portal\/wp-content\/uploads\/2025\/04\/Algunas-de-las-participantes-del-evento-JAC-630x420.jpg\" srcset=\"https:\/\/www.eldiario.net\/portal\/wp-content\/uploads\/2025\/04\/Algunas-de-las-participantes-del-evento-JAC-630x420.jpg 630w, https:\/\/www.eldiario.net\/portal\/wp-content\/uploads\/2025\/04\/Algunas-de-las-participantes-del-evento-JAC-300x200.jpg 300w, https:\/\/www.eldiario.net\/portal\/wp-content\/uploads\/2025\/04\/Algunas-de-las-participantes-del-evento-JAC-1024x683.jpg 1024w, https:\/\/www.eldiario.net\/portal\/wp-content\/uploads\/2025\/04\/Algunas-de-las-participantes-del-evento-JAC-768x512.jpg 768w, https:\/\/www.eldiario.net\/portal\/wp-content\/uploads\/2025\/04\/Algunas-de-las-participantes-del-evento-JAC-696x464.jpg 696w, https:\/\/www.eldiario.net\/portal\/wp-content\/uploads\/2025\/04\/Algunas-de-las-participantes-del-evento-JAC-1068x712.jpg 1068w, https:\/\/www.eldiario.net\/portal\/wp-content\/uploads\/2025\/04\/Algunas-de-las-participantes-del-evento-JAC.jpg 1200w\" sizes=\"(max-width: 630px) 100vw, 630px\" alt=\"\">\r\n                            <\/a>\r\n                            <figcaption class = \"td-slide-caption td-gallery-slide-content\"><div class = \"td-gallery-slide-copywrite\">ALGUNAS DE LAS PARTICIPANTES DEL EVENTO JAC.<\/div><\/figcaption>\r\n                        <\/figure>\r\n                    <\/div>\r\n                    <div class = \"td-slide-item td-item4\">\r\n                        <figure class=\"td-slide-galery-figure td-slide-popup-gallery\">\r\n                            <a class=\"slide-gallery-image-link\" href=\"https:\/\/www.eldiario.net\/portal\/wp-content\/uploads\/2025\/04\/Carla-Ponce-y-Silvia-Perez.jpg\" title=\"Carla-Ponce-y-Silvia-P\u00e9rez\"  data-caption=\"CARLA PONCE Y SILVIA P\u00c9REZ.\"  data-description=\"\">\r\n                                <img decoding=\"async\" src=\"https:\/\/www.eldiario.net\/portal\/wp-content\/uploads\/2025\/04\/Carla-Ponce-y-Silvia-Perez-280x420.jpg\" srcset=\"https:\/\/www.eldiario.net\/portal\/wp-content\/uploads\/2025\/04\/Carla-Ponce-y-Silvia-Perez-280x420.jpg 280w, https:\/\/www.eldiario.net\/portal\/wp-content\/uploads\/2025\/04\/Carla-Ponce-y-Silvia-Perez-200x300.jpg 200w, https:\/\/www.eldiario.net\/portal\/wp-content\/uploads\/2025\/04\/Carla-Ponce-y-Silvia-Perez-683x1024.jpg 683w, https:\/\/www.eldiario.net\/portal\/wp-content\/uploads\/2025\/04\/Carla-Ponce-y-Silvia-Perez-696x1044.jpg 696w, https:\/\/www.eldiario.net\/portal\/wp-content\/uploads\/2025\/04\/Carla-Ponce-y-Silvia-Perez.jpg 720w\" sizes=\"(max-width: 280px) 100vw, 280px\" alt=\"\">\r\n                            <\/a>\r\n                            <figcaption class = \"td-slide-caption td-gallery-slide-content\"><div class = \"td-gallery-slide-copywrite\">CARLA PONCE Y SILVIA P\u00c9REZ.<\/div><\/figcaption>\r\n                        <\/figure>\r\n                    <\/div>\r\n                    <div class = \"td-slide-item td-item5\">\r\n                        <figure class=\"td-slide-galery-figure td-slide-popup-gallery\">\r\n                            <a class=\"slide-gallery-image-link\" href=\"https:\/\/www.eldiario.net\/portal\/wp-content\/uploads\/2025\/04\/Carolina-Lopez-especialista-de-Marca-JAC-y-Vania-Fernandez-coordinadora-de-Mkt-JAC.jpg\" title=\"Carolina-L\u00f3pez,-especialista-de-Marca-JAC-y-Vania-Fern\u00e1ndez,-coordinadora-de-Mkt-JAC\"  data-caption=\"CAROLINA L\u00d3PEZ, ESPECIALISTA DE MARCA JAC Y VANIA FERN\u00c1NDEZ, COORDINADORA DE MKT JAC.\"  data-description=\"\">\r\n                                <img decoding=\"async\" src=\"https:\/\/www.eldiario.net\/portal\/wp-content\/uploads\/2025\/04\/Carolina-Lopez-especialista-de-Marca-JAC-y-Vania-Fernandez-coordinadora-de-Mkt-JAC-630x420.jpg\" srcset=\"https:\/\/www.eldiario.net\/portal\/wp-content\/uploads\/2025\/04\/Carolina-Lopez-especialista-de-Marca-JAC-y-Vania-Fernandez-coordinadora-de-Mkt-JAC-630x420.jpg 630w, https:\/\/www.eldiario.net\/portal\/wp-content\/uploads\/2025\/04\/Carolina-Lopez-especialista-de-Marca-JAC-y-Vania-Fernandez-coordinadora-de-Mkt-JAC-300x200.jpg 300w, https:\/\/www.eldiario.net\/portal\/wp-content\/uploads\/2025\/04\/Carolina-Lopez-especialista-de-Marca-JAC-y-Vania-Fernandez-coordinadora-de-Mkt-JAC-1024x683.jpg 1024w, https:\/\/www.eldiario.net\/portal\/wp-content\/uploads\/2025\/04\/Carolina-Lopez-especialista-de-Marca-JAC-y-Vania-Fernandez-coordinadora-de-Mkt-JAC-768x512.jpg 768w, https:\/\/www.eldiario.net\/portal\/wp-content\/uploads\/2025\/04\/Carolina-Lopez-especialista-de-Marca-JAC-y-Vania-Fernandez-coordinadora-de-Mkt-JAC-696x464.jpg 696w, https:\/\/www.eldiario.net\/portal\/wp-content\/uploads\/2025\/04\/Carolina-Lopez-especialista-de-Marca-JAC-y-Vania-Fernandez-coordinadora-de-Mkt-JAC-1068x712.jpg 1068w, https:\/\/www.eldiario.net\/portal\/wp-content\/uploads\/2025\/04\/Carolina-Lopez-especialista-de-Marca-JAC-y-Vania-Fernandez-coordinadora-de-Mkt-JAC.jpg 1200w\" sizes=\"(max-width: 630px) 100vw, 630px\" alt=\"\">\r\n                            <\/a>\r\n                            <figcaption class = \"td-slide-caption td-gallery-slide-content\"><div class = \"td-gallery-slide-copywrite\">CAROLINA L\u00d3PEZ, ESPECIALISTA DE MARCA JAC Y VANIA FERN\u00c1NDEZ, COORDINADORA DE MKT JAC.<\/div><\/figcaption>\r\n                        <\/figure>\r\n                    <\/div>\r\n                    <div class = \"td-slide-item td-item6\">\r\n                        <figure class=\"td-slide-galery-figure td-slide-popup-gallery\">\r\n                            <a class=\"slide-gallery-image-link\" href=\"https:\/\/www.eldiario.net\/portal\/wp-content\/uploads\/2025\/04\/Geovana-Garcia-y-Silvia-Antezana-gerente-de-financiamiento-y-seguros-Imcruz.jpg\" title=\"Geovana-Garc\u00eda-y-Silvia-Antezana,-gerente-de-financiamiento-y-seguros-Imcruz\"  data-caption=\"GEOVANA GARC\u00cdA Y SILVIA ANTEZANA, GERENTE DE FINANCIAMIENTO Y  SEGUROS IMCRUZ.\"  data-description=\"\">\r\n                                <img decoding=\"async\" src=\"https:\/\/www.eldiario.net\/portal\/wp-content\/uploads\/2025\/04\/Geovana-Garcia-y-Silvia-Antezana-gerente-de-financiamiento-y-seguros-Imcruz-280x420.jpg\" srcset=\"https:\/\/www.eldiario.net\/portal\/wp-content\/uploads\/2025\/04\/Geovana-Garcia-y-Silvia-Antezana-gerente-de-financiamiento-y-seguros-Imcruz-280x420.jpg 280w, https:\/\/www.eldiario.net\/portal\/wp-content\/uploads\/2025\/04\/Geovana-Garcia-y-Silvia-Antezana-gerente-de-financiamiento-y-seguros-Imcruz-200x300.jpg 200w, https:\/\/www.eldiario.net\/portal\/wp-content\/uploads\/2025\/04\/Geovana-Garcia-y-Silvia-Antezana-gerente-de-financiamiento-y-seguros-Imcruz-683x1024.jpg 683w, https:\/\/www.eldiario.net\/portal\/wp-content\/uploads\/2025\/04\/Geovana-Garcia-y-Silvia-Antezana-gerente-de-financiamiento-y-seguros-Imcruz-696x1044.jpg 696w, https:\/\/www.eldiario.net\/portal\/wp-content\/uploads\/2025\/04\/Geovana-Garcia-y-Silvia-Antezana-gerente-de-financiamiento-y-seguros-Imcruz.jpg 720w\" sizes=\"(max-width: 280px) 100vw, 280px\" alt=\"\">\r\n                            <\/a>\r\n                            <figcaption class = \"td-slide-caption td-gallery-slide-content\"><div class = \"td-gallery-slide-copywrite\">GEOVANA GARC\u00cdA Y SILVIA ANTEZANA, GERENTE DE FINANCIAMIENTO Y  SEGUROS IMCRUZ.<\/div><\/figcaption>\r\n                        <\/figure>\r\n                    <\/div>\r\n                            <\/div>\r\n                        <\/div>\r\n\r\n                        <div class = \"td-doubleSlider-2\">\r\n                            <div class = \"td-slider\">\r\n                                \r\n                    <div class = \"td-button td-item1\">\r\n                        <div class = \"td-border\"><\/div>\r\n                    <\/div>\r\n                    <div class = \"td-button td-item2\">\r\n                        <div class = \"td-border\"><\/div>\r\n                    <\/div>\r\n                    <div class = \"td-button td-item3\">\r\n                        <div class = \"td-border\"><\/div>\r\n                    <\/div>\r\n                    <div class = \"td-button td-item4\">\r\n                        <div class = \"td-border\"><\/div>\r\n                    <\/div>\r\n                    <div class = \"td-button td-item5\">\r\n                        <div class = \"td-border\"><\/div>\r\n                    <\/div>\r\n                    <div class = \"td-button td-item6\">\r\n                        <div class = \"td-border\"><\/div>\r\n                    <\/div>\r\n                            <\/div>\r\n                        <\/div>\r\n\r\n                    <\/div>\r\n\r\n                <\/div>\r\n                \n","protected":false},"excerpt":{"rendered":"<p>La marca automotriz JAC, representada por Imcruz- Inchcape Bolivia, organiz\u00f3 el evento titulado \u201cConduce tu destino y empodera tu camino con JAC\u201d, para reafirmar su compromiso con el empoderamiento femenino y la inclusi\u00f3n. El evento reuni\u00f3 a mujeres apasionadas por el aprendizaje y el crecimiento personal en un espacio dise\u00f1ado para inspirar, conectar y capacitar. [&hellip;]<\/p>\n","protected":false},"author":1,"featured_media":295073,"comment_status":"closed","ping_status":"open","sticky":false,"template":"","format":"standard","meta":{"_acf_changed":false,"footnotes":""},"categories":[40],"tags":[],"class_list":["post-295071","post","type-post","status-publish","format-standard","has-post-thumbnail","category-sociales"],"acf":{"antetitulo":""},"yoast_head":"<!-- This site is optimized with the Yoast SEO plugin v28.3 - https:\/\/yoast.com\/product\/yoast-seo-wordpress\/ -->\n<title>&quot;Conduce tu destino y empodera tu camino con JAC&quot; iniciativa que impulsa el crecimiento femenino - El Diario - Bolivia<\/title>\n<meta name=\"robots\" content=\"index, follow, max-snippet:-1, max-image-preview:large, max-video-preview:-1\" \/>\n<link rel=\"canonical\" href=\"https:\/\/www.eldiario.net\/portal\/2025\/04\/13\/conduce-tu-destino-y-empodera-tu-camino-con-jac-iniciativa-que-impulsa-el-crecimiento-femenino\/\" \/>\n<meta property=\"og:locale\" content=\"es_ES\" \/>\n<meta property=\"og:type\" content=\"article\" \/>\n<meta property=\"og:title\" content=\"&quot;Conduce tu destino y empodera tu camino con JAC&quot; iniciativa que impulsa el crecimiento femenino - El Diario - Bolivia\" \/>\n<meta property=\"og:description\" content=\"La marca automotriz JAC, representada por Imcruz- Inchcape Bolivia, organiz\u00f3 el evento titulado \u201cConduce tu destino y empodera tu camino con JAC\u201d, para reafirmar su compromiso con el empoderamiento femenino y la inclusi\u00f3n. El evento reuni\u00f3 a mujeres apasionadas por el aprendizaje y el crecimiento personal en un espacio dise\u00f1ado para inspirar, conectar y capacitar. [&hellip;]\" \/>\n<meta property=\"og:url\" content=\"https:\/\/www.eldiario.net\/portal\/2025\/04\/13\/conduce-tu-destino-y-empodera-tu-camino-con-jac-iniciativa-que-impulsa-el-crecimiento-femenino\/\" \/>\n<meta property=\"og:site_name\" content=\"El Diario - Bolivia\" \/>\n<meta property=\"article:publisher\" content=\"https:\/\/www.facebook.com\/eldiario.bolivia\/\" \/>\n<meta property=\"article:published_time\" content=\"2025-04-13T11:39:14+00:00\" \/>\n<meta property=\"og:image\" content=\"https:\/\/www.eldiario.net\/portal\/wp-content\/uploads\/2025\/04\/Alex-Bohrt-Michelle-Noriega-Vania-Fernandez-Denise-Hurtado-y-Daniela-Calatayud.jpg\" \/>\n\t<meta property=\"og:image:width\" content=\"1200\" \/>\n\t<meta property=\"og:image:height\" content=\"800\" \/>\n\t<meta property=\"og:image:type\" content=\"image\/jpeg\" \/>\n<meta name=\"author\" content=\"Jeanette\" \/>\n<meta name=\"twitter:card\" content=\"summary_large_image\" \/>\n<meta name=\"twitter:creator\" content=\"@eldiario_net\" \/>\n<meta name=\"twitter:site\" content=\"@eldiario_net\" \/>\n<meta name=\"twitter:label1\" content=\"Escrito por\" \/>\n\t<meta name=\"twitter:data1\" content=\"Jeanette\" \/>\n\t<meta name=\"twitter:label2\" content=\"Tiempo de lectura\" \/>\n\t<meta name=\"twitter:data2\" content=\"2 minutos\" \/>\n<script type=\"application\/ld+json\" class=\"yoast-schema-graph\">{\"@context\":\"https:\\\/\\\/schema.org\",\"@graph\":[{\"@type\":\"Article\",\"@id\":\"https:\\\/\\\/www.eldiario.net\\\/portal\\\/2025\\\/04\\\/13\\\/conduce-tu-destino-y-empodera-tu-camino-con-jac-iniciativa-que-impulsa-el-crecimiento-femenino\\\/#article\",\"isPartOf\":{\"@id\":\"https:\\\/\\\/www.eldiario.net\\\/portal\\\/2025\\\/04\\\/13\\\/conduce-tu-destino-y-empodera-tu-camino-con-jac-iniciativa-que-impulsa-el-crecimiento-femenino\\\/\"},\"author\":{\"name\":\"Jeanette\",\"@id\":\"https:\\\/\\\/www.eldiario.net\\\/portal\\\/#\\\/schema\\\/person\\\/f46445640444750d7d753ccd04ae01b7\"},\"headline\":\"\u00abConduce tu destino y empodera tu camino con JAC\u00bb iniciativa que impulsa el crecimiento femenino\",\"datePublished\":\"2025-04-13T11:39:14+00:00\",\"mainEntityOfPage\":{\"@id\":\"https:\\\/\\\/www.eldiario.net\\\/portal\\\/2025\\\/04\\\/13\\\/conduce-tu-destino-y-empodera-tu-camino-con-jac-iniciativa-que-impulsa-el-crecimiento-femenino\\\/\"},\"wordCount\":230,\"publisher\":{\"@id\":\"https:\\\/\\\/www.eldiario.net\\\/portal\\\/#organization\"},\"image\":{\"@id\":\"https:\\\/\\\/www.eldiario.net\\\/portal\\\/2025\\\/04\\\/13\\\/conduce-tu-destino-y-empodera-tu-camino-con-jac-iniciativa-que-impulsa-el-crecimiento-femenino\\\/#primaryimage\"},\"thumbnailUrl\":\"https:\\\/\\\/www.eldiario.net\\\/portal\\\/wp-content\\\/uploads\\\/2025\\\/04\\\/Alex-Bohrt-Michelle-Noriega-Vania-Fernandez-Denise-Hurtado-y-Daniela-Calatayud.jpg\",\"articleSection\":[\"Sociales\"],\"inLanguage\":\"es\"},{\"@type\":\"WebPage\",\"@id\":\"https:\\\/\\\/www.eldiario.net\\\/portal\\\/2025\\\/04\\\/13\\\/conduce-tu-destino-y-empodera-tu-camino-con-jac-iniciativa-que-impulsa-el-crecimiento-femenino\\\/\",\"url\":\"https:\\\/\\\/www.eldiario.net\\\/portal\\\/2025\\\/04\\\/13\\\/conduce-tu-destino-y-empodera-tu-camino-con-jac-iniciativa-que-impulsa-el-crecimiento-femenino\\\/\",\"name\":\"\\\"Conduce tu destino y empodera tu camino con JAC\\\" iniciativa que impulsa el crecimiento femenino - El Diario - Bolivia\",\"isPartOf\":{\"@id\":\"https:\\\/\\\/www.eldiario.net\\\/portal\\\/#website\"},\"primaryImageOfPage\":{\"@id\":\"https:\\\/\\\/www.eldiario.net\\\/portal\\\/2025\\\/04\\\/13\\\/conduce-tu-destino-y-empodera-tu-camino-con-jac-iniciativa-que-impulsa-el-crecimiento-femenino\\\/#primaryimage\"},\"image\":{\"@id\":\"https:\\\/\\\/www.eldiario.net\\\/portal\\\/2025\\\/04\\\/13\\\/conduce-tu-destino-y-empodera-tu-camino-con-jac-iniciativa-que-impulsa-el-crecimiento-femenino\\\/#primaryimage\"},\"thumbnailUrl\":\"https:\\\/\\\/www.eldiario.net\\\/portal\\\/wp-content\\\/uploads\\\/2025\\\/04\\\/Alex-Bohrt-Michelle-Noriega-Vania-Fernandez-Denise-Hurtado-y-Daniela-Calatayud.jpg\",\"datePublished\":\"2025-04-13T11:39:14+00:00\",\"breadcrumb\":{\"@id\":\"https:\\\/\\\/www.eldiario.net\\\/portal\\\/2025\\\/04\\\/13\\\/conduce-tu-destino-y-empodera-tu-camino-con-jac-iniciativa-que-impulsa-el-crecimiento-femenino\\\/#breadcrumb\"},\"inLanguage\":\"es\",\"potentialAction\":[{\"@type\":\"ReadAction\",\"target\":[\"https:\\\/\\\/www.eldiario.net\\\/portal\\\/2025\\\/04\\\/13\\\/conduce-tu-destino-y-empodera-tu-camino-con-jac-iniciativa-que-impulsa-el-crecimiento-femenino\\\/\"]}]},{\"@type\":\"ImageObject\",\"inLanguage\":\"es\",\"@id\":\"https:\\\/\\\/www.eldiario.net\\\/portal\\\/2025\\\/04\\\/13\\\/conduce-tu-destino-y-empodera-tu-camino-con-jac-iniciativa-que-impulsa-el-crecimiento-femenino\\\/#primaryimage\",\"url\":\"https:\\\/\\\/www.eldiario.net\\\/portal\\\/wp-content\\\/uploads\\\/2025\\\/04\\\/Alex-Bohrt-Michelle-Noriega-Vania-Fernandez-Denise-Hurtado-y-Daniela-Calatayud.jpg\",\"contentUrl\":\"https:\\\/\\\/www.eldiario.net\\\/portal\\\/wp-content\\\/uploads\\\/2025\\\/04\\\/Alex-Bohrt-Michelle-Noriega-Vania-Fernandez-Denise-Hurtado-y-Daniela-Calatayud.jpg\",\"width\":1200,\"height\":800,\"caption\":\"ALEX BOHRT, MICHELLE NORIEGA, VAN\u00cdA FERN\u00c1NDEZ, DENISE HURTADO Y DANIELA CALATAYUD.\"},{\"@type\":\"BreadcrumbList\",\"@id\":\"https:\\\/\\\/www.eldiario.net\\\/portal\\\/2025\\\/04\\\/13\\\/conduce-tu-destino-y-empodera-tu-camino-con-jac-iniciativa-que-impulsa-el-crecimiento-femenino\\\/#breadcrumb\",\"itemListElement\":[{\"@type\":\"ListItem\",\"position\":1,\"name\":\"Portada\",\"item\":\"https:\\\/\\\/www.eldiario.net\\\/portal\\\/\"},{\"@type\":\"ListItem\",\"position\":2,\"name\":\"\u00abConduce tu destino y empodera tu camino con JAC\u00bb iniciativa que impulsa el crecimiento femenino\"}]},{\"@type\":\"WebSite\",\"@id\":\"https:\\\/\\\/www.eldiario.net\\\/portal\\\/#website\",\"url\":\"https:\\\/\\\/www.eldiario.net\\\/portal\\\/\",\"name\":\"El Diario - Decano de la prensa nacional\",\"description\":\"El Diario - Decano de la prensa nacional\",\"publisher\":{\"@id\":\"https:\\\/\\\/www.eldiario.net\\\/portal\\\/#organization\"},\"potentialAction\":[{\"@type\":\"SearchAction\",\"target\":{\"@type\":\"EntryPoint\",\"urlTemplate\":\"https:\\\/\\\/www.eldiario.net\\\/portal\\\/?s={search_term_string}\"},\"query-input\":{\"@type\":\"PropertyValueSpecification\",\"valueRequired\":true,\"valueName\":\"search_term_string\"}}],\"inLanguage\":\"es\"},{\"@type\":\"Organization\",\"@id\":\"https:\\\/\\\/www.eldiario.net\\\/portal\\\/#organization\",\"name\":\"El Diario - Decano de la prensa nacional\",\"url\":\"https:\\\/\\\/www.eldiario.net\\\/portal\\\/\",\"logo\":{\"@type\":\"ImageObject\",\"inLanguage\":\"es\",\"@id\":\"https:\\\/\\\/www.eldiario.net\\\/portal\\\/#\\\/schema\\\/logo\\\/image\\\/\",\"url\":\"https:\\\/\\\/www.eldiario.net\\\/portal\\\/wp-content\\\/uploads\\\/2023\\\/07\\\/logo_ED.jpg\",\"contentUrl\":\"https:\\\/\\\/www.eldiario.net\\\/portal\\\/wp-content\\\/uploads\\\/2023\\\/07\\\/logo_ED.jpg\",\"width\":272,\"height\":52,\"caption\":\"El Diario - Decano de la prensa nacional\"},\"image\":{\"@id\":\"https:\\\/\\\/www.eldiario.net\\\/portal\\\/#\\\/schema\\\/logo\\\/image\\\/\"},\"sameAs\":[\"https:\\\/\\\/www.facebook.com\\\/eldiario.bolivia\\\/\",\"https:\\\/\\\/x.com\\\/eldiario_net\"]},{\"@type\":\"Person\",\"@id\":\"https:\\\/\\\/www.eldiario.net\\\/portal\\\/#\\\/schema\\\/person\\\/f46445640444750d7d753ccd04ae01b7\",\"name\":\"Jeanette\",\"image\":{\"@type\":\"ImageObject\",\"inLanguage\":\"es\",\"@id\":\"https:\\\/\\\/secure.gravatar.com\\\/avatar\\\/3ea2118a5f7dad2b7138b1187a6b7ee55f160b9968b66013c3a3ef39dd7e5798?s=96&d=mm&r=g\",\"url\":\"https:\\\/\\\/secure.gravatar.com\\\/avatar\\\/3ea2118a5f7dad2b7138b1187a6b7ee55f160b9968b66013c3a3ef39dd7e5798?s=96&d=mm&r=g\",\"contentUrl\":\"https:\\\/\\\/secure.gravatar.com\\\/avatar\\\/3ea2118a5f7dad2b7138b1187a6b7ee55f160b9968b66013c3a3ef39dd7e5798?s=96&d=mm&r=g\",\"caption\":\"Jeanette\"},\"sameAs\":[\"https:\\\/\\\/www.eldiario.net\\\/portal\"],\"url\":\"https:\\\/\\\/www.eldiario.net\\\/portal\\\/author\\\/jeanette\\\/\"}]}<\/script>\n<!-- \/ Yoast SEO plugin. -->","yoast_head_json":{"title":"\"Conduce tu destino y empodera tu camino con JAC\" iniciativa que impulsa el crecimiento femenino - El Diario - Bolivia","robots":{"index":"index","follow":"follow","max-snippet":"max-snippet:-1","max-image-preview":"max-image-preview:large","max-video-preview":"max-video-preview:-1"},"canonical":"https:\/\/www.eldiario.net\/portal\/2025\/04\/13\/conduce-tu-destino-y-empodera-tu-camino-con-jac-iniciativa-que-impulsa-el-crecimiento-femenino\/","og_locale":"es_ES","og_type":"article","og_title":"\"Conduce tu destino y empodera tu camino con JAC\" iniciativa que impulsa el crecimiento femenino - El Diario - Bolivia","og_description":"La marca automotriz JAC, representada por Imcruz- Inchcape Bolivia, organiz\u00f3 el evento titulado \u201cConduce tu destino y empodera tu camino con JAC\u201d, para reafirmar su compromiso con el empoderamiento femenino y la inclusi\u00f3n. El evento reuni\u00f3 a mujeres apasionadas por el aprendizaje y el crecimiento personal en un espacio dise\u00f1ado para inspirar, conectar y capacitar. [&hellip;]","og_url":"https:\/\/www.eldiario.net\/portal\/2025\/04\/13\/conduce-tu-destino-y-empodera-tu-camino-con-jac-iniciativa-que-impulsa-el-crecimiento-femenino\/","og_site_name":"El Diario - Bolivia","article_publisher":"https:\/\/www.facebook.com\/eldiario.bolivia\/","article_published_time":"2025-04-13T11:39:14+00:00","og_image":[{"width":1200,"height":800,"url":"https:\/\/www.eldiario.net\/portal\/wp-content\/uploads\/2025\/04\/Alex-Bohrt-Michelle-Noriega-Vania-Fernandez-Denise-Hurtado-y-Daniela-Calatayud.jpg","type":"image\/jpeg"}],"author":"Jeanette","twitter_card":"summary_large_image","twitter_creator":"@eldiario_net","twitter_site":"@eldiario_net","twitter_misc":{"Escrito por":"Jeanette","Tiempo de lectura":"2 minutos"},"schema":{"@context":"https:\/\/schema.org","@graph":[{"@type":"Article","@id":"https:\/\/www.eldiario.net\/portal\/2025\/04\/13\/conduce-tu-destino-y-empodera-tu-camino-con-jac-iniciativa-que-impulsa-el-crecimiento-femenino\/#article","isPartOf":{"@id":"https:\/\/www.eldiario.net\/portal\/2025\/04\/13\/conduce-tu-destino-y-empodera-tu-camino-con-jac-iniciativa-que-impulsa-el-crecimiento-femenino\/"},"author":{"name":"Jeanette","@id":"https:\/\/www.eldiario.net\/portal\/#\/schema\/person\/f46445640444750d7d753ccd04ae01b7"},"headline":"\u00abConduce tu destino y empodera tu camino con JAC\u00bb iniciativa que impulsa el crecimiento femenino","datePublished":"2025-04-13T11:39:14+00:00","mainEntityOfPage":{"@id":"https:\/\/www.eldiario.net\/portal\/2025\/04\/13\/conduce-tu-destino-y-empodera-tu-camino-con-jac-iniciativa-que-impulsa-el-crecimiento-femenino\/"},"wordCount":230,"publisher":{"@id":"https:\/\/www.eldiario.net\/portal\/#organization"},"image":{"@id":"https:\/\/www.eldiario.net\/portal\/2025\/04\/13\/conduce-tu-destino-y-empodera-tu-camino-con-jac-iniciativa-que-impulsa-el-crecimiento-femenino\/#primaryimage"},"thumbnailUrl":"https:\/\/www.eldiario.net\/portal\/wp-content\/uploads\/2025\/04\/Alex-Bohrt-Michelle-Noriega-Vania-Fernandez-Denise-Hurtado-y-Daniela-Calatayud.jpg","articleSection":["Sociales"],"inLanguage":"es"},{"@type":"WebPage","@id":"https:\/\/www.eldiario.net\/portal\/2025\/04\/13\/conduce-tu-destino-y-empodera-tu-camino-con-jac-iniciativa-que-impulsa-el-crecimiento-femenino\/","url":"https:\/\/www.eldiario.net\/portal\/2025\/04\/13\/conduce-tu-destino-y-empodera-tu-camino-con-jac-iniciativa-que-impulsa-el-crecimiento-femenino\/","name":"\"Conduce tu destino y empodera tu camino con JAC\" iniciativa que impulsa el crecimiento femenino - El Diario - Bolivia","isPartOf":{"@id":"https:\/\/www.eldiario.net\/portal\/#website"},"primaryImageOfPage":{"@id":"https:\/\/www.eldiario.net\/portal\/2025\/04\/13\/conduce-tu-destino-y-empodera-tu-camino-con-jac-iniciativa-que-impulsa-el-crecimiento-femenino\/#primaryimage"},"image":{"@id":"https:\/\/www.eldiario.net\/portal\/2025\/04\/13\/conduce-tu-destino-y-empodera-tu-camino-con-jac-iniciativa-que-impulsa-el-crecimiento-femenino\/#primaryimage"},"thumbnailUrl":"https:\/\/www.eldiario.net\/portal\/wp-content\/uploads\/2025\/04\/Alex-Bohrt-Michelle-Noriega-Vania-Fernandez-Denise-Hurtado-y-Daniela-Calatayud.jpg","datePublished":"2025-04-13T11:39:14+00:00","breadcrumb":{"@id":"https:\/\/www.eldiario.net\/portal\/2025\/04\/13\/conduce-tu-destino-y-empodera-tu-camino-con-jac-iniciativa-que-impulsa-el-crecimiento-femenino\/#breadcrumb"},"inLanguage":"es","potentialAction":[{"@type":"ReadAction","target":["https:\/\/www.eldiario.net\/portal\/2025\/04\/13\/conduce-tu-destino-y-empodera-tu-camino-con-jac-iniciativa-que-impulsa-el-crecimiento-femenino\/"]}]},{"@type":"ImageObject","inLanguage":"es","@id":"https:\/\/www.eldiario.net\/portal\/2025\/04\/13\/conduce-tu-destino-y-empodera-tu-camino-con-jac-iniciativa-que-impulsa-el-crecimiento-femenino\/#primaryimage","url":"https:\/\/www.eldiario.net\/portal\/wp-content\/uploads\/2025\/04\/Alex-Bohrt-Michelle-Noriega-Vania-Fernandez-Denise-Hurtado-y-Daniela-Calatayud.jpg","contentUrl":"https:\/\/www.eldiario.net\/portal\/wp-content\/uploads\/2025\/04\/Alex-Bohrt-Michelle-Noriega-Vania-Fernandez-Denise-Hurtado-y-Daniela-Calatayud.jpg","width":1200,"height":800,"caption":"ALEX BOHRT, MICHELLE NORIEGA, VAN\u00cdA FERN\u00c1NDEZ, DENISE HURTADO Y DANIELA CALATAYUD."},{"@type":"BreadcrumbList","@id":"https:\/\/www.eldiario.net\/portal\/2025\/04\/13\/conduce-tu-destino-y-empodera-tu-camino-con-jac-iniciativa-que-impulsa-el-crecimiento-femenino\/#breadcrumb","itemListElement":[{"@type":"ListItem","position":1,"name":"Portada","item":"https:\/\/www.eldiario.net\/portal\/"},{"@type":"ListItem","position":2,"name":"\u00abConduce tu destino y empodera tu camino con JAC\u00bb iniciativa que impulsa el crecimiento femenino"}]},{"@type":"WebSite","@id":"https:\/\/www.eldiario.net\/portal\/#website","url":"https:\/\/www.eldiario.net\/portal\/","name":"El Diario - Decano de la prensa nacional","description":"El Diario - Decano de la prensa nacional","publisher":{"@id":"https:\/\/www.eldiario.net\/portal\/#organization"},"potentialAction":[{"@type":"SearchAction","target":{"@type":"EntryPoint","urlTemplate":"https:\/\/www.eldiario.net\/portal\/?s={search_term_string}"},"query-input":{"@type":"PropertyValueSpecification","valueRequired":true,"valueName":"search_term_string"}}],"inLanguage":"es"},{"@type":"Organization","@id":"https:\/\/www.eldiario.net\/portal\/#organization","name":"El Diario - Decano de la prensa nacional","url":"https:\/\/www.eldiario.net\/portal\/","logo":{"@type":"ImageObject","inLanguage":"es","@id":"https:\/\/www.eldiario.net\/portal\/#\/schema\/logo\/image\/","url":"https:\/\/www.eldiario.net\/portal\/wp-content\/uploads\/2023\/07\/logo_ED.jpg","contentUrl":"https:\/\/www.eldiario.net\/portal\/wp-content\/uploads\/2023\/07\/logo_ED.jpg","width":272,"height":52,"caption":"El Diario - Decano de la prensa nacional"},"image":{"@id":"https:\/\/www.eldiario.net\/portal\/#\/schema\/logo\/image\/"},"sameAs":["https:\/\/www.facebook.com\/eldiario.bolivia\/","https:\/\/x.com\/eldiario_net"]},{"@type":"Person","@id":"https:\/\/www.eldiario.net\/portal\/#\/schema\/person\/f46445640444750d7d753ccd04ae01b7","name":"Jeanette","image":{"@type":"ImageObject","inLanguage":"es","@id":"https:\/\/secure.gravatar.com\/avatar\/3ea2118a5f7dad2b7138b1187a6b7ee55f160b9968b66013c3a3ef39dd7e5798?s=96&d=mm&r=g","url":"https:\/\/secure.gravatar.com\/avatar\/3ea2118a5f7dad2b7138b1187a6b7ee55f160b9968b66013c3a3ef39dd7e5798?s=96&d=mm&r=g","contentUrl":"https:\/\/secure.gravatar.com\/avatar\/3ea2118a5f7dad2b7138b1187a6b7ee55f160b9968b66013c3a3ef39dd7e5798?s=96&d=mm&r=g","caption":"Jeanette"},"sameAs":["https:\/\/www.eldiario.net\/portal"],"url":"https:\/\/www.eldiario.net\/portal\/author\/jeanette\/"}]}},"_links":{"self":[{"href":"https:\/\/www.eldiario.net\/portal\/wp-json\/wp\/v2\/posts\/295071","targetHints":{"allow":["GET"]}}],"collection":[{"href":"https:\/\/www.eldiario.net\/portal\/wp-json\/wp\/v2\/posts"}],"about":[{"href":"https:\/\/www.eldiario.net\/portal\/wp-json\/wp\/v2\/types\/post"}],"author":[{"embeddable":true,"href":"https:\/\/www.eldiario.net\/portal\/wp-json\/wp\/v2\/users\/1"}],"replies":[{"embeddable":true,"href":"https:\/\/www.eldiario.net\/portal\/wp-json\/wp\/v2\/comments?post=295071"}],"version-history":[{"count":1,"href":"https:\/\/www.eldiario.net\/portal\/wp-json\/wp\/v2\/posts\/295071\/revisions"}],"predecessor-version":[{"id":295078,"href":"https:\/\/www.eldiario.net\/portal\/wp-json\/wp\/v2\/posts\/295071\/revisions\/295078"}],"wp:featuredmedia":[{"embeddable":true,"href":"https:\/\/www.eldiario.net\/portal\/wp-json\/wp\/v2\/media\/295073"}],"wp:attachment":[{"href":"https:\/\/www.eldiario.net\/portal\/wp-json\/wp\/v2\/media?parent=295071"}],"wp:term":[{"taxonomy":"category","embeddable":true,"href":"https:\/\/www.eldiario.net\/portal\/wp-json\/wp\/v2\/categories?post=295071"},{"taxonomy":"post_tag","embeddable":true,"href":"https:\/\/www.eldiario.net\/portal\/wp-json\/wp\/v2\/tags?post=295071"}],"curies":[{"name":"wp","href":"https:\/\/api.w.org\/{rel}","templated":true}]}}