{"id":294308,"date":"2025-04-10T05:21:17","date_gmt":"2025-04-10T09:21:17","guid":{"rendered":"https:\/\/www.eldiario.net\/portal\/?p=294308"},"modified":"2025-04-10T05:21:17","modified_gmt":"2025-04-10T09:21:17","slug":"reinciden-los-avasallamientos-en-predios-ganaderos-y-la-incertidumbre-vuelve","status":"publish","type":"post","link":"https:\/\/www.eldiario.net\/portal\/2025\/04\/10\/reinciden-los-avasallamientos-en-predios-ganaderos-y-la-incertidumbre-vuelve\/","title":{"rendered":"Reinciden los avasallamientos en predios ganaderos y la incertidumbre vuelve"},"content":{"rendered":"<p>La situaci\u00f3n es muy preocupante para el sector ganadero, no hay tranquilidad ni cumplimiento por parte del Gobierno, afirm\u00f3 el director de Fegasacruz, Javier Land\u00edvar, en conferencia de prensa la que volvi\u00f3 a denunciar avasallamientos en predios ganaderos.<\/p>\n<p>La propiedad Sausal de Carand\u00e1, perteneciente a Max Panoso fue nuevamente v\u00edctima de un avasallamiento, pese a que ya hab\u00eda denunciado y era de conocimiento de las entidades competentes. Se trata de una propiedad que, por segunda vez, ha sido tomada ilegalmente sin que las autoridades brinden respuestas.<\/p>\n<p>Panoso inform\u00f3 que el mi\u00e9rcoles 2 de abril, alrededor de 20 personas ingresaron de manera violenta a su propiedad, intimidando al administrador del lugar y a su familia. Asegura que todos los involucrados han sido plenamente identificados y que se trata de las mismas personas del primer avasallamiento, lo que demuestra un incumplimiento de las autoridades en el seguimiento del caso.<\/p>\n<p>\u201cLa inseguridad, la intranquilidad de m\u00e1s de un a\u00f1o, para mi familia y las familias que viven en mi propiedad no cesa, queremos ver detenidos para tener tranquilidad\u201d asegur\u00f3 la v\u00edctima por avasallamiento.\u00a0 Actualmente, los avasalladores contin\u00faan amedrentando, lo cual genera intranquilidad e inseguridad en la zona. Existe una denuncia formal en el municipio de Yapacan\u00ed.<\/p>\n<p>De acuerdo con medios internacionales, en Venezuela se oper\u00f3 de la misma forma, es decir avasallamientos, con el objetivo de provocar incertidumbre e inseguridad jur\u00eddica y p\u00e9rdidas econ\u00f3mica. A la fecha los resultados son nefastos debido a que la producci\u00f3n de alimentos es reducida.<\/p>\n","protected":false},"excerpt":{"rendered":"<p>La situaci\u00f3n es muy preocupante para el sector ganadero, no hay tranquilidad ni cumplimiento por parte del Gobierno, afirm\u00f3 el director de Fegasacruz, Javier Land\u00edvar, en conferencia de prensa la que volvi\u00f3 a denunciar avasallamientos en predios ganaderos. La propiedad Sausal de Carand\u00e1, perteneciente a Max Panoso fue nuevamente v\u00edctima de un avasallamiento, pese a [&hellip;]<\/p>\n","protected":false},"author":1,"featured_media":294309,"comment_status":"closed","ping_status":"open","sticky":false,"template":"","format":"standard","meta":{"_acf_changed":false,"footnotes":""},"categories":[15],"tags":[],"class_list":["post-294308","post","type-post","status-publish","format-standard","has-post-thumbnail","category-portada"],"acf":{"antetitulo":""},"yoast_head":"<!-- This site is optimized with the Yoast SEO plugin v28.4 - https:\/\/yoast.com\/product\/yoast-seo-wordpress\/ -->\n<title>Reinciden los avasallamientos en predios ganaderos y la incertidumbre vuelve - El Diario - Bolivia<\/title>\n<meta name=\"robots\" content=\"index, follow, max-snippet:-1, max-image-preview:large, max-video-preview:-1\" \/>\n<link rel=\"canonical\" href=\"https:\/\/www.eldiario.net\/portal\/2025\/04\/10\/reinciden-los-avasallamientos-en-predios-ganaderos-y-la-incertidumbre-vuelve\/\" \/>\n<meta property=\"og:locale\" content=\"es_ES\" \/>\n<meta property=\"og:type\" content=\"article\" \/>\n<meta property=\"og:title\" content=\"Reinciden los avasallamientos en predios ganaderos y la incertidumbre vuelve - El Diario - Bolivia\" \/>\n<meta property=\"og:description\" content=\"La situaci\u00f3n es muy preocupante para el sector ganadero, no hay tranquilidad ni cumplimiento por parte del Gobierno, afirm\u00f3 el director de Fegasacruz, Javier Land\u00edvar, en conferencia de prensa la que volvi\u00f3 a denunciar avasallamientos en predios ganaderos. La propiedad Sausal de Carand\u00e1, perteneciente a Max Panoso fue nuevamente v\u00edctima de un avasallamiento, pese a [&hellip;]\" \/>\n<meta property=\"og:url\" content=\"https:\/\/www.eldiario.net\/portal\/2025\/04\/10\/reinciden-los-avasallamientos-en-predios-ganaderos-y-la-incertidumbre-vuelve\/\" \/>\n<meta property=\"og:site_name\" content=\"El Diario - Bolivia\" \/>\n<meta property=\"article:publisher\" content=\"https:\/\/www.facebook.com\/eldiario.bolivia\/\" \/>\n<meta property=\"article:published_time\" content=\"2025-04-10T09:21:17+00:00\" \/>\n<meta property=\"og:image\" content=\"https:\/\/www.eldiario.net\/portal\/wp-content\/uploads\/2025\/04\/RAROS-FOTO.jpg\" \/>\n\t<meta property=\"og:image:width\" content=\"1200\" \/>\n\t<meta property=\"og:image:height\" content=\"900\" \/>\n\t<meta property=\"og:image:type\" content=\"image\/jpeg\" \/>\n<meta name=\"author\" content=\"Jeanette\" \/>\n<meta name=\"twitter:card\" content=\"summary_large_image\" \/>\n<meta name=\"twitter:creator\" content=\"@eldiario_net\" \/>\n<meta name=\"twitter:site\" content=\"@eldiario_net\" \/>\n<meta name=\"twitter:label1\" content=\"Escrito por\" \/>\n\t<meta name=\"twitter:data1\" content=\"Jeanette\" \/>\n\t<meta name=\"twitter:label2\" content=\"Tiempo de lectura\" \/>\n\t<meta name=\"twitter:data2\" content=\"2 minutos\" \/>\n<script type=\"application\/ld+json\" class=\"yoast-schema-graph\">{\"@context\":\"https:\\\/\\\/schema.org\",\"@graph\":[{\"@type\":\"Article\",\"@id\":\"https:\\\/\\\/www.eldiario.net\\\/portal\\\/2025\\\/04\\\/10\\\/reinciden-los-avasallamientos-en-predios-ganaderos-y-la-incertidumbre-vuelve\\\/#article\",\"isPartOf\":{\"@id\":\"https:\\\/\\\/www.eldiario.net\\\/portal\\\/2025\\\/04\\\/10\\\/reinciden-los-avasallamientos-en-predios-ganaderos-y-la-incertidumbre-vuelve\\\/\"},\"author\":{\"name\":\"Jeanette\",\"@id\":\"https:\\\/\\\/www.eldiario.net\\\/portal\\\/#\\\/schema\\\/person\\\/f46445640444750d7d753ccd04ae01b7\"},\"headline\":\"Reinciden los avasallamientos en predios ganaderos y la incertidumbre vuelve\",\"datePublished\":\"2025-04-10T09:21:17+00:00\",\"mainEntityOfPage\":{\"@id\":\"https:\\\/\\\/www.eldiario.net\\\/portal\\\/2025\\\/04\\\/10\\\/reinciden-los-avasallamientos-en-predios-ganaderos-y-la-incertidumbre-vuelve\\\/\"},\"wordCount\":268,\"publisher\":{\"@id\":\"https:\\\/\\\/www.eldiario.net\\\/portal\\\/#organization\"},\"image\":{\"@id\":\"https:\\\/\\\/www.eldiario.net\\\/portal\\\/2025\\\/04\\\/10\\\/reinciden-los-avasallamientos-en-predios-ganaderos-y-la-incertidumbre-vuelve\\\/#primaryimage\"},\"thumbnailUrl\":\"https:\\\/\\\/www.eldiario.net\\\/portal\\\/wp-content\\\/uploads\\\/2025\\\/04\\\/RAROS-FOTO.jpg\",\"articleSection\":[\"Portada\"],\"inLanguage\":\"es\"},{\"@type\":\"WebPage\",\"@id\":\"https:\\\/\\\/www.eldiario.net\\\/portal\\\/2025\\\/04\\\/10\\\/reinciden-los-avasallamientos-en-predios-ganaderos-y-la-incertidumbre-vuelve\\\/\",\"url\":\"https:\\\/\\\/www.eldiario.net\\\/portal\\\/2025\\\/04\\\/10\\\/reinciden-los-avasallamientos-en-predios-ganaderos-y-la-incertidumbre-vuelve\\\/\",\"name\":\"Reinciden los avasallamientos en predios ganaderos y la incertidumbre vuelve - El Diario - Bolivia\",\"isPartOf\":{\"@id\":\"https:\\\/\\\/www.eldiario.net\\\/portal\\\/#website\"},\"primaryImageOfPage\":{\"@id\":\"https:\\\/\\\/www.eldiario.net\\\/portal\\\/2025\\\/04\\\/10\\\/reinciden-los-avasallamientos-en-predios-ganaderos-y-la-incertidumbre-vuelve\\\/#primaryimage\"},\"image\":{\"@id\":\"https:\\\/\\\/www.eldiario.net\\\/portal\\\/2025\\\/04\\\/10\\\/reinciden-los-avasallamientos-en-predios-ganaderos-y-la-incertidumbre-vuelve\\\/#primaryimage\"},\"thumbnailUrl\":\"https:\\\/\\\/www.eldiario.net\\\/portal\\\/wp-content\\\/uploads\\\/2025\\\/04\\\/RAROS-FOTO.jpg\",\"datePublished\":\"2025-04-10T09:21:17+00:00\",\"breadcrumb\":{\"@id\":\"https:\\\/\\\/www.eldiario.net\\\/portal\\\/2025\\\/04\\\/10\\\/reinciden-los-avasallamientos-en-predios-ganaderos-y-la-incertidumbre-vuelve\\\/#breadcrumb\"},\"inLanguage\":\"es\",\"potentialAction\":[{\"@type\":\"ReadAction\",\"target\":[\"https:\\\/\\\/www.eldiario.net\\\/portal\\\/2025\\\/04\\\/10\\\/reinciden-los-avasallamientos-en-predios-ganaderos-y-la-incertidumbre-vuelve\\\/\"]}]},{\"@type\":\"ImageObject\",\"inLanguage\":\"es\",\"@id\":\"https:\\\/\\\/www.eldiario.net\\\/portal\\\/2025\\\/04\\\/10\\\/reinciden-los-avasallamientos-en-predios-ganaderos-y-la-incertidumbre-vuelve\\\/#primaryimage\",\"url\":\"https:\\\/\\\/www.eldiario.net\\\/portal\\\/wp-content\\\/uploads\\\/2025\\\/04\\\/RAROS-FOTO.jpg\",\"contentUrl\":\"https:\\\/\\\/www.eldiario.net\\\/portal\\\/wp-content\\\/uploads\\\/2025\\\/04\\\/RAROS-FOTO.jpg\",\"width\":1200,\"height\":900,\"caption\":\"Ejecutivos de Fegasacruz, en conferencia de prensa. Foto Fegasacruz\"},{\"@type\":\"BreadcrumbList\",\"@id\":\"https:\\\/\\\/www.eldiario.net\\\/portal\\\/2025\\\/04\\\/10\\\/reinciden-los-avasallamientos-en-predios-ganaderos-y-la-incertidumbre-vuelve\\\/#breadcrumb\",\"itemListElement\":[{\"@type\":\"ListItem\",\"position\":1,\"name\":\"Portada\",\"item\":\"https:\\\/\\\/www.eldiario.net\\\/portal\\\/\"},{\"@type\":\"ListItem\",\"position\":2,\"name\":\"Reinciden los avasallamientos en predios ganaderos y la incertidumbre vuelve\"}]},{\"@type\":\"WebSite\",\"@id\":\"https:\\\/\\\/www.eldiario.net\\\/portal\\\/#website\",\"url\":\"https:\\\/\\\/www.eldiario.net\\\/portal\\\/\",\"name\":\"El Diario - Decano de la prensa nacional\",\"description\":\"El Diario - Decano de la prensa nacional\",\"publisher\":{\"@id\":\"https:\\\/\\\/www.eldiario.net\\\/portal\\\/#organization\"},\"potentialAction\":[{\"@type\":\"SearchAction\",\"target\":{\"@type\":\"EntryPoint\",\"urlTemplate\":\"https:\\\/\\\/www.eldiario.net\\\/portal\\\/?s={search_term_string}\"},\"query-input\":{\"@type\":\"PropertyValueSpecification\",\"valueRequired\":true,\"valueName\":\"search_term_string\"}}],\"inLanguage\":\"es\"},{\"@type\":\"Organization\",\"@id\":\"https:\\\/\\\/www.eldiario.net\\\/portal\\\/#organization\",\"name\":\"El Diario - Decano de la prensa nacional\",\"url\":\"https:\\\/\\\/www.eldiario.net\\\/portal\\\/\",\"logo\":{\"@type\":\"ImageObject\",\"inLanguage\":\"es\",\"@id\":\"https:\\\/\\\/www.eldiario.net\\\/portal\\\/#\\\/schema\\\/logo\\\/image\\\/\",\"url\":\"https:\\\/\\\/www.eldiario.net\\\/portal\\\/wp-content\\\/uploads\\\/2023\\\/07\\\/logo_ED.jpg\",\"contentUrl\":\"https:\\\/\\\/www.eldiario.net\\\/portal\\\/wp-content\\\/uploads\\\/2023\\\/07\\\/logo_ED.jpg\",\"width\":272,\"height\":52,\"caption\":\"El Diario - Decano de la prensa nacional\"},\"image\":{\"@id\":\"https:\\\/\\\/www.eldiario.net\\\/portal\\\/#\\\/schema\\\/logo\\\/image\\\/\"},\"sameAs\":[\"https:\\\/\\\/www.facebook.com\\\/eldiario.bolivia\\\/\",\"https:\\\/\\\/x.com\\\/eldiario_net\"]},{\"@type\":\"Person\",\"@id\":\"https:\\\/\\\/www.eldiario.net\\\/portal\\\/#\\\/schema\\\/person\\\/f46445640444750d7d753ccd04ae01b7\",\"name\":\"Jeanette\",\"image\":{\"@type\":\"ImageObject\",\"inLanguage\":\"es\",\"@id\":\"https:\\\/\\\/secure.gravatar.com\\\/avatar\\\/3ea2118a5f7dad2b7138b1187a6b7ee55f160b9968b66013c3a3ef39dd7e5798?s=96&d=mm&r=g\",\"url\":\"https:\\\/\\\/secure.gravatar.com\\\/avatar\\\/3ea2118a5f7dad2b7138b1187a6b7ee55f160b9968b66013c3a3ef39dd7e5798?s=96&d=mm&r=g\",\"contentUrl\":\"https:\\\/\\\/secure.gravatar.com\\\/avatar\\\/3ea2118a5f7dad2b7138b1187a6b7ee55f160b9968b66013c3a3ef39dd7e5798?s=96&d=mm&r=g\",\"caption\":\"Jeanette\"},\"sameAs\":[\"https:\\\/\\\/www.eldiario.net\\\/portal\"],\"url\":\"https:\\\/\\\/www.eldiario.net\\\/portal\\\/author\\\/jeanette\\\/\"}]}<\/script>\n<!-- \/ Yoast SEO plugin. -->","yoast_head_json":{"title":"Reinciden los avasallamientos en predios ganaderos y la incertidumbre vuelve - El Diario - Bolivia","robots":{"index":"index","follow":"follow","max-snippet":"max-snippet:-1","max-image-preview":"max-image-preview:large","max-video-preview":"max-video-preview:-1"},"canonical":"https:\/\/www.eldiario.net\/portal\/2025\/04\/10\/reinciden-los-avasallamientos-en-predios-ganaderos-y-la-incertidumbre-vuelve\/","og_locale":"es_ES","og_type":"article","og_title":"Reinciden los avasallamientos en predios ganaderos y la incertidumbre vuelve - El Diario - Bolivia","og_description":"La situaci\u00f3n es muy preocupante para el sector ganadero, no hay tranquilidad ni cumplimiento por parte del Gobierno, afirm\u00f3 el director de Fegasacruz, Javier Land\u00edvar, en conferencia de prensa la que volvi\u00f3 a denunciar avasallamientos en predios ganaderos. La propiedad Sausal de Carand\u00e1, perteneciente a Max Panoso fue nuevamente v\u00edctima de un avasallamiento, pese a [&hellip;]","og_url":"https:\/\/www.eldiario.net\/portal\/2025\/04\/10\/reinciden-los-avasallamientos-en-predios-ganaderos-y-la-incertidumbre-vuelve\/","og_site_name":"El Diario - Bolivia","article_publisher":"https:\/\/www.facebook.com\/eldiario.bolivia\/","article_published_time":"2025-04-10T09:21:17+00:00","og_image":[{"width":1200,"height":900,"url":"https:\/\/www.eldiario.net\/portal\/wp-content\/uploads\/2025\/04\/RAROS-FOTO.jpg","type":"image\/jpeg"}],"author":"Jeanette","twitter_card":"summary_large_image","twitter_creator":"@eldiario_net","twitter_site":"@eldiario_net","twitter_misc":{"Escrito por":"Jeanette","Tiempo de lectura":"2 minutos"},"schema":{"@context":"https:\/\/schema.org","@graph":[{"@type":"Article","@id":"https:\/\/www.eldiario.net\/portal\/2025\/04\/10\/reinciden-los-avasallamientos-en-predios-ganaderos-y-la-incertidumbre-vuelve\/#article","isPartOf":{"@id":"https:\/\/www.eldiario.net\/portal\/2025\/04\/10\/reinciden-los-avasallamientos-en-predios-ganaderos-y-la-incertidumbre-vuelve\/"},"author":{"name":"Jeanette","@id":"https:\/\/www.eldiario.net\/portal\/#\/schema\/person\/f46445640444750d7d753ccd04ae01b7"},"headline":"Reinciden los avasallamientos en predios ganaderos y la incertidumbre vuelve","datePublished":"2025-04-10T09:21:17+00:00","mainEntityOfPage":{"@id":"https:\/\/www.eldiario.net\/portal\/2025\/04\/10\/reinciden-los-avasallamientos-en-predios-ganaderos-y-la-incertidumbre-vuelve\/"},"wordCount":268,"publisher":{"@id":"https:\/\/www.eldiario.net\/portal\/#organization"},"image":{"@id":"https:\/\/www.eldiario.net\/portal\/2025\/04\/10\/reinciden-los-avasallamientos-en-predios-ganaderos-y-la-incertidumbre-vuelve\/#primaryimage"},"thumbnailUrl":"https:\/\/www.eldiario.net\/portal\/wp-content\/uploads\/2025\/04\/RAROS-FOTO.jpg","articleSection":["Portada"],"inLanguage":"es"},{"@type":"WebPage","@id":"https:\/\/www.eldiario.net\/portal\/2025\/04\/10\/reinciden-los-avasallamientos-en-predios-ganaderos-y-la-incertidumbre-vuelve\/","url":"https:\/\/www.eldiario.net\/portal\/2025\/04\/10\/reinciden-los-avasallamientos-en-predios-ganaderos-y-la-incertidumbre-vuelve\/","name":"Reinciden los avasallamientos en predios ganaderos y la incertidumbre vuelve - El Diario - Bolivia","isPartOf":{"@id":"https:\/\/www.eldiario.net\/portal\/#website"},"primaryImageOfPage":{"@id":"https:\/\/www.eldiario.net\/portal\/2025\/04\/10\/reinciden-los-avasallamientos-en-predios-ganaderos-y-la-incertidumbre-vuelve\/#primaryimage"},"image":{"@id":"https:\/\/www.eldiario.net\/portal\/2025\/04\/10\/reinciden-los-avasallamientos-en-predios-ganaderos-y-la-incertidumbre-vuelve\/#primaryimage"},"thumbnailUrl":"https:\/\/www.eldiario.net\/portal\/wp-content\/uploads\/2025\/04\/RAROS-FOTO.jpg","datePublished":"2025-04-10T09:21:17+00:00","breadcrumb":{"@id":"https:\/\/www.eldiario.net\/portal\/2025\/04\/10\/reinciden-los-avasallamientos-en-predios-ganaderos-y-la-incertidumbre-vuelve\/#breadcrumb"},"inLanguage":"es","potentialAction":[{"@type":"ReadAction","target":["https:\/\/www.eldiario.net\/portal\/2025\/04\/10\/reinciden-los-avasallamientos-en-predios-ganaderos-y-la-incertidumbre-vuelve\/"]}]},{"@type":"ImageObject","inLanguage":"es","@id":"https:\/\/www.eldiario.net\/portal\/2025\/04\/10\/reinciden-los-avasallamientos-en-predios-ganaderos-y-la-incertidumbre-vuelve\/#primaryimage","url":"https:\/\/www.eldiario.net\/portal\/wp-content\/uploads\/2025\/04\/RAROS-FOTO.jpg","contentUrl":"https:\/\/www.eldiario.net\/portal\/wp-content\/uploads\/2025\/04\/RAROS-FOTO.jpg","width":1200,"height":900,"caption":"Ejecutivos de Fegasacruz, en conferencia de prensa. Foto Fegasacruz"},{"@type":"BreadcrumbList","@id":"https:\/\/www.eldiario.net\/portal\/2025\/04\/10\/reinciden-los-avasallamientos-en-predios-ganaderos-y-la-incertidumbre-vuelve\/#breadcrumb","itemListElement":[{"@type":"ListItem","position":1,"name":"Portada","item":"https:\/\/www.eldiario.net\/portal\/"},{"@type":"ListItem","position":2,"name":"Reinciden los avasallamientos en predios ganaderos y la incertidumbre vuelve"}]},{"@type":"WebSite","@id":"https:\/\/www.eldiario.net\/portal\/#website","url":"https:\/\/www.eldiario.net\/portal\/","name":"El Diario - Decano de la prensa nacional","description":"El Diario - Decano de la prensa nacional","publisher":{"@id":"https:\/\/www.eldiario.net\/portal\/#organization"},"potentialAction":[{"@type":"SearchAction","target":{"@type":"EntryPoint","urlTemplate":"https:\/\/www.eldiario.net\/portal\/?s={search_term_string}"},"query-input":{"@type":"PropertyValueSpecification","valueRequired":true,"valueName":"search_term_string"}}],"inLanguage":"es"},{"@type":"Organization","@id":"https:\/\/www.eldiario.net\/portal\/#organization","name":"El Diario - Decano de la prensa nacional","url":"https:\/\/www.eldiario.net\/portal\/","logo":{"@type":"ImageObject","inLanguage":"es","@id":"https:\/\/www.eldiario.net\/portal\/#\/schema\/logo\/image\/","url":"https:\/\/www.eldiario.net\/portal\/wp-content\/uploads\/2023\/07\/logo_ED.jpg","contentUrl":"https:\/\/www.eldiario.net\/portal\/wp-content\/uploads\/2023\/07\/logo_ED.jpg","width":272,"height":52,"caption":"El Diario - Decano de la prensa nacional"},"image":{"@id":"https:\/\/www.eldiario.net\/portal\/#\/schema\/logo\/image\/"},"sameAs":["https:\/\/www.facebook.com\/eldiario.bolivia\/","https:\/\/x.com\/eldiario_net"]},{"@type":"Person","@id":"https:\/\/www.eldiario.net\/portal\/#\/schema\/person\/f46445640444750d7d753ccd04ae01b7","name":"Jeanette","image":{"@type":"ImageObject","inLanguage":"es","@id":"https:\/\/secure.gravatar.com\/avatar\/3ea2118a5f7dad2b7138b1187a6b7ee55f160b9968b66013c3a3ef39dd7e5798?s=96&d=mm&r=g","url":"https:\/\/secure.gravatar.com\/avatar\/3ea2118a5f7dad2b7138b1187a6b7ee55f160b9968b66013c3a3ef39dd7e5798?s=96&d=mm&r=g","contentUrl":"https:\/\/secure.gravatar.com\/avatar\/3ea2118a5f7dad2b7138b1187a6b7ee55f160b9968b66013c3a3ef39dd7e5798?s=96&d=mm&r=g","caption":"Jeanette"},"sameAs":["https:\/\/www.eldiario.net\/portal"],"url":"https:\/\/www.eldiario.net\/portal\/author\/jeanette\/"}]}},"_links":{"self":[{"href":"https:\/\/www.eldiario.net\/portal\/wp-json\/wp\/v2\/posts\/294308","targetHints":{"allow":["GET"]}}],"collection":[{"href":"https:\/\/www.eldiario.net\/portal\/wp-json\/wp\/v2\/posts"}],"about":[{"href":"https:\/\/www.eldiario.net\/portal\/wp-json\/wp\/v2\/types\/post"}],"author":[{"embeddable":true,"href":"https:\/\/www.eldiario.net\/portal\/wp-json\/wp\/v2\/users\/1"}],"replies":[{"embeddable":true,"href":"https:\/\/www.eldiario.net\/portal\/wp-json\/wp\/v2\/comments?post=294308"}],"version-history":[{"count":1,"href":"https:\/\/www.eldiario.net\/portal\/wp-json\/wp\/v2\/posts\/294308\/revisions"}],"predecessor-version":[{"id":294310,"href":"https:\/\/www.eldiario.net\/portal\/wp-json\/wp\/v2\/posts\/294308\/revisions\/294310"}],"wp:featuredmedia":[{"embeddable":true,"href":"https:\/\/www.eldiario.net\/portal\/wp-json\/wp\/v2\/media\/294309"}],"wp:attachment":[{"href":"https:\/\/www.eldiario.net\/portal\/wp-json\/wp\/v2\/media?parent=294308"}],"wp:term":[{"taxonomy":"category","embeddable":true,"href":"https:\/\/www.eldiario.net\/portal\/wp-json\/wp\/v2\/categories?post=294308"},{"taxonomy":"post_tag","embeddable":true,"href":"https:\/\/www.eldiario.net\/portal\/wp-json\/wp\/v2\/tags?post=294308"}],"curies":[{"name":"wp","href":"https:\/\/api.w.org\/{rel}","templated":true}]}}