{"id":294299,"date":"2025-04-10T05:17:43","date_gmt":"2025-04-10T09:17:43","guid":{"rendered":"https:\/\/www.eldiario.net\/portal\/?p=294299"},"modified":"2025-04-10T05:17:43","modified_gmt":"2025-04-10T09:17:43","slug":"trufi-y-minibus-vuelcan-en-el-mismo-lugar-en-arque","status":"publish","type":"post","link":"https:\/\/www.eldiario.net\/portal\/2025\/04\/10\/trufi-y-minibus-vuelcan-en-el-mismo-lugar-en-arque\/","title":{"rendered":"Trufi y minib\u00fas vuelcan en el mismo lugar en Arque"},"content":{"rendered":"<p>Al menos 13 personas resultaron heridas tras el vuelco de dos veh\u00edculos en el municipio cochabambino de Arque, hechos que son investigados por la Polic\u00eda.<\/p>\n<p>Seg\u00fan informes preliminares, el trufi volc\u00f3 violentamente en plena v\u00eda cuando llevaba una decena de pasajeros a bordo, quedando pr\u00e1cticamente destruido y dejando heridos a sus ocupantes, de acuerdo con un reporte de la red Unitel.<\/p>\n<p>Tras recibir la alerta, el segundo motorizado, tipo surub\u00ed, se dirigi\u00f3 al lugar del siniestro con tres personas a bordo, para ayudar a los afectados. Sin embargo, tambi\u00e9n sufri\u00f3 un vuelco en medio del camino, quedando heridos tambi\u00e9n sus ocupantes.<\/p>\n<p>Las personas afectadas fueron auxiliadas y trasladadas a centros m\u00e9dicos cercanos para recibir la atenci\u00f3n correspondiente. En tanto, los casos fueron puestos a conocimiento del Ministerio P\u00fablico para esclarecer las causas de ambos acontecimientos.<\/p>\n<p>Se aguardan informes oficiales en relaci\u00f3n a estos dos hechos, por parte de autoridades.<\/p>\n<p>&nbsp;<\/p>\n","protected":false},"excerpt":{"rendered":"<p>Al menos 13 personas resultaron heridas tras el vuelco de dos veh\u00edculos en el municipio cochabambino de Arque, hechos que son investigados por la Polic\u00eda. Seg\u00fan informes preliminares, el trufi volc\u00f3 violentamente en plena v\u00eda cuando llevaba una decena de pasajeros a bordo, quedando pr\u00e1cticamente destruido y dejando heridos a sus ocupantes, de acuerdo con [&hellip;]<\/p>\n","protected":false},"author":1,"featured_media":294300,"comment_status":"closed","ping_status":"open","sticky":false,"template":"","format":"standard","meta":{"_acf_changed":false,"footnotes":""},"categories":[39],"tags":[],"class_list":["post-294299","post","type-post","status-publish","format-standard","has-post-thumbnail","category-sociedad"],"acf":{"antetitulo":"Hay 13 heridos"},"yoast_head":"<!-- This site is optimized with the Yoast SEO plugin v28.4 - https:\/\/yoast.com\/product\/yoast-seo-wordpress\/ -->\n<title>Trufi y minib\u00fas vuelcan en el mismo lugar en Arque - El Diario - Bolivia<\/title>\n<meta name=\"robots\" content=\"index, follow, max-snippet:-1, max-image-preview:large, max-video-preview:-1\" \/>\n<link rel=\"canonical\" href=\"https:\/\/www.eldiario.net\/portal\/2025\/04\/10\/trufi-y-minibus-vuelcan-en-el-mismo-lugar-en-arque\/\" \/>\n<meta property=\"og:locale\" content=\"es_ES\" \/>\n<meta property=\"og:type\" content=\"article\" \/>\n<meta property=\"og:title\" content=\"Trufi y minib\u00fas vuelcan en el mismo lugar en Arque - El Diario - Bolivia\" \/>\n<meta property=\"og:description\" content=\"Al menos 13 personas resultaron heridas tras el vuelco de dos veh\u00edculos en el municipio cochabambino de Arque, hechos que son investigados por la Polic\u00eda. Seg\u00fan informes preliminares, el trufi volc\u00f3 violentamente en plena v\u00eda cuando llevaba una decena de pasajeros a bordo, quedando pr\u00e1cticamente destruido y dejando heridos a sus ocupantes, de acuerdo con [&hellip;]\" \/>\n<meta property=\"og:url\" content=\"https:\/\/www.eldiario.net\/portal\/2025\/04\/10\/trufi-y-minibus-vuelcan-en-el-mismo-lugar-en-arque\/\" \/>\n<meta property=\"og:site_name\" content=\"El Diario - Bolivia\" \/>\n<meta property=\"article:publisher\" content=\"https:\/\/www.facebook.com\/eldiario.bolivia\/\" \/>\n<meta property=\"article:published_time\" content=\"2025-04-10T09:17:43+00:00\" \/>\n<meta property=\"og:image\" content=\"https:\/\/www.eldiario.net\/portal\/wp-content\/uploads\/2025\/04\/ACC-FOTO.jpg\" \/>\n\t<meta property=\"og:image:width\" content=\"1135\" \/>\n\t<meta property=\"og:image:height\" content=\"545\" \/>\n\t<meta property=\"og:image:type\" content=\"image\/jpeg\" \/>\n<meta name=\"author\" content=\"Jeanette\" \/>\n<meta name=\"twitter:card\" content=\"summary_large_image\" \/>\n<meta name=\"twitter:creator\" content=\"@eldiario_net\" \/>\n<meta name=\"twitter:site\" content=\"@eldiario_net\" \/>\n<meta name=\"twitter:label1\" content=\"Escrito por\" \/>\n\t<meta name=\"twitter:data1\" content=\"Jeanette\" \/>\n\t<meta name=\"twitter:label2\" content=\"Tiempo de lectura\" \/>\n\t<meta name=\"twitter:data2\" content=\"1 minuto\" \/>\n<script type=\"application\/ld+json\" class=\"yoast-schema-graph\">{\"@context\":\"https:\\\/\\\/schema.org\",\"@graph\":[{\"@type\":\"Article\",\"@id\":\"https:\\\/\\\/www.eldiario.net\\\/portal\\\/2025\\\/04\\\/10\\\/trufi-y-minibus-vuelcan-en-el-mismo-lugar-en-arque\\\/#article\",\"isPartOf\":{\"@id\":\"https:\\\/\\\/www.eldiario.net\\\/portal\\\/2025\\\/04\\\/10\\\/trufi-y-minibus-vuelcan-en-el-mismo-lugar-en-arque\\\/\"},\"author\":{\"name\":\"Jeanette\",\"@id\":\"https:\\\/\\\/www.eldiario.net\\\/portal\\\/#\\\/schema\\\/person\\\/f46445640444750d7d753ccd04ae01b7\"},\"headline\":\"Trufi y minib\u00fas vuelcan en el mismo lugar en Arque\",\"datePublished\":\"2025-04-10T09:17:43+00:00\",\"mainEntityOfPage\":{\"@id\":\"https:\\\/\\\/www.eldiario.net\\\/portal\\\/2025\\\/04\\\/10\\\/trufi-y-minibus-vuelcan-en-el-mismo-lugar-en-arque\\\/\"},\"wordCount\":171,\"publisher\":{\"@id\":\"https:\\\/\\\/www.eldiario.net\\\/portal\\\/#organization\"},\"image\":{\"@id\":\"https:\\\/\\\/www.eldiario.net\\\/portal\\\/2025\\\/04\\\/10\\\/trufi-y-minibus-vuelcan-en-el-mismo-lugar-en-arque\\\/#primaryimage\"},\"thumbnailUrl\":\"https:\\\/\\\/www.eldiario.net\\\/portal\\\/wp-content\\\/uploads\\\/2025\\\/04\\\/ACC-FOTO.jpg\",\"articleSection\":[\"Sociedad - Seguridad\"],\"inLanguage\":\"es\"},{\"@type\":\"WebPage\",\"@id\":\"https:\\\/\\\/www.eldiario.net\\\/portal\\\/2025\\\/04\\\/10\\\/trufi-y-minibus-vuelcan-en-el-mismo-lugar-en-arque\\\/\",\"url\":\"https:\\\/\\\/www.eldiario.net\\\/portal\\\/2025\\\/04\\\/10\\\/trufi-y-minibus-vuelcan-en-el-mismo-lugar-en-arque\\\/\",\"name\":\"Trufi y minib\u00fas vuelcan en el mismo lugar en Arque - El Diario - Bolivia\",\"isPartOf\":{\"@id\":\"https:\\\/\\\/www.eldiario.net\\\/portal\\\/#website\"},\"primaryImageOfPage\":{\"@id\":\"https:\\\/\\\/www.eldiario.net\\\/portal\\\/2025\\\/04\\\/10\\\/trufi-y-minibus-vuelcan-en-el-mismo-lugar-en-arque\\\/#primaryimage\"},\"image\":{\"@id\":\"https:\\\/\\\/www.eldiario.net\\\/portal\\\/2025\\\/04\\\/10\\\/trufi-y-minibus-vuelcan-en-el-mismo-lugar-en-arque\\\/#primaryimage\"},\"thumbnailUrl\":\"https:\\\/\\\/www.eldiario.net\\\/portal\\\/wp-content\\\/uploads\\\/2025\\\/04\\\/ACC-FOTO.jpg\",\"datePublished\":\"2025-04-10T09:17:43+00:00\",\"breadcrumb\":{\"@id\":\"https:\\\/\\\/www.eldiario.net\\\/portal\\\/2025\\\/04\\\/10\\\/trufi-y-minibus-vuelcan-en-el-mismo-lugar-en-arque\\\/#breadcrumb\"},\"inLanguage\":\"es\",\"potentialAction\":[{\"@type\":\"ReadAction\",\"target\":[\"https:\\\/\\\/www.eldiario.net\\\/portal\\\/2025\\\/04\\\/10\\\/trufi-y-minibus-vuelcan-en-el-mismo-lugar-en-arque\\\/\"]}]},{\"@type\":\"ImageObject\",\"inLanguage\":\"es\",\"@id\":\"https:\\\/\\\/www.eldiario.net\\\/portal\\\/2025\\\/04\\\/10\\\/trufi-y-minibus-vuelcan-en-el-mismo-lugar-en-arque\\\/#primaryimage\",\"url\":\"https:\\\/\\\/www.eldiario.net\\\/portal\\\/wp-content\\\/uploads\\\/2025\\\/04\\\/ACC-FOTO.jpg\",\"contentUrl\":\"https:\\\/\\\/www.eldiario.net\\\/portal\\\/wp-content\\\/uploads\\\/2025\\\/04\\\/ACC-FOTO.jpg\",\"width\":1135,\"height\":545,\"caption\":\"Ambos veh\u00edculos volcaron en el mismo punto. Foto: Unitel\"},{\"@type\":\"BreadcrumbList\",\"@id\":\"https:\\\/\\\/www.eldiario.net\\\/portal\\\/2025\\\/04\\\/10\\\/trufi-y-minibus-vuelcan-en-el-mismo-lugar-en-arque\\\/#breadcrumb\",\"itemListElement\":[{\"@type\":\"ListItem\",\"position\":1,\"name\":\"Portada\",\"item\":\"https:\\\/\\\/www.eldiario.net\\\/portal\\\/\"},{\"@type\":\"ListItem\",\"position\":2,\"name\":\"Trufi y minib\u00fas vuelcan en el mismo lugar en Arque\"}]},{\"@type\":\"WebSite\",\"@id\":\"https:\\\/\\\/www.eldiario.net\\\/portal\\\/#website\",\"url\":\"https:\\\/\\\/www.eldiario.net\\\/portal\\\/\",\"name\":\"El Diario - Decano de la prensa nacional\",\"description\":\"El Diario - Decano de la prensa nacional\",\"publisher\":{\"@id\":\"https:\\\/\\\/www.eldiario.net\\\/portal\\\/#organization\"},\"potentialAction\":[{\"@type\":\"SearchAction\",\"target\":{\"@type\":\"EntryPoint\",\"urlTemplate\":\"https:\\\/\\\/www.eldiario.net\\\/portal\\\/?s={search_term_string}\"},\"query-input\":{\"@type\":\"PropertyValueSpecification\",\"valueRequired\":true,\"valueName\":\"search_term_string\"}}],\"inLanguage\":\"es\"},{\"@type\":\"Organization\",\"@id\":\"https:\\\/\\\/www.eldiario.net\\\/portal\\\/#organization\",\"name\":\"El Diario - Decano de la prensa nacional\",\"url\":\"https:\\\/\\\/www.eldiario.net\\\/portal\\\/\",\"logo\":{\"@type\":\"ImageObject\",\"inLanguage\":\"es\",\"@id\":\"https:\\\/\\\/www.eldiario.net\\\/portal\\\/#\\\/schema\\\/logo\\\/image\\\/\",\"url\":\"https:\\\/\\\/www.eldiario.net\\\/portal\\\/wp-content\\\/uploads\\\/2023\\\/07\\\/logo_ED.jpg\",\"contentUrl\":\"https:\\\/\\\/www.eldiario.net\\\/portal\\\/wp-content\\\/uploads\\\/2023\\\/07\\\/logo_ED.jpg\",\"width\":272,\"height\":52,\"caption\":\"El Diario - Decano de la prensa nacional\"},\"image\":{\"@id\":\"https:\\\/\\\/www.eldiario.net\\\/portal\\\/#\\\/schema\\\/logo\\\/image\\\/\"},\"sameAs\":[\"https:\\\/\\\/www.facebook.com\\\/eldiario.bolivia\\\/\",\"https:\\\/\\\/x.com\\\/eldiario_net\"]},{\"@type\":\"Person\",\"@id\":\"https:\\\/\\\/www.eldiario.net\\\/portal\\\/#\\\/schema\\\/person\\\/f46445640444750d7d753ccd04ae01b7\",\"name\":\"Jeanette\",\"image\":{\"@type\":\"ImageObject\",\"inLanguage\":\"es\",\"@id\":\"https:\\\/\\\/secure.gravatar.com\\\/avatar\\\/3ea2118a5f7dad2b7138b1187a6b7ee55f160b9968b66013c3a3ef39dd7e5798?s=96&d=mm&r=g\",\"url\":\"https:\\\/\\\/secure.gravatar.com\\\/avatar\\\/3ea2118a5f7dad2b7138b1187a6b7ee55f160b9968b66013c3a3ef39dd7e5798?s=96&d=mm&r=g\",\"contentUrl\":\"https:\\\/\\\/secure.gravatar.com\\\/avatar\\\/3ea2118a5f7dad2b7138b1187a6b7ee55f160b9968b66013c3a3ef39dd7e5798?s=96&d=mm&r=g\",\"caption\":\"Jeanette\"},\"sameAs\":[\"https:\\\/\\\/www.eldiario.net\\\/portal\"],\"url\":\"https:\\\/\\\/www.eldiario.net\\\/portal\\\/author\\\/jeanette\\\/\"}]}<\/script>\n<!-- \/ Yoast SEO plugin. -->","yoast_head_json":{"title":"Trufi y minib\u00fas vuelcan en el mismo lugar en Arque - El Diario - Bolivia","robots":{"index":"index","follow":"follow","max-snippet":"max-snippet:-1","max-image-preview":"max-image-preview:large","max-video-preview":"max-video-preview:-1"},"canonical":"https:\/\/www.eldiario.net\/portal\/2025\/04\/10\/trufi-y-minibus-vuelcan-en-el-mismo-lugar-en-arque\/","og_locale":"es_ES","og_type":"article","og_title":"Trufi y minib\u00fas vuelcan en el mismo lugar en Arque - El Diario - Bolivia","og_description":"Al menos 13 personas resultaron heridas tras el vuelco de dos veh\u00edculos en el municipio cochabambino de Arque, hechos que son investigados por la Polic\u00eda. Seg\u00fan informes preliminares, el trufi volc\u00f3 violentamente en plena v\u00eda cuando llevaba una decena de pasajeros a bordo, quedando pr\u00e1cticamente destruido y dejando heridos a sus ocupantes, de acuerdo con [&hellip;]","og_url":"https:\/\/www.eldiario.net\/portal\/2025\/04\/10\/trufi-y-minibus-vuelcan-en-el-mismo-lugar-en-arque\/","og_site_name":"El Diario - Bolivia","article_publisher":"https:\/\/www.facebook.com\/eldiario.bolivia\/","article_published_time":"2025-04-10T09:17:43+00:00","og_image":[{"width":1135,"height":545,"url":"https:\/\/www.eldiario.net\/portal\/wp-content\/uploads\/2025\/04\/ACC-FOTO.jpg","type":"image\/jpeg"}],"author":"Jeanette","twitter_card":"summary_large_image","twitter_creator":"@eldiario_net","twitter_site":"@eldiario_net","twitter_misc":{"Escrito por":"Jeanette","Tiempo de lectura":"1 minuto"},"schema":{"@context":"https:\/\/schema.org","@graph":[{"@type":"Article","@id":"https:\/\/www.eldiario.net\/portal\/2025\/04\/10\/trufi-y-minibus-vuelcan-en-el-mismo-lugar-en-arque\/#article","isPartOf":{"@id":"https:\/\/www.eldiario.net\/portal\/2025\/04\/10\/trufi-y-minibus-vuelcan-en-el-mismo-lugar-en-arque\/"},"author":{"name":"Jeanette","@id":"https:\/\/www.eldiario.net\/portal\/#\/schema\/person\/f46445640444750d7d753ccd04ae01b7"},"headline":"Trufi y minib\u00fas vuelcan en el mismo lugar en Arque","datePublished":"2025-04-10T09:17:43+00:00","mainEntityOfPage":{"@id":"https:\/\/www.eldiario.net\/portal\/2025\/04\/10\/trufi-y-minibus-vuelcan-en-el-mismo-lugar-en-arque\/"},"wordCount":171,"publisher":{"@id":"https:\/\/www.eldiario.net\/portal\/#organization"},"image":{"@id":"https:\/\/www.eldiario.net\/portal\/2025\/04\/10\/trufi-y-minibus-vuelcan-en-el-mismo-lugar-en-arque\/#primaryimage"},"thumbnailUrl":"https:\/\/www.eldiario.net\/portal\/wp-content\/uploads\/2025\/04\/ACC-FOTO.jpg","articleSection":["Sociedad - Seguridad"],"inLanguage":"es"},{"@type":"WebPage","@id":"https:\/\/www.eldiario.net\/portal\/2025\/04\/10\/trufi-y-minibus-vuelcan-en-el-mismo-lugar-en-arque\/","url":"https:\/\/www.eldiario.net\/portal\/2025\/04\/10\/trufi-y-minibus-vuelcan-en-el-mismo-lugar-en-arque\/","name":"Trufi y minib\u00fas vuelcan en el mismo lugar en Arque - El Diario - Bolivia","isPartOf":{"@id":"https:\/\/www.eldiario.net\/portal\/#website"},"primaryImageOfPage":{"@id":"https:\/\/www.eldiario.net\/portal\/2025\/04\/10\/trufi-y-minibus-vuelcan-en-el-mismo-lugar-en-arque\/#primaryimage"},"image":{"@id":"https:\/\/www.eldiario.net\/portal\/2025\/04\/10\/trufi-y-minibus-vuelcan-en-el-mismo-lugar-en-arque\/#primaryimage"},"thumbnailUrl":"https:\/\/www.eldiario.net\/portal\/wp-content\/uploads\/2025\/04\/ACC-FOTO.jpg","datePublished":"2025-04-10T09:17:43+00:00","breadcrumb":{"@id":"https:\/\/www.eldiario.net\/portal\/2025\/04\/10\/trufi-y-minibus-vuelcan-en-el-mismo-lugar-en-arque\/#breadcrumb"},"inLanguage":"es","potentialAction":[{"@type":"ReadAction","target":["https:\/\/www.eldiario.net\/portal\/2025\/04\/10\/trufi-y-minibus-vuelcan-en-el-mismo-lugar-en-arque\/"]}]},{"@type":"ImageObject","inLanguage":"es","@id":"https:\/\/www.eldiario.net\/portal\/2025\/04\/10\/trufi-y-minibus-vuelcan-en-el-mismo-lugar-en-arque\/#primaryimage","url":"https:\/\/www.eldiario.net\/portal\/wp-content\/uploads\/2025\/04\/ACC-FOTO.jpg","contentUrl":"https:\/\/www.eldiario.net\/portal\/wp-content\/uploads\/2025\/04\/ACC-FOTO.jpg","width":1135,"height":545,"caption":"Ambos veh\u00edculos volcaron en el mismo punto. Foto: Unitel"},{"@type":"BreadcrumbList","@id":"https:\/\/www.eldiario.net\/portal\/2025\/04\/10\/trufi-y-minibus-vuelcan-en-el-mismo-lugar-en-arque\/#breadcrumb","itemListElement":[{"@type":"ListItem","position":1,"name":"Portada","item":"https:\/\/www.eldiario.net\/portal\/"},{"@type":"ListItem","position":2,"name":"Trufi y minib\u00fas vuelcan en el mismo lugar en Arque"}]},{"@type":"WebSite","@id":"https:\/\/www.eldiario.net\/portal\/#website","url":"https:\/\/www.eldiario.net\/portal\/","name":"El Diario - Decano de la prensa nacional","description":"El Diario - Decano de la prensa nacional","publisher":{"@id":"https:\/\/www.eldiario.net\/portal\/#organization"},"potentialAction":[{"@type":"SearchAction","target":{"@type":"EntryPoint","urlTemplate":"https:\/\/www.eldiario.net\/portal\/?s={search_term_string}"},"query-input":{"@type":"PropertyValueSpecification","valueRequired":true,"valueName":"search_term_string"}}],"inLanguage":"es"},{"@type":"Organization","@id":"https:\/\/www.eldiario.net\/portal\/#organization","name":"El Diario - Decano de la prensa nacional","url":"https:\/\/www.eldiario.net\/portal\/","logo":{"@type":"ImageObject","inLanguage":"es","@id":"https:\/\/www.eldiario.net\/portal\/#\/schema\/logo\/image\/","url":"https:\/\/www.eldiario.net\/portal\/wp-content\/uploads\/2023\/07\/logo_ED.jpg","contentUrl":"https:\/\/www.eldiario.net\/portal\/wp-content\/uploads\/2023\/07\/logo_ED.jpg","width":272,"height":52,"caption":"El Diario - Decano de la prensa nacional"},"image":{"@id":"https:\/\/www.eldiario.net\/portal\/#\/schema\/logo\/image\/"},"sameAs":["https:\/\/www.facebook.com\/eldiario.bolivia\/","https:\/\/x.com\/eldiario_net"]},{"@type":"Person","@id":"https:\/\/www.eldiario.net\/portal\/#\/schema\/person\/f46445640444750d7d753ccd04ae01b7","name":"Jeanette","image":{"@type":"ImageObject","inLanguage":"es","@id":"https:\/\/secure.gravatar.com\/avatar\/3ea2118a5f7dad2b7138b1187a6b7ee55f160b9968b66013c3a3ef39dd7e5798?s=96&d=mm&r=g","url":"https:\/\/secure.gravatar.com\/avatar\/3ea2118a5f7dad2b7138b1187a6b7ee55f160b9968b66013c3a3ef39dd7e5798?s=96&d=mm&r=g","contentUrl":"https:\/\/secure.gravatar.com\/avatar\/3ea2118a5f7dad2b7138b1187a6b7ee55f160b9968b66013c3a3ef39dd7e5798?s=96&d=mm&r=g","caption":"Jeanette"},"sameAs":["https:\/\/www.eldiario.net\/portal"],"url":"https:\/\/www.eldiario.net\/portal\/author\/jeanette\/"}]}},"_links":{"self":[{"href":"https:\/\/www.eldiario.net\/portal\/wp-json\/wp\/v2\/posts\/294299","targetHints":{"allow":["GET"]}}],"collection":[{"href":"https:\/\/www.eldiario.net\/portal\/wp-json\/wp\/v2\/posts"}],"about":[{"href":"https:\/\/www.eldiario.net\/portal\/wp-json\/wp\/v2\/types\/post"}],"author":[{"embeddable":true,"href":"https:\/\/www.eldiario.net\/portal\/wp-json\/wp\/v2\/users\/1"}],"replies":[{"embeddable":true,"href":"https:\/\/www.eldiario.net\/portal\/wp-json\/wp\/v2\/comments?post=294299"}],"version-history":[{"count":1,"href":"https:\/\/www.eldiario.net\/portal\/wp-json\/wp\/v2\/posts\/294299\/revisions"}],"predecessor-version":[{"id":294301,"href":"https:\/\/www.eldiario.net\/portal\/wp-json\/wp\/v2\/posts\/294299\/revisions\/294301"}],"wp:featuredmedia":[{"embeddable":true,"href":"https:\/\/www.eldiario.net\/portal\/wp-json\/wp\/v2\/media\/294300"}],"wp:attachment":[{"href":"https:\/\/www.eldiario.net\/portal\/wp-json\/wp\/v2\/media?parent=294299"}],"wp:term":[{"taxonomy":"category","embeddable":true,"href":"https:\/\/www.eldiario.net\/portal\/wp-json\/wp\/v2\/categories?post=294299"},{"taxonomy":"post_tag","embeddable":true,"href":"https:\/\/www.eldiario.net\/portal\/wp-json\/wp\/v2\/tags?post=294299"}],"curies":[{"name":"wp","href":"https:\/\/api.w.org\/{rel}","templated":true}]}}